{"id":7733,"date":"2010-03-08T12:10:05","date_gmt":"2010-03-08T11:10:05","guid":{"rendered":"http:\/\/blog.infoempleo.com\/?p=7733"},"modified":"2018-05-23T17:52:18","modified_gmt":"2018-05-23T15:52:18","slug":"la-falta-de-comunicacion-la-peor-enfermedad-de-la-empresa","status":"publish","type":"post","link":"https:\/\/empresas.infoempleo.com\/hrtrends\/la-falta-de-comunicacion-la-peor-enfermedad-de-la-empresa\/","title":{"rendered":"La falta de comunicaci\u00f3n, la peor enfermedad de la empresa"},"content":{"rendered":"<p>Hacer un examen de conciencia, ese es el principal objetivo del ranking elaborado por el<a title=\"Link CEF\" href=\"https:\/\/www.cef.es\/\"> Centro de Estudios Financieros (CEF) <\/a>a partir de una encuesta en la que han participado 1.440 de sus alumnos. \u00abPretendemos que las organizaciones realicen un examen de conciencia que les permita diagnosticar sus propios s\u00edntomas \u2014comenta \u00c1ngel Fern\u00e1ndez, psic\u00f3logo,\u00a0 profesor del M\u00e1ster en Direcci\u00f3n de RRHH del CEF y responsable del estudio\u2014 a fin de aplicar el ant\u00eddoto antes de que la enfermedad sea grave\u00bb.<\/p>\n<p>Y en este diagn\u00f3stico, la principal causa de enfermedad es la falta de comunicaci\u00f3n, seguida de la dsmotivaci\u00f3n y la mala organizaci\u00f3n en el trabajo. Sin embargo, como en medicina no hay enfermedades, sino enfermos, esta clasificaci\u00f3n var\u00eda seg\u00fan en que caso. Por ejemplo, la edad es la variable que mayores diferencias registra en la toxina \u00absalario\u00bb (se\u00f1alada por el 63% de los encuestados entre 18 y 22 a\u00f1os, y por el 32% de los de entre 28 y 32 a\u00f1os) y la de\u00a0 &#8216;rumores&#8217; (54% entre los de 18 y 22 a\u00f1os y 28% entre los de 28 y 32 a\u00f1os). Seg\u00fan el profesor \u00c1ngel Fern\u00e1ndez, esto es debido a que \u00ablos j\u00f3venes suelen ser m\u00e1s criticos. A las personas m\u00e1s j\u00f3venes su inmersi\u00f3n laboral les supone un fuerte choque entre su idea previa de empresa y su primera experiencia laboral. Tambi\u00e9n indica que la nueva generaci\u00f3n es m\u00e1s exigente con el modo de gestionar organizaciones\u00bb.<\/p>\n<p>A\u00fan as\u00ed, y aunque todo hay matices,<strong> los principales males son comunes a todas las edades y generos&#8230;<\/strong><\/p>\n<p>1\u00ba. La mala comunicaci\u00f3n interna (62%).<\/p>\n<p>2\u00ba. La desmotivaci\u00f3n de los empleados (51%).<\/p>\n<p>3\u00ba. La mala organizaci\u00f3n del trabajo (49%).<\/p>\n<p>4\u00ba. La incompetencia como l\u00edderes de los directivos (39%).<\/p>\n<p>5\u00ba. La deficiente distribuci\u00f3n de tareas (39%).<\/p>\n<p>6\u00ba. La desconfianza de los jefes hacia los empleados (35%).<\/p>\n<p>7\u00ba. El salario igual, sin tener en cuenta el rendimiento individual (35%).<\/p>\n<p>8\u00ba. El conformismo o apoltronamiento de los empleados (34%).<\/p>\n<p>9\u00ba. La imposibilidad de desarrollar una carrera profesional (33%).<\/p>\n<p>10\u00ba. Los rumores (32%).<\/p>\n<h3>Diferencias<\/h3>\n<p>La edad es la variable que mayores diferencias registra en la toxina: \u201cel salario igual, sin tener en cuenta el rendimiento individual\u201d (se\u00f1alada por el 63% de los encuestados\u00a0 entre 18-22 a\u00f1os y por el 32% entre los de 28-32 a\u00f1os) y\u00a0 \u201clos rumores\u201d (54% entre los de 18-22 a\u00f1os y 28% entre los de 28-32 a\u00f1os). Seg\u00fan el profesor \u00c1ngel Fern\u00e1ndez esto es debido a que \u201cLos j\u00f3venes suelen ser m\u00e1s cr\u00edticos. A las personas m\u00e1s j\u00f3venes su inmersi\u00f3n laboral les supone un fuerte choque entre su idea previa de empresa y su primera experiencia laboral. Tambi\u00e9n indica que la nueva generaci\u00f3n es m\u00e1s exigente con el modo de gestionar organizaciones\u201d.<\/p>\n<h3>Los encuestados<\/h3>\n<p>De las 1.440 encuestas realizadas, el 82% procede de Espa\u00f1a, mientras que en el 18% restante hay respuestas de otros 28 pa\u00edses, destacando los hispanohablantes (Colombia, M\u00e9jico, Per\u00fa, Argentina, Chile, Guatemala, Ecuador, Venezuela, etc.). Ocho de cada diez encuestados poseen formaci\u00f3n universitaria. El 43% de la muestra tienen trabajadores a su cargo (y por tanto, ellos mismos son responsables, en alguna medida, de la salud de su empresa). Casi todas las respuestas proceden de t\u00e9cnicos o trabajadores cualificados (49%) o de directivos o profesionales (44%). Las compa\u00f1\u00edas en las que trabajan la mayor\u00eda de estos profesionales tienen menos de 100 empleados (54%). Por \u00faltimo, han respondido m\u00e1s hombres que mujeres (49% a 45%, respectivamente), mayores de 18 a\u00f1os todos ellos.<\/p>\n<h3>La encuesta<\/h3>\n<p>Esta encuesta ofrec\u00eda a los encuestados una lista de 32 posibles toxinas laborales, de las cuales se pidi\u00f3 a los encuestados que escogieran 10. No se pidi\u00f3 a los entrevistados una respuesta gen\u00e9rica o filos\u00f3fica acerca de lo que ellos consideraban que pod\u00eda ser nocivo para la empresa, sino que se les ped\u00eda una contestaci\u00f3n basada en la experiencia propia, es decir, que se\u00f1alaran aquellas toxinas que identificaran como presentes sus actuales empresas. <strong><\/strong><\/p>\n<h3>Sobre el CEF<\/h3>\n<p>El CEF (Centro de Estudios Financieros) es un centro de formaci\u00f3n privado y escuela de negocios pionero en Espa\u00f1a. Con gran tradici\u00f3n y un prestigio s\u00f3lidamente consolidado dentro del panorama formativo y editorial de nuestro pa\u00eds, el CEF inici\u00f3 su andadura en 1977. Desde entonces ha venido desarrollando diversos campos de formaci\u00f3n de primer nivel dirigidos a profesionales del \u00e1mbito p\u00fablico y privado. Entre sus \u00e1reas de actividad se encuentran la preparaci\u00f3n de oposiciones, los M\u00e1ster y cursos de post-grado, la formaci\u00f3n para empresas y las publicaciones especializadas.\u00a0 A lo largo de sus 33 a\u00f1os de existencia m\u00e1s de 300.000 alumnos han pasado por sus aulas. El CEF es, asimismo, el principal promotor de la UDIMA.<\/p>\n","protected":false},"excerpt":{"rendered":"<p>Hacer un examen de conciencia, ese es el principal objetivo del ranking elaborado por el Centro de Estudios<a class=\"moretag\" href=\"https:\/\/empresas.infoempleo.com\/hrtrends\/la-falta-de-comunicacion-la-peor-enfermedad-de-la-empresa\/\"> Leer m\u00e1s<\/a><\/p>\n","protected":false},"author":35,"featured_media":29665,"comment_status":"closed","ping_status":"open","sticky":false,"template":"","format":"standard","meta":{"footnotes":""},"categories":[3],"tags":[1090,570,1049,1247],"class_list":["post-7733","post","type-post","status-publish","format-standard","has-post-thumbnail","hentry","category-actualidad","tag-cef","tag-comunicacion-interna","tag-empleados","tag-males"],"yoast_head":"<!-- This site is optimized with the Yoast SEO plugin v26.1.1 - https:\/\/yoast.com\/wordpress\/plugins\/seo\/ -->\n<title>La falta de comunicaci\u00f3n, la peor enfermedad de la empresa | HRTRENDS<\/title>\n<meta name=\"robots\" content=\"index, follow, max-snippet:-1, max-image-preview:large, max-video-preview:-1\" \/>\n<link rel=\"canonical\" href=\"https:\/\/empresas.infoempleo.com\/hrtrends\/la-falta-de-comunicacion-la-peor-enfermedad-de-la-empresa\/\" \/>\n<meta property=\"og:locale\" content=\"es_ES\" \/>\n<meta property=\"og:type\" content=\"article\" \/>\n<meta property=\"og:title\" content=\"La falta de comunicaci\u00f3n, la peor enfermedad de la empresa | HRTRENDS\" \/>\n<meta property=\"og:description\" content=\"Hacer un examen de conciencia, ese es el principal objetivo del ranking elaborado por el Centro de Estudios Leer m\u00e1s\" \/>\n<meta property=\"og:url\" content=\"https:\/\/empresas.infoempleo.com\/hrtrends\/la-falta-de-comunicacion-la-peor-enfermedad-de-la-empresa\/\" \/>\n<meta property=\"og:site_name\" content=\"HRTRENDS\" \/>\n<meta property=\"article:publisher\" content=\"https:\/\/www.facebook.com\/Infoempleo\" \/>\n<meta property=\"article:published_time\" content=\"2010-03-08T11:10:05+00:00\" \/>\n<meta property=\"article:modified_time\" content=\"2018-05-23T15:52:18+00:00\" \/>\n<meta property=\"og:image\" content=\"https:\/\/empresas.infoempleo.com\/hrtrends\/media\/2017\/05\/pexels-photo-205508.jpg\" \/>\n\t<meta property=\"og:image:width\" content=\"1280\" \/>\n\t<meta property=\"og:image:height\" content=\"960\" \/>\n\t<meta property=\"og:image:type\" content=\"image\/jpeg\" \/>\n<meta name=\"author\" content=\"Laura de Cubas\" \/>\n<meta name=\"twitter:card\" content=\"summary_large_image\" \/>\n<meta name=\"twitter:creator\" content=\"@infoempleo\" \/>\n<meta name=\"twitter:site\" content=\"@infoempleo\" \/>\n<meta name=\"twitter:label1\" content=\"Escrito por\" \/>\n\t<meta name=\"twitter:data1\" content=\"Laura de Cubas\" \/>\n\t<meta name=\"twitter:label2\" content=\"Tiempo de lectura\" \/>\n\t<meta name=\"twitter:data2\" content=\"4 minutos\" \/>\n<script type=\"application\/ld+json\" class=\"yoast-schema-graph\">{\"@context\":\"https:\/\/schema.org\",\"@graph\":[{\"@type\":\"NewsArticle\",\"@id\":\"https:\/\/empresas.infoempleo.com\/hrtrends\/la-falta-de-comunicacion-la-peor-enfermedad-de-la-empresa\/#article\",\"isPartOf\":{\"@id\":\"https:\/\/empresas.infoempleo.com\/hrtrends\/la-falta-de-comunicacion-la-peor-enfermedad-de-la-empresa\/\"},\"author\":{\"name\":\"Laura de Cubas\",\"@id\":\"https:\/\/empresas.infoempleo.com\/hrtrends\/#\/schema\/person\/eee830fc2082cd3b52302e59ea0d2c05\"},\"headline\":\"La falta de comunicaci\u00f3n, la peor enfermedad de la empresa\",\"datePublished\":\"2010-03-08T11:10:05+00:00\",\"dateModified\":\"2018-05-23T15:52:18+00:00\",\"mainEntityOfPage\":{\"@id\":\"https:\/\/empresas.infoempleo.com\/hrtrends\/la-falta-de-comunicacion-la-peor-enfermedad-de-la-empresa\/\"},\"wordCount\":799,\"publisher\":{\"@id\":\"https:\/\/empresas.infoempleo.com\/hrtrends\/#organization\"},\"image\":{\"@id\":\"https:\/\/empresas.infoempleo.com\/hrtrends\/la-falta-de-comunicacion-la-peor-enfermedad-de-la-empresa\/#primaryimage\"},\"thumbnailUrl\":\"https:\/\/empresas.infoempleo.com\/hrtrends\/media\/2017\/05\/pexels-photo-205508.jpg\",\"keywords\":[\"CEF\",\"comunicaci\u00f3n interna\",\"empleados\",\"males\"],\"articleSection\":[\"Actualidad\"],\"inLanguage\":\"es\",\"copyrightYear\":\"2010\",\"copyrightHolder\":{\"@id\":\"https:\/\/empresas.infoempleo.com\/hrtrends\/#organization\"}},{\"@type\":\"WebPage\",\"@id\":\"https:\/\/empresas.infoempleo.com\/hrtrends\/la-falta-de-comunicacion-la-peor-enfermedad-de-la-empresa\/\",\"url\":\"https:\/\/empresas.infoempleo.com\/hrtrends\/la-falta-de-comunicacion-la-peor-enfermedad-de-la-empresa\/\",\"name\":\"La falta de comunicaci\u00f3n, la peor enfermedad de la empresa | HRTRENDS\",\"isPartOf\":{\"@id\":\"https:\/\/empresas.infoempleo.com\/hrtrends\/#website\"},\"primaryImageOfPage\":{\"@id\":\"https:\/\/empresas.infoempleo.com\/hrtrends\/la-falta-de-comunicacion-la-peor-enfermedad-de-la-empresa\/#primaryimage\"},\"image\":{\"@id\":\"https:\/\/empresas.infoempleo.com\/hrtrends\/la-falta-de-comunicacion-la-peor-enfermedad-de-la-empresa\/#primaryimage\"},\"thumbnailUrl\":\"https:\/\/empresas.infoempleo.com\/hrtrends\/media\/2017\/05\/pexels-photo-205508.jpg\",\"datePublished\":\"2010-03-08T11:10:05+00:00\",\"dateModified\":\"2018-05-23T15:52:18+00:00\",\"breadcrumb\":{\"@id\":\"https:\/\/empresas.infoempleo.com\/hrtrends\/la-falta-de-comunicacion-la-peor-enfermedad-de-la-empresa\/#breadcrumb\"},\"inLanguage\":\"es\",\"potentialAction\":[{\"@type\":\"ReadAction\",\"target\":[\"https:\/\/empresas.infoempleo.com\/hrtrends\/la-falta-de-comunicacion-la-peor-enfermedad-de-la-empresa\/\"]}]},{\"@type\":\"ImageObject\",\"inLanguage\":\"es\",\"@id\":\"https:\/\/empresas.infoempleo.com\/hrtrends\/la-falta-de-comunicacion-la-peor-enfermedad-de-la-empresa\/#primaryimage\",\"url\":\"https:\/\/empresas.infoempleo.com\/hrtrends\/media\/2017\/05\/pexels-photo-205508-150x150.jpg\",\"contentUrl\":\"https:\/\/empresas.infoempleo.com\/hrtrends\/media\/2017\/05\/pexels-photo-205508-150x150.jpg\",\"width\":150,\"height\":150},{\"@type\":\"BreadcrumbList\",\"@id\":\"https:\/\/empresas.infoempleo.com\/hrtrends\/la-falta-de-comunicacion-la-peor-enfermedad-de-la-empresa\/#breadcrumb\",\"itemListElement\":[{\"@type\":\"ListItem\",\"position\":1,\"name\":\"Portada\",\"item\":\"https:\/\/empresas.infoempleo.com\/hrtrends\/\"},{\"@type\":\"ListItem\",\"position\":2,\"name\":\"La falta de comunicaci\u00f3n, la peor enfermedad de la empresa\"}]},{\"@type\":\"WebSite\",\"@id\":\"https:\/\/empresas.infoempleo.com\/hrtrends\/#website\",\"url\":\"https:\/\/empresas.infoempleo.com\/hrtrends\",\"name\":\"HRTrends by Infoempleo\",\"description\":\"\",\"publisher\":{\"@id\":\"https:\/\/empresas.infoempleo.com\/hrtrends\/#organization\"},\"potentialAction\":{\"@type\":\"SearchAction\",\"target\":\"https:\/\/empresas.infoempleo.com\/hrtrends\/?s={search_term_string}\",\"query-input\":\"required name=search_term_string\"},\"inLanguage\":\"es\"},{\"@type\":\"Organization\",\"@id\":\"https:\/\/empresas.infoempleo.com\/hrtrends\/#organization\",\"name\":\"Infoempleo\",\"url\":\"https:\/\/www.infoempleo.com\/\",\"logo\":{\"@type\":\"ImageObject\",\"@id\":\"https:\/\/empresas.infoempleo.com\/hrtrends\/#logo\",\"inLanguage\":\"es\",\"url\":\"https:\/\/cdnazure.infoempleo.com\/infoempleo\/assets\/style\/gfx\/logo.svg\",\"contentUrl\":\"https:\/\/cdnazure.infoempleo.com\/infoempleo\/assets\/style\/gfx\/logo.svg\",\"width\":150,\"height\":40,\"caption\":\"Infoempleo\"},\"image\":{\"@id\":\"https:\/\/empresas.infoempleo.com\/hrtrends\/#logo\"},\"sameAs\":[\"https:\/\/www.facebook.com\/Infoempleo\",\"https:\/\/x.com\/infoempleo\",\"http:\/\/instagram.com\/infoempleo\/\",\"http:\/\/www.linkedin.com\/groups\/Empleo-Espa\u00f1a-Infoempleocom-111276\",\"http:\/\/pinterest.com\/infoempleo\/\"],\"address\":{\"@type\":\"PostalAddress\",\"addressLocality\":\"Madrid\",\"postalCode\":\"28050\",\"streetAddress\":\"Avenida de Burgos 114\"},\"brand\":[\"Infoempleo\"]},{\"@type\":\"Person\",\"@id\":\"https:\/\/empresas.infoempleo.com\/hrtrends\/#\/schema\/person\/eee830fc2082cd3b52302e59ea0d2c05\",\"name\":\"Laura de Cubas\",\"image\":{\"@type\":\"ImageObject\",\"inLanguage\":\"es\",\"@id\":\"https:\/\/empresas.infoempleo.com\/hrtrends\/#\/schema\/person\/image\/\",\"url\":\"https:\/\/secure.gravatar.com\/avatar\/c13d88dcd67943e13f74372e711c3ba2accf296b195ba5dd59566bd5f5df94c8?s=96&d=mm&r=g\",\"contentUrl\":\"https:\/\/secure.gravatar.com\/avatar\/c13d88dcd67943e13f74372e711c3ba2accf296b195ba5dd59566bd5f5df94c8?s=96&d=mm&r=g\",\"caption\":\"Laura de Cubas\"},\"url\":\"https:\/\/empresas.infoempleo.com\/hrtrends\/author\/laura-de-cubas\/\"}]}<\/script>\n<!-- \/ Yoast SEO plugin. -->","yoast_head_json":{"title":"La falta de comunicaci\u00f3n, la peor enfermedad de la empresa | HRTRENDS","robots":{"index":"index","follow":"follow","max-snippet":"max-snippet:-1","max-image-preview":"max-image-preview:large","max-video-preview":"max-video-preview:-1"},"canonical":"https:\/\/empresas.infoempleo.com\/hrtrends\/la-falta-de-comunicacion-la-peor-enfermedad-de-la-empresa\/","og_locale":"es_ES","og_type":"article","og_title":"La falta de comunicaci\u00f3n, la peor enfermedad de la empresa | HRTRENDS","og_description":"Hacer un examen de conciencia, ese es el principal objetivo del ranking elaborado por el Centro de Estudios Leer m\u00e1s","og_url":"https:\/\/empresas.infoempleo.com\/hrtrends\/la-falta-de-comunicacion-la-peor-enfermedad-de-la-empresa\/","og_site_name":"HRTRENDS","article_publisher":"https:\/\/www.facebook.com\/Infoempleo","article_published_time":"2010-03-08T11:10:05+00:00","article_modified_time":"2018-05-23T15:52:18+00:00","og_image":[{"width":1280,"height":960,"url":"https:\/\/empresas.infoempleo.com\/hrtrends\/media\/2017\/05\/pexels-photo-205508.jpg","type":"image\/jpeg"}],"author":"Laura de Cubas","twitter_card":"summary_large_image","twitter_creator":"@infoempleo","twitter_site":"@infoempleo","twitter_misc":{"Escrito por":"Laura de Cubas","Tiempo de lectura":"4 minutos"},"schema":{"@context":"https:\/\/schema.org","@graph":[{"@type":"NewsArticle","@id":"https:\/\/empresas.infoempleo.com\/hrtrends\/la-falta-de-comunicacion-la-peor-enfermedad-de-la-empresa\/#article","isPartOf":{"@id":"https:\/\/empresas.infoempleo.com\/hrtrends\/la-falta-de-comunicacion-la-peor-enfermedad-de-la-empresa\/"},"author":{"name":"Laura de Cubas","@id":"https:\/\/empresas.infoempleo.com\/hrtrends\/#\/schema\/person\/eee830fc2082cd3b52302e59ea0d2c05"},"headline":"La falta de comunicaci\u00f3n, la peor enfermedad de la empresa","datePublished":"2010-03-08T11:10:05+00:00","dateModified":"2018-05-23T15:52:18+00:00","mainEntityOfPage":{"@id":"https:\/\/empresas.infoempleo.com\/hrtrends\/la-falta-de-comunicacion-la-peor-enfermedad-de-la-empresa\/"},"wordCount":799,"publisher":{"@id":"https:\/\/empresas.infoempleo.com\/hrtrends\/#organization"},"image":{"@id":"https:\/\/empresas.infoempleo.com\/hrtrends\/la-falta-de-comunicacion-la-peor-enfermedad-de-la-empresa\/#primaryimage"},"thumbnailUrl":"https:\/\/empresas.infoempleo.com\/hrtrends\/media\/2017\/05\/pexels-photo-205508.jpg","keywords":["CEF","comunicaci\u00f3n interna","empleados","males"],"articleSection":["Actualidad"],"inLanguage":"es","copyrightYear":"2010","copyrightHolder":{"@id":"https:\/\/empresas.infoempleo.com\/hrtrends\/#organization"}},{"@type":"WebPage","@id":"https:\/\/empresas.infoempleo.com\/hrtrends\/la-falta-de-comunicacion-la-peor-enfermedad-de-la-empresa\/","url":"https:\/\/empresas.infoempleo.com\/hrtrends\/la-falta-de-comunicacion-la-peor-enfermedad-de-la-empresa\/","name":"La falta de comunicaci\u00f3n, la peor enfermedad de la empresa | HRTRENDS","isPartOf":{"@id":"https:\/\/empresas.infoempleo.com\/hrtrends\/#website"},"primaryImageOfPage":{"@id":"https:\/\/empresas.infoempleo.com\/hrtrends\/la-falta-de-comunicacion-la-peor-enfermedad-de-la-empresa\/#primaryimage"},"image":{"@id":"https:\/\/empresas.infoempleo.com\/hrtrends\/la-falta-de-comunicacion-la-peor-enfermedad-de-la-empresa\/#primaryimage"},"thumbnailUrl":"https:\/\/empresas.infoempleo.com\/hrtrends\/media\/2017\/05\/pexels-photo-205508.jpg","datePublished":"2010-03-08T11:10:05+00:00","dateModified":"2018-05-23T15:52:18+00:00","breadcrumb":{"@id":"https:\/\/empresas.infoempleo.com\/hrtrends\/la-falta-de-comunicacion-la-peor-enfermedad-de-la-empresa\/#breadcrumb"},"inLanguage":"es","potentialAction":[{"@type":"ReadAction","target":["https:\/\/empresas.infoempleo.com\/hrtrends\/la-falta-de-comunicacion-la-peor-enfermedad-de-la-empresa\/"]}]},{"@type":"ImageObject","inLanguage":"es","@id":"https:\/\/empresas.infoempleo.com\/hrtrends\/la-falta-de-comunicacion-la-peor-enfermedad-de-la-empresa\/#primaryimage","url":"https:\/\/empresas.infoempleo.com\/hrtrends\/media\/2017\/05\/pexels-photo-205508-150x150.jpg","contentUrl":"https:\/\/empresas.infoempleo.com\/hrtrends\/media\/2017\/05\/pexels-photo-205508-150x150.jpg","width":150,"height":150},{"@type":"BreadcrumbList","@id":"https:\/\/empresas.infoempleo.com\/hrtrends\/la-falta-de-comunicacion-la-peor-enfermedad-de-la-empresa\/#breadcrumb","itemListElement":[{"@type":"ListItem","position":1,"name":"Portada","item":"https:\/\/empresas.infoempleo.com\/hrtrends\/"},{"@type":"ListItem","position":2,"name":"La falta de comunicaci\u00f3n, la peor enfermedad de la empresa"}]},{"@type":"WebSite","@id":"https:\/\/empresas.infoempleo.com\/hrtrends\/#website","url":"https:\/\/empresas.infoempleo.com\/hrtrends","name":"HRTrends by Infoempleo","description":"","publisher":{"@id":"https:\/\/empresas.infoempleo.com\/hrtrends\/#organization"},"potentialAction":{"@type":"SearchAction","target":"https:\/\/empresas.infoempleo.com\/hrtrends\/?s={search_term_string}","query-input":"required name=search_term_string"},"inLanguage":"es"},{"@type":"Organization","@id":"https:\/\/empresas.infoempleo.com\/hrtrends\/#organization","name":"Infoempleo","url":"https:\/\/www.infoempleo.com\/","logo":{"@type":"ImageObject","@id":"https:\/\/empresas.infoempleo.com\/hrtrends\/#logo","inLanguage":"es","url":"https:\/\/cdnazure.infoempleo.com\/infoempleo\/assets\/style\/gfx\/logo.svg","contentUrl":"https:\/\/cdnazure.infoempleo.com\/infoempleo\/assets\/style\/gfx\/logo.svg","width":150,"height":40,"caption":"Infoempleo"},"image":{"@id":"https:\/\/empresas.infoempleo.com\/hrtrends\/#logo"},"sameAs":["https:\/\/www.facebook.com\/Infoempleo","https:\/\/x.com\/infoempleo","http:\/\/instagram.com\/infoempleo\/","http:\/\/www.linkedin.com\/groups\/Empleo-Espa\u00f1a-Infoempleocom-111276","http:\/\/pinterest.com\/infoempleo\/"],"address":{"@type":"PostalAddress","addressLocality":"Madrid","postalCode":"28050","streetAddress":"Avenida de Burgos 114"},"brand":["Infoempleo"]},{"@type":"Person","@id":"https:\/\/empresas.infoempleo.com\/hrtrends\/#\/schema\/person\/eee830fc2082cd3b52302e59ea0d2c05","name":"Laura de Cubas","image":{"@type":"ImageObject","inLanguage":"es","@id":"https:\/\/empresas.infoempleo.com\/hrtrends\/#\/schema\/person\/image\/","url":"https:\/\/secure.gravatar.com\/avatar\/c13d88dcd67943e13f74372e711c3ba2accf296b195ba5dd59566bd5f5df94c8?s=96&d=mm&r=g","contentUrl":"https:\/\/secure.gravatar.com\/avatar\/c13d88dcd67943e13f74372e711c3ba2accf296b195ba5dd59566bd5f5df94c8?s=96&d=mm&r=g","caption":"Laura de Cubas"},"url":"https:\/\/empresas.infoempleo.com\/hrtrends\/author\/laura-de-cubas\/"}]}},"amp_enabled":true,"_links":{"self":[{"href":"https:\/\/empresas.infoempleo.com\/hrtrends\/wp-json\/wp\/v2\/posts\/7733","targetHints":{"allow":["GET"]}}],"collection":[{"href":"https:\/\/empresas.infoempleo.com\/hrtrends\/wp-json\/wp\/v2\/posts"}],"about":[{"href":"https:\/\/empresas.infoempleo.com\/hrtrends\/wp-json\/wp\/v2\/types\/post"}],"author":[{"embeddable":true,"href":"https:\/\/empresas.infoempleo.com\/hrtrends\/wp-json\/wp\/v2\/users\/35"}],"replies":[{"embeddable":true,"href":"https:\/\/empresas.infoempleo.com\/hrtrends\/wp-json\/wp\/v2\/comments?post=7733"}],"version-history":[{"count":0,"href":"https:\/\/empresas.infoempleo.com\/hrtrends\/wp-json\/wp\/v2\/posts\/7733\/revisions"}],"wp:featuredmedia":[{"embeddable":true,"href":"https:\/\/empresas.infoempleo.com\/hrtrends\/wp-json\/wp\/v2\/media\/29665"}],"wp:attachment":[{"href":"https:\/\/empresas.infoempleo.com\/hrtrends\/wp-json\/wp\/v2\/media?parent=7733"}],"wp:term":[{"taxonomy":"category","embeddable":true,"href":"https:\/\/empresas.infoempleo.com\/hrtrends\/wp-json\/wp\/v2\/categories?post=7733"},{"taxonomy":"post_tag","embeddable":true,"href":"https:\/\/empresas.infoempleo.com\/hrtrends\/wp-json\/wp\/v2\/tags?post=7733"}],"curies":[{"name":"wp","href":"https:\/\/api.w.org\/{rel}","templated":true}]}}