{"id":7673,"date":"2010-03-08T10:45:07","date_gmt":"2010-03-08T09:45:07","guid":{"rendered":"http:\/\/blog.infoempleo.com\/?p=7673"},"modified":"2023-03-13T19:35:45","modified_gmt":"2023-03-13T17:35:45","slug":"el-informe-infoempleo-analiza-el-mercado-laboral-del-ultimo-ano","status":"publish","type":"post","link":"https:\/\/empresas.infoempleo.com\/hrtrends\/el-informe-infoempleo-analiza-el-mercado-laboral-del-ultimo-ano\/","title":{"rendered":"El Informe Infoempleo analiza el mercado laboral del \u00faltimo a\u00f1o"},"content":{"rendered":"<p style=\"text-align: center\">\n<p>\u00a0<\/p>\n<p>\u00abVivimos uno de los momentos m\u00e1s transformadores de nuestra historia, y eso requiere un cambio en las maneras de producir, de trabajar y de buscar empleo\u00bb. Las palabras de <strong><a class=\"wp-caption-dd\" title=\"Maravillas Rojo\" href=\"http:\/\/www.tt.mtas.es\/periodico\/biografias\/bio_SecGralEmpleo.htm\" target=\"_blank\" rel=\"noopener\">Maravillas Rojo<\/a><\/strong>, secretaria general de Empleo, resumen a la perfecci\u00f3n el esp\u00edritu que prevaleci\u00f3 en la presentaci\u00f3n de la \u00faltima edici\u00f3n del <strong>\u2018Informe Infoempleo\u2019<\/strong>, una <strong>pormenorizada radiograf\u00eda del mercado de trabajo cualificado<\/strong> que este a\u00f1o incluye, adem\u00e1s, un an\u00e1lisis de los puestos no cualificados y un cap\u00edtulo de previsiones laborales para 2011.<\/p>\n<p>Pese a que en el \u00faltimo a\u00f1o la ca\u00edda de la oferta se cifr\u00f3 en un 16%, el director de Prospectiva y Consultor\u00eda de Infoempleo, <strong>Salvador Arag\u00f3n<\/strong>, advirti\u00f3 que \u00ablo peor ha pasado ya\u00bb. \u00abEs el momento de sacar lo mejor de nosotros mismos\u00bb, apostill\u00f3 <strong>Santiago Soler<\/strong>, secretario general de <a class=\"wp-caption-dd\" title=\"Adecco\" href=\"https:\/\/www.adecco.es\/error.html\" target=\"_blank\" rel=\"noopener\">Adecco<\/a>, empresa que ha colaborado con Infoempleo en la realizaci\u00f3n del informe.<\/p>\n<p>La presidenta de Infoempleo, por su parte, hizo hincapi\u00e9 en la necesidad de caminar <strong>hacia un \u00abmercado laboral m\u00e1s eficiente donde empresas y candidatos encuentren su lugar\u00bb<\/strong>. En el nuevo escenario que plantea el informe y que record\u00f3 <strong>Mar\u00eda Benjumea<\/strong>, los sectores m\u00e1s intensivos en conocimiento y tecnolog\u00eda, como la consultor\u00eda y el farmac\u00e9utico, llevar\u00edan la delantera a otros de corte m\u00e1s tradicional.<\/p>\n<p>De momento, en el mercado de trabajo que nos ha dejado 2009, <strong>el sector de consultor\u00eda se ha convertido en el primer demandante de profesiona<\/strong>les de Espa\u00f1a, mientras construcci\u00f3n, que por primera vez en siete a\u00f1os no lidera el \u2018ranking\u2019 de sectores, reduce cinco puntos porcentuales su participaci\u00f3n en el conjunto de la oferta.<\/p>\n<p>Entre las comunidades aut\u00f3nomas, 2009 ha favorecido a <strong>Madrid, que vuelve a liderar la creaci\u00f3n de empleo<\/strong>, Pa\u00eds Vasco, que ha protagonizado el mayor ascenso de la tabla, Galicia, Asturias y Navarra. Catalu\u00f1a, Andaluc\u00eda y Valencia son algunas de las autonom\u00edas que terminaron el a\u00f1o con retrocesos.<\/p>\n<p>Tampoco 2009 fue un buen a\u00f1o para el \u00e1rea de producci\u00f3n, que ha perdido la primera posici\u00f3n en el \u2018ranking\u2019 por departamentos de la empresa. En su lugar se acomoda ahora el \u00e1rea <strong>comercial, origen de casi el 30% de las ofertas generadas<\/strong>.<\/p>\n<p>Dado que el \u2018Informe Infoempleo\u2019 analiza todos los requisitos que aparecen en las ofertas de empleo, tambi\u00e9n ofrece detallada informaci\u00f3n en torno a los profesionales m\u00e1s demandados. Puestos a enumerar los <strong>atributos del candidato estrella<\/strong>, Salvador Arag\u00f3n indic\u00f3 que se trata de un titulado universitario de la rama t\u00e9cnica que tiene entre 26 y 30 a\u00f1os, cuenta con entre tres y cinco a\u00f1os de experiencia, sabe idiomas y ha estudiado un postgrado. \u00abEn los escenarios de futuro que plantea Infoempleo aparece un nuevo candidato que es capaz de gestionar su carrera y su marca\u00bb, a\u00f1adi\u00f3 Benjumea.<\/p>\n<p>Maravillas Rojo, por su parte, tambi\u00e9n insisti\u00f3 en la figura de un nuevo profesional que sit\u00fae sus competencias y capacidades por encima de los t\u00edtulos, aunque sin eludir la importancia de la formaci\u00f3n. <strong>\u00abEl 82% del empleo en Europa ser\u00e1 cualificado<\/strong>, e incluso el no cualificado dejar\u00e1 de ser rutinario. El perfil emergente en ese mercado es el de una mujer que trabaja a tiempo flexible y en el sector servicios\u00bb, avanz\u00f3 Rojo, que tambi\u00e9n anim\u00f3 a buscar empleo en sectores h\u00edbridos \u2014como el de la biotecnolog\u00eda o el agroturismo\u2014 y recalc\u00f3 los cambios que se avecinan en la intermediaci\u00f3n laboral, en la que destac\u00f3 el papel de Internet, <strong>\u00abm\u00e1s del 60% de los que buscan empleo lo hacen a trav\u00e9s de la Red\u00bb<\/strong>. \u00abCambia el mundo y, con \u00e9l, la manera de buscar empleo. Los medios p\u00fablicos, los privados e Internet estamos llamados a complementarnos; as\u00ed ganamos todos\u00bb, concluy\u00f3.<\/p>\n","protected":false},"excerpt":{"rendered":"<p>La m\u00e1s completa radiograf\u00eda del empleo cualificado muestra la pujanza del sector de la consultor\u00eda y el despegue el \u00e1rea comercial en el conjunto de la oferta.<\/p>\n","protected":false},"author":72,"featured_media":29665,"comment_status":"closed","ping_status":"open","sticky":false,"template":"","format":"standard","meta":{"footnotes":""},"categories":[3],"tags":[159,472,473,184,462,41,48,318,482,1240,185,1069,169,476,1241,1242,1243],"class_list":["post-7673","post","type-post","status-publish","format-standard","has-post-thumbnail","hentry","category-actualidad","tag-adecco","tag-cataluna","tag-comercial","tag-comunidades-autonomas","tag-construccion","tag-consultoria","tag-crisis","tag-empleo-cualificado","tag-infoempleo","tag-informe-infoempleo-2009","tag-maravillas-rojo","tag-maria-benjumea","tag-mercado-laboral","tag-pais-vasco","tag-salvador-aragon","tag-santiago-soler","tag-secretaria-general-de-empleo"],"yoast_head":"<!-- This site is optimized with the Yoast SEO plugin v26.1.1 - https:\/\/yoast.com\/wordpress\/plugins\/seo\/ -->\n<title>El Informe Infoempleo analiza el mercado laboral del \u00faltimo a\u00f1o | HRTRENDS<\/title>\n<meta name=\"robots\" content=\"index, follow, max-snippet:-1, max-image-preview:large, max-video-preview:-1\" \/>\n<link rel=\"canonical\" href=\"https:\/\/empresas.infoempleo.com\/hrtrends\/el-informe-infoempleo-analiza-el-mercado-laboral-del-ultimo-ano\/\" \/>\n<meta property=\"og:locale\" content=\"es_ES\" \/>\n<meta property=\"og:type\" content=\"article\" \/>\n<meta property=\"og:title\" content=\"El Informe Infoempleo analiza el mercado laboral del \u00faltimo a\u00f1o | HRTRENDS\" \/>\n<meta property=\"og:description\" content=\"La m\u00e1s completa radiograf\u00eda del empleo cualificado muestra la pujanza del sector de la consultor\u00eda y el despegue el \u00e1rea comercial en el conjunto de la oferta.\" \/>\n<meta property=\"og:url\" content=\"https:\/\/empresas.infoempleo.com\/hrtrends\/el-informe-infoempleo-analiza-el-mercado-laboral-del-ultimo-ano\/\" \/>\n<meta property=\"og:site_name\" content=\"HRTRENDS\" \/>\n<meta property=\"article:publisher\" content=\"https:\/\/www.facebook.com\/Infoempleo\" \/>\n<meta property=\"article:published_time\" content=\"2010-03-08T09:45:07+00:00\" \/>\n<meta property=\"article:modified_time\" content=\"2023-03-13T17:35:45+00:00\" \/>\n<meta property=\"og:image\" content=\"https:\/\/empresas.infoempleo.com\/hrtrends\/media\/2017\/05\/pexels-photo-205508.jpg\" \/>\n\t<meta property=\"og:image:width\" content=\"1280\" \/>\n\t<meta property=\"og:image:height\" content=\"960\" \/>\n\t<meta property=\"og:image:type\" content=\"image\/jpeg\" \/>\n<meta name=\"author\" content=\"infoempleo\" \/>\n<meta name=\"twitter:card\" content=\"summary_large_image\" \/>\n<meta name=\"twitter:creator\" content=\"@infoempleo\" \/>\n<meta name=\"twitter:site\" content=\"@infoempleo\" \/>\n<meta name=\"twitter:label1\" content=\"Escrito por\" \/>\n\t<meta name=\"twitter:data1\" content=\"infoempleo\" \/>\n\t<meta name=\"twitter:label2\" content=\"Tiempo de lectura\" \/>\n\t<meta name=\"twitter:data2\" content=\"3 minutos\" \/>\n<script type=\"application\/ld+json\" class=\"yoast-schema-graph\">{\"@context\":\"https:\/\/schema.org\",\"@graph\":[{\"@type\":\"NewsArticle\",\"@id\":\"https:\/\/empresas.infoempleo.com\/hrtrends\/el-informe-infoempleo-analiza-el-mercado-laboral-del-ultimo-ano\/#article\",\"isPartOf\":{\"@id\":\"https:\/\/empresas.infoempleo.com\/hrtrends\/el-informe-infoempleo-analiza-el-mercado-laboral-del-ultimo-ano\/\"},\"author\":{\"name\":\"infoempleo\",\"@id\":\"https:\/\/empresas.infoempleo.com\/hrtrends\/#\/schema\/person\/67d3e276ffcc8b3ae0ebec816daf775a\"},\"headline\":\"El Informe Infoempleo analiza el mercado laboral del \u00faltimo a\u00f1o\",\"datePublished\":\"2010-03-08T09:45:07+00:00\",\"dateModified\":\"2023-03-13T17:35:45+00:00\",\"mainEntityOfPage\":{\"@id\":\"https:\/\/empresas.infoempleo.com\/hrtrends\/el-informe-infoempleo-analiza-el-mercado-laboral-del-ultimo-ano\/\"},\"wordCount\":654,\"publisher\":{\"@id\":\"https:\/\/empresas.infoempleo.com\/hrtrends\/#organization\"},\"image\":{\"@id\":\"https:\/\/empresas.infoempleo.com\/hrtrends\/el-informe-infoempleo-analiza-el-mercado-laboral-del-ultimo-ano\/#primaryimage\"},\"thumbnailUrl\":\"https:\/\/empresas.infoempleo.com\/hrtrends\/media\/2017\/05\/pexels-photo-205508.jpg\",\"keywords\":[\"adecco\",\"Catalu\u00f1a\",\"comercial\",\"comunidades aut\u00f3nomas\",\"construcci\u00f3n\",\"consultor\u00eda\",\"Crisis\",\"empleo cualificado\",\"infoempleo\",\"Informe Infoempleo 2009\",\"Maravillas Rojo\",\"Mar\u00eda Benjumea\",\"mercado laboral\",\"Pa\u00eds Vasco\",\"Salvador Arag\u00f3n\",\"Santiago Soler\",\"secretaria general de Empleo\"],\"articleSection\":[\"Actualidad\"],\"inLanguage\":\"es\",\"copyrightYear\":\"2010\",\"copyrightHolder\":{\"@id\":\"https:\/\/empresas.infoempleo.com\/hrtrends\/#organization\"}},{\"@type\":\"WebPage\",\"@id\":\"https:\/\/empresas.infoempleo.com\/hrtrends\/el-informe-infoempleo-analiza-el-mercado-laboral-del-ultimo-ano\/\",\"url\":\"https:\/\/empresas.infoempleo.com\/hrtrends\/el-informe-infoempleo-analiza-el-mercado-laboral-del-ultimo-ano\/\",\"name\":\"El Informe Infoempleo analiza el mercado laboral del \u00faltimo a\u00f1o | HRTRENDS\",\"isPartOf\":{\"@id\":\"https:\/\/empresas.infoempleo.com\/hrtrends\/#website\"},\"primaryImageOfPage\":{\"@id\":\"https:\/\/empresas.infoempleo.com\/hrtrends\/el-informe-infoempleo-analiza-el-mercado-laboral-del-ultimo-ano\/#primaryimage\"},\"image\":{\"@id\":\"https:\/\/empresas.infoempleo.com\/hrtrends\/el-informe-infoempleo-analiza-el-mercado-laboral-del-ultimo-ano\/#primaryimage\"},\"thumbnailUrl\":\"https:\/\/empresas.infoempleo.com\/hrtrends\/media\/2017\/05\/pexels-photo-205508.jpg\",\"datePublished\":\"2010-03-08T09:45:07+00:00\",\"dateModified\":\"2023-03-13T17:35:45+00:00\",\"breadcrumb\":{\"@id\":\"https:\/\/empresas.infoempleo.com\/hrtrends\/el-informe-infoempleo-analiza-el-mercado-laboral-del-ultimo-ano\/#breadcrumb\"},\"inLanguage\":\"es\",\"potentialAction\":[{\"@type\":\"ReadAction\",\"target\":[\"https:\/\/empresas.infoempleo.com\/hrtrends\/el-informe-infoempleo-analiza-el-mercado-laboral-del-ultimo-ano\/\"]}]},{\"@type\":\"ImageObject\",\"inLanguage\":\"es\",\"@id\":\"https:\/\/empresas.infoempleo.com\/hrtrends\/el-informe-infoempleo-analiza-el-mercado-laboral-del-ultimo-ano\/#primaryimage\",\"url\":\"https:\/\/empresas.infoempleo.com\/hrtrends\/media\/2017\/05\/pexels-photo-205508-150x150.jpg\",\"contentUrl\":\"https:\/\/empresas.infoempleo.com\/hrtrends\/media\/2017\/05\/pexels-photo-205508-150x150.jpg\",\"width\":150,\"height\":150},{\"@type\":\"BreadcrumbList\",\"@id\":\"https:\/\/empresas.infoempleo.com\/hrtrends\/el-informe-infoempleo-analiza-el-mercado-laboral-del-ultimo-ano\/#breadcrumb\",\"itemListElement\":[{\"@type\":\"ListItem\",\"position\":1,\"name\":\"Portada\",\"item\":\"https:\/\/empresas.infoempleo.com\/hrtrends\/\"},{\"@type\":\"ListItem\",\"position\":2,\"name\":\"El Informe Infoempleo analiza el mercado laboral del \u00faltimo a\u00f1o\"}]},{\"@type\":\"WebSite\",\"@id\":\"https:\/\/empresas.infoempleo.com\/hrtrends\/#website\",\"url\":\"https:\/\/empresas.infoempleo.com\/hrtrends\",\"name\":\"HRTrends by Infoempleo\",\"description\":\"\",\"publisher\":{\"@id\":\"https:\/\/empresas.infoempleo.com\/hrtrends\/#organization\"},\"potentialAction\":{\"@type\":\"SearchAction\",\"target\":\"https:\/\/empresas.infoempleo.com\/hrtrends\/?s={search_term_string}\",\"query-input\":\"required name=search_term_string\"},\"inLanguage\":\"es\"},{\"@type\":\"Organization\",\"@id\":\"https:\/\/empresas.infoempleo.com\/hrtrends\/#organization\",\"name\":\"Infoempleo\",\"url\":\"https:\/\/www.infoempleo.com\/\",\"logo\":{\"@type\":\"ImageObject\",\"@id\":\"https:\/\/empresas.infoempleo.com\/hrtrends\/#logo\",\"inLanguage\":\"es\",\"url\":\"https:\/\/cdnazure.infoempleo.com\/infoempleo\/assets\/style\/gfx\/logo.svg\",\"contentUrl\":\"https:\/\/cdnazure.infoempleo.com\/infoempleo\/assets\/style\/gfx\/logo.svg\",\"width\":150,\"height\":40,\"caption\":\"Infoempleo\"},\"image\":{\"@id\":\"https:\/\/empresas.infoempleo.com\/hrtrends\/#logo\"},\"sameAs\":[\"https:\/\/www.facebook.com\/Infoempleo\",\"https:\/\/x.com\/infoempleo\",\"http:\/\/instagram.com\/infoempleo\/\",\"http:\/\/www.linkedin.com\/groups\/Empleo-Espa\u00f1a-Infoempleocom-111276\",\"http:\/\/pinterest.com\/infoempleo\/\"],\"address\":{\"@type\":\"PostalAddress\",\"addressLocality\":\"Madrid\",\"postalCode\":\"28050\",\"streetAddress\":\"Avenida de Burgos 114\"},\"brand\":[\"Infoempleo\"]},{\"@type\":\"Person\",\"@id\":\"https:\/\/empresas.infoempleo.com\/hrtrends\/#\/schema\/person\/67d3e276ffcc8b3ae0ebec816daf775a\",\"name\":\"infoempleo\",\"image\":{\"@type\":\"ImageObject\",\"inLanguage\":\"es\",\"@id\":\"https:\/\/empresas.infoempleo.com\/hrtrends\/#\/schema\/person\/image\/\",\"url\":\"https:\/\/secure.gravatar.com\/avatar\/7b437777242fe67d2473c2a818da2344692d1ee91e91080ccffbd97bcd4a0975?s=96&d=mm&r=g\",\"contentUrl\":\"https:\/\/secure.gravatar.com\/avatar\/7b437777242fe67d2473c2a818da2344692d1ee91e91080ccffbd97bcd4a0975?s=96&d=mm&r=g\",\"caption\":\"infoempleo\"},\"url\":\"https:\/\/empresas.infoempleo.com\/hrtrends\/author\/infoempleo\/\"}]}<\/script>\n<!-- \/ Yoast SEO plugin. -->","yoast_head_json":{"title":"El Informe Infoempleo analiza el mercado laboral del \u00faltimo a\u00f1o | HRTRENDS","robots":{"index":"index","follow":"follow","max-snippet":"max-snippet:-1","max-image-preview":"max-image-preview:large","max-video-preview":"max-video-preview:-1"},"canonical":"https:\/\/empresas.infoempleo.com\/hrtrends\/el-informe-infoempleo-analiza-el-mercado-laboral-del-ultimo-ano\/","og_locale":"es_ES","og_type":"article","og_title":"El Informe Infoempleo analiza el mercado laboral del \u00faltimo a\u00f1o | HRTRENDS","og_description":"La m\u00e1s completa radiograf\u00eda del empleo cualificado muestra la pujanza del sector de la consultor\u00eda y el despegue el \u00e1rea comercial en el conjunto de la oferta.","og_url":"https:\/\/empresas.infoempleo.com\/hrtrends\/el-informe-infoempleo-analiza-el-mercado-laboral-del-ultimo-ano\/","og_site_name":"HRTRENDS","article_publisher":"https:\/\/www.facebook.com\/Infoempleo","article_published_time":"2010-03-08T09:45:07+00:00","article_modified_time":"2023-03-13T17:35:45+00:00","og_image":[{"width":1280,"height":960,"url":"https:\/\/empresas.infoempleo.com\/hrtrends\/media\/2017\/05\/pexels-photo-205508.jpg","type":"image\/jpeg"}],"author":"infoempleo","twitter_card":"summary_large_image","twitter_creator":"@infoempleo","twitter_site":"@infoempleo","twitter_misc":{"Escrito por":"infoempleo","Tiempo de lectura":"3 minutos"},"schema":{"@context":"https:\/\/schema.org","@graph":[{"@type":"NewsArticle","@id":"https:\/\/empresas.infoempleo.com\/hrtrends\/el-informe-infoempleo-analiza-el-mercado-laboral-del-ultimo-ano\/#article","isPartOf":{"@id":"https:\/\/empresas.infoempleo.com\/hrtrends\/el-informe-infoempleo-analiza-el-mercado-laboral-del-ultimo-ano\/"},"author":{"name":"infoempleo","@id":"https:\/\/empresas.infoempleo.com\/hrtrends\/#\/schema\/person\/67d3e276ffcc8b3ae0ebec816daf775a"},"headline":"El Informe Infoempleo analiza el mercado laboral del \u00faltimo a\u00f1o","datePublished":"2010-03-08T09:45:07+00:00","dateModified":"2023-03-13T17:35:45+00:00","mainEntityOfPage":{"@id":"https:\/\/empresas.infoempleo.com\/hrtrends\/el-informe-infoempleo-analiza-el-mercado-laboral-del-ultimo-ano\/"},"wordCount":654,"publisher":{"@id":"https:\/\/empresas.infoempleo.com\/hrtrends\/#organization"},"image":{"@id":"https:\/\/empresas.infoempleo.com\/hrtrends\/el-informe-infoempleo-analiza-el-mercado-laboral-del-ultimo-ano\/#primaryimage"},"thumbnailUrl":"https:\/\/empresas.infoempleo.com\/hrtrends\/media\/2017\/05\/pexels-photo-205508.jpg","keywords":["adecco","Catalu\u00f1a","comercial","comunidades aut\u00f3nomas","construcci\u00f3n","consultor\u00eda","Crisis","empleo cualificado","infoempleo","Informe Infoempleo 2009","Maravillas Rojo","Mar\u00eda Benjumea","mercado laboral","Pa\u00eds Vasco","Salvador Arag\u00f3n","Santiago Soler","secretaria general de Empleo"],"articleSection":["Actualidad"],"inLanguage":"es","copyrightYear":"2010","copyrightHolder":{"@id":"https:\/\/empresas.infoempleo.com\/hrtrends\/#organization"}},{"@type":"WebPage","@id":"https:\/\/empresas.infoempleo.com\/hrtrends\/el-informe-infoempleo-analiza-el-mercado-laboral-del-ultimo-ano\/","url":"https:\/\/empresas.infoempleo.com\/hrtrends\/el-informe-infoempleo-analiza-el-mercado-laboral-del-ultimo-ano\/","name":"El Informe Infoempleo analiza el mercado laboral del \u00faltimo a\u00f1o | HRTRENDS","isPartOf":{"@id":"https:\/\/empresas.infoempleo.com\/hrtrends\/#website"},"primaryImageOfPage":{"@id":"https:\/\/empresas.infoempleo.com\/hrtrends\/el-informe-infoempleo-analiza-el-mercado-laboral-del-ultimo-ano\/#primaryimage"},"image":{"@id":"https:\/\/empresas.infoempleo.com\/hrtrends\/el-informe-infoempleo-analiza-el-mercado-laboral-del-ultimo-ano\/#primaryimage"},"thumbnailUrl":"https:\/\/empresas.infoempleo.com\/hrtrends\/media\/2017\/05\/pexels-photo-205508.jpg","datePublished":"2010-03-08T09:45:07+00:00","dateModified":"2023-03-13T17:35:45+00:00","breadcrumb":{"@id":"https:\/\/empresas.infoempleo.com\/hrtrends\/el-informe-infoempleo-analiza-el-mercado-laboral-del-ultimo-ano\/#breadcrumb"},"inLanguage":"es","potentialAction":[{"@type":"ReadAction","target":["https:\/\/empresas.infoempleo.com\/hrtrends\/el-informe-infoempleo-analiza-el-mercado-laboral-del-ultimo-ano\/"]}]},{"@type":"ImageObject","inLanguage":"es","@id":"https:\/\/empresas.infoempleo.com\/hrtrends\/el-informe-infoempleo-analiza-el-mercado-laboral-del-ultimo-ano\/#primaryimage","url":"https:\/\/empresas.infoempleo.com\/hrtrends\/media\/2017\/05\/pexels-photo-205508-150x150.jpg","contentUrl":"https:\/\/empresas.infoempleo.com\/hrtrends\/media\/2017\/05\/pexels-photo-205508-150x150.jpg","width":150,"height":150},{"@type":"BreadcrumbList","@id":"https:\/\/empresas.infoempleo.com\/hrtrends\/el-informe-infoempleo-analiza-el-mercado-laboral-del-ultimo-ano\/#breadcrumb","itemListElement":[{"@type":"ListItem","position":1,"name":"Portada","item":"https:\/\/empresas.infoempleo.com\/hrtrends\/"},{"@type":"ListItem","position":2,"name":"El Informe Infoempleo analiza el mercado laboral del \u00faltimo a\u00f1o"}]},{"@type":"WebSite","@id":"https:\/\/empresas.infoempleo.com\/hrtrends\/#website","url":"https:\/\/empresas.infoempleo.com\/hrtrends","name":"HRTrends by Infoempleo","description":"","publisher":{"@id":"https:\/\/empresas.infoempleo.com\/hrtrends\/#organization"},"potentialAction":{"@type":"SearchAction","target":"https:\/\/empresas.infoempleo.com\/hrtrends\/?s={search_term_string}","query-input":"required name=search_term_string"},"inLanguage":"es"},{"@type":"Organization","@id":"https:\/\/empresas.infoempleo.com\/hrtrends\/#organization","name":"Infoempleo","url":"https:\/\/www.infoempleo.com\/","logo":{"@type":"ImageObject","@id":"https:\/\/empresas.infoempleo.com\/hrtrends\/#logo","inLanguage":"es","url":"https:\/\/cdnazure.infoempleo.com\/infoempleo\/assets\/style\/gfx\/logo.svg","contentUrl":"https:\/\/cdnazure.infoempleo.com\/infoempleo\/assets\/style\/gfx\/logo.svg","width":150,"height":40,"caption":"Infoempleo"},"image":{"@id":"https:\/\/empresas.infoempleo.com\/hrtrends\/#logo"},"sameAs":["https:\/\/www.facebook.com\/Infoempleo","https:\/\/x.com\/infoempleo","http:\/\/instagram.com\/infoempleo\/","http:\/\/www.linkedin.com\/groups\/Empleo-Espa\u00f1a-Infoempleocom-111276","http:\/\/pinterest.com\/infoempleo\/"],"address":{"@type":"PostalAddress","addressLocality":"Madrid","postalCode":"28050","streetAddress":"Avenida de Burgos 114"},"brand":["Infoempleo"]},{"@type":"Person","@id":"https:\/\/empresas.infoempleo.com\/hrtrends\/#\/schema\/person\/67d3e276ffcc8b3ae0ebec816daf775a","name":"infoempleo","image":{"@type":"ImageObject","inLanguage":"es","@id":"https:\/\/empresas.infoempleo.com\/hrtrends\/#\/schema\/person\/image\/","url":"https:\/\/secure.gravatar.com\/avatar\/7b437777242fe67d2473c2a818da2344692d1ee91e91080ccffbd97bcd4a0975?s=96&d=mm&r=g","contentUrl":"https:\/\/secure.gravatar.com\/avatar\/7b437777242fe67d2473c2a818da2344692d1ee91e91080ccffbd97bcd4a0975?s=96&d=mm&r=g","caption":"infoempleo"},"url":"https:\/\/empresas.infoempleo.com\/hrtrends\/author\/infoempleo\/"}]}},"amp_enabled":true,"_links":{"self":[{"href":"https:\/\/empresas.infoempleo.com\/hrtrends\/wp-json\/wp\/v2\/posts\/7673","targetHints":{"allow":["GET"]}}],"collection":[{"href":"https:\/\/empresas.infoempleo.com\/hrtrends\/wp-json\/wp\/v2\/posts"}],"about":[{"href":"https:\/\/empresas.infoempleo.com\/hrtrends\/wp-json\/wp\/v2\/types\/post"}],"author":[{"embeddable":true,"href":"https:\/\/empresas.infoempleo.com\/hrtrends\/wp-json\/wp\/v2\/users\/72"}],"replies":[{"embeddable":true,"href":"https:\/\/empresas.infoempleo.com\/hrtrends\/wp-json\/wp\/v2\/comments?post=7673"}],"version-history":[{"count":5,"href":"https:\/\/empresas.infoempleo.com\/hrtrends\/wp-json\/wp\/v2\/posts\/7673\/revisions"}],"predecessor-version":[{"id":43437,"href":"https:\/\/empresas.infoempleo.com\/hrtrends\/wp-json\/wp\/v2\/posts\/7673\/revisions\/43437"}],"wp:featuredmedia":[{"embeddable":true,"href":"https:\/\/empresas.infoempleo.com\/hrtrends\/wp-json\/wp\/v2\/media\/29665"}],"wp:attachment":[{"href":"https:\/\/empresas.infoempleo.com\/hrtrends\/wp-json\/wp\/v2\/media?parent=7673"}],"wp:term":[{"taxonomy":"category","embeddable":true,"href":"https:\/\/empresas.infoempleo.com\/hrtrends\/wp-json\/wp\/v2\/categories?post=7673"},{"taxonomy":"post_tag","embeddable":true,"href":"https:\/\/empresas.infoempleo.com\/hrtrends\/wp-json\/wp\/v2\/tags?post=7673"}],"curies":[{"name":"wp","href":"https:\/\/api.w.org\/{rel}","templated":true}]}}