{"id":7648,"date":"2010-03-08T11:58:46","date_gmt":"2010-03-08T10:58:46","guid":{"rendered":"http:\/\/blog.infoempleo.com\/?p=7648"},"modified":"2023-03-13T19:35:45","modified_gmt":"2023-03-13T17:35:45","slug":"ejecutivos-solidarios-sobre-ruedas","status":"publish","type":"post","link":"https:\/\/empresas.infoempleo.com\/hrtrends\/ejecutivos-solidarios-sobre-ruedas\/","title":{"rendered":"Ejecutivos solidarios sobre ruedas"},"content":{"rendered":"<p style=\"text-align: center\">\n<p>14 ejecutivos y sus bicicletas. 2.000 kil\u00f3metros por las monta\u00f1as de Etiop\u00eda. 20 jornadas para recorrerlos. Con este reto por delante, el pr\u00f3ximo 14 de marzo\u00a0comienza en Addis Abeba la\u00a0s\u00e9ptima edici\u00f3n de la Vuelta al Mundo Solidaria en Bicicleta que llevar\u00e1 a este equipo de profesionales de diversos sectores (universidad; administraci\u00f3n p\u00fablica; gran consumo; sanidad&#8230;) a recorrer\u00a0el pa\u00eds africano\u00a0sobre dos ruedas, <strong>con tan s\u00f3lo sus alforjas y una br\u00fajula<\/strong> y, por supuesto, un imprescindible esp\u00edritu solidario.<\/p>\n<p>Durante la expedici\u00f3n, los participantes en la carrera har\u00e1n entrega de las donaciones de los sponsors que colaboran con el proyecto, gracias a lo cual <strong>se financiar\u00e1 la manutenci\u00f3n y educaci\u00f3n de los 1.500 ni\u00f1os del orfanato de Saint Mary<\/strong> y se otorgar\u00e1n microcr\u00e9ditos a familias de la localidad de Wukro para el desarrollo de la apicultura y la ganader\u00eda.<\/p>\n<p>En la presentaci\u00f3n de esta s\u00e9ptima etapa, que tuvo lugar hace unos d\u00edas en Toledo, ciudad donde se cre\u00f3 la iniciativa, se destac\u00f3 el esfuerzo, tanto f\u00edsico como mental, de los participantes, que fueron definidos como \u00ablos mejores embajadores de nuestra tierra\u00bb por Tom\u00e1s Ma\u00f1as, director ejecutivo de la Fundaci\u00f3n Castellano-Manchega de Cooperaci\u00f3n. Asimismo, Hortensia de la Casa, de la diputaci\u00f3n de Toledo, destac\u00f3 el esp\u00edritu de equipo que se genera durante la expedici\u00f3n. \u00ab<strong>Para ir m\u00e1s r\u00e1pido hay que ir solo, pero para ir m\u00e1s lejos, hay que ir acompa\u00f1ado<\/strong>\u00ab, coment\u00f3.<\/p>\n<p>La financiaci\u00f3n de este proyecto ha sido posible gracias a la ayuda de instituciones y empresas privadas que a\u00f1o tras a\u00f1o se suman al objetivo humanitario de este proyecto. As\u00ed, instituciones como la Diputaci\u00f3n de Toledo, la Junta de Castilla La Mancha y su Universidad, la Diputaci\u00f3n de Salamanca y su Universidad, y compa\u00f1\u00edas como Adecco Medical &amp; Science y la Fundaci\u00f3n Adecco, Specialized, Don Sim\u00f3n, Powerade, Grupo LR, Lufthansa, Caja Madrid, Nobel Tours, Dromedario, Coronel Tapioca, Huerco, Enraf Nonius, Caja Castilla La Mancha, El Cigarral de las Mercedes, Cruzcampo, UNED Cuenca, el Cigarral de Caravantes, Hotel Los Toreros, y Bordados Fuensalida han sido la fuente econ\u00f3mica para poder convertir este sue\u00f1o en realidad.<\/p>\n","protected":false},"excerpt":{"rendered":"<p>14 ejecutivos y sus bicicletas. 2.000 kil\u00f3metros por las monta\u00f1as de Etiop\u00eda. 20 jornadas para recorrerlos. Con este<a class=\"moretag\" href=\"https:\/\/empresas.infoempleo.com\/hrtrends\/ejecutivos-solidarios-sobre-ruedas\/\"> Leer m\u00e1s<\/a><\/p>\n","protected":false},"author":72,"featured_media":29665,"comment_status":"closed","ping_status":"open","sticky":false,"template":"","format":"standard","meta":{"footnotes":""},"categories":[3],"tags":[159,1231,1232,1233,59,101,1234,545,1235],"class_list":["post-7648","post","type-post","status-publish","format-standard","has-post-thumbnail","hentry","category-actualidad","tag-adecco","tag-biciaventura","tag-bicicleta","tag-castilla-la-mancha","tag-directivos","tag-ejecutivos","tag-etiopia","tag-solidaridad","tag-wukro"],"yoast_head":"<!-- This site is optimized with the Yoast SEO plugin v26.1.1 - https:\/\/yoast.com\/wordpress\/plugins\/seo\/ -->\n<title>Ejecutivos solidarios sobre ruedas | HRTRENDS<\/title>\n<meta name=\"robots\" content=\"index, follow, max-snippet:-1, max-image-preview:large, max-video-preview:-1\" \/>\n<link rel=\"canonical\" href=\"https:\/\/empresas.infoempleo.com\/hrtrends\/ejecutivos-solidarios-sobre-ruedas\/\" \/>\n<meta property=\"og:locale\" content=\"es_ES\" \/>\n<meta property=\"og:type\" content=\"article\" \/>\n<meta property=\"og:title\" content=\"Ejecutivos solidarios sobre ruedas | HRTRENDS\" \/>\n<meta property=\"og:description\" content=\"14 ejecutivos y sus bicicletas. 2.000 kil\u00f3metros por las monta\u00f1as de Etiop\u00eda. 20 jornadas para recorrerlos. Con este Leer m\u00e1s\" \/>\n<meta property=\"og:url\" content=\"https:\/\/empresas.infoempleo.com\/hrtrends\/ejecutivos-solidarios-sobre-ruedas\/\" \/>\n<meta property=\"og:site_name\" content=\"HRTRENDS\" \/>\n<meta property=\"article:publisher\" content=\"https:\/\/www.facebook.com\/Infoempleo\" \/>\n<meta property=\"article:published_time\" content=\"2010-03-08T10:58:46+00:00\" \/>\n<meta property=\"article:modified_time\" content=\"2023-03-13T17:35:45+00:00\" \/>\n<meta property=\"og:image\" content=\"https:\/\/empresas.infoempleo.com\/hrtrends\/media\/2017\/05\/pexels-photo-205508.jpg\" \/>\n\t<meta property=\"og:image:width\" content=\"1280\" \/>\n\t<meta property=\"og:image:height\" content=\"960\" \/>\n\t<meta property=\"og:image:type\" content=\"image\/jpeg\" \/>\n<meta name=\"author\" content=\"infoempleo\" \/>\n<meta name=\"twitter:card\" content=\"summary_large_image\" \/>\n<meta name=\"twitter:creator\" content=\"@infoempleo\" \/>\n<meta name=\"twitter:site\" content=\"@infoempleo\" \/>\n<meta name=\"twitter:label1\" content=\"Escrito por\" \/>\n\t<meta name=\"twitter:data1\" content=\"infoempleo\" \/>\n\t<meta name=\"twitter:label2\" content=\"Tiempo de lectura\" \/>\n\t<meta name=\"twitter:data2\" content=\"2 minutos\" \/>\n<script type=\"application\/ld+json\" class=\"yoast-schema-graph\">{\"@context\":\"https:\/\/schema.org\",\"@graph\":[{\"@type\":\"NewsArticle\",\"@id\":\"https:\/\/empresas.infoempleo.com\/hrtrends\/ejecutivos-solidarios-sobre-ruedas\/#article\",\"isPartOf\":{\"@id\":\"https:\/\/empresas.infoempleo.com\/hrtrends\/ejecutivos-solidarios-sobre-ruedas\/\"},\"author\":{\"name\":\"infoempleo\",\"@id\":\"https:\/\/empresas.infoempleo.com\/hrtrends\/#\/schema\/person\/67d3e276ffcc8b3ae0ebec816daf775a\"},\"headline\":\"Ejecutivos solidarios sobre ruedas\",\"datePublished\":\"2010-03-08T10:58:46+00:00\",\"dateModified\":\"2023-03-13T17:35:45+00:00\",\"mainEntityOfPage\":{\"@id\":\"https:\/\/empresas.infoempleo.com\/hrtrends\/ejecutivos-solidarios-sobre-ruedas\/\"},\"wordCount\":390,\"publisher\":{\"@id\":\"https:\/\/empresas.infoempleo.com\/hrtrends\/#organization\"},\"image\":{\"@id\":\"https:\/\/empresas.infoempleo.com\/hrtrends\/ejecutivos-solidarios-sobre-ruedas\/#primaryimage\"},\"thumbnailUrl\":\"https:\/\/empresas.infoempleo.com\/hrtrends\/media\/2017\/05\/pexels-photo-205508.jpg\",\"keywords\":[\"adecco\",\"biciaventura\",\"bicicleta\",\"Castilla La Mancha\",\"directivos\",\"ejecutivos\",\"Etiop\u00eda\",\"solidaridad\",\"Wukro\"],\"articleSection\":[\"Actualidad\"],\"inLanguage\":\"es\",\"copyrightYear\":\"2010\",\"copyrightHolder\":{\"@id\":\"https:\/\/empresas.infoempleo.com\/hrtrends\/#organization\"}},{\"@type\":\"WebPage\",\"@id\":\"https:\/\/empresas.infoempleo.com\/hrtrends\/ejecutivos-solidarios-sobre-ruedas\/\",\"url\":\"https:\/\/empresas.infoempleo.com\/hrtrends\/ejecutivos-solidarios-sobre-ruedas\/\",\"name\":\"Ejecutivos solidarios sobre ruedas | HRTRENDS\",\"isPartOf\":{\"@id\":\"https:\/\/empresas.infoempleo.com\/hrtrends\/#website\"},\"primaryImageOfPage\":{\"@id\":\"https:\/\/empresas.infoempleo.com\/hrtrends\/ejecutivos-solidarios-sobre-ruedas\/#primaryimage\"},\"image\":{\"@id\":\"https:\/\/empresas.infoempleo.com\/hrtrends\/ejecutivos-solidarios-sobre-ruedas\/#primaryimage\"},\"thumbnailUrl\":\"https:\/\/empresas.infoempleo.com\/hrtrends\/media\/2017\/05\/pexels-photo-205508.jpg\",\"datePublished\":\"2010-03-08T10:58:46+00:00\",\"dateModified\":\"2023-03-13T17:35:45+00:00\",\"breadcrumb\":{\"@id\":\"https:\/\/empresas.infoempleo.com\/hrtrends\/ejecutivos-solidarios-sobre-ruedas\/#breadcrumb\"},\"inLanguage\":\"es\",\"potentialAction\":[{\"@type\":\"ReadAction\",\"target\":[\"https:\/\/empresas.infoempleo.com\/hrtrends\/ejecutivos-solidarios-sobre-ruedas\/\"]}]},{\"@type\":\"ImageObject\",\"inLanguage\":\"es\",\"@id\":\"https:\/\/empresas.infoempleo.com\/hrtrends\/ejecutivos-solidarios-sobre-ruedas\/#primaryimage\",\"url\":\"https:\/\/empresas.infoempleo.com\/hrtrends\/media\/2017\/05\/pexels-photo-205508-150x150.jpg\",\"contentUrl\":\"https:\/\/empresas.infoempleo.com\/hrtrends\/media\/2017\/05\/pexels-photo-205508-150x150.jpg\",\"width\":150,\"height\":150},{\"@type\":\"BreadcrumbList\",\"@id\":\"https:\/\/empresas.infoempleo.com\/hrtrends\/ejecutivos-solidarios-sobre-ruedas\/#breadcrumb\",\"itemListElement\":[{\"@type\":\"ListItem\",\"position\":1,\"name\":\"Portada\",\"item\":\"https:\/\/empresas.infoempleo.com\/hrtrends\/\"},{\"@type\":\"ListItem\",\"position\":2,\"name\":\"Ejecutivos solidarios sobre ruedas\"}]},{\"@type\":\"WebSite\",\"@id\":\"https:\/\/empresas.infoempleo.com\/hrtrends\/#website\",\"url\":\"https:\/\/empresas.infoempleo.com\/hrtrends\",\"name\":\"HRTrends by Infoempleo\",\"description\":\"\",\"publisher\":{\"@id\":\"https:\/\/empresas.infoempleo.com\/hrtrends\/#organization\"},\"potentialAction\":{\"@type\":\"SearchAction\",\"target\":\"https:\/\/empresas.infoempleo.com\/hrtrends\/?s={search_term_string}\",\"query-input\":\"required name=search_term_string\"},\"inLanguage\":\"es\"},{\"@type\":\"Organization\",\"@id\":\"https:\/\/empresas.infoempleo.com\/hrtrends\/#organization\",\"name\":\"Infoempleo\",\"url\":\"https:\/\/www.infoempleo.com\/\",\"logo\":{\"@type\":\"ImageObject\",\"@id\":\"https:\/\/empresas.infoempleo.com\/hrtrends\/#logo\",\"inLanguage\":\"es\",\"url\":\"https:\/\/cdnazure.infoempleo.com\/infoempleo\/assets\/style\/gfx\/logo.svg\",\"contentUrl\":\"https:\/\/cdnazure.infoempleo.com\/infoempleo\/assets\/style\/gfx\/logo.svg\",\"width\":150,\"height\":40,\"caption\":\"Infoempleo\"},\"image\":{\"@id\":\"https:\/\/empresas.infoempleo.com\/hrtrends\/#logo\"},\"sameAs\":[\"https:\/\/www.facebook.com\/Infoempleo\",\"https:\/\/x.com\/infoempleo\",\"http:\/\/instagram.com\/infoempleo\/\",\"http:\/\/www.linkedin.com\/groups\/Empleo-Espa\u00f1a-Infoempleocom-111276\",\"http:\/\/pinterest.com\/infoempleo\/\"],\"address\":{\"@type\":\"PostalAddress\",\"addressLocality\":\"Madrid\",\"postalCode\":\"28050\",\"streetAddress\":\"Avenida de Burgos 114\"},\"brand\":[\"Infoempleo\"]},{\"@type\":\"Person\",\"@id\":\"https:\/\/empresas.infoempleo.com\/hrtrends\/#\/schema\/person\/67d3e276ffcc8b3ae0ebec816daf775a\",\"name\":\"infoempleo\",\"image\":{\"@type\":\"ImageObject\",\"inLanguage\":\"es\",\"@id\":\"https:\/\/empresas.infoempleo.com\/hrtrends\/#\/schema\/person\/image\/\",\"url\":\"https:\/\/secure.gravatar.com\/avatar\/7b437777242fe67d2473c2a818da2344692d1ee91e91080ccffbd97bcd4a0975?s=96&d=mm&r=g\",\"contentUrl\":\"https:\/\/secure.gravatar.com\/avatar\/7b437777242fe67d2473c2a818da2344692d1ee91e91080ccffbd97bcd4a0975?s=96&d=mm&r=g\",\"caption\":\"infoempleo\"},\"url\":\"https:\/\/empresas.infoempleo.com\/hrtrends\/author\/infoempleo\/\"}]}<\/script>\n<!-- \/ Yoast SEO plugin. -->","yoast_head_json":{"title":"Ejecutivos solidarios sobre ruedas | HRTRENDS","robots":{"index":"index","follow":"follow","max-snippet":"max-snippet:-1","max-image-preview":"max-image-preview:large","max-video-preview":"max-video-preview:-1"},"canonical":"https:\/\/empresas.infoempleo.com\/hrtrends\/ejecutivos-solidarios-sobre-ruedas\/","og_locale":"es_ES","og_type":"article","og_title":"Ejecutivos solidarios sobre ruedas | HRTRENDS","og_description":"14 ejecutivos y sus bicicletas. 2.000 kil\u00f3metros por las monta\u00f1as de Etiop\u00eda. 20 jornadas para recorrerlos. Con este Leer m\u00e1s","og_url":"https:\/\/empresas.infoempleo.com\/hrtrends\/ejecutivos-solidarios-sobre-ruedas\/","og_site_name":"HRTRENDS","article_publisher":"https:\/\/www.facebook.com\/Infoempleo","article_published_time":"2010-03-08T10:58:46+00:00","article_modified_time":"2023-03-13T17:35:45+00:00","og_image":[{"width":1280,"height":960,"url":"https:\/\/empresas.infoempleo.com\/hrtrends\/media\/2017\/05\/pexels-photo-205508.jpg","type":"image\/jpeg"}],"author":"infoempleo","twitter_card":"summary_large_image","twitter_creator":"@infoempleo","twitter_site":"@infoempleo","twitter_misc":{"Escrito por":"infoempleo","Tiempo de lectura":"2 minutos"},"schema":{"@context":"https:\/\/schema.org","@graph":[{"@type":"NewsArticle","@id":"https:\/\/empresas.infoempleo.com\/hrtrends\/ejecutivos-solidarios-sobre-ruedas\/#article","isPartOf":{"@id":"https:\/\/empresas.infoempleo.com\/hrtrends\/ejecutivos-solidarios-sobre-ruedas\/"},"author":{"name":"infoempleo","@id":"https:\/\/empresas.infoempleo.com\/hrtrends\/#\/schema\/person\/67d3e276ffcc8b3ae0ebec816daf775a"},"headline":"Ejecutivos solidarios sobre ruedas","datePublished":"2010-03-08T10:58:46+00:00","dateModified":"2023-03-13T17:35:45+00:00","mainEntityOfPage":{"@id":"https:\/\/empresas.infoempleo.com\/hrtrends\/ejecutivos-solidarios-sobre-ruedas\/"},"wordCount":390,"publisher":{"@id":"https:\/\/empresas.infoempleo.com\/hrtrends\/#organization"},"image":{"@id":"https:\/\/empresas.infoempleo.com\/hrtrends\/ejecutivos-solidarios-sobre-ruedas\/#primaryimage"},"thumbnailUrl":"https:\/\/empresas.infoempleo.com\/hrtrends\/media\/2017\/05\/pexels-photo-205508.jpg","keywords":["adecco","biciaventura","bicicleta","Castilla La Mancha","directivos","ejecutivos","Etiop\u00eda","solidaridad","Wukro"],"articleSection":["Actualidad"],"inLanguage":"es","copyrightYear":"2010","copyrightHolder":{"@id":"https:\/\/empresas.infoempleo.com\/hrtrends\/#organization"}},{"@type":"WebPage","@id":"https:\/\/empresas.infoempleo.com\/hrtrends\/ejecutivos-solidarios-sobre-ruedas\/","url":"https:\/\/empresas.infoempleo.com\/hrtrends\/ejecutivos-solidarios-sobre-ruedas\/","name":"Ejecutivos solidarios sobre ruedas | HRTRENDS","isPartOf":{"@id":"https:\/\/empresas.infoempleo.com\/hrtrends\/#website"},"primaryImageOfPage":{"@id":"https:\/\/empresas.infoempleo.com\/hrtrends\/ejecutivos-solidarios-sobre-ruedas\/#primaryimage"},"image":{"@id":"https:\/\/empresas.infoempleo.com\/hrtrends\/ejecutivos-solidarios-sobre-ruedas\/#primaryimage"},"thumbnailUrl":"https:\/\/empresas.infoempleo.com\/hrtrends\/media\/2017\/05\/pexels-photo-205508.jpg","datePublished":"2010-03-08T10:58:46+00:00","dateModified":"2023-03-13T17:35:45+00:00","breadcrumb":{"@id":"https:\/\/empresas.infoempleo.com\/hrtrends\/ejecutivos-solidarios-sobre-ruedas\/#breadcrumb"},"inLanguage":"es","potentialAction":[{"@type":"ReadAction","target":["https:\/\/empresas.infoempleo.com\/hrtrends\/ejecutivos-solidarios-sobre-ruedas\/"]}]},{"@type":"ImageObject","inLanguage":"es","@id":"https:\/\/empresas.infoempleo.com\/hrtrends\/ejecutivos-solidarios-sobre-ruedas\/#primaryimage","url":"https:\/\/empresas.infoempleo.com\/hrtrends\/media\/2017\/05\/pexels-photo-205508-150x150.jpg","contentUrl":"https:\/\/empresas.infoempleo.com\/hrtrends\/media\/2017\/05\/pexels-photo-205508-150x150.jpg","width":150,"height":150},{"@type":"BreadcrumbList","@id":"https:\/\/empresas.infoempleo.com\/hrtrends\/ejecutivos-solidarios-sobre-ruedas\/#breadcrumb","itemListElement":[{"@type":"ListItem","position":1,"name":"Portada","item":"https:\/\/empresas.infoempleo.com\/hrtrends\/"},{"@type":"ListItem","position":2,"name":"Ejecutivos solidarios sobre ruedas"}]},{"@type":"WebSite","@id":"https:\/\/empresas.infoempleo.com\/hrtrends\/#website","url":"https:\/\/empresas.infoempleo.com\/hrtrends","name":"HRTrends by Infoempleo","description":"","publisher":{"@id":"https:\/\/empresas.infoempleo.com\/hrtrends\/#organization"},"potentialAction":{"@type":"SearchAction","target":"https:\/\/empresas.infoempleo.com\/hrtrends\/?s={search_term_string}","query-input":"required name=search_term_string"},"inLanguage":"es"},{"@type":"Organization","@id":"https:\/\/empresas.infoempleo.com\/hrtrends\/#organization","name":"Infoempleo","url":"https:\/\/www.infoempleo.com\/","logo":{"@type":"ImageObject","@id":"https:\/\/empresas.infoempleo.com\/hrtrends\/#logo","inLanguage":"es","url":"https:\/\/cdnazure.infoempleo.com\/infoempleo\/assets\/style\/gfx\/logo.svg","contentUrl":"https:\/\/cdnazure.infoempleo.com\/infoempleo\/assets\/style\/gfx\/logo.svg","width":150,"height":40,"caption":"Infoempleo"},"image":{"@id":"https:\/\/empresas.infoempleo.com\/hrtrends\/#logo"},"sameAs":["https:\/\/www.facebook.com\/Infoempleo","https:\/\/x.com\/infoempleo","http:\/\/instagram.com\/infoempleo\/","http:\/\/www.linkedin.com\/groups\/Empleo-Espa\u00f1a-Infoempleocom-111276","http:\/\/pinterest.com\/infoempleo\/"],"address":{"@type":"PostalAddress","addressLocality":"Madrid","postalCode":"28050","streetAddress":"Avenida de Burgos 114"},"brand":["Infoempleo"]},{"@type":"Person","@id":"https:\/\/empresas.infoempleo.com\/hrtrends\/#\/schema\/person\/67d3e276ffcc8b3ae0ebec816daf775a","name":"infoempleo","image":{"@type":"ImageObject","inLanguage":"es","@id":"https:\/\/empresas.infoempleo.com\/hrtrends\/#\/schema\/person\/image\/","url":"https:\/\/secure.gravatar.com\/avatar\/7b437777242fe67d2473c2a818da2344692d1ee91e91080ccffbd97bcd4a0975?s=96&d=mm&r=g","contentUrl":"https:\/\/secure.gravatar.com\/avatar\/7b437777242fe67d2473c2a818da2344692d1ee91e91080ccffbd97bcd4a0975?s=96&d=mm&r=g","caption":"infoempleo"},"url":"https:\/\/empresas.infoempleo.com\/hrtrends\/author\/infoempleo\/"}]}},"amp_enabled":true,"_links":{"self":[{"href":"https:\/\/empresas.infoempleo.com\/hrtrends\/wp-json\/wp\/v2\/posts\/7648","targetHints":{"allow":["GET"]}}],"collection":[{"href":"https:\/\/empresas.infoempleo.com\/hrtrends\/wp-json\/wp\/v2\/posts"}],"about":[{"href":"https:\/\/empresas.infoempleo.com\/hrtrends\/wp-json\/wp\/v2\/types\/post"}],"author":[{"embeddable":true,"href":"https:\/\/empresas.infoempleo.com\/hrtrends\/wp-json\/wp\/v2\/users\/72"}],"replies":[{"embeddable":true,"href":"https:\/\/empresas.infoempleo.com\/hrtrends\/wp-json\/wp\/v2\/comments?post=7648"}],"version-history":[{"count":2,"href":"https:\/\/empresas.infoempleo.com\/hrtrends\/wp-json\/wp\/v2\/posts\/7648\/revisions"}],"predecessor-version":[{"id":43434,"href":"https:\/\/empresas.infoempleo.com\/hrtrends\/wp-json\/wp\/v2\/posts\/7648\/revisions\/43434"}],"wp:featuredmedia":[{"embeddable":true,"href":"https:\/\/empresas.infoempleo.com\/hrtrends\/wp-json\/wp\/v2\/media\/29665"}],"wp:attachment":[{"href":"https:\/\/empresas.infoempleo.com\/hrtrends\/wp-json\/wp\/v2\/media?parent=7648"}],"wp:term":[{"taxonomy":"category","embeddable":true,"href":"https:\/\/empresas.infoempleo.com\/hrtrends\/wp-json\/wp\/v2\/categories?post=7648"},{"taxonomy":"post_tag","embeddable":true,"href":"https:\/\/empresas.infoempleo.com\/hrtrends\/wp-json\/wp\/v2\/tags?post=7648"}],"curies":[{"name":"wp","href":"https:\/\/api.w.org\/{rel}","templated":true}]}}