{"id":7560,"date":"2010-03-01T10:06:31","date_gmt":"2010-03-01T09:06:31","guid":{"rendered":"http:\/\/blog.infoempleo.com\/?p=7560"},"modified":"2022-12-14T15:58:51","modified_gmt":"2022-12-14T13:58:51","slug":"el-libro-blanco-de-los-recursos-humanos","status":"publish","type":"post","link":"https:\/\/empresas.infoempleo.com\/hrtrends\/el-libro-blanco-de-los-recursos-humanos\/","title":{"rendered":"El libro blanco de los Recursos Humanos"},"content":{"rendered":"<p>En el plazo de algo m\u00e1s de un a\u00f1o y medio hemos pasado de hablar de las medidas y pol\u00edticas<br \/>\nde retenci\u00f3n del talento, a la necesidad de la reducci\u00f3n de costes y de llevar a cabo<br \/>\nreestructuraciones, que en la mayor\u00eda de los casos se acometen mediante ajustes de plantilla y despidos.<\/p>\n<p>Por ello, la <strong>VII edici\u00f3n del Libro Blanco sobre las mejores pr\u00e1cticas en Recursos Humanos<\/strong> elaborado por Creade Lee Hecht Harrison, <a title=\"Web de IESE\" href=\"https:\/\/www.iese.edu\/es\" target=\"_blank\" rel=\"noopener\">IESE<\/a> y <a title=\"Web de Sagardoy\" href=\"https:\/\/www.sagardoy.com\/\" target=\"_blank\" rel=\"noopener\">Sagardoy Abogados<\/a>, ha querido conocer las mejores experiencias en recursos humanos que facilitasen a las empresas y organizaciones poder afrontar y gestionar, sin perder el foco de lo importante que es la viabilidad a futuro, la gesti\u00f3n de sus plantillas.<\/p>\n<p>La principal conclusi\u00f3n que arroja el Libro Blanco es que la mejor forma de afrontar una crisis, por naturaleza imprevisible, es <strong>la adopci\u00f3n anticipada, permanente y constante por las organizaciones empresariales, de pol\u00edticas preventivas que tengan como fin reducir oportunamente el impacto y los efectos econ\u00f3micos de la crisis dentro de sus estructuras<\/strong>. Pol\u00edticas que tendr\u00edan que estar us\u00e1ndose durante los per\u00edodos estables o de bonanza de las empresas.<\/p>\n<h3>Medidas m\u00e1s eficaces<\/h3>\n<p>De la encuesta cuantitativa, que han respondido 55 compa\u00f1\u00edas, podemos extraer que el departamento de recursos humanos ha visto incrementado su presupuesto en el 85,5% de los casos. Una clara indicaci\u00f3n de la magnitud de la crisis en el \u00e1mbito laboral.<\/p>\n<p>Las medidas m\u00e1s utilizadas en el momento de la crisis han sido la comunicaci\u00f3n interna peri\u00f3dica y directa a la plantilla (94%), las reestructuraciones (65%) y el outplacement (41%).<\/p>\n<p>De la encuesta tambi\u00e9n se deduce que las relaciones con los sindicatos han sido positivas; s\u00f3lo en un 19% indicaron que la actitud de \u00e9stos era de oposici\u00f3n, incluso beligerante (5,1%). Por \u00faltimo, las empresas estiman que sus gerentes han aprendido la lecci\u00f3n y est\u00e1n en condiciones de manejar las posibles pr\u00f3ximas crisis. Por ello, el 73,3% aseguran que han redefinido su estrategia de futuro.<\/p>\n<h3>La flexiseguridad<\/h3>\n<p>La flexiseguridad es el nuevo concepto para prevenir las crisis del mercado laboral desde el punto de vista macroecon\u00f3mico. Es un comportamiento generalizado de este mercado que permite resolver los problemas laborales de manera m\u00e1s eficaz, incluso en per\u00edodos de crisis.<\/p>\n<p>Por tanto, una econom\u00eda moderna exige combinar un mercado de trabajo en el que existan conjuntamente: a) la flexibilidad de adaptaci\u00f3n del factor trabajo a las necesidades productivas cambiantes, y b) la seguridad del acceso a los puestos de trabajo de todos los ciudadanos. De ah\u00ed el auge del concepto de flexiseguridad.<\/p>\n<p>La clave de la flexiseguridad est\u00e1 en: a) Pol\u00edticas Activas del Mercado de Trabajo; b) flexibilidad en los contratos; c) seguridad social moderna; y d) en la utilizaci\u00f3n de acuerdos p\u00fablico privados en la b\u00fasqueda de trabajo.<\/p>\n<h3>Dodec\u00e1logo para enfrentar la crisis<\/h3>\n<p>1. Tener en cuenta las habilidades de los empleados y considerar siempre su posible reubicaci\u00f3n en la empresa.<\/p>\n<p>2. Planificar las fases de la reestructuraci\u00f3n.<\/p>\n<p>3. Utilizar instrumentos de comunicaci\u00f3n directa y frecuente.<\/p>\n<p>4. Comunicar la raz\u00f3n y los porqu\u00e9s de la necesidad y conveniencia de reestructurar la plantilla.<\/p>\n<p>5. Gestionar con exquisita coherencia la comunicaci\u00f3n externa e interna.<\/p>\n<p>6. Actuar r\u00e1pidamente tras la comunicaci\u00f3n del mensaje.<\/p>\n<p>7. Ayudar y dar soporte a los directivos en la transmisi\u00f3n del mensaje.<\/p>\n<p>8. Preparar a los directivos para lo que viene.<\/p>\n<p>9. Ayudar a los supervivientes en la adaptaci\u00f3n al cambio.<\/p>\n<p>10. Dirigir la reestructuraci\u00f3n de manera consistente con la cultura de la empresa.<\/p>\n<p>11. Redefinir el trabajo que queda.<\/p>\n<p>12. Aprender de la experiencia.<\/p>\n","protected":false},"excerpt":{"rendered":"<p>En el plazo de algo m\u00e1s de un a\u00f1o y medio hemos pasado de hablar de las medidas<a class=\"moretag\" href=\"https:\/\/empresas.infoempleo.com\/hrtrends\/el-libro-blanco-de-los-recursos-humanos\/\"> Leer m\u00e1s<\/a><\/p>\n","protected":false},"author":47,"featured_media":29665,"comment_status":"closed","ping_status":"open","sticky":false,"template":"","format":"standard","meta":{"footnotes":""},"categories":[3],"tags":[48,1215],"class_list":["post-7560","post","type-post","status-publish","format-standard","has-post-thumbnail","hentry","category-actualidad","tag-crisis","tag-flexiseguridad"],"yoast_head":"<!-- This site is optimized with the Yoast SEO plugin v26.1.1 - https:\/\/yoast.com\/wordpress\/plugins\/seo\/ -->\n<title>El libro blanco de los Recursos Humanos | HRTRENDS<\/title>\n<meta name=\"robots\" content=\"index, follow, max-snippet:-1, max-image-preview:large, max-video-preview:-1\" \/>\n<link rel=\"canonical\" href=\"https:\/\/empresas.infoempleo.com\/hrtrends\/el-libro-blanco-de-los-recursos-humanos\/\" \/>\n<meta property=\"og:locale\" content=\"es_ES\" \/>\n<meta property=\"og:type\" content=\"article\" \/>\n<meta property=\"og:title\" content=\"El libro blanco de los Recursos Humanos | HRTRENDS\" \/>\n<meta property=\"og:description\" content=\"En el plazo de algo m\u00e1s de un a\u00f1o y medio hemos pasado de hablar de las medidas Leer m\u00e1s\" \/>\n<meta property=\"og:url\" content=\"https:\/\/empresas.infoempleo.com\/hrtrends\/el-libro-blanco-de-los-recursos-humanos\/\" \/>\n<meta property=\"og:site_name\" content=\"HRTRENDS\" \/>\n<meta property=\"article:publisher\" content=\"https:\/\/www.facebook.com\/Infoempleo\" \/>\n<meta property=\"article:published_time\" content=\"2010-03-01T09:06:31+00:00\" \/>\n<meta property=\"article:modified_time\" content=\"2022-12-14T13:58:51+00:00\" \/>\n<meta property=\"og:image\" content=\"https:\/\/empresas.infoempleo.com\/hrtrends\/media\/2017\/05\/pexels-photo-205508.jpg\" \/>\n\t<meta property=\"og:image:width\" content=\"1280\" \/>\n\t<meta property=\"og:image:height\" content=\"960\" \/>\n\t<meta property=\"og:image:type\" content=\"image\/jpeg\" \/>\n<meta name=\"author\" content=\"Marta Toledano\" \/>\n<meta name=\"twitter:card\" content=\"summary_large_image\" \/>\n<meta name=\"twitter:creator\" content=\"@infoempleo\" \/>\n<meta name=\"twitter:site\" content=\"@infoempleo\" \/>\n<meta name=\"twitter:label1\" content=\"Escrito por\" \/>\n\t<meta name=\"twitter:data1\" content=\"Marta Toledano\" \/>\n\t<meta name=\"twitter:label2\" content=\"Tiempo de lectura\" \/>\n\t<meta name=\"twitter:data2\" content=\"3 minutos\" \/>\n<script type=\"application\/ld+json\" class=\"yoast-schema-graph\">{\"@context\":\"https:\/\/schema.org\",\"@graph\":[{\"@type\":\"NewsArticle\",\"@id\":\"https:\/\/empresas.infoempleo.com\/hrtrends\/el-libro-blanco-de-los-recursos-humanos\/#article\",\"isPartOf\":{\"@id\":\"https:\/\/empresas.infoempleo.com\/hrtrends\/el-libro-blanco-de-los-recursos-humanos\/\"},\"author\":{\"name\":\"Marta Toledano\",\"@id\":\"https:\/\/empresas.infoempleo.com\/hrtrends\/#\/schema\/person\/148d627e345a4676aeecce408bfd7761\"},\"headline\":\"El libro blanco de los Recursos Humanos\",\"datePublished\":\"2010-03-01T09:06:31+00:00\",\"dateModified\":\"2022-12-14T13:58:51+00:00\",\"mainEntityOfPage\":{\"@id\":\"https:\/\/empresas.infoempleo.com\/hrtrends\/el-libro-blanco-de-los-recursos-humanos\/\"},\"wordCount\":620,\"publisher\":{\"@id\":\"https:\/\/empresas.infoempleo.com\/hrtrends\/#organization\"},\"image\":{\"@id\":\"https:\/\/empresas.infoempleo.com\/hrtrends\/el-libro-blanco-de-los-recursos-humanos\/#primaryimage\"},\"thumbnailUrl\":\"https:\/\/empresas.infoempleo.com\/hrtrends\/media\/2017\/05\/pexels-photo-205508.jpg\",\"keywords\":[\"Crisis\",\"flexiseguridad\"],\"articleSection\":[\"Actualidad\"],\"inLanguage\":\"es\",\"copyrightYear\":\"2010\",\"copyrightHolder\":{\"@id\":\"https:\/\/empresas.infoempleo.com\/hrtrends\/#organization\"}},{\"@type\":\"WebPage\",\"@id\":\"https:\/\/empresas.infoempleo.com\/hrtrends\/el-libro-blanco-de-los-recursos-humanos\/\",\"url\":\"https:\/\/empresas.infoempleo.com\/hrtrends\/el-libro-blanco-de-los-recursos-humanos\/\",\"name\":\"El libro blanco de los Recursos Humanos | HRTRENDS\",\"isPartOf\":{\"@id\":\"https:\/\/empresas.infoempleo.com\/hrtrends\/#website\"},\"primaryImageOfPage\":{\"@id\":\"https:\/\/empresas.infoempleo.com\/hrtrends\/el-libro-blanco-de-los-recursos-humanos\/#primaryimage\"},\"image\":{\"@id\":\"https:\/\/empresas.infoempleo.com\/hrtrends\/el-libro-blanco-de-los-recursos-humanos\/#primaryimage\"},\"thumbnailUrl\":\"https:\/\/empresas.infoempleo.com\/hrtrends\/media\/2017\/05\/pexels-photo-205508.jpg\",\"datePublished\":\"2010-03-01T09:06:31+00:00\",\"dateModified\":\"2022-12-14T13:58:51+00:00\",\"breadcrumb\":{\"@id\":\"https:\/\/empresas.infoempleo.com\/hrtrends\/el-libro-blanco-de-los-recursos-humanos\/#breadcrumb\"},\"inLanguage\":\"es\",\"potentialAction\":[{\"@type\":\"ReadAction\",\"target\":[\"https:\/\/empresas.infoempleo.com\/hrtrends\/el-libro-blanco-de-los-recursos-humanos\/\"]}]},{\"@type\":\"ImageObject\",\"inLanguage\":\"es\",\"@id\":\"https:\/\/empresas.infoempleo.com\/hrtrends\/el-libro-blanco-de-los-recursos-humanos\/#primaryimage\",\"url\":\"https:\/\/empresas.infoempleo.com\/hrtrends\/media\/2017\/05\/pexels-photo-205508-150x150.jpg\",\"contentUrl\":\"https:\/\/empresas.infoempleo.com\/hrtrends\/media\/2017\/05\/pexels-photo-205508-150x150.jpg\",\"width\":150,\"height\":150},{\"@type\":\"BreadcrumbList\",\"@id\":\"https:\/\/empresas.infoempleo.com\/hrtrends\/el-libro-blanco-de-los-recursos-humanos\/#breadcrumb\",\"itemListElement\":[{\"@type\":\"ListItem\",\"position\":1,\"name\":\"Portada\",\"item\":\"https:\/\/empresas.infoempleo.com\/hrtrends\/\"},{\"@type\":\"ListItem\",\"position\":2,\"name\":\"El libro blanco de los Recursos Humanos\"}]},{\"@type\":\"WebSite\",\"@id\":\"https:\/\/empresas.infoempleo.com\/hrtrends\/#website\",\"url\":\"https:\/\/empresas.infoempleo.com\/hrtrends\",\"name\":\"HRTrends by Infoempleo\",\"description\":\"\",\"publisher\":{\"@id\":\"https:\/\/empresas.infoempleo.com\/hrtrends\/#organization\"},\"potentialAction\":{\"@type\":\"SearchAction\",\"target\":\"https:\/\/empresas.infoempleo.com\/hrtrends\/?s={search_term_string}\",\"query-input\":\"required name=search_term_string\"},\"inLanguage\":\"es\"},{\"@type\":\"Organization\",\"@id\":\"https:\/\/empresas.infoempleo.com\/hrtrends\/#organization\",\"name\":\"Infoempleo\",\"url\":\"https:\/\/www.infoempleo.com\/\",\"logo\":{\"@type\":\"ImageObject\",\"@id\":\"https:\/\/empresas.infoempleo.com\/hrtrends\/#logo\",\"inLanguage\":\"es\",\"url\":\"https:\/\/cdnazure.infoempleo.com\/infoempleo\/assets\/style\/gfx\/logo.svg\",\"contentUrl\":\"https:\/\/cdnazure.infoempleo.com\/infoempleo\/assets\/style\/gfx\/logo.svg\",\"width\":150,\"height\":40,\"caption\":\"Infoempleo\"},\"image\":{\"@id\":\"https:\/\/empresas.infoempleo.com\/hrtrends\/#logo\"},\"sameAs\":[\"https:\/\/www.facebook.com\/Infoempleo\",\"https:\/\/x.com\/infoempleo\",\"http:\/\/instagram.com\/infoempleo\/\",\"http:\/\/www.linkedin.com\/groups\/Empleo-Espa\u00f1a-Infoempleocom-111276\",\"http:\/\/pinterest.com\/infoempleo\/\"],\"address\":{\"@type\":\"PostalAddress\",\"addressLocality\":\"Madrid\",\"postalCode\":\"28050\",\"streetAddress\":\"Avenida de Burgos 114\"},\"brand\":[\"Infoempleo\"]},{\"@type\":\"Person\",\"@id\":\"https:\/\/empresas.infoempleo.com\/hrtrends\/#\/schema\/person\/148d627e345a4676aeecce408bfd7761\",\"name\":\"Marta Toledano\",\"image\":{\"@type\":\"ImageObject\",\"inLanguage\":\"es\",\"@id\":\"https:\/\/empresas.infoempleo.com\/hrtrends\/#\/schema\/person\/image\/\",\"url\":\"https:\/\/secure.gravatar.com\/avatar\/93363d5d792ee4fc55b75a71007430155fadc7be42b4e09eee0b8f4c536dc729?s=96&d=mm&r=g\",\"contentUrl\":\"https:\/\/secure.gravatar.com\/avatar\/93363d5d792ee4fc55b75a71007430155fadc7be42b4e09eee0b8f4c536dc729?s=96&d=mm&r=g\",\"caption\":\"Marta Toledano\"},\"url\":\"https:\/\/empresas.infoempleo.com\/hrtrends\/author\/marta-toledano\/\"}]}<\/script>\n<!-- \/ Yoast SEO plugin. -->","yoast_head_json":{"title":"El libro blanco de los Recursos Humanos | HRTRENDS","robots":{"index":"index","follow":"follow","max-snippet":"max-snippet:-1","max-image-preview":"max-image-preview:large","max-video-preview":"max-video-preview:-1"},"canonical":"https:\/\/empresas.infoempleo.com\/hrtrends\/el-libro-blanco-de-los-recursos-humanos\/","og_locale":"es_ES","og_type":"article","og_title":"El libro blanco de los Recursos Humanos | HRTRENDS","og_description":"En el plazo de algo m\u00e1s de un a\u00f1o y medio hemos pasado de hablar de las medidas Leer m\u00e1s","og_url":"https:\/\/empresas.infoempleo.com\/hrtrends\/el-libro-blanco-de-los-recursos-humanos\/","og_site_name":"HRTRENDS","article_publisher":"https:\/\/www.facebook.com\/Infoempleo","article_published_time":"2010-03-01T09:06:31+00:00","article_modified_time":"2022-12-14T13:58:51+00:00","og_image":[{"width":1280,"height":960,"url":"https:\/\/empresas.infoempleo.com\/hrtrends\/media\/2017\/05\/pexels-photo-205508.jpg","type":"image\/jpeg"}],"author":"Marta Toledano","twitter_card":"summary_large_image","twitter_creator":"@infoempleo","twitter_site":"@infoempleo","twitter_misc":{"Escrito por":"Marta Toledano","Tiempo de lectura":"3 minutos"},"schema":{"@context":"https:\/\/schema.org","@graph":[{"@type":"NewsArticle","@id":"https:\/\/empresas.infoempleo.com\/hrtrends\/el-libro-blanco-de-los-recursos-humanos\/#article","isPartOf":{"@id":"https:\/\/empresas.infoempleo.com\/hrtrends\/el-libro-blanco-de-los-recursos-humanos\/"},"author":{"name":"Marta Toledano","@id":"https:\/\/empresas.infoempleo.com\/hrtrends\/#\/schema\/person\/148d627e345a4676aeecce408bfd7761"},"headline":"El libro blanco de los Recursos Humanos","datePublished":"2010-03-01T09:06:31+00:00","dateModified":"2022-12-14T13:58:51+00:00","mainEntityOfPage":{"@id":"https:\/\/empresas.infoempleo.com\/hrtrends\/el-libro-blanco-de-los-recursos-humanos\/"},"wordCount":620,"publisher":{"@id":"https:\/\/empresas.infoempleo.com\/hrtrends\/#organization"},"image":{"@id":"https:\/\/empresas.infoempleo.com\/hrtrends\/el-libro-blanco-de-los-recursos-humanos\/#primaryimage"},"thumbnailUrl":"https:\/\/empresas.infoempleo.com\/hrtrends\/media\/2017\/05\/pexels-photo-205508.jpg","keywords":["Crisis","flexiseguridad"],"articleSection":["Actualidad"],"inLanguage":"es","copyrightYear":"2010","copyrightHolder":{"@id":"https:\/\/empresas.infoempleo.com\/hrtrends\/#organization"}},{"@type":"WebPage","@id":"https:\/\/empresas.infoempleo.com\/hrtrends\/el-libro-blanco-de-los-recursos-humanos\/","url":"https:\/\/empresas.infoempleo.com\/hrtrends\/el-libro-blanco-de-los-recursos-humanos\/","name":"El libro blanco de los Recursos Humanos | HRTRENDS","isPartOf":{"@id":"https:\/\/empresas.infoempleo.com\/hrtrends\/#website"},"primaryImageOfPage":{"@id":"https:\/\/empresas.infoempleo.com\/hrtrends\/el-libro-blanco-de-los-recursos-humanos\/#primaryimage"},"image":{"@id":"https:\/\/empresas.infoempleo.com\/hrtrends\/el-libro-blanco-de-los-recursos-humanos\/#primaryimage"},"thumbnailUrl":"https:\/\/empresas.infoempleo.com\/hrtrends\/media\/2017\/05\/pexels-photo-205508.jpg","datePublished":"2010-03-01T09:06:31+00:00","dateModified":"2022-12-14T13:58:51+00:00","breadcrumb":{"@id":"https:\/\/empresas.infoempleo.com\/hrtrends\/el-libro-blanco-de-los-recursos-humanos\/#breadcrumb"},"inLanguage":"es","potentialAction":[{"@type":"ReadAction","target":["https:\/\/empresas.infoempleo.com\/hrtrends\/el-libro-blanco-de-los-recursos-humanos\/"]}]},{"@type":"ImageObject","inLanguage":"es","@id":"https:\/\/empresas.infoempleo.com\/hrtrends\/el-libro-blanco-de-los-recursos-humanos\/#primaryimage","url":"https:\/\/empresas.infoempleo.com\/hrtrends\/media\/2017\/05\/pexels-photo-205508-150x150.jpg","contentUrl":"https:\/\/empresas.infoempleo.com\/hrtrends\/media\/2017\/05\/pexels-photo-205508-150x150.jpg","width":150,"height":150},{"@type":"BreadcrumbList","@id":"https:\/\/empresas.infoempleo.com\/hrtrends\/el-libro-blanco-de-los-recursos-humanos\/#breadcrumb","itemListElement":[{"@type":"ListItem","position":1,"name":"Portada","item":"https:\/\/empresas.infoempleo.com\/hrtrends\/"},{"@type":"ListItem","position":2,"name":"El libro blanco de los Recursos Humanos"}]},{"@type":"WebSite","@id":"https:\/\/empresas.infoempleo.com\/hrtrends\/#website","url":"https:\/\/empresas.infoempleo.com\/hrtrends","name":"HRTrends by Infoempleo","description":"","publisher":{"@id":"https:\/\/empresas.infoempleo.com\/hrtrends\/#organization"},"potentialAction":{"@type":"SearchAction","target":"https:\/\/empresas.infoempleo.com\/hrtrends\/?s={search_term_string}","query-input":"required name=search_term_string"},"inLanguage":"es"},{"@type":"Organization","@id":"https:\/\/empresas.infoempleo.com\/hrtrends\/#organization","name":"Infoempleo","url":"https:\/\/www.infoempleo.com\/","logo":{"@type":"ImageObject","@id":"https:\/\/empresas.infoempleo.com\/hrtrends\/#logo","inLanguage":"es","url":"https:\/\/cdnazure.infoempleo.com\/infoempleo\/assets\/style\/gfx\/logo.svg","contentUrl":"https:\/\/cdnazure.infoempleo.com\/infoempleo\/assets\/style\/gfx\/logo.svg","width":150,"height":40,"caption":"Infoempleo"},"image":{"@id":"https:\/\/empresas.infoempleo.com\/hrtrends\/#logo"},"sameAs":["https:\/\/www.facebook.com\/Infoempleo","https:\/\/x.com\/infoempleo","http:\/\/instagram.com\/infoempleo\/","http:\/\/www.linkedin.com\/groups\/Empleo-Espa\u00f1a-Infoempleocom-111276","http:\/\/pinterest.com\/infoempleo\/"],"address":{"@type":"PostalAddress","addressLocality":"Madrid","postalCode":"28050","streetAddress":"Avenida de Burgos 114"},"brand":["Infoempleo"]},{"@type":"Person","@id":"https:\/\/empresas.infoempleo.com\/hrtrends\/#\/schema\/person\/148d627e345a4676aeecce408bfd7761","name":"Marta Toledano","image":{"@type":"ImageObject","inLanguage":"es","@id":"https:\/\/empresas.infoempleo.com\/hrtrends\/#\/schema\/person\/image\/","url":"https:\/\/secure.gravatar.com\/avatar\/93363d5d792ee4fc55b75a71007430155fadc7be42b4e09eee0b8f4c536dc729?s=96&d=mm&r=g","contentUrl":"https:\/\/secure.gravatar.com\/avatar\/93363d5d792ee4fc55b75a71007430155fadc7be42b4e09eee0b8f4c536dc729?s=96&d=mm&r=g","caption":"Marta Toledano"},"url":"https:\/\/empresas.infoempleo.com\/hrtrends\/author\/marta-toledano\/"}]}},"amp_enabled":true,"_links":{"self":[{"href":"https:\/\/empresas.infoempleo.com\/hrtrends\/wp-json\/wp\/v2\/posts\/7560","targetHints":{"allow":["GET"]}}],"collection":[{"href":"https:\/\/empresas.infoempleo.com\/hrtrends\/wp-json\/wp\/v2\/posts"}],"about":[{"href":"https:\/\/empresas.infoempleo.com\/hrtrends\/wp-json\/wp\/v2\/types\/post"}],"author":[{"embeddable":true,"href":"https:\/\/empresas.infoempleo.com\/hrtrends\/wp-json\/wp\/v2\/users\/47"}],"replies":[{"embeddable":true,"href":"https:\/\/empresas.infoempleo.com\/hrtrends\/wp-json\/wp\/v2\/comments?post=7560"}],"version-history":[{"count":1,"href":"https:\/\/empresas.infoempleo.com\/hrtrends\/wp-json\/wp\/v2\/posts\/7560\/revisions"}],"predecessor-version":[{"id":41765,"href":"https:\/\/empresas.infoempleo.com\/hrtrends\/wp-json\/wp\/v2\/posts\/7560\/revisions\/41765"}],"wp:featuredmedia":[{"embeddable":true,"href":"https:\/\/empresas.infoempleo.com\/hrtrends\/wp-json\/wp\/v2\/media\/29665"}],"wp:attachment":[{"href":"https:\/\/empresas.infoempleo.com\/hrtrends\/wp-json\/wp\/v2\/media?parent=7560"}],"wp:term":[{"taxonomy":"category","embeddable":true,"href":"https:\/\/empresas.infoempleo.com\/hrtrends\/wp-json\/wp\/v2\/categories?post=7560"},{"taxonomy":"post_tag","embeddable":true,"href":"https:\/\/empresas.infoempleo.com\/hrtrends\/wp-json\/wp\/v2\/tags?post=7560"}],"curies":[{"name":"wp","href":"https:\/\/api.w.org\/{rel}","templated":true}]}}