{"id":7274,"date":"2015-07-28T07:30:37","date_gmt":"2015-07-28T05:30:37","guid":{"rendered":"http:\/\/blog.infoempleo.com\/?p=7274"},"modified":"2023-03-13T19:33:59","modified_gmt":"2023-03-13T17:33:59","slug":"tu-futuro-empleo-vodafone-espana-2","status":"publish","type":"post","link":"https:\/\/empresas.infoempleo.com\/hrtrends\/tu-futuro-empleo-vodafone-espana-2\/","title":{"rendered":"Tu futuro empleo: Vodafone Espa\u00f1a"},"content":{"rendered":"<p style=\"text-align: justify;\">Tanto si accedes a\u00a0un empleo por primera vez como si buscas mejorar tu carrera profesional, es fundamental que conozcas de primera mano lo que piden actualmente las empresas. Por eso, iniciamos una serie de entrevistas\u00a0donde responsables de RRHH de empresas l\u00edderes en nuestro pa\u00eds nos\u00a0contar\u00e1n\u00a0qu\u00e9\u00a0perfiles\u00a0est\u00e1n buscando y c\u00f3mo son sus procesos de selecci\u00f3n.<\/p>\n<p style=\"text-align: justify;\">En esta primera entrega <strong>Bettina Karsch, Directora General de Recursos Humanos\u00a0y Property de Vodafone Espa\u00f1a<\/strong>, describe qu\u00e9 oportunidades\u00a0ofrecen a los nuevos empleados.<\/p>\n<p style=\"text-align: justify;\"><!--more--><\/p>\n<h3 style=\"text-align: justify;\"><strong> \u00bfQu\u00e9 tipo de profesional est\u00e1 buscando la compa\u00f1\u00eda?<\/strong><\/h3>\n<p style=\"text-align: justify;\">Buscamos j\u00f3venes ilusionados, responsables e innovadores\u00a0con ganas de poner en pr\u00e1ctica todos sus\u00a0conocimientos y conocer c\u00f3mo funciona por dentro\u00a0una gran compa\u00f1\u00eda de telecomunicaciones. La curiosidad,\u00a0la perseverancia y el \u201cinsight\u201d son habilidades\u00a0que valoramos como claves para triunfar en un entorno\u00a0como el nuestro.<\/p>\n<h3 style=\"text-align: justify;\"><strong>\u00bfCu\u00e1l es el perfil que se requiere?<br \/>\n<\/strong><\/h3>\n<p style=\"text-align: justify;\">Como puedes suponer, siendo una compa\u00f1\u00eda de\u00a0telecomunicaciones, principalmente buscamos\u00a0ingenierosas en Telecomunicaciones, Industriales,\u00a0Inform\u00e1tica, etc., aunque para nuestras \u00e1reas corporativas\u00a0tambi\u00e9n buscamos titulados superiores en\u00a0Marketing, ADE, Publicidad, etc.<\/p>\n<h3 style=\"text-align: justify;\"><strong>\u00bfC\u00f3mo valoran la formaci\u00f3n de postgrado?<\/strong><\/h3>\n<p style=\"text-align: justify;\">Valoramos muy positivamente la formaci\u00f3n de postgrado,\u00a0as\u00ed como poseer una titulaci\u00f3n universitaria,\u00a0un buen expediente acad\u00e9mico, y haber vivido alguna\u00a0experiencia internacional.<\/p>\n<h3 style=\"text-align: justify;\"><strong>\u00bfC\u00f3mo es la acogida y la adaptaci\u00f3n de los nuevos empleados?<\/strong><\/h3>\n<p style=\"text-align: justify;\">Cuando te incorpores con nosotros, tendr\u00e1s a tu\u00a0disposici\u00f3n un plan de formaci\u00f3n individual orientado\u00a0a que dispongas de la informaci\u00f3n, habilidades\u00a0profesionales y conocimiento t\u00e9cnico necesario para\u00a0desarrollar tu trabajo, e incluso, disfrutar de las oportunidades\u00a0profesionales que brindan los programas\u00a0internos de movilidad.<\/p>\n<h3 style=\"text-align: justify;\"><strong>\u00bfQu\u00e9 plan de formaci\u00f3n les ofrecen?<\/strong><\/h3>\n<p style=\"text-align: justify;\">En Vodafone creemos que todo el mundo tiene\u00a0talento, por lo que nos preocupamos de dotar a los\u00a0empleados del entorno y las herramientas necesarias\u00a0para desarrollarlo.<\/p>\n<p style=\"text-align: justify;\">Nuestro modelo de aprendizaje se basa en la estrategia\u00a070\/20\/10 e incluye formaciones presenciales,\u00a0e-learning, workshops, sesiones informativas y\u00a0recursos virtuales de entrenamiento e intercambio\u00a0de informaci\u00f3n.<\/p>\n<p style=\"text-align: justify;\">Adem\u00e1s, a trav\u00e9s de diferentes herramientas de\u00a0evaluaci\u00f3n continua del desempe\u00f1o y potencial de\u00a0nuestros empleados, fomentamos el desarrollo de\u00a0habilidades \u201con the job\u201d a trav\u00e9s del autoconocimiento,\u00a0que se ve potenciado por nuestros programas\u00a0internos de coaching y mentoring.<\/p>\n<h3 style=\"text-align: justify;\"><strong>\u00bfDe qu\u00e9 partes consta el proceso de selecci\u00f3n que deben seguir?<\/strong><\/h3>\n<p style=\"text-align: justify;\">Para incorporar al mejor talento del mercado a nuestra\u00a0organizaci\u00f3n, hemos dise\u00f1ado e implantado nuevas\u00a0metodolog\u00edas de selecci\u00f3n a nuestros procesos\u00a0de selecci\u00f3n.<\/p>\n<p style=\"text-align: justify;\">Por norma general, nuestro proceso consta, b\u00e1sicamente,\u00a0de cinco fases: la criba curricular, el filtro\u00a0telef\u00f3nico, los test psicot\u00e9cnicos on-line, la entrevista\u00a0personal por competencias y el an\u00e1lisis de caso y, por\u00a0\u00faltimo, nuestro assessment center.<\/p>\n<p style=\"text-align: justify;\">&#8212;&#8212;&#8212;&#8212;&#8212;&#8212;&#8212;&#8212;&#8212;&#8212;&#8212;&#8212;&#8212;&#8212;&#8212;&#8212;&#8212;&#8212;&#8212;&#8212;&#8212;&#8212;&#8212;&#8212;&#8212;&#8212;&#8212;&#8212;&#8212;&#8212;&#8212;&#8212;&#8212;&#8212;&#8212;&#8212;&#8212;&#8212;&#8212;-<\/p>\n<p style=\"text-align: justify;\"><span style=\"color: #000000;\"><strong>ACTIVIDAD<\/strong><\/span><\/p>\n<p style=\"text-align: justify;\">Vodafone proporciona servicios m\u00f3viles\u00a0en 26 pa\u00edses -adem\u00e1s tiene acuerdos\u00a0con otros 55 m\u00e1s- y servicios de banda\u00a0ancha fija en 17 pa\u00edses. Cuenta con m\u00e1s de 444 millones de clientes de telefon\u00eda m\u00f3vil y 11,8 millones de clientes de banda ancha fija.<\/p>\n<p style=\"text-align: justify;\"><span style=\"color: #000000;\"><strong>PUESTOS OFERTADOS<\/strong><\/span><br \/>\n\u2022 Talento Joven: Discover Graduates,\u00a0Becas Talento y Summer MBA<br \/>\n\u2022 Profesionales con experiencia:\u00a0Tecnolog\u00eda, Marketing y Ventas,\u00a0\u00c1reas Corporativas y Tiendas<\/p>\n<p style=\"text-align: justify;\"><span style=\"color: #000000;\"><strong>PROCESO DE SELECCI\u00d3N<\/strong><\/span><br \/>\nAunque se ajusta en funci\u00f3n de las\u00a0necesidades de la organizaci\u00f3n, y de\u00a0los perfiles requeridos en cada momento,\u00a0nuestro proceso de selecci\u00f3n\u00a0se compone b\u00e1sicamente de 4 fases:<br \/>\n\u2022 FASE 1- Criba curricular. Recepci\u00f3n\u00a0de candidaturas a trav\u00e9s de Jobsites, universidades, foros de empleo, etc.<br \/>\n\u2022 FASE 2- Entrevista telef\u00f3nica<br \/>\n\u2022 FASE 3- Entrevista personal<br \/>\n\u2022 FASE 4- Assessment center<\/p>\n","protected":false},"excerpt":{"rendered":"<p>Tanto si accedes a\u00a0un empleo por primera vez como si buscas mejorar tu carrera profesional, es fundamental que<a class=\"moretag\" href=\"https:\/\/empresas.infoempleo.com\/hrtrends\/tu-futuro-empleo-vodafone-espana-2\/\"> Leer m\u00e1s<\/a><\/p>\n","protected":false},"author":23,"featured_media":7363,"comment_status":"closed","ping_status":"open","sticky":false,"template":"","format":"standard","meta":{"footnotes":""},"categories":[3],"tags":[162,1140,665],"class_list":["post-7274","post","type-post","status-publish","format-standard","has-post-thumbnail","hentry","category-actualidad","tag-empleo","tag-tu-futuro-empleo","tag-vodafone"],"yoast_head":"<!-- This site is optimized with the Yoast SEO plugin v26.1.1 - https:\/\/yoast.com\/wordpress\/plugins\/seo\/ -->\n<title>Tu futuro empleo: Vodafone Espa\u00f1a | HRTRENDS<\/title>\n<meta name=\"description\" content=\"Tanto si accedes a un empleo por primera vez como si buscas mejorar tu carrera profesional, es fundamental que conozcas de primera mano lo que piden actualmente las empresas. Por eso, iniciamos una serie de entrevistas donde responsables de RRHH de empresas l\u00edderes en nuestro pa\u00eds nos contar\u00e1n qu\u00e9 perfiles est\u00e1n buscando y c\u00f3mo son sus procesos de selecci\u00f3n. En esta primera entrega Bettina Karsch, Directora General de Recursos Humanos y Property de Vodafone Espa\u00f1a, describe qu\u00e9 oportunidades ofrecen a los nuevos empleados.\" \/>\n<meta name=\"robots\" content=\"index, follow, max-snippet:-1, max-image-preview:large, max-video-preview:-1\" \/>\n<link rel=\"canonical\" href=\"https:\/\/empresas.infoempleo.com\/hrtrends\/tu-futuro-empleo-vodafone-espana-2\/\" \/>\n<meta property=\"og:locale\" content=\"es_ES\" \/>\n<meta property=\"og:type\" content=\"article\" \/>\n<meta property=\"og:title\" content=\"Tu futuro empleo: Vodafone Espa\u00f1a | HRTRENDS\" \/>\n<meta property=\"og:description\" content=\"Tanto si accedes a un empleo por primera vez como si buscas mejorar tu carrera profesional, es fundamental que conozcas de primera mano lo que piden actualmente las empresas. Por eso, iniciamos una serie de entrevistas donde responsables de RRHH de empresas l\u00edderes en nuestro pa\u00eds nos contar\u00e1n qu\u00e9 perfiles est\u00e1n buscando y c\u00f3mo son sus procesos de selecci\u00f3n. En esta primera entrega Bettina Karsch, Directora General de Recursos Humanos y Property de Vodafone Espa\u00f1a, describe qu\u00e9 oportunidades ofrecen a los nuevos empleados.\" \/>\n<meta property=\"og:url\" content=\"https:\/\/empresas.infoempleo.com\/hrtrends\/tu-futuro-empleo-vodafone-espana-2\/\" \/>\n<meta property=\"og:site_name\" content=\"HRTRENDS\" \/>\n<meta property=\"article:publisher\" content=\"https:\/\/www.facebook.com\/Infoempleo\" \/>\n<meta property=\"article:published_time\" content=\"2015-07-28T05:30:37+00:00\" \/>\n<meta property=\"article:modified_time\" content=\"2023-03-13T17:33:59+00:00\" \/>\n<meta property=\"og:image\" content=\"https:\/\/empresas.infoempleo.com\/hrtrends\/media\/2015\/07\/vodafone.jpg\" \/>\n\t<meta property=\"og:image:width\" content=\"546\" \/>\n\t<meta property=\"og:image:height\" content=\"256\" \/>\n\t<meta property=\"og:image:type\" content=\"image\/jpeg\" \/>\n<meta name=\"author\" content=\"Avanzaentucarrera\" \/>\n<meta name=\"twitter:card\" content=\"summary_large_image\" \/>\n<meta name=\"twitter:creator\" content=\"@infoempleo\" \/>\n<meta name=\"twitter:site\" content=\"@infoempleo\" \/>\n<meta name=\"twitter:label1\" content=\"Escrito por\" \/>\n\t<meta name=\"twitter:data1\" content=\"Avanzaentucarrera\" \/>\n\t<meta name=\"twitter:label2\" content=\"Tiempo de lectura\" \/>\n\t<meta name=\"twitter:data2\" content=\"3 minutos\" \/>\n<script type=\"application\/ld+json\" class=\"yoast-schema-graph\">{\"@context\":\"https:\/\/schema.org\",\"@graph\":[{\"@type\":\"NewsArticle\",\"@id\":\"https:\/\/empresas.infoempleo.com\/hrtrends\/tu-futuro-empleo-vodafone-espana-2\/#article\",\"isPartOf\":{\"@id\":\"https:\/\/empresas.infoempleo.com\/hrtrends\/tu-futuro-empleo-vodafone-espana-2\/\"},\"author\":{\"name\":\"Avanzaentucarrera\",\"@id\":\"https:\/\/empresas.infoempleo.com\/hrtrends\/#\/schema\/person\/9766dfc17e3fd4dee81a58a9d669dacf\"},\"headline\":\"Tu futuro empleo: Vodafone Espa\u00f1a\",\"datePublished\":\"2015-07-28T05:30:37+00:00\",\"dateModified\":\"2023-03-13T17:33:59+00:00\",\"mainEntityOfPage\":{\"@id\":\"https:\/\/empresas.infoempleo.com\/hrtrends\/tu-futuro-empleo-vodafone-espana-2\/\"},\"wordCount\":618,\"publisher\":{\"@id\":\"https:\/\/empresas.infoempleo.com\/hrtrends\/#organization\"},\"image\":{\"@id\":\"https:\/\/empresas.infoempleo.com\/hrtrends\/tu-futuro-empleo-vodafone-espana-2\/#primaryimage\"},\"thumbnailUrl\":\"https:\/\/empresas.infoempleo.com\/hrtrends\/media\/2015\/07\/vodafone.jpg\",\"keywords\":[\"Empleo\",\"Tu futuro empleo\",\"Vodafone\"],\"articleSection\":[\"Actualidad\"],\"inLanguage\":\"es\",\"copyrightYear\":\"2015\",\"copyrightHolder\":{\"@id\":\"https:\/\/empresas.infoempleo.com\/hrtrends\/#organization\"}},{\"@type\":\"WebPage\",\"@id\":\"https:\/\/empresas.infoempleo.com\/hrtrends\/tu-futuro-empleo-vodafone-espana-2\/\",\"url\":\"https:\/\/empresas.infoempleo.com\/hrtrends\/tu-futuro-empleo-vodafone-espana-2\/\",\"name\":\"Tu futuro empleo: Vodafone Espa\u00f1a | HRTRENDS\",\"isPartOf\":{\"@id\":\"https:\/\/empresas.infoempleo.com\/hrtrends\/#website\"},\"primaryImageOfPage\":{\"@id\":\"https:\/\/empresas.infoempleo.com\/hrtrends\/tu-futuro-empleo-vodafone-espana-2\/#primaryimage\"},\"image\":{\"@id\":\"https:\/\/empresas.infoempleo.com\/hrtrends\/tu-futuro-empleo-vodafone-espana-2\/#primaryimage\"},\"thumbnailUrl\":\"https:\/\/empresas.infoempleo.com\/hrtrends\/media\/2015\/07\/vodafone.jpg\",\"datePublished\":\"2015-07-28T05:30:37+00:00\",\"dateModified\":\"2023-03-13T17:33:59+00:00\",\"description\":\"Tanto si accedes a un empleo por primera vez como si buscas mejorar tu carrera profesional, es fundamental que conozcas de primera mano lo que piden actualmente las empresas. Por eso, iniciamos una serie de entrevistas donde responsables de RRHH de empresas l\u00edderes en nuestro pa\u00eds nos contar\u00e1n qu\u00e9 perfiles est\u00e1n buscando y c\u00f3mo son sus procesos de selecci\u00f3n. En esta primera entrega Bettina Karsch, Directora General de Recursos Humanos y Property de Vodafone Espa\u00f1a, describe qu\u00e9 oportunidades ofrecen a los nuevos empleados.\",\"breadcrumb\":{\"@id\":\"https:\/\/empresas.infoempleo.com\/hrtrends\/tu-futuro-empleo-vodafone-espana-2\/#breadcrumb\"},\"inLanguage\":\"es\",\"potentialAction\":[{\"@type\":\"ReadAction\",\"target\":[\"https:\/\/empresas.infoempleo.com\/hrtrends\/tu-futuro-empleo-vodafone-espana-2\/\"]}]},{\"@type\":\"ImageObject\",\"inLanguage\":\"es\",\"@id\":\"https:\/\/empresas.infoempleo.com\/hrtrends\/tu-futuro-empleo-vodafone-espana-2\/#primaryimage\",\"url\":\"https:\/\/empresas.infoempleo.com\/hrtrends\/media\/2015\/07\/vodafone-150x150.jpg\",\"contentUrl\":\"https:\/\/empresas.infoempleo.com\/hrtrends\/media\/2015\/07\/vodafone-150x150.jpg\",\"width\":150,\"height\":150},{\"@type\":\"BreadcrumbList\",\"@id\":\"https:\/\/empresas.infoempleo.com\/hrtrends\/tu-futuro-empleo-vodafone-espana-2\/#breadcrumb\",\"itemListElement\":[{\"@type\":\"ListItem\",\"position\":1,\"name\":\"Portada\",\"item\":\"https:\/\/empresas.infoempleo.com\/hrtrends\/\"},{\"@type\":\"ListItem\",\"position\":2,\"name\":\"Tu futuro empleo: Vodafone Espa\u00f1a\"}]},{\"@type\":\"WebSite\",\"@id\":\"https:\/\/empresas.infoempleo.com\/hrtrends\/#website\",\"url\":\"https:\/\/empresas.infoempleo.com\/hrtrends\",\"name\":\"HRTrends by Infoempleo\",\"description\":\"\",\"publisher\":{\"@id\":\"https:\/\/empresas.infoempleo.com\/hrtrends\/#organization\"},\"potentialAction\":{\"@type\":\"SearchAction\",\"target\":\"https:\/\/empresas.infoempleo.com\/hrtrends\/?s={search_term_string}\",\"query-input\":\"required name=search_term_string\"},\"inLanguage\":\"es\"},{\"@type\":\"Organization\",\"@id\":\"https:\/\/empresas.infoempleo.com\/hrtrends\/#organization\",\"name\":\"Infoempleo\",\"url\":\"https:\/\/www.infoempleo.com\/\",\"logo\":{\"@type\":\"ImageObject\",\"@id\":\"https:\/\/empresas.infoempleo.com\/hrtrends\/#logo\",\"inLanguage\":\"es\",\"url\":\"https:\/\/cdnazure.infoempleo.com\/infoempleo\/assets\/style\/gfx\/logo.svg\",\"contentUrl\":\"https:\/\/cdnazure.infoempleo.com\/infoempleo\/assets\/style\/gfx\/logo.svg\",\"width\":150,\"height\":40,\"caption\":\"Infoempleo\"},\"image\":{\"@id\":\"https:\/\/empresas.infoempleo.com\/hrtrends\/#logo\"},\"sameAs\":[\"https:\/\/www.facebook.com\/Infoempleo\",\"https:\/\/x.com\/infoempleo\",\"http:\/\/instagram.com\/infoempleo\/\",\"http:\/\/www.linkedin.com\/groups\/Empleo-Espa\u00f1a-Infoempleocom-111276\",\"http:\/\/pinterest.com\/infoempleo\/\"],\"address\":{\"@type\":\"PostalAddress\",\"addressLocality\":\"Madrid\",\"postalCode\":\"28050\",\"streetAddress\":\"Avenida de Burgos 114\"},\"brand\":[\"Infoempleo\"]},{\"@type\":\"Person\",\"@id\":\"https:\/\/empresas.infoempleo.com\/hrtrends\/#\/schema\/person\/9766dfc17e3fd4dee81a58a9d669dacf\",\"name\":\"Avanzaentucarrera\",\"image\":{\"@type\":\"ImageObject\",\"inLanguage\":\"es\",\"@id\":\"https:\/\/empresas.infoempleo.com\/hrtrends\/#\/schema\/person\/image\/\",\"url\":\"https:\/\/secure.gravatar.com\/avatar\/4e1cd3d98936102c7d0312aaf47bf63c1a49939b5e56c48e33c29e638c49e8c8?s=96&d=mm&r=g\",\"contentUrl\":\"https:\/\/secure.gravatar.com\/avatar\/4e1cd3d98936102c7d0312aaf47bf63c1a49939b5e56c48e33c29e638c49e8c8?s=96&d=mm&r=g\",\"caption\":\"Avanzaentucarrera\"},\"url\":\"https:\/\/empresas.infoempleo.com\/hrtrends\/author\/avanzaentucarrera\/\"}]}<\/script>\n<!-- \/ Yoast SEO plugin. -->","yoast_head_json":{"title":"Tu futuro empleo: Vodafone Espa\u00f1a | HRTRENDS","description":"Tanto si accedes a un empleo por primera vez como si buscas mejorar tu carrera profesional, es fundamental que conozcas de primera mano lo que piden actualmente las empresas. Por eso, iniciamos una serie de entrevistas donde responsables de RRHH de empresas l\u00edderes en nuestro pa\u00eds nos contar\u00e1n qu\u00e9 perfiles est\u00e1n buscando y c\u00f3mo son sus procesos de selecci\u00f3n. En esta primera entrega Bettina Karsch, Directora General de Recursos Humanos y Property de Vodafone Espa\u00f1a, describe qu\u00e9 oportunidades ofrecen a los nuevos empleados.","robots":{"index":"index","follow":"follow","max-snippet":"max-snippet:-1","max-image-preview":"max-image-preview:large","max-video-preview":"max-video-preview:-1"},"canonical":"https:\/\/empresas.infoempleo.com\/hrtrends\/tu-futuro-empleo-vodafone-espana-2\/","og_locale":"es_ES","og_type":"article","og_title":"Tu futuro empleo: Vodafone Espa\u00f1a | HRTRENDS","og_description":"Tanto si accedes a un empleo por primera vez como si buscas mejorar tu carrera profesional, es fundamental que conozcas de primera mano lo que piden actualmente las empresas. Por eso, iniciamos una serie de entrevistas donde responsables de RRHH de empresas l\u00edderes en nuestro pa\u00eds nos contar\u00e1n qu\u00e9 perfiles est\u00e1n buscando y c\u00f3mo son sus procesos de selecci\u00f3n. En esta primera entrega Bettina Karsch, Directora General de Recursos Humanos y Property de Vodafone Espa\u00f1a, describe qu\u00e9 oportunidades ofrecen a los nuevos empleados.","og_url":"https:\/\/empresas.infoempleo.com\/hrtrends\/tu-futuro-empleo-vodafone-espana-2\/","og_site_name":"HRTRENDS","article_publisher":"https:\/\/www.facebook.com\/Infoempleo","article_published_time":"2015-07-28T05:30:37+00:00","article_modified_time":"2023-03-13T17:33:59+00:00","og_image":[{"width":546,"height":256,"url":"https:\/\/empresas.infoempleo.com\/hrtrends\/media\/2015\/07\/vodafone.jpg","type":"image\/jpeg"}],"author":"Avanzaentucarrera","twitter_card":"summary_large_image","twitter_creator":"@infoempleo","twitter_site":"@infoempleo","twitter_misc":{"Escrito por":"Avanzaentucarrera","Tiempo de lectura":"3 minutos"},"schema":{"@context":"https:\/\/schema.org","@graph":[{"@type":"NewsArticle","@id":"https:\/\/empresas.infoempleo.com\/hrtrends\/tu-futuro-empleo-vodafone-espana-2\/#article","isPartOf":{"@id":"https:\/\/empresas.infoempleo.com\/hrtrends\/tu-futuro-empleo-vodafone-espana-2\/"},"author":{"name":"Avanzaentucarrera","@id":"https:\/\/empresas.infoempleo.com\/hrtrends\/#\/schema\/person\/9766dfc17e3fd4dee81a58a9d669dacf"},"headline":"Tu futuro empleo: Vodafone Espa\u00f1a","datePublished":"2015-07-28T05:30:37+00:00","dateModified":"2023-03-13T17:33:59+00:00","mainEntityOfPage":{"@id":"https:\/\/empresas.infoempleo.com\/hrtrends\/tu-futuro-empleo-vodafone-espana-2\/"},"wordCount":618,"publisher":{"@id":"https:\/\/empresas.infoempleo.com\/hrtrends\/#organization"},"image":{"@id":"https:\/\/empresas.infoempleo.com\/hrtrends\/tu-futuro-empleo-vodafone-espana-2\/#primaryimage"},"thumbnailUrl":"https:\/\/empresas.infoempleo.com\/hrtrends\/media\/2015\/07\/vodafone.jpg","keywords":["Empleo","Tu futuro empleo","Vodafone"],"articleSection":["Actualidad"],"inLanguage":"es","copyrightYear":"2015","copyrightHolder":{"@id":"https:\/\/empresas.infoempleo.com\/hrtrends\/#organization"}},{"@type":"WebPage","@id":"https:\/\/empresas.infoempleo.com\/hrtrends\/tu-futuro-empleo-vodafone-espana-2\/","url":"https:\/\/empresas.infoempleo.com\/hrtrends\/tu-futuro-empleo-vodafone-espana-2\/","name":"Tu futuro empleo: Vodafone Espa\u00f1a | HRTRENDS","isPartOf":{"@id":"https:\/\/empresas.infoempleo.com\/hrtrends\/#website"},"primaryImageOfPage":{"@id":"https:\/\/empresas.infoempleo.com\/hrtrends\/tu-futuro-empleo-vodafone-espana-2\/#primaryimage"},"image":{"@id":"https:\/\/empresas.infoempleo.com\/hrtrends\/tu-futuro-empleo-vodafone-espana-2\/#primaryimage"},"thumbnailUrl":"https:\/\/empresas.infoempleo.com\/hrtrends\/media\/2015\/07\/vodafone.jpg","datePublished":"2015-07-28T05:30:37+00:00","dateModified":"2023-03-13T17:33:59+00:00","description":"Tanto si accedes a un empleo por primera vez como si buscas mejorar tu carrera profesional, es fundamental que conozcas de primera mano lo que piden actualmente las empresas. Por eso, iniciamos una serie de entrevistas donde responsables de RRHH de empresas l\u00edderes en nuestro pa\u00eds nos contar\u00e1n qu\u00e9 perfiles est\u00e1n buscando y c\u00f3mo son sus procesos de selecci\u00f3n. En esta primera entrega Bettina Karsch, Directora General de Recursos Humanos y Property de Vodafone Espa\u00f1a, describe qu\u00e9 oportunidades ofrecen a los nuevos empleados.","breadcrumb":{"@id":"https:\/\/empresas.infoempleo.com\/hrtrends\/tu-futuro-empleo-vodafone-espana-2\/#breadcrumb"},"inLanguage":"es","potentialAction":[{"@type":"ReadAction","target":["https:\/\/empresas.infoempleo.com\/hrtrends\/tu-futuro-empleo-vodafone-espana-2\/"]}]},{"@type":"ImageObject","inLanguage":"es","@id":"https:\/\/empresas.infoempleo.com\/hrtrends\/tu-futuro-empleo-vodafone-espana-2\/#primaryimage","url":"https:\/\/empresas.infoempleo.com\/hrtrends\/media\/2015\/07\/vodafone-150x150.jpg","contentUrl":"https:\/\/empresas.infoempleo.com\/hrtrends\/media\/2015\/07\/vodafone-150x150.jpg","width":150,"height":150},{"@type":"BreadcrumbList","@id":"https:\/\/empresas.infoempleo.com\/hrtrends\/tu-futuro-empleo-vodafone-espana-2\/#breadcrumb","itemListElement":[{"@type":"ListItem","position":1,"name":"Portada","item":"https:\/\/empresas.infoempleo.com\/hrtrends\/"},{"@type":"ListItem","position":2,"name":"Tu futuro empleo: Vodafone Espa\u00f1a"}]},{"@type":"WebSite","@id":"https:\/\/empresas.infoempleo.com\/hrtrends\/#website","url":"https:\/\/empresas.infoempleo.com\/hrtrends","name":"HRTrends by Infoempleo","description":"","publisher":{"@id":"https:\/\/empresas.infoempleo.com\/hrtrends\/#organization"},"potentialAction":{"@type":"SearchAction","target":"https:\/\/empresas.infoempleo.com\/hrtrends\/?s={search_term_string}","query-input":"required name=search_term_string"},"inLanguage":"es"},{"@type":"Organization","@id":"https:\/\/empresas.infoempleo.com\/hrtrends\/#organization","name":"Infoempleo","url":"https:\/\/www.infoempleo.com\/","logo":{"@type":"ImageObject","@id":"https:\/\/empresas.infoempleo.com\/hrtrends\/#logo","inLanguage":"es","url":"https:\/\/cdnazure.infoempleo.com\/infoempleo\/assets\/style\/gfx\/logo.svg","contentUrl":"https:\/\/cdnazure.infoempleo.com\/infoempleo\/assets\/style\/gfx\/logo.svg","width":150,"height":40,"caption":"Infoempleo"},"image":{"@id":"https:\/\/empresas.infoempleo.com\/hrtrends\/#logo"},"sameAs":["https:\/\/www.facebook.com\/Infoempleo","https:\/\/x.com\/infoempleo","http:\/\/instagram.com\/infoempleo\/","http:\/\/www.linkedin.com\/groups\/Empleo-Espa\u00f1a-Infoempleocom-111276","http:\/\/pinterest.com\/infoempleo\/"],"address":{"@type":"PostalAddress","addressLocality":"Madrid","postalCode":"28050","streetAddress":"Avenida de Burgos 114"},"brand":["Infoempleo"]},{"@type":"Person","@id":"https:\/\/empresas.infoempleo.com\/hrtrends\/#\/schema\/person\/9766dfc17e3fd4dee81a58a9d669dacf","name":"Avanzaentucarrera","image":{"@type":"ImageObject","inLanguage":"es","@id":"https:\/\/empresas.infoempleo.com\/hrtrends\/#\/schema\/person\/image\/","url":"https:\/\/secure.gravatar.com\/avatar\/4e1cd3d98936102c7d0312aaf47bf63c1a49939b5e56c48e33c29e638c49e8c8?s=96&d=mm&r=g","contentUrl":"https:\/\/secure.gravatar.com\/avatar\/4e1cd3d98936102c7d0312aaf47bf63c1a49939b5e56c48e33c29e638c49e8c8?s=96&d=mm&r=g","caption":"Avanzaentucarrera"},"url":"https:\/\/empresas.infoempleo.com\/hrtrends\/author\/avanzaentucarrera\/"}]}},"amp_enabled":true,"_links":{"self":[{"href":"https:\/\/empresas.infoempleo.com\/hrtrends\/wp-json\/wp\/v2\/posts\/7274","targetHints":{"allow":["GET"]}}],"collection":[{"href":"https:\/\/empresas.infoempleo.com\/hrtrends\/wp-json\/wp\/v2\/posts"}],"about":[{"href":"https:\/\/empresas.infoempleo.com\/hrtrends\/wp-json\/wp\/v2\/types\/post"}],"author":[{"embeddable":true,"href":"https:\/\/empresas.infoempleo.com\/hrtrends\/wp-json\/wp\/v2\/users\/23"}],"replies":[{"embeddable":true,"href":"https:\/\/empresas.infoempleo.com\/hrtrends\/wp-json\/wp\/v2\/comments?post=7274"}],"version-history":[{"count":1,"href":"https:\/\/empresas.infoempleo.com\/hrtrends\/wp-json\/wp\/v2\/posts\/7274\/revisions"}],"predecessor-version":[{"id":43403,"href":"https:\/\/empresas.infoempleo.com\/hrtrends\/wp-json\/wp\/v2\/posts\/7274\/revisions\/43403"}],"wp:featuredmedia":[{"embeddable":true,"href":"https:\/\/empresas.infoempleo.com\/hrtrends\/wp-json\/wp\/v2\/media\/7363"}],"wp:attachment":[{"href":"https:\/\/empresas.infoempleo.com\/hrtrends\/wp-json\/wp\/v2\/media?parent=7274"}],"wp:term":[{"taxonomy":"category","embeddable":true,"href":"https:\/\/empresas.infoempleo.com\/hrtrends\/wp-json\/wp\/v2\/categories?post=7274"},{"taxonomy":"post_tag","embeddable":true,"href":"https:\/\/empresas.infoempleo.com\/hrtrends\/wp-json\/wp\/v2\/tags?post=7274"}],"curies":[{"name":"wp","href":"https:\/\/api.w.org\/{rel}","templated":true}]}}