{"id":7208,"date":"2010-02-15T09:06:57","date_gmt":"2010-02-15T08:06:57","guid":{"rendered":"http:\/\/blog.infoempleo.com\/?p=7208"},"modified":"2023-03-13T19:33:58","modified_gmt":"2023-03-13T17:33:58","slug":"el-mercado-echa-mano-de-los-titulados-en-fp","status":"publish","type":"post","link":"https:\/\/empresas.infoempleo.com\/hrtrends\/el-mercado-echa-mano-de-los-titulados-en-fp\/","title":{"rendered":"El mercado echa mano de los titulados en FP"},"content":{"rendered":"<p>\u00a0<\/p>\n<p>A estas alturas nadie duda de que<strong> la carrera en Administraci\u00f3n y Direcci\u00f3n de Empresas es un valor seguro en el mercado<\/strong>. Un mes m\u00e1s, sus licenciados, seg\u00fan refleja el Term\u00f3metro Laboral de Infoempleo.com, renuevan su primera posici\u00f3n como los titulados universitarios m\u00e1s demandados por los empleadores y acaparan m\u00e1s del 7% del total de ofertas para este perfil. Sin embargo, la atenci\u00f3n de las compa\u00f1\u00edas comienza a abrirse hacia nuevos frentes.<\/p>\n<p>En el \u00faltimo mes, <strong>las vacantes para titulados en Formaci\u00f3n Profesional han llegado a representar el 36,36% de todas las analizadas por Infoempleo.com; un porcentaje que no se alcanzaba desde el mes de febrero de 2008<\/strong>, cuando super\u00f3 el 38%. Adem\u00e1s, esta cifra augura un buen a\u00f1o para los candidatos de perfil t\u00e9cnico, que en los \u00faltimos doce meses han recibido, de media, tres de cada diez ofertas. En este grupo, los titulados en Electricidad y Electr\u00f3nica, Fabricaci\u00f3n Mec\u00e1nica y Administraci\u00f3n son los m\u00e1s buscados. Los que poseen alguna titulaci\u00f3n de la familia de Sanidad tambi\u00e9n est\u00e1n de enhorabuena, ya que las oportunidades para ellos se han incrementado en cerca de cuatro puntos con respecto al mes de diciembre.<\/p>\n<p>Pese al aumento de puestos para la FP, los <strong>universitarios siguen dominando la partida con un 63,64% de las vacantes<\/strong>. Los expertos en gesti\u00f3n empresarial demuestran una vez m\u00e1s que son polivalentes y aptos para casi cualquier sector, y reciben el 7% de las ofertas de trabajo. Por su parte, los titulados en Ingenier\u00eda Industrial, tambi\u00e9n valorados por su versatilidad y formaci\u00f3n, dejan paso a los m\u00e9dicos, que a lo largo del a\u00f1o pasado no entraron en el p\u00f3dium de honor en ninguna ocasi\u00f3n.<\/p>\n","protected":false},"excerpt":{"rendered":"<p>\u00a0 A estas alturas nadie duda de que la carrera en Administraci\u00f3n y Direcci\u00f3n de Empresas es un<a class=\"moretag\" href=\"https:\/\/empresas.infoempleo.com\/hrtrends\/el-mercado-echa-mano-de-los-titulados-en-fp\/\"> Leer m\u00e1s<\/a><\/p>\n","protected":false},"author":33,"featured_media":29665,"comment_status":"closed","ping_status":"open","sticky":false,"template":"","format":"standard","meta":{"footnotes":""},"categories":[3],"tags":[478,293,1123,162,332,480,1132,537,320,1133],"class_list":["post-7208","post","type-post","status-publish","format-standard","has-post-thumbnail","hentry","category-actualidad","tag-ade","tag-carrera","tag-cualificado","tag-empleo","tag-formacion-profesional","tag-fp","tag-ingenieria","tag-licenciados","tag-oferta","tag-universitario"],"yoast_head":"<!-- This site is optimized with the Yoast SEO plugin v26.1.1 - https:\/\/yoast.com\/wordpress\/plugins\/seo\/ -->\n<title>El mercado echa mano de los titulados en FP | HRTRENDS<\/title>\n<meta name=\"robots\" content=\"index, follow, max-snippet:-1, max-image-preview:large, max-video-preview:-1\" \/>\n<link rel=\"canonical\" href=\"https:\/\/empresas.infoempleo.com\/hrtrends\/el-mercado-echa-mano-de-los-titulados-en-fp\/\" \/>\n<meta property=\"og:locale\" content=\"es_ES\" \/>\n<meta property=\"og:type\" content=\"article\" \/>\n<meta property=\"og:title\" content=\"El mercado echa mano de los titulados en FP | HRTRENDS\" \/>\n<meta property=\"og:description\" content=\"\u00a0 A estas alturas nadie duda de que la carrera en Administraci\u00f3n y Direcci\u00f3n de Empresas es un Leer m\u00e1s\" \/>\n<meta property=\"og:url\" content=\"https:\/\/empresas.infoempleo.com\/hrtrends\/el-mercado-echa-mano-de-los-titulados-en-fp\/\" \/>\n<meta property=\"og:site_name\" content=\"HRTRENDS\" \/>\n<meta property=\"article:publisher\" content=\"https:\/\/www.facebook.com\/Infoempleo\" \/>\n<meta property=\"article:published_time\" content=\"2010-02-15T08:06:57+00:00\" \/>\n<meta property=\"article:modified_time\" content=\"2023-03-13T17:33:58+00:00\" \/>\n<meta property=\"og:image\" content=\"https:\/\/empresas.infoempleo.com\/hrtrends\/media\/2017\/05\/pexels-photo-205508.jpg\" \/>\n\t<meta property=\"og:image:width\" content=\"1280\" \/>\n\t<meta property=\"og:image:height\" content=\"960\" \/>\n\t<meta property=\"og:image:type\" content=\"image\/jpeg\" \/>\n<meta name=\"author\" content=\"Cristina Mart\u00edn\" \/>\n<meta name=\"twitter:card\" content=\"summary_large_image\" \/>\n<meta name=\"twitter:creator\" content=\"@infoempleo\" \/>\n<meta name=\"twitter:site\" content=\"@infoempleo\" \/>\n<meta name=\"twitter:label1\" content=\"Escrito por\" \/>\n\t<meta name=\"twitter:data1\" content=\"Cristina Mart\u00edn\" \/>\n\t<meta name=\"twitter:label2\" content=\"Tiempo de lectura\" \/>\n\t<meta name=\"twitter:data2\" content=\"2 minutos\" \/>\n<script type=\"application\/ld+json\" class=\"yoast-schema-graph\">{\"@context\":\"https:\/\/schema.org\",\"@graph\":[{\"@type\":\"NewsArticle\",\"@id\":\"https:\/\/empresas.infoempleo.com\/hrtrends\/el-mercado-echa-mano-de-los-titulados-en-fp\/#article\",\"isPartOf\":{\"@id\":\"https:\/\/empresas.infoempleo.com\/hrtrends\/el-mercado-echa-mano-de-los-titulados-en-fp\/\"},\"author\":{\"name\":\"Cristina Mart\u00edn\",\"@id\":\"https:\/\/empresas.infoempleo.com\/hrtrends\/#\/schema\/person\/f211bd3f083559daff103f670fe968b8\"},\"headline\":\"El mercado echa mano de los titulados en FP\",\"datePublished\":\"2010-02-15T08:06:57+00:00\",\"dateModified\":\"2023-03-13T17:33:58+00:00\",\"mainEntityOfPage\":{\"@id\":\"https:\/\/empresas.infoempleo.com\/hrtrends\/el-mercado-echa-mano-de-los-titulados-en-fp\/\"},\"wordCount\":311,\"publisher\":{\"@id\":\"https:\/\/empresas.infoempleo.com\/hrtrends\/#organization\"},\"image\":{\"@id\":\"https:\/\/empresas.infoempleo.com\/hrtrends\/el-mercado-echa-mano-de-los-titulados-en-fp\/#primaryimage\"},\"thumbnailUrl\":\"https:\/\/empresas.infoempleo.com\/hrtrends\/media\/2017\/05\/pexels-photo-205508.jpg\",\"keywords\":[\"ADE\",\"carrera\",\"cualificado\",\"Empleo\",\"formaci\u00f3n profesional\",\"FP\",\"ingenier\u00eda\",\"licenciados\",\"oferta\",\"universitario\"],\"articleSection\":[\"Actualidad\"],\"inLanguage\":\"es\",\"copyrightYear\":\"2010\",\"copyrightHolder\":{\"@id\":\"https:\/\/empresas.infoempleo.com\/hrtrends\/#organization\"}},{\"@type\":\"WebPage\",\"@id\":\"https:\/\/empresas.infoempleo.com\/hrtrends\/el-mercado-echa-mano-de-los-titulados-en-fp\/\",\"url\":\"https:\/\/empresas.infoempleo.com\/hrtrends\/el-mercado-echa-mano-de-los-titulados-en-fp\/\",\"name\":\"El mercado echa mano de los titulados en FP | HRTRENDS\",\"isPartOf\":{\"@id\":\"https:\/\/empresas.infoempleo.com\/hrtrends\/#website\"},\"primaryImageOfPage\":{\"@id\":\"https:\/\/empresas.infoempleo.com\/hrtrends\/el-mercado-echa-mano-de-los-titulados-en-fp\/#primaryimage\"},\"image\":{\"@id\":\"https:\/\/empresas.infoempleo.com\/hrtrends\/el-mercado-echa-mano-de-los-titulados-en-fp\/#primaryimage\"},\"thumbnailUrl\":\"https:\/\/empresas.infoempleo.com\/hrtrends\/media\/2017\/05\/pexels-photo-205508.jpg\",\"datePublished\":\"2010-02-15T08:06:57+00:00\",\"dateModified\":\"2023-03-13T17:33:58+00:00\",\"breadcrumb\":{\"@id\":\"https:\/\/empresas.infoempleo.com\/hrtrends\/el-mercado-echa-mano-de-los-titulados-en-fp\/#breadcrumb\"},\"inLanguage\":\"es\",\"potentialAction\":[{\"@type\":\"ReadAction\",\"target\":[\"https:\/\/empresas.infoempleo.com\/hrtrends\/el-mercado-echa-mano-de-los-titulados-en-fp\/\"]}]},{\"@type\":\"ImageObject\",\"inLanguage\":\"es\",\"@id\":\"https:\/\/empresas.infoempleo.com\/hrtrends\/el-mercado-echa-mano-de-los-titulados-en-fp\/#primaryimage\",\"url\":\"https:\/\/empresas.infoempleo.com\/hrtrends\/media\/2017\/05\/pexels-photo-205508-150x150.jpg\",\"contentUrl\":\"https:\/\/empresas.infoempleo.com\/hrtrends\/media\/2017\/05\/pexels-photo-205508-150x150.jpg\",\"width\":150,\"height\":150},{\"@type\":\"BreadcrumbList\",\"@id\":\"https:\/\/empresas.infoempleo.com\/hrtrends\/el-mercado-echa-mano-de-los-titulados-en-fp\/#breadcrumb\",\"itemListElement\":[{\"@type\":\"ListItem\",\"position\":1,\"name\":\"Portada\",\"item\":\"https:\/\/empresas.infoempleo.com\/hrtrends\/\"},{\"@type\":\"ListItem\",\"position\":2,\"name\":\"El mercado echa mano de los titulados en FP\"}]},{\"@type\":\"WebSite\",\"@id\":\"https:\/\/empresas.infoempleo.com\/hrtrends\/#website\",\"url\":\"https:\/\/empresas.infoempleo.com\/hrtrends\",\"name\":\"HRTrends by Infoempleo\",\"description\":\"\",\"publisher\":{\"@id\":\"https:\/\/empresas.infoempleo.com\/hrtrends\/#organization\"},\"potentialAction\":{\"@type\":\"SearchAction\",\"target\":\"https:\/\/empresas.infoempleo.com\/hrtrends\/?s={search_term_string}\",\"query-input\":\"required name=search_term_string\"},\"inLanguage\":\"es\"},{\"@type\":\"Organization\",\"@id\":\"https:\/\/empresas.infoempleo.com\/hrtrends\/#organization\",\"name\":\"Infoempleo\",\"url\":\"https:\/\/www.infoempleo.com\/\",\"logo\":{\"@type\":\"ImageObject\",\"@id\":\"https:\/\/empresas.infoempleo.com\/hrtrends\/#logo\",\"inLanguage\":\"es\",\"url\":\"https:\/\/cdnazure.infoempleo.com\/infoempleo\/assets\/style\/gfx\/logo.svg\",\"contentUrl\":\"https:\/\/cdnazure.infoempleo.com\/infoempleo\/assets\/style\/gfx\/logo.svg\",\"width\":150,\"height\":40,\"caption\":\"Infoempleo\"},\"image\":{\"@id\":\"https:\/\/empresas.infoempleo.com\/hrtrends\/#logo\"},\"sameAs\":[\"https:\/\/www.facebook.com\/Infoempleo\",\"https:\/\/x.com\/infoempleo\",\"http:\/\/instagram.com\/infoempleo\/\",\"http:\/\/www.linkedin.com\/groups\/Empleo-Espa\u00f1a-Infoempleocom-111276\",\"http:\/\/pinterest.com\/infoempleo\/\"],\"address\":{\"@type\":\"PostalAddress\",\"addressLocality\":\"Madrid\",\"postalCode\":\"28050\",\"streetAddress\":\"Avenida de Burgos 114\"},\"brand\":[\"Infoempleo\"]},{\"@type\":\"Person\",\"@id\":\"https:\/\/empresas.infoempleo.com\/hrtrends\/#\/schema\/person\/f211bd3f083559daff103f670fe968b8\",\"name\":\"Cristina Mart\u00edn\",\"image\":{\"@type\":\"ImageObject\",\"inLanguage\":\"es\",\"@id\":\"https:\/\/empresas.infoempleo.com\/hrtrends\/#\/schema\/person\/image\/\",\"url\":\"https:\/\/secure.gravatar.com\/avatar\/7a85ff01010a0d921dc9d1da42a82a70f74e2cd0329b7fc20ee2c1c08a97daed?s=96&d=mm&r=g\",\"contentUrl\":\"https:\/\/secure.gravatar.com\/avatar\/7a85ff01010a0d921dc9d1da42a82a70f74e2cd0329b7fc20ee2c1c08a97daed?s=96&d=mm&r=g\",\"caption\":\"Cristina Mart\u00edn\"},\"url\":\"https:\/\/empresas.infoempleo.com\/hrtrends\/author\/cristina-martin\/\"}]}<\/script>\n<!-- \/ Yoast SEO plugin. -->","yoast_head_json":{"title":"El mercado echa mano de los titulados en FP | HRTRENDS","robots":{"index":"index","follow":"follow","max-snippet":"max-snippet:-1","max-image-preview":"max-image-preview:large","max-video-preview":"max-video-preview:-1"},"canonical":"https:\/\/empresas.infoempleo.com\/hrtrends\/el-mercado-echa-mano-de-los-titulados-en-fp\/","og_locale":"es_ES","og_type":"article","og_title":"El mercado echa mano de los titulados en FP | HRTRENDS","og_description":"\u00a0 A estas alturas nadie duda de que la carrera en Administraci\u00f3n y Direcci\u00f3n de Empresas es un Leer m\u00e1s","og_url":"https:\/\/empresas.infoempleo.com\/hrtrends\/el-mercado-echa-mano-de-los-titulados-en-fp\/","og_site_name":"HRTRENDS","article_publisher":"https:\/\/www.facebook.com\/Infoempleo","article_published_time":"2010-02-15T08:06:57+00:00","article_modified_time":"2023-03-13T17:33:58+00:00","og_image":[{"width":1280,"height":960,"url":"https:\/\/empresas.infoempleo.com\/hrtrends\/media\/2017\/05\/pexels-photo-205508.jpg","type":"image\/jpeg"}],"author":"Cristina Mart\u00edn","twitter_card":"summary_large_image","twitter_creator":"@infoempleo","twitter_site":"@infoempleo","twitter_misc":{"Escrito por":"Cristina Mart\u00edn","Tiempo de lectura":"2 minutos"},"schema":{"@context":"https:\/\/schema.org","@graph":[{"@type":"NewsArticle","@id":"https:\/\/empresas.infoempleo.com\/hrtrends\/el-mercado-echa-mano-de-los-titulados-en-fp\/#article","isPartOf":{"@id":"https:\/\/empresas.infoempleo.com\/hrtrends\/el-mercado-echa-mano-de-los-titulados-en-fp\/"},"author":{"name":"Cristina Mart\u00edn","@id":"https:\/\/empresas.infoempleo.com\/hrtrends\/#\/schema\/person\/f211bd3f083559daff103f670fe968b8"},"headline":"El mercado echa mano de los titulados en FP","datePublished":"2010-02-15T08:06:57+00:00","dateModified":"2023-03-13T17:33:58+00:00","mainEntityOfPage":{"@id":"https:\/\/empresas.infoempleo.com\/hrtrends\/el-mercado-echa-mano-de-los-titulados-en-fp\/"},"wordCount":311,"publisher":{"@id":"https:\/\/empresas.infoempleo.com\/hrtrends\/#organization"},"image":{"@id":"https:\/\/empresas.infoempleo.com\/hrtrends\/el-mercado-echa-mano-de-los-titulados-en-fp\/#primaryimage"},"thumbnailUrl":"https:\/\/empresas.infoempleo.com\/hrtrends\/media\/2017\/05\/pexels-photo-205508.jpg","keywords":["ADE","carrera","cualificado","Empleo","formaci\u00f3n profesional","FP","ingenier\u00eda","licenciados","oferta","universitario"],"articleSection":["Actualidad"],"inLanguage":"es","copyrightYear":"2010","copyrightHolder":{"@id":"https:\/\/empresas.infoempleo.com\/hrtrends\/#organization"}},{"@type":"WebPage","@id":"https:\/\/empresas.infoempleo.com\/hrtrends\/el-mercado-echa-mano-de-los-titulados-en-fp\/","url":"https:\/\/empresas.infoempleo.com\/hrtrends\/el-mercado-echa-mano-de-los-titulados-en-fp\/","name":"El mercado echa mano de los titulados en FP | HRTRENDS","isPartOf":{"@id":"https:\/\/empresas.infoempleo.com\/hrtrends\/#website"},"primaryImageOfPage":{"@id":"https:\/\/empresas.infoempleo.com\/hrtrends\/el-mercado-echa-mano-de-los-titulados-en-fp\/#primaryimage"},"image":{"@id":"https:\/\/empresas.infoempleo.com\/hrtrends\/el-mercado-echa-mano-de-los-titulados-en-fp\/#primaryimage"},"thumbnailUrl":"https:\/\/empresas.infoempleo.com\/hrtrends\/media\/2017\/05\/pexels-photo-205508.jpg","datePublished":"2010-02-15T08:06:57+00:00","dateModified":"2023-03-13T17:33:58+00:00","breadcrumb":{"@id":"https:\/\/empresas.infoempleo.com\/hrtrends\/el-mercado-echa-mano-de-los-titulados-en-fp\/#breadcrumb"},"inLanguage":"es","potentialAction":[{"@type":"ReadAction","target":["https:\/\/empresas.infoempleo.com\/hrtrends\/el-mercado-echa-mano-de-los-titulados-en-fp\/"]}]},{"@type":"ImageObject","inLanguage":"es","@id":"https:\/\/empresas.infoempleo.com\/hrtrends\/el-mercado-echa-mano-de-los-titulados-en-fp\/#primaryimage","url":"https:\/\/empresas.infoempleo.com\/hrtrends\/media\/2017\/05\/pexels-photo-205508-150x150.jpg","contentUrl":"https:\/\/empresas.infoempleo.com\/hrtrends\/media\/2017\/05\/pexels-photo-205508-150x150.jpg","width":150,"height":150},{"@type":"BreadcrumbList","@id":"https:\/\/empresas.infoempleo.com\/hrtrends\/el-mercado-echa-mano-de-los-titulados-en-fp\/#breadcrumb","itemListElement":[{"@type":"ListItem","position":1,"name":"Portada","item":"https:\/\/empresas.infoempleo.com\/hrtrends\/"},{"@type":"ListItem","position":2,"name":"El mercado echa mano de los titulados en FP"}]},{"@type":"WebSite","@id":"https:\/\/empresas.infoempleo.com\/hrtrends\/#website","url":"https:\/\/empresas.infoempleo.com\/hrtrends","name":"HRTrends by Infoempleo","description":"","publisher":{"@id":"https:\/\/empresas.infoempleo.com\/hrtrends\/#organization"},"potentialAction":{"@type":"SearchAction","target":"https:\/\/empresas.infoempleo.com\/hrtrends\/?s={search_term_string}","query-input":"required name=search_term_string"},"inLanguage":"es"},{"@type":"Organization","@id":"https:\/\/empresas.infoempleo.com\/hrtrends\/#organization","name":"Infoempleo","url":"https:\/\/www.infoempleo.com\/","logo":{"@type":"ImageObject","@id":"https:\/\/empresas.infoempleo.com\/hrtrends\/#logo","inLanguage":"es","url":"https:\/\/cdnazure.infoempleo.com\/infoempleo\/assets\/style\/gfx\/logo.svg","contentUrl":"https:\/\/cdnazure.infoempleo.com\/infoempleo\/assets\/style\/gfx\/logo.svg","width":150,"height":40,"caption":"Infoempleo"},"image":{"@id":"https:\/\/empresas.infoempleo.com\/hrtrends\/#logo"},"sameAs":["https:\/\/www.facebook.com\/Infoempleo","https:\/\/x.com\/infoempleo","http:\/\/instagram.com\/infoempleo\/","http:\/\/www.linkedin.com\/groups\/Empleo-Espa\u00f1a-Infoempleocom-111276","http:\/\/pinterest.com\/infoempleo\/"],"address":{"@type":"PostalAddress","addressLocality":"Madrid","postalCode":"28050","streetAddress":"Avenida de Burgos 114"},"brand":["Infoempleo"]},{"@type":"Person","@id":"https:\/\/empresas.infoempleo.com\/hrtrends\/#\/schema\/person\/f211bd3f083559daff103f670fe968b8","name":"Cristina Mart\u00edn","image":{"@type":"ImageObject","inLanguage":"es","@id":"https:\/\/empresas.infoempleo.com\/hrtrends\/#\/schema\/person\/image\/","url":"https:\/\/secure.gravatar.com\/avatar\/7a85ff01010a0d921dc9d1da42a82a70f74e2cd0329b7fc20ee2c1c08a97daed?s=96&d=mm&r=g","contentUrl":"https:\/\/secure.gravatar.com\/avatar\/7a85ff01010a0d921dc9d1da42a82a70f74e2cd0329b7fc20ee2c1c08a97daed?s=96&d=mm&r=g","caption":"Cristina Mart\u00edn"},"url":"https:\/\/empresas.infoempleo.com\/hrtrends\/author\/cristina-martin\/"}]}},"amp_enabled":true,"_links":{"self":[{"href":"https:\/\/empresas.infoempleo.com\/hrtrends\/wp-json\/wp\/v2\/posts\/7208","targetHints":{"allow":["GET"]}}],"collection":[{"href":"https:\/\/empresas.infoempleo.com\/hrtrends\/wp-json\/wp\/v2\/posts"}],"about":[{"href":"https:\/\/empresas.infoempleo.com\/hrtrends\/wp-json\/wp\/v2\/types\/post"}],"author":[{"embeddable":true,"href":"https:\/\/empresas.infoempleo.com\/hrtrends\/wp-json\/wp\/v2\/users\/33"}],"replies":[{"embeddable":true,"href":"https:\/\/empresas.infoempleo.com\/hrtrends\/wp-json\/wp\/v2\/comments?post=7208"}],"version-history":[{"count":1,"href":"https:\/\/empresas.infoempleo.com\/hrtrends\/wp-json\/wp\/v2\/posts\/7208\/revisions"}],"predecessor-version":[{"id":43399,"href":"https:\/\/empresas.infoempleo.com\/hrtrends\/wp-json\/wp\/v2\/posts\/7208\/revisions\/43399"}],"wp:featuredmedia":[{"embeddable":true,"href":"https:\/\/empresas.infoempleo.com\/hrtrends\/wp-json\/wp\/v2\/media\/29665"}],"wp:attachment":[{"href":"https:\/\/empresas.infoempleo.com\/hrtrends\/wp-json\/wp\/v2\/media?parent=7208"}],"wp:term":[{"taxonomy":"category","embeddable":true,"href":"https:\/\/empresas.infoempleo.com\/hrtrends\/wp-json\/wp\/v2\/categories?post=7208"},{"taxonomy":"post_tag","embeddable":true,"href":"https:\/\/empresas.infoempleo.com\/hrtrends\/wp-json\/wp\/v2\/tags?post=7208"}],"curies":[{"name":"wp","href":"https:\/\/api.w.org\/{rel}","templated":true}]}}