{"id":719,"date":"2012-06-18T08:55:29","date_gmt":"2012-06-18T06:55:29","guid":{"rendered":"http:\/\/blog.infoempleo.com\/?p=719"},"modified":"2018-05-23T17:08:55","modified_gmt":"2018-05-23T15:08:55","slug":"cinco-preguntas-trampa-en-una-entrevista-de-trabajo","status":"publish","type":"post","link":"https:\/\/empresas.infoempleo.com\/hrtrends\/cinco-preguntas-trampa-en-una-entrevista-de-trabajo\/","title":{"rendered":"Cinco preguntas trampa en una entrevista de trabajo"},"content":{"rendered":"<p>Quien m\u00e1s y quien menos ha pasado el trance de enfrentarse a una entrevista de trabajo. Las hay con profesionales de tu mismo gremio, que eval\u00faan tus conocimientos y aptitudes concretas. Y las hay, y estas son las que m\u00e1s preocupan, con especialistas en selecci\u00f3n de personal, que dejan tus aptitudes m\u00e1s concretas a un lado para centrarte en tu persona como posible pieza de un engranaje. Cuidado con estas, te ponen a prueba sin que te des cuenta \u00bfo s\u00ed?<!--more--><\/p>\n<p>Cuando se trata de una entrevista de trabajo mucha gente presta atenci\u00f3n a la comunicaci\u00f3n no verbal, que es muy importante. No ponerte enfrente de tu interlocutor, sino en perpendicular siempre que sea posible para evitar una situaci\u00f3n de enfrentamiento, vestir de forma correcta pero no artificial, no estar tenso en la silla sin acabar repachingado como si estuvieras en tu sof\u00e1, no moverte compulsivamente, no balbucear, no cruzar los brazos&#8230; Son tantas cosas las que te recomiendan que casi parece imposible que no te pongas nervioso.<\/p>\n<p>Las pruebas de selecci\u00f3n suelen ser variadas. Desde tests psicot\u00e9cnicos (que en principio superar\u00e1s sin problema a no ser que haya un man\u00edaco en tu interior y no lo hayas descubierto hasta ahora) hasta pruebas dactilogr\u00e1ficas (cre\u00eda que esto era un mito, pero a m\u00ed me hicieron una), pasando por pruebas de aptitud concretas o incluso sesiones de trabajo concretas para ver c\u00f3mo act\u00faas en directo. Pero casi siempre habr\u00e1 una entrevista en alg\u00fan momento, y seguramente sea con alguien que trabaja en temas laborales.<\/p>\n<p>Suelen ser personas con formaci\u00f3n laboral, psic\u00f3logos o quiz\u00e1 administrativos del departamento de Recursos Humanos. Quiz\u00e1 sea alguien de tu misma competencia laboral que ha acabado reconvertido para ayudar a construir equipos. Sea quien sea hay algunas preguntas trampa que se suelen repetir y para las que debes prepararte<\/p>\n<p>La m\u00e1s t\u00edpica es <strong>la del sueldo<\/strong>. No ya cu\u00e1nto cobras si tienes la suerte de trabajar, sino cu\u00e1nto crees que deber\u00edas cobrar. Es una pregunta trampa porque te est\u00e1 pidiendo que te pongas precio. Obviamente la respuesta es un gran \u00abdepende\u00bb. Depende del trabajo que vaya a hacer, de la carga que tenga, de si hay horas extras, peligrosidad, nocturnidad, exposici\u00f3n f\u00edsica&#8230; Pero t\u00fa eres quien pone el precio \u00bfMejor tirar por lo bajo y atar un contrato aunque empeores tu situaci\u00f3n laboral, quiz\u00e1 previa a la crisis? \u00bfMejor tirar por lo alto porque es m\u00e1s probable que oferten a la baja que al alza?<\/p>\n<p>Otra pregunta t\u00edpica es <strong>la referente a las aspiraciones<\/strong>. Es una pregunta tan ambigua que en una ocasi\u00f3n llegu\u00e9 a responder que mi aspiraci\u00f3n era la dominaci\u00f3n del mundo. Obviamente se refieren a tu ambici\u00f3n personal, hasta d\u00f3nde quieres llegar y a qu\u00e9 est\u00e1s dispuesto. Aqu\u00ed , por una parte, pueden valorar tu implicaci\u00f3n con el proyecto, pero tambi\u00e9n si puede eso mermar tu trabajo en equipo o si puedes llegar a resultar demasiado agresivo para el conjunto de los compa\u00f1eros.<\/p>\n<p>Un cl\u00e1sico entre los cl\u00e1sicos es aquello de <strong>decir cosas buenas y malas de uno mismo<\/strong>. Es complicado, parece que no. Y regularmente a la gente se le ocurren m\u00e1s cosas buenas que malas. Vale, s\u00e9 que soy mal mandado, que discuto \u00f3rdenes y me gusta trabajar con calma, aunque tambi\u00e9n s\u00e9 que saco el trabajo adelante y que discuto tanto porque quiero hacer las cosas bien \u00bfC\u00f3mo vendo eso, como algo bueno o como algo malo? \u00bfPueden usarlo en mi contra? \u00bfC\u00f3mo?<\/p>\n<p><strong>Por \u00faltimo est\u00e1n las preguntas de crisis<\/strong>: \u00bfC\u00f3mo reaccionar\u00edas ante una situaci\u00f3n que requiriera tomar decisiones de forma r\u00e1pida? \u00bfPedir\u00edas ayuda o ser\u00edas proactivo? \u00bfDemasiado dependiente? \u00bfDemasiado decidido? Mide tu respuesta en funci\u00f3n del cargo para el que te presentes. Nadie espera de un jefe que espere para reaccionar, por ejemplo \u00bfO s\u00ed?<\/p>\n<p>Con las preguntas anteriores trazan un perfil de c\u00f3mo eres, c\u00f3mo crees que eres y c\u00f3mo querr\u00edas llegar a ser y se hacen una idea general de tu car\u00e1cter. Obviamente, mientras vas hablando van tomando nota, viendo la forma en la que dices las cosas, c\u00f3mo gesticulas, si dudas, si te cuesta hilar las cosas, si se nota que est\u00e1s intentando articular un discurso o si lo tienes ensayado, si est\u00e1s siendo sincero o no&#8230; Est\u00e1n preparados para eso. La cuesti\u00f3n es, <strong>\u00bfest\u00e1s t\u00fa preparado para ellos?<\/strong><\/p>\n<p>Y t\u00fa, <strong>\u00bfqu\u00e9 preguntas has llegado a encontrarte en una entrevista de trabajo?<\/strong><\/p>\n","protected":false},"excerpt":{"rendered":"<p>Quien m\u00e1s y quien menos ha pasado el trance de enfrentarse a una entrevista de trabajo. Las hay<a class=\"moretag\" href=\"https:\/\/empresas.infoempleo.com\/hrtrends\/cinco-preguntas-trampa-en-una-entrevista-de-trabajo\/\"> Leer m\u00e1s<\/a><\/p>\n","protected":false},"author":6,"featured_media":725,"comment_status":"closed","ping_status":"open","sticky":false,"template":"","format":"standard","meta":{"footnotes":""},"categories":[3],"tags":[],"class_list":["post-719","post","type-post","status-publish","format-standard","has-post-thumbnail","hentry","category-actualidad"],"yoast_head":"<!-- This site is optimized with the Yoast SEO plugin v26.1.1 - https:\/\/yoast.com\/wordpress\/plugins\/seo\/ -->\n<title>Cinco preguntas trampa en una entrevista de trabajo | HRTRENDS<\/title>\n<meta name=\"robots\" content=\"index, follow, max-snippet:-1, max-image-preview:large, max-video-preview:-1\" \/>\n<link rel=\"canonical\" href=\"https:\/\/empresas.infoempleo.com\/hrtrends\/cinco-preguntas-trampa-en-una-entrevista-de-trabajo\/\" \/>\n<meta property=\"og:locale\" content=\"es_ES\" \/>\n<meta property=\"og:type\" content=\"article\" \/>\n<meta property=\"og:title\" content=\"Cinco preguntas trampa en una entrevista de trabajo | HRTRENDS\" \/>\n<meta property=\"og:description\" content=\"Quien m\u00e1s y quien menos ha pasado el trance de enfrentarse a una entrevista de trabajo. Las hay Leer m\u00e1s\" \/>\n<meta property=\"og:url\" content=\"https:\/\/empresas.infoempleo.com\/hrtrends\/cinco-preguntas-trampa-en-una-entrevista-de-trabajo\/\" \/>\n<meta property=\"og:site_name\" content=\"HRTRENDS\" \/>\n<meta property=\"article:publisher\" content=\"https:\/\/www.facebook.com\/Infoempleo\" \/>\n<meta property=\"article:published_time\" content=\"2012-06-18T06:55:29+00:00\" \/>\n<meta property=\"article:modified_time\" content=\"2018-05-23T15:08:55+00:00\" \/>\n<meta property=\"og:image\" content=\"https:\/\/empresas.infoempleo.com\/hrtrends\/media\/2012\/06\/madme.jpg\" \/>\n\t<meta property=\"og:image:width\" content=\"549\" \/>\n\t<meta property=\"og:image:height\" content=\"282\" \/>\n\t<meta property=\"og:image:type\" content=\"image\/jpeg\" \/>\n<meta name=\"author\" content=\"Borja Ventura\" \/>\n<meta name=\"twitter:card\" content=\"summary_large_image\" \/>\n<meta name=\"twitter:creator\" content=\"@infoempleo\" \/>\n<meta name=\"twitter:site\" content=\"@infoempleo\" \/>\n<meta name=\"twitter:label1\" content=\"Escrito por\" \/>\n\t<meta name=\"twitter:data1\" content=\"Borja Ventura\" \/>\n\t<meta name=\"twitter:label2\" content=\"Tiempo de lectura\" \/>\n\t<meta name=\"twitter:data2\" content=\"4 minutos\" \/>\n<script type=\"application\/ld+json\" class=\"yoast-schema-graph\">{\"@context\":\"https:\/\/schema.org\",\"@graph\":[{\"@type\":\"NewsArticle\",\"@id\":\"https:\/\/empresas.infoempleo.com\/hrtrends\/cinco-preguntas-trampa-en-una-entrevista-de-trabajo\/#article\",\"isPartOf\":{\"@id\":\"https:\/\/empresas.infoempleo.com\/hrtrends\/cinco-preguntas-trampa-en-una-entrevista-de-trabajo\/\"},\"author\":{\"name\":\"Borja Ventura\",\"@id\":\"https:\/\/empresas.infoempleo.com\/hrtrends\/#\/schema\/person\/55c026a0996db2e7bfc2c3d94dd59626\"},\"headline\":\"Cinco preguntas trampa en una entrevista de trabajo\",\"datePublished\":\"2012-06-18T06:55:29+00:00\",\"dateModified\":\"2018-05-23T15:08:55+00:00\",\"mainEntityOfPage\":{\"@id\":\"https:\/\/empresas.infoempleo.com\/hrtrends\/cinco-preguntas-trampa-en-una-entrevista-de-trabajo\/\"},\"wordCount\":795,\"publisher\":{\"@id\":\"https:\/\/empresas.infoempleo.com\/hrtrends\/#organization\"},\"image\":{\"@id\":\"https:\/\/empresas.infoempleo.com\/hrtrends\/cinco-preguntas-trampa-en-una-entrevista-de-trabajo\/#primaryimage\"},\"thumbnailUrl\":\"https:\/\/empresas.infoempleo.com\/hrtrends\/media\/2012\/06\/madme.jpg\",\"articleSection\":[\"Actualidad\"],\"inLanguage\":\"es\",\"copyrightYear\":\"2012\",\"copyrightHolder\":{\"@id\":\"https:\/\/empresas.infoempleo.com\/hrtrends\/#organization\"}},{\"@type\":\"WebPage\",\"@id\":\"https:\/\/empresas.infoempleo.com\/hrtrends\/cinco-preguntas-trampa-en-una-entrevista-de-trabajo\/\",\"url\":\"https:\/\/empresas.infoempleo.com\/hrtrends\/cinco-preguntas-trampa-en-una-entrevista-de-trabajo\/\",\"name\":\"Cinco preguntas trampa en una entrevista de trabajo | HRTRENDS\",\"isPartOf\":{\"@id\":\"https:\/\/empresas.infoempleo.com\/hrtrends\/#website\"},\"primaryImageOfPage\":{\"@id\":\"https:\/\/empresas.infoempleo.com\/hrtrends\/cinco-preguntas-trampa-en-una-entrevista-de-trabajo\/#primaryimage\"},\"image\":{\"@id\":\"https:\/\/empresas.infoempleo.com\/hrtrends\/cinco-preguntas-trampa-en-una-entrevista-de-trabajo\/#primaryimage\"},\"thumbnailUrl\":\"https:\/\/empresas.infoempleo.com\/hrtrends\/media\/2012\/06\/madme.jpg\",\"datePublished\":\"2012-06-18T06:55:29+00:00\",\"dateModified\":\"2018-05-23T15:08:55+00:00\",\"breadcrumb\":{\"@id\":\"https:\/\/empresas.infoempleo.com\/hrtrends\/cinco-preguntas-trampa-en-una-entrevista-de-trabajo\/#breadcrumb\"},\"inLanguage\":\"es\",\"potentialAction\":[{\"@type\":\"ReadAction\",\"target\":[\"https:\/\/empresas.infoempleo.com\/hrtrends\/cinco-preguntas-trampa-en-una-entrevista-de-trabajo\/\"]}]},{\"@type\":\"ImageObject\",\"inLanguage\":\"es\",\"@id\":\"https:\/\/empresas.infoempleo.com\/hrtrends\/cinco-preguntas-trampa-en-una-entrevista-de-trabajo\/#primaryimage\",\"url\":\"https:\/\/empresas.infoempleo.com\/hrtrends\/media\/2012\/06\/madme-150x150.jpg\",\"contentUrl\":\"https:\/\/empresas.infoempleo.com\/hrtrends\/media\/2012\/06\/madme-150x150.jpg\",\"width\":150,\"height\":150,\"caption\":\"Fotograma de Mad Men\"},{\"@type\":\"BreadcrumbList\",\"@id\":\"https:\/\/empresas.infoempleo.com\/hrtrends\/cinco-preguntas-trampa-en-una-entrevista-de-trabajo\/#breadcrumb\",\"itemListElement\":[{\"@type\":\"ListItem\",\"position\":1,\"name\":\"Portada\",\"item\":\"https:\/\/empresas.infoempleo.com\/hrtrends\/\"},{\"@type\":\"ListItem\",\"position\":2,\"name\":\"Cinco preguntas trampa en una entrevista de trabajo\"}]},{\"@type\":\"WebSite\",\"@id\":\"https:\/\/empresas.infoempleo.com\/hrtrends\/#website\",\"url\":\"https:\/\/empresas.infoempleo.com\/hrtrends\",\"name\":\"HRTrends by Infoempleo\",\"description\":\"\",\"publisher\":{\"@id\":\"https:\/\/empresas.infoempleo.com\/hrtrends\/#organization\"},\"potentialAction\":{\"@type\":\"SearchAction\",\"target\":\"https:\/\/empresas.infoempleo.com\/hrtrends\/?s={search_term_string}\",\"query-input\":\"required name=search_term_string\"},\"inLanguage\":\"es\"},{\"@type\":\"Organization\",\"@id\":\"https:\/\/empresas.infoempleo.com\/hrtrends\/#organization\",\"name\":\"Infoempleo\",\"url\":\"https:\/\/www.infoempleo.com\/\",\"logo\":{\"@type\":\"ImageObject\",\"@id\":\"https:\/\/empresas.infoempleo.com\/hrtrends\/#logo\",\"inLanguage\":\"es\",\"url\":\"https:\/\/cdnazure.infoempleo.com\/infoempleo\/assets\/style\/gfx\/logo.svg\",\"contentUrl\":\"https:\/\/cdnazure.infoempleo.com\/infoempleo\/assets\/style\/gfx\/logo.svg\",\"width\":150,\"height\":40,\"caption\":\"Infoempleo\"},\"image\":{\"@id\":\"https:\/\/empresas.infoempleo.com\/hrtrends\/#logo\"},\"sameAs\":[\"https:\/\/www.facebook.com\/Infoempleo\",\"https:\/\/x.com\/infoempleo\",\"http:\/\/instagram.com\/infoempleo\/\",\"http:\/\/www.linkedin.com\/groups\/Empleo-Espa\u00f1a-Infoempleocom-111276\",\"http:\/\/pinterest.com\/infoempleo\/\"],\"address\":{\"@type\":\"PostalAddress\",\"addressLocality\":\"Madrid\",\"postalCode\":\"28050\",\"streetAddress\":\"Avenida de Burgos 114\"},\"brand\":[\"Infoempleo\"]},{\"@type\":\"Person\",\"@id\":\"https:\/\/empresas.infoempleo.com\/hrtrends\/#\/schema\/person\/55c026a0996db2e7bfc2c3d94dd59626\",\"name\":\"Borja Ventura\",\"image\":{\"@type\":\"ImageObject\",\"inLanguage\":\"es\",\"@id\":\"https:\/\/empresas.infoempleo.com\/hrtrends\/#\/schema\/person\/image\/\",\"url\":\"https:\/\/secure.gravatar.com\/avatar\/61fce66f5a05a2eaa76e64d9892cc896e793906670cfc67aee836e7f2f2cf45b?s=96&d=mm&r=g\",\"contentUrl\":\"https:\/\/secure.gravatar.com\/avatar\/61fce66f5a05a2eaa76e64d9892cc896e793906670cfc67aee836e7f2f2cf45b?s=96&d=mm&r=g\",\"caption\":\"Borja Ventura\"},\"url\":\"https:\/\/empresas.infoempleo.com\/hrtrends\/author\/borja\/\"}]}<\/script>\n<!-- \/ Yoast SEO plugin. -->","yoast_head_json":{"title":"Cinco preguntas trampa en una entrevista de trabajo | HRTRENDS","robots":{"index":"index","follow":"follow","max-snippet":"max-snippet:-1","max-image-preview":"max-image-preview:large","max-video-preview":"max-video-preview:-1"},"canonical":"https:\/\/empresas.infoempleo.com\/hrtrends\/cinco-preguntas-trampa-en-una-entrevista-de-trabajo\/","og_locale":"es_ES","og_type":"article","og_title":"Cinco preguntas trampa en una entrevista de trabajo | HRTRENDS","og_description":"Quien m\u00e1s y quien menos ha pasado el trance de enfrentarse a una entrevista de trabajo. Las hay Leer m\u00e1s","og_url":"https:\/\/empresas.infoempleo.com\/hrtrends\/cinco-preguntas-trampa-en-una-entrevista-de-trabajo\/","og_site_name":"HRTRENDS","article_publisher":"https:\/\/www.facebook.com\/Infoempleo","article_published_time":"2012-06-18T06:55:29+00:00","article_modified_time":"2018-05-23T15:08:55+00:00","og_image":[{"width":549,"height":282,"url":"https:\/\/empresas.infoempleo.com\/hrtrends\/media\/2012\/06\/madme.jpg","type":"image\/jpeg"}],"author":"Borja Ventura","twitter_card":"summary_large_image","twitter_creator":"@infoempleo","twitter_site":"@infoempleo","twitter_misc":{"Escrito por":"Borja Ventura","Tiempo de lectura":"4 minutos"},"schema":{"@context":"https:\/\/schema.org","@graph":[{"@type":"NewsArticle","@id":"https:\/\/empresas.infoempleo.com\/hrtrends\/cinco-preguntas-trampa-en-una-entrevista-de-trabajo\/#article","isPartOf":{"@id":"https:\/\/empresas.infoempleo.com\/hrtrends\/cinco-preguntas-trampa-en-una-entrevista-de-trabajo\/"},"author":{"name":"Borja Ventura","@id":"https:\/\/empresas.infoempleo.com\/hrtrends\/#\/schema\/person\/55c026a0996db2e7bfc2c3d94dd59626"},"headline":"Cinco preguntas trampa en una entrevista de trabajo","datePublished":"2012-06-18T06:55:29+00:00","dateModified":"2018-05-23T15:08:55+00:00","mainEntityOfPage":{"@id":"https:\/\/empresas.infoempleo.com\/hrtrends\/cinco-preguntas-trampa-en-una-entrevista-de-trabajo\/"},"wordCount":795,"publisher":{"@id":"https:\/\/empresas.infoempleo.com\/hrtrends\/#organization"},"image":{"@id":"https:\/\/empresas.infoempleo.com\/hrtrends\/cinco-preguntas-trampa-en-una-entrevista-de-trabajo\/#primaryimage"},"thumbnailUrl":"https:\/\/empresas.infoempleo.com\/hrtrends\/media\/2012\/06\/madme.jpg","articleSection":["Actualidad"],"inLanguage":"es","copyrightYear":"2012","copyrightHolder":{"@id":"https:\/\/empresas.infoempleo.com\/hrtrends\/#organization"}},{"@type":"WebPage","@id":"https:\/\/empresas.infoempleo.com\/hrtrends\/cinco-preguntas-trampa-en-una-entrevista-de-trabajo\/","url":"https:\/\/empresas.infoempleo.com\/hrtrends\/cinco-preguntas-trampa-en-una-entrevista-de-trabajo\/","name":"Cinco preguntas trampa en una entrevista de trabajo | HRTRENDS","isPartOf":{"@id":"https:\/\/empresas.infoempleo.com\/hrtrends\/#website"},"primaryImageOfPage":{"@id":"https:\/\/empresas.infoempleo.com\/hrtrends\/cinco-preguntas-trampa-en-una-entrevista-de-trabajo\/#primaryimage"},"image":{"@id":"https:\/\/empresas.infoempleo.com\/hrtrends\/cinco-preguntas-trampa-en-una-entrevista-de-trabajo\/#primaryimage"},"thumbnailUrl":"https:\/\/empresas.infoempleo.com\/hrtrends\/media\/2012\/06\/madme.jpg","datePublished":"2012-06-18T06:55:29+00:00","dateModified":"2018-05-23T15:08:55+00:00","breadcrumb":{"@id":"https:\/\/empresas.infoempleo.com\/hrtrends\/cinco-preguntas-trampa-en-una-entrevista-de-trabajo\/#breadcrumb"},"inLanguage":"es","potentialAction":[{"@type":"ReadAction","target":["https:\/\/empresas.infoempleo.com\/hrtrends\/cinco-preguntas-trampa-en-una-entrevista-de-trabajo\/"]}]},{"@type":"ImageObject","inLanguage":"es","@id":"https:\/\/empresas.infoempleo.com\/hrtrends\/cinco-preguntas-trampa-en-una-entrevista-de-trabajo\/#primaryimage","url":"https:\/\/empresas.infoempleo.com\/hrtrends\/media\/2012\/06\/madme-150x150.jpg","contentUrl":"https:\/\/empresas.infoempleo.com\/hrtrends\/media\/2012\/06\/madme-150x150.jpg","width":150,"height":150,"caption":"Fotograma de Mad Men"},{"@type":"BreadcrumbList","@id":"https:\/\/empresas.infoempleo.com\/hrtrends\/cinco-preguntas-trampa-en-una-entrevista-de-trabajo\/#breadcrumb","itemListElement":[{"@type":"ListItem","position":1,"name":"Portada","item":"https:\/\/empresas.infoempleo.com\/hrtrends\/"},{"@type":"ListItem","position":2,"name":"Cinco preguntas trampa en una entrevista de trabajo"}]},{"@type":"WebSite","@id":"https:\/\/empresas.infoempleo.com\/hrtrends\/#website","url":"https:\/\/empresas.infoempleo.com\/hrtrends","name":"HRTrends by Infoempleo","description":"","publisher":{"@id":"https:\/\/empresas.infoempleo.com\/hrtrends\/#organization"},"potentialAction":{"@type":"SearchAction","target":"https:\/\/empresas.infoempleo.com\/hrtrends\/?s={search_term_string}","query-input":"required name=search_term_string"},"inLanguage":"es"},{"@type":"Organization","@id":"https:\/\/empresas.infoempleo.com\/hrtrends\/#organization","name":"Infoempleo","url":"https:\/\/www.infoempleo.com\/","logo":{"@type":"ImageObject","@id":"https:\/\/empresas.infoempleo.com\/hrtrends\/#logo","inLanguage":"es","url":"https:\/\/cdnazure.infoempleo.com\/infoempleo\/assets\/style\/gfx\/logo.svg","contentUrl":"https:\/\/cdnazure.infoempleo.com\/infoempleo\/assets\/style\/gfx\/logo.svg","width":150,"height":40,"caption":"Infoempleo"},"image":{"@id":"https:\/\/empresas.infoempleo.com\/hrtrends\/#logo"},"sameAs":["https:\/\/www.facebook.com\/Infoempleo","https:\/\/x.com\/infoempleo","http:\/\/instagram.com\/infoempleo\/","http:\/\/www.linkedin.com\/groups\/Empleo-Espa\u00f1a-Infoempleocom-111276","http:\/\/pinterest.com\/infoempleo\/"],"address":{"@type":"PostalAddress","addressLocality":"Madrid","postalCode":"28050","streetAddress":"Avenida de Burgos 114"},"brand":["Infoempleo"]},{"@type":"Person","@id":"https:\/\/empresas.infoempleo.com\/hrtrends\/#\/schema\/person\/55c026a0996db2e7bfc2c3d94dd59626","name":"Borja Ventura","image":{"@type":"ImageObject","inLanguage":"es","@id":"https:\/\/empresas.infoempleo.com\/hrtrends\/#\/schema\/person\/image\/","url":"https:\/\/secure.gravatar.com\/avatar\/61fce66f5a05a2eaa76e64d9892cc896e793906670cfc67aee836e7f2f2cf45b?s=96&d=mm&r=g","contentUrl":"https:\/\/secure.gravatar.com\/avatar\/61fce66f5a05a2eaa76e64d9892cc896e793906670cfc67aee836e7f2f2cf45b?s=96&d=mm&r=g","caption":"Borja Ventura"},"url":"https:\/\/empresas.infoempleo.com\/hrtrends\/author\/borja\/"}]}},"amp_enabled":true,"_links":{"self":[{"href":"https:\/\/empresas.infoempleo.com\/hrtrends\/wp-json\/wp\/v2\/posts\/719","targetHints":{"allow":["GET"]}}],"collection":[{"href":"https:\/\/empresas.infoempleo.com\/hrtrends\/wp-json\/wp\/v2\/posts"}],"about":[{"href":"https:\/\/empresas.infoempleo.com\/hrtrends\/wp-json\/wp\/v2\/types\/post"}],"author":[{"embeddable":true,"href":"https:\/\/empresas.infoempleo.com\/hrtrends\/wp-json\/wp\/v2\/users\/6"}],"replies":[{"embeddable":true,"href":"https:\/\/empresas.infoempleo.com\/hrtrends\/wp-json\/wp\/v2\/comments?post=719"}],"version-history":[{"count":0,"href":"https:\/\/empresas.infoempleo.com\/hrtrends\/wp-json\/wp\/v2\/posts\/719\/revisions"}],"wp:featuredmedia":[{"embeddable":true,"href":"https:\/\/empresas.infoempleo.com\/hrtrends\/wp-json\/wp\/v2\/media\/725"}],"wp:attachment":[{"href":"https:\/\/empresas.infoempleo.com\/hrtrends\/wp-json\/wp\/v2\/media?parent=719"}],"wp:term":[{"taxonomy":"category","embeddable":true,"href":"https:\/\/empresas.infoempleo.com\/hrtrends\/wp-json\/wp\/v2\/categories?post=719"},{"taxonomy":"post_tag","embeddable":true,"href":"https:\/\/empresas.infoempleo.com\/hrtrends\/wp-json\/wp\/v2\/tags?post=719"}],"curies":[{"name":"wp","href":"https:\/\/api.w.org\/{rel}","templated":true}]}}