{"id":7176,"date":"2015-07-01T07:30:58","date_gmt":"2015-07-01T05:30:58","guid":{"rendered":"http:\/\/blog.infoempleo.com\/?p=7176"},"modified":"2023-02-03T14:41:52","modified_gmt":"2023-02-03T12:41:52","slug":"ayudas-a-la-investigacion-sanitaria","status":"publish","type":"post","link":"https:\/\/empresas.infoempleo.com\/hrtrends\/ayudas-a-la-investigacion-sanitaria\/","title":{"rendered":"Ayudas a la investigaci\u00f3n sanitaria"},"content":{"rendered":"<p>La incorporaci\u00f3n de nuevos\u00a0talentos es el empe\u00f1o de cualquier organizaci\u00f3n, especialmente si se dedica a investigar. Siguiendo esta idea, el Instituto de Investigaci\u00f3n Sanitaria IDIVAL, vinculado al Hospital Universitario Marqu\u00e9s de Valdecilla, se ha puesto las pilas r\u00e1pidamente con el fin de ampliar sus equipos. Empezaron su andadura el a\u00f1o pasado y ya han lanzado la primera edici\u00f3n del Proyecto NEXT-VAL (NEXT generation VALdecilla).<\/p>\n<p><!--more--><\/p>\n<p>El principal objetivo de este proyecto es apoyar la <strong>investigaci\u00f3n de tipo traslacional<\/strong>. Este tipo de investigaci\u00f3n est\u00e1 a caballo entre la investigaci\u00f3n b\u00e1sica y la investigaci\u00f3n cl\u00ednica.\u00a0Es decir, su labor se centra en lograr que los descubrimientos no se queden a la espera de que la industria farmac\u00e9utica se interese por ellos, sino que se apliquen de inmediato a trav\u00e9s de la labor cl\u00ednica.<\/p>\n<p>La labor investigadora del Instituto de Investigaci\u00f3n Sanitaria IDIVAL est\u00e1 <strong>focalizada\u00a0en\u00a0el \u00e1rea biosanitaria<\/strong>,\u00a0abarcando\u00a0varios campos como las neurociencias, transplantes de \u00f3rganos y tejidos, envejecimiento y h\u00e1bitos de vida, c\u00e1ncer\u2026<\/p>\n<p>En la actualidad, hay 29 grupos de investigaci\u00f3n que se clasifican seg\u00fan su antig\u00fcedad en la labor investigadora: consolidados, emergentes, de nueva creaci\u00f3n\u2026<\/p>\n<p>El objeto de esta convocatoria es, precisamente, ampliar esos\u00a0equipos investigadores.<\/p>\n<h3><strong>Requisitos para empezar a investigar<\/strong><\/h3>\n<ul>\n<li>Las ayudas Next- Vall est\u00e1n <strong>dirigidas a<\/strong> <strong>investigadores \u00a0sin experiencia en liderar equipos<\/strong> de investigaci\u00f3n, y su\u00a0edad no debe superar los cuarenta a\u00f1os.<\/li>\n<li>Los candidatos deben tener tambi\u00e9n\u00a0alguna <strong>vinculaci\u00f3n de tipo contractual con el instituto<\/strong>, como por ejemplo trabajar para el Instituto de Salud Carlos III o la Universidad de Cantabria, comunidad en la que tiene su sede\u00a0IDIVAL.<\/li>\n<li>La cuant\u00eda de la financiaci\u00f3n para el proyecto, que deber\u00e1 tener una <strong>duraci\u00f3n m\u00ednima de un a\u00f1o<\/strong> y m\u00e1xima de dos, es\u00a0de 100.000 euros.<\/li>\n<\/ul>\n<h3><strong>Sensibilizaci\u00f3n y divulgaci\u00f3n cient\u00edfica<\/strong><\/h3>\n<p>El\u00a0Instituto de Investigaci\u00f3n Sanitaria IDIVAL se dedica en cuerpo y alma a la investigaci\u00f3n, pero tambi\u00e9n <strong>organiza actividades orientadas a despertar la vocaci\u00f3n cient\u00edfica<\/strong> en estudiantes de primaria y secundaria, y a la sensibilizaci\u00f3n y divulgaci\u00f3n de los temas que investiga.<\/p>\n<p>Colabora en la <strong>formaci\u00f3n de posgrados y m\u00e1steres<\/strong> con la Universidad de Cantabria y realiza convocatorias a nivel nacional para pr\u00e1cticas en laboratorio durante el verano.<\/p>\n<p>La fecha l\u00edmite para la presentaci\u00f3n de las solicitudes es el uno de septiembre de 2015.\u00a0Si te interesa saber m\u00e1s sobre estas ayudas \u00a1pincha aqu\u00ed!<\/p>\n","protected":false},"excerpt":{"rendered":"<p>La incorporaci\u00f3n de nuevos\u00a0talentos es el empe\u00f1o de cualquier organizaci\u00f3n, especialmente si se dedica a investigar. Siguiendo esta<a class=\"moretag\" href=\"https:\/\/empresas.infoempleo.com\/hrtrends\/ayudas-a-la-investigacion-sanitaria\/\"> Leer m\u00e1s<\/a><\/p>\n","protected":false},"author":29,"featured_media":7182,"comment_status":"closed","ping_status":"open","sticky":false,"template":"","format":"standard","meta":{"footnotes":""},"categories":[3],"tags":[1108,1109,1110,1111,1112],"class_list":["post-7176","post","type-post","status-publish","format-standard","has-post-thumbnail","hentry","category-actualidad","tag-ayudas-a-la-investigacion-biosanitaria","tag-cantabria","tag-hospital-universitario-marques-de-valdecilla","tag-idival","tag-investigacion-traslacional"],"yoast_head":"<!-- This site is optimized with the Yoast SEO plugin v26.1.1 - https:\/\/yoast.com\/wordpress\/plugins\/seo\/ -->\n<title>Ayudas a la investigaci\u00f3n sanitaria | HRTRENDS<\/title>\n<meta name=\"description\" content=\"La incorporaci\u00f3n de nuevos investigadores es el objetivo de cualquier organizaci\u00f3n. El Instituto de Investigaci\u00f3n Sanitaria IDIVAL quiere ampliar sus equipos de investigadores\" \/>\n<meta name=\"robots\" content=\"index, follow, max-snippet:-1, max-image-preview:large, max-video-preview:-1\" \/>\n<link rel=\"canonical\" href=\"https:\/\/empresas.infoempleo.com\/hrtrends\/ayudas-a-la-investigacion-sanitaria\/\" \/>\n<meta property=\"og:locale\" content=\"es_ES\" \/>\n<meta property=\"og:type\" content=\"article\" \/>\n<meta property=\"og:title\" content=\"Ayudas a la investigaci\u00f3n sanitaria | HRTRENDS\" \/>\n<meta property=\"og:description\" content=\"La incorporaci\u00f3n de nuevos investigadores es el objetivo de cualquier organizaci\u00f3n. El Instituto de Investigaci\u00f3n Sanitaria IDIVAL quiere ampliar sus equipos de investigadores\" \/>\n<meta property=\"og:url\" content=\"https:\/\/empresas.infoempleo.com\/hrtrends\/ayudas-a-la-investigacion-sanitaria\/\" \/>\n<meta property=\"og:site_name\" content=\"HRTRENDS\" \/>\n<meta property=\"article:publisher\" content=\"https:\/\/www.facebook.com\/Infoempleo\" \/>\n<meta property=\"article:published_time\" content=\"2015-07-01T05:30:58+00:00\" \/>\n<meta property=\"article:modified_time\" content=\"2023-02-03T12:41:52+00:00\" \/>\n<meta property=\"og:image\" content=\"https:\/\/empresas.infoempleo.com\/hrtrends\/media\/2015\/06\/ThinkstockPhotos-135552332-e1435298508399.jpg\" \/>\n\t<meta property=\"og:image:width\" content=\"546\" \/>\n\t<meta property=\"og:image:height\" content=\"256\" \/>\n\t<meta property=\"og:image:type\" content=\"image\/jpeg\" \/>\n<meta name=\"author\" content=\"Luisa Carrasco\" \/>\n<meta name=\"twitter:card\" content=\"summary_large_image\" \/>\n<meta name=\"twitter:creator\" content=\"@infoempleo\" \/>\n<meta name=\"twitter:site\" content=\"@infoempleo\" \/>\n<meta name=\"twitter:label1\" content=\"Escrito por\" \/>\n\t<meta name=\"twitter:data1\" content=\"Luisa Carrasco\" \/>\n\t<meta name=\"twitter:label2\" content=\"Tiempo de lectura\" \/>\n\t<meta name=\"twitter:data2\" content=\"2 minutos\" \/>\n<script type=\"application\/ld+json\" class=\"yoast-schema-graph\">{\"@context\":\"https:\/\/schema.org\",\"@graph\":[{\"@type\":\"NewsArticle\",\"@id\":\"https:\/\/empresas.infoempleo.com\/hrtrends\/ayudas-a-la-investigacion-sanitaria\/#article\",\"isPartOf\":{\"@id\":\"https:\/\/empresas.infoempleo.com\/hrtrends\/ayudas-a-la-investigacion-sanitaria\/\"},\"author\":{\"name\":\"Luisa Carrasco\",\"@id\":\"https:\/\/empresas.infoempleo.com\/hrtrends\/#\/schema\/person\/32ca57975913668419d075627a98dafe\"},\"headline\":\"Ayudas a la investigaci\u00f3n sanitaria\",\"datePublished\":\"2015-07-01T05:30:58+00:00\",\"dateModified\":\"2023-02-03T12:41:52+00:00\",\"mainEntityOfPage\":{\"@id\":\"https:\/\/empresas.infoempleo.com\/hrtrends\/ayudas-a-la-investigacion-sanitaria\/\"},\"wordCount\":440,\"publisher\":{\"@id\":\"https:\/\/empresas.infoempleo.com\/hrtrends\/#organization\"},\"image\":{\"@id\":\"https:\/\/empresas.infoempleo.com\/hrtrends\/ayudas-a-la-investigacion-sanitaria\/#primaryimage\"},\"thumbnailUrl\":\"https:\/\/empresas.infoempleo.com\/hrtrends\/media\/2015\/06\/ThinkstockPhotos-135552332-e1435298508399.jpg\",\"keywords\":[\"ayudas a la investigaci\u00f3n biosanitaria\",\"Cantabria\",\"Hospital Universitario Marqu\u00e9s de Valdecilla\",\"IDIVAL\",\"investigaci\u00f3n traslacional\"],\"articleSection\":[\"Actualidad\"],\"inLanguage\":\"es\",\"copyrightYear\":\"2015\",\"copyrightHolder\":{\"@id\":\"https:\/\/empresas.infoempleo.com\/hrtrends\/#organization\"}},{\"@type\":\"WebPage\",\"@id\":\"https:\/\/empresas.infoempleo.com\/hrtrends\/ayudas-a-la-investigacion-sanitaria\/\",\"url\":\"https:\/\/empresas.infoempleo.com\/hrtrends\/ayudas-a-la-investigacion-sanitaria\/\",\"name\":\"Ayudas a la investigaci\u00f3n sanitaria | HRTRENDS\",\"isPartOf\":{\"@id\":\"https:\/\/empresas.infoempleo.com\/hrtrends\/#website\"},\"primaryImageOfPage\":{\"@id\":\"https:\/\/empresas.infoempleo.com\/hrtrends\/ayudas-a-la-investigacion-sanitaria\/#primaryimage\"},\"image\":{\"@id\":\"https:\/\/empresas.infoempleo.com\/hrtrends\/ayudas-a-la-investigacion-sanitaria\/#primaryimage\"},\"thumbnailUrl\":\"https:\/\/empresas.infoempleo.com\/hrtrends\/media\/2015\/06\/ThinkstockPhotos-135552332-e1435298508399.jpg\",\"datePublished\":\"2015-07-01T05:30:58+00:00\",\"dateModified\":\"2023-02-03T12:41:52+00:00\",\"description\":\"La incorporaci\u00f3n de nuevos investigadores es el objetivo de cualquier organizaci\u00f3n. El Instituto de Investigaci\u00f3n Sanitaria IDIVAL quiere ampliar sus equipos de investigadores\",\"breadcrumb\":{\"@id\":\"https:\/\/empresas.infoempleo.com\/hrtrends\/ayudas-a-la-investigacion-sanitaria\/#breadcrumb\"},\"inLanguage\":\"es\",\"potentialAction\":[{\"@type\":\"ReadAction\",\"target\":[\"https:\/\/empresas.infoempleo.com\/hrtrends\/ayudas-a-la-investigacion-sanitaria\/\"]}]},{\"@type\":\"ImageObject\",\"inLanguage\":\"es\",\"@id\":\"https:\/\/empresas.infoempleo.com\/hrtrends\/ayudas-a-la-investigacion-sanitaria\/#primaryimage\",\"url\":\"https:\/\/empresas.infoempleo.com\/hrtrends\/media\/2015\/06\/ThinkstockPhotos-135552332-e1435298508399-150x150.jpg\",\"contentUrl\":\"https:\/\/empresas.infoempleo.com\/hrtrends\/media\/2015\/06\/ThinkstockPhotos-135552332-e1435298508399-150x150.jpg\",\"width\":150,\"height\":150,\"caption\":\"Ayudas a la investigaci\u00f3n sanitaria\"},{\"@type\":\"BreadcrumbList\",\"@id\":\"https:\/\/empresas.infoempleo.com\/hrtrends\/ayudas-a-la-investigacion-sanitaria\/#breadcrumb\",\"itemListElement\":[{\"@type\":\"ListItem\",\"position\":1,\"name\":\"Portada\",\"item\":\"https:\/\/empresas.infoempleo.com\/hrtrends\/\"},{\"@type\":\"ListItem\",\"position\":2,\"name\":\"Ayudas a la investigaci\u00f3n sanitaria\"}]},{\"@type\":\"WebSite\",\"@id\":\"https:\/\/empresas.infoempleo.com\/hrtrends\/#website\",\"url\":\"https:\/\/empresas.infoempleo.com\/hrtrends\",\"name\":\"HRTrends by Infoempleo\",\"description\":\"\",\"publisher\":{\"@id\":\"https:\/\/empresas.infoempleo.com\/hrtrends\/#organization\"},\"potentialAction\":{\"@type\":\"SearchAction\",\"target\":\"https:\/\/empresas.infoempleo.com\/hrtrends\/?s={search_term_string}\",\"query-input\":\"required name=search_term_string\"},\"inLanguage\":\"es\"},{\"@type\":\"Organization\",\"@id\":\"https:\/\/empresas.infoempleo.com\/hrtrends\/#organization\",\"name\":\"Infoempleo\",\"url\":\"https:\/\/www.infoempleo.com\/\",\"logo\":{\"@type\":\"ImageObject\",\"@id\":\"https:\/\/empresas.infoempleo.com\/hrtrends\/#logo\",\"inLanguage\":\"es\",\"url\":\"https:\/\/cdnazure.infoempleo.com\/infoempleo\/assets\/style\/gfx\/logo.svg\",\"contentUrl\":\"https:\/\/cdnazure.infoempleo.com\/infoempleo\/assets\/style\/gfx\/logo.svg\",\"width\":150,\"height\":40,\"caption\":\"Infoempleo\"},\"image\":{\"@id\":\"https:\/\/empresas.infoempleo.com\/hrtrends\/#logo\"},\"sameAs\":[\"https:\/\/www.facebook.com\/Infoempleo\",\"https:\/\/x.com\/infoempleo\",\"http:\/\/instagram.com\/infoempleo\/\",\"http:\/\/www.linkedin.com\/groups\/Empleo-Espa\u00f1a-Infoempleocom-111276\",\"http:\/\/pinterest.com\/infoempleo\/\"],\"address\":{\"@type\":\"PostalAddress\",\"addressLocality\":\"Madrid\",\"postalCode\":\"28050\",\"streetAddress\":\"Avenida de Burgos 114\"},\"brand\":[\"Infoempleo\"]},{\"@type\":\"Person\",\"@id\":\"https:\/\/empresas.infoempleo.com\/hrtrends\/#\/schema\/person\/32ca57975913668419d075627a98dafe\",\"name\":\"Luisa Carrasco\",\"image\":{\"@type\":\"ImageObject\",\"inLanguage\":\"es\",\"@id\":\"https:\/\/empresas.infoempleo.com\/hrtrends\/#\/schema\/person\/image\/\",\"url\":\"https:\/\/secure.gravatar.com\/avatar\/8cc7d7a784a8289007bbfddcef37ed7157c6ae70e89183748ddf5858d9133c86?s=96&d=mm&r=g\",\"contentUrl\":\"https:\/\/secure.gravatar.com\/avatar\/8cc7d7a784a8289007bbfddcef37ed7157c6ae70e89183748ddf5858d9133c86?s=96&d=mm&r=g\",\"caption\":\"Luisa Carrasco\"},\"description\":\"Licenciada en Sociolog\u00eda y posgrado en gesti\u00f3n de la comunicaci\u00f3n para organizaciones culturales. Me interesa todo lo que tiene que ver con la organizaci\u00f3n e integraci\u00f3n de los distintos agentes sociales. El \u00e1mbito laboral y el de la educaci\u00f3n y formaci\u00f3n es el punto de encuentro de gran parte de estos actores. Estoy al tanto de los temas de actualidad laboral, las tendencias en el mercado del trabajo, las nuevas iniciativas en el tejido empresarial y las propuestas de innovaci\u00f3n en materia de educaci\u00f3n y formaci\u00f3n. Por lo general, escribo en el blog de Infoempleo tres veces por semana.\",\"url\":\"https:\/\/empresas.infoempleo.com\/hrtrends\/author\/luisaagenciayerro\/\"}]}<\/script>\n<!-- \/ Yoast SEO plugin. -->","yoast_head_json":{"title":"Ayudas a la investigaci\u00f3n sanitaria | HRTRENDS","description":"La incorporaci\u00f3n de nuevos investigadores es el objetivo de cualquier organizaci\u00f3n. El Instituto de Investigaci\u00f3n Sanitaria IDIVAL quiere ampliar sus equipos de investigadores","robots":{"index":"index","follow":"follow","max-snippet":"max-snippet:-1","max-image-preview":"max-image-preview:large","max-video-preview":"max-video-preview:-1"},"canonical":"https:\/\/empresas.infoempleo.com\/hrtrends\/ayudas-a-la-investigacion-sanitaria\/","og_locale":"es_ES","og_type":"article","og_title":"Ayudas a la investigaci\u00f3n sanitaria | HRTRENDS","og_description":"La incorporaci\u00f3n de nuevos investigadores es el objetivo de cualquier organizaci\u00f3n. El Instituto de Investigaci\u00f3n Sanitaria IDIVAL quiere ampliar sus equipos de investigadores","og_url":"https:\/\/empresas.infoempleo.com\/hrtrends\/ayudas-a-la-investigacion-sanitaria\/","og_site_name":"HRTRENDS","article_publisher":"https:\/\/www.facebook.com\/Infoempleo","article_published_time":"2015-07-01T05:30:58+00:00","article_modified_time":"2023-02-03T12:41:52+00:00","og_image":[{"width":546,"height":256,"url":"https:\/\/empresas.infoempleo.com\/hrtrends\/media\/2015\/06\/ThinkstockPhotos-135552332-e1435298508399.jpg","type":"image\/jpeg"}],"author":"Luisa Carrasco","twitter_card":"summary_large_image","twitter_creator":"@infoempleo","twitter_site":"@infoempleo","twitter_misc":{"Escrito por":"Luisa Carrasco","Tiempo de lectura":"2 minutos"},"schema":{"@context":"https:\/\/schema.org","@graph":[{"@type":"NewsArticle","@id":"https:\/\/empresas.infoempleo.com\/hrtrends\/ayudas-a-la-investigacion-sanitaria\/#article","isPartOf":{"@id":"https:\/\/empresas.infoempleo.com\/hrtrends\/ayudas-a-la-investigacion-sanitaria\/"},"author":{"name":"Luisa Carrasco","@id":"https:\/\/empresas.infoempleo.com\/hrtrends\/#\/schema\/person\/32ca57975913668419d075627a98dafe"},"headline":"Ayudas a la investigaci\u00f3n sanitaria","datePublished":"2015-07-01T05:30:58+00:00","dateModified":"2023-02-03T12:41:52+00:00","mainEntityOfPage":{"@id":"https:\/\/empresas.infoempleo.com\/hrtrends\/ayudas-a-la-investigacion-sanitaria\/"},"wordCount":440,"publisher":{"@id":"https:\/\/empresas.infoempleo.com\/hrtrends\/#organization"},"image":{"@id":"https:\/\/empresas.infoempleo.com\/hrtrends\/ayudas-a-la-investigacion-sanitaria\/#primaryimage"},"thumbnailUrl":"https:\/\/empresas.infoempleo.com\/hrtrends\/media\/2015\/06\/ThinkstockPhotos-135552332-e1435298508399.jpg","keywords":["ayudas a la investigaci\u00f3n biosanitaria","Cantabria","Hospital Universitario Marqu\u00e9s de Valdecilla","IDIVAL","investigaci\u00f3n traslacional"],"articleSection":["Actualidad"],"inLanguage":"es","copyrightYear":"2015","copyrightHolder":{"@id":"https:\/\/empresas.infoempleo.com\/hrtrends\/#organization"}},{"@type":"WebPage","@id":"https:\/\/empresas.infoempleo.com\/hrtrends\/ayudas-a-la-investigacion-sanitaria\/","url":"https:\/\/empresas.infoempleo.com\/hrtrends\/ayudas-a-la-investigacion-sanitaria\/","name":"Ayudas a la investigaci\u00f3n sanitaria | HRTRENDS","isPartOf":{"@id":"https:\/\/empresas.infoempleo.com\/hrtrends\/#website"},"primaryImageOfPage":{"@id":"https:\/\/empresas.infoempleo.com\/hrtrends\/ayudas-a-la-investigacion-sanitaria\/#primaryimage"},"image":{"@id":"https:\/\/empresas.infoempleo.com\/hrtrends\/ayudas-a-la-investigacion-sanitaria\/#primaryimage"},"thumbnailUrl":"https:\/\/empresas.infoempleo.com\/hrtrends\/media\/2015\/06\/ThinkstockPhotos-135552332-e1435298508399.jpg","datePublished":"2015-07-01T05:30:58+00:00","dateModified":"2023-02-03T12:41:52+00:00","description":"La incorporaci\u00f3n de nuevos investigadores es el objetivo de cualquier organizaci\u00f3n. El Instituto de Investigaci\u00f3n Sanitaria IDIVAL quiere ampliar sus equipos de investigadores","breadcrumb":{"@id":"https:\/\/empresas.infoempleo.com\/hrtrends\/ayudas-a-la-investigacion-sanitaria\/#breadcrumb"},"inLanguage":"es","potentialAction":[{"@type":"ReadAction","target":["https:\/\/empresas.infoempleo.com\/hrtrends\/ayudas-a-la-investigacion-sanitaria\/"]}]},{"@type":"ImageObject","inLanguage":"es","@id":"https:\/\/empresas.infoempleo.com\/hrtrends\/ayudas-a-la-investigacion-sanitaria\/#primaryimage","url":"https:\/\/empresas.infoempleo.com\/hrtrends\/media\/2015\/06\/ThinkstockPhotos-135552332-e1435298508399-150x150.jpg","contentUrl":"https:\/\/empresas.infoempleo.com\/hrtrends\/media\/2015\/06\/ThinkstockPhotos-135552332-e1435298508399-150x150.jpg","width":150,"height":150,"caption":"Ayudas a la investigaci\u00f3n sanitaria"},{"@type":"BreadcrumbList","@id":"https:\/\/empresas.infoempleo.com\/hrtrends\/ayudas-a-la-investigacion-sanitaria\/#breadcrumb","itemListElement":[{"@type":"ListItem","position":1,"name":"Portada","item":"https:\/\/empresas.infoempleo.com\/hrtrends\/"},{"@type":"ListItem","position":2,"name":"Ayudas a la investigaci\u00f3n sanitaria"}]},{"@type":"WebSite","@id":"https:\/\/empresas.infoempleo.com\/hrtrends\/#website","url":"https:\/\/empresas.infoempleo.com\/hrtrends","name":"HRTrends by Infoempleo","description":"","publisher":{"@id":"https:\/\/empresas.infoempleo.com\/hrtrends\/#organization"},"potentialAction":{"@type":"SearchAction","target":"https:\/\/empresas.infoempleo.com\/hrtrends\/?s={search_term_string}","query-input":"required name=search_term_string"},"inLanguage":"es"},{"@type":"Organization","@id":"https:\/\/empresas.infoempleo.com\/hrtrends\/#organization","name":"Infoempleo","url":"https:\/\/www.infoempleo.com\/","logo":{"@type":"ImageObject","@id":"https:\/\/empresas.infoempleo.com\/hrtrends\/#logo","inLanguage":"es","url":"https:\/\/cdnazure.infoempleo.com\/infoempleo\/assets\/style\/gfx\/logo.svg","contentUrl":"https:\/\/cdnazure.infoempleo.com\/infoempleo\/assets\/style\/gfx\/logo.svg","width":150,"height":40,"caption":"Infoempleo"},"image":{"@id":"https:\/\/empresas.infoempleo.com\/hrtrends\/#logo"},"sameAs":["https:\/\/www.facebook.com\/Infoempleo","https:\/\/x.com\/infoempleo","http:\/\/instagram.com\/infoempleo\/","http:\/\/www.linkedin.com\/groups\/Empleo-Espa\u00f1a-Infoempleocom-111276","http:\/\/pinterest.com\/infoempleo\/"],"address":{"@type":"PostalAddress","addressLocality":"Madrid","postalCode":"28050","streetAddress":"Avenida de Burgos 114"},"brand":["Infoempleo"]},{"@type":"Person","@id":"https:\/\/empresas.infoempleo.com\/hrtrends\/#\/schema\/person\/32ca57975913668419d075627a98dafe","name":"Luisa Carrasco","image":{"@type":"ImageObject","inLanguage":"es","@id":"https:\/\/empresas.infoempleo.com\/hrtrends\/#\/schema\/person\/image\/","url":"https:\/\/secure.gravatar.com\/avatar\/8cc7d7a784a8289007bbfddcef37ed7157c6ae70e89183748ddf5858d9133c86?s=96&d=mm&r=g","contentUrl":"https:\/\/secure.gravatar.com\/avatar\/8cc7d7a784a8289007bbfddcef37ed7157c6ae70e89183748ddf5858d9133c86?s=96&d=mm&r=g","caption":"Luisa Carrasco"},"description":"Licenciada en Sociolog\u00eda y posgrado en gesti\u00f3n de la comunicaci\u00f3n para organizaciones culturales. Me interesa todo lo que tiene que ver con la organizaci\u00f3n e integraci\u00f3n de los distintos agentes sociales. El \u00e1mbito laboral y el de la educaci\u00f3n y formaci\u00f3n es el punto de encuentro de gran parte de estos actores. Estoy al tanto de los temas de actualidad laboral, las tendencias en el mercado del trabajo, las nuevas iniciativas en el tejido empresarial y las propuestas de innovaci\u00f3n en materia de educaci\u00f3n y formaci\u00f3n. Por lo general, escribo en el blog de Infoempleo tres veces por semana.","url":"https:\/\/empresas.infoempleo.com\/hrtrends\/author\/luisaagenciayerro\/"}]}},"amp_enabled":true,"_links":{"self":[{"href":"https:\/\/empresas.infoempleo.com\/hrtrends\/wp-json\/wp\/v2\/posts\/7176","targetHints":{"allow":["GET"]}}],"collection":[{"href":"https:\/\/empresas.infoempleo.com\/hrtrends\/wp-json\/wp\/v2\/posts"}],"about":[{"href":"https:\/\/empresas.infoempleo.com\/hrtrends\/wp-json\/wp\/v2\/types\/post"}],"author":[{"embeddable":true,"href":"https:\/\/empresas.infoempleo.com\/hrtrends\/wp-json\/wp\/v2\/users\/29"}],"replies":[{"embeddable":true,"href":"https:\/\/empresas.infoempleo.com\/hrtrends\/wp-json\/wp\/v2\/comments?post=7176"}],"version-history":[{"count":1,"href":"https:\/\/empresas.infoempleo.com\/hrtrends\/wp-json\/wp\/v2\/posts\/7176\/revisions"}],"predecessor-version":[{"id":42331,"href":"https:\/\/empresas.infoempleo.com\/hrtrends\/wp-json\/wp\/v2\/posts\/7176\/revisions\/42331"}],"wp:featuredmedia":[{"embeddable":true,"href":"https:\/\/empresas.infoempleo.com\/hrtrends\/wp-json\/wp\/v2\/media\/7182"}],"wp:attachment":[{"href":"https:\/\/empresas.infoempleo.com\/hrtrends\/wp-json\/wp\/v2\/media?parent=7176"}],"wp:term":[{"taxonomy":"category","embeddable":true,"href":"https:\/\/empresas.infoempleo.com\/hrtrends\/wp-json\/wp\/v2\/categories?post=7176"},{"taxonomy":"post_tag","embeddable":true,"href":"https:\/\/empresas.infoempleo.com\/hrtrends\/wp-json\/wp\/v2\/tags?post=7176"}],"curies":[{"name":"wp","href":"https:\/\/api.w.org\/{rel}","templated":true}]}}