{"id":7071,"date":"2010-02-08T09:23:28","date_gmt":"2010-02-08T08:23:28","guid":{"rendered":"http:\/\/blog.infoempleo.com\/?p=7071"},"modified":"2023-03-13T19:33:57","modified_gmt":"2023-03-13T17:33:57","slug":"hasta-los-bailes-del-colegio-me-los-tomaba-ya-en-serio","status":"publish","type":"post","link":"https:\/\/empresas.infoempleo.com\/hrtrends\/hasta-los-bailes-del-colegio-me-los-tomaba-ya-en-serio\/","title":{"rendered":"\u00ab\u00a1Hasta los bailes del colegio me los tomaba ya en serio!\u00bb"},"content":{"rendered":"<h3>Ana Ruiz, actriz<\/h3>\n<p>Desde el pasado 28 de enero y hasta el mes de octubre, Ana Ruiz (Sevilla, 1979) tendr\u00e1 que disimular su marcado acento andaluz para dar vida a Blanca en \u2018El gal\u00e1n fantasma\u2019, de Calder\u00f3n de la Barca. Aunque adaptado, el texto no deja de ser un cl\u00e1sico en verso. \u00abImpone mucho&#8230; Yo no hac\u00eda un papel as\u00ed desde que interpret\u00e9 a Do\u00f1a In\u00e9s en el Tenorio, y ten\u00eda 17 a\u00f1os\u00bb. Desde entonces no ha dejado los escenarios, pero esta actriz sevillana, que echa de menos su tierra y sue\u00f1a con poder volver a vivir all\u00ed alg\u00fan d\u00eda, se ha centrado en la peque\u00f1a pantalla, donde cobr\u00f3 popularidad gracias a su papel de Sof\u00eda, la telefonista pizpereta de la ya desaparecida \u2018Camera Caf\u00e9\u2019.<\/p>\n<p><strong>\u00bfCu\u00e1l fue su primer empleo?<br \/>\n<\/strong>Hice un anuncio de turrones Do\u00f1a Jimena para televisi\u00f3n. Bueno, yo aparec\u00eda, cog\u00eda a mi supuesto hermano peque\u00f1o en brazos y me lo llevaba. \u00a1Eso era todo! Creo que me pagaron unas 15.000 pesetas.<\/p>\n<p><strong>\u00bfRecuerda en qu\u00e9 gast\u00f3 o qu\u00e9 hizo con ese primer sueldo?<br \/>\n<\/strong>No me acuerdo. Es que desde siempre iba ahorrando lo que pod\u00eda para tener mi autonom\u00eda, as\u00ed que no he sido de los que dicen \u00abeso me lo compr\u00e9 yo con mi primer sueldo\u00bb.<\/p>\n<p><strong>Ese anuncio lo hizo con 16 a\u00f1os, \u00bfcu\u00e1ndo despert\u00f3 su vocaci\u00f3n?<br \/>\n<\/strong>No sab\u00eda exactamente que quer\u00eda ser actriz, pero cuando ten\u00eda ocho a\u00f1os se hizo en el colegio una representaci\u00f3n de \u2018La verbena de la Paloma\u2019 y cogieron a otra ni\u00f1a. Yo, que me tomaba esas cosas muy a pecho, pensaba por qu\u00e9 no me hab\u00edan cogido a m\u00ed&#8230; \u00a1Hasta los bailes del colegio me los tomaba ya en serio!<\/p>\n<p><strong>Sin embargo, comenz\u00f3 a estudiar Derecho&#8230;<br \/>\n<\/strong>S\u00ed. Estuve el primer a\u00f1o haciendo Derecho, aprob\u00e9 algunas asignaturas, pero cuando escuchaba a los profesores hablar de nosotros como \u00abfuturos letrados\u00bb me entraba la risa. No me imaginaba precisamente como abogada. As\u00ed que lo dej\u00e9, me matricul\u00e9 en Educaci\u00f3n Infantil y esa carrera s\u00ed que la termin\u00e9. Aunque mientras estudiaba hac\u00eda mis pinitos en televisi\u00f3n como presentadora en Canal Sur de \u2018La Banda\u2019, un programa para ni\u00f1os que todav\u00eda emiten.<\/p>\n<p><strong>\u00bfQu\u00e9 recuerda del primer d\u00eda que se puso ante la c\u00e1mara?<br \/>\n<\/strong>Todo hab\u00eda sido una casualidad, presentarme al \u2018casting\u2019, que me cogieran&#8230; Es curioso, pero el primer d\u00eda no not\u00e9 una presi\u00f3n exagerada. Tambi\u00e9n es cierto que era un programa muy relajado, que no era en directo y hab\u00eda mucha gente joven trabajando conmigo, y todo eso me hac\u00eda estar m\u00e1s c\u00f3moda. La verdad es que durante alg\u00fan tiempo me acordaba hasta de la primera frase que hab\u00eda dicho, pero ya no soy tan rom\u00e1ntica con esas cosas&#8230;<\/p>\n<p><strong>Y al patio de butacas, \u00bfc\u00f3mo se enfrent\u00f3 por primera vez?<br \/>\n<\/strong>Ten\u00eda s\u00f3lo 14 a\u00f1os, estaba en la escuela de los Padres Blancos de Sevilla, y fue con la obra \u2018Don Jos\u00e9, Pepe y Pepito\u2019, de Juan Ignacio Luca de Tena. En el escenario hay mucho nervio, mucha adrenalina acumulada&#8230; Lo vivo ahora con la misma emoci\u00f3n que antes. El teatro tiene una magia especial que se mantiene, pese a los a\u00f1os de experiencia.<\/p>\n<p><strong>Sin embargo, su popularidad ha venido con la televisi\u00f3n.<br \/>\n<\/strong>Me ha permitido hacer teatro a otra escala, poder escoger entre m\u00e1s cosas&#8230; Estoy muy agradecida a este medio.<\/p>\n<p><strong>\u00bfCambiar\u00eda algo de estos a\u00f1os de trabajo?<br \/>\n<\/strong>Dedicarme a esto me supuso, bueno, me supone, mucho sacrificio porque mi familia est\u00e1 en Sevilla. Mi hermana va a tener ahora un ni\u00f1o y est\u00e1 all\u00ed&#8230; Creo que una vez que tomas ciertas decisiones, como cambiar de ciudad y dejar tu vida all\u00ed, todo lo que hagas te tiene que convencer.<\/p>\n<p><strong>\u00bfQu\u00e9 queda de la chiquilla que estudiaba teatro en Sevilla?<br \/>\n<\/strong>Queda el amor por el trabajo. M\u00e1s bien, es pasi\u00f3n, porque si no fuera actriz no podr\u00eda ser otra cosa. Aunque en tiempos de crisis nunca se sabe&#8230; Y hay cosas que he ido perdiendo. En este trabajo a veces ves falta de profesionalidad, cosas que no entiendes, y eso hace que te desilusiones. Quiz\u00e1 lo veo todo menos id\u00edlico.<\/p>\n","protected":false},"excerpt":{"rendered":"<p>Ana Ruiz, actriz Desde el pasado 28 de enero y hasta el mes de octubre, Ana Ruiz (Sevilla,<a class=\"moretag\" href=\"https:\/\/empresas.infoempleo.com\/hrtrends\/hasta-los-bailes-del-colegio-me-los-tomaba-ya-en-serio\/\"> Leer m\u00e1s<\/a><\/p>\n","protected":false},"author":33,"featured_media":29665,"comment_status":"closed","ping_status":"open","sticky":false,"template":"","format":"standard","meta":{"footnotes":""},"categories":[3],"tags":[491],"class_list":["post-7071","post","type-post","status-publish","format-standard","has-post-thumbnail","hentry","category-actualidad","tag-primer-empleo"],"yoast_head":"<!-- This site is optimized with the Yoast SEO plugin v26.1.1 - https:\/\/yoast.com\/wordpress\/plugins\/seo\/ -->\n<title>&quot;\u00a1Hasta los bailes del colegio me los tomaba ya en serio!&quot; | HRTRENDS<\/title>\n<meta name=\"robots\" content=\"index, follow, max-snippet:-1, max-image-preview:large, max-video-preview:-1\" \/>\n<link rel=\"canonical\" href=\"https:\/\/empresas.infoempleo.com\/hrtrends\/hasta-los-bailes-del-colegio-me-los-tomaba-ya-en-serio\/\" \/>\n<meta property=\"og:locale\" content=\"es_ES\" \/>\n<meta property=\"og:type\" content=\"article\" \/>\n<meta property=\"og:title\" content=\"&quot;\u00a1Hasta los bailes del colegio me los tomaba ya en serio!&quot; | HRTRENDS\" \/>\n<meta property=\"og:description\" content=\"Ana Ruiz, actriz Desde el pasado 28 de enero y hasta el mes de octubre, Ana Ruiz (Sevilla, Leer m\u00e1s\" \/>\n<meta property=\"og:url\" content=\"https:\/\/empresas.infoempleo.com\/hrtrends\/hasta-los-bailes-del-colegio-me-los-tomaba-ya-en-serio\/\" \/>\n<meta property=\"og:site_name\" content=\"HRTRENDS\" \/>\n<meta property=\"article:publisher\" content=\"https:\/\/www.facebook.com\/Infoempleo\" \/>\n<meta property=\"article:published_time\" content=\"2010-02-08T08:23:28+00:00\" \/>\n<meta property=\"article:modified_time\" content=\"2023-03-13T17:33:57+00:00\" \/>\n<meta property=\"og:image\" content=\"https:\/\/empresas.infoempleo.com\/hrtrends\/media\/2017\/05\/pexels-photo-205508.jpg\" \/>\n\t<meta property=\"og:image:width\" content=\"1280\" \/>\n\t<meta property=\"og:image:height\" content=\"960\" \/>\n\t<meta property=\"og:image:type\" content=\"image\/jpeg\" \/>\n<meta name=\"author\" content=\"Cristina Mart\u00edn\" \/>\n<meta name=\"twitter:card\" content=\"summary_large_image\" \/>\n<meta name=\"twitter:creator\" content=\"@infoempleo\" \/>\n<meta name=\"twitter:site\" content=\"@infoempleo\" \/>\n<meta name=\"twitter:label1\" content=\"Escrito por\" \/>\n\t<meta name=\"twitter:data1\" content=\"Cristina Mart\u00edn\" \/>\n\t<meta name=\"twitter:label2\" content=\"Tiempo de lectura\" \/>\n\t<meta name=\"twitter:data2\" content=\"4 minutos\" \/>\n<script type=\"application\/ld+json\" class=\"yoast-schema-graph\">{\"@context\":\"https:\/\/schema.org\",\"@graph\":[{\"@type\":\"NewsArticle\",\"@id\":\"https:\/\/empresas.infoempleo.com\/hrtrends\/hasta-los-bailes-del-colegio-me-los-tomaba-ya-en-serio\/#article\",\"isPartOf\":{\"@id\":\"https:\/\/empresas.infoempleo.com\/hrtrends\/hasta-los-bailes-del-colegio-me-los-tomaba-ya-en-serio\/\"},\"author\":{\"name\":\"Cristina Mart\u00edn\",\"@id\":\"https:\/\/empresas.infoempleo.com\/hrtrends\/#\/schema\/person\/f211bd3f083559daff103f670fe968b8\"},\"headline\":\"\u00ab\u00a1Hasta los bailes del colegio me los tomaba ya en serio!\u00bb\",\"datePublished\":\"2010-02-08T08:23:28+00:00\",\"dateModified\":\"2023-03-13T17:33:57+00:00\",\"mainEntityOfPage\":{\"@id\":\"https:\/\/empresas.infoempleo.com\/hrtrends\/hasta-los-bailes-del-colegio-me-los-tomaba-ya-en-serio\/\"},\"wordCount\":745,\"publisher\":{\"@id\":\"https:\/\/empresas.infoempleo.com\/hrtrends\/#organization\"},\"image\":{\"@id\":\"https:\/\/empresas.infoempleo.com\/hrtrends\/hasta-los-bailes-del-colegio-me-los-tomaba-ya-en-serio\/#primaryimage\"},\"thumbnailUrl\":\"https:\/\/empresas.infoempleo.com\/hrtrends\/media\/2017\/05\/pexels-photo-205508.jpg\",\"keywords\":[\"primer empleo\"],\"articleSection\":[\"Actualidad\"],\"inLanguage\":\"es\",\"copyrightYear\":\"2010\",\"copyrightHolder\":{\"@id\":\"https:\/\/empresas.infoempleo.com\/hrtrends\/#organization\"}},{\"@type\":\"WebPage\",\"@id\":\"https:\/\/empresas.infoempleo.com\/hrtrends\/hasta-los-bailes-del-colegio-me-los-tomaba-ya-en-serio\/\",\"url\":\"https:\/\/empresas.infoempleo.com\/hrtrends\/hasta-los-bailes-del-colegio-me-los-tomaba-ya-en-serio\/\",\"name\":\"\\\"\u00a1Hasta los bailes del colegio me los tomaba ya en serio!\\\" | HRTRENDS\",\"isPartOf\":{\"@id\":\"https:\/\/empresas.infoempleo.com\/hrtrends\/#website\"},\"primaryImageOfPage\":{\"@id\":\"https:\/\/empresas.infoempleo.com\/hrtrends\/hasta-los-bailes-del-colegio-me-los-tomaba-ya-en-serio\/#primaryimage\"},\"image\":{\"@id\":\"https:\/\/empresas.infoempleo.com\/hrtrends\/hasta-los-bailes-del-colegio-me-los-tomaba-ya-en-serio\/#primaryimage\"},\"thumbnailUrl\":\"https:\/\/empresas.infoempleo.com\/hrtrends\/media\/2017\/05\/pexels-photo-205508.jpg\",\"datePublished\":\"2010-02-08T08:23:28+00:00\",\"dateModified\":\"2023-03-13T17:33:57+00:00\",\"breadcrumb\":{\"@id\":\"https:\/\/empresas.infoempleo.com\/hrtrends\/hasta-los-bailes-del-colegio-me-los-tomaba-ya-en-serio\/#breadcrumb\"},\"inLanguage\":\"es\",\"potentialAction\":[{\"@type\":\"ReadAction\",\"target\":[\"https:\/\/empresas.infoempleo.com\/hrtrends\/hasta-los-bailes-del-colegio-me-los-tomaba-ya-en-serio\/\"]}]},{\"@type\":\"ImageObject\",\"inLanguage\":\"es\",\"@id\":\"https:\/\/empresas.infoempleo.com\/hrtrends\/hasta-los-bailes-del-colegio-me-los-tomaba-ya-en-serio\/#primaryimage\",\"url\":\"https:\/\/empresas.infoempleo.com\/hrtrends\/media\/2017\/05\/pexels-photo-205508-150x150.jpg\",\"contentUrl\":\"https:\/\/empresas.infoempleo.com\/hrtrends\/media\/2017\/05\/pexels-photo-205508-150x150.jpg\",\"width\":150,\"height\":150},{\"@type\":\"BreadcrumbList\",\"@id\":\"https:\/\/empresas.infoempleo.com\/hrtrends\/hasta-los-bailes-del-colegio-me-los-tomaba-ya-en-serio\/#breadcrumb\",\"itemListElement\":[{\"@type\":\"ListItem\",\"position\":1,\"name\":\"Portada\",\"item\":\"https:\/\/empresas.infoempleo.com\/hrtrends\/\"},{\"@type\":\"ListItem\",\"position\":2,\"name\":\"\u00ab\u00a1Hasta los bailes del colegio me los tomaba ya en serio!\u00bb\"}]},{\"@type\":\"WebSite\",\"@id\":\"https:\/\/empresas.infoempleo.com\/hrtrends\/#website\",\"url\":\"https:\/\/empresas.infoempleo.com\/hrtrends\",\"name\":\"HRTrends by Infoempleo\",\"description\":\"\",\"publisher\":{\"@id\":\"https:\/\/empresas.infoempleo.com\/hrtrends\/#organization\"},\"potentialAction\":{\"@type\":\"SearchAction\",\"target\":\"https:\/\/empresas.infoempleo.com\/hrtrends\/?s={search_term_string}\",\"query-input\":\"required name=search_term_string\"},\"inLanguage\":\"es\"},{\"@type\":\"Organization\",\"@id\":\"https:\/\/empresas.infoempleo.com\/hrtrends\/#organization\",\"name\":\"Infoempleo\",\"url\":\"https:\/\/www.infoempleo.com\/\",\"logo\":{\"@type\":\"ImageObject\",\"@id\":\"https:\/\/empresas.infoempleo.com\/hrtrends\/#logo\",\"inLanguage\":\"es\",\"url\":\"https:\/\/cdnazure.infoempleo.com\/infoempleo\/assets\/style\/gfx\/logo.svg\",\"contentUrl\":\"https:\/\/cdnazure.infoempleo.com\/infoempleo\/assets\/style\/gfx\/logo.svg\",\"width\":150,\"height\":40,\"caption\":\"Infoempleo\"},\"image\":{\"@id\":\"https:\/\/empresas.infoempleo.com\/hrtrends\/#logo\"},\"sameAs\":[\"https:\/\/www.facebook.com\/Infoempleo\",\"https:\/\/x.com\/infoempleo\",\"http:\/\/instagram.com\/infoempleo\/\",\"http:\/\/www.linkedin.com\/groups\/Empleo-Espa\u00f1a-Infoempleocom-111276\",\"http:\/\/pinterest.com\/infoempleo\/\"],\"address\":{\"@type\":\"PostalAddress\",\"addressLocality\":\"Madrid\",\"postalCode\":\"28050\",\"streetAddress\":\"Avenida de Burgos 114\"},\"brand\":[\"Infoempleo\"]},{\"@type\":\"Person\",\"@id\":\"https:\/\/empresas.infoempleo.com\/hrtrends\/#\/schema\/person\/f211bd3f083559daff103f670fe968b8\",\"name\":\"Cristina Mart\u00edn\",\"image\":{\"@type\":\"ImageObject\",\"inLanguage\":\"es\",\"@id\":\"https:\/\/empresas.infoempleo.com\/hrtrends\/#\/schema\/person\/image\/\",\"url\":\"https:\/\/secure.gravatar.com\/avatar\/7a85ff01010a0d921dc9d1da42a82a70f74e2cd0329b7fc20ee2c1c08a97daed?s=96&d=mm&r=g\",\"contentUrl\":\"https:\/\/secure.gravatar.com\/avatar\/7a85ff01010a0d921dc9d1da42a82a70f74e2cd0329b7fc20ee2c1c08a97daed?s=96&d=mm&r=g\",\"caption\":\"Cristina Mart\u00edn\"},\"url\":\"https:\/\/empresas.infoempleo.com\/hrtrends\/author\/cristina-martin\/\"}]}<\/script>\n<!-- \/ Yoast SEO plugin. -->","yoast_head_json":{"title":"\"\u00a1Hasta los bailes del colegio me los tomaba ya en serio!\" | HRTRENDS","robots":{"index":"index","follow":"follow","max-snippet":"max-snippet:-1","max-image-preview":"max-image-preview:large","max-video-preview":"max-video-preview:-1"},"canonical":"https:\/\/empresas.infoempleo.com\/hrtrends\/hasta-los-bailes-del-colegio-me-los-tomaba-ya-en-serio\/","og_locale":"es_ES","og_type":"article","og_title":"\"\u00a1Hasta los bailes del colegio me los tomaba ya en serio!\" | HRTRENDS","og_description":"Ana Ruiz, actriz Desde el pasado 28 de enero y hasta el mes de octubre, Ana Ruiz (Sevilla, Leer m\u00e1s","og_url":"https:\/\/empresas.infoempleo.com\/hrtrends\/hasta-los-bailes-del-colegio-me-los-tomaba-ya-en-serio\/","og_site_name":"HRTRENDS","article_publisher":"https:\/\/www.facebook.com\/Infoempleo","article_published_time":"2010-02-08T08:23:28+00:00","article_modified_time":"2023-03-13T17:33:57+00:00","og_image":[{"width":1280,"height":960,"url":"https:\/\/empresas.infoempleo.com\/hrtrends\/media\/2017\/05\/pexels-photo-205508.jpg","type":"image\/jpeg"}],"author":"Cristina Mart\u00edn","twitter_card":"summary_large_image","twitter_creator":"@infoempleo","twitter_site":"@infoempleo","twitter_misc":{"Escrito por":"Cristina Mart\u00edn","Tiempo de lectura":"4 minutos"},"schema":{"@context":"https:\/\/schema.org","@graph":[{"@type":"NewsArticle","@id":"https:\/\/empresas.infoempleo.com\/hrtrends\/hasta-los-bailes-del-colegio-me-los-tomaba-ya-en-serio\/#article","isPartOf":{"@id":"https:\/\/empresas.infoempleo.com\/hrtrends\/hasta-los-bailes-del-colegio-me-los-tomaba-ya-en-serio\/"},"author":{"name":"Cristina Mart\u00edn","@id":"https:\/\/empresas.infoempleo.com\/hrtrends\/#\/schema\/person\/f211bd3f083559daff103f670fe968b8"},"headline":"\u00ab\u00a1Hasta los bailes del colegio me los tomaba ya en serio!\u00bb","datePublished":"2010-02-08T08:23:28+00:00","dateModified":"2023-03-13T17:33:57+00:00","mainEntityOfPage":{"@id":"https:\/\/empresas.infoempleo.com\/hrtrends\/hasta-los-bailes-del-colegio-me-los-tomaba-ya-en-serio\/"},"wordCount":745,"publisher":{"@id":"https:\/\/empresas.infoempleo.com\/hrtrends\/#organization"},"image":{"@id":"https:\/\/empresas.infoempleo.com\/hrtrends\/hasta-los-bailes-del-colegio-me-los-tomaba-ya-en-serio\/#primaryimage"},"thumbnailUrl":"https:\/\/empresas.infoempleo.com\/hrtrends\/media\/2017\/05\/pexels-photo-205508.jpg","keywords":["primer empleo"],"articleSection":["Actualidad"],"inLanguage":"es","copyrightYear":"2010","copyrightHolder":{"@id":"https:\/\/empresas.infoempleo.com\/hrtrends\/#organization"}},{"@type":"WebPage","@id":"https:\/\/empresas.infoempleo.com\/hrtrends\/hasta-los-bailes-del-colegio-me-los-tomaba-ya-en-serio\/","url":"https:\/\/empresas.infoempleo.com\/hrtrends\/hasta-los-bailes-del-colegio-me-los-tomaba-ya-en-serio\/","name":"\"\u00a1Hasta los bailes del colegio me los tomaba ya en serio!\" | HRTRENDS","isPartOf":{"@id":"https:\/\/empresas.infoempleo.com\/hrtrends\/#website"},"primaryImageOfPage":{"@id":"https:\/\/empresas.infoempleo.com\/hrtrends\/hasta-los-bailes-del-colegio-me-los-tomaba-ya-en-serio\/#primaryimage"},"image":{"@id":"https:\/\/empresas.infoempleo.com\/hrtrends\/hasta-los-bailes-del-colegio-me-los-tomaba-ya-en-serio\/#primaryimage"},"thumbnailUrl":"https:\/\/empresas.infoempleo.com\/hrtrends\/media\/2017\/05\/pexels-photo-205508.jpg","datePublished":"2010-02-08T08:23:28+00:00","dateModified":"2023-03-13T17:33:57+00:00","breadcrumb":{"@id":"https:\/\/empresas.infoempleo.com\/hrtrends\/hasta-los-bailes-del-colegio-me-los-tomaba-ya-en-serio\/#breadcrumb"},"inLanguage":"es","potentialAction":[{"@type":"ReadAction","target":["https:\/\/empresas.infoempleo.com\/hrtrends\/hasta-los-bailes-del-colegio-me-los-tomaba-ya-en-serio\/"]}]},{"@type":"ImageObject","inLanguage":"es","@id":"https:\/\/empresas.infoempleo.com\/hrtrends\/hasta-los-bailes-del-colegio-me-los-tomaba-ya-en-serio\/#primaryimage","url":"https:\/\/empresas.infoempleo.com\/hrtrends\/media\/2017\/05\/pexels-photo-205508-150x150.jpg","contentUrl":"https:\/\/empresas.infoempleo.com\/hrtrends\/media\/2017\/05\/pexels-photo-205508-150x150.jpg","width":150,"height":150},{"@type":"BreadcrumbList","@id":"https:\/\/empresas.infoempleo.com\/hrtrends\/hasta-los-bailes-del-colegio-me-los-tomaba-ya-en-serio\/#breadcrumb","itemListElement":[{"@type":"ListItem","position":1,"name":"Portada","item":"https:\/\/empresas.infoempleo.com\/hrtrends\/"},{"@type":"ListItem","position":2,"name":"\u00ab\u00a1Hasta los bailes del colegio me los tomaba ya en serio!\u00bb"}]},{"@type":"WebSite","@id":"https:\/\/empresas.infoempleo.com\/hrtrends\/#website","url":"https:\/\/empresas.infoempleo.com\/hrtrends","name":"HRTrends by Infoempleo","description":"","publisher":{"@id":"https:\/\/empresas.infoempleo.com\/hrtrends\/#organization"},"potentialAction":{"@type":"SearchAction","target":"https:\/\/empresas.infoempleo.com\/hrtrends\/?s={search_term_string}","query-input":"required name=search_term_string"},"inLanguage":"es"},{"@type":"Organization","@id":"https:\/\/empresas.infoempleo.com\/hrtrends\/#organization","name":"Infoempleo","url":"https:\/\/www.infoempleo.com\/","logo":{"@type":"ImageObject","@id":"https:\/\/empresas.infoempleo.com\/hrtrends\/#logo","inLanguage":"es","url":"https:\/\/cdnazure.infoempleo.com\/infoempleo\/assets\/style\/gfx\/logo.svg","contentUrl":"https:\/\/cdnazure.infoempleo.com\/infoempleo\/assets\/style\/gfx\/logo.svg","width":150,"height":40,"caption":"Infoempleo"},"image":{"@id":"https:\/\/empresas.infoempleo.com\/hrtrends\/#logo"},"sameAs":["https:\/\/www.facebook.com\/Infoempleo","https:\/\/x.com\/infoempleo","http:\/\/instagram.com\/infoempleo\/","http:\/\/www.linkedin.com\/groups\/Empleo-Espa\u00f1a-Infoempleocom-111276","http:\/\/pinterest.com\/infoempleo\/"],"address":{"@type":"PostalAddress","addressLocality":"Madrid","postalCode":"28050","streetAddress":"Avenida de Burgos 114"},"brand":["Infoempleo"]},{"@type":"Person","@id":"https:\/\/empresas.infoempleo.com\/hrtrends\/#\/schema\/person\/f211bd3f083559daff103f670fe968b8","name":"Cristina Mart\u00edn","image":{"@type":"ImageObject","inLanguage":"es","@id":"https:\/\/empresas.infoempleo.com\/hrtrends\/#\/schema\/person\/image\/","url":"https:\/\/secure.gravatar.com\/avatar\/7a85ff01010a0d921dc9d1da42a82a70f74e2cd0329b7fc20ee2c1c08a97daed?s=96&d=mm&r=g","contentUrl":"https:\/\/secure.gravatar.com\/avatar\/7a85ff01010a0d921dc9d1da42a82a70f74e2cd0329b7fc20ee2c1c08a97daed?s=96&d=mm&r=g","caption":"Cristina Mart\u00edn"},"url":"https:\/\/empresas.infoempleo.com\/hrtrends\/author\/cristina-martin\/"}]}},"amp_enabled":true,"_links":{"self":[{"href":"https:\/\/empresas.infoempleo.com\/hrtrends\/wp-json\/wp\/v2\/posts\/7071","targetHints":{"allow":["GET"]}}],"collection":[{"href":"https:\/\/empresas.infoempleo.com\/hrtrends\/wp-json\/wp\/v2\/posts"}],"about":[{"href":"https:\/\/empresas.infoempleo.com\/hrtrends\/wp-json\/wp\/v2\/types\/post"}],"author":[{"embeddable":true,"href":"https:\/\/empresas.infoempleo.com\/hrtrends\/wp-json\/wp\/v2\/users\/33"}],"replies":[{"embeddable":true,"href":"https:\/\/empresas.infoempleo.com\/hrtrends\/wp-json\/wp\/v2\/comments?post=7071"}],"version-history":[{"count":1,"href":"https:\/\/empresas.infoempleo.com\/hrtrends\/wp-json\/wp\/v2\/posts\/7071\/revisions"}],"predecessor-version":[{"id":43391,"href":"https:\/\/empresas.infoempleo.com\/hrtrends\/wp-json\/wp\/v2\/posts\/7071\/revisions\/43391"}],"wp:featuredmedia":[{"embeddable":true,"href":"https:\/\/empresas.infoempleo.com\/hrtrends\/wp-json\/wp\/v2\/media\/29665"}],"wp:attachment":[{"href":"https:\/\/empresas.infoempleo.com\/hrtrends\/wp-json\/wp\/v2\/media?parent=7071"}],"wp:term":[{"taxonomy":"category","embeddable":true,"href":"https:\/\/empresas.infoempleo.com\/hrtrends\/wp-json\/wp\/v2\/categories?post=7071"},{"taxonomy":"post_tag","embeddable":true,"href":"https:\/\/empresas.infoempleo.com\/hrtrends\/wp-json\/wp\/v2\/tags?post=7071"}],"curies":[{"name":"wp","href":"https:\/\/api.w.org\/{rel}","templated":true}]}}