{"id":6954,"date":"2010-02-01T11:42:07","date_gmt":"2010-02-01T10:42:07","guid":{"rendered":"http:\/\/blog.infoempleo.com\/?p=6954"},"modified":"2023-03-13T19:33:12","modified_gmt":"2023-03-13T17:33:12","slug":"la-experiencia-gana-importancia-en-la-oferta-de-empleo-cualificado","status":"publish","type":"post","link":"https:\/\/empresas.infoempleo.com\/hrtrends\/la-experiencia-gana-importancia-en-la-oferta-de-empleo-cualificado\/","title":{"rendered":"La experiencia gana importancia en la oferta de empleo cualificado"},"content":{"rendered":"<p>Un <strong>60,41% de la oferta<\/strong> de empleo cualificado espa\u00f1ola <strong>pide a sus candidatos tener experiencia previa<\/strong>, seg\u00fan <a class=\"wp-caption-dd\" href=\"https:\/\/www.infoempleo.com\/\" target=\"_blank\" rel=\"noopener\">Infoempleo.com<\/a>, un dato que refleja la importancia que las compa\u00f1\u00edas dan a este requisito, cada vez m\u00e1s valorado a la hora de contratar, en parte como consecuencia de la situaci\u00f3n que actualmente atraviesa el mercado de trabajo.<\/p>\n<p>El an\u00e1lisis refleja adem\u00e1s que <strong>son los profesionales con una experiencia de entre cinco y diez a\u00f1os los m\u00e1s demandados, en un 19,90% de los casos<\/strong>.<\/p>\n<p>Por el contrario, <strong>los perfiles junior y con una experiencia superior a los diez a\u00f1os son los menos requeridos<\/strong>: <a class=\"wp-caption-dd\" href=\"https:\/\/www.infoempleo.com\/\" target=\"_blank\" rel=\"noopener\">Infoempleo <\/a>apunta que los trabajadores con<strong> entre uno y dos a\u00f1os de experiencia <\/strong>son buscados en<strong> un 4,83%<\/strong> de la oferta, mientras que <strong>los que sobrepasan los diez a\u00f1os de trayectoria<\/strong> lo son en un <strong>2,64%<\/strong> de los casos, la mayor\u00eda de las veces para puestos directivos.<strong>\u00a0<\/strong><\/p>\n<h2>Perfiles maduros<\/h2>\n<p>Lo m\u00e1s destacable de los datos arrojados por <a class=\"wp-caption-dd\" href=\"https:\/\/www.infoempleo.com\/\" target=\"_blank\" rel=\"noopener\">Infoempleo <\/a>es la <strong>creciente importancia de los perfiles m\u00e1s experimentados<\/strong>, con una trayectoria superior a los cinco a\u00f1os, en comparaci\u00f3n a su demanda de hace tan s\u00f3lo un a\u00f1o.<\/p>\n<p>En este sentido, el tramo de experiencia que va <strong>entre los dos y tres a\u00f1os<\/strong> de trayectoria laboral, aglutina, seg\u00fan <a class=\"wp-caption-dd\" href=\"https:\/\/www.infoempleo.com\/\" target=\"_blank\" rel=\"noopener\">Infoempleo<\/a>, un <strong>14,54%<\/strong> de la oferta que requiere experiencia, y el tramo de <strong>entre tres y cinco a\u00f1os<\/strong>, un <strong>18,50%<\/strong>.<\/p>\n<p>En total, <strong>ambos tramos suman un 33,04% de la oferta<\/strong> de empleo que requiere experiencia, una cifra que, aunque muy alta, si se compara con la que sumaron durante el mismo periodo del a\u00f1o anterior, <strong>ha sufrido una ca\u00edda de m\u00e1s de ocho puntos porcentuales, <\/strong>un descenso que ha repercutido positivamente en la oferta de empleo dirigida a perfiles un poco m\u00e1s maduros.<\/p>\n","protected":false},"excerpt":{"rendered":"<p>Un 60,41% de la oferta de empleo cualificado espa\u00f1ola pide a sus candidatos tener experiencia previa, seg\u00fan Infoempleo.com,<a class=\"moretag\" href=\"https:\/\/empresas.infoempleo.com\/hrtrends\/la-experiencia-gana-importancia-en-la-oferta-de-empleo-cualificado\/\"> Leer m\u00e1s<\/a><\/p>\n","protected":false},"author":72,"featured_media":31808,"comment_status":"closed","ping_status":"open","sticky":false,"template":"","format":"standard","meta":{"footnotes":""},"categories":[3],"tags":[162,1046,422,37],"class_list":["post-6954","post","type-post","status-publish","format-standard","has-post-thumbnail","hentry","category-actualidad","tag-empleo","tag-experiencia","tag-perfiles","tag-trabajo"],"yoast_head":"<!-- This site is optimized with the Yoast SEO plugin v26.1.1 - https:\/\/yoast.com\/wordpress\/plugins\/seo\/ -->\n<title>La experiencia gana importancia en la oferta de empleo cualificado | HRTRENDS<\/title>\n<meta name=\"robots\" content=\"index, follow, max-snippet:-1, max-image-preview:large, max-video-preview:-1\" \/>\n<link rel=\"canonical\" href=\"https:\/\/empresas.infoempleo.com\/hrtrends\/la-experiencia-gana-importancia-en-la-oferta-de-empleo-cualificado\/\" \/>\n<meta property=\"og:locale\" content=\"es_ES\" \/>\n<meta property=\"og:type\" content=\"article\" \/>\n<meta property=\"og:title\" content=\"La experiencia gana importancia en la oferta de empleo cualificado | HRTRENDS\" \/>\n<meta property=\"og:description\" content=\"Un 60,41% de la oferta de empleo cualificado espa\u00f1ola pide a sus candidatos tener experiencia previa, seg\u00fan Infoempleo.com, Leer m\u00e1s\" \/>\n<meta property=\"og:url\" content=\"https:\/\/empresas.infoempleo.com\/hrtrends\/la-experiencia-gana-importancia-en-la-oferta-de-empleo-cualificado\/\" \/>\n<meta property=\"og:site_name\" content=\"HRTRENDS\" \/>\n<meta property=\"article:publisher\" content=\"https:\/\/www.facebook.com\/Infoempleo\" \/>\n<meta property=\"article:published_time\" content=\"2010-02-01T10:42:07+00:00\" \/>\n<meta property=\"article:modified_time\" content=\"2023-03-13T17:33:12+00:00\" \/>\n<meta property=\"og:image\" content=\"https:\/\/empresas.infoempleo.com\/hrtrends\/media\/2010\/02\/pexels-photo-461146.jpeg\" \/>\n\t<meta property=\"og:image:width\" content=\"1140\" \/>\n\t<meta property=\"og:image:height\" content=\"760\" \/>\n\t<meta property=\"og:image:type\" content=\"image\/jpeg\" \/>\n<meta name=\"author\" content=\"infoempleo\" \/>\n<meta name=\"twitter:card\" content=\"summary_large_image\" \/>\n<meta name=\"twitter:creator\" content=\"@infoempleo\" \/>\n<meta name=\"twitter:site\" content=\"@infoempleo\" \/>\n<meta name=\"twitter:label1\" content=\"Escrito por\" \/>\n\t<meta name=\"twitter:data1\" content=\"infoempleo\" \/>\n\t<meta name=\"twitter:label2\" content=\"Tiempo de lectura\" \/>\n\t<meta name=\"twitter:data2\" content=\"2 minutos\" \/>\n<script type=\"application\/ld+json\" class=\"yoast-schema-graph\">{\"@context\":\"https:\/\/schema.org\",\"@graph\":[{\"@type\":\"NewsArticle\",\"@id\":\"https:\/\/empresas.infoempleo.com\/hrtrends\/la-experiencia-gana-importancia-en-la-oferta-de-empleo-cualificado\/#article\",\"isPartOf\":{\"@id\":\"https:\/\/empresas.infoempleo.com\/hrtrends\/la-experiencia-gana-importancia-en-la-oferta-de-empleo-cualificado\/\"},\"author\":{\"name\":\"infoempleo\",\"@id\":\"https:\/\/empresas.infoempleo.com\/hrtrends\/#\/schema\/person\/67d3e276ffcc8b3ae0ebec816daf775a\"},\"headline\":\"La experiencia gana importancia en la oferta de empleo cualificado\",\"datePublished\":\"2010-02-01T10:42:07+00:00\",\"dateModified\":\"2023-03-13T17:33:12+00:00\",\"mainEntityOfPage\":{\"@id\":\"https:\/\/empresas.infoempleo.com\/hrtrends\/la-experiencia-gana-importancia-en-la-oferta-de-empleo-cualificado\/\"},\"wordCount\":318,\"publisher\":{\"@id\":\"https:\/\/empresas.infoempleo.com\/hrtrends\/#organization\"},\"image\":{\"@id\":\"https:\/\/empresas.infoempleo.com\/hrtrends\/la-experiencia-gana-importancia-en-la-oferta-de-empleo-cualificado\/#primaryimage\"},\"thumbnailUrl\":\"https:\/\/empresas.infoempleo.com\/hrtrends\/media\/2010\/02\/pexels-photo-461146.jpeg\",\"keywords\":[\"Empleo\",\"experiencia\",\"perfiles\",\"trabajo\"],\"articleSection\":[\"Actualidad\"],\"inLanguage\":\"es\",\"copyrightYear\":\"2010\",\"copyrightHolder\":{\"@id\":\"https:\/\/empresas.infoempleo.com\/hrtrends\/#organization\"}},{\"@type\":\"WebPage\",\"@id\":\"https:\/\/empresas.infoempleo.com\/hrtrends\/la-experiencia-gana-importancia-en-la-oferta-de-empleo-cualificado\/\",\"url\":\"https:\/\/empresas.infoempleo.com\/hrtrends\/la-experiencia-gana-importancia-en-la-oferta-de-empleo-cualificado\/\",\"name\":\"La experiencia gana importancia en la oferta de empleo cualificado | HRTRENDS\",\"isPartOf\":{\"@id\":\"https:\/\/empresas.infoempleo.com\/hrtrends\/#website\"},\"primaryImageOfPage\":{\"@id\":\"https:\/\/empresas.infoempleo.com\/hrtrends\/la-experiencia-gana-importancia-en-la-oferta-de-empleo-cualificado\/#primaryimage\"},\"image\":{\"@id\":\"https:\/\/empresas.infoempleo.com\/hrtrends\/la-experiencia-gana-importancia-en-la-oferta-de-empleo-cualificado\/#primaryimage\"},\"thumbnailUrl\":\"https:\/\/empresas.infoempleo.com\/hrtrends\/media\/2010\/02\/pexels-photo-461146.jpeg\",\"datePublished\":\"2010-02-01T10:42:07+00:00\",\"dateModified\":\"2023-03-13T17:33:12+00:00\",\"breadcrumb\":{\"@id\":\"https:\/\/empresas.infoempleo.com\/hrtrends\/la-experiencia-gana-importancia-en-la-oferta-de-empleo-cualificado\/#breadcrumb\"},\"inLanguage\":\"es\",\"potentialAction\":[{\"@type\":\"ReadAction\",\"target\":[\"https:\/\/empresas.infoempleo.com\/hrtrends\/la-experiencia-gana-importancia-en-la-oferta-de-empleo-cualificado\/\"]}]},{\"@type\":\"ImageObject\",\"inLanguage\":\"es\",\"@id\":\"https:\/\/empresas.infoempleo.com\/hrtrends\/la-experiencia-gana-importancia-en-la-oferta-de-empleo-cualificado\/#primaryimage\",\"url\":\"https:\/\/empresas.infoempleo.com\/hrtrends\/media\/2010\/02\/pexels-photo-461146-150x150.jpeg\",\"contentUrl\":\"https:\/\/empresas.infoempleo.com\/hrtrends\/media\/2010\/02\/pexels-photo-461146-150x150.jpeg\",\"width\":150,\"height\":150,\"caption\":\"Tener experiencia\"},{\"@type\":\"BreadcrumbList\",\"@id\":\"https:\/\/empresas.infoempleo.com\/hrtrends\/la-experiencia-gana-importancia-en-la-oferta-de-empleo-cualificado\/#breadcrumb\",\"itemListElement\":[{\"@type\":\"ListItem\",\"position\":1,\"name\":\"Portada\",\"item\":\"https:\/\/empresas.infoempleo.com\/hrtrends\/\"},{\"@type\":\"ListItem\",\"position\":2,\"name\":\"La experiencia gana importancia en la oferta de empleo cualificado\"}]},{\"@type\":\"WebSite\",\"@id\":\"https:\/\/empresas.infoempleo.com\/hrtrends\/#website\",\"url\":\"https:\/\/empresas.infoempleo.com\/hrtrends\",\"name\":\"HRTrends by Infoempleo\",\"description\":\"\",\"publisher\":{\"@id\":\"https:\/\/empresas.infoempleo.com\/hrtrends\/#organization\"},\"potentialAction\":{\"@type\":\"SearchAction\",\"target\":\"https:\/\/empresas.infoempleo.com\/hrtrends\/?s={search_term_string}\",\"query-input\":\"required name=search_term_string\"},\"inLanguage\":\"es\"},{\"@type\":\"Organization\",\"@id\":\"https:\/\/empresas.infoempleo.com\/hrtrends\/#organization\",\"name\":\"Infoempleo\",\"url\":\"https:\/\/www.infoempleo.com\/\",\"logo\":{\"@type\":\"ImageObject\",\"@id\":\"https:\/\/empresas.infoempleo.com\/hrtrends\/#logo\",\"inLanguage\":\"es\",\"url\":\"https:\/\/cdnazure.infoempleo.com\/infoempleo\/assets\/style\/gfx\/logo.svg\",\"contentUrl\":\"https:\/\/cdnazure.infoempleo.com\/infoempleo\/assets\/style\/gfx\/logo.svg\",\"width\":150,\"height\":40,\"caption\":\"Infoempleo\"},\"image\":{\"@id\":\"https:\/\/empresas.infoempleo.com\/hrtrends\/#logo\"},\"sameAs\":[\"https:\/\/www.facebook.com\/Infoempleo\",\"https:\/\/x.com\/infoempleo\",\"http:\/\/instagram.com\/infoempleo\/\",\"http:\/\/www.linkedin.com\/groups\/Empleo-Espa\u00f1a-Infoempleocom-111276\",\"http:\/\/pinterest.com\/infoempleo\/\"],\"address\":{\"@type\":\"PostalAddress\",\"addressLocality\":\"Madrid\",\"postalCode\":\"28050\",\"streetAddress\":\"Avenida de Burgos 114\"},\"brand\":[\"Infoempleo\"]},{\"@type\":\"Person\",\"@id\":\"https:\/\/empresas.infoempleo.com\/hrtrends\/#\/schema\/person\/67d3e276ffcc8b3ae0ebec816daf775a\",\"name\":\"infoempleo\",\"image\":{\"@type\":\"ImageObject\",\"inLanguage\":\"es\",\"@id\":\"https:\/\/empresas.infoempleo.com\/hrtrends\/#\/schema\/person\/image\/\",\"url\":\"https:\/\/secure.gravatar.com\/avatar\/7b437777242fe67d2473c2a818da2344692d1ee91e91080ccffbd97bcd4a0975?s=96&d=mm&r=g\",\"contentUrl\":\"https:\/\/secure.gravatar.com\/avatar\/7b437777242fe67d2473c2a818da2344692d1ee91e91080ccffbd97bcd4a0975?s=96&d=mm&r=g\",\"caption\":\"infoempleo\"},\"url\":\"https:\/\/empresas.infoempleo.com\/hrtrends\/author\/infoempleo\/\"}]}<\/script>\n<!-- \/ Yoast SEO plugin. -->","yoast_head_json":{"title":"La experiencia gana importancia en la oferta de empleo cualificado | HRTRENDS","robots":{"index":"index","follow":"follow","max-snippet":"max-snippet:-1","max-image-preview":"max-image-preview:large","max-video-preview":"max-video-preview:-1"},"canonical":"https:\/\/empresas.infoempleo.com\/hrtrends\/la-experiencia-gana-importancia-en-la-oferta-de-empleo-cualificado\/","og_locale":"es_ES","og_type":"article","og_title":"La experiencia gana importancia en la oferta de empleo cualificado | HRTRENDS","og_description":"Un 60,41% de la oferta de empleo cualificado espa\u00f1ola pide a sus candidatos tener experiencia previa, seg\u00fan Infoempleo.com, Leer m\u00e1s","og_url":"https:\/\/empresas.infoempleo.com\/hrtrends\/la-experiencia-gana-importancia-en-la-oferta-de-empleo-cualificado\/","og_site_name":"HRTRENDS","article_publisher":"https:\/\/www.facebook.com\/Infoempleo","article_published_time":"2010-02-01T10:42:07+00:00","article_modified_time":"2023-03-13T17:33:12+00:00","og_image":[{"width":1140,"height":760,"url":"https:\/\/empresas.infoempleo.com\/hrtrends\/media\/2010\/02\/pexels-photo-461146.jpeg","type":"image\/jpeg"}],"author":"infoempleo","twitter_card":"summary_large_image","twitter_creator":"@infoempleo","twitter_site":"@infoempleo","twitter_misc":{"Escrito por":"infoempleo","Tiempo de lectura":"2 minutos"},"schema":{"@context":"https:\/\/schema.org","@graph":[{"@type":"NewsArticle","@id":"https:\/\/empresas.infoempleo.com\/hrtrends\/la-experiencia-gana-importancia-en-la-oferta-de-empleo-cualificado\/#article","isPartOf":{"@id":"https:\/\/empresas.infoempleo.com\/hrtrends\/la-experiencia-gana-importancia-en-la-oferta-de-empleo-cualificado\/"},"author":{"name":"infoempleo","@id":"https:\/\/empresas.infoempleo.com\/hrtrends\/#\/schema\/person\/67d3e276ffcc8b3ae0ebec816daf775a"},"headline":"La experiencia gana importancia en la oferta de empleo cualificado","datePublished":"2010-02-01T10:42:07+00:00","dateModified":"2023-03-13T17:33:12+00:00","mainEntityOfPage":{"@id":"https:\/\/empresas.infoempleo.com\/hrtrends\/la-experiencia-gana-importancia-en-la-oferta-de-empleo-cualificado\/"},"wordCount":318,"publisher":{"@id":"https:\/\/empresas.infoempleo.com\/hrtrends\/#organization"},"image":{"@id":"https:\/\/empresas.infoempleo.com\/hrtrends\/la-experiencia-gana-importancia-en-la-oferta-de-empleo-cualificado\/#primaryimage"},"thumbnailUrl":"https:\/\/empresas.infoempleo.com\/hrtrends\/media\/2010\/02\/pexels-photo-461146.jpeg","keywords":["Empleo","experiencia","perfiles","trabajo"],"articleSection":["Actualidad"],"inLanguage":"es","copyrightYear":"2010","copyrightHolder":{"@id":"https:\/\/empresas.infoempleo.com\/hrtrends\/#organization"}},{"@type":"WebPage","@id":"https:\/\/empresas.infoempleo.com\/hrtrends\/la-experiencia-gana-importancia-en-la-oferta-de-empleo-cualificado\/","url":"https:\/\/empresas.infoempleo.com\/hrtrends\/la-experiencia-gana-importancia-en-la-oferta-de-empleo-cualificado\/","name":"La experiencia gana importancia en la oferta de empleo cualificado | HRTRENDS","isPartOf":{"@id":"https:\/\/empresas.infoempleo.com\/hrtrends\/#website"},"primaryImageOfPage":{"@id":"https:\/\/empresas.infoempleo.com\/hrtrends\/la-experiencia-gana-importancia-en-la-oferta-de-empleo-cualificado\/#primaryimage"},"image":{"@id":"https:\/\/empresas.infoempleo.com\/hrtrends\/la-experiencia-gana-importancia-en-la-oferta-de-empleo-cualificado\/#primaryimage"},"thumbnailUrl":"https:\/\/empresas.infoempleo.com\/hrtrends\/media\/2010\/02\/pexels-photo-461146.jpeg","datePublished":"2010-02-01T10:42:07+00:00","dateModified":"2023-03-13T17:33:12+00:00","breadcrumb":{"@id":"https:\/\/empresas.infoempleo.com\/hrtrends\/la-experiencia-gana-importancia-en-la-oferta-de-empleo-cualificado\/#breadcrumb"},"inLanguage":"es","potentialAction":[{"@type":"ReadAction","target":["https:\/\/empresas.infoempleo.com\/hrtrends\/la-experiencia-gana-importancia-en-la-oferta-de-empleo-cualificado\/"]}]},{"@type":"ImageObject","inLanguage":"es","@id":"https:\/\/empresas.infoempleo.com\/hrtrends\/la-experiencia-gana-importancia-en-la-oferta-de-empleo-cualificado\/#primaryimage","url":"https:\/\/empresas.infoempleo.com\/hrtrends\/media\/2010\/02\/pexels-photo-461146-150x150.jpeg","contentUrl":"https:\/\/empresas.infoempleo.com\/hrtrends\/media\/2010\/02\/pexels-photo-461146-150x150.jpeg","width":150,"height":150,"caption":"Tener experiencia"},{"@type":"BreadcrumbList","@id":"https:\/\/empresas.infoempleo.com\/hrtrends\/la-experiencia-gana-importancia-en-la-oferta-de-empleo-cualificado\/#breadcrumb","itemListElement":[{"@type":"ListItem","position":1,"name":"Portada","item":"https:\/\/empresas.infoempleo.com\/hrtrends\/"},{"@type":"ListItem","position":2,"name":"La experiencia gana importancia en la oferta de empleo cualificado"}]},{"@type":"WebSite","@id":"https:\/\/empresas.infoempleo.com\/hrtrends\/#website","url":"https:\/\/empresas.infoempleo.com\/hrtrends","name":"HRTrends by Infoempleo","description":"","publisher":{"@id":"https:\/\/empresas.infoempleo.com\/hrtrends\/#organization"},"potentialAction":{"@type":"SearchAction","target":"https:\/\/empresas.infoempleo.com\/hrtrends\/?s={search_term_string}","query-input":"required name=search_term_string"},"inLanguage":"es"},{"@type":"Organization","@id":"https:\/\/empresas.infoempleo.com\/hrtrends\/#organization","name":"Infoempleo","url":"https:\/\/www.infoempleo.com\/","logo":{"@type":"ImageObject","@id":"https:\/\/empresas.infoempleo.com\/hrtrends\/#logo","inLanguage":"es","url":"https:\/\/cdnazure.infoempleo.com\/infoempleo\/assets\/style\/gfx\/logo.svg","contentUrl":"https:\/\/cdnazure.infoempleo.com\/infoempleo\/assets\/style\/gfx\/logo.svg","width":150,"height":40,"caption":"Infoempleo"},"image":{"@id":"https:\/\/empresas.infoempleo.com\/hrtrends\/#logo"},"sameAs":["https:\/\/www.facebook.com\/Infoempleo","https:\/\/x.com\/infoempleo","http:\/\/instagram.com\/infoempleo\/","http:\/\/www.linkedin.com\/groups\/Empleo-Espa\u00f1a-Infoempleocom-111276","http:\/\/pinterest.com\/infoempleo\/"],"address":{"@type":"PostalAddress","addressLocality":"Madrid","postalCode":"28050","streetAddress":"Avenida de Burgos 114"},"brand":["Infoempleo"]},{"@type":"Person","@id":"https:\/\/empresas.infoempleo.com\/hrtrends\/#\/schema\/person\/67d3e276ffcc8b3ae0ebec816daf775a","name":"infoempleo","image":{"@type":"ImageObject","inLanguage":"es","@id":"https:\/\/empresas.infoempleo.com\/hrtrends\/#\/schema\/person\/image\/","url":"https:\/\/secure.gravatar.com\/avatar\/7b437777242fe67d2473c2a818da2344692d1ee91e91080ccffbd97bcd4a0975?s=96&d=mm&r=g","contentUrl":"https:\/\/secure.gravatar.com\/avatar\/7b437777242fe67d2473c2a818da2344692d1ee91e91080ccffbd97bcd4a0975?s=96&d=mm&r=g","caption":"infoempleo"},"url":"https:\/\/empresas.infoempleo.com\/hrtrends\/author\/infoempleo\/"}]}},"amp_enabled":true,"_links":{"self":[{"href":"https:\/\/empresas.infoempleo.com\/hrtrends\/wp-json\/wp\/v2\/posts\/6954","targetHints":{"allow":["GET"]}}],"collection":[{"href":"https:\/\/empresas.infoempleo.com\/hrtrends\/wp-json\/wp\/v2\/posts"}],"about":[{"href":"https:\/\/empresas.infoempleo.com\/hrtrends\/wp-json\/wp\/v2\/types\/post"}],"author":[{"embeddable":true,"href":"https:\/\/empresas.infoempleo.com\/hrtrends\/wp-json\/wp\/v2\/users\/72"}],"replies":[{"embeddable":true,"href":"https:\/\/empresas.infoempleo.com\/hrtrends\/wp-json\/wp\/v2\/comments?post=6954"}],"version-history":[{"count":1,"href":"https:\/\/empresas.infoempleo.com\/hrtrends\/wp-json\/wp\/v2\/posts\/6954\/revisions"}],"predecessor-version":[{"id":43379,"href":"https:\/\/empresas.infoempleo.com\/hrtrends\/wp-json\/wp\/v2\/posts\/6954\/revisions\/43379"}],"wp:featuredmedia":[{"embeddable":true,"href":"https:\/\/empresas.infoempleo.com\/hrtrends\/wp-json\/wp\/v2\/media\/31808"}],"wp:attachment":[{"href":"https:\/\/empresas.infoempleo.com\/hrtrends\/wp-json\/wp\/v2\/media?parent=6954"}],"wp:term":[{"taxonomy":"category","embeddable":true,"href":"https:\/\/empresas.infoempleo.com\/hrtrends\/wp-json\/wp\/v2\/categories?post=6954"},{"taxonomy":"post_tag","embeddable":true,"href":"https:\/\/empresas.infoempleo.com\/hrtrends\/wp-json\/wp\/v2\/tags?post=6954"}],"curies":[{"name":"wp","href":"https:\/\/api.w.org\/{rel}","templated":true}]}}