{"id":6857,"date":"2010-02-01T09:15:22","date_gmt":"2010-02-01T08:15:22","guid":{"rendered":"http:\/\/blog.infoempleo.com\/?p=6857"},"modified":"2024-08-01T16:11:33","modified_gmt":"2024-08-01T14:11:33","slug":"como-reforzar-la-frontera-del-usuario-y-la-contrasena","status":"publish","type":"post","link":"https:\/\/empresas.infoempleo.com\/hrtrends\/como-reforzar-la-frontera-del-usuario-y-la-contrasena\/","title":{"rendered":"C\u00f3mo reforzar la frontera del &#8216;usuario&#8217; y la &#8216;contrase\u00f1a&#8217;"},"content":{"rendered":"<p>Usuario y contrase\u00f1a. \u00c9sta suele ser la \u00fanica frontera que separa la informaci\u00f3n de una empresa de sus potenciales usuarios. Pero, dado que se trata de una precauci\u00f3n demasiado gen\u00e9rica, a veces no es suficiente. La <strong>gesti\u00f3n de identidades<\/strong>, que permite controlar los permisos de acceso de cada empleado a los sistemas corporativos, va un poco m\u00e1s all\u00e1.\u00a0<\/p>\n<p>Tambi\u00e9n aportan garant\u00edas adicionales de seguridad los <strong>certificados digitales<\/strong>, que incluyen una tarjeta con chip. \u00abEsto se puede complementar con alg\u00fan tipo de informaci\u00f3n biom\u00e9trica, que a\u00f1ade al certificado el <strong>control de la huella<\/strong>. Cada vez se emplean m\u00e1s este tipo de soluciones, sobre todo en entidades financieras\u00bb, afirma <strong>Marc Mart\u00ednez<\/strong>, socio del \u00e1rea de Tecnology Risk Advisory de <a class=\"wp-caption-dd\" title=\"Ernst &amp; Young \" href=\"https:\/\/www.ey.com\/es_es\" target=\"_blank\" rel=\"noopener\">Ernst &amp; Young<\/a>. La firma de servicios profesionales dispone de un <strong>laboratorio de simulaci\u00f3n<\/strong> que permite adelantarse y, por tanto, prevenir los riesgos de un ataque externo. \u00abSon servicios muy demandados por los clientes para evitar espionajes inform\u00e1ticos\u00bb, asegura Mart\u00ednez.<\/p>\n<p style=\"text-align: center\">\n<p>Por lo que respecta a los <strong>sistemas de blindaje<\/strong> con que las organizaciones pueden proteger su informaci\u00f3n cr\u00edtica, es posible, por ejemplo, implantar pol\u00edticas de seguridad que eviten la copia de documentos a soportes CD o DVD o, incluso, impedir su env\u00edo por correo electr\u00f3nico.<\/p>\n<p>El estudio \u20182009 Global Information Security Survey\u2019 pone de manifiesto que \u00abel nivel de riesgo, tanto interno como externo, sigue aumentando\u00bb. De ah\u00ed que el 40% de los directivos consultados se haya fijado como segunda prioridad para los pr\u00f3ximos meses implantar o mejorar las tecnolog\u00edas de fuga de datos (Data Leakage Prevention- DLP).<\/p>\n","protected":false},"excerpt":{"rendered":"<p>Usuario y contrase\u00f1a. \u00c9sta suele ser la \u00fanica frontera que separa la informaci\u00f3n de una empresa de sus<a class=\"moretag\" href=\"https:\/\/empresas.infoempleo.com\/hrtrends\/como-reforzar-la-frontera-del-usuario-y-la-contrasena\/\"> Leer m\u00e1s<\/a><\/p>\n","protected":false},"author":34,"featured_media":29665,"comment_status":"closed","ping_status":"open","sticky":false,"template":"","format":"standard","meta":{"footnotes":""},"categories":[3],"tags":[998,999,732,1002,1003,993,207,907,64,1004],"class_list":["post-6857","post","type-post","status-publish","format-standard","has-post-thumbnail","hentry","category-actualidad","tag-certificados-digitales","tag-contrasena","tag-ernst-young","tag-huella","tag-laboratorio-de-simulacion","tag-marc-martinez","tag-profesionales","tag-seguridad-informatica","tag-tecnologia-2","tag-usuario"],"yoast_head":"<!-- This site is optimized with the Yoast SEO plugin v26.1.1 - https:\/\/yoast.com\/wordpress\/plugins\/seo\/ -->\n<title>C\u00f3mo reforzar la frontera del &#039;usuario&#039; y la &#039;contrase\u00f1a&#039; | HRTRENDS<\/title>\n<meta name=\"robots\" content=\"index, follow, max-snippet:-1, max-image-preview:large, max-video-preview:-1\" \/>\n<link rel=\"canonical\" href=\"https:\/\/empresas.infoempleo.com\/hrtrends\/como-reforzar-la-frontera-del-usuario-y-la-contrasena\/\" \/>\n<meta property=\"og:locale\" content=\"es_ES\" \/>\n<meta property=\"og:type\" content=\"article\" \/>\n<meta property=\"og:title\" content=\"C\u00f3mo reforzar la frontera del &#039;usuario&#039; y la &#039;contrase\u00f1a&#039; | HRTRENDS\" \/>\n<meta property=\"og:description\" content=\"Usuario y contrase\u00f1a. \u00c9sta suele ser la \u00fanica frontera que separa la informaci\u00f3n de una empresa de sus Leer m\u00e1s\" \/>\n<meta property=\"og:url\" content=\"https:\/\/empresas.infoempleo.com\/hrtrends\/como-reforzar-la-frontera-del-usuario-y-la-contrasena\/\" \/>\n<meta property=\"og:site_name\" content=\"HRTRENDS\" \/>\n<meta property=\"article:publisher\" content=\"https:\/\/www.facebook.com\/Infoempleo\" \/>\n<meta property=\"article:published_time\" content=\"2010-02-01T08:15:22+00:00\" \/>\n<meta property=\"article:modified_time\" content=\"2024-08-01T14:11:33+00:00\" \/>\n<meta name=\"author\" content=\"Rosario Sep\u00falveda\" \/>\n<meta name=\"twitter:card\" content=\"summary_large_image\" \/>\n<meta name=\"twitter:creator\" content=\"@infoempleo\" \/>\n<meta name=\"twitter:site\" content=\"@infoempleo\" \/>\n<meta name=\"twitter:label1\" content=\"Escrito por\" \/>\n\t<meta name=\"twitter:data1\" content=\"Rosario Sep\u00falveda\" \/>\n\t<meta name=\"twitter:label2\" content=\"Tiempo de lectura\" \/>\n\t<meta name=\"twitter:data2\" content=\"1 minuto\" \/>\n<script type=\"application\/ld+json\" class=\"yoast-schema-graph\">{\"@context\":\"https:\/\/schema.org\",\"@graph\":[{\"@type\":\"NewsArticle\",\"@id\":\"https:\/\/empresas.infoempleo.com\/hrtrends\/como-reforzar-la-frontera-del-usuario-y-la-contrasena\/#article\",\"isPartOf\":{\"@id\":\"https:\/\/empresas.infoempleo.com\/hrtrends\/como-reforzar-la-frontera-del-usuario-y-la-contrasena\/\"},\"author\":{\"name\":\"Rosario Sep\u00falveda\",\"@id\":\"https:\/\/empresas.infoempleo.com\/hrtrends\/#\/schema\/person\/2a45835f1492cbc7fbce11ad398707a8\"},\"headline\":\"C\u00f3mo reforzar la frontera del &#8216;usuario&#8217; y la &#8216;contrase\u00f1a&#8217;\",\"datePublished\":\"2010-02-01T08:15:22+00:00\",\"dateModified\":\"2024-08-01T14:11:33+00:00\",\"mainEntityOfPage\":{\"@id\":\"https:\/\/empresas.infoempleo.com\/hrtrends\/como-reforzar-la-frontera-del-usuario-y-la-contrasena\/\"},\"wordCount\":288,\"publisher\":{\"@id\":\"https:\/\/empresas.infoempleo.com\/hrtrends\/#organization\"},\"image\":{\"@id\":\"https:\/\/empresas.infoempleo.com\/hrtrends\/como-reforzar-la-frontera-del-usuario-y-la-contrasena\/#primaryimage\"},\"thumbnailUrl\":\"https:\/\/empresas.infoempleo.com\/hrtrends\/media\/2017\/05\/pexels-photo-205508.jpg\",\"keywords\":[\"certificados digitales\",\"contrase\u00f1a\",\"Ernst &amp; Young\",\"huella\",\"laboratorio de simulaci\u00f3n\",\"Marc Mart\u00ednez\",\"profesionales\",\"seguridad inform\u00e1tica\",\"tecnolog\u00eda\",\"usuario\"],\"articleSection\":[\"Actualidad\"],\"inLanguage\":\"es\",\"copyrightYear\":\"2010\",\"copyrightHolder\":{\"@id\":\"https:\/\/empresas.infoempleo.com\/hrtrends\/#organization\"}},{\"@type\":\"WebPage\",\"@id\":\"https:\/\/empresas.infoempleo.com\/hrtrends\/como-reforzar-la-frontera-del-usuario-y-la-contrasena\/\",\"url\":\"https:\/\/empresas.infoempleo.com\/hrtrends\/como-reforzar-la-frontera-del-usuario-y-la-contrasena\/\",\"name\":\"C\u00f3mo reforzar la frontera del 'usuario' y la 'contrase\u00f1a' | HRTRENDS\",\"isPartOf\":{\"@id\":\"https:\/\/empresas.infoempleo.com\/hrtrends\/#website\"},\"primaryImageOfPage\":{\"@id\":\"https:\/\/empresas.infoempleo.com\/hrtrends\/como-reforzar-la-frontera-del-usuario-y-la-contrasena\/#primaryimage\"},\"image\":{\"@id\":\"https:\/\/empresas.infoempleo.com\/hrtrends\/como-reforzar-la-frontera-del-usuario-y-la-contrasena\/#primaryimage\"},\"thumbnailUrl\":\"https:\/\/empresas.infoempleo.com\/hrtrends\/media\/2017\/05\/pexels-photo-205508.jpg\",\"datePublished\":\"2010-02-01T08:15:22+00:00\",\"dateModified\":\"2024-08-01T14:11:33+00:00\",\"breadcrumb\":{\"@id\":\"https:\/\/empresas.infoempleo.com\/hrtrends\/como-reforzar-la-frontera-del-usuario-y-la-contrasena\/#breadcrumb\"},\"inLanguage\":\"es\",\"potentialAction\":[{\"@type\":\"ReadAction\",\"target\":[\"https:\/\/empresas.infoempleo.com\/hrtrends\/como-reforzar-la-frontera-del-usuario-y-la-contrasena\/\"]}]},{\"@type\":\"ImageObject\",\"inLanguage\":\"es\",\"@id\":\"https:\/\/empresas.infoempleo.com\/hrtrends\/como-reforzar-la-frontera-del-usuario-y-la-contrasena\/#primaryimage\",\"url\":\"https:\/\/empresas.infoempleo.com\/hrtrends\/media\/2017\/05\/pexels-photo-205508-150x150.jpg\",\"contentUrl\":\"https:\/\/empresas.infoempleo.com\/hrtrends\/media\/2017\/05\/pexels-photo-205508-150x150.jpg\",\"width\":150,\"height\":150},{\"@type\":\"BreadcrumbList\",\"@id\":\"https:\/\/empresas.infoempleo.com\/hrtrends\/como-reforzar-la-frontera-del-usuario-y-la-contrasena\/#breadcrumb\",\"itemListElement\":[{\"@type\":\"ListItem\",\"position\":1,\"name\":\"Portada\",\"item\":\"https:\/\/empresas.infoempleo.com\/hrtrends\/\"},{\"@type\":\"ListItem\",\"position\":2,\"name\":\"C\u00f3mo reforzar la frontera del &#8216;usuario&#8217; y la &#8216;contrase\u00f1a&#8217;\"}]},{\"@type\":\"WebSite\",\"@id\":\"https:\/\/empresas.infoempleo.com\/hrtrends\/#website\",\"url\":\"https:\/\/empresas.infoempleo.com\/hrtrends\",\"name\":\"HRTrends by Infoempleo\",\"description\":\"\",\"publisher\":{\"@id\":\"https:\/\/empresas.infoempleo.com\/hrtrends\/#organization\"},\"potentialAction\":{\"@type\":\"SearchAction\",\"target\":\"https:\/\/empresas.infoempleo.com\/hrtrends\/?s={search_term_string}\",\"query-input\":\"required name=search_term_string\"},\"inLanguage\":\"es\"},{\"@type\":\"Organization\",\"@id\":\"https:\/\/empresas.infoempleo.com\/hrtrends\/#organization\",\"name\":\"Infoempleo\",\"url\":\"https:\/\/www.infoempleo.com\/\",\"logo\":{\"@type\":\"ImageObject\",\"@id\":\"https:\/\/empresas.infoempleo.com\/hrtrends\/#logo\",\"inLanguage\":\"es\",\"url\":\"https:\/\/cdnazure.infoempleo.com\/infoempleo\/assets\/style\/gfx\/logo.svg\",\"contentUrl\":\"https:\/\/cdnazure.infoempleo.com\/infoempleo\/assets\/style\/gfx\/logo.svg\",\"width\":150,\"height\":40,\"caption\":\"Infoempleo\"},\"image\":{\"@id\":\"https:\/\/empresas.infoempleo.com\/hrtrends\/#logo\"},\"sameAs\":[\"https:\/\/www.facebook.com\/Infoempleo\",\"https:\/\/x.com\/infoempleo\",\"http:\/\/instagram.com\/infoempleo\/\",\"http:\/\/www.linkedin.com\/groups\/Empleo-Espa\u00f1a-Infoempleocom-111276\",\"http:\/\/pinterest.com\/infoempleo\/\"],\"address\":{\"@type\":\"PostalAddress\",\"addressLocality\":\"Madrid\",\"postalCode\":\"28050\",\"streetAddress\":\"Avenida de Burgos 114\"},\"brand\":[\"Infoempleo\"]},{\"@type\":\"Person\",\"@id\":\"https:\/\/empresas.infoempleo.com\/hrtrends\/#\/schema\/person\/2a45835f1492cbc7fbce11ad398707a8\",\"name\":\"Rosario Sep\u00falveda\",\"image\":{\"@type\":\"ImageObject\",\"inLanguage\":\"es\",\"@id\":\"https:\/\/empresas.infoempleo.com\/hrtrends\/#\/schema\/person\/image\/\",\"url\":\"https:\/\/secure.gravatar.com\/avatar\/01b4f37da8fd0cca9ded94ad0ab4a694814c54945a7c84e54495a93ea3a90e3b?s=96&d=mm&r=g\",\"contentUrl\":\"https:\/\/secure.gravatar.com\/avatar\/01b4f37da8fd0cca9ded94ad0ab4a694814c54945a7c84e54495a93ea3a90e3b?s=96&d=mm&r=g\",\"caption\":\"Rosario Sep\u00falveda\"},\"url\":\"https:\/\/empresas.infoempleo.com\/hrtrends\/author\/rosario-sepulveda\/\"}]}<\/script>\n<!-- \/ Yoast SEO plugin. -->","yoast_head_json":{"title":"C\u00f3mo reforzar la frontera del 'usuario' y la 'contrase\u00f1a' | HRTRENDS","robots":{"index":"index","follow":"follow","max-snippet":"max-snippet:-1","max-image-preview":"max-image-preview:large","max-video-preview":"max-video-preview:-1"},"canonical":"https:\/\/empresas.infoempleo.com\/hrtrends\/como-reforzar-la-frontera-del-usuario-y-la-contrasena\/","og_locale":"es_ES","og_type":"article","og_title":"C\u00f3mo reforzar la frontera del 'usuario' y la 'contrase\u00f1a' | HRTRENDS","og_description":"Usuario y contrase\u00f1a. \u00c9sta suele ser la \u00fanica frontera que separa la informaci\u00f3n de una empresa de sus Leer m\u00e1s","og_url":"https:\/\/empresas.infoempleo.com\/hrtrends\/como-reforzar-la-frontera-del-usuario-y-la-contrasena\/","og_site_name":"HRTRENDS","article_publisher":"https:\/\/www.facebook.com\/Infoempleo","article_published_time":"2010-02-01T08:15:22+00:00","article_modified_time":"2024-08-01T14:11:33+00:00","author":"Rosario Sep\u00falveda","twitter_card":"summary_large_image","twitter_creator":"@infoempleo","twitter_site":"@infoempleo","twitter_misc":{"Escrito por":"Rosario Sep\u00falveda","Tiempo de lectura":"1 minuto"},"schema":{"@context":"https:\/\/schema.org","@graph":[{"@type":"NewsArticle","@id":"https:\/\/empresas.infoempleo.com\/hrtrends\/como-reforzar-la-frontera-del-usuario-y-la-contrasena\/#article","isPartOf":{"@id":"https:\/\/empresas.infoempleo.com\/hrtrends\/como-reforzar-la-frontera-del-usuario-y-la-contrasena\/"},"author":{"name":"Rosario Sep\u00falveda","@id":"https:\/\/empresas.infoempleo.com\/hrtrends\/#\/schema\/person\/2a45835f1492cbc7fbce11ad398707a8"},"headline":"C\u00f3mo reforzar la frontera del &#8216;usuario&#8217; y la &#8216;contrase\u00f1a&#8217;","datePublished":"2010-02-01T08:15:22+00:00","dateModified":"2024-08-01T14:11:33+00:00","mainEntityOfPage":{"@id":"https:\/\/empresas.infoempleo.com\/hrtrends\/como-reforzar-la-frontera-del-usuario-y-la-contrasena\/"},"wordCount":288,"publisher":{"@id":"https:\/\/empresas.infoempleo.com\/hrtrends\/#organization"},"image":{"@id":"https:\/\/empresas.infoempleo.com\/hrtrends\/como-reforzar-la-frontera-del-usuario-y-la-contrasena\/#primaryimage"},"thumbnailUrl":"https:\/\/empresas.infoempleo.com\/hrtrends\/media\/2017\/05\/pexels-photo-205508.jpg","keywords":["certificados digitales","contrase\u00f1a","Ernst &amp; Young","huella","laboratorio de simulaci\u00f3n","Marc Mart\u00ednez","profesionales","seguridad inform\u00e1tica","tecnolog\u00eda","usuario"],"articleSection":["Actualidad"],"inLanguage":"es","copyrightYear":"2010","copyrightHolder":{"@id":"https:\/\/empresas.infoempleo.com\/hrtrends\/#organization"}},{"@type":"WebPage","@id":"https:\/\/empresas.infoempleo.com\/hrtrends\/como-reforzar-la-frontera-del-usuario-y-la-contrasena\/","url":"https:\/\/empresas.infoempleo.com\/hrtrends\/como-reforzar-la-frontera-del-usuario-y-la-contrasena\/","name":"C\u00f3mo reforzar la frontera del 'usuario' y la 'contrase\u00f1a' | HRTRENDS","isPartOf":{"@id":"https:\/\/empresas.infoempleo.com\/hrtrends\/#website"},"primaryImageOfPage":{"@id":"https:\/\/empresas.infoempleo.com\/hrtrends\/como-reforzar-la-frontera-del-usuario-y-la-contrasena\/#primaryimage"},"image":{"@id":"https:\/\/empresas.infoempleo.com\/hrtrends\/como-reforzar-la-frontera-del-usuario-y-la-contrasena\/#primaryimage"},"thumbnailUrl":"https:\/\/empresas.infoempleo.com\/hrtrends\/media\/2017\/05\/pexels-photo-205508.jpg","datePublished":"2010-02-01T08:15:22+00:00","dateModified":"2024-08-01T14:11:33+00:00","breadcrumb":{"@id":"https:\/\/empresas.infoempleo.com\/hrtrends\/como-reforzar-la-frontera-del-usuario-y-la-contrasena\/#breadcrumb"},"inLanguage":"es","potentialAction":[{"@type":"ReadAction","target":["https:\/\/empresas.infoempleo.com\/hrtrends\/como-reforzar-la-frontera-del-usuario-y-la-contrasena\/"]}]},{"@type":"ImageObject","inLanguage":"es","@id":"https:\/\/empresas.infoempleo.com\/hrtrends\/como-reforzar-la-frontera-del-usuario-y-la-contrasena\/#primaryimage","url":"https:\/\/empresas.infoempleo.com\/hrtrends\/media\/2017\/05\/pexels-photo-205508-150x150.jpg","contentUrl":"https:\/\/empresas.infoempleo.com\/hrtrends\/media\/2017\/05\/pexels-photo-205508-150x150.jpg","width":150,"height":150},{"@type":"BreadcrumbList","@id":"https:\/\/empresas.infoempleo.com\/hrtrends\/como-reforzar-la-frontera-del-usuario-y-la-contrasena\/#breadcrumb","itemListElement":[{"@type":"ListItem","position":1,"name":"Portada","item":"https:\/\/empresas.infoempleo.com\/hrtrends\/"},{"@type":"ListItem","position":2,"name":"C\u00f3mo reforzar la frontera del &#8216;usuario&#8217; y la &#8216;contrase\u00f1a&#8217;"}]},{"@type":"WebSite","@id":"https:\/\/empresas.infoempleo.com\/hrtrends\/#website","url":"https:\/\/empresas.infoempleo.com\/hrtrends","name":"HRTrends by Infoempleo","description":"","publisher":{"@id":"https:\/\/empresas.infoempleo.com\/hrtrends\/#organization"},"potentialAction":{"@type":"SearchAction","target":"https:\/\/empresas.infoempleo.com\/hrtrends\/?s={search_term_string}","query-input":"required name=search_term_string"},"inLanguage":"es"},{"@type":"Organization","@id":"https:\/\/empresas.infoempleo.com\/hrtrends\/#organization","name":"Infoempleo","url":"https:\/\/www.infoempleo.com\/","logo":{"@type":"ImageObject","@id":"https:\/\/empresas.infoempleo.com\/hrtrends\/#logo","inLanguage":"es","url":"https:\/\/cdnazure.infoempleo.com\/infoempleo\/assets\/style\/gfx\/logo.svg","contentUrl":"https:\/\/cdnazure.infoempleo.com\/infoempleo\/assets\/style\/gfx\/logo.svg","width":150,"height":40,"caption":"Infoempleo"},"image":{"@id":"https:\/\/empresas.infoempleo.com\/hrtrends\/#logo"},"sameAs":["https:\/\/www.facebook.com\/Infoempleo","https:\/\/x.com\/infoempleo","http:\/\/instagram.com\/infoempleo\/","http:\/\/www.linkedin.com\/groups\/Empleo-Espa\u00f1a-Infoempleocom-111276","http:\/\/pinterest.com\/infoempleo\/"],"address":{"@type":"PostalAddress","addressLocality":"Madrid","postalCode":"28050","streetAddress":"Avenida de Burgos 114"},"brand":["Infoempleo"]},{"@type":"Person","@id":"https:\/\/empresas.infoempleo.com\/hrtrends\/#\/schema\/person\/2a45835f1492cbc7fbce11ad398707a8","name":"Rosario Sep\u00falveda","image":{"@type":"ImageObject","inLanguage":"es","@id":"https:\/\/empresas.infoempleo.com\/hrtrends\/#\/schema\/person\/image\/","url":"https:\/\/secure.gravatar.com\/avatar\/01b4f37da8fd0cca9ded94ad0ab4a694814c54945a7c84e54495a93ea3a90e3b?s=96&d=mm&r=g","contentUrl":"https:\/\/secure.gravatar.com\/avatar\/01b4f37da8fd0cca9ded94ad0ab4a694814c54945a7c84e54495a93ea3a90e3b?s=96&d=mm&r=g","caption":"Rosario Sep\u00falveda"},"url":"https:\/\/empresas.infoempleo.com\/hrtrends\/author\/rosario-sepulveda\/"}]}},"amp_enabled":true,"_links":{"self":[{"href":"https:\/\/empresas.infoempleo.com\/hrtrends\/wp-json\/wp\/v2\/posts\/6857","targetHints":{"allow":["GET"]}}],"collection":[{"href":"https:\/\/empresas.infoempleo.com\/hrtrends\/wp-json\/wp\/v2\/posts"}],"about":[{"href":"https:\/\/empresas.infoempleo.com\/hrtrends\/wp-json\/wp\/v2\/types\/post"}],"author":[{"embeddable":true,"href":"https:\/\/empresas.infoempleo.com\/hrtrends\/wp-json\/wp\/v2\/users\/34"}],"replies":[{"embeddable":true,"href":"https:\/\/empresas.infoempleo.com\/hrtrends\/wp-json\/wp\/v2\/comments?post=6857"}],"version-history":[{"count":2,"href":"https:\/\/empresas.infoempleo.com\/hrtrends\/wp-json\/wp\/v2\/posts\/6857\/revisions"}],"predecessor-version":[{"id":44455,"href":"https:\/\/empresas.infoempleo.com\/hrtrends\/wp-json\/wp\/v2\/posts\/6857\/revisions\/44455"}],"wp:featuredmedia":[{"embeddable":true,"href":"https:\/\/empresas.infoempleo.com\/hrtrends\/wp-json\/wp\/v2\/media\/29665"}],"wp:attachment":[{"href":"https:\/\/empresas.infoempleo.com\/hrtrends\/wp-json\/wp\/v2\/media?parent=6857"}],"wp:term":[{"taxonomy":"category","embeddable":true,"href":"https:\/\/empresas.infoempleo.com\/hrtrends\/wp-json\/wp\/v2\/categories?post=6857"},{"taxonomy":"post_tag","embeddable":true,"href":"https:\/\/empresas.infoempleo.com\/hrtrends\/wp-json\/wp\/v2\/tags?post=6857"}],"curies":[{"name":"wp","href":"https:\/\/api.w.org\/{rel}","templated":true}]}}