{"id":6722,"date":"2010-01-25T09:30:34","date_gmt":"2010-01-25T08:30:34","guid":{"rendered":"http:\/\/blog.infoempleo.com\/?p=6722"},"modified":"2023-03-13T19:33:11","modified_gmt":"2023-03-13T17:33:11","slug":"mis-mallas-del-conservatorio-olian-a-nata-y-a-dulces","status":"publish","type":"post","link":"https:\/\/empresas.infoempleo.com\/hrtrends\/mis-mallas-del-conservatorio-olian-a-nata-y-a-dulces\/","title":{"rendered":"\u00abMis mallas del conservatorio ol\u00edan a nata y a dulces\u00bb"},"content":{"rendered":"<h3><\/h3>\n<p>\u00a0<\/p>\n<h3>Lola Greco, bailarina de flamenco<\/h3>\n<p>La hija de Jos\u00e9 Greco y Lola de Ronda se arrancaba a bailar en las sobremesas de las cenas familiares con la naturalidad y el desparpajo que corresponde a una hija de bailaores. A los 11 a\u00f1os, sin embargo, Lola Greco (Madrid, 1964) ya supo que su pasi\u00f3n por la danza iba en serio y a los 14 ingres\u00f3 en la Escuela del Ballet Nacional de Espa\u00f1a, donde a los 19 se convirti\u00f3 en su primera bailarina. Desde entonces, grandes escenarios de todo el mundo, como la Scala de Mil\u00e1n o la Fenice de Venecia, se han rendido al talento de esta mujer, que el mes pasado obtuvo el Premio Nacional de Danza 2009. En la actualidad, Lola Greco recrea a una nueva Fedra en un espect\u00e1culo dirigido por Miguel Narros que estos d\u00edas representa en los Teatros del Canal de Madrid.<\/p>\n<p><strong>\u00bfSu primer sueldo tambi\u00e9n lo gan\u00f3 gracias a su destreza para el baile?<br \/>\n<\/strong>S\u00ed, as\u00ed es, porque los mandados que nos hac\u00eda mi padre \u2014\u00abpinta la reja o aquella mesa\u00bb\u2014 para que no nos aburri\u00e9ramos, y por los que siempre nos daba una propinilla, no cuentan. El primer sueldo que yo entregu\u00e9 a mi madre ascend\u00eda a 55.000 pesetas y ven\u00eda del Ballet Nacional de Espa\u00f1a. Como era menor de edad \u2014ten\u00eda 17 a\u00f1os\u2014, todav\u00eda estaba en la escuela y trabajaba en calidad de meritoria.<\/p>\n<p><strong>\u00bfSe concedi\u00f3 alg\u00fan capricho con ese dinero?<br \/>\n<\/strong>No, en casa era muy necesario y creo que lo usamos para comer.<\/p>\n<p><strong>Aunque empez\u00f3 su formaci\u00f3n a los 14 a\u00f1os, \u00bfcu\u00e1ndo sinti\u00f3 la llamada del escenario?<br \/>\n<\/strong>A los 11 a\u00f1os. Entonces, algo se encendi\u00f3. Creo que fue en un festival del colegio Los Rosales, de Torremolinos (M\u00e1laga), donde mi hermano Jos\u00e9 y yo est\u00e1bamos internos. All\u00ed tuve la sensaci\u00f3n, si no de dominar el oficio, de haber sido elegida para crear una expresi\u00f3n a trav\u00e9s del baile.<\/p>\n<p><strong>He le\u00eddo una frase suya que me gustar\u00eda que explicara: \u00abCuando era chica, miraba la vida a trav\u00e9s de un cristal\u00bb.<br \/>\n<\/strong>He pasado mucho tiempo en colegios internos. Y en uno de ellos, en Colmenar Viejo (Madrid), hab\u00eda unas cristaleras muy grandes en el comedor desde las que yo ve\u00eda c\u00f3mo todos los ni\u00f1os desaparec\u00edan en v\u00edsperas de Navidad. S\u00f3lo se quedaban dos o tres, y, entre ellos, est\u00e1bamos nosotros, porque mis padres siempre estaban de gira. Y yo ve\u00eda mi vida a trav\u00e9s de ese cristal, pero tambi\u00e9n pensaba que mi vida ten\u00eda que ser algo m\u00e1s.<\/p>\n<p><strong>\u00bfDe verdad sus medias del conservatorio ol\u00edan a pasteles?<br \/>\n<\/strong>S\u00ed, s\u00ed [Risas]. Al patio interior de nuestra casa daban los hornos de una pasteler\u00eda, que todav\u00eda existe. Y mi madre tend\u00eda all\u00ed mis dos \u00fanicas mallas de ballet. Y cuando empezaba a ensayar, mi ropa no ol\u00eda a sudor, sino a nata y dulces, y a m\u00ed me entraba mucha hambre.<\/p>\n<p><strong>Para una adolescente, \u00bfqu\u00e9 era lo peor de las clases?<br \/>\n<\/strong>Lo que me costaba de verdad era salir de la escuela, abandonar ese ambiente al que ya iba perteneciendo y en el que me mov\u00eda con m\u00e1s libertad y seguridad cada vez.<\/p>\n","protected":false},"excerpt":{"rendered":"<p>\u00a0 Lola Greco, bailarina de flamenco La hija de Jos\u00e9 Greco y Lola de Ronda se arrancaba a<a class=\"moretag\" href=\"https:\/\/empresas.infoempleo.com\/hrtrends\/mis-mallas-del-conservatorio-olian-a-nata-y-a-dulces\/\"> Leer m\u00e1s<\/a><\/p>\n","protected":false},"author":34,"featured_media":29665,"comment_status":"closed","ping_status":"open","sticky":false,"template":"","format":"standard","meta":{"footnotes":""},"categories":[3],"tags":[970,971,491],"class_list":["post-6722","post","type-post","status-publish","format-standard","has-post-thumbnail","hentry","category-actualidad","tag-bailarina","tag-lola-greco","tag-primer-empleo"],"yoast_head":"<!-- This site is optimized with the Yoast SEO plugin v26.1.1 - https:\/\/yoast.com\/wordpress\/plugins\/seo\/ -->\n<title>&quot;Mis mallas del conservatorio ol\u00edan a nata y a dulces&quot; | HRTRENDS<\/title>\n<meta name=\"robots\" content=\"index, follow, max-snippet:-1, max-image-preview:large, max-video-preview:-1\" \/>\n<link rel=\"canonical\" href=\"https:\/\/empresas.infoempleo.com\/hrtrends\/mis-mallas-del-conservatorio-olian-a-nata-y-a-dulces\/\" \/>\n<meta property=\"og:locale\" content=\"es_ES\" \/>\n<meta property=\"og:type\" content=\"article\" \/>\n<meta property=\"og:title\" content=\"&quot;Mis mallas del conservatorio ol\u00edan a nata y a dulces&quot; | HRTRENDS\" \/>\n<meta property=\"og:description\" content=\"\u00a0 Lola Greco, bailarina de flamenco La hija de Jos\u00e9 Greco y Lola de Ronda se arrancaba a Leer m\u00e1s\" \/>\n<meta property=\"og:url\" content=\"https:\/\/empresas.infoempleo.com\/hrtrends\/mis-mallas-del-conservatorio-olian-a-nata-y-a-dulces\/\" \/>\n<meta property=\"og:site_name\" content=\"HRTRENDS\" \/>\n<meta property=\"article:publisher\" content=\"https:\/\/www.facebook.com\/Infoempleo\" \/>\n<meta property=\"article:published_time\" content=\"2010-01-25T08:30:34+00:00\" \/>\n<meta property=\"article:modified_time\" content=\"2023-03-13T17:33:11+00:00\" \/>\n<meta property=\"og:image\" content=\"https:\/\/empresas.infoempleo.com\/hrtrends\/media\/2017\/05\/pexels-photo-205508.jpg\" \/>\n\t<meta property=\"og:image:width\" content=\"1280\" \/>\n\t<meta property=\"og:image:height\" content=\"960\" \/>\n\t<meta property=\"og:image:type\" content=\"image\/jpeg\" \/>\n<meta name=\"author\" content=\"Rosario Sep\u00falveda\" \/>\n<meta name=\"twitter:card\" content=\"summary_large_image\" \/>\n<meta name=\"twitter:creator\" content=\"@infoempleo\" \/>\n<meta name=\"twitter:site\" content=\"@infoempleo\" \/>\n<meta name=\"twitter:label1\" content=\"Escrito por\" \/>\n\t<meta name=\"twitter:data1\" content=\"Rosario Sep\u00falveda\" \/>\n\t<meta name=\"twitter:label2\" content=\"Tiempo de lectura\" \/>\n\t<meta name=\"twitter:data2\" content=\"3 minutos\" \/>\n<script type=\"application\/ld+json\" class=\"yoast-schema-graph\">{\"@context\":\"https:\/\/schema.org\",\"@graph\":[{\"@type\":\"NewsArticle\",\"@id\":\"https:\/\/empresas.infoempleo.com\/hrtrends\/mis-mallas-del-conservatorio-olian-a-nata-y-a-dulces\/#article\",\"isPartOf\":{\"@id\":\"https:\/\/empresas.infoempleo.com\/hrtrends\/mis-mallas-del-conservatorio-olian-a-nata-y-a-dulces\/\"},\"author\":{\"name\":\"Rosario Sep\u00falveda\",\"@id\":\"https:\/\/empresas.infoempleo.com\/hrtrends\/#\/schema\/person\/2a45835f1492cbc7fbce11ad398707a8\"},\"headline\":\"\u00abMis mallas del conservatorio ol\u00edan a nata y a dulces\u00bb\",\"datePublished\":\"2010-01-25T08:30:34+00:00\",\"dateModified\":\"2023-03-13T17:33:11+00:00\",\"mainEntityOfPage\":{\"@id\":\"https:\/\/empresas.infoempleo.com\/hrtrends\/mis-mallas-del-conservatorio-olian-a-nata-y-a-dulces\/\"},\"wordCount\":568,\"publisher\":{\"@id\":\"https:\/\/empresas.infoempleo.com\/hrtrends\/#organization\"},\"image\":{\"@id\":\"https:\/\/empresas.infoempleo.com\/hrtrends\/mis-mallas-del-conservatorio-olian-a-nata-y-a-dulces\/#primaryimage\"},\"thumbnailUrl\":\"https:\/\/empresas.infoempleo.com\/hrtrends\/media\/2017\/05\/pexels-photo-205508.jpg\",\"keywords\":[\"bailarina\",\"Lola Greco\",\"primer empleo\"],\"articleSection\":[\"Actualidad\"],\"inLanguage\":\"es\",\"copyrightYear\":\"2010\",\"copyrightHolder\":{\"@id\":\"https:\/\/empresas.infoempleo.com\/hrtrends\/#organization\"}},{\"@type\":\"WebPage\",\"@id\":\"https:\/\/empresas.infoempleo.com\/hrtrends\/mis-mallas-del-conservatorio-olian-a-nata-y-a-dulces\/\",\"url\":\"https:\/\/empresas.infoempleo.com\/hrtrends\/mis-mallas-del-conservatorio-olian-a-nata-y-a-dulces\/\",\"name\":\"\\\"Mis mallas del conservatorio ol\u00edan a nata y a dulces\\\" | HRTRENDS\",\"isPartOf\":{\"@id\":\"https:\/\/empresas.infoempleo.com\/hrtrends\/#website\"},\"primaryImageOfPage\":{\"@id\":\"https:\/\/empresas.infoempleo.com\/hrtrends\/mis-mallas-del-conservatorio-olian-a-nata-y-a-dulces\/#primaryimage\"},\"image\":{\"@id\":\"https:\/\/empresas.infoempleo.com\/hrtrends\/mis-mallas-del-conservatorio-olian-a-nata-y-a-dulces\/#primaryimage\"},\"thumbnailUrl\":\"https:\/\/empresas.infoempleo.com\/hrtrends\/media\/2017\/05\/pexels-photo-205508.jpg\",\"datePublished\":\"2010-01-25T08:30:34+00:00\",\"dateModified\":\"2023-03-13T17:33:11+00:00\",\"breadcrumb\":{\"@id\":\"https:\/\/empresas.infoempleo.com\/hrtrends\/mis-mallas-del-conservatorio-olian-a-nata-y-a-dulces\/#breadcrumb\"},\"inLanguage\":\"es\",\"potentialAction\":[{\"@type\":\"ReadAction\",\"target\":[\"https:\/\/empresas.infoempleo.com\/hrtrends\/mis-mallas-del-conservatorio-olian-a-nata-y-a-dulces\/\"]}]},{\"@type\":\"ImageObject\",\"inLanguage\":\"es\",\"@id\":\"https:\/\/empresas.infoempleo.com\/hrtrends\/mis-mallas-del-conservatorio-olian-a-nata-y-a-dulces\/#primaryimage\",\"url\":\"https:\/\/empresas.infoempleo.com\/hrtrends\/media\/2017\/05\/pexels-photo-205508-150x150.jpg\",\"contentUrl\":\"https:\/\/empresas.infoempleo.com\/hrtrends\/media\/2017\/05\/pexels-photo-205508-150x150.jpg\",\"width\":150,\"height\":150},{\"@type\":\"BreadcrumbList\",\"@id\":\"https:\/\/empresas.infoempleo.com\/hrtrends\/mis-mallas-del-conservatorio-olian-a-nata-y-a-dulces\/#breadcrumb\",\"itemListElement\":[{\"@type\":\"ListItem\",\"position\":1,\"name\":\"Portada\",\"item\":\"https:\/\/empresas.infoempleo.com\/hrtrends\/\"},{\"@type\":\"ListItem\",\"position\":2,\"name\":\"\u00abMis mallas del conservatorio ol\u00edan a nata y a dulces\u00bb\"}]},{\"@type\":\"WebSite\",\"@id\":\"https:\/\/empresas.infoempleo.com\/hrtrends\/#website\",\"url\":\"https:\/\/empresas.infoempleo.com\/hrtrends\",\"name\":\"HRTrends by Infoempleo\",\"description\":\"\",\"publisher\":{\"@id\":\"https:\/\/empresas.infoempleo.com\/hrtrends\/#organization\"},\"potentialAction\":{\"@type\":\"SearchAction\",\"target\":\"https:\/\/empresas.infoempleo.com\/hrtrends\/?s={search_term_string}\",\"query-input\":\"required name=search_term_string\"},\"inLanguage\":\"es\"},{\"@type\":\"Organization\",\"@id\":\"https:\/\/empresas.infoempleo.com\/hrtrends\/#organization\",\"name\":\"Infoempleo\",\"url\":\"https:\/\/www.infoempleo.com\/\",\"logo\":{\"@type\":\"ImageObject\",\"@id\":\"https:\/\/empresas.infoempleo.com\/hrtrends\/#logo\",\"inLanguage\":\"es\",\"url\":\"https:\/\/cdnazure.infoempleo.com\/infoempleo\/assets\/style\/gfx\/logo.svg\",\"contentUrl\":\"https:\/\/cdnazure.infoempleo.com\/infoempleo\/assets\/style\/gfx\/logo.svg\",\"width\":150,\"height\":40,\"caption\":\"Infoempleo\"},\"image\":{\"@id\":\"https:\/\/empresas.infoempleo.com\/hrtrends\/#logo\"},\"sameAs\":[\"https:\/\/www.facebook.com\/Infoempleo\",\"https:\/\/x.com\/infoempleo\",\"http:\/\/instagram.com\/infoempleo\/\",\"http:\/\/www.linkedin.com\/groups\/Empleo-Espa\u00f1a-Infoempleocom-111276\",\"http:\/\/pinterest.com\/infoempleo\/\"],\"address\":{\"@type\":\"PostalAddress\",\"addressLocality\":\"Madrid\",\"postalCode\":\"28050\",\"streetAddress\":\"Avenida de Burgos 114\"},\"brand\":[\"Infoempleo\"]},{\"@type\":\"Person\",\"@id\":\"https:\/\/empresas.infoempleo.com\/hrtrends\/#\/schema\/person\/2a45835f1492cbc7fbce11ad398707a8\",\"name\":\"Rosario Sep\u00falveda\",\"image\":{\"@type\":\"ImageObject\",\"inLanguage\":\"es\",\"@id\":\"https:\/\/empresas.infoempleo.com\/hrtrends\/#\/schema\/person\/image\/\",\"url\":\"https:\/\/secure.gravatar.com\/avatar\/01b4f37da8fd0cca9ded94ad0ab4a694814c54945a7c84e54495a93ea3a90e3b?s=96&d=mm&r=g\",\"contentUrl\":\"https:\/\/secure.gravatar.com\/avatar\/01b4f37da8fd0cca9ded94ad0ab4a694814c54945a7c84e54495a93ea3a90e3b?s=96&d=mm&r=g\",\"caption\":\"Rosario Sep\u00falveda\"},\"url\":\"https:\/\/empresas.infoempleo.com\/hrtrends\/author\/rosario-sepulveda\/\"}]}<\/script>\n<!-- \/ Yoast SEO plugin. -->","yoast_head_json":{"title":"\"Mis mallas del conservatorio ol\u00edan a nata y a dulces\" | HRTRENDS","robots":{"index":"index","follow":"follow","max-snippet":"max-snippet:-1","max-image-preview":"max-image-preview:large","max-video-preview":"max-video-preview:-1"},"canonical":"https:\/\/empresas.infoempleo.com\/hrtrends\/mis-mallas-del-conservatorio-olian-a-nata-y-a-dulces\/","og_locale":"es_ES","og_type":"article","og_title":"\"Mis mallas del conservatorio ol\u00edan a nata y a dulces\" | HRTRENDS","og_description":"\u00a0 Lola Greco, bailarina de flamenco La hija de Jos\u00e9 Greco y Lola de Ronda se arrancaba a Leer m\u00e1s","og_url":"https:\/\/empresas.infoempleo.com\/hrtrends\/mis-mallas-del-conservatorio-olian-a-nata-y-a-dulces\/","og_site_name":"HRTRENDS","article_publisher":"https:\/\/www.facebook.com\/Infoempleo","article_published_time":"2010-01-25T08:30:34+00:00","article_modified_time":"2023-03-13T17:33:11+00:00","og_image":[{"width":1280,"height":960,"url":"https:\/\/empresas.infoempleo.com\/hrtrends\/media\/2017\/05\/pexels-photo-205508.jpg","type":"image\/jpeg"}],"author":"Rosario Sep\u00falveda","twitter_card":"summary_large_image","twitter_creator":"@infoempleo","twitter_site":"@infoempleo","twitter_misc":{"Escrito por":"Rosario Sep\u00falveda","Tiempo de lectura":"3 minutos"},"schema":{"@context":"https:\/\/schema.org","@graph":[{"@type":"NewsArticle","@id":"https:\/\/empresas.infoempleo.com\/hrtrends\/mis-mallas-del-conservatorio-olian-a-nata-y-a-dulces\/#article","isPartOf":{"@id":"https:\/\/empresas.infoempleo.com\/hrtrends\/mis-mallas-del-conservatorio-olian-a-nata-y-a-dulces\/"},"author":{"name":"Rosario Sep\u00falveda","@id":"https:\/\/empresas.infoempleo.com\/hrtrends\/#\/schema\/person\/2a45835f1492cbc7fbce11ad398707a8"},"headline":"\u00abMis mallas del conservatorio ol\u00edan a nata y a dulces\u00bb","datePublished":"2010-01-25T08:30:34+00:00","dateModified":"2023-03-13T17:33:11+00:00","mainEntityOfPage":{"@id":"https:\/\/empresas.infoempleo.com\/hrtrends\/mis-mallas-del-conservatorio-olian-a-nata-y-a-dulces\/"},"wordCount":568,"publisher":{"@id":"https:\/\/empresas.infoempleo.com\/hrtrends\/#organization"},"image":{"@id":"https:\/\/empresas.infoempleo.com\/hrtrends\/mis-mallas-del-conservatorio-olian-a-nata-y-a-dulces\/#primaryimage"},"thumbnailUrl":"https:\/\/empresas.infoempleo.com\/hrtrends\/media\/2017\/05\/pexels-photo-205508.jpg","keywords":["bailarina","Lola Greco","primer empleo"],"articleSection":["Actualidad"],"inLanguage":"es","copyrightYear":"2010","copyrightHolder":{"@id":"https:\/\/empresas.infoempleo.com\/hrtrends\/#organization"}},{"@type":"WebPage","@id":"https:\/\/empresas.infoempleo.com\/hrtrends\/mis-mallas-del-conservatorio-olian-a-nata-y-a-dulces\/","url":"https:\/\/empresas.infoempleo.com\/hrtrends\/mis-mallas-del-conservatorio-olian-a-nata-y-a-dulces\/","name":"\"Mis mallas del conservatorio ol\u00edan a nata y a dulces\" | HRTRENDS","isPartOf":{"@id":"https:\/\/empresas.infoempleo.com\/hrtrends\/#website"},"primaryImageOfPage":{"@id":"https:\/\/empresas.infoempleo.com\/hrtrends\/mis-mallas-del-conservatorio-olian-a-nata-y-a-dulces\/#primaryimage"},"image":{"@id":"https:\/\/empresas.infoempleo.com\/hrtrends\/mis-mallas-del-conservatorio-olian-a-nata-y-a-dulces\/#primaryimage"},"thumbnailUrl":"https:\/\/empresas.infoempleo.com\/hrtrends\/media\/2017\/05\/pexels-photo-205508.jpg","datePublished":"2010-01-25T08:30:34+00:00","dateModified":"2023-03-13T17:33:11+00:00","breadcrumb":{"@id":"https:\/\/empresas.infoempleo.com\/hrtrends\/mis-mallas-del-conservatorio-olian-a-nata-y-a-dulces\/#breadcrumb"},"inLanguage":"es","potentialAction":[{"@type":"ReadAction","target":["https:\/\/empresas.infoempleo.com\/hrtrends\/mis-mallas-del-conservatorio-olian-a-nata-y-a-dulces\/"]}]},{"@type":"ImageObject","inLanguage":"es","@id":"https:\/\/empresas.infoempleo.com\/hrtrends\/mis-mallas-del-conservatorio-olian-a-nata-y-a-dulces\/#primaryimage","url":"https:\/\/empresas.infoempleo.com\/hrtrends\/media\/2017\/05\/pexels-photo-205508-150x150.jpg","contentUrl":"https:\/\/empresas.infoempleo.com\/hrtrends\/media\/2017\/05\/pexels-photo-205508-150x150.jpg","width":150,"height":150},{"@type":"BreadcrumbList","@id":"https:\/\/empresas.infoempleo.com\/hrtrends\/mis-mallas-del-conservatorio-olian-a-nata-y-a-dulces\/#breadcrumb","itemListElement":[{"@type":"ListItem","position":1,"name":"Portada","item":"https:\/\/empresas.infoempleo.com\/hrtrends\/"},{"@type":"ListItem","position":2,"name":"\u00abMis mallas del conservatorio ol\u00edan a nata y a dulces\u00bb"}]},{"@type":"WebSite","@id":"https:\/\/empresas.infoempleo.com\/hrtrends\/#website","url":"https:\/\/empresas.infoempleo.com\/hrtrends","name":"HRTrends by Infoempleo","description":"","publisher":{"@id":"https:\/\/empresas.infoempleo.com\/hrtrends\/#organization"},"potentialAction":{"@type":"SearchAction","target":"https:\/\/empresas.infoempleo.com\/hrtrends\/?s={search_term_string}","query-input":"required name=search_term_string"},"inLanguage":"es"},{"@type":"Organization","@id":"https:\/\/empresas.infoempleo.com\/hrtrends\/#organization","name":"Infoempleo","url":"https:\/\/www.infoempleo.com\/","logo":{"@type":"ImageObject","@id":"https:\/\/empresas.infoempleo.com\/hrtrends\/#logo","inLanguage":"es","url":"https:\/\/cdnazure.infoempleo.com\/infoempleo\/assets\/style\/gfx\/logo.svg","contentUrl":"https:\/\/cdnazure.infoempleo.com\/infoempleo\/assets\/style\/gfx\/logo.svg","width":150,"height":40,"caption":"Infoempleo"},"image":{"@id":"https:\/\/empresas.infoempleo.com\/hrtrends\/#logo"},"sameAs":["https:\/\/www.facebook.com\/Infoempleo","https:\/\/x.com\/infoempleo","http:\/\/instagram.com\/infoempleo\/","http:\/\/www.linkedin.com\/groups\/Empleo-Espa\u00f1a-Infoempleocom-111276","http:\/\/pinterest.com\/infoempleo\/"],"address":{"@type":"PostalAddress","addressLocality":"Madrid","postalCode":"28050","streetAddress":"Avenida de Burgos 114"},"brand":["Infoempleo"]},{"@type":"Person","@id":"https:\/\/empresas.infoempleo.com\/hrtrends\/#\/schema\/person\/2a45835f1492cbc7fbce11ad398707a8","name":"Rosario Sep\u00falveda","image":{"@type":"ImageObject","inLanguage":"es","@id":"https:\/\/empresas.infoempleo.com\/hrtrends\/#\/schema\/person\/image\/","url":"https:\/\/secure.gravatar.com\/avatar\/01b4f37da8fd0cca9ded94ad0ab4a694814c54945a7c84e54495a93ea3a90e3b?s=96&d=mm&r=g","contentUrl":"https:\/\/secure.gravatar.com\/avatar\/01b4f37da8fd0cca9ded94ad0ab4a694814c54945a7c84e54495a93ea3a90e3b?s=96&d=mm&r=g","caption":"Rosario Sep\u00falveda"},"url":"https:\/\/empresas.infoempleo.com\/hrtrends\/author\/rosario-sepulveda\/"}]}},"amp_enabled":true,"_links":{"self":[{"href":"https:\/\/empresas.infoempleo.com\/hrtrends\/wp-json\/wp\/v2\/posts\/6722","targetHints":{"allow":["GET"]}}],"collection":[{"href":"https:\/\/empresas.infoempleo.com\/hrtrends\/wp-json\/wp\/v2\/posts"}],"about":[{"href":"https:\/\/empresas.infoempleo.com\/hrtrends\/wp-json\/wp\/v2\/types\/post"}],"author":[{"embeddable":true,"href":"https:\/\/empresas.infoempleo.com\/hrtrends\/wp-json\/wp\/v2\/users\/34"}],"replies":[{"embeddable":true,"href":"https:\/\/empresas.infoempleo.com\/hrtrends\/wp-json\/wp\/v2\/comments?post=6722"}],"version-history":[{"count":1,"href":"https:\/\/empresas.infoempleo.com\/hrtrends\/wp-json\/wp\/v2\/posts\/6722\/revisions"}],"predecessor-version":[{"id":43367,"href":"https:\/\/empresas.infoempleo.com\/hrtrends\/wp-json\/wp\/v2\/posts\/6722\/revisions\/43367"}],"wp:featuredmedia":[{"embeddable":true,"href":"https:\/\/empresas.infoempleo.com\/hrtrends\/wp-json\/wp\/v2\/media\/29665"}],"wp:attachment":[{"href":"https:\/\/empresas.infoempleo.com\/hrtrends\/wp-json\/wp\/v2\/media?parent=6722"}],"wp:term":[{"taxonomy":"category","embeddable":true,"href":"https:\/\/empresas.infoempleo.com\/hrtrends\/wp-json\/wp\/v2\/categories?post=6722"},{"taxonomy":"post_tag","embeddable":true,"href":"https:\/\/empresas.infoempleo.com\/hrtrends\/wp-json\/wp\/v2\/tags?post=6722"}],"curies":[{"name":"wp","href":"https:\/\/api.w.org\/{rel}","templated":true}]}}