{"id":6631,"date":"2010-01-25T09:07:18","date_gmt":"2010-01-25T08:07:18","guid":{"rendered":"http:\/\/blog.infoempleo.com\/?p=6631"},"modified":"2025-07-22T14:15:26","modified_gmt":"2025-07-22T12:15:26","slug":"disenaremos-mejores-organizaciones-si-aprendemos-del-pasado","status":"publish","type":"post","link":"https:\/\/empresas.infoempleo.com\/hrtrends\/disenaremos-mejores-organizaciones-si-aprendemos-del-pasado\/","title":{"rendered":"\u00abDise\u00f1aremos mejores organizaciones si aprendemos del pasado\u00bb"},"content":{"rendered":"<h3>Javier Fern\u00e1ndez Aguado, socio director de <a title=\"Web de MindValue\" href=\"http:\/\/www.mindvalue.com\/\" target=\"_blank\" rel=\"noopener\">MindValue<\/a><\/h3>\n<p>No son pocos los que han definido a Javier Fern\u00e1ndez Aguado como \u00abhombre del Renacimiento\u00bb. La publicaci\u00f3n de m\u00e1s de treinta libros en solitario, los m\u00e1s de ciento cincuenta t\u00edtulos que analizan sus propuestas y pensamiento y algunos premios tan importantes como el Peter Drucker, un galard\u00f3n estadounidense a la innovaci\u00f3n en \u2018management\u2019 o el Manager Forum Thinker, que reconoce al espa\u00f1ol que m\u00e1s aportaciones ha realizado al \u00e1mbito de la direcci\u00f3n de personas, avalan este calificativo y <strong>dejan claro que el oficio de este madrile\u00f1o, que a\u00fan no ha cumplido los cincuenta, es el de pensador<\/strong>. Un pensador que confiesa que desde hace a\u00f1os devora tres libros a la semana y que es miembro del exclusivo club de expertos Top Ten Management Spain.<\/p>\n<p>Sus reflexiones, las pasadas y las que est\u00e1n por llegar, acerca de la direcci\u00f3n, la felicidad, la soledad o la \u00e9tica dentro de la empresa ser\u00e1n el hilo conductor del <a class=\"wp-caption-dd\" title=\"Symposium\" href=\"https:\/\/aefol.com\/\" target=\"_blank\" rel=\"noopener\">I Symposium Internacional sobre el pensamiento de Javier Fern\u00e1ndez Aguado<\/a>, que se celebrar\u00e1 el pr\u00f3ximo 25 de febrero en Madrid, enmarcado en Expoelearning.<\/p>\n<p><strong>Queda un mes para que tenga lugar el symposium sobre su pensamiento. \u00bfC\u00f3mo surgi\u00f3 esta iniciativa?<br \/>\n<\/strong>El motor del encuentro es un grupo de empresarios catalanes que conocen mis libros y mis propuestas. Ellos conoc\u00edan este tipo de eventos en otras partes del mundo, pero llegaron a la conclusi\u00f3n de que en Espa\u00f1a este tipo de eventos s\u00f3lo se hace cuando la persona ha muerto o est\u00e1 a punto&#8230; En concreto, fue el presidente de AEFOL, Josep Lozano, quien me propuso el proyecto, y \u00e9l es el impulsor al 100%.<\/p>\n<p><strong>Parece que la literatura y la investigaci\u00f3n sobre el mundo de la empresa ya ha calado en nuestro pa\u00eds, pero \u00bfen qu\u00e9 momento dir\u00eda usted que se encuentra esta disciplina?<br \/>\n<\/strong>Como en todos los \u00e1mbitos, estamos en un momento de remanso. Hubo una gran euforia, pero luego lleg\u00f3 la crisis&#8230; En \u2018management\u2019, hay grandes intelectuales en Estados Unidos, en Francia, en Alemania y, gracias a Dios, tambi\u00e9n en Espa\u00f1a hay una serie de personas que est\u00e1 haciendo el esfuerzo de pensar c\u00f3mo van a ser las empresas en el futuro. Junto a ellas, lo mismo en Am\u00e9rica que aqu\u00ed, hay gente que se dedica a cortar y pegar, a repetir ideas&#8230; Y es estupendo porque tiene que haber de todo, pero creo que el pensamiento tiene que ir por delante de la realidad.<\/p>\n<p><strong>\u00bfSobre qu\u00e9 aspectos es m\u00e1s necesario que nos paremos a reflexionar?<br \/>\n<\/strong>Algunos son estrictamente t\u00e9cnicos y otros, \u00e9ticos. En mi opini\u00f3n, esta crisis tiene mucho que ver con esa falta de equilibrio que ya describiera Arist\u00f3teles. Hay que recuperar el equilibrio razonable. A m\u00ed me gusta decir que una empresa tiene dos objetivos: la eficiencia econ\u00f3mica y la social. Si la organizaci\u00f3n centra su inter\u00e9s en los resultados financieros, destrozar\u00e1 a su gente, y viceversa.<\/p>\n<p><strong>Y, en esta tarea, adem\u00e1s de los libros, de los grandes pensadores, \u00bfqu\u00e9 nos puede ayudar?<\/strong><br \/>\nYo utilizo un lema: \u2018Nova veteris augere\u2019 [hacer nuevo lo antiguo]. En gran parte, el trabajo de los que nos dedicamos a pensar es aprender del pasado para traer al presente lo mejor de lo sucedido. Por ejemplo, el caso Madoff se encuentra exactamente igual en la Roma cl\u00e1sica. Y no es algo \u00fanico. En unos d\u00edas aparecer\u00e1 mi nuevo libro, \u2018Templarios: ense\u00f1anzas para organizaciones contempor\u00e1neas\u2019, donde analizo c\u00f3mo se seleccionaban los l\u00edderes de esa orden, c\u00f3mo desped\u00edan, c\u00f3mo lo gestionaban&#8230; Es muy importante saber que viviremos mejor y dise\u00f1aremos mejores organizaciones si aprendemos del pasado.<\/p>\n<p><strong>Tres t\u00edtulos imprescindibles&#8230;<br \/>\n<\/strong>Aunque sea m\u00e1s arduo, m\u00e1s vale leer un buen libro de un autor de referencia que cien cositas de aeropuerto. En este sentido son imprescindibles \u2018\u00c9tica a Nic\u00f3maco\u2019 de Arist\u00f3teles; \u2018La educaci\u00f3n del pr\u00edncipe cristiano\u2019 de Erasmo de Rotterdam, y \u2018Meditaciones\u2019 de Marco Aurelio<\/p>\n<p><strong>Acaba de ser nombrado jefe del \u00e1rea de Deontolog\u00eda en el IEB. \u00bfQu\u00e9 papel juega la \u00e9tica en la empresa?<br \/>\n<\/strong>La \u00e9tica, para m\u00ed, es un conjunto de reglas que facilita el camino a la felicidad. Evidentemente, hemos vivido una moratoria \u00e9tica, pero ahora hay un clamor por recuperar ese sendero. Una empresa debe hacerse cinco grandes preguntas: qu\u00e9 vendo, a qui\u00e9n se lo vendo, por qu\u00e9 me compran, durante cu\u00e1nto tiempo y cu\u00e1nto gano. De ellas, la m\u00e1s importante es \u2018por qu\u00e9 me compran\u2019. Dicho de otro modo, \u2018\u00bfcu\u00e1les son mis ventajas competitivas?\u2019. La moratoria ha hecho que esta pregunta haya sido sustituida por \u2018\u00bfcu\u00e1nto gano?\u2019. La \u00e9tica nos recuerda, una vez m\u00e1s, que el equilibrio es imprescindible.<\/p>\n","protected":false},"excerpt":{"rendered":"<p>Javier Fern\u00e1ndez Aguado, socio director de MindValue No son pocos los que han definido a Javier Fern\u00e1ndez Aguado<a class=\"moretag\" href=\"https:\/\/empresas.infoempleo.com\/hrtrends\/disenaremos-mejores-organizaciones-si-aprendemos-del-pasado\/\"> Leer m\u00e1s<\/a><\/p>\n","protected":false},"author":33,"featured_media":29665,"comment_status":"closed","ping_status":"open","sticky":false,"template":"","format":"standard","meta":{"footnotes":""},"categories":[3],"tags":[944,18,945,946,291,120,947,948,949,950,951],"class_list":["post-6631","post","type-post","status-publish","format-standard","has-post-thumbnail","hentry","category-actualidad","tag-aristoteles","tag-empresa","tag-etica","tag-historia","tag-javier-fernandez-aguado","tag-management","tag-mindvalue","tag-pasado","tag-pensador","tag-peter-drucker","tag-symposium"],"yoast_head":"<!-- This site is optimized with the Yoast SEO plugin v26.1.1 - https:\/\/yoast.com\/wordpress\/plugins\/seo\/ -->\n<title>&quot;Dise\u00f1aremos mejores organizaciones si aprendemos del pasado&quot; | HRTRENDS<\/title>\n<meta name=\"robots\" content=\"index, follow, max-snippet:-1, max-image-preview:large, max-video-preview:-1\" \/>\n<link rel=\"canonical\" href=\"https:\/\/empresas.infoempleo.com\/hrtrends\/disenaremos-mejores-organizaciones-si-aprendemos-del-pasado\/\" \/>\n<meta property=\"og:locale\" content=\"es_ES\" \/>\n<meta property=\"og:type\" content=\"article\" \/>\n<meta property=\"og:title\" content=\"&quot;Dise\u00f1aremos mejores organizaciones si aprendemos del pasado&quot; | HRTRENDS\" \/>\n<meta property=\"og:description\" content=\"Javier Fern\u00e1ndez Aguado, socio director de MindValue No son pocos los que han definido a Javier Fern\u00e1ndez Aguado Leer m\u00e1s\" \/>\n<meta property=\"og:url\" content=\"https:\/\/empresas.infoempleo.com\/hrtrends\/disenaremos-mejores-organizaciones-si-aprendemos-del-pasado\/\" \/>\n<meta property=\"og:site_name\" content=\"HRTRENDS\" \/>\n<meta property=\"article:publisher\" content=\"https:\/\/www.facebook.com\/Infoempleo\" \/>\n<meta property=\"article:published_time\" content=\"2010-01-25T08:07:18+00:00\" \/>\n<meta property=\"article:modified_time\" content=\"2025-07-22T12:15:26+00:00\" \/>\n<meta name=\"author\" content=\"Cristina Mart\u00edn\" \/>\n<meta name=\"twitter:card\" content=\"summary_large_image\" \/>\n<meta name=\"twitter:creator\" content=\"@infoempleo\" \/>\n<meta name=\"twitter:site\" content=\"@infoempleo\" \/>\n<meta name=\"twitter:label1\" content=\"Escrito por\" \/>\n\t<meta name=\"twitter:data1\" content=\"Cristina Mart\u00edn\" \/>\n\t<meta name=\"twitter:label2\" content=\"Tiempo de lectura\" \/>\n\t<meta name=\"twitter:data2\" content=\"4 minutos\" \/>\n<script type=\"application\/ld+json\" class=\"yoast-schema-graph\">{\"@context\":\"https:\/\/schema.org\",\"@graph\":[{\"@type\":\"NewsArticle\",\"@id\":\"https:\/\/empresas.infoempleo.com\/hrtrends\/disenaremos-mejores-organizaciones-si-aprendemos-del-pasado\/#article\",\"isPartOf\":{\"@id\":\"https:\/\/empresas.infoempleo.com\/hrtrends\/disenaremos-mejores-organizaciones-si-aprendemos-del-pasado\/\"},\"author\":{\"name\":\"Cristina Mart\u00edn\",\"@id\":\"https:\/\/empresas.infoempleo.com\/hrtrends\/#\/schema\/person\/f211bd3f083559daff103f670fe968b8\"},\"headline\":\"\u00abDise\u00f1aremos mejores organizaciones si aprendemos del pasado\u00bb\",\"datePublished\":\"2010-01-25T08:07:18+00:00\",\"dateModified\":\"2025-07-22T12:15:26+00:00\",\"mainEntityOfPage\":{\"@id\":\"https:\/\/empresas.infoempleo.com\/hrtrends\/disenaremos-mejores-organizaciones-si-aprendemos-del-pasado\/\"},\"wordCount\":830,\"publisher\":{\"@id\":\"https:\/\/empresas.infoempleo.com\/hrtrends\/#organization\"},\"image\":{\"@id\":\"https:\/\/empresas.infoempleo.com\/hrtrends\/disenaremos-mejores-organizaciones-si-aprendemos-del-pasado\/#primaryimage\"},\"thumbnailUrl\":\"https:\/\/empresas.infoempleo.com\/hrtrends\/media\/2017\/05\/pexels-photo-205508.jpg\",\"keywords\":[\"Arist\u00f3teles\",\"empresa\",\"\u00e9tica\",\"Historia\",\"Javier Fern\u00e1ndez Aguado\",\"management\",\"MindValue\",\"pasado\",\"pensador\",\"Peter Drucker\",\"symposium\"],\"articleSection\":[\"Actualidad\"],\"inLanguage\":\"es\",\"copyrightYear\":\"2010\",\"copyrightHolder\":{\"@id\":\"https:\/\/empresas.infoempleo.com\/hrtrends\/#organization\"}},{\"@type\":\"WebPage\",\"@id\":\"https:\/\/empresas.infoempleo.com\/hrtrends\/disenaremos-mejores-organizaciones-si-aprendemos-del-pasado\/\",\"url\":\"https:\/\/empresas.infoempleo.com\/hrtrends\/disenaremos-mejores-organizaciones-si-aprendemos-del-pasado\/\",\"name\":\"\\\"Dise\u00f1aremos mejores organizaciones si aprendemos del pasado\\\" | HRTRENDS\",\"isPartOf\":{\"@id\":\"https:\/\/empresas.infoempleo.com\/hrtrends\/#website\"},\"primaryImageOfPage\":{\"@id\":\"https:\/\/empresas.infoempleo.com\/hrtrends\/disenaremos-mejores-organizaciones-si-aprendemos-del-pasado\/#primaryimage\"},\"image\":{\"@id\":\"https:\/\/empresas.infoempleo.com\/hrtrends\/disenaremos-mejores-organizaciones-si-aprendemos-del-pasado\/#primaryimage\"},\"thumbnailUrl\":\"https:\/\/empresas.infoempleo.com\/hrtrends\/media\/2017\/05\/pexels-photo-205508.jpg\",\"datePublished\":\"2010-01-25T08:07:18+00:00\",\"dateModified\":\"2025-07-22T12:15:26+00:00\",\"breadcrumb\":{\"@id\":\"https:\/\/empresas.infoempleo.com\/hrtrends\/disenaremos-mejores-organizaciones-si-aprendemos-del-pasado\/#breadcrumb\"},\"inLanguage\":\"es\",\"potentialAction\":[{\"@type\":\"ReadAction\",\"target\":[\"https:\/\/empresas.infoempleo.com\/hrtrends\/disenaremos-mejores-organizaciones-si-aprendemos-del-pasado\/\"]}]},{\"@type\":\"ImageObject\",\"inLanguage\":\"es\",\"@id\":\"https:\/\/empresas.infoempleo.com\/hrtrends\/disenaremos-mejores-organizaciones-si-aprendemos-del-pasado\/#primaryimage\",\"url\":\"https:\/\/empresas.infoempleo.com\/hrtrends\/media\/2017\/05\/pexels-photo-205508-150x150.jpg\",\"contentUrl\":\"https:\/\/empresas.infoempleo.com\/hrtrends\/media\/2017\/05\/pexels-photo-205508-150x150.jpg\",\"width\":150,\"height\":150},{\"@type\":\"BreadcrumbList\",\"@id\":\"https:\/\/empresas.infoempleo.com\/hrtrends\/disenaremos-mejores-organizaciones-si-aprendemos-del-pasado\/#breadcrumb\",\"itemListElement\":[{\"@type\":\"ListItem\",\"position\":1,\"name\":\"Portada\",\"item\":\"https:\/\/empresas.infoempleo.com\/hrtrends\/\"},{\"@type\":\"ListItem\",\"position\":2,\"name\":\"\u00abDise\u00f1aremos mejores organizaciones si aprendemos del pasado\u00bb\"}]},{\"@type\":\"WebSite\",\"@id\":\"https:\/\/empresas.infoempleo.com\/hrtrends\/#website\",\"url\":\"https:\/\/empresas.infoempleo.com\/hrtrends\",\"name\":\"HRTrends by Infoempleo\",\"description\":\"\",\"publisher\":{\"@id\":\"https:\/\/empresas.infoempleo.com\/hrtrends\/#organization\"},\"potentialAction\":{\"@type\":\"SearchAction\",\"target\":\"https:\/\/empresas.infoempleo.com\/hrtrends\/?s={search_term_string}\",\"query-input\":\"required name=search_term_string\"},\"inLanguage\":\"es\"},{\"@type\":\"Organization\",\"@id\":\"https:\/\/empresas.infoempleo.com\/hrtrends\/#organization\",\"name\":\"Infoempleo\",\"url\":\"https:\/\/www.infoempleo.com\/\",\"logo\":{\"@type\":\"ImageObject\",\"@id\":\"https:\/\/empresas.infoempleo.com\/hrtrends\/#logo\",\"inLanguage\":\"es\",\"url\":\"https:\/\/cdnazure.infoempleo.com\/infoempleo\/assets\/style\/gfx\/logo.svg\",\"contentUrl\":\"https:\/\/cdnazure.infoempleo.com\/infoempleo\/assets\/style\/gfx\/logo.svg\",\"width\":150,\"height\":40,\"caption\":\"Infoempleo\"},\"image\":{\"@id\":\"https:\/\/empresas.infoempleo.com\/hrtrends\/#logo\"},\"sameAs\":[\"https:\/\/www.facebook.com\/Infoempleo\",\"https:\/\/x.com\/infoempleo\",\"http:\/\/instagram.com\/infoempleo\/\",\"http:\/\/www.linkedin.com\/groups\/Empleo-Espa\u00f1a-Infoempleocom-111276\",\"http:\/\/pinterest.com\/infoempleo\/\"],\"address\":{\"@type\":\"PostalAddress\",\"addressLocality\":\"Madrid\",\"postalCode\":\"28050\",\"streetAddress\":\"Avenida de Burgos 114\"},\"brand\":[\"Infoempleo\"]},{\"@type\":\"Person\",\"@id\":\"https:\/\/empresas.infoempleo.com\/hrtrends\/#\/schema\/person\/f211bd3f083559daff103f670fe968b8\",\"name\":\"Cristina Mart\u00edn\",\"image\":{\"@type\":\"ImageObject\",\"inLanguage\":\"es\",\"@id\":\"https:\/\/empresas.infoempleo.com\/hrtrends\/#\/schema\/person\/image\/\",\"url\":\"https:\/\/secure.gravatar.com\/avatar\/7a85ff01010a0d921dc9d1da42a82a70f74e2cd0329b7fc20ee2c1c08a97daed?s=96&d=mm&r=g\",\"contentUrl\":\"https:\/\/secure.gravatar.com\/avatar\/7a85ff01010a0d921dc9d1da42a82a70f74e2cd0329b7fc20ee2c1c08a97daed?s=96&d=mm&r=g\",\"caption\":\"Cristina Mart\u00edn\"},\"url\":\"https:\/\/empresas.infoempleo.com\/hrtrends\/author\/cristina-martin\/\"}]}<\/script>\n<!-- \/ Yoast SEO plugin. -->","yoast_head_json":{"title":"\"Dise\u00f1aremos mejores organizaciones si aprendemos del pasado\" | HRTRENDS","robots":{"index":"index","follow":"follow","max-snippet":"max-snippet:-1","max-image-preview":"max-image-preview:large","max-video-preview":"max-video-preview:-1"},"canonical":"https:\/\/empresas.infoempleo.com\/hrtrends\/disenaremos-mejores-organizaciones-si-aprendemos-del-pasado\/","og_locale":"es_ES","og_type":"article","og_title":"\"Dise\u00f1aremos mejores organizaciones si aprendemos del pasado\" | HRTRENDS","og_description":"Javier Fern\u00e1ndez Aguado, socio director de MindValue No son pocos los que han definido a Javier Fern\u00e1ndez Aguado Leer m\u00e1s","og_url":"https:\/\/empresas.infoempleo.com\/hrtrends\/disenaremos-mejores-organizaciones-si-aprendemos-del-pasado\/","og_site_name":"HRTRENDS","article_publisher":"https:\/\/www.facebook.com\/Infoempleo","article_published_time":"2010-01-25T08:07:18+00:00","article_modified_time":"2025-07-22T12:15:26+00:00","author":"Cristina Mart\u00edn","twitter_card":"summary_large_image","twitter_creator":"@infoempleo","twitter_site":"@infoempleo","twitter_misc":{"Escrito por":"Cristina Mart\u00edn","Tiempo de lectura":"4 minutos"},"schema":{"@context":"https:\/\/schema.org","@graph":[{"@type":"NewsArticle","@id":"https:\/\/empresas.infoempleo.com\/hrtrends\/disenaremos-mejores-organizaciones-si-aprendemos-del-pasado\/#article","isPartOf":{"@id":"https:\/\/empresas.infoempleo.com\/hrtrends\/disenaremos-mejores-organizaciones-si-aprendemos-del-pasado\/"},"author":{"name":"Cristina Mart\u00edn","@id":"https:\/\/empresas.infoempleo.com\/hrtrends\/#\/schema\/person\/f211bd3f083559daff103f670fe968b8"},"headline":"\u00abDise\u00f1aremos mejores organizaciones si aprendemos del pasado\u00bb","datePublished":"2010-01-25T08:07:18+00:00","dateModified":"2025-07-22T12:15:26+00:00","mainEntityOfPage":{"@id":"https:\/\/empresas.infoempleo.com\/hrtrends\/disenaremos-mejores-organizaciones-si-aprendemos-del-pasado\/"},"wordCount":830,"publisher":{"@id":"https:\/\/empresas.infoempleo.com\/hrtrends\/#organization"},"image":{"@id":"https:\/\/empresas.infoempleo.com\/hrtrends\/disenaremos-mejores-organizaciones-si-aprendemos-del-pasado\/#primaryimage"},"thumbnailUrl":"https:\/\/empresas.infoempleo.com\/hrtrends\/media\/2017\/05\/pexels-photo-205508.jpg","keywords":["Arist\u00f3teles","empresa","\u00e9tica","Historia","Javier Fern\u00e1ndez Aguado","management","MindValue","pasado","pensador","Peter Drucker","symposium"],"articleSection":["Actualidad"],"inLanguage":"es","copyrightYear":"2010","copyrightHolder":{"@id":"https:\/\/empresas.infoempleo.com\/hrtrends\/#organization"}},{"@type":"WebPage","@id":"https:\/\/empresas.infoempleo.com\/hrtrends\/disenaremos-mejores-organizaciones-si-aprendemos-del-pasado\/","url":"https:\/\/empresas.infoempleo.com\/hrtrends\/disenaremos-mejores-organizaciones-si-aprendemos-del-pasado\/","name":"\"Dise\u00f1aremos mejores organizaciones si aprendemos del pasado\" | HRTRENDS","isPartOf":{"@id":"https:\/\/empresas.infoempleo.com\/hrtrends\/#website"},"primaryImageOfPage":{"@id":"https:\/\/empresas.infoempleo.com\/hrtrends\/disenaremos-mejores-organizaciones-si-aprendemos-del-pasado\/#primaryimage"},"image":{"@id":"https:\/\/empresas.infoempleo.com\/hrtrends\/disenaremos-mejores-organizaciones-si-aprendemos-del-pasado\/#primaryimage"},"thumbnailUrl":"https:\/\/empresas.infoempleo.com\/hrtrends\/media\/2017\/05\/pexels-photo-205508.jpg","datePublished":"2010-01-25T08:07:18+00:00","dateModified":"2025-07-22T12:15:26+00:00","breadcrumb":{"@id":"https:\/\/empresas.infoempleo.com\/hrtrends\/disenaremos-mejores-organizaciones-si-aprendemos-del-pasado\/#breadcrumb"},"inLanguage":"es","potentialAction":[{"@type":"ReadAction","target":["https:\/\/empresas.infoempleo.com\/hrtrends\/disenaremos-mejores-organizaciones-si-aprendemos-del-pasado\/"]}]},{"@type":"ImageObject","inLanguage":"es","@id":"https:\/\/empresas.infoempleo.com\/hrtrends\/disenaremos-mejores-organizaciones-si-aprendemos-del-pasado\/#primaryimage","url":"https:\/\/empresas.infoempleo.com\/hrtrends\/media\/2017\/05\/pexels-photo-205508-150x150.jpg","contentUrl":"https:\/\/empresas.infoempleo.com\/hrtrends\/media\/2017\/05\/pexels-photo-205508-150x150.jpg","width":150,"height":150},{"@type":"BreadcrumbList","@id":"https:\/\/empresas.infoempleo.com\/hrtrends\/disenaremos-mejores-organizaciones-si-aprendemos-del-pasado\/#breadcrumb","itemListElement":[{"@type":"ListItem","position":1,"name":"Portada","item":"https:\/\/empresas.infoempleo.com\/hrtrends\/"},{"@type":"ListItem","position":2,"name":"\u00abDise\u00f1aremos mejores organizaciones si aprendemos del pasado\u00bb"}]},{"@type":"WebSite","@id":"https:\/\/empresas.infoempleo.com\/hrtrends\/#website","url":"https:\/\/empresas.infoempleo.com\/hrtrends","name":"HRTrends by Infoempleo","description":"","publisher":{"@id":"https:\/\/empresas.infoempleo.com\/hrtrends\/#organization"},"potentialAction":{"@type":"SearchAction","target":"https:\/\/empresas.infoempleo.com\/hrtrends\/?s={search_term_string}","query-input":"required name=search_term_string"},"inLanguage":"es"},{"@type":"Organization","@id":"https:\/\/empresas.infoempleo.com\/hrtrends\/#organization","name":"Infoempleo","url":"https:\/\/www.infoempleo.com\/","logo":{"@type":"ImageObject","@id":"https:\/\/empresas.infoempleo.com\/hrtrends\/#logo","inLanguage":"es","url":"https:\/\/cdnazure.infoempleo.com\/infoempleo\/assets\/style\/gfx\/logo.svg","contentUrl":"https:\/\/cdnazure.infoempleo.com\/infoempleo\/assets\/style\/gfx\/logo.svg","width":150,"height":40,"caption":"Infoempleo"},"image":{"@id":"https:\/\/empresas.infoempleo.com\/hrtrends\/#logo"},"sameAs":["https:\/\/www.facebook.com\/Infoempleo","https:\/\/x.com\/infoempleo","http:\/\/instagram.com\/infoempleo\/","http:\/\/www.linkedin.com\/groups\/Empleo-Espa\u00f1a-Infoempleocom-111276","http:\/\/pinterest.com\/infoempleo\/"],"address":{"@type":"PostalAddress","addressLocality":"Madrid","postalCode":"28050","streetAddress":"Avenida de Burgos 114"},"brand":["Infoempleo"]},{"@type":"Person","@id":"https:\/\/empresas.infoempleo.com\/hrtrends\/#\/schema\/person\/f211bd3f083559daff103f670fe968b8","name":"Cristina Mart\u00edn","image":{"@type":"ImageObject","inLanguage":"es","@id":"https:\/\/empresas.infoempleo.com\/hrtrends\/#\/schema\/person\/image\/","url":"https:\/\/secure.gravatar.com\/avatar\/7a85ff01010a0d921dc9d1da42a82a70f74e2cd0329b7fc20ee2c1c08a97daed?s=96&d=mm&r=g","contentUrl":"https:\/\/secure.gravatar.com\/avatar\/7a85ff01010a0d921dc9d1da42a82a70f74e2cd0329b7fc20ee2c1c08a97daed?s=96&d=mm&r=g","caption":"Cristina Mart\u00edn"},"url":"https:\/\/empresas.infoempleo.com\/hrtrends\/author\/cristina-martin\/"}]}},"amp_enabled":true,"_links":{"self":[{"href":"https:\/\/empresas.infoempleo.com\/hrtrends\/wp-json\/wp\/v2\/posts\/6631","targetHints":{"allow":["GET"]}}],"collection":[{"href":"https:\/\/empresas.infoempleo.com\/hrtrends\/wp-json\/wp\/v2\/posts"}],"about":[{"href":"https:\/\/empresas.infoempleo.com\/hrtrends\/wp-json\/wp\/v2\/types\/post"}],"author":[{"embeddable":true,"href":"https:\/\/empresas.infoempleo.com\/hrtrends\/wp-json\/wp\/v2\/users\/33"}],"replies":[{"embeddable":true,"href":"https:\/\/empresas.infoempleo.com\/hrtrends\/wp-json\/wp\/v2\/comments?post=6631"}],"version-history":[{"count":2,"href":"https:\/\/empresas.infoempleo.com\/hrtrends\/wp-json\/wp\/v2\/posts\/6631\/revisions"}],"predecessor-version":[{"id":46942,"href":"https:\/\/empresas.infoempleo.com\/hrtrends\/wp-json\/wp\/v2\/posts\/6631\/revisions\/46942"}],"wp:featuredmedia":[{"embeddable":true,"href":"https:\/\/empresas.infoempleo.com\/hrtrends\/wp-json\/wp\/v2\/media\/29665"}],"wp:attachment":[{"href":"https:\/\/empresas.infoempleo.com\/hrtrends\/wp-json\/wp\/v2\/media?parent=6631"}],"wp:term":[{"taxonomy":"category","embeddable":true,"href":"https:\/\/empresas.infoempleo.com\/hrtrends\/wp-json\/wp\/v2\/categories?post=6631"},{"taxonomy":"post_tag","embeddable":true,"href":"https:\/\/empresas.infoempleo.com\/hrtrends\/wp-json\/wp\/v2\/tags?post=6631"}],"curies":[{"name":"wp","href":"https:\/\/api.w.org\/{rel}","templated":true}]}}