{"id":6620,"date":"2010-01-25T10:29:35","date_gmt":"2010-01-25T09:29:35","guid":{"rendered":"http:\/\/blog.infoempleo.com\/?p=6620"},"modified":"2024-08-29T17:40:21","modified_gmt":"2024-08-29T15:40:21","slug":"nuevas-generaciones-empleo-e-innovacion","status":"publish","type":"post","link":"https:\/\/empresas.infoempleo.com\/hrtrends\/nuevas-generaciones-empleo-e-innovacion\/","title":{"rendered":"Nuevas generaciones, empleo e innovaci\u00f3n"},"content":{"rendered":"<p style=\"text-align: left\">\n<p style=\"text-align: left\">\n<p style=\"text-align: left\">\n<p style=\"text-align: left\">\n<p style=\"text-align: left\"><strong>Por Franc Ponti, profesor de <a title=\"Enlace a EADA\" href=\"https:\/\/www.eada.edu\/es\" target=\"_blank\" rel=\"noopener\">EADA<\/a> y conferenciante de <a title=\"Enlace a Thinking Heads\" href=\"https:\/\/thinkingheads.com\/\" target=\"_blank\" rel=\"noopener\">Thinking Heads<\/a><\/strong><\/p>\n<p style=\"text-align: left\">Espa\u00f1a tiene un problema serio, todo el mundo lo sabe. Millones de personas desempleadas nos sit\u00faan a la cola de los \u00edndices de paro en Europa. M\u00e1s que un problema, es una tragedia. Porque, adem\u00e1s, viene de lejos. Nuestro pa\u00eds ha vivido demasiado apalancado en unos sectores por todos conocidos, y no ha aprovechado lo suficiente las oportunidades que ofrec\u00edan otros. Es triste, pero la consabida frase \u00abQue inventen ellos\u00bb todav\u00eda pesa demasiado en nuestro inconsciente colectivo. Aqu\u00ed hay gente creativa a raudales, incluso algunas empresas destacadamente innovadoras\u2026 Pero, en conjunto, no brillamos en innovaci\u00f3n tanto como corresponder\u00eda a nuestra situaci\u00f3n en PIB.<\/p>\n<p style=\"text-align: left\">Las nuevas generaciones pueden ayudar a cambiar este panorama. Aunque criticadas por algunos (dicen que son vagas, caprichosas\u2026), es evidente que su forma de ser y de entender la vida puede encajar perfectamente con el nuevo escenario que Espa\u00f1a necesita. Analic\u00e9moslo.<\/p>\n<p style=\"text-align: left\">La \u2018generaci\u00f3n Y\u2019 o \u2018Einstein\u2019 se caracteriza, entre otras cosas, por no aceptar la autoridad \u2018per se\u2019. Exigen que los jefes lo sean por m\u00e9ritos propios, y son capaces de desafiar al poder si es necesario. Son personas que aprecian la diversi\u00f3n, saben que un trabajo aburrido es como una antesala del cementerio. Han adquirido nuevos h\u00e1bitos de trabajo: funcionan bien en equipo, en red, y definitivamente se relacionan de una forma estupenda con la tecnolog\u00eda. Incluso, est\u00e1n cambiando las reglas del juego: ven la televisi\u00f3n por su m\u00f3vil o en el ordenador, son capaces de hacer tres o cuatro tareas de forma simult\u00e1nea\u2026<\/p>\n<p style=\"text-align: left\">Por otra parte, necesitamos que nuestras empresas sean capaces de dar un viraje fuerte hacia la innovaci\u00f3n. Innovar es ser capaz de lanzar una idea de negocio con \u00e9xito al mercado. Pero no es f\u00e1cil ni se consigue de un d\u00eda para otro. La innovaci\u00f3n aut\u00e9ntica necesita creer en una filosof\u00eda que desaf\u00eda muchos de los planteamientos cl\u00e1sicos de la empresa: requiere liderazgo compartido, democracia de las ideas, diversi\u00f3n y pasi\u00f3n, mentalidad ensayo-error&#8230; Sin embargo, para muchas organizaciones, algo desorientadas, innovar es sin\u00f3nimo de tecnolog\u00eda (craso error) y, atrapadas por la crisis y los malos resultados, se acogen desesperadamente a cualquier moda que pueda salvarlas.<\/p>\n<p style=\"text-align: left\">Las nuevas generaciones, paulatinamente, pueden ayudar a cambiar el mortecino panorama que todav\u00eda se aprecia en muchas de nuestras empresas: ordeno y mando, estructuras jer\u00e1rquicas, trabajo mon\u00f3tono, miedo atroz a desafiar los convencionalismos, desprecio (disimulado) hacia los clientes. Necesitamos aire fresco, menos directivos prepotentes, m\u00e1s pasi\u00f3n por hacer cosas que cambien el mundo y m\u00e1s capacidad de di\u00e1logo, trabajo colaborativo y \u2018humbici\u00f3n\u2019 (ambici\u00f3n mezclada con humildad).<\/p>\n<p style=\"text-align: left\">A Espa\u00f1a le espera un futuro gris \u2014dada la manifiesta incapacidad de los pol\u00edticos por ayudar en estos temas\u2014, si no somos capaces de reinventarnos y de reimaginar una sociedad m\u00e1s igualitaria, equilibrada y justa, en la que la creatividad, los m\u00e9ritos propios y la colaboraci\u00f3n ganen terreno a la prepotencia, el pelotazo y las mismas malditas maneras de siempre de hacer las cosas. Necesitamos nuevos liderazgos sociales, m\u00e1s all\u00e1 de la pol\u00edtica, que empiecen a poner las cosas es su lugar.<\/p>\n","protected":false},"excerpt":{"rendered":"<p>Generaci\u00f3n Y, Einstein o del Milenio&#8230; No importa el nombre, s\u00f3lo sus virtudes, que son muchas. Los nuevos empleados son los llamados a sacar a Espa\u00f1a del anquilosado \u00e1mbito de la producci\u00f3n y la construcci\u00f3n y llevarla a la cabeza de la innovaci\u00f3n.<\/p>\n","protected":false},"author":72,"featured_media":29665,"comment_status":"closed","ping_status":"open","sticky":false,"template":"","format":"standard","meta":{"footnotes":""},"categories":[3],"tags":[941,162,942,943,198,461,316],"class_list":["post-6620","post","type-post","status-publish","format-standard","has-post-thumbnail","hentry","category-actualidad","tag-eada","tag-empleo","tag-franc-ponti","tag-generaciones","tag-innovacion","tag-jovenes","tag-thinking-heads"],"yoast_head":"<!-- This site is optimized with the Yoast SEO plugin v26.1.1 - https:\/\/yoast.com\/wordpress\/plugins\/seo\/ -->\n<title>Nuevas generaciones, empleo e innovaci\u00f3n | HRTRENDS<\/title>\n<meta name=\"robots\" content=\"index, follow, max-snippet:-1, max-image-preview:large, max-video-preview:-1\" \/>\n<link rel=\"canonical\" href=\"https:\/\/empresas.infoempleo.com\/hrtrends\/nuevas-generaciones-empleo-e-innovacion\/\" \/>\n<meta property=\"og:locale\" content=\"es_ES\" \/>\n<meta property=\"og:type\" content=\"article\" \/>\n<meta property=\"og:title\" content=\"Nuevas generaciones, empleo e innovaci\u00f3n | HRTRENDS\" \/>\n<meta property=\"og:description\" content=\"Generaci\u00f3n Y, Einstein o del Milenio... No importa el nombre, s\u00f3lo sus virtudes, que son muchas. Los nuevos empleados son los llamados a sacar a Espa\u00f1a del anquilosado \u00e1mbito de la producci\u00f3n y la construcci\u00f3n y llevarla a la cabeza de la innovaci\u00f3n.\" \/>\n<meta property=\"og:url\" content=\"https:\/\/empresas.infoempleo.com\/hrtrends\/nuevas-generaciones-empleo-e-innovacion\/\" \/>\n<meta property=\"og:site_name\" content=\"HRTRENDS\" \/>\n<meta property=\"article:publisher\" content=\"https:\/\/www.facebook.com\/Infoempleo\" \/>\n<meta property=\"article:published_time\" content=\"2010-01-25T09:29:35+00:00\" \/>\n<meta property=\"article:modified_time\" content=\"2024-08-29T15:40:21+00:00\" \/>\n<meta name=\"author\" content=\"infoempleo\" \/>\n<meta name=\"twitter:card\" content=\"summary_large_image\" \/>\n<meta name=\"twitter:creator\" content=\"@infoempleo\" \/>\n<meta name=\"twitter:site\" content=\"@infoempleo\" \/>\n<meta name=\"twitter:label1\" content=\"Escrito por\" \/>\n\t<meta name=\"twitter:data1\" content=\"infoempleo\" \/>\n\t<meta name=\"twitter:label2\" content=\"Tiempo de lectura\" \/>\n\t<meta name=\"twitter:data2\" content=\"3 minutos\" \/>\n<script type=\"application\/ld+json\" class=\"yoast-schema-graph\">{\"@context\":\"https:\/\/schema.org\",\"@graph\":[{\"@type\":\"NewsArticle\",\"@id\":\"https:\/\/empresas.infoempleo.com\/hrtrends\/nuevas-generaciones-empleo-e-innovacion\/#article\",\"isPartOf\":{\"@id\":\"https:\/\/empresas.infoempleo.com\/hrtrends\/nuevas-generaciones-empleo-e-innovacion\/\"},\"author\":{\"name\":\"infoempleo\",\"@id\":\"https:\/\/empresas.infoempleo.com\/hrtrends\/#\/schema\/person\/67d3e276ffcc8b3ae0ebec816daf775a\"},\"headline\":\"Nuevas generaciones, empleo e innovaci\u00f3n\",\"datePublished\":\"2010-01-25T09:29:35+00:00\",\"dateModified\":\"2024-08-29T15:40:21+00:00\",\"mainEntityOfPage\":{\"@id\":\"https:\/\/empresas.infoempleo.com\/hrtrends\/nuevas-generaciones-empleo-e-innovacion\/\"},\"wordCount\":567,\"publisher\":{\"@id\":\"https:\/\/empresas.infoempleo.com\/hrtrends\/#organization\"},\"image\":{\"@id\":\"https:\/\/empresas.infoempleo.com\/hrtrends\/nuevas-generaciones-empleo-e-innovacion\/#primaryimage\"},\"thumbnailUrl\":\"https:\/\/empresas.infoempleo.com\/hrtrends\/media\/2017\/05\/pexels-photo-205508.jpg\",\"keywords\":[\"EADA\",\"Empleo\",\"Franc Ponti\",\"Generaciones\",\"innovaci\u00f3n\",\"j\u00f3venes\",\"Thinking Heads\"],\"articleSection\":[\"Actualidad\"],\"inLanguage\":\"es\",\"copyrightYear\":\"2010\",\"copyrightHolder\":{\"@id\":\"https:\/\/empresas.infoempleo.com\/hrtrends\/#organization\"}},{\"@type\":\"WebPage\",\"@id\":\"https:\/\/empresas.infoempleo.com\/hrtrends\/nuevas-generaciones-empleo-e-innovacion\/\",\"url\":\"https:\/\/empresas.infoempleo.com\/hrtrends\/nuevas-generaciones-empleo-e-innovacion\/\",\"name\":\"Nuevas generaciones, empleo e innovaci\u00f3n | HRTRENDS\",\"isPartOf\":{\"@id\":\"https:\/\/empresas.infoempleo.com\/hrtrends\/#website\"},\"primaryImageOfPage\":{\"@id\":\"https:\/\/empresas.infoempleo.com\/hrtrends\/nuevas-generaciones-empleo-e-innovacion\/#primaryimage\"},\"image\":{\"@id\":\"https:\/\/empresas.infoempleo.com\/hrtrends\/nuevas-generaciones-empleo-e-innovacion\/#primaryimage\"},\"thumbnailUrl\":\"https:\/\/empresas.infoempleo.com\/hrtrends\/media\/2017\/05\/pexels-photo-205508.jpg\",\"datePublished\":\"2010-01-25T09:29:35+00:00\",\"dateModified\":\"2024-08-29T15:40:21+00:00\",\"breadcrumb\":{\"@id\":\"https:\/\/empresas.infoempleo.com\/hrtrends\/nuevas-generaciones-empleo-e-innovacion\/#breadcrumb\"},\"inLanguage\":\"es\",\"potentialAction\":[{\"@type\":\"ReadAction\",\"target\":[\"https:\/\/empresas.infoempleo.com\/hrtrends\/nuevas-generaciones-empleo-e-innovacion\/\"]}]},{\"@type\":\"ImageObject\",\"inLanguage\":\"es\",\"@id\":\"https:\/\/empresas.infoempleo.com\/hrtrends\/nuevas-generaciones-empleo-e-innovacion\/#primaryimage\",\"url\":\"https:\/\/empresas.infoempleo.com\/hrtrends\/media\/2017\/05\/pexels-photo-205508-150x150.jpg\",\"contentUrl\":\"https:\/\/empresas.infoempleo.com\/hrtrends\/media\/2017\/05\/pexels-photo-205508-150x150.jpg\",\"width\":150,\"height\":150},{\"@type\":\"BreadcrumbList\",\"@id\":\"https:\/\/empresas.infoempleo.com\/hrtrends\/nuevas-generaciones-empleo-e-innovacion\/#breadcrumb\",\"itemListElement\":[{\"@type\":\"ListItem\",\"position\":1,\"name\":\"Portada\",\"item\":\"https:\/\/empresas.infoempleo.com\/hrtrends\/\"},{\"@type\":\"ListItem\",\"position\":2,\"name\":\"Nuevas generaciones, empleo e innovaci\u00f3n\"}]},{\"@type\":\"WebSite\",\"@id\":\"https:\/\/empresas.infoempleo.com\/hrtrends\/#website\",\"url\":\"https:\/\/empresas.infoempleo.com\/hrtrends\",\"name\":\"HRTrends by Infoempleo\",\"description\":\"\",\"publisher\":{\"@id\":\"https:\/\/empresas.infoempleo.com\/hrtrends\/#organization\"},\"potentialAction\":{\"@type\":\"SearchAction\",\"target\":\"https:\/\/empresas.infoempleo.com\/hrtrends\/?s={search_term_string}\",\"query-input\":\"required name=search_term_string\"},\"inLanguage\":\"es\"},{\"@type\":\"Organization\",\"@id\":\"https:\/\/empresas.infoempleo.com\/hrtrends\/#organization\",\"name\":\"Infoempleo\",\"url\":\"https:\/\/www.infoempleo.com\/\",\"logo\":{\"@type\":\"ImageObject\",\"@id\":\"https:\/\/empresas.infoempleo.com\/hrtrends\/#logo\",\"inLanguage\":\"es\",\"url\":\"https:\/\/cdnazure.infoempleo.com\/infoempleo\/assets\/style\/gfx\/logo.svg\",\"contentUrl\":\"https:\/\/cdnazure.infoempleo.com\/infoempleo\/assets\/style\/gfx\/logo.svg\",\"width\":150,\"height\":40,\"caption\":\"Infoempleo\"},\"image\":{\"@id\":\"https:\/\/empresas.infoempleo.com\/hrtrends\/#logo\"},\"sameAs\":[\"https:\/\/www.facebook.com\/Infoempleo\",\"https:\/\/x.com\/infoempleo\",\"http:\/\/instagram.com\/infoempleo\/\",\"http:\/\/www.linkedin.com\/groups\/Empleo-Espa\u00f1a-Infoempleocom-111276\",\"http:\/\/pinterest.com\/infoempleo\/\"],\"address\":{\"@type\":\"PostalAddress\",\"addressLocality\":\"Madrid\",\"postalCode\":\"28050\",\"streetAddress\":\"Avenida de Burgos 114\"},\"brand\":[\"Infoempleo\"]},{\"@type\":\"Person\",\"@id\":\"https:\/\/empresas.infoempleo.com\/hrtrends\/#\/schema\/person\/67d3e276ffcc8b3ae0ebec816daf775a\",\"name\":\"infoempleo\",\"image\":{\"@type\":\"ImageObject\",\"inLanguage\":\"es\",\"@id\":\"https:\/\/empresas.infoempleo.com\/hrtrends\/#\/schema\/person\/image\/\",\"url\":\"https:\/\/secure.gravatar.com\/avatar\/7b437777242fe67d2473c2a818da2344692d1ee91e91080ccffbd97bcd4a0975?s=96&d=mm&r=g\",\"contentUrl\":\"https:\/\/secure.gravatar.com\/avatar\/7b437777242fe67d2473c2a818da2344692d1ee91e91080ccffbd97bcd4a0975?s=96&d=mm&r=g\",\"caption\":\"infoempleo\"},\"url\":\"https:\/\/empresas.infoempleo.com\/hrtrends\/author\/infoempleo\/\"}]}<\/script>\n<!-- \/ Yoast SEO plugin. -->","yoast_head_json":{"title":"Nuevas generaciones, empleo e innovaci\u00f3n | HRTRENDS","robots":{"index":"index","follow":"follow","max-snippet":"max-snippet:-1","max-image-preview":"max-image-preview:large","max-video-preview":"max-video-preview:-1"},"canonical":"https:\/\/empresas.infoempleo.com\/hrtrends\/nuevas-generaciones-empleo-e-innovacion\/","og_locale":"es_ES","og_type":"article","og_title":"Nuevas generaciones, empleo e innovaci\u00f3n | HRTRENDS","og_description":"Generaci\u00f3n Y, Einstein o del Milenio... No importa el nombre, s\u00f3lo sus virtudes, que son muchas. Los nuevos empleados son los llamados a sacar a Espa\u00f1a del anquilosado \u00e1mbito de la producci\u00f3n y la construcci\u00f3n y llevarla a la cabeza de la innovaci\u00f3n.","og_url":"https:\/\/empresas.infoempleo.com\/hrtrends\/nuevas-generaciones-empleo-e-innovacion\/","og_site_name":"HRTRENDS","article_publisher":"https:\/\/www.facebook.com\/Infoempleo","article_published_time":"2010-01-25T09:29:35+00:00","article_modified_time":"2024-08-29T15:40:21+00:00","author":"infoempleo","twitter_card":"summary_large_image","twitter_creator":"@infoempleo","twitter_site":"@infoempleo","twitter_misc":{"Escrito por":"infoempleo","Tiempo de lectura":"3 minutos"},"schema":{"@context":"https:\/\/schema.org","@graph":[{"@type":"NewsArticle","@id":"https:\/\/empresas.infoempleo.com\/hrtrends\/nuevas-generaciones-empleo-e-innovacion\/#article","isPartOf":{"@id":"https:\/\/empresas.infoempleo.com\/hrtrends\/nuevas-generaciones-empleo-e-innovacion\/"},"author":{"name":"infoempleo","@id":"https:\/\/empresas.infoempleo.com\/hrtrends\/#\/schema\/person\/67d3e276ffcc8b3ae0ebec816daf775a"},"headline":"Nuevas generaciones, empleo e innovaci\u00f3n","datePublished":"2010-01-25T09:29:35+00:00","dateModified":"2024-08-29T15:40:21+00:00","mainEntityOfPage":{"@id":"https:\/\/empresas.infoempleo.com\/hrtrends\/nuevas-generaciones-empleo-e-innovacion\/"},"wordCount":567,"publisher":{"@id":"https:\/\/empresas.infoempleo.com\/hrtrends\/#organization"},"image":{"@id":"https:\/\/empresas.infoempleo.com\/hrtrends\/nuevas-generaciones-empleo-e-innovacion\/#primaryimage"},"thumbnailUrl":"https:\/\/empresas.infoempleo.com\/hrtrends\/media\/2017\/05\/pexels-photo-205508.jpg","keywords":["EADA","Empleo","Franc Ponti","Generaciones","innovaci\u00f3n","j\u00f3venes","Thinking Heads"],"articleSection":["Actualidad"],"inLanguage":"es","copyrightYear":"2010","copyrightHolder":{"@id":"https:\/\/empresas.infoempleo.com\/hrtrends\/#organization"}},{"@type":"WebPage","@id":"https:\/\/empresas.infoempleo.com\/hrtrends\/nuevas-generaciones-empleo-e-innovacion\/","url":"https:\/\/empresas.infoempleo.com\/hrtrends\/nuevas-generaciones-empleo-e-innovacion\/","name":"Nuevas generaciones, empleo e innovaci\u00f3n | HRTRENDS","isPartOf":{"@id":"https:\/\/empresas.infoempleo.com\/hrtrends\/#website"},"primaryImageOfPage":{"@id":"https:\/\/empresas.infoempleo.com\/hrtrends\/nuevas-generaciones-empleo-e-innovacion\/#primaryimage"},"image":{"@id":"https:\/\/empresas.infoempleo.com\/hrtrends\/nuevas-generaciones-empleo-e-innovacion\/#primaryimage"},"thumbnailUrl":"https:\/\/empresas.infoempleo.com\/hrtrends\/media\/2017\/05\/pexels-photo-205508.jpg","datePublished":"2010-01-25T09:29:35+00:00","dateModified":"2024-08-29T15:40:21+00:00","breadcrumb":{"@id":"https:\/\/empresas.infoempleo.com\/hrtrends\/nuevas-generaciones-empleo-e-innovacion\/#breadcrumb"},"inLanguage":"es","potentialAction":[{"@type":"ReadAction","target":["https:\/\/empresas.infoempleo.com\/hrtrends\/nuevas-generaciones-empleo-e-innovacion\/"]}]},{"@type":"ImageObject","inLanguage":"es","@id":"https:\/\/empresas.infoempleo.com\/hrtrends\/nuevas-generaciones-empleo-e-innovacion\/#primaryimage","url":"https:\/\/empresas.infoempleo.com\/hrtrends\/media\/2017\/05\/pexels-photo-205508-150x150.jpg","contentUrl":"https:\/\/empresas.infoempleo.com\/hrtrends\/media\/2017\/05\/pexels-photo-205508-150x150.jpg","width":150,"height":150},{"@type":"BreadcrumbList","@id":"https:\/\/empresas.infoempleo.com\/hrtrends\/nuevas-generaciones-empleo-e-innovacion\/#breadcrumb","itemListElement":[{"@type":"ListItem","position":1,"name":"Portada","item":"https:\/\/empresas.infoempleo.com\/hrtrends\/"},{"@type":"ListItem","position":2,"name":"Nuevas generaciones, empleo e innovaci\u00f3n"}]},{"@type":"WebSite","@id":"https:\/\/empresas.infoempleo.com\/hrtrends\/#website","url":"https:\/\/empresas.infoempleo.com\/hrtrends","name":"HRTrends by Infoempleo","description":"","publisher":{"@id":"https:\/\/empresas.infoempleo.com\/hrtrends\/#organization"},"potentialAction":{"@type":"SearchAction","target":"https:\/\/empresas.infoempleo.com\/hrtrends\/?s={search_term_string}","query-input":"required name=search_term_string"},"inLanguage":"es"},{"@type":"Organization","@id":"https:\/\/empresas.infoempleo.com\/hrtrends\/#organization","name":"Infoempleo","url":"https:\/\/www.infoempleo.com\/","logo":{"@type":"ImageObject","@id":"https:\/\/empresas.infoempleo.com\/hrtrends\/#logo","inLanguage":"es","url":"https:\/\/cdnazure.infoempleo.com\/infoempleo\/assets\/style\/gfx\/logo.svg","contentUrl":"https:\/\/cdnazure.infoempleo.com\/infoempleo\/assets\/style\/gfx\/logo.svg","width":150,"height":40,"caption":"Infoempleo"},"image":{"@id":"https:\/\/empresas.infoempleo.com\/hrtrends\/#logo"},"sameAs":["https:\/\/www.facebook.com\/Infoempleo","https:\/\/x.com\/infoempleo","http:\/\/instagram.com\/infoempleo\/","http:\/\/www.linkedin.com\/groups\/Empleo-Espa\u00f1a-Infoempleocom-111276","http:\/\/pinterest.com\/infoempleo\/"],"address":{"@type":"PostalAddress","addressLocality":"Madrid","postalCode":"28050","streetAddress":"Avenida de Burgos 114"},"brand":["Infoempleo"]},{"@type":"Person","@id":"https:\/\/empresas.infoempleo.com\/hrtrends\/#\/schema\/person\/67d3e276ffcc8b3ae0ebec816daf775a","name":"infoempleo","image":{"@type":"ImageObject","inLanguage":"es","@id":"https:\/\/empresas.infoempleo.com\/hrtrends\/#\/schema\/person\/image\/","url":"https:\/\/secure.gravatar.com\/avatar\/7b437777242fe67d2473c2a818da2344692d1ee91e91080ccffbd97bcd4a0975?s=96&d=mm&r=g","contentUrl":"https:\/\/secure.gravatar.com\/avatar\/7b437777242fe67d2473c2a818da2344692d1ee91e91080ccffbd97bcd4a0975?s=96&d=mm&r=g","caption":"infoempleo"},"url":"https:\/\/empresas.infoempleo.com\/hrtrends\/author\/infoempleo\/"}]}},"amp_enabled":true,"_links":{"self":[{"href":"https:\/\/empresas.infoempleo.com\/hrtrends\/wp-json\/wp\/v2\/posts\/6620","targetHints":{"allow":["GET"]}}],"collection":[{"href":"https:\/\/empresas.infoempleo.com\/hrtrends\/wp-json\/wp\/v2\/posts"}],"about":[{"href":"https:\/\/empresas.infoempleo.com\/hrtrends\/wp-json\/wp\/v2\/types\/post"}],"author":[{"embeddable":true,"href":"https:\/\/empresas.infoempleo.com\/hrtrends\/wp-json\/wp\/v2\/users\/72"}],"replies":[{"embeddable":true,"href":"https:\/\/empresas.infoempleo.com\/hrtrends\/wp-json\/wp\/v2\/comments?post=6620"}],"version-history":[{"count":1,"href":"https:\/\/empresas.infoempleo.com\/hrtrends\/wp-json\/wp\/v2\/posts\/6620\/revisions"}],"predecessor-version":[{"id":44786,"href":"https:\/\/empresas.infoempleo.com\/hrtrends\/wp-json\/wp\/v2\/posts\/6620\/revisions\/44786"}],"wp:featuredmedia":[{"embeddable":true,"href":"https:\/\/empresas.infoempleo.com\/hrtrends\/wp-json\/wp\/v2\/media\/29665"}],"wp:attachment":[{"href":"https:\/\/empresas.infoempleo.com\/hrtrends\/wp-json\/wp\/v2\/media?parent=6620"}],"wp:term":[{"taxonomy":"category","embeddable":true,"href":"https:\/\/empresas.infoempleo.com\/hrtrends\/wp-json\/wp\/v2\/categories?post=6620"},{"taxonomy":"post_tag","embeddable":true,"href":"https:\/\/empresas.infoempleo.com\/hrtrends\/wp-json\/wp\/v2\/tags?post=6620"}],"curies":[{"name":"wp","href":"https:\/\/api.w.org\/{rel}","templated":true}]}}