{"id":6409,"date":"2010-01-18T10:18:53","date_gmt":"2010-01-18T08:18:53","guid":{"rendered":"http:\/\/blog.infoempleo.com\/?p=6409"},"modified":"2023-03-13T19:33:10","modified_gmt":"2023-03-13T17:33:10","slug":"el-pesimismo-se-apodera-de-los-trabajadores","status":"publish","type":"post","link":"https:\/\/empresas.infoempleo.com\/hrtrends\/el-pesimismo-se-apodera-de-los-trabajadores\/","title":{"rendered":"El pesimismo se apodera de los trabajadores"},"content":{"rendered":"<p>El comienzo del a\u00f1o no ha tra\u00eddo esta vez \u00e1nimos ni fuerzas renovadas. Si <a class=\"wp-caption-dd\" title=\"Barometro CIS Diciembre\" href=\"https:\/\/www.abc.es\/20091230\/nacional-politica\/pesimismo-panico-paro-instalan-20091230.html\" target=\"_blank\" rel=\"noopener\">en diciembre el bar\u00f3metro del CIS <\/a>(Centro de Investigaciones Sociol\u00f3gicas) ya daba una pista al exponer que la primera preocupaci\u00f3n para los ciudadanos era el paro y la segunda, la econom\u00eda, por delante de otros quebraderos de cabeza tradicionales como el terrorismo, la inseguridad o la vivienda, las encuestas que se est\u00e1n publicando los primeros d\u00edas de enero para tomar el pulso a la poblaci\u00f3n espa\u00f1ola no dejan apenas lugar para la esperanza. Un 70% de los consultados por la firma de recursos humanos Randstad, de una muestra de 1.102 personas con o sin empleo, <strong>cree que la situaci\u00f3n del mercado laboral seguir\u00e1 por los mismos derroteros, o por otros peores a\u00fan, a lo largo de 2010.<\/strong><\/p>\n<p>Este pesimismo empeora cuando la persona consultada es hombre, est\u00e1 desempleado, no tiene formaci\u00f3n universitaria y ya ha cumplido los 45 a\u00f1os. Seg\u00fan Randstad, tal circunstancia se debe a que, durante el \u00faltimo a\u00f1o, todos estos grupos se han visto claramente amenazados por el fantasma del paro. Sin embargo, <strong>la poblaci\u00f3n inmigrante, otro de los colectivos m\u00e1s duramente afectados por la crisis, prefiere ver el vaso medio lleno<\/strong>. Un 38% de ellos conf\u00eda en que la situaci\u00f3n mejore en los pr\u00f3ximos meses, lo que supera en 12 puntos a la opini\u00f3n de los trabajadores nacionales.<\/p>\n<p style=\"text-align: center\">\n<p>Foto: Bernd Kammerer<\/p>\n<p>El escenario tampoco es demasiado halag\u00fce\u00f1o para la clase empresarial. <strong>Tres de cada cuatro directivos creen que terminar\u00e1n 2010 igual o peor que 2009. <\/strong>As\u00ed se desprende de un estudio realizado por Adecco entre 1.000 de sus empresas clientes y que ofrece otro dato igualmente alarmante: un 71,4% no espera que su negocio vuelva a crecer al ritmo de antes de la crisis hasta 2011 o m\u00e1s all\u00e1 de 2012.<\/p>\n<p>Ante este panorama, el 77% de los empresarios consultados por la empresa de trabajo temporal no tiene previsto ampliar su plantilla a lo largo de los pr\u00f3ximos meses. Mientras que s\u00f3lo un 14,5% afirma que tiene intenci\u00f3n de contratar nuevos empleados, eso s\u00ed, se tratar\u00e1 de un crecimiento muy prudente que en la mayor\u00eda de los casos no superar\u00e1 el 5% de la actual plantilla.<strong> Entre los puestos que ofertar\u00e1n, la mitad ser\u00e1 de personal de base; el 29%, de puestos t\u00e9cnicos y cerca de un 20%, para mandos intermedios y directivos.<\/strong><\/p>\n","protected":false},"excerpt":{"rendered":"<p>El comienzo del a\u00f1o no ha tra\u00eddo esta vez \u00e1nimos ni fuerzas renovadas. Si en diciembre el bar\u00f3metro<a class=\"moretag\" href=\"https:\/\/empresas.infoempleo.com\/hrtrends\/el-pesimismo-se-apodera-de-los-trabajadores\/\"> Leer m\u00e1s<\/a><\/p>\n","protected":false},"author":33,"featured_media":29665,"comment_status":"closed","ping_status":"open","sticky":false,"template":"","format":"standard","meta":{"footnotes":""},"categories":[3],"tags":[783,48,424,467],"class_list":["post-6409","post","type-post","status-publish","format-standard","has-post-thumbnail","hentry","category-actualidad","tag-contratos","tag-crisis","tag-economia","tag-perspectivas"],"yoast_head":"<!-- This site is optimized with the Yoast SEO plugin v26.1.1 - https:\/\/yoast.com\/wordpress\/plugins\/seo\/ -->\n<title>El pesimismo se apodera de los trabajadores | HRTRENDS<\/title>\n<meta name=\"robots\" content=\"index, follow, max-snippet:-1, max-image-preview:large, max-video-preview:-1\" \/>\n<link rel=\"canonical\" href=\"https:\/\/empresas.infoempleo.com\/hrtrends\/el-pesimismo-se-apodera-de-los-trabajadores\/\" \/>\n<meta property=\"og:locale\" content=\"es_ES\" \/>\n<meta property=\"og:type\" content=\"article\" \/>\n<meta property=\"og:title\" content=\"El pesimismo se apodera de los trabajadores | HRTRENDS\" \/>\n<meta property=\"og:description\" content=\"El comienzo del a\u00f1o no ha tra\u00eddo esta vez \u00e1nimos ni fuerzas renovadas. Si en diciembre el bar\u00f3metro Leer m\u00e1s\" \/>\n<meta property=\"og:url\" content=\"https:\/\/empresas.infoempleo.com\/hrtrends\/el-pesimismo-se-apodera-de-los-trabajadores\/\" \/>\n<meta property=\"og:site_name\" content=\"HRTRENDS\" \/>\n<meta property=\"article:publisher\" content=\"https:\/\/www.facebook.com\/Infoempleo\" \/>\n<meta property=\"article:published_time\" content=\"2010-01-18T08:18:53+00:00\" \/>\n<meta property=\"article:modified_time\" content=\"2023-03-13T17:33:10+00:00\" \/>\n<meta property=\"og:image\" content=\"https:\/\/empresas.infoempleo.com\/hrtrends\/media\/2017\/05\/pexels-photo-205508.jpg\" \/>\n\t<meta property=\"og:image:width\" content=\"1280\" \/>\n\t<meta property=\"og:image:height\" content=\"960\" \/>\n\t<meta property=\"og:image:type\" content=\"image\/jpeg\" \/>\n<meta name=\"author\" content=\"Cristina Mart\u00edn\" \/>\n<meta name=\"twitter:card\" content=\"summary_large_image\" \/>\n<meta name=\"twitter:creator\" content=\"@infoempleo\" \/>\n<meta name=\"twitter:site\" content=\"@infoempleo\" \/>\n<meta name=\"twitter:label1\" content=\"Escrito por\" \/>\n\t<meta name=\"twitter:data1\" content=\"Cristina Mart\u00edn\" \/>\n\t<meta name=\"twitter:label2\" content=\"Tiempo de lectura\" \/>\n\t<meta name=\"twitter:data2\" content=\"2 minutos\" \/>\n<script type=\"application\/ld+json\" class=\"yoast-schema-graph\">{\"@context\":\"https:\/\/schema.org\",\"@graph\":[{\"@type\":\"NewsArticle\",\"@id\":\"https:\/\/empresas.infoempleo.com\/hrtrends\/el-pesimismo-se-apodera-de-los-trabajadores\/#article\",\"isPartOf\":{\"@id\":\"https:\/\/empresas.infoempleo.com\/hrtrends\/el-pesimismo-se-apodera-de-los-trabajadores\/\"},\"author\":{\"name\":\"Cristina Mart\u00edn\",\"@id\":\"https:\/\/empresas.infoempleo.com\/hrtrends\/#\/schema\/person\/f211bd3f083559daff103f670fe968b8\"},\"headline\":\"El pesimismo se apodera de los trabajadores\",\"datePublished\":\"2010-01-18T08:18:53+00:00\",\"dateModified\":\"2023-03-13T17:33:10+00:00\",\"mainEntityOfPage\":{\"@id\":\"https:\/\/empresas.infoempleo.com\/hrtrends\/el-pesimismo-se-apodera-de-los-trabajadores\/\"},\"wordCount\":413,\"publisher\":{\"@id\":\"https:\/\/empresas.infoempleo.com\/hrtrends\/#organization\"},\"image\":{\"@id\":\"https:\/\/empresas.infoempleo.com\/hrtrends\/el-pesimismo-se-apodera-de-los-trabajadores\/#primaryimage\"},\"thumbnailUrl\":\"https:\/\/empresas.infoempleo.com\/hrtrends\/media\/2017\/05\/pexels-photo-205508.jpg\",\"keywords\":[\"contratos\",\"Crisis\",\"econom\u00eda\",\"perspectivas\"],\"articleSection\":[\"Actualidad\"],\"inLanguage\":\"es\",\"copyrightYear\":\"2010\",\"copyrightHolder\":{\"@id\":\"https:\/\/empresas.infoempleo.com\/hrtrends\/#organization\"}},{\"@type\":\"WebPage\",\"@id\":\"https:\/\/empresas.infoempleo.com\/hrtrends\/el-pesimismo-se-apodera-de-los-trabajadores\/\",\"url\":\"https:\/\/empresas.infoempleo.com\/hrtrends\/el-pesimismo-se-apodera-de-los-trabajadores\/\",\"name\":\"El pesimismo se apodera de los trabajadores | HRTRENDS\",\"isPartOf\":{\"@id\":\"https:\/\/empresas.infoempleo.com\/hrtrends\/#website\"},\"primaryImageOfPage\":{\"@id\":\"https:\/\/empresas.infoempleo.com\/hrtrends\/el-pesimismo-se-apodera-de-los-trabajadores\/#primaryimage\"},\"image\":{\"@id\":\"https:\/\/empresas.infoempleo.com\/hrtrends\/el-pesimismo-se-apodera-de-los-trabajadores\/#primaryimage\"},\"thumbnailUrl\":\"https:\/\/empresas.infoempleo.com\/hrtrends\/media\/2017\/05\/pexels-photo-205508.jpg\",\"datePublished\":\"2010-01-18T08:18:53+00:00\",\"dateModified\":\"2023-03-13T17:33:10+00:00\",\"breadcrumb\":{\"@id\":\"https:\/\/empresas.infoempleo.com\/hrtrends\/el-pesimismo-se-apodera-de-los-trabajadores\/#breadcrumb\"},\"inLanguage\":\"es\",\"potentialAction\":[{\"@type\":\"ReadAction\",\"target\":[\"https:\/\/empresas.infoempleo.com\/hrtrends\/el-pesimismo-se-apodera-de-los-trabajadores\/\"]}]},{\"@type\":\"ImageObject\",\"inLanguage\":\"es\",\"@id\":\"https:\/\/empresas.infoempleo.com\/hrtrends\/el-pesimismo-se-apodera-de-los-trabajadores\/#primaryimage\",\"url\":\"https:\/\/empresas.infoempleo.com\/hrtrends\/media\/2017\/05\/pexels-photo-205508-150x150.jpg\",\"contentUrl\":\"https:\/\/empresas.infoempleo.com\/hrtrends\/media\/2017\/05\/pexels-photo-205508-150x150.jpg\",\"width\":150,\"height\":150},{\"@type\":\"BreadcrumbList\",\"@id\":\"https:\/\/empresas.infoempleo.com\/hrtrends\/el-pesimismo-se-apodera-de-los-trabajadores\/#breadcrumb\",\"itemListElement\":[{\"@type\":\"ListItem\",\"position\":1,\"name\":\"Portada\",\"item\":\"https:\/\/empresas.infoempleo.com\/hrtrends\/\"},{\"@type\":\"ListItem\",\"position\":2,\"name\":\"El pesimismo se apodera de los trabajadores\"}]},{\"@type\":\"WebSite\",\"@id\":\"https:\/\/empresas.infoempleo.com\/hrtrends\/#website\",\"url\":\"https:\/\/empresas.infoempleo.com\/hrtrends\",\"name\":\"HRTrends by Infoempleo\",\"description\":\"\",\"publisher\":{\"@id\":\"https:\/\/empresas.infoempleo.com\/hrtrends\/#organization\"},\"potentialAction\":{\"@type\":\"SearchAction\",\"target\":\"https:\/\/empresas.infoempleo.com\/hrtrends\/?s={search_term_string}\",\"query-input\":\"required name=search_term_string\"},\"inLanguage\":\"es\"},{\"@type\":\"Organization\",\"@id\":\"https:\/\/empresas.infoempleo.com\/hrtrends\/#organization\",\"name\":\"Infoempleo\",\"url\":\"https:\/\/www.infoempleo.com\/\",\"logo\":{\"@type\":\"ImageObject\",\"@id\":\"https:\/\/empresas.infoempleo.com\/hrtrends\/#logo\",\"inLanguage\":\"es\",\"url\":\"https:\/\/cdnazure.infoempleo.com\/infoempleo\/assets\/style\/gfx\/logo.svg\",\"contentUrl\":\"https:\/\/cdnazure.infoempleo.com\/infoempleo\/assets\/style\/gfx\/logo.svg\",\"width\":150,\"height\":40,\"caption\":\"Infoempleo\"},\"image\":{\"@id\":\"https:\/\/empresas.infoempleo.com\/hrtrends\/#logo\"},\"sameAs\":[\"https:\/\/www.facebook.com\/Infoempleo\",\"https:\/\/x.com\/infoempleo\",\"http:\/\/instagram.com\/infoempleo\/\",\"http:\/\/www.linkedin.com\/groups\/Empleo-Espa\u00f1a-Infoempleocom-111276\",\"http:\/\/pinterest.com\/infoempleo\/\"],\"address\":{\"@type\":\"PostalAddress\",\"addressLocality\":\"Madrid\",\"postalCode\":\"28050\",\"streetAddress\":\"Avenida de Burgos 114\"},\"brand\":[\"Infoempleo\"]},{\"@type\":\"Person\",\"@id\":\"https:\/\/empresas.infoempleo.com\/hrtrends\/#\/schema\/person\/f211bd3f083559daff103f670fe968b8\",\"name\":\"Cristina Mart\u00edn\",\"image\":{\"@type\":\"ImageObject\",\"inLanguage\":\"es\",\"@id\":\"https:\/\/empresas.infoempleo.com\/hrtrends\/#\/schema\/person\/image\/\",\"url\":\"https:\/\/secure.gravatar.com\/avatar\/7a85ff01010a0d921dc9d1da42a82a70f74e2cd0329b7fc20ee2c1c08a97daed?s=96&d=mm&r=g\",\"contentUrl\":\"https:\/\/secure.gravatar.com\/avatar\/7a85ff01010a0d921dc9d1da42a82a70f74e2cd0329b7fc20ee2c1c08a97daed?s=96&d=mm&r=g\",\"caption\":\"Cristina Mart\u00edn\"},\"url\":\"https:\/\/empresas.infoempleo.com\/hrtrends\/author\/cristina-martin\/\"}]}<\/script>\n<!-- \/ Yoast SEO plugin. -->","yoast_head_json":{"title":"El pesimismo se apodera de los trabajadores | HRTRENDS","robots":{"index":"index","follow":"follow","max-snippet":"max-snippet:-1","max-image-preview":"max-image-preview:large","max-video-preview":"max-video-preview:-1"},"canonical":"https:\/\/empresas.infoempleo.com\/hrtrends\/el-pesimismo-se-apodera-de-los-trabajadores\/","og_locale":"es_ES","og_type":"article","og_title":"El pesimismo se apodera de los trabajadores | HRTRENDS","og_description":"El comienzo del a\u00f1o no ha tra\u00eddo esta vez \u00e1nimos ni fuerzas renovadas. Si en diciembre el bar\u00f3metro Leer m\u00e1s","og_url":"https:\/\/empresas.infoempleo.com\/hrtrends\/el-pesimismo-se-apodera-de-los-trabajadores\/","og_site_name":"HRTRENDS","article_publisher":"https:\/\/www.facebook.com\/Infoempleo","article_published_time":"2010-01-18T08:18:53+00:00","article_modified_time":"2023-03-13T17:33:10+00:00","og_image":[{"width":1280,"height":960,"url":"https:\/\/empresas.infoempleo.com\/hrtrends\/media\/2017\/05\/pexels-photo-205508.jpg","type":"image\/jpeg"}],"author":"Cristina Mart\u00edn","twitter_card":"summary_large_image","twitter_creator":"@infoempleo","twitter_site":"@infoempleo","twitter_misc":{"Escrito por":"Cristina Mart\u00edn","Tiempo de lectura":"2 minutos"},"schema":{"@context":"https:\/\/schema.org","@graph":[{"@type":"NewsArticle","@id":"https:\/\/empresas.infoempleo.com\/hrtrends\/el-pesimismo-se-apodera-de-los-trabajadores\/#article","isPartOf":{"@id":"https:\/\/empresas.infoempleo.com\/hrtrends\/el-pesimismo-se-apodera-de-los-trabajadores\/"},"author":{"name":"Cristina Mart\u00edn","@id":"https:\/\/empresas.infoempleo.com\/hrtrends\/#\/schema\/person\/f211bd3f083559daff103f670fe968b8"},"headline":"El pesimismo se apodera de los trabajadores","datePublished":"2010-01-18T08:18:53+00:00","dateModified":"2023-03-13T17:33:10+00:00","mainEntityOfPage":{"@id":"https:\/\/empresas.infoempleo.com\/hrtrends\/el-pesimismo-se-apodera-de-los-trabajadores\/"},"wordCount":413,"publisher":{"@id":"https:\/\/empresas.infoempleo.com\/hrtrends\/#organization"},"image":{"@id":"https:\/\/empresas.infoempleo.com\/hrtrends\/el-pesimismo-se-apodera-de-los-trabajadores\/#primaryimage"},"thumbnailUrl":"https:\/\/empresas.infoempleo.com\/hrtrends\/media\/2017\/05\/pexels-photo-205508.jpg","keywords":["contratos","Crisis","econom\u00eda","perspectivas"],"articleSection":["Actualidad"],"inLanguage":"es","copyrightYear":"2010","copyrightHolder":{"@id":"https:\/\/empresas.infoempleo.com\/hrtrends\/#organization"}},{"@type":"WebPage","@id":"https:\/\/empresas.infoempleo.com\/hrtrends\/el-pesimismo-se-apodera-de-los-trabajadores\/","url":"https:\/\/empresas.infoempleo.com\/hrtrends\/el-pesimismo-se-apodera-de-los-trabajadores\/","name":"El pesimismo se apodera de los trabajadores | HRTRENDS","isPartOf":{"@id":"https:\/\/empresas.infoempleo.com\/hrtrends\/#website"},"primaryImageOfPage":{"@id":"https:\/\/empresas.infoempleo.com\/hrtrends\/el-pesimismo-se-apodera-de-los-trabajadores\/#primaryimage"},"image":{"@id":"https:\/\/empresas.infoempleo.com\/hrtrends\/el-pesimismo-se-apodera-de-los-trabajadores\/#primaryimage"},"thumbnailUrl":"https:\/\/empresas.infoempleo.com\/hrtrends\/media\/2017\/05\/pexels-photo-205508.jpg","datePublished":"2010-01-18T08:18:53+00:00","dateModified":"2023-03-13T17:33:10+00:00","breadcrumb":{"@id":"https:\/\/empresas.infoempleo.com\/hrtrends\/el-pesimismo-se-apodera-de-los-trabajadores\/#breadcrumb"},"inLanguage":"es","potentialAction":[{"@type":"ReadAction","target":["https:\/\/empresas.infoempleo.com\/hrtrends\/el-pesimismo-se-apodera-de-los-trabajadores\/"]}]},{"@type":"ImageObject","inLanguage":"es","@id":"https:\/\/empresas.infoempleo.com\/hrtrends\/el-pesimismo-se-apodera-de-los-trabajadores\/#primaryimage","url":"https:\/\/empresas.infoempleo.com\/hrtrends\/media\/2017\/05\/pexels-photo-205508-150x150.jpg","contentUrl":"https:\/\/empresas.infoempleo.com\/hrtrends\/media\/2017\/05\/pexels-photo-205508-150x150.jpg","width":150,"height":150},{"@type":"BreadcrumbList","@id":"https:\/\/empresas.infoempleo.com\/hrtrends\/el-pesimismo-se-apodera-de-los-trabajadores\/#breadcrumb","itemListElement":[{"@type":"ListItem","position":1,"name":"Portada","item":"https:\/\/empresas.infoempleo.com\/hrtrends\/"},{"@type":"ListItem","position":2,"name":"El pesimismo se apodera de los trabajadores"}]},{"@type":"WebSite","@id":"https:\/\/empresas.infoempleo.com\/hrtrends\/#website","url":"https:\/\/empresas.infoempleo.com\/hrtrends","name":"HRTrends by Infoempleo","description":"","publisher":{"@id":"https:\/\/empresas.infoempleo.com\/hrtrends\/#organization"},"potentialAction":{"@type":"SearchAction","target":"https:\/\/empresas.infoempleo.com\/hrtrends\/?s={search_term_string}","query-input":"required name=search_term_string"},"inLanguage":"es"},{"@type":"Organization","@id":"https:\/\/empresas.infoempleo.com\/hrtrends\/#organization","name":"Infoempleo","url":"https:\/\/www.infoempleo.com\/","logo":{"@type":"ImageObject","@id":"https:\/\/empresas.infoempleo.com\/hrtrends\/#logo","inLanguage":"es","url":"https:\/\/cdnazure.infoempleo.com\/infoempleo\/assets\/style\/gfx\/logo.svg","contentUrl":"https:\/\/cdnazure.infoempleo.com\/infoempleo\/assets\/style\/gfx\/logo.svg","width":150,"height":40,"caption":"Infoempleo"},"image":{"@id":"https:\/\/empresas.infoempleo.com\/hrtrends\/#logo"},"sameAs":["https:\/\/www.facebook.com\/Infoempleo","https:\/\/x.com\/infoempleo","http:\/\/instagram.com\/infoempleo\/","http:\/\/www.linkedin.com\/groups\/Empleo-Espa\u00f1a-Infoempleocom-111276","http:\/\/pinterest.com\/infoempleo\/"],"address":{"@type":"PostalAddress","addressLocality":"Madrid","postalCode":"28050","streetAddress":"Avenida de Burgos 114"},"brand":["Infoempleo"]},{"@type":"Person","@id":"https:\/\/empresas.infoempleo.com\/hrtrends\/#\/schema\/person\/f211bd3f083559daff103f670fe968b8","name":"Cristina Mart\u00edn","image":{"@type":"ImageObject","inLanguage":"es","@id":"https:\/\/empresas.infoempleo.com\/hrtrends\/#\/schema\/person\/image\/","url":"https:\/\/secure.gravatar.com\/avatar\/7a85ff01010a0d921dc9d1da42a82a70f74e2cd0329b7fc20ee2c1c08a97daed?s=96&d=mm&r=g","contentUrl":"https:\/\/secure.gravatar.com\/avatar\/7a85ff01010a0d921dc9d1da42a82a70f74e2cd0329b7fc20ee2c1c08a97daed?s=96&d=mm&r=g","caption":"Cristina Mart\u00edn"},"url":"https:\/\/empresas.infoempleo.com\/hrtrends\/author\/cristina-martin\/"}]}},"amp_enabled":true,"_links":{"self":[{"href":"https:\/\/empresas.infoempleo.com\/hrtrends\/wp-json\/wp\/v2\/posts\/6409","targetHints":{"allow":["GET"]}}],"collection":[{"href":"https:\/\/empresas.infoempleo.com\/hrtrends\/wp-json\/wp\/v2\/posts"}],"about":[{"href":"https:\/\/empresas.infoempleo.com\/hrtrends\/wp-json\/wp\/v2\/types\/post"}],"author":[{"embeddable":true,"href":"https:\/\/empresas.infoempleo.com\/hrtrends\/wp-json\/wp\/v2\/users\/33"}],"replies":[{"embeddable":true,"href":"https:\/\/empresas.infoempleo.com\/hrtrends\/wp-json\/wp\/v2\/comments?post=6409"}],"version-history":[{"count":1,"href":"https:\/\/empresas.infoempleo.com\/hrtrends\/wp-json\/wp\/v2\/posts\/6409\/revisions"}],"predecessor-version":[{"id":43355,"href":"https:\/\/empresas.infoempleo.com\/hrtrends\/wp-json\/wp\/v2\/posts\/6409\/revisions\/43355"}],"wp:featuredmedia":[{"embeddable":true,"href":"https:\/\/empresas.infoempleo.com\/hrtrends\/wp-json\/wp\/v2\/media\/29665"}],"wp:attachment":[{"href":"https:\/\/empresas.infoempleo.com\/hrtrends\/wp-json\/wp\/v2\/media?parent=6409"}],"wp:term":[{"taxonomy":"category","embeddable":true,"href":"https:\/\/empresas.infoempleo.com\/hrtrends\/wp-json\/wp\/v2\/categories?post=6409"},{"taxonomy":"post_tag","embeddable":true,"href":"https:\/\/empresas.infoempleo.com\/hrtrends\/wp-json\/wp\/v2\/tags?post=6409"}],"curies":[{"name":"wp","href":"https:\/\/api.w.org\/{rel}","templated":true}]}}