{"id":6379,"date":"2010-01-18T11:01:15","date_gmt":"2010-01-18T10:01:15","guid":{"rendered":"http:\/\/blog.infoempleo.com\/?p=6379"},"modified":"2024-08-29T17:40:20","modified_gmt":"2024-08-29T15:40:20","slug":"un-nuevo-aire-profesional-en-el-mundo-de-los-seguros","status":"publish","type":"post","link":"https:\/\/empresas.infoempleo.com\/hrtrends\/un-nuevo-aire-profesional-en-el-mundo-de-los-seguros\/","title":{"rendered":"Un nuevo aire profesional en el mundo de los seguros"},"content":{"rendered":"<p><strong>Por Magda Mal\u00e9, socia de Zavala Gortari<\/strong><\/p>\n<p>Renovarse o morir. Durante los \u00faltimos a\u00f1os, el sector de los seguros, en parte por obligaci\u00f3n, se ha acogido a esta m\u00e1xima para acabar con la\u00a0imagen endog\u00e1mica que hab\u00eda generado a su alrededor. El <strong>tradicional perfil del profesional hombre y que no se ha movido del sector en toda su vida est\u00e1 dando paso a otro m\u00e1s din\u00e1mico y con experiencia o conocimientos de otras \u00e1reas. <\/strong>Y es que las empresas aseguradoras han cambiado de los pies a la cabeza: la necesidad de dotarse de nuevas l\u00edneas de negocio las ha llevado a convertirse en generalistas, por ejemplo, ah\u00ed tenemos a Mutua Madrile\u00f1a, antes dedicada s\u00f3lo a autos, o a Ocaso, antiguos especialistas en decesos, que ahora cubren todos los ramos. En consecuencia, estas empresas no dejan de incorporar a ejecutivos que conocen el mundo de los seguros pero cuentan con otras destrezas. En ese perfil encajan los expertos <strong>en servicios profesionales y financieros, analistas de banca, comerciales que hayan trabajado en el mundo bancario o, incluso, titulados en \u00e1reas de tecnolog\u00eda<\/strong>. Asimismo, estas firmas, que han entrado en la guerra de la publicidad y cada d\u00eda se esmeran m\u00e1s en sus campa\u00f1as, se est\u00e1n nutriendo de ejecutivos del mundo del gran consumo, tradicionalmente, uno de los m\u00e1s avanzados en este campo.<\/p>\n<p>Por \u00faltimo, es conveniente se\u00f1alar que este sector, del que no se puede decir que viva un auge pero s\u00ed que est\u00e1 convirti\u00e9ndose en un nicho de nuevas oportunidades, sigue necesitando incrementar sus plantillas, sobre todo en los niveles directivos. Pese a que algunos tipos de p\u00f3lizas se est\u00e9n viendo afectadas por la crisis (las de coches, los seguros decenales que firman las constructoras antes de edificar&#8230;), muchas <strong>otras est\u00e1n disfrutando de un efecto inverso, tal es el caso de los seguros multirriesgos, el de hogar antirrobos, los m\u00e1s novedosos que cubren desempleo, alquileres e hipotecas, o el de responsabilidad civil medioambiental<\/strong>, que ha nacido para dar respuesta a las empresas que deben cumplir la ley del mismo nombre que entra vigor este mismo a\u00f1o.<\/p>\n","protected":false},"excerpt":{"rendered":"<p>Por Magda Mal\u00e9, socia de Zavala Gortari Renovarse o morir. Durante los \u00faltimos a\u00f1os, el sector de los<a class=\"moretag\" href=\"https:\/\/empresas.infoempleo.com\/hrtrends\/un-nuevo-aire-profesional-en-el-mundo-de-los-seguros\/\"> Leer m\u00e1s<\/a><\/p>\n","protected":false},"author":72,"featured_media":29665,"comment_status":"closed","ping_status":"open","sticky":false,"template":"","format":"standard","meta":{"footnotes":""},"categories":[3],"tags":[887,888,889,890,891,362,892,893,894],"class_list":["post-6379","post","type-post","status-publish","format-standard","has-post-thumbnail","hentry","category-actualidad","tag-analistas","tag-banca","tag-candidato","tag-magda-male","tag-perfil","tag-profesional","tag-renovacion","tag-seguros","tag-zavala-gortari"],"yoast_head":"<!-- This site is optimized with the Yoast SEO plugin v26.1.1 - https:\/\/yoast.com\/wordpress\/plugins\/seo\/ -->\n<title>Un nuevo aire profesional en el mundo de los seguros | HRTRENDS<\/title>\n<meta name=\"robots\" content=\"index, follow, max-snippet:-1, max-image-preview:large, max-video-preview:-1\" \/>\n<link rel=\"canonical\" href=\"https:\/\/empresas.infoempleo.com\/hrtrends\/un-nuevo-aire-profesional-en-el-mundo-de-los-seguros\/\" \/>\n<meta property=\"og:locale\" content=\"es_ES\" \/>\n<meta property=\"og:type\" content=\"article\" \/>\n<meta property=\"og:title\" content=\"Un nuevo aire profesional en el mundo de los seguros | HRTRENDS\" \/>\n<meta property=\"og:description\" content=\"Por Magda Mal\u00e9, socia de Zavala Gortari Renovarse o morir. Durante los \u00faltimos a\u00f1os, el sector de los Leer m\u00e1s\" \/>\n<meta property=\"og:url\" content=\"https:\/\/empresas.infoempleo.com\/hrtrends\/un-nuevo-aire-profesional-en-el-mundo-de-los-seguros\/\" \/>\n<meta property=\"og:site_name\" content=\"HRTRENDS\" \/>\n<meta property=\"article:publisher\" content=\"https:\/\/www.facebook.com\/Infoempleo\" \/>\n<meta property=\"article:published_time\" content=\"2010-01-18T10:01:15+00:00\" \/>\n<meta property=\"article:modified_time\" content=\"2024-08-29T15:40:20+00:00\" \/>\n<meta name=\"author\" content=\"infoempleo\" \/>\n<meta name=\"twitter:card\" content=\"summary_large_image\" \/>\n<meta name=\"twitter:creator\" content=\"@infoempleo\" \/>\n<meta name=\"twitter:site\" content=\"@infoempleo\" \/>\n<meta name=\"twitter:label1\" content=\"Escrito por\" \/>\n\t<meta name=\"twitter:data1\" content=\"infoempleo\" \/>\n\t<meta name=\"twitter:label2\" content=\"Tiempo de lectura\" \/>\n\t<meta name=\"twitter:data2\" content=\"2 minutos\" \/>\n<script type=\"application\/ld+json\" class=\"yoast-schema-graph\">{\"@context\":\"https:\/\/schema.org\",\"@graph\":[{\"@type\":\"NewsArticle\",\"@id\":\"https:\/\/empresas.infoempleo.com\/hrtrends\/un-nuevo-aire-profesional-en-el-mundo-de-los-seguros\/#article\",\"isPartOf\":{\"@id\":\"https:\/\/empresas.infoempleo.com\/hrtrends\/un-nuevo-aire-profesional-en-el-mundo-de-los-seguros\/\"},\"author\":{\"name\":\"infoempleo\",\"@id\":\"https:\/\/empresas.infoempleo.com\/hrtrends\/#\/schema\/person\/67d3e276ffcc8b3ae0ebec816daf775a\"},\"headline\":\"Un nuevo aire profesional en el mundo de los seguros\",\"datePublished\":\"2010-01-18T10:01:15+00:00\",\"dateModified\":\"2024-08-29T15:40:20+00:00\",\"mainEntityOfPage\":{\"@id\":\"https:\/\/empresas.infoempleo.com\/hrtrends\/un-nuevo-aire-profesional-en-el-mundo-de-los-seguros\/\"},\"wordCount\":378,\"publisher\":{\"@id\":\"https:\/\/empresas.infoempleo.com\/hrtrends\/#organization\"},\"image\":{\"@id\":\"https:\/\/empresas.infoempleo.com\/hrtrends\/un-nuevo-aire-profesional-en-el-mundo-de-los-seguros\/#primaryimage\"},\"thumbnailUrl\":\"https:\/\/empresas.infoempleo.com\/hrtrends\/media\/2017\/05\/pexels-photo-205508.jpg\",\"keywords\":[\"analistas\",\"banca\",\"Candidato\",\"Magda Mal\u00e9\",\"perfil\",\"profesional\",\"renovaci\u00f3n\",\"seguros\",\"Zavala Gortari\"],\"articleSection\":[\"Actualidad\"],\"inLanguage\":\"es\",\"copyrightYear\":\"2010\",\"copyrightHolder\":{\"@id\":\"https:\/\/empresas.infoempleo.com\/hrtrends\/#organization\"}},{\"@type\":\"WebPage\",\"@id\":\"https:\/\/empresas.infoempleo.com\/hrtrends\/un-nuevo-aire-profesional-en-el-mundo-de-los-seguros\/\",\"url\":\"https:\/\/empresas.infoempleo.com\/hrtrends\/un-nuevo-aire-profesional-en-el-mundo-de-los-seguros\/\",\"name\":\"Un nuevo aire profesional en el mundo de los seguros | HRTRENDS\",\"isPartOf\":{\"@id\":\"https:\/\/empresas.infoempleo.com\/hrtrends\/#website\"},\"primaryImageOfPage\":{\"@id\":\"https:\/\/empresas.infoempleo.com\/hrtrends\/un-nuevo-aire-profesional-en-el-mundo-de-los-seguros\/#primaryimage\"},\"image\":{\"@id\":\"https:\/\/empresas.infoempleo.com\/hrtrends\/un-nuevo-aire-profesional-en-el-mundo-de-los-seguros\/#primaryimage\"},\"thumbnailUrl\":\"https:\/\/empresas.infoempleo.com\/hrtrends\/media\/2017\/05\/pexels-photo-205508.jpg\",\"datePublished\":\"2010-01-18T10:01:15+00:00\",\"dateModified\":\"2024-08-29T15:40:20+00:00\",\"breadcrumb\":{\"@id\":\"https:\/\/empresas.infoempleo.com\/hrtrends\/un-nuevo-aire-profesional-en-el-mundo-de-los-seguros\/#breadcrumb\"},\"inLanguage\":\"es\",\"potentialAction\":[{\"@type\":\"ReadAction\",\"target\":[\"https:\/\/empresas.infoempleo.com\/hrtrends\/un-nuevo-aire-profesional-en-el-mundo-de-los-seguros\/\"]}]},{\"@type\":\"ImageObject\",\"inLanguage\":\"es\",\"@id\":\"https:\/\/empresas.infoempleo.com\/hrtrends\/un-nuevo-aire-profesional-en-el-mundo-de-los-seguros\/#primaryimage\",\"url\":\"https:\/\/empresas.infoempleo.com\/hrtrends\/media\/2017\/05\/pexels-photo-205508-150x150.jpg\",\"contentUrl\":\"https:\/\/empresas.infoempleo.com\/hrtrends\/media\/2017\/05\/pexels-photo-205508-150x150.jpg\",\"width\":150,\"height\":150},{\"@type\":\"BreadcrumbList\",\"@id\":\"https:\/\/empresas.infoempleo.com\/hrtrends\/un-nuevo-aire-profesional-en-el-mundo-de-los-seguros\/#breadcrumb\",\"itemListElement\":[{\"@type\":\"ListItem\",\"position\":1,\"name\":\"Portada\",\"item\":\"https:\/\/empresas.infoempleo.com\/hrtrends\/\"},{\"@type\":\"ListItem\",\"position\":2,\"name\":\"Un nuevo aire profesional en el mundo de los seguros\"}]},{\"@type\":\"WebSite\",\"@id\":\"https:\/\/empresas.infoempleo.com\/hrtrends\/#website\",\"url\":\"https:\/\/empresas.infoempleo.com\/hrtrends\",\"name\":\"HRTrends by Infoempleo\",\"description\":\"\",\"publisher\":{\"@id\":\"https:\/\/empresas.infoempleo.com\/hrtrends\/#organization\"},\"potentialAction\":{\"@type\":\"SearchAction\",\"target\":\"https:\/\/empresas.infoempleo.com\/hrtrends\/?s={search_term_string}\",\"query-input\":\"required name=search_term_string\"},\"inLanguage\":\"es\"},{\"@type\":\"Organization\",\"@id\":\"https:\/\/empresas.infoempleo.com\/hrtrends\/#organization\",\"name\":\"Infoempleo\",\"url\":\"https:\/\/www.infoempleo.com\/\",\"logo\":{\"@type\":\"ImageObject\",\"@id\":\"https:\/\/empresas.infoempleo.com\/hrtrends\/#logo\",\"inLanguage\":\"es\",\"url\":\"https:\/\/cdnazure.infoempleo.com\/infoempleo\/assets\/style\/gfx\/logo.svg\",\"contentUrl\":\"https:\/\/cdnazure.infoempleo.com\/infoempleo\/assets\/style\/gfx\/logo.svg\",\"width\":150,\"height\":40,\"caption\":\"Infoempleo\"},\"image\":{\"@id\":\"https:\/\/empresas.infoempleo.com\/hrtrends\/#logo\"},\"sameAs\":[\"https:\/\/www.facebook.com\/Infoempleo\",\"https:\/\/x.com\/infoempleo\",\"http:\/\/instagram.com\/infoempleo\/\",\"http:\/\/www.linkedin.com\/groups\/Empleo-Espa\u00f1a-Infoempleocom-111276\",\"http:\/\/pinterest.com\/infoempleo\/\"],\"address\":{\"@type\":\"PostalAddress\",\"addressLocality\":\"Madrid\",\"postalCode\":\"28050\",\"streetAddress\":\"Avenida de Burgos 114\"},\"brand\":[\"Infoempleo\"]},{\"@type\":\"Person\",\"@id\":\"https:\/\/empresas.infoempleo.com\/hrtrends\/#\/schema\/person\/67d3e276ffcc8b3ae0ebec816daf775a\",\"name\":\"infoempleo\",\"image\":{\"@type\":\"ImageObject\",\"inLanguage\":\"es\",\"@id\":\"https:\/\/empresas.infoempleo.com\/hrtrends\/#\/schema\/person\/image\/\",\"url\":\"https:\/\/secure.gravatar.com\/avatar\/7b437777242fe67d2473c2a818da2344692d1ee91e91080ccffbd97bcd4a0975?s=96&d=mm&r=g\",\"contentUrl\":\"https:\/\/secure.gravatar.com\/avatar\/7b437777242fe67d2473c2a818da2344692d1ee91e91080ccffbd97bcd4a0975?s=96&d=mm&r=g\",\"caption\":\"infoempleo\"},\"url\":\"https:\/\/empresas.infoempleo.com\/hrtrends\/author\/infoempleo\/\"}]}<\/script>\n<!-- \/ Yoast SEO plugin. -->","yoast_head_json":{"title":"Un nuevo aire profesional en el mundo de los seguros | HRTRENDS","robots":{"index":"index","follow":"follow","max-snippet":"max-snippet:-1","max-image-preview":"max-image-preview:large","max-video-preview":"max-video-preview:-1"},"canonical":"https:\/\/empresas.infoempleo.com\/hrtrends\/un-nuevo-aire-profesional-en-el-mundo-de-los-seguros\/","og_locale":"es_ES","og_type":"article","og_title":"Un nuevo aire profesional en el mundo de los seguros | HRTRENDS","og_description":"Por Magda Mal\u00e9, socia de Zavala Gortari Renovarse o morir. Durante los \u00faltimos a\u00f1os, el sector de los Leer m\u00e1s","og_url":"https:\/\/empresas.infoempleo.com\/hrtrends\/un-nuevo-aire-profesional-en-el-mundo-de-los-seguros\/","og_site_name":"HRTRENDS","article_publisher":"https:\/\/www.facebook.com\/Infoempleo","article_published_time":"2010-01-18T10:01:15+00:00","article_modified_time":"2024-08-29T15:40:20+00:00","author":"infoempleo","twitter_card":"summary_large_image","twitter_creator":"@infoempleo","twitter_site":"@infoempleo","twitter_misc":{"Escrito por":"infoempleo","Tiempo de lectura":"2 minutos"},"schema":{"@context":"https:\/\/schema.org","@graph":[{"@type":"NewsArticle","@id":"https:\/\/empresas.infoempleo.com\/hrtrends\/un-nuevo-aire-profesional-en-el-mundo-de-los-seguros\/#article","isPartOf":{"@id":"https:\/\/empresas.infoempleo.com\/hrtrends\/un-nuevo-aire-profesional-en-el-mundo-de-los-seguros\/"},"author":{"name":"infoempleo","@id":"https:\/\/empresas.infoempleo.com\/hrtrends\/#\/schema\/person\/67d3e276ffcc8b3ae0ebec816daf775a"},"headline":"Un nuevo aire profesional en el mundo de los seguros","datePublished":"2010-01-18T10:01:15+00:00","dateModified":"2024-08-29T15:40:20+00:00","mainEntityOfPage":{"@id":"https:\/\/empresas.infoempleo.com\/hrtrends\/un-nuevo-aire-profesional-en-el-mundo-de-los-seguros\/"},"wordCount":378,"publisher":{"@id":"https:\/\/empresas.infoempleo.com\/hrtrends\/#organization"},"image":{"@id":"https:\/\/empresas.infoempleo.com\/hrtrends\/un-nuevo-aire-profesional-en-el-mundo-de-los-seguros\/#primaryimage"},"thumbnailUrl":"https:\/\/empresas.infoempleo.com\/hrtrends\/media\/2017\/05\/pexels-photo-205508.jpg","keywords":["analistas","banca","Candidato","Magda Mal\u00e9","perfil","profesional","renovaci\u00f3n","seguros","Zavala Gortari"],"articleSection":["Actualidad"],"inLanguage":"es","copyrightYear":"2010","copyrightHolder":{"@id":"https:\/\/empresas.infoempleo.com\/hrtrends\/#organization"}},{"@type":"WebPage","@id":"https:\/\/empresas.infoempleo.com\/hrtrends\/un-nuevo-aire-profesional-en-el-mundo-de-los-seguros\/","url":"https:\/\/empresas.infoempleo.com\/hrtrends\/un-nuevo-aire-profesional-en-el-mundo-de-los-seguros\/","name":"Un nuevo aire profesional en el mundo de los seguros | HRTRENDS","isPartOf":{"@id":"https:\/\/empresas.infoempleo.com\/hrtrends\/#website"},"primaryImageOfPage":{"@id":"https:\/\/empresas.infoempleo.com\/hrtrends\/un-nuevo-aire-profesional-en-el-mundo-de-los-seguros\/#primaryimage"},"image":{"@id":"https:\/\/empresas.infoempleo.com\/hrtrends\/un-nuevo-aire-profesional-en-el-mundo-de-los-seguros\/#primaryimage"},"thumbnailUrl":"https:\/\/empresas.infoempleo.com\/hrtrends\/media\/2017\/05\/pexels-photo-205508.jpg","datePublished":"2010-01-18T10:01:15+00:00","dateModified":"2024-08-29T15:40:20+00:00","breadcrumb":{"@id":"https:\/\/empresas.infoempleo.com\/hrtrends\/un-nuevo-aire-profesional-en-el-mundo-de-los-seguros\/#breadcrumb"},"inLanguage":"es","potentialAction":[{"@type":"ReadAction","target":["https:\/\/empresas.infoempleo.com\/hrtrends\/un-nuevo-aire-profesional-en-el-mundo-de-los-seguros\/"]}]},{"@type":"ImageObject","inLanguage":"es","@id":"https:\/\/empresas.infoempleo.com\/hrtrends\/un-nuevo-aire-profesional-en-el-mundo-de-los-seguros\/#primaryimage","url":"https:\/\/empresas.infoempleo.com\/hrtrends\/media\/2017\/05\/pexels-photo-205508-150x150.jpg","contentUrl":"https:\/\/empresas.infoempleo.com\/hrtrends\/media\/2017\/05\/pexels-photo-205508-150x150.jpg","width":150,"height":150},{"@type":"BreadcrumbList","@id":"https:\/\/empresas.infoempleo.com\/hrtrends\/un-nuevo-aire-profesional-en-el-mundo-de-los-seguros\/#breadcrumb","itemListElement":[{"@type":"ListItem","position":1,"name":"Portada","item":"https:\/\/empresas.infoempleo.com\/hrtrends\/"},{"@type":"ListItem","position":2,"name":"Un nuevo aire profesional en el mundo de los seguros"}]},{"@type":"WebSite","@id":"https:\/\/empresas.infoempleo.com\/hrtrends\/#website","url":"https:\/\/empresas.infoempleo.com\/hrtrends","name":"HRTrends by Infoempleo","description":"","publisher":{"@id":"https:\/\/empresas.infoempleo.com\/hrtrends\/#organization"},"potentialAction":{"@type":"SearchAction","target":"https:\/\/empresas.infoempleo.com\/hrtrends\/?s={search_term_string}","query-input":"required name=search_term_string"},"inLanguage":"es"},{"@type":"Organization","@id":"https:\/\/empresas.infoempleo.com\/hrtrends\/#organization","name":"Infoempleo","url":"https:\/\/www.infoempleo.com\/","logo":{"@type":"ImageObject","@id":"https:\/\/empresas.infoempleo.com\/hrtrends\/#logo","inLanguage":"es","url":"https:\/\/cdnazure.infoempleo.com\/infoempleo\/assets\/style\/gfx\/logo.svg","contentUrl":"https:\/\/cdnazure.infoempleo.com\/infoempleo\/assets\/style\/gfx\/logo.svg","width":150,"height":40,"caption":"Infoempleo"},"image":{"@id":"https:\/\/empresas.infoempleo.com\/hrtrends\/#logo"},"sameAs":["https:\/\/www.facebook.com\/Infoempleo","https:\/\/x.com\/infoempleo","http:\/\/instagram.com\/infoempleo\/","http:\/\/www.linkedin.com\/groups\/Empleo-Espa\u00f1a-Infoempleocom-111276","http:\/\/pinterest.com\/infoempleo\/"],"address":{"@type":"PostalAddress","addressLocality":"Madrid","postalCode":"28050","streetAddress":"Avenida de Burgos 114"},"brand":["Infoempleo"]},{"@type":"Person","@id":"https:\/\/empresas.infoempleo.com\/hrtrends\/#\/schema\/person\/67d3e276ffcc8b3ae0ebec816daf775a","name":"infoempleo","image":{"@type":"ImageObject","inLanguage":"es","@id":"https:\/\/empresas.infoempleo.com\/hrtrends\/#\/schema\/person\/image\/","url":"https:\/\/secure.gravatar.com\/avatar\/7b437777242fe67d2473c2a818da2344692d1ee91e91080ccffbd97bcd4a0975?s=96&d=mm&r=g","contentUrl":"https:\/\/secure.gravatar.com\/avatar\/7b437777242fe67d2473c2a818da2344692d1ee91e91080ccffbd97bcd4a0975?s=96&d=mm&r=g","caption":"infoempleo"},"url":"https:\/\/empresas.infoempleo.com\/hrtrends\/author\/infoempleo\/"}]}},"amp_enabled":true,"_links":{"self":[{"href":"https:\/\/empresas.infoempleo.com\/hrtrends\/wp-json\/wp\/v2\/posts\/6379","targetHints":{"allow":["GET"]}}],"collection":[{"href":"https:\/\/empresas.infoempleo.com\/hrtrends\/wp-json\/wp\/v2\/posts"}],"about":[{"href":"https:\/\/empresas.infoempleo.com\/hrtrends\/wp-json\/wp\/v2\/types\/post"}],"author":[{"embeddable":true,"href":"https:\/\/empresas.infoempleo.com\/hrtrends\/wp-json\/wp\/v2\/users\/72"}],"replies":[{"embeddable":true,"href":"https:\/\/empresas.infoempleo.com\/hrtrends\/wp-json\/wp\/v2\/comments?post=6379"}],"version-history":[{"count":2,"href":"https:\/\/empresas.infoempleo.com\/hrtrends\/wp-json\/wp\/v2\/posts\/6379\/revisions"}],"predecessor-version":[{"id":44783,"href":"https:\/\/empresas.infoempleo.com\/hrtrends\/wp-json\/wp\/v2\/posts\/6379\/revisions\/44783"}],"wp:featuredmedia":[{"embeddable":true,"href":"https:\/\/empresas.infoempleo.com\/hrtrends\/wp-json\/wp\/v2\/media\/29665"}],"wp:attachment":[{"href":"https:\/\/empresas.infoempleo.com\/hrtrends\/wp-json\/wp\/v2\/media?parent=6379"}],"wp:term":[{"taxonomy":"category","embeddable":true,"href":"https:\/\/empresas.infoempleo.com\/hrtrends\/wp-json\/wp\/v2\/categories?post=6379"},{"taxonomy":"post_tag","embeddable":true,"href":"https:\/\/empresas.infoempleo.com\/hrtrends\/wp-json\/wp\/v2\/tags?post=6379"}],"curies":[{"name":"wp","href":"https:\/\/api.w.org\/{rel}","templated":true}]}}