{"id":6376,"date":"2010-01-18T09:14:09","date_gmt":"2010-01-18T08:14:09","guid":{"rendered":"http:\/\/blog.infoempleo.com\/?p=6376"},"modified":"2023-02-03T14:41:48","modified_gmt":"2023-02-03T12:41:48","slug":"la-oratoria-de-obama-o-el-poder-de-seduccion-de-un-politico","status":"publish","type":"post","link":"https:\/\/empresas.infoempleo.com\/hrtrends\/la-oratoria-de-obama-o-el-poder-de-seduccion-de-un-politico\/","title":{"rendered":"La oratoria de Obama o el poder de seducci\u00f3n de un pol\u00edtico"},"content":{"rendered":"<p style=\"margin: 0cm 0cm 0pt\">\u00a0<\/p>\n<p style=\"margin: 0cm 0cm 0pt\">La \u00faltima gran revelaci\u00f3n de la pol\u00edtica internacional se llama Barack Obama. Un hombre que ha sabido encandilar a viejos y j\u00f3venes, urbanitas y rurales, ilustrados e iletrados con una oratoria que ha sido objeto de no pocos estudios. Uno de ellos es <a class=\"wp-caption-dd\" title=\"El secreto de Obama\" href=\"http:\/\/elsecretodeobama.blogspot.com\/\" target=\"_blank\" rel=\"noopener\">\u2018El secreto de Obama\u2019<\/a>, publicado por <a class=\"wp-caption-dd\" title=\"M\u00f3nica P\u00e9rez de las Heras\" href=\"http:\/\/monicaperezdelasheras.blogspot.com\/\" target=\"_blank\" rel=\"noopener\">M\u00f3nica P\u00e9rez de las Heras<\/a> en Lid Editorial. \u00ab\u00c9l transmite desde el coraz\u00f3n, como debe hacer el orador moderno\u00bb, afirma De las Heras. \u00abObama es la suma de muchas cosas desde el punto de vista comunicativo. \u00c9l sabe escuchar \u2014el \u2018yes, we can\u2019 se lo dijo una se\u00f1ora a la salida de la iglesia\u2014, sabe aliarse con las redes sociales y tambi\u00e9n c\u00f3mo acercarse a los hispanos. Estudiaba espa\u00f1ol y en cada intervenci\u00f3n p\u00fablica se notaban sus progresos\u00bb, apostilla el periodista Manuel Campo Vidal.<\/p>\n<p style=\"margin: 0cm 0cm 0pt\">\u00a0<\/p>\n","protected":false},"excerpt":{"rendered":"<p>\u00a0 La \u00faltima gran revelaci\u00f3n de la pol\u00edtica internacional se llama Barack Obama. Un hombre que ha sabido<a class=\"moretag\" href=\"https:\/\/empresas.infoempleo.com\/hrtrends\/la-oratoria-de-obama-o-el-poder-de-seduccion-de-un-politico\/\"> Leer m\u00e1s<\/a><\/p>\n","protected":false},"author":34,"featured_media":29665,"comment_status":"closed","ping_status":"open","sticky":false,"template":"","format":"standard","meta":{"footnotes":""},"categories":[3],"tags":[882,29,879,883,884,885,886],"class_list":["post-6376","post","type-post","status-publish","format-standard","has-post-thumbnail","hentry","category-actualidad","tag-barack-obama","tag-comunicacion","tag-manuel-campo-vidal","tag-monica-perez-de-las-heras","tag-oratoria","tag-politica","tag-yes-we-can"],"yoast_head":"<!-- This site is optimized with the Yoast SEO plugin v26.1.1 - https:\/\/yoast.com\/wordpress\/plugins\/seo\/ -->\n<title>La oratoria de Obama o el poder de seducci\u00f3n de un pol\u00edtico | HRTRENDS<\/title>\n<meta name=\"robots\" content=\"index, follow, max-snippet:-1, max-image-preview:large, max-video-preview:-1\" \/>\n<link rel=\"canonical\" href=\"https:\/\/empresas.infoempleo.com\/hrtrends\/la-oratoria-de-obama-o-el-poder-de-seduccion-de-un-politico\/\" \/>\n<meta property=\"og:locale\" content=\"es_ES\" \/>\n<meta property=\"og:type\" content=\"article\" \/>\n<meta property=\"og:title\" content=\"La oratoria de Obama o el poder de seducci\u00f3n de un pol\u00edtico | HRTRENDS\" \/>\n<meta property=\"og:description\" content=\"\u00a0 La \u00faltima gran revelaci\u00f3n de la pol\u00edtica internacional se llama Barack Obama. Un hombre que ha sabido Leer m\u00e1s\" \/>\n<meta property=\"og:url\" content=\"https:\/\/empresas.infoempleo.com\/hrtrends\/la-oratoria-de-obama-o-el-poder-de-seduccion-de-un-politico\/\" \/>\n<meta property=\"og:site_name\" content=\"HRTRENDS\" \/>\n<meta property=\"article:publisher\" content=\"https:\/\/www.facebook.com\/Infoempleo\" \/>\n<meta property=\"article:published_time\" content=\"2010-01-18T08:14:09+00:00\" \/>\n<meta property=\"article:modified_time\" content=\"2023-02-03T12:41:48+00:00\" \/>\n<meta property=\"og:image\" content=\"https:\/\/empresas.infoempleo.com\/hrtrends\/media\/2017\/05\/pexels-photo-205508.jpg\" \/>\n\t<meta property=\"og:image:width\" content=\"1280\" \/>\n\t<meta property=\"og:image:height\" content=\"960\" \/>\n\t<meta property=\"og:image:type\" content=\"image\/jpeg\" \/>\n<meta name=\"author\" content=\"Rosario Sep\u00falveda\" \/>\n<meta name=\"twitter:card\" content=\"summary_large_image\" \/>\n<meta name=\"twitter:creator\" content=\"@infoempleo\" \/>\n<meta name=\"twitter:site\" content=\"@infoempleo\" \/>\n<meta name=\"twitter:label1\" content=\"Escrito por\" \/>\n\t<meta name=\"twitter:data1\" content=\"Rosario Sep\u00falveda\" \/>\n\t<meta name=\"twitter:label2\" content=\"Tiempo de lectura\" \/>\n\t<meta name=\"twitter:data2\" content=\"1 minuto\" \/>\n<script type=\"application\/ld+json\" class=\"yoast-schema-graph\">{\"@context\":\"https:\/\/schema.org\",\"@graph\":[{\"@type\":\"NewsArticle\",\"@id\":\"https:\/\/empresas.infoempleo.com\/hrtrends\/la-oratoria-de-obama-o-el-poder-de-seduccion-de-un-politico\/#article\",\"isPartOf\":{\"@id\":\"https:\/\/empresas.infoempleo.com\/hrtrends\/la-oratoria-de-obama-o-el-poder-de-seduccion-de-un-politico\/\"},\"author\":{\"name\":\"Rosario Sep\u00falveda\",\"@id\":\"https:\/\/empresas.infoempleo.com\/hrtrends\/#\/schema\/person\/2a45835f1492cbc7fbce11ad398707a8\"},\"headline\":\"La oratoria de Obama o el poder de seducci\u00f3n de un pol\u00edtico\",\"datePublished\":\"2010-01-18T08:14:09+00:00\",\"dateModified\":\"2023-02-03T12:41:48+00:00\",\"mainEntityOfPage\":{\"@id\":\"https:\/\/empresas.infoempleo.com\/hrtrends\/la-oratoria-de-obama-o-el-poder-de-seduccion-de-un-politico\/\"},\"wordCount\":159,\"publisher\":{\"@id\":\"https:\/\/empresas.infoempleo.com\/hrtrends\/#organization\"},\"image\":{\"@id\":\"https:\/\/empresas.infoempleo.com\/hrtrends\/la-oratoria-de-obama-o-el-poder-de-seduccion-de-un-politico\/#primaryimage\"},\"thumbnailUrl\":\"https:\/\/empresas.infoempleo.com\/hrtrends\/media\/2017\/05\/pexels-photo-205508.jpg\",\"keywords\":[\"Barack Obama\",\"comunicaci\u00f3n\",\"Manuel Campo Vidal\",\"M\u00f3nica P\u00e9rez de las Heras\",\"oratoria\",\"pol\u00edtica\",\"Yes we can\"],\"articleSection\":[\"Actualidad\"],\"inLanguage\":\"es\",\"copyrightYear\":\"2010\",\"copyrightHolder\":{\"@id\":\"https:\/\/empresas.infoempleo.com\/hrtrends\/#organization\"}},{\"@type\":\"WebPage\",\"@id\":\"https:\/\/empresas.infoempleo.com\/hrtrends\/la-oratoria-de-obama-o-el-poder-de-seduccion-de-un-politico\/\",\"url\":\"https:\/\/empresas.infoempleo.com\/hrtrends\/la-oratoria-de-obama-o-el-poder-de-seduccion-de-un-politico\/\",\"name\":\"La oratoria de Obama o el poder de seducci\u00f3n de un pol\u00edtico | HRTRENDS\",\"isPartOf\":{\"@id\":\"https:\/\/empresas.infoempleo.com\/hrtrends\/#website\"},\"primaryImageOfPage\":{\"@id\":\"https:\/\/empresas.infoempleo.com\/hrtrends\/la-oratoria-de-obama-o-el-poder-de-seduccion-de-un-politico\/#primaryimage\"},\"image\":{\"@id\":\"https:\/\/empresas.infoempleo.com\/hrtrends\/la-oratoria-de-obama-o-el-poder-de-seduccion-de-un-politico\/#primaryimage\"},\"thumbnailUrl\":\"https:\/\/empresas.infoempleo.com\/hrtrends\/media\/2017\/05\/pexels-photo-205508.jpg\",\"datePublished\":\"2010-01-18T08:14:09+00:00\",\"dateModified\":\"2023-02-03T12:41:48+00:00\",\"breadcrumb\":{\"@id\":\"https:\/\/empresas.infoempleo.com\/hrtrends\/la-oratoria-de-obama-o-el-poder-de-seduccion-de-un-politico\/#breadcrumb\"},\"inLanguage\":\"es\",\"potentialAction\":[{\"@type\":\"ReadAction\",\"target\":[\"https:\/\/empresas.infoempleo.com\/hrtrends\/la-oratoria-de-obama-o-el-poder-de-seduccion-de-un-politico\/\"]}]},{\"@type\":\"ImageObject\",\"inLanguage\":\"es\",\"@id\":\"https:\/\/empresas.infoempleo.com\/hrtrends\/la-oratoria-de-obama-o-el-poder-de-seduccion-de-un-politico\/#primaryimage\",\"url\":\"https:\/\/empresas.infoempleo.com\/hrtrends\/media\/2017\/05\/pexels-photo-205508-150x150.jpg\",\"contentUrl\":\"https:\/\/empresas.infoempleo.com\/hrtrends\/media\/2017\/05\/pexels-photo-205508-150x150.jpg\",\"width\":150,\"height\":150},{\"@type\":\"BreadcrumbList\",\"@id\":\"https:\/\/empresas.infoempleo.com\/hrtrends\/la-oratoria-de-obama-o-el-poder-de-seduccion-de-un-politico\/#breadcrumb\",\"itemListElement\":[{\"@type\":\"ListItem\",\"position\":1,\"name\":\"Portada\",\"item\":\"https:\/\/empresas.infoempleo.com\/hrtrends\/\"},{\"@type\":\"ListItem\",\"position\":2,\"name\":\"La oratoria de Obama o el poder de seducci\u00f3n de un pol\u00edtico\"}]},{\"@type\":\"WebSite\",\"@id\":\"https:\/\/empresas.infoempleo.com\/hrtrends\/#website\",\"url\":\"https:\/\/empresas.infoempleo.com\/hrtrends\",\"name\":\"HRTrends by Infoempleo\",\"description\":\"\",\"publisher\":{\"@id\":\"https:\/\/empresas.infoempleo.com\/hrtrends\/#organization\"},\"potentialAction\":{\"@type\":\"SearchAction\",\"target\":\"https:\/\/empresas.infoempleo.com\/hrtrends\/?s={search_term_string}\",\"query-input\":\"required name=search_term_string\"},\"inLanguage\":\"es\"},{\"@type\":\"Organization\",\"@id\":\"https:\/\/empresas.infoempleo.com\/hrtrends\/#organization\",\"name\":\"Infoempleo\",\"url\":\"https:\/\/www.infoempleo.com\/\",\"logo\":{\"@type\":\"ImageObject\",\"@id\":\"https:\/\/empresas.infoempleo.com\/hrtrends\/#logo\",\"inLanguage\":\"es\",\"url\":\"https:\/\/cdnazure.infoempleo.com\/infoempleo\/assets\/style\/gfx\/logo.svg\",\"contentUrl\":\"https:\/\/cdnazure.infoempleo.com\/infoempleo\/assets\/style\/gfx\/logo.svg\",\"width\":150,\"height\":40,\"caption\":\"Infoempleo\"},\"image\":{\"@id\":\"https:\/\/empresas.infoempleo.com\/hrtrends\/#logo\"},\"sameAs\":[\"https:\/\/www.facebook.com\/Infoempleo\",\"https:\/\/x.com\/infoempleo\",\"http:\/\/instagram.com\/infoempleo\/\",\"http:\/\/www.linkedin.com\/groups\/Empleo-Espa\u00f1a-Infoempleocom-111276\",\"http:\/\/pinterest.com\/infoempleo\/\"],\"address\":{\"@type\":\"PostalAddress\",\"addressLocality\":\"Madrid\",\"postalCode\":\"28050\",\"streetAddress\":\"Avenida de Burgos 114\"},\"brand\":[\"Infoempleo\"]},{\"@type\":\"Person\",\"@id\":\"https:\/\/empresas.infoempleo.com\/hrtrends\/#\/schema\/person\/2a45835f1492cbc7fbce11ad398707a8\",\"name\":\"Rosario Sep\u00falveda\",\"image\":{\"@type\":\"ImageObject\",\"inLanguage\":\"es\",\"@id\":\"https:\/\/empresas.infoempleo.com\/hrtrends\/#\/schema\/person\/image\/\",\"url\":\"https:\/\/secure.gravatar.com\/avatar\/01b4f37da8fd0cca9ded94ad0ab4a694814c54945a7c84e54495a93ea3a90e3b?s=96&d=mm&r=g\",\"contentUrl\":\"https:\/\/secure.gravatar.com\/avatar\/01b4f37da8fd0cca9ded94ad0ab4a694814c54945a7c84e54495a93ea3a90e3b?s=96&d=mm&r=g\",\"caption\":\"Rosario Sep\u00falveda\"},\"url\":\"https:\/\/empresas.infoempleo.com\/hrtrends\/author\/rosario-sepulveda\/\"}]}<\/script>\n<!-- \/ Yoast SEO plugin. -->","yoast_head_json":{"title":"La oratoria de Obama o el poder de seducci\u00f3n de un pol\u00edtico | HRTRENDS","robots":{"index":"index","follow":"follow","max-snippet":"max-snippet:-1","max-image-preview":"max-image-preview:large","max-video-preview":"max-video-preview:-1"},"canonical":"https:\/\/empresas.infoempleo.com\/hrtrends\/la-oratoria-de-obama-o-el-poder-de-seduccion-de-un-politico\/","og_locale":"es_ES","og_type":"article","og_title":"La oratoria de Obama o el poder de seducci\u00f3n de un pol\u00edtico | HRTRENDS","og_description":"\u00a0 La \u00faltima gran revelaci\u00f3n de la pol\u00edtica internacional se llama Barack Obama. Un hombre que ha sabido Leer m\u00e1s","og_url":"https:\/\/empresas.infoempleo.com\/hrtrends\/la-oratoria-de-obama-o-el-poder-de-seduccion-de-un-politico\/","og_site_name":"HRTRENDS","article_publisher":"https:\/\/www.facebook.com\/Infoempleo","article_published_time":"2010-01-18T08:14:09+00:00","article_modified_time":"2023-02-03T12:41:48+00:00","og_image":[{"width":1280,"height":960,"url":"https:\/\/empresas.infoempleo.com\/hrtrends\/media\/2017\/05\/pexels-photo-205508.jpg","type":"image\/jpeg"}],"author":"Rosario Sep\u00falveda","twitter_card":"summary_large_image","twitter_creator":"@infoempleo","twitter_site":"@infoempleo","twitter_misc":{"Escrito por":"Rosario Sep\u00falveda","Tiempo de lectura":"1 minuto"},"schema":{"@context":"https:\/\/schema.org","@graph":[{"@type":"NewsArticle","@id":"https:\/\/empresas.infoempleo.com\/hrtrends\/la-oratoria-de-obama-o-el-poder-de-seduccion-de-un-politico\/#article","isPartOf":{"@id":"https:\/\/empresas.infoempleo.com\/hrtrends\/la-oratoria-de-obama-o-el-poder-de-seduccion-de-un-politico\/"},"author":{"name":"Rosario Sep\u00falveda","@id":"https:\/\/empresas.infoempleo.com\/hrtrends\/#\/schema\/person\/2a45835f1492cbc7fbce11ad398707a8"},"headline":"La oratoria de Obama o el poder de seducci\u00f3n de un pol\u00edtico","datePublished":"2010-01-18T08:14:09+00:00","dateModified":"2023-02-03T12:41:48+00:00","mainEntityOfPage":{"@id":"https:\/\/empresas.infoempleo.com\/hrtrends\/la-oratoria-de-obama-o-el-poder-de-seduccion-de-un-politico\/"},"wordCount":159,"publisher":{"@id":"https:\/\/empresas.infoempleo.com\/hrtrends\/#organization"},"image":{"@id":"https:\/\/empresas.infoempleo.com\/hrtrends\/la-oratoria-de-obama-o-el-poder-de-seduccion-de-un-politico\/#primaryimage"},"thumbnailUrl":"https:\/\/empresas.infoempleo.com\/hrtrends\/media\/2017\/05\/pexels-photo-205508.jpg","keywords":["Barack Obama","comunicaci\u00f3n","Manuel Campo Vidal","M\u00f3nica P\u00e9rez de las Heras","oratoria","pol\u00edtica","Yes we can"],"articleSection":["Actualidad"],"inLanguage":"es","copyrightYear":"2010","copyrightHolder":{"@id":"https:\/\/empresas.infoempleo.com\/hrtrends\/#organization"}},{"@type":"WebPage","@id":"https:\/\/empresas.infoempleo.com\/hrtrends\/la-oratoria-de-obama-o-el-poder-de-seduccion-de-un-politico\/","url":"https:\/\/empresas.infoempleo.com\/hrtrends\/la-oratoria-de-obama-o-el-poder-de-seduccion-de-un-politico\/","name":"La oratoria de Obama o el poder de seducci\u00f3n de un pol\u00edtico | HRTRENDS","isPartOf":{"@id":"https:\/\/empresas.infoempleo.com\/hrtrends\/#website"},"primaryImageOfPage":{"@id":"https:\/\/empresas.infoempleo.com\/hrtrends\/la-oratoria-de-obama-o-el-poder-de-seduccion-de-un-politico\/#primaryimage"},"image":{"@id":"https:\/\/empresas.infoempleo.com\/hrtrends\/la-oratoria-de-obama-o-el-poder-de-seduccion-de-un-politico\/#primaryimage"},"thumbnailUrl":"https:\/\/empresas.infoempleo.com\/hrtrends\/media\/2017\/05\/pexels-photo-205508.jpg","datePublished":"2010-01-18T08:14:09+00:00","dateModified":"2023-02-03T12:41:48+00:00","breadcrumb":{"@id":"https:\/\/empresas.infoempleo.com\/hrtrends\/la-oratoria-de-obama-o-el-poder-de-seduccion-de-un-politico\/#breadcrumb"},"inLanguage":"es","potentialAction":[{"@type":"ReadAction","target":["https:\/\/empresas.infoempleo.com\/hrtrends\/la-oratoria-de-obama-o-el-poder-de-seduccion-de-un-politico\/"]}]},{"@type":"ImageObject","inLanguage":"es","@id":"https:\/\/empresas.infoempleo.com\/hrtrends\/la-oratoria-de-obama-o-el-poder-de-seduccion-de-un-politico\/#primaryimage","url":"https:\/\/empresas.infoempleo.com\/hrtrends\/media\/2017\/05\/pexels-photo-205508-150x150.jpg","contentUrl":"https:\/\/empresas.infoempleo.com\/hrtrends\/media\/2017\/05\/pexels-photo-205508-150x150.jpg","width":150,"height":150},{"@type":"BreadcrumbList","@id":"https:\/\/empresas.infoempleo.com\/hrtrends\/la-oratoria-de-obama-o-el-poder-de-seduccion-de-un-politico\/#breadcrumb","itemListElement":[{"@type":"ListItem","position":1,"name":"Portada","item":"https:\/\/empresas.infoempleo.com\/hrtrends\/"},{"@type":"ListItem","position":2,"name":"La oratoria de Obama o el poder de seducci\u00f3n de un pol\u00edtico"}]},{"@type":"WebSite","@id":"https:\/\/empresas.infoempleo.com\/hrtrends\/#website","url":"https:\/\/empresas.infoempleo.com\/hrtrends","name":"HRTrends by Infoempleo","description":"","publisher":{"@id":"https:\/\/empresas.infoempleo.com\/hrtrends\/#organization"},"potentialAction":{"@type":"SearchAction","target":"https:\/\/empresas.infoempleo.com\/hrtrends\/?s={search_term_string}","query-input":"required name=search_term_string"},"inLanguage":"es"},{"@type":"Organization","@id":"https:\/\/empresas.infoempleo.com\/hrtrends\/#organization","name":"Infoempleo","url":"https:\/\/www.infoempleo.com\/","logo":{"@type":"ImageObject","@id":"https:\/\/empresas.infoempleo.com\/hrtrends\/#logo","inLanguage":"es","url":"https:\/\/cdnazure.infoempleo.com\/infoempleo\/assets\/style\/gfx\/logo.svg","contentUrl":"https:\/\/cdnazure.infoempleo.com\/infoempleo\/assets\/style\/gfx\/logo.svg","width":150,"height":40,"caption":"Infoempleo"},"image":{"@id":"https:\/\/empresas.infoempleo.com\/hrtrends\/#logo"},"sameAs":["https:\/\/www.facebook.com\/Infoempleo","https:\/\/x.com\/infoempleo","http:\/\/instagram.com\/infoempleo\/","http:\/\/www.linkedin.com\/groups\/Empleo-Espa\u00f1a-Infoempleocom-111276","http:\/\/pinterest.com\/infoempleo\/"],"address":{"@type":"PostalAddress","addressLocality":"Madrid","postalCode":"28050","streetAddress":"Avenida de Burgos 114"},"brand":["Infoempleo"]},{"@type":"Person","@id":"https:\/\/empresas.infoempleo.com\/hrtrends\/#\/schema\/person\/2a45835f1492cbc7fbce11ad398707a8","name":"Rosario Sep\u00falveda","image":{"@type":"ImageObject","inLanguage":"es","@id":"https:\/\/empresas.infoempleo.com\/hrtrends\/#\/schema\/person\/image\/","url":"https:\/\/secure.gravatar.com\/avatar\/01b4f37da8fd0cca9ded94ad0ab4a694814c54945a7c84e54495a93ea3a90e3b?s=96&d=mm&r=g","contentUrl":"https:\/\/secure.gravatar.com\/avatar\/01b4f37da8fd0cca9ded94ad0ab4a694814c54945a7c84e54495a93ea3a90e3b?s=96&d=mm&r=g","caption":"Rosario Sep\u00falveda"},"url":"https:\/\/empresas.infoempleo.com\/hrtrends\/author\/rosario-sepulveda\/"}]}},"amp_enabled":true,"_links":{"self":[{"href":"https:\/\/empresas.infoempleo.com\/hrtrends\/wp-json\/wp\/v2\/posts\/6376","targetHints":{"allow":["GET"]}}],"collection":[{"href":"https:\/\/empresas.infoempleo.com\/hrtrends\/wp-json\/wp\/v2\/posts"}],"about":[{"href":"https:\/\/empresas.infoempleo.com\/hrtrends\/wp-json\/wp\/v2\/types\/post"}],"author":[{"embeddable":true,"href":"https:\/\/empresas.infoempleo.com\/hrtrends\/wp-json\/wp\/v2\/users\/34"}],"replies":[{"embeddable":true,"href":"https:\/\/empresas.infoempleo.com\/hrtrends\/wp-json\/wp\/v2\/comments?post=6376"}],"version-history":[{"count":1,"href":"https:\/\/empresas.infoempleo.com\/hrtrends\/wp-json\/wp\/v2\/posts\/6376\/revisions"}],"predecessor-version":[{"id":42307,"href":"https:\/\/empresas.infoempleo.com\/hrtrends\/wp-json\/wp\/v2\/posts\/6376\/revisions\/42307"}],"wp:featuredmedia":[{"embeddable":true,"href":"https:\/\/empresas.infoempleo.com\/hrtrends\/wp-json\/wp\/v2\/media\/29665"}],"wp:attachment":[{"href":"https:\/\/empresas.infoempleo.com\/hrtrends\/wp-json\/wp\/v2\/media?parent=6376"}],"wp:term":[{"taxonomy":"category","embeddable":true,"href":"https:\/\/empresas.infoempleo.com\/hrtrends\/wp-json\/wp\/v2\/categories?post=6376"},{"taxonomy":"post_tag","embeddable":true,"href":"https:\/\/empresas.infoempleo.com\/hrtrends\/wp-json\/wp\/v2\/tags?post=6376"}],"curies":[{"name":"wp","href":"https:\/\/api.w.org\/{rel}","templated":true}]}}