{"id":6345,"date":"2010-01-14T09:12:55","date_gmt":"2010-01-14T07:12:55","guid":{"rendered":"http:\/\/blog.infoempleo.com\/?p=6345"},"modified":"2019-06-27T12:40:47","modified_gmt":"2019-06-27T10:40:47","slug":"el-numero-de-turistas-extranjeros-cae-un-87-en-2009","status":"publish","type":"post","link":"https:\/\/empresas.infoempleo.com\/hrtrends\/el-numero-de-turistas-extranjeros-cae-un-87-en-2009\/","title":{"rendered":"El n\u00famero de turistas extranjeros cae un 8,7% en 2009"},"content":{"rendered":"<p>El n\u00famero de turistas extranjeros que visitaron Espa\u00f1a cay\u00f3 un 8,7% en 2009, hasta los 52 millones, descenso inferior al previsto para el conjunto del a\u00f1o, que se situaba en torno al 10%, seg\u00fan inform\u00f3 este mi\u00e9rcoles el secretario de Estado de Turismo, Joan Mesquida.<\/p>\n<p>En rueda de prensa para hacer balance del ejercicio, Mesquida reconoci\u00f3 que \u00abha sido un a\u00f1o complicado\u00bb, marcado por el entorno de la crisis, que ha afectado a los principales destinos tur\u00edsticos mundiales, entre los que se encuentra Espa\u00f1a.<\/p>\n<p>Mesquida atribuy\u00f3 parte de esta ca\u00edda &#8211;cinco millones de turistas con respecto al a\u00f1o anterior, a la espera de los datos definitivos&#8211; a la evoluci\u00f3n de las econom\u00edas en Francia, Alemania y Reino Unido, ya que existe \u00abuna relaci\u00f3n directa y evidente\u00bb entre el crecimiento econ\u00f3mico y la llegada de turistas.<\/p>\n<p>En esta l\u00ednea, se\u00f1al\u00f3 que los datos apuntan a una \u00abralentizaci\u00f3n\u00bb en el ritmo de la ca\u00edda, lo que a\u00f1adido a unas expectativas econ\u00f3micas mejores en estos pa\u00edses, donde se prev\u00e9 que el PIB crezca un 1,3% este a\u00f1o, cabe albergar un \u00abmoderado optimismo\u00bb de cara a 2010, pese a las tasas de paro.<\/p>\n<p>Por ello, subray\u00f3 que a pesar la recesi\u00f3n econ\u00f3mica este resultado supone el quinto mejor a\u00f1o tur\u00edstico por llegadas y el tercero en ingresos para el sector, con un alto grado de fidelizaci\u00f3n, un 85% frente al 83% de 2008.<\/p>\n<p>De hecho, destac\u00f3 que Espa\u00f1a ocupa la segunda posici\u00f3n en el ranking mundial por ingresos por turismo, tras EEUU; el tercero por visitantes, despu\u00e9s de Francia y EEUU, seguidos de China; y se mantiene como el primer destino vacacional del mundo.<\/p>\n<p>En un entorno de crisis, Mesquida afirm\u00f3 que pese a que \u00abnos han visitado menos turistas, \u00e9stos han gastado algo m\u00e1s\u00bb increment\u00e1ndose el promedio medio por turista en un 2,1%, pese a que el gasto total alcanz\u00f3 los 48.000 millones de euros, lo que supone una ca\u00edda anual del 6,8%.<\/p>\n<p>En lo que se refiere al turismo nacional, los espa\u00f1oles realizaron un total de 174 millones de viajes, un 3,3%, seg\u00fan los datos avanzados por el Instituto de Estudios Tur\u00edsticos (IET), con una estancia media de 6,7 d\u00edas.<\/p>\n<p>El 93% de los desplazamientos se efectuaron dentro del pa\u00eds (+2,7%), m\u00e1s de la mitad por ocio, mientras que el 7% restante opt\u00f3 por viajar al exterior, un 12,5% m\u00e1s. Por comunidades, Andaluc\u00eda, Catalu\u00f1a y Baleares fueron las que mayores viajes acapararon, mientras que Madrid, Catalu\u00f1a y Andaluc\u00eda fueron las principales emisoras. Por sectores, Mesquida rese\u00f1\u00f3 el buen funcionamiento del turismo rural.<\/p>\n<h3>Cae un 2,1% del empleo<\/h3>\n<p><strong>El turismo emple\u00f3 a 2,25 millones de personas el a\u00f1o pasado, seg\u00fan la EPA del tercer trimestre, lo que representa un 12% del total de los trabajadores en Espa\u00f1a.<\/strong><\/p>\n<p>No obstante, <strong>el sector redujo un 2,1% los afiliados a la Seguridad Social en 2009<\/strong>, lo que representa la supresi\u00f3n de unos 40.000 empleos, con lo que la tasa de paro se sit\u00faa en el 12,9%, cinco puntos por debajo de la media nacional (-17,9%). Industria destac\u00f3 que un a\u00f1o antes la diferencia apenas superaba los dos puntos.<\/p>\n<p>Ante esta situaci\u00f3n, Mesquida asegur\u00f3 que el Gobierno ha priorizado la pol\u00edtica tur\u00edstica, con el \u00abmayor presupuesto de la historia\u00bb, increment\u00e1ndolo un 109% el a\u00f1o pasado con respecto a 2008 y un 0,13% para 2010, hasta los 799 millones. \u00abEn una situaci\u00f3n de importantes restricciones no s\u00f3lo no van a reducirse sino que consolidan su incremento\u00bb, afirm\u00f3.<\/p>\n<h3>\u00c9xito del Renove y el plan FuturE<\/h3>\n<p>Entre las principales actuaciones, se refiri\u00f3 especialmente a la puesta en marcha de los planes Renove y del plan FuturE, dotados con 1.500 millones de euros, de los que se han dispuesto cerca de 1.400 millones de euros, con una inversi\u00f3n inducida pr\u00f3xima a los 2.850 millones de euros, donde el 80% de la financiaci\u00f3n la acapar\u00f3 el sector de la hosteler\u00eda.<\/p>\n<p>Mesquida recalc\u00f3 la buena acogida de ambas iniciativas y la apuesta del sector financiero por el tur\u00edstico. As\u00ed, record\u00f3 que el plan FuturE contar\u00e1 con otros 400 millones de euros para este a\u00f1o.<\/p>\n<p>Adem\u00e1s, destac\u00f3 que el programa Turismo Senior Europa, experiencia piloto que se desarrolla en Andaluc\u00eda y Baleares, arroja por el momento un volumen de 24.000 visitas entre turistas que han recalado ya y las reservas realizadas hasta la fecha, lo que se traduce en 220.000 pernoctaciones, gracias al acuerdo alcanzado con 32 hoteles de cuatro estrellas, 11 compa\u00f1\u00edas a\u00e9reas y 14.000 puntos de venta.<\/p>\n<p>En cuanto a promoci\u00f3n exterior, el presupuesto aument\u00f3 un 13% en 2009 y que la cantidad destinada este a\u00f1o se elevar\u00e1 un 6,4%. En total, se alcanzaron 259 acuerdos con comunidades aut\u00f3nomas, entes p\u00fablicos y privados, touroperadores y aerol\u00edneas, con un presupuesto total de 67,8 millones de euros, 42,5 millones aportados por Turespa\u00f1a, 13 millones por comunidades aut\u00f3nomas y administraciones locales y los 12,3 millones restantes por el sector privado.<\/p>\n<p>Las Oficinas de Turismo en el Exterior (OET) ejecutaron un total de 1.373 actividades de promoci\u00f3n, marketing y apoyo al sector, un 3% m\u00e1s que en 2008. El n\u00famero de oficinas alcanza las 33, tras la apertura el a\u00f1o pasado de las oficinas de Bombay (India) y Cant\u00f3n (China). En esta regi\u00f3n china Espa\u00f1a cuenta ya con cuatro OETs.<\/p>\n<p>Finalmente, se refiri\u00f3 a la puesta en marcha de la Red Integral del Conocimiento y la Inteligencia Tur\u00edstica (Intelitur), conjuntamente con el Consejo Superior de C\u00e1maras (CSC), y al Consejo de Ministros monogr\u00e1fico dedicado al sector que se celebr\u00f3 en Palma en julio y que comprometi\u00f3 una inversi\u00f3n superior a los 1.000 millones de euros, con la implicaci\u00f3n de catorce ministerios.<\/p>\n<p>Mesquida record\u00f3 que entre otras actuaciones propici\u00f3 la rebaja de las tasas aeroportuarias, con un coste para AENA de 58 millones de euros, y la ampliaci\u00f3n de 200.000 plazas m\u00e1s para el Imserso hasta un total de 1,2 millones.<\/p>\n<p>Fuente: <a href=\"https:\/\/www.europapress.es\/economia\/noticia-numero-turistas-extranjeros-cae-87-2009-20100113122406.html\" target=\"_blank\">Europa Press<\/a><\/p>\n","protected":false},"excerpt":{"rendered":"<p>El n\u00famero de turistas extranjeros que visitaron Espa\u00f1a cay\u00f3 un 8,7% en 2009, hasta los 52 millones, descenso<a class=\"moretag\" href=\"https:\/\/empresas.infoempleo.com\/hrtrends\/el-numero-de-turistas-extranjeros-cae-un-87-en-2009\/\"> Leer m\u00e1s<\/a><\/p>\n","protected":false},"author":72,"featured_media":29665,"comment_status":"closed","ping_status":"open","sticky":false,"template":"","format":"standard","meta":{"footnotes":""},"categories":[3],"tags":[481],"class_list":["post-6345","post","type-post","status-publish","format-standard","has-post-thumbnail","hentry","category-actualidad","tag-hosteleria-y-turismo"],"yoast_head":"<!-- This site is optimized with the Yoast SEO plugin v26.1.1 - https:\/\/yoast.com\/wordpress\/plugins\/seo\/ -->\n<title>El n\u00famero de turistas extranjeros cae un 8,7% en 2009 | HRTRENDS<\/title>\n<meta name=\"robots\" content=\"index, follow, max-snippet:-1, max-image-preview:large, max-video-preview:-1\" \/>\n<link rel=\"canonical\" href=\"https:\/\/empresas.infoempleo.com\/hrtrends\/el-numero-de-turistas-extranjeros-cae-un-87-en-2009\/\" \/>\n<meta property=\"og:locale\" content=\"es_ES\" \/>\n<meta property=\"og:type\" content=\"article\" \/>\n<meta property=\"og:title\" content=\"El n\u00famero de turistas extranjeros cae un 8,7% en 2009 | HRTRENDS\" \/>\n<meta property=\"og:description\" content=\"El n\u00famero de turistas extranjeros que visitaron Espa\u00f1a cay\u00f3 un 8,7% en 2009, hasta los 52 millones, descenso Leer m\u00e1s\" \/>\n<meta property=\"og:url\" content=\"https:\/\/empresas.infoempleo.com\/hrtrends\/el-numero-de-turistas-extranjeros-cae-un-87-en-2009\/\" \/>\n<meta property=\"og:site_name\" content=\"HRTRENDS\" \/>\n<meta property=\"article:publisher\" content=\"https:\/\/www.facebook.com\/Infoempleo\" \/>\n<meta property=\"article:published_time\" content=\"2010-01-14T07:12:55+00:00\" \/>\n<meta property=\"article:modified_time\" content=\"2019-06-27T10:40:47+00:00\" \/>\n<meta property=\"og:image\" content=\"https:\/\/empresas.infoempleo.com\/hrtrends\/media\/2017\/05\/pexels-photo-205508.jpg\" \/>\n\t<meta property=\"og:image:width\" content=\"1280\" \/>\n\t<meta property=\"og:image:height\" content=\"960\" \/>\n\t<meta property=\"og:image:type\" content=\"image\/jpeg\" \/>\n<meta name=\"author\" content=\"infoempleo\" \/>\n<meta name=\"twitter:card\" content=\"summary_large_image\" \/>\n<meta name=\"twitter:creator\" content=\"@infoempleo\" \/>\n<meta name=\"twitter:site\" content=\"@infoempleo\" \/>\n<meta name=\"twitter:label1\" content=\"Escrito por\" \/>\n\t<meta name=\"twitter:data1\" content=\"infoempleo\" \/>\n\t<meta name=\"twitter:label2\" content=\"Tiempo de lectura\" \/>\n\t<meta name=\"twitter:data2\" content=\"5 minutos\" \/>\n<script type=\"application\/ld+json\" class=\"yoast-schema-graph\">{\"@context\":\"https:\/\/schema.org\",\"@graph\":[{\"@type\":\"NewsArticle\",\"@id\":\"https:\/\/empresas.infoempleo.com\/hrtrends\/el-numero-de-turistas-extranjeros-cae-un-87-en-2009\/#article\",\"isPartOf\":{\"@id\":\"https:\/\/empresas.infoempleo.com\/hrtrends\/el-numero-de-turistas-extranjeros-cae-un-87-en-2009\/\"},\"author\":{\"name\":\"infoempleo\",\"@id\":\"https:\/\/empresas.infoempleo.com\/hrtrends\/#\/schema\/person\/67d3e276ffcc8b3ae0ebec816daf775a\"},\"headline\":\"El n\u00famero de turistas extranjeros cae un 8,7% en 2009\",\"datePublished\":\"2010-01-14T07:12:55+00:00\",\"dateModified\":\"2019-06-27T10:40:47+00:00\",\"mainEntityOfPage\":{\"@id\":\"https:\/\/empresas.infoempleo.com\/hrtrends\/el-numero-de-turistas-extranjeros-cae-un-87-en-2009\/\"},\"wordCount\":1007,\"publisher\":{\"@id\":\"https:\/\/empresas.infoempleo.com\/hrtrends\/#organization\"},\"image\":{\"@id\":\"https:\/\/empresas.infoempleo.com\/hrtrends\/el-numero-de-turistas-extranjeros-cae-un-87-en-2009\/#primaryimage\"},\"thumbnailUrl\":\"https:\/\/empresas.infoempleo.com\/hrtrends\/media\/2017\/05\/pexels-photo-205508.jpg\",\"keywords\":[\"Hosteler\u00eda y Turismo\"],\"articleSection\":[\"Actualidad\"],\"inLanguage\":\"es\",\"copyrightYear\":\"2010\",\"copyrightHolder\":{\"@id\":\"https:\/\/empresas.infoempleo.com\/hrtrends\/#organization\"}},{\"@type\":\"WebPage\",\"@id\":\"https:\/\/empresas.infoempleo.com\/hrtrends\/el-numero-de-turistas-extranjeros-cae-un-87-en-2009\/\",\"url\":\"https:\/\/empresas.infoempleo.com\/hrtrends\/el-numero-de-turistas-extranjeros-cae-un-87-en-2009\/\",\"name\":\"El n\u00famero de turistas extranjeros cae un 8,7% en 2009 | HRTRENDS\",\"isPartOf\":{\"@id\":\"https:\/\/empresas.infoempleo.com\/hrtrends\/#website\"},\"primaryImageOfPage\":{\"@id\":\"https:\/\/empresas.infoempleo.com\/hrtrends\/el-numero-de-turistas-extranjeros-cae-un-87-en-2009\/#primaryimage\"},\"image\":{\"@id\":\"https:\/\/empresas.infoempleo.com\/hrtrends\/el-numero-de-turistas-extranjeros-cae-un-87-en-2009\/#primaryimage\"},\"thumbnailUrl\":\"https:\/\/empresas.infoempleo.com\/hrtrends\/media\/2017\/05\/pexels-photo-205508.jpg\",\"datePublished\":\"2010-01-14T07:12:55+00:00\",\"dateModified\":\"2019-06-27T10:40:47+00:00\",\"breadcrumb\":{\"@id\":\"https:\/\/empresas.infoempleo.com\/hrtrends\/el-numero-de-turistas-extranjeros-cae-un-87-en-2009\/#breadcrumb\"},\"inLanguage\":\"es\",\"potentialAction\":[{\"@type\":\"ReadAction\",\"target\":[\"https:\/\/empresas.infoempleo.com\/hrtrends\/el-numero-de-turistas-extranjeros-cae-un-87-en-2009\/\"]}]},{\"@type\":\"ImageObject\",\"inLanguage\":\"es\",\"@id\":\"https:\/\/empresas.infoempleo.com\/hrtrends\/el-numero-de-turistas-extranjeros-cae-un-87-en-2009\/#primaryimage\",\"url\":\"https:\/\/empresas.infoempleo.com\/hrtrends\/media\/2017\/05\/pexels-photo-205508-150x150.jpg\",\"contentUrl\":\"https:\/\/empresas.infoempleo.com\/hrtrends\/media\/2017\/05\/pexels-photo-205508-150x150.jpg\",\"width\":150,\"height\":150},{\"@type\":\"BreadcrumbList\",\"@id\":\"https:\/\/empresas.infoempleo.com\/hrtrends\/el-numero-de-turistas-extranjeros-cae-un-87-en-2009\/#breadcrumb\",\"itemListElement\":[{\"@type\":\"ListItem\",\"position\":1,\"name\":\"Portada\",\"item\":\"https:\/\/empresas.infoempleo.com\/hrtrends\/\"},{\"@type\":\"ListItem\",\"position\":2,\"name\":\"El n\u00famero de turistas extranjeros cae un 8,7% en 2009\"}]},{\"@type\":\"WebSite\",\"@id\":\"https:\/\/empresas.infoempleo.com\/hrtrends\/#website\",\"url\":\"https:\/\/empresas.infoempleo.com\/hrtrends\",\"name\":\"HRTrends by Infoempleo\",\"description\":\"\",\"publisher\":{\"@id\":\"https:\/\/empresas.infoempleo.com\/hrtrends\/#organization\"},\"potentialAction\":{\"@type\":\"SearchAction\",\"target\":\"https:\/\/empresas.infoempleo.com\/hrtrends\/?s={search_term_string}\",\"query-input\":\"required name=search_term_string\"},\"inLanguage\":\"es\"},{\"@type\":\"Organization\",\"@id\":\"https:\/\/empresas.infoempleo.com\/hrtrends\/#organization\",\"name\":\"Infoempleo\",\"url\":\"https:\/\/www.infoempleo.com\/\",\"logo\":{\"@type\":\"ImageObject\",\"@id\":\"https:\/\/empresas.infoempleo.com\/hrtrends\/#logo\",\"inLanguage\":\"es\",\"url\":\"https:\/\/cdnazure.infoempleo.com\/infoempleo\/assets\/style\/gfx\/logo.svg\",\"contentUrl\":\"https:\/\/cdnazure.infoempleo.com\/infoempleo\/assets\/style\/gfx\/logo.svg\",\"width\":150,\"height\":40,\"caption\":\"Infoempleo\"},\"image\":{\"@id\":\"https:\/\/empresas.infoempleo.com\/hrtrends\/#logo\"},\"sameAs\":[\"https:\/\/www.facebook.com\/Infoempleo\",\"https:\/\/x.com\/infoempleo\",\"http:\/\/instagram.com\/infoempleo\/\",\"http:\/\/www.linkedin.com\/groups\/Empleo-Espa\u00f1a-Infoempleocom-111276\",\"http:\/\/pinterest.com\/infoempleo\/\"],\"address\":{\"@type\":\"PostalAddress\",\"addressLocality\":\"Madrid\",\"postalCode\":\"28050\",\"streetAddress\":\"Avenida de Burgos 114\"},\"brand\":[\"Infoempleo\"]},{\"@type\":\"Person\",\"@id\":\"https:\/\/empresas.infoempleo.com\/hrtrends\/#\/schema\/person\/67d3e276ffcc8b3ae0ebec816daf775a\",\"name\":\"infoempleo\",\"image\":{\"@type\":\"ImageObject\",\"inLanguage\":\"es\",\"@id\":\"https:\/\/empresas.infoempleo.com\/hrtrends\/#\/schema\/person\/image\/\",\"url\":\"https:\/\/secure.gravatar.com\/avatar\/7b437777242fe67d2473c2a818da2344692d1ee91e91080ccffbd97bcd4a0975?s=96&d=mm&r=g\",\"contentUrl\":\"https:\/\/secure.gravatar.com\/avatar\/7b437777242fe67d2473c2a818da2344692d1ee91e91080ccffbd97bcd4a0975?s=96&d=mm&r=g\",\"caption\":\"infoempleo\"},\"url\":\"https:\/\/empresas.infoempleo.com\/hrtrends\/author\/infoempleo\/\"}]}<\/script>\n<!-- \/ Yoast SEO plugin. -->","yoast_head_json":{"title":"El n\u00famero de turistas extranjeros cae un 8,7% en 2009 | HRTRENDS","robots":{"index":"index","follow":"follow","max-snippet":"max-snippet:-1","max-image-preview":"max-image-preview:large","max-video-preview":"max-video-preview:-1"},"canonical":"https:\/\/empresas.infoempleo.com\/hrtrends\/el-numero-de-turistas-extranjeros-cae-un-87-en-2009\/","og_locale":"es_ES","og_type":"article","og_title":"El n\u00famero de turistas extranjeros cae un 8,7% en 2009 | HRTRENDS","og_description":"El n\u00famero de turistas extranjeros que visitaron Espa\u00f1a cay\u00f3 un 8,7% en 2009, hasta los 52 millones, descenso Leer m\u00e1s","og_url":"https:\/\/empresas.infoempleo.com\/hrtrends\/el-numero-de-turistas-extranjeros-cae-un-87-en-2009\/","og_site_name":"HRTRENDS","article_publisher":"https:\/\/www.facebook.com\/Infoempleo","article_published_time":"2010-01-14T07:12:55+00:00","article_modified_time":"2019-06-27T10:40:47+00:00","og_image":[{"width":1280,"height":960,"url":"https:\/\/empresas.infoempleo.com\/hrtrends\/media\/2017\/05\/pexels-photo-205508.jpg","type":"image\/jpeg"}],"author":"infoempleo","twitter_card":"summary_large_image","twitter_creator":"@infoempleo","twitter_site":"@infoempleo","twitter_misc":{"Escrito por":"infoempleo","Tiempo de lectura":"5 minutos"},"schema":{"@context":"https:\/\/schema.org","@graph":[{"@type":"NewsArticle","@id":"https:\/\/empresas.infoempleo.com\/hrtrends\/el-numero-de-turistas-extranjeros-cae-un-87-en-2009\/#article","isPartOf":{"@id":"https:\/\/empresas.infoempleo.com\/hrtrends\/el-numero-de-turistas-extranjeros-cae-un-87-en-2009\/"},"author":{"name":"infoempleo","@id":"https:\/\/empresas.infoempleo.com\/hrtrends\/#\/schema\/person\/67d3e276ffcc8b3ae0ebec816daf775a"},"headline":"El n\u00famero de turistas extranjeros cae un 8,7% en 2009","datePublished":"2010-01-14T07:12:55+00:00","dateModified":"2019-06-27T10:40:47+00:00","mainEntityOfPage":{"@id":"https:\/\/empresas.infoempleo.com\/hrtrends\/el-numero-de-turistas-extranjeros-cae-un-87-en-2009\/"},"wordCount":1007,"publisher":{"@id":"https:\/\/empresas.infoempleo.com\/hrtrends\/#organization"},"image":{"@id":"https:\/\/empresas.infoempleo.com\/hrtrends\/el-numero-de-turistas-extranjeros-cae-un-87-en-2009\/#primaryimage"},"thumbnailUrl":"https:\/\/empresas.infoempleo.com\/hrtrends\/media\/2017\/05\/pexels-photo-205508.jpg","keywords":["Hosteler\u00eda y Turismo"],"articleSection":["Actualidad"],"inLanguage":"es","copyrightYear":"2010","copyrightHolder":{"@id":"https:\/\/empresas.infoempleo.com\/hrtrends\/#organization"}},{"@type":"WebPage","@id":"https:\/\/empresas.infoempleo.com\/hrtrends\/el-numero-de-turistas-extranjeros-cae-un-87-en-2009\/","url":"https:\/\/empresas.infoempleo.com\/hrtrends\/el-numero-de-turistas-extranjeros-cae-un-87-en-2009\/","name":"El n\u00famero de turistas extranjeros cae un 8,7% en 2009 | HRTRENDS","isPartOf":{"@id":"https:\/\/empresas.infoempleo.com\/hrtrends\/#website"},"primaryImageOfPage":{"@id":"https:\/\/empresas.infoempleo.com\/hrtrends\/el-numero-de-turistas-extranjeros-cae-un-87-en-2009\/#primaryimage"},"image":{"@id":"https:\/\/empresas.infoempleo.com\/hrtrends\/el-numero-de-turistas-extranjeros-cae-un-87-en-2009\/#primaryimage"},"thumbnailUrl":"https:\/\/empresas.infoempleo.com\/hrtrends\/media\/2017\/05\/pexels-photo-205508.jpg","datePublished":"2010-01-14T07:12:55+00:00","dateModified":"2019-06-27T10:40:47+00:00","breadcrumb":{"@id":"https:\/\/empresas.infoempleo.com\/hrtrends\/el-numero-de-turistas-extranjeros-cae-un-87-en-2009\/#breadcrumb"},"inLanguage":"es","potentialAction":[{"@type":"ReadAction","target":["https:\/\/empresas.infoempleo.com\/hrtrends\/el-numero-de-turistas-extranjeros-cae-un-87-en-2009\/"]}]},{"@type":"ImageObject","inLanguage":"es","@id":"https:\/\/empresas.infoempleo.com\/hrtrends\/el-numero-de-turistas-extranjeros-cae-un-87-en-2009\/#primaryimage","url":"https:\/\/empresas.infoempleo.com\/hrtrends\/media\/2017\/05\/pexels-photo-205508-150x150.jpg","contentUrl":"https:\/\/empresas.infoempleo.com\/hrtrends\/media\/2017\/05\/pexels-photo-205508-150x150.jpg","width":150,"height":150},{"@type":"BreadcrumbList","@id":"https:\/\/empresas.infoempleo.com\/hrtrends\/el-numero-de-turistas-extranjeros-cae-un-87-en-2009\/#breadcrumb","itemListElement":[{"@type":"ListItem","position":1,"name":"Portada","item":"https:\/\/empresas.infoempleo.com\/hrtrends\/"},{"@type":"ListItem","position":2,"name":"El n\u00famero de turistas extranjeros cae un 8,7% en 2009"}]},{"@type":"WebSite","@id":"https:\/\/empresas.infoempleo.com\/hrtrends\/#website","url":"https:\/\/empresas.infoempleo.com\/hrtrends","name":"HRTrends by Infoempleo","description":"","publisher":{"@id":"https:\/\/empresas.infoempleo.com\/hrtrends\/#organization"},"potentialAction":{"@type":"SearchAction","target":"https:\/\/empresas.infoempleo.com\/hrtrends\/?s={search_term_string}","query-input":"required name=search_term_string"},"inLanguage":"es"},{"@type":"Organization","@id":"https:\/\/empresas.infoempleo.com\/hrtrends\/#organization","name":"Infoempleo","url":"https:\/\/www.infoempleo.com\/","logo":{"@type":"ImageObject","@id":"https:\/\/empresas.infoempleo.com\/hrtrends\/#logo","inLanguage":"es","url":"https:\/\/cdnazure.infoempleo.com\/infoempleo\/assets\/style\/gfx\/logo.svg","contentUrl":"https:\/\/cdnazure.infoempleo.com\/infoempleo\/assets\/style\/gfx\/logo.svg","width":150,"height":40,"caption":"Infoempleo"},"image":{"@id":"https:\/\/empresas.infoempleo.com\/hrtrends\/#logo"},"sameAs":["https:\/\/www.facebook.com\/Infoempleo","https:\/\/x.com\/infoempleo","http:\/\/instagram.com\/infoempleo\/","http:\/\/www.linkedin.com\/groups\/Empleo-Espa\u00f1a-Infoempleocom-111276","http:\/\/pinterest.com\/infoempleo\/"],"address":{"@type":"PostalAddress","addressLocality":"Madrid","postalCode":"28050","streetAddress":"Avenida de Burgos 114"},"brand":["Infoempleo"]},{"@type":"Person","@id":"https:\/\/empresas.infoempleo.com\/hrtrends\/#\/schema\/person\/67d3e276ffcc8b3ae0ebec816daf775a","name":"infoempleo","image":{"@type":"ImageObject","inLanguage":"es","@id":"https:\/\/empresas.infoempleo.com\/hrtrends\/#\/schema\/person\/image\/","url":"https:\/\/secure.gravatar.com\/avatar\/7b437777242fe67d2473c2a818da2344692d1ee91e91080ccffbd97bcd4a0975?s=96&d=mm&r=g","contentUrl":"https:\/\/secure.gravatar.com\/avatar\/7b437777242fe67d2473c2a818da2344692d1ee91e91080ccffbd97bcd4a0975?s=96&d=mm&r=g","caption":"infoempleo"},"url":"https:\/\/empresas.infoempleo.com\/hrtrends\/author\/infoempleo\/"}]}},"amp_enabled":true,"_links":{"self":[{"href":"https:\/\/empresas.infoempleo.com\/hrtrends\/wp-json\/wp\/v2\/posts\/6345","targetHints":{"allow":["GET"]}}],"collection":[{"href":"https:\/\/empresas.infoempleo.com\/hrtrends\/wp-json\/wp\/v2\/posts"}],"about":[{"href":"https:\/\/empresas.infoempleo.com\/hrtrends\/wp-json\/wp\/v2\/types\/post"}],"author":[{"embeddable":true,"href":"https:\/\/empresas.infoempleo.com\/hrtrends\/wp-json\/wp\/v2\/users\/72"}],"replies":[{"embeddable":true,"href":"https:\/\/empresas.infoempleo.com\/hrtrends\/wp-json\/wp\/v2\/comments?post=6345"}],"version-history":[{"count":0,"href":"https:\/\/empresas.infoempleo.com\/hrtrends\/wp-json\/wp\/v2\/posts\/6345\/revisions"}],"wp:featuredmedia":[{"embeddable":true,"href":"https:\/\/empresas.infoempleo.com\/hrtrends\/wp-json\/wp\/v2\/media\/29665"}],"wp:attachment":[{"href":"https:\/\/empresas.infoempleo.com\/hrtrends\/wp-json\/wp\/v2\/media?parent=6345"}],"wp:term":[{"taxonomy":"category","embeddable":true,"href":"https:\/\/empresas.infoempleo.com\/hrtrends\/wp-json\/wp\/v2\/categories?post=6345"},{"taxonomy":"post_tag","embeddable":true,"href":"https:\/\/empresas.infoempleo.com\/hrtrends\/wp-json\/wp\/v2\/tags?post=6345"}],"curies":[{"name":"wp","href":"https:\/\/api.w.org\/{rel}","templated":true}]}}