{"id":6185,"date":"2010-01-11T09:51:02","date_gmt":"2010-01-11T08:51:02","guid":{"rendered":"http:\/\/blog.infoempleo.com\/?p=6185"},"modified":"2023-03-13T19:32:10","modified_gmt":"2023-03-13T17:32:10","slug":"la-oferta-de-empleo-cualificado-volvio-a-caer-en-diciembre","status":"publish","type":"post","link":"https:\/\/empresas.infoempleo.com\/hrtrends\/la-oferta-de-empleo-cualificado-volvio-a-caer-en-diciembre\/","title":{"rendered":"La oferta de empleo cualificado volvi\u00f3 a caer en diciembre"},"content":{"rendered":"<p>Adem\u00e1s de con el rosc\u00f3n y con el chocolate, el pasado martes 5 de enero Espa\u00f1a merend\u00f3 con una sorpresa que no por previsible nos dej\u00f3 de amargar el dulce de las postrimer\u00edas de la Navidad; los nuevos datos del paro. <strong>El a\u00f1o de la crisis hab\u00eda acabado con 3.923.603 desempleados, un r\u00e9cord hist\u00f3rico<\/strong> que, a la espera del desarrollo de la Ley de Econom\u00eda Sotenible, no saborear\u00e1 importantes variaciones durante los pr\u00f3ximos meses.<\/p>\n<p>Al menos esa es la previsi\u00f3n que podemos hacer conforme a los resultados del \u00faltimo Term\u00f3metro Laboral que <a title=\"Web de Infoempleo.com\" href=\"https:\/\/www.infoempleo.com\/\" target=\"_blank\" rel=\"noopener\">Infoempleo<\/a> elabora mensualmente a partir de las ofertas registradas en medios impresos y digitales espa\u00f1oles. Seg\u00fan el estudio, <strong>ni la Navidad evit\u00f3 un nuevo descenso en la oferta de empleo cualificado, un 2,04%,<\/strong> que no ser\u00eda tan mala proporci\u00f3n de no ser porque en noviembre la b\u00fasqueda de profesionales se hab\u00eda recuperado en nada m\u00e1s y nada menos que un 14,5%. Con todo, y a la luz de los an\u00e1lisis realizados por este portal de empleo con anterioridad, podemos decir con bastante precauci\u00f3n que la ca\u00edda general se ha moderado con respecto a diciembre de 2008 y que el descenso interanual, que sigue siendo importante, se mantiene sin grandes altibajos.<\/p>\n<p>As\u00ed las cosas no es de extra\u00f1ar que los aspectos m\u00e1s destacados de esta radiograf\u00eda de la oferta de empleo cualificado en Espa\u00f1a no hayan variado desde hace meses. <strong>Catalu\u00f1a, Madrid y Pa\u00eds Vasco siguen siendo las comunidades aut\u00f3nomas que m\u00e1s se lanzan a la caza y captura del candidato.<\/strong> Nada que ver con a\u00f1os anteriores, cuando la terna estaba liderada por la capital \u2014sin ir m\u00e1s lejos, en diciembre de 2009, con m\u00e1s de una quinta parte de la oferta de empleo\u2014 y cuando las diferencias entre unas y otras regiones eran algo m\u00e1s que significativas. Ahora se reparten el escaso pastel restante Andaluc\u00eda, Castilla y Le\u00f3n, Valencia y una Galicia que empieza a peregrinar hacia los puestos medios de la tabla, algo parad\u00f3jico si tenemos en cuenta el extra que va a suponer durante los pr\u00f3ximos meses la celebraci\u00f3n del A\u00f1o Jacobeo.<\/p>\n<p>Castilla-La Mancha, Islas\u00a0Canarias, La Rioja, Islas Baleares y Extremadura pueden ver el lado de la botella como prefieran pero, al menos, han aumentado su peso relativo en la oferta con incrementos de hasta dos d\u00e9cimas porcentuales. La b\u00fasqueda de allende nuestras fronteras, sin embargo, vuelve a bajar y se queda en un 1,5%.<\/p>\n<p>\u00a0<\/p>\n<p style=\"text-align: center\">\n<p>\u00a0<\/p>\n<h3>Industrial y producci\u00f3n<\/h3>\n<p>El cambio m\u00e1s significativo en el pulso del mercado laboral espa\u00f1ol que hace Infoempleo ha sido el correspondiente a sectores.<strong> El movimiento navide\u00f1o no se ha dejado notar en la hosteler\u00eda o los servicios, que desaparecieron del \u2018ranking\u2019 de los empleadores hace ya tiempo<\/strong> \u2014y que a\u00fan en diciembre del a\u00f1o pasado daban algo de guerra\u2014, sino en consultor\u00eda, que recupera el liderazgo perdido desde hace muchos meses y que, en noviembre, lleg\u00f3 a alcanzar el sexto puesto.<\/p>\n<p>Alimentaci\u00f3n, bebidas y tabaco ha sido el sector m\u00e1s perjudicado por el ascenso anterior en la oferta de empleo, aunque en t\u00e9rminos relativos no ha perdido apenas fuerza, ya que sus directivos han buscado m\u00e1s profesionales que en octubre \u2014repitiendo el caso de Industria que, manteni\u00e9ndose en el segundo lugar, tambi\u00e9n ha aumentado su influencia en la oferta\u2014. Los dem\u00e1s \u00e1mbitos se mantienen en las b\u00fasquedas de profesionales a excepci\u00f3n del de la inform\u00e1tica, que desciende en cerca de cinco puestos, y de recursos energ\u00e9ticos, que recorta siete posiciones. \u00c9ste \u00faltimo nicho es una prueba m\u00e1s de que, m\u00e1s tarde o m\u00e1s temprano, algunas previsiones optimistas s\u00ed que se cumplen y que el de la energ\u00eda puede llegar a ser el mirlo blanco de la sostenibilidad que nos viene.<\/p>\n<p>Por otro lado, en el aspecto donde no hay que hacer excesivo esfuerzo para adivinar tendencias es en el funcional. La de comercial repite por en\u00e9sima vez como la m\u00e1s demandada en la oferta de empleo cualificada, si bien empieza a ceder algo de terreno a la de producci\u00f3n, que comienza a recuperarse junto con las \u00e1reas de servicios generales e inform\u00e1tica.<\/p>\n<p>\u00bfDiferencias con a\u00f1os anteriores? Los especialistas en gestionar a \u00e9stos y al resto de sus compa\u00f1eros ya no son noticia y, aunque las pol\u00edticas de gesti\u00f3n de personas empiecen a recuperar su fuerza, el mercado ya no busca a sus expertos, no al menos para cubrir las vacantes al efecto. Ahora, s\u00f3lo 2 de cada 10 piden especialistas en este \u00e1mbito, poco m\u00e1s que los curtidos en m\u00e1rketing \u2014funci\u00f3n que vuelve a descender\u2014 o en auditor\u00eda \u2014que se queda en un residual 0,25%\u2014.<strong>Eso s\u00ed, el volumen de ofertas que no especifican la funci\u00f3n que realizar\u00eda el candidato de ser admitido en el empleo, sigue increment\u00e1ndose,<\/strong> tanto o m\u00e1s que, por otro lado, lo hace la categor\u00eda de exportaci\u00f3n, una de las \u00e1reas a las que los expertos tambi\u00e9n apuntan hoy como las de mayor futuro en tiempos de crisis.<\/p>\n<p style=\"text-align: center\">\u00a0<\/p>\n<p>\u00a0<\/p>\n<h3>\u00bfResurge el \u2018back office\u2019?<\/h3>\n<p>Si al aumento en la b\u00fasqueda de profesionales cualificados para cubrir puestos de producci\u00f3n le unimos la otra gran novedad del Term\u00f3metro Laboral de diciembre, la del aumento del 32,84% al 36,54% en la oferta para perfiles t\u00e9cnicos, no hay otra que pensar que algo puede empezar a estar cambiando en el mercado laboral. Tambi\u00e9n con menos demanda de empleados \u2014de 40,07% a 36,47%\u2014 estos datos podr\u00edan ser un indicio de que la maquinaria empieza a moverse o, por lo pronto, se libera de la par\u00e1lisis que hab\u00eda sumido a las empresas, centradas en vender, y que hab\u00eda llevado a la calle a mucho personal de \u2018back office\u2019 [producci\u00f3n y soporte].<\/p>\n<p>Pero esta tendencia es s\u00f3lo buen prop\u00f3sito que se puede cumplir o no en los pr\u00f3ximos doce meses. <strong>De momento, lo que s\u00ed es real es otro incremento (un 1,4%) del paro con respecto a noviembre, o lo que es lo mismo pero suena peor: un 25% m\u00e1s de desempleados que hace un a\u00f1o.<\/strong> Proporci\u00f3n que a m\u00e1s de uno se le ha atragantado en el inicio de la peor cuesta de enero del siglo.<\/p>\n","protected":false},"excerpt":{"rendered":"<p>Aunque el ritmo de descenso se modera con respecto al a\u00f1o pasado, la b\u00fasqueda de profesionales baja un 2,07%. Consultor\u00eda recupera su liderazgo como el sector que m\u00e1s se lanza a la b\u00fasqueda en medios digitales e impresos.<\/p>\n","protected":false},"author":35,"featured_media":29665,"comment_status":"closed","ping_status":"open","sticky":false,"template":"","format":"standard","meta":{"footnotes":""},"categories":[3],"tags":[33,482,16,188],"class_list":["post-6185","post","type-post","status-publish","format-standard","has-post-thumbnail","hentry","category-actualidad","tag-desempleo","tag-infoempleo","tag-paro","tag-termometro-laboral"],"yoast_head":"<!-- This site is optimized with the Yoast SEO plugin v26.1.1 - https:\/\/yoast.com\/wordpress\/plugins\/seo\/ -->\n<title>La oferta de empleo cualificado volvi\u00f3 a caer en diciembre | HRTRENDS<\/title>\n<meta name=\"robots\" content=\"index, follow, max-snippet:-1, max-image-preview:large, max-video-preview:-1\" \/>\n<link rel=\"canonical\" href=\"https:\/\/empresas.infoempleo.com\/hrtrends\/la-oferta-de-empleo-cualificado-volvio-a-caer-en-diciembre\/\" \/>\n<meta property=\"og:locale\" content=\"es_ES\" \/>\n<meta property=\"og:type\" content=\"article\" \/>\n<meta property=\"og:title\" content=\"La oferta de empleo cualificado volvi\u00f3 a caer en diciembre | HRTRENDS\" \/>\n<meta property=\"og:description\" content=\"Aunque el ritmo de descenso se modera con respecto al a\u00f1o pasado, la b\u00fasqueda de profesionales baja un 2,07%. Consultor\u00eda recupera su liderazgo como el sector que m\u00e1s se lanza a la b\u00fasqueda en medios digitales e impresos.\" \/>\n<meta property=\"og:url\" content=\"https:\/\/empresas.infoempleo.com\/hrtrends\/la-oferta-de-empleo-cualificado-volvio-a-caer-en-diciembre\/\" \/>\n<meta property=\"og:site_name\" content=\"HRTRENDS\" \/>\n<meta property=\"article:publisher\" content=\"https:\/\/www.facebook.com\/Infoempleo\" \/>\n<meta property=\"article:published_time\" content=\"2010-01-11T08:51:02+00:00\" \/>\n<meta property=\"article:modified_time\" content=\"2023-03-13T17:32:10+00:00\" \/>\n<meta property=\"og:image\" content=\"https:\/\/empresas.infoempleo.com\/hrtrends\/media\/2017\/05\/pexels-photo-205508.jpg\" \/>\n\t<meta property=\"og:image:width\" content=\"1280\" \/>\n\t<meta property=\"og:image:height\" content=\"960\" \/>\n\t<meta property=\"og:image:type\" content=\"image\/jpeg\" \/>\n<meta name=\"author\" content=\"Laura de Cubas\" \/>\n<meta name=\"twitter:card\" content=\"summary_large_image\" \/>\n<meta name=\"twitter:creator\" content=\"@infoempleo\" \/>\n<meta name=\"twitter:site\" content=\"@infoempleo\" \/>\n<meta name=\"twitter:label1\" content=\"Escrito por\" \/>\n\t<meta name=\"twitter:data1\" content=\"Laura de Cubas\" \/>\n\t<meta name=\"twitter:label2\" content=\"Tiempo de lectura\" \/>\n\t<meta name=\"twitter:data2\" content=\"5 minutos\" \/>\n<script type=\"application\/ld+json\" class=\"yoast-schema-graph\">{\"@context\":\"https:\/\/schema.org\",\"@graph\":[{\"@type\":\"NewsArticle\",\"@id\":\"https:\/\/empresas.infoempleo.com\/hrtrends\/la-oferta-de-empleo-cualificado-volvio-a-caer-en-diciembre\/#article\",\"isPartOf\":{\"@id\":\"https:\/\/empresas.infoempleo.com\/hrtrends\/la-oferta-de-empleo-cualificado-volvio-a-caer-en-diciembre\/\"},\"author\":{\"name\":\"Laura de Cubas\",\"@id\":\"https:\/\/empresas.infoempleo.com\/hrtrends\/#\/schema\/person\/eee830fc2082cd3b52302e59ea0d2c05\"},\"headline\":\"La oferta de empleo cualificado volvi\u00f3 a caer en diciembre\",\"datePublished\":\"2010-01-11T08:51:02+00:00\",\"dateModified\":\"2023-03-13T17:32:10+00:00\",\"mainEntityOfPage\":{\"@id\":\"https:\/\/empresas.infoempleo.com\/hrtrends\/la-oferta-de-empleo-cualificado-volvio-a-caer-en-diciembre\/\"},\"wordCount\":1098,\"publisher\":{\"@id\":\"https:\/\/empresas.infoempleo.com\/hrtrends\/#organization\"},\"image\":{\"@id\":\"https:\/\/empresas.infoempleo.com\/hrtrends\/la-oferta-de-empleo-cualificado-volvio-a-caer-en-diciembre\/#primaryimage\"},\"thumbnailUrl\":\"https:\/\/empresas.infoempleo.com\/hrtrends\/media\/2017\/05\/pexels-photo-205508.jpg\",\"keywords\":[\"desempleo\",\"infoempleo\",\"paro\",\"term\u00f3metro laboral\"],\"articleSection\":[\"Actualidad\"],\"inLanguage\":\"es\",\"copyrightYear\":\"2010\",\"copyrightHolder\":{\"@id\":\"https:\/\/empresas.infoempleo.com\/hrtrends\/#organization\"}},{\"@type\":\"WebPage\",\"@id\":\"https:\/\/empresas.infoempleo.com\/hrtrends\/la-oferta-de-empleo-cualificado-volvio-a-caer-en-diciembre\/\",\"url\":\"https:\/\/empresas.infoempleo.com\/hrtrends\/la-oferta-de-empleo-cualificado-volvio-a-caer-en-diciembre\/\",\"name\":\"La oferta de empleo cualificado volvi\u00f3 a caer en diciembre | HRTRENDS\",\"isPartOf\":{\"@id\":\"https:\/\/empresas.infoempleo.com\/hrtrends\/#website\"},\"primaryImageOfPage\":{\"@id\":\"https:\/\/empresas.infoempleo.com\/hrtrends\/la-oferta-de-empleo-cualificado-volvio-a-caer-en-diciembre\/#primaryimage\"},\"image\":{\"@id\":\"https:\/\/empresas.infoempleo.com\/hrtrends\/la-oferta-de-empleo-cualificado-volvio-a-caer-en-diciembre\/#primaryimage\"},\"thumbnailUrl\":\"https:\/\/empresas.infoempleo.com\/hrtrends\/media\/2017\/05\/pexels-photo-205508.jpg\",\"datePublished\":\"2010-01-11T08:51:02+00:00\",\"dateModified\":\"2023-03-13T17:32:10+00:00\",\"breadcrumb\":{\"@id\":\"https:\/\/empresas.infoempleo.com\/hrtrends\/la-oferta-de-empleo-cualificado-volvio-a-caer-en-diciembre\/#breadcrumb\"},\"inLanguage\":\"es\",\"potentialAction\":[{\"@type\":\"ReadAction\",\"target\":[\"https:\/\/empresas.infoempleo.com\/hrtrends\/la-oferta-de-empleo-cualificado-volvio-a-caer-en-diciembre\/\"]}]},{\"@type\":\"ImageObject\",\"inLanguage\":\"es\",\"@id\":\"https:\/\/empresas.infoempleo.com\/hrtrends\/la-oferta-de-empleo-cualificado-volvio-a-caer-en-diciembre\/#primaryimage\",\"url\":\"https:\/\/empresas.infoempleo.com\/hrtrends\/media\/2017\/05\/pexels-photo-205508-150x150.jpg\",\"contentUrl\":\"https:\/\/empresas.infoempleo.com\/hrtrends\/media\/2017\/05\/pexels-photo-205508-150x150.jpg\",\"width\":150,\"height\":150},{\"@type\":\"BreadcrumbList\",\"@id\":\"https:\/\/empresas.infoempleo.com\/hrtrends\/la-oferta-de-empleo-cualificado-volvio-a-caer-en-diciembre\/#breadcrumb\",\"itemListElement\":[{\"@type\":\"ListItem\",\"position\":1,\"name\":\"Portada\",\"item\":\"https:\/\/empresas.infoempleo.com\/hrtrends\/\"},{\"@type\":\"ListItem\",\"position\":2,\"name\":\"La oferta de empleo cualificado volvi\u00f3 a caer en diciembre\"}]},{\"@type\":\"WebSite\",\"@id\":\"https:\/\/empresas.infoempleo.com\/hrtrends\/#website\",\"url\":\"https:\/\/empresas.infoempleo.com\/hrtrends\",\"name\":\"HRTrends by Infoempleo\",\"description\":\"\",\"publisher\":{\"@id\":\"https:\/\/empresas.infoempleo.com\/hrtrends\/#organization\"},\"potentialAction\":{\"@type\":\"SearchAction\",\"target\":\"https:\/\/empresas.infoempleo.com\/hrtrends\/?s={search_term_string}\",\"query-input\":\"required name=search_term_string\"},\"inLanguage\":\"es\"},{\"@type\":\"Organization\",\"@id\":\"https:\/\/empresas.infoempleo.com\/hrtrends\/#organization\",\"name\":\"Infoempleo\",\"url\":\"https:\/\/www.infoempleo.com\/\",\"logo\":{\"@type\":\"ImageObject\",\"@id\":\"https:\/\/empresas.infoempleo.com\/hrtrends\/#logo\",\"inLanguage\":\"es\",\"url\":\"https:\/\/cdnazure.infoempleo.com\/infoempleo\/assets\/style\/gfx\/logo.svg\",\"contentUrl\":\"https:\/\/cdnazure.infoempleo.com\/infoempleo\/assets\/style\/gfx\/logo.svg\",\"width\":150,\"height\":40,\"caption\":\"Infoempleo\"},\"image\":{\"@id\":\"https:\/\/empresas.infoempleo.com\/hrtrends\/#logo\"},\"sameAs\":[\"https:\/\/www.facebook.com\/Infoempleo\",\"https:\/\/x.com\/infoempleo\",\"http:\/\/instagram.com\/infoempleo\/\",\"http:\/\/www.linkedin.com\/groups\/Empleo-Espa\u00f1a-Infoempleocom-111276\",\"http:\/\/pinterest.com\/infoempleo\/\"],\"address\":{\"@type\":\"PostalAddress\",\"addressLocality\":\"Madrid\",\"postalCode\":\"28050\",\"streetAddress\":\"Avenida de Burgos 114\"},\"brand\":[\"Infoempleo\"]},{\"@type\":\"Person\",\"@id\":\"https:\/\/empresas.infoempleo.com\/hrtrends\/#\/schema\/person\/eee830fc2082cd3b52302e59ea0d2c05\",\"name\":\"Laura de Cubas\",\"image\":{\"@type\":\"ImageObject\",\"inLanguage\":\"es\",\"@id\":\"https:\/\/empresas.infoempleo.com\/hrtrends\/#\/schema\/person\/image\/\",\"url\":\"https:\/\/secure.gravatar.com\/avatar\/c13d88dcd67943e13f74372e711c3ba2accf296b195ba5dd59566bd5f5df94c8?s=96&d=mm&r=g\",\"contentUrl\":\"https:\/\/secure.gravatar.com\/avatar\/c13d88dcd67943e13f74372e711c3ba2accf296b195ba5dd59566bd5f5df94c8?s=96&d=mm&r=g\",\"caption\":\"Laura de Cubas\"},\"url\":\"https:\/\/empresas.infoempleo.com\/hrtrends\/author\/laura-de-cubas\/\"}]}<\/script>\n<!-- \/ Yoast SEO plugin. -->","yoast_head_json":{"title":"La oferta de empleo cualificado volvi\u00f3 a caer en diciembre | HRTRENDS","robots":{"index":"index","follow":"follow","max-snippet":"max-snippet:-1","max-image-preview":"max-image-preview:large","max-video-preview":"max-video-preview:-1"},"canonical":"https:\/\/empresas.infoempleo.com\/hrtrends\/la-oferta-de-empleo-cualificado-volvio-a-caer-en-diciembre\/","og_locale":"es_ES","og_type":"article","og_title":"La oferta de empleo cualificado volvi\u00f3 a caer en diciembre | HRTRENDS","og_description":"Aunque el ritmo de descenso se modera con respecto al a\u00f1o pasado, la b\u00fasqueda de profesionales baja un 2,07%. Consultor\u00eda recupera su liderazgo como el sector que m\u00e1s se lanza a la b\u00fasqueda en medios digitales e impresos.","og_url":"https:\/\/empresas.infoempleo.com\/hrtrends\/la-oferta-de-empleo-cualificado-volvio-a-caer-en-diciembre\/","og_site_name":"HRTRENDS","article_publisher":"https:\/\/www.facebook.com\/Infoempleo","article_published_time":"2010-01-11T08:51:02+00:00","article_modified_time":"2023-03-13T17:32:10+00:00","og_image":[{"width":1280,"height":960,"url":"https:\/\/empresas.infoempleo.com\/hrtrends\/media\/2017\/05\/pexels-photo-205508.jpg","type":"image\/jpeg"}],"author":"Laura de Cubas","twitter_card":"summary_large_image","twitter_creator":"@infoempleo","twitter_site":"@infoempleo","twitter_misc":{"Escrito por":"Laura de Cubas","Tiempo de lectura":"5 minutos"},"schema":{"@context":"https:\/\/schema.org","@graph":[{"@type":"NewsArticle","@id":"https:\/\/empresas.infoempleo.com\/hrtrends\/la-oferta-de-empleo-cualificado-volvio-a-caer-en-diciembre\/#article","isPartOf":{"@id":"https:\/\/empresas.infoempleo.com\/hrtrends\/la-oferta-de-empleo-cualificado-volvio-a-caer-en-diciembre\/"},"author":{"name":"Laura de Cubas","@id":"https:\/\/empresas.infoempleo.com\/hrtrends\/#\/schema\/person\/eee830fc2082cd3b52302e59ea0d2c05"},"headline":"La oferta de empleo cualificado volvi\u00f3 a caer en diciembre","datePublished":"2010-01-11T08:51:02+00:00","dateModified":"2023-03-13T17:32:10+00:00","mainEntityOfPage":{"@id":"https:\/\/empresas.infoempleo.com\/hrtrends\/la-oferta-de-empleo-cualificado-volvio-a-caer-en-diciembre\/"},"wordCount":1098,"publisher":{"@id":"https:\/\/empresas.infoempleo.com\/hrtrends\/#organization"},"image":{"@id":"https:\/\/empresas.infoempleo.com\/hrtrends\/la-oferta-de-empleo-cualificado-volvio-a-caer-en-diciembre\/#primaryimage"},"thumbnailUrl":"https:\/\/empresas.infoempleo.com\/hrtrends\/media\/2017\/05\/pexels-photo-205508.jpg","keywords":["desempleo","infoempleo","paro","term\u00f3metro laboral"],"articleSection":["Actualidad"],"inLanguage":"es","copyrightYear":"2010","copyrightHolder":{"@id":"https:\/\/empresas.infoempleo.com\/hrtrends\/#organization"}},{"@type":"WebPage","@id":"https:\/\/empresas.infoempleo.com\/hrtrends\/la-oferta-de-empleo-cualificado-volvio-a-caer-en-diciembre\/","url":"https:\/\/empresas.infoempleo.com\/hrtrends\/la-oferta-de-empleo-cualificado-volvio-a-caer-en-diciembre\/","name":"La oferta de empleo cualificado volvi\u00f3 a caer en diciembre | HRTRENDS","isPartOf":{"@id":"https:\/\/empresas.infoempleo.com\/hrtrends\/#website"},"primaryImageOfPage":{"@id":"https:\/\/empresas.infoempleo.com\/hrtrends\/la-oferta-de-empleo-cualificado-volvio-a-caer-en-diciembre\/#primaryimage"},"image":{"@id":"https:\/\/empresas.infoempleo.com\/hrtrends\/la-oferta-de-empleo-cualificado-volvio-a-caer-en-diciembre\/#primaryimage"},"thumbnailUrl":"https:\/\/empresas.infoempleo.com\/hrtrends\/media\/2017\/05\/pexels-photo-205508.jpg","datePublished":"2010-01-11T08:51:02+00:00","dateModified":"2023-03-13T17:32:10+00:00","breadcrumb":{"@id":"https:\/\/empresas.infoempleo.com\/hrtrends\/la-oferta-de-empleo-cualificado-volvio-a-caer-en-diciembre\/#breadcrumb"},"inLanguage":"es","potentialAction":[{"@type":"ReadAction","target":["https:\/\/empresas.infoempleo.com\/hrtrends\/la-oferta-de-empleo-cualificado-volvio-a-caer-en-diciembre\/"]}]},{"@type":"ImageObject","inLanguage":"es","@id":"https:\/\/empresas.infoempleo.com\/hrtrends\/la-oferta-de-empleo-cualificado-volvio-a-caer-en-diciembre\/#primaryimage","url":"https:\/\/empresas.infoempleo.com\/hrtrends\/media\/2017\/05\/pexels-photo-205508-150x150.jpg","contentUrl":"https:\/\/empresas.infoempleo.com\/hrtrends\/media\/2017\/05\/pexels-photo-205508-150x150.jpg","width":150,"height":150},{"@type":"BreadcrumbList","@id":"https:\/\/empresas.infoempleo.com\/hrtrends\/la-oferta-de-empleo-cualificado-volvio-a-caer-en-diciembre\/#breadcrumb","itemListElement":[{"@type":"ListItem","position":1,"name":"Portada","item":"https:\/\/empresas.infoempleo.com\/hrtrends\/"},{"@type":"ListItem","position":2,"name":"La oferta de empleo cualificado volvi\u00f3 a caer en diciembre"}]},{"@type":"WebSite","@id":"https:\/\/empresas.infoempleo.com\/hrtrends\/#website","url":"https:\/\/empresas.infoempleo.com\/hrtrends","name":"HRTrends by Infoempleo","description":"","publisher":{"@id":"https:\/\/empresas.infoempleo.com\/hrtrends\/#organization"},"potentialAction":{"@type":"SearchAction","target":"https:\/\/empresas.infoempleo.com\/hrtrends\/?s={search_term_string}","query-input":"required name=search_term_string"},"inLanguage":"es"},{"@type":"Organization","@id":"https:\/\/empresas.infoempleo.com\/hrtrends\/#organization","name":"Infoempleo","url":"https:\/\/www.infoempleo.com\/","logo":{"@type":"ImageObject","@id":"https:\/\/empresas.infoempleo.com\/hrtrends\/#logo","inLanguage":"es","url":"https:\/\/cdnazure.infoempleo.com\/infoempleo\/assets\/style\/gfx\/logo.svg","contentUrl":"https:\/\/cdnazure.infoempleo.com\/infoempleo\/assets\/style\/gfx\/logo.svg","width":150,"height":40,"caption":"Infoempleo"},"image":{"@id":"https:\/\/empresas.infoempleo.com\/hrtrends\/#logo"},"sameAs":["https:\/\/www.facebook.com\/Infoempleo","https:\/\/x.com\/infoempleo","http:\/\/instagram.com\/infoempleo\/","http:\/\/www.linkedin.com\/groups\/Empleo-Espa\u00f1a-Infoempleocom-111276","http:\/\/pinterest.com\/infoempleo\/"],"address":{"@type":"PostalAddress","addressLocality":"Madrid","postalCode":"28050","streetAddress":"Avenida de Burgos 114"},"brand":["Infoempleo"]},{"@type":"Person","@id":"https:\/\/empresas.infoempleo.com\/hrtrends\/#\/schema\/person\/eee830fc2082cd3b52302e59ea0d2c05","name":"Laura de Cubas","image":{"@type":"ImageObject","inLanguage":"es","@id":"https:\/\/empresas.infoempleo.com\/hrtrends\/#\/schema\/person\/image\/","url":"https:\/\/secure.gravatar.com\/avatar\/c13d88dcd67943e13f74372e711c3ba2accf296b195ba5dd59566bd5f5df94c8?s=96&d=mm&r=g","contentUrl":"https:\/\/secure.gravatar.com\/avatar\/c13d88dcd67943e13f74372e711c3ba2accf296b195ba5dd59566bd5f5df94c8?s=96&d=mm&r=g","caption":"Laura de Cubas"},"url":"https:\/\/empresas.infoempleo.com\/hrtrends\/author\/laura-de-cubas\/"}]}},"amp_enabled":true,"_links":{"self":[{"href":"https:\/\/empresas.infoempleo.com\/hrtrends\/wp-json\/wp\/v2\/posts\/6185","targetHints":{"allow":["GET"]}}],"collection":[{"href":"https:\/\/empresas.infoempleo.com\/hrtrends\/wp-json\/wp\/v2\/posts"}],"about":[{"href":"https:\/\/empresas.infoempleo.com\/hrtrends\/wp-json\/wp\/v2\/types\/post"}],"author":[{"embeddable":true,"href":"https:\/\/empresas.infoempleo.com\/hrtrends\/wp-json\/wp\/v2\/users\/35"}],"replies":[{"embeddable":true,"href":"https:\/\/empresas.infoempleo.com\/hrtrends\/wp-json\/wp\/v2\/comments?post=6185"}],"version-history":[{"count":3,"href":"https:\/\/empresas.infoempleo.com\/hrtrends\/wp-json\/wp\/v2\/posts\/6185\/revisions"}],"predecessor-version":[{"id":43343,"href":"https:\/\/empresas.infoempleo.com\/hrtrends\/wp-json\/wp\/v2\/posts\/6185\/revisions\/43343"}],"wp:featuredmedia":[{"embeddable":true,"href":"https:\/\/empresas.infoempleo.com\/hrtrends\/wp-json\/wp\/v2\/media\/29665"}],"wp:attachment":[{"href":"https:\/\/empresas.infoempleo.com\/hrtrends\/wp-json\/wp\/v2\/media?parent=6185"}],"wp:term":[{"taxonomy":"category","embeddable":true,"href":"https:\/\/empresas.infoempleo.com\/hrtrends\/wp-json\/wp\/v2\/categories?post=6185"},{"taxonomy":"post_tag","embeddable":true,"href":"https:\/\/empresas.infoempleo.com\/hrtrends\/wp-json\/wp\/v2\/tags?post=6185"}],"curies":[{"name":"wp","href":"https:\/\/api.w.org\/{rel}","templated":true}]}}