{"id":6115,"date":"2010-01-04T10:00:02","date_gmt":"2010-01-04T09:00:02","guid":{"rendered":"http:\/\/blog.infoempleo.com\/?p=6115"},"modified":"2018-05-23T17:58:51","modified_gmt":"2018-05-23T15:58:51","slug":"la-crisis-empana-el-descenso-en-la-siniestralidad-laboral","status":"publish","type":"post","link":"https:\/\/empresas.infoempleo.com\/hrtrends\/la-crisis-empana-el-descenso-en-la-siniestralidad-laboral\/","title":{"rendered":"La crisis empa\u00f1a el descenso en la siniestralidad laboral"},"content":{"rendered":"<p>Depende del informe, del autor y del destinatario, pero si hay algo en lo que todos coinciden es en que los \u00faltimos datos sobre siniestralidad registran una clara tendencia a la baja. Al menos, los que el Ministerio de Trabajo e Inmigraci\u00f3n publicaba el pasado mes de noviembre no dejan lugar a duda: <strong>la ca\u00edda del \u00edndice de incidencia de los accidentes de trabajo en Espa\u00f1a entre octubre de 2009 y octubre de 2008 fue de un 23,7% con respecto al mismo periodo del a\u00f1o anterior.<\/strong> Tampoco hubo categor\u00eda de gravedad o sector en el que el saldo absoluto se situara por encima de los diez puntos negativos (agrario, -11,3%; industria, -31,5%; construcci\u00f3n, -41,1%, y servicios, -18,4%). \u00bfCabr\u00eda, como en todo, diferentes lecturas?<\/p>\n<p>Desde la perspectiva de Concepci\u00f3n Pascual, directora del <a title=\"Web del INSHT\" href=\"https:\/\/www.insst.es\/\" target=\"_blank\">Instituto Nacional de Seguridad e Higiene en el Trabajo<\/a>, la respuesta es no, porque estos resultados son fruto de \u00abla labor de prevenci\u00f3n que empresas, trabajadores y administraciones llevan haciendo desde 2000 y que este a\u00f1o se ha acentuado considerablemente\u00bb. Un incremento \u00abespecial\u00bb debido \u00abal buen hacer de todos y, en cierta medida, a la ca\u00edda del empleo derivada de la crisis\u00bb. Para Vicente Aparicio, subdirector general de la mutua de accidentes Asepeyo, esta \u00faltima afirmaci\u00f3n no ocupa tal segundo lugar, siquiera aparece como causa plausible de la bajada de la mortalidad, que se ha a reducido a la tercera parte desde aquel fat\u00eddico 2000 que comentaba Pascual. \u00abSi hablamos de baja m\u00e9dica, hemos pasado del 9,61% al 5,26% en menos de una d\u00e9cada\u00bb, puntualiza.<\/p>\n<h3>Del absoluto al \u00edndice<\/h3>\n<p>Del otro lado de la prevenci\u00f3n, Aparicio insiste en la buena noticia que supone el hecho de que los colectivos con mayor siniestralidad hayan disminuido el \u00edndice de incidencia en sus centros \u2014\u00bbun 16,26%, la construcci\u00f3n; un 25,28%, la industria manufacturera, y un 17,88%, el comercio\u00bb\u2014 y recalca en que \u00e9ste \u00absiempre mide el n\u00famero de accidentes con respecto a cada 100.000 trabajadores, independientemente del de ocupados\u00bb.<\/p>\n<p>Y es que esta es la manzana de la discordia entre los que ven el vaso medio vac\u00edo y los que lo ven medio lleno. Los sindicatos, especialmente aquellos dedicados a los colectivos que registran ese importante descenso de siniestralidad sobre el papel, difieren en gran medida de las anteriores interpretaciones. \u00abHay menos accidentes porque trabajan menos personas\u00bb, comenta Manuel Fern\u00e1ndez Lito, secretario general de la Federaci\u00f3n Estatal de Metal, Construcci\u00f3n y Afines de UGT, para el que, pese al descenso en la siniestralidad de la construcci\u00f3n \u2014influido por la p\u00e9rdida del 24% de los empleos\u2014, este sector sigue necesitando de intervenci\u00f3n urgente: \u00abSe accidentan mil trabajadores al d\u00eda y uno de cada tres que muere durante el desempe\u00f1o de su labor pertenece a este sector\u00bb. La crisis, en su opini\u00f3n, tambi\u00e9n maquilla la cifra desde otros aspectos, como el de las declaraciones de baja, que se han reducido debido \u00abal miedo a que se prescinda del trabajador en un campo en el que el contrato por obra y servicio puede justificar cualquier despido\u00bb, o el de la vigilancia de la salud: \u00abDurante los nueve primeros meses de 2009 se declar\u00f3 un total de 12.390 enfermedades profesionales, un 14% menos que en 2008, debido, en muchos casos, a que \u00e9stas son calificadas de accidentes o de enfermedades comunes\u00bb.<\/p>\n<p>En Asepeyo s\u00ed que coinciden en este punto. Al menos, su subdirector, Vicente Aparicio, que afirma que, en su caso, \u00abm\u00e1s de la mitad de la facturaci\u00f3n de la mutua viene de este apartado concreto\u00bb. Esta proporci\u00f3n, refuta la opini\u00f3n de Fern\u00e1ndez Lito, quien reconoce la labor de prevenci\u00f3n de la Administraci\u00f3n, pero apunta que se precisa m\u00e1s vigilancia en todos los frenes. Desde la que se origina en el centro de trabajo \u2014\u00bbformaci\u00f3n, conocimiento del medio y prevenci\u00f3n antes y durante\u00bb\u2014 hasta la que supervisa el desarrollo de las leyes. \u00abS\u00f3lo as\u00ed se fortalecer\u00e1 el papel de los interlocutores sociales y la implicaci\u00f3n de empresarios y trabajadores, y se otorgar\u00e1 el protagonismo al Di\u00e1logo Social y a la negociaci\u00f3n colectiva\u00bb, concluye mientras recuerda la convivencia de incrementar los recursos econ\u00f3micos y humanos necesarios a tal efecto.<\/p>\n<p>El Instituto Nacional de Seguridad e Higiene en el Trabajo tiene presente dichas peticiones e insiste, a trav\u00e9s de Concepci\u00f3n Pascual, en que el calendario previsto hasta 2011 va a buen ritmo. Su prioridad gen\u00e9rica es \u00abcrear los instrumentos, actuaciones de difusi\u00f3n, investigaci\u00f3n y prevenci\u00f3n que lleguen al ciudadano, al empresario y al trabajador\u00bb, y la formal, este a\u00f1o, \u00abmodificar los servicios de prevenci\u00f3n para dotarles de mayor calidad, reducir los accidentes laborales de tr\u00e1fico y poner en marcha el asesoramiento p\u00fablico al microempresario con menos de diez trabajadores en peluquer\u00edas y oficinas\u00bb. Dif\u00edcil asignatura para 2010 si tenemos en cuenta que la calidad y los accidentes de tr\u00e1fico y de aut\u00f3nomos son dif\u00edciles de cuantificar en estad\u00edsticas. Las mismas en las que todav\u00eda seguimos sin ponernos de acuerdo, pese a su descenso.<\/p>\n<h3>Los aut\u00f3nomos y el dif\u00edcil camino hacia la prevenci\u00f3n<\/h3>\n<p>Ni en la prevenci\u00f3n ni en la evaluaci\u00f3n de resultados. Los aut\u00f3nomos se enfrentan a serias dificultades desde el origen hasta el desenlace del riesgo laboral que, en su caso, se incrementa debido a las circunstancias que a menudo rodean su trabajo. En la prevenci\u00f3n, la complicaci\u00f3n asoma entre el abismo que separa al aut\u00f3nomo que trabaja solo, que apenas tiene cubiertas sus contingencias profesionales \u2014se el calcula que lo hace entre el 10 y el 12% \u2014, y el que tiene unos pocos empleados: \u00ab\u00c9ste \u00faltimo debe velar por sus trabajadores como lo har\u00eda El Corte Ingl\u00e9s, y eso es imposible\u00bb, recalca Vicente Aparicio, subdirector de Asepeyo.<\/p>\n<p>\u00abEsta situaci\u00f3n se debe a que las leyes son aprobadas por sindicatos, Administraci\u00f3n y patronal \u2014contin\u00faa Jos\u00e9 Luis Perea, responsable de Siniestralidad Laboral de la Federaci\u00f3n de Aut\u00f3nomos ATA\u2014. Ha sido un descuido horroroso que se ha intentado paliar con el art\u00edculo 8 del Estatuto del Trabajador Aut\u00f3nomo\u00bb. Perea explica que este colectivo est\u00e1 al margen de la Ley de Prevenci\u00f3n de Riesgos Laborales [que s\u00f3lo los menciona en su art\u00edculo 3] y que la labor realizada hasta ahora no tiene que ser s\u00f3lo de vigilancia, sino tambi\u00e9n de promoci\u00f3n y sensibilizaci\u00f3n, la mayor diferencia en este campo entre unos y otros trabajadores, para los que un accidente o enfermedad puede significar el fin de su carrera o empresa.<\/p>\n<p>V\u00edctor Delegado, presidente de la Asociaci\u00f3n Espa\u00f1ola Multisectorial de Microempresas, insiste en este aspecto y recuerda a la Administraci\u00f3n, desde el plan econ\u00f3mico solidario que acaba de presentar para este colectivo, que es necesaria la adaptaci\u00f3n de los costes de prevenci\u00f3n: \u00abAs\u00ed, los microempresarios podr\u00edan ver en ella un verdadero beneficio y no un gasto y una p\u00e9rdida de tiempo\u00bb. \u00abNo debemos olvidar que este sector genera un 70% del empleo total y que est\u00e1 sin resolver\u00bb, a\u00f1ade.<\/p>\n<p>En el otro extremo, el de las estad\u00edsticas, el hecho de que salvo los trabajadores econ\u00f3micamente dependientes no tengan obligaci\u00f3n de cubrir las contingencias profesionales, lleva a un vac\u00edo muy importante en el registro de accidentes y enfermedades. \u00abLa Administraci\u00f3n nos tildaba de exagerados y la primera y \u00fanica vez que midieron este aspecto [en 2007] vieron que incluso nos hab\u00edamos quedado cortos\u00bb, comentan desde ATA, donde reconocen que el \u00edndice de siniestralidad es tres veces menor entre los aut\u00f3nomos.<\/p>\n<h3>El 87% de las trabajadoras por cuenta propia padece problemas musculares<\/h3>\n<p>Construcci\u00f3n y transporte son los \u00e1mbitos en los que m\u00e1s se ceba la siniestralidad, y la falta de estad\u00edstica real, entre los aut\u00f3nomos \u2014UPTA y ATA publicaban en 2008 sendos informes en los que se pon\u00eda de manifiesto la escasa vigilancia de la seguridad y el aumento en los trastornos musculares\u2014. Sin embargo, m\u00e1s olvidados que ellos est\u00e1n ellas, que llegaron al mill\u00f3n el pasado octubre. Seg\u00fan un estudio de ATA, las mujeres aut\u00f3nomas espa\u00f1olas s\u00f3lo tienen cubiertas sus contingencias en un 10%, pese a que, de cada diez, nueve dicen sufrir contracturas; siete, cervialgias y, la mitad, lumbalgias. La principal raz\u00f3n, seg\u00fan los autores, \u00ablas dificultades en la conciliaci\u00f3n\u00bb.<\/p>\n","protected":false},"excerpt":{"rendered":"<p>Depende del informe, del autor y del destinatario, pero si hay algo en lo que todos coinciden es<a class=\"moretag\" href=\"https:\/\/empresas.infoempleo.com\/hrtrends\/la-crisis-empana-el-descenso-en-la-siniestralidad-laboral\/\"> Leer m\u00e1s<\/a><\/p>\n","protected":false},"author":35,"featured_media":29665,"comment_status":"closed","ping_status":"open","sticky":false,"template":"","format":"standard","meta":{"footnotes":""},"categories":[3],"tags":[],"class_list":["post-6115","post","type-post","status-publish","format-standard","has-post-thumbnail","hentry","category-actualidad"],"yoast_head":"<!-- This site is optimized with the Yoast SEO plugin v26.1.1 - https:\/\/yoast.com\/wordpress\/plugins\/seo\/ -->\n<title>La crisis empa\u00f1a el descenso en la siniestralidad laboral | HRTRENDS<\/title>\n<meta name=\"robots\" content=\"index, follow, max-snippet:-1, max-image-preview:large, max-video-preview:-1\" \/>\n<link rel=\"canonical\" href=\"https:\/\/empresas.infoempleo.com\/hrtrends\/la-crisis-empana-el-descenso-en-la-siniestralidad-laboral\/\" \/>\n<meta property=\"og:locale\" content=\"es_ES\" \/>\n<meta property=\"og:type\" content=\"article\" \/>\n<meta property=\"og:title\" content=\"La crisis empa\u00f1a el descenso en la siniestralidad laboral | HRTRENDS\" \/>\n<meta property=\"og:description\" content=\"Depende del informe, del autor y del destinatario, pero si hay algo en lo que todos coinciden es Leer m\u00e1s\" \/>\n<meta property=\"og:url\" content=\"https:\/\/empresas.infoempleo.com\/hrtrends\/la-crisis-empana-el-descenso-en-la-siniestralidad-laboral\/\" \/>\n<meta property=\"og:site_name\" content=\"HRTRENDS\" \/>\n<meta property=\"article:publisher\" content=\"https:\/\/www.facebook.com\/Infoempleo\" \/>\n<meta property=\"article:published_time\" content=\"2010-01-04T09:00:02+00:00\" \/>\n<meta property=\"article:modified_time\" content=\"2018-05-23T15:58:51+00:00\" \/>\n<meta property=\"og:image\" content=\"https:\/\/empresas.infoempleo.com\/hrtrends\/media\/2017\/05\/pexels-photo-205508.jpg\" \/>\n\t<meta property=\"og:image:width\" content=\"1280\" \/>\n\t<meta property=\"og:image:height\" content=\"960\" \/>\n\t<meta property=\"og:image:type\" content=\"image\/jpeg\" \/>\n<meta name=\"author\" content=\"Laura de Cubas\" \/>\n<meta name=\"twitter:card\" content=\"summary_large_image\" \/>\n<meta name=\"twitter:creator\" content=\"@infoempleo\" \/>\n<meta name=\"twitter:site\" content=\"@infoempleo\" \/>\n<meta name=\"twitter:label1\" content=\"Escrito por\" \/>\n\t<meta name=\"twitter:data1\" content=\"Laura de Cubas\" \/>\n\t<meta name=\"twitter:label2\" content=\"Tiempo de lectura\" \/>\n\t<meta name=\"twitter:data2\" content=\"7 minutos\" \/>\n<script type=\"application\/ld+json\" class=\"yoast-schema-graph\">{\"@context\":\"https:\/\/schema.org\",\"@graph\":[{\"@type\":\"NewsArticle\",\"@id\":\"https:\/\/empresas.infoempleo.com\/hrtrends\/la-crisis-empana-el-descenso-en-la-siniestralidad-laboral\/#article\",\"isPartOf\":{\"@id\":\"https:\/\/empresas.infoempleo.com\/hrtrends\/la-crisis-empana-el-descenso-en-la-siniestralidad-laboral\/\"},\"author\":{\"name\":\"Laura de Cubas\",\"@id\":\"https:\/\/empresas.infoempleo.com\/hrtrends\/#\/schema\/person\/eee830fc2082cd3b52302e59ea0d2c05\"},\"headline\":\"La crisis empa\u00f1a el descenso en la siniestralidad laboral\",\"datePublished\":\"2010-01-04T09:00:02+00:00\",\"dateModified\":\"2018-05-23T15:58:51+00:00\",\"mainEntityOfPage\":{\"@id\":\"https:\/\/empresas.infoempleo.com\/hrtrends\/la-crisis-empana-el-descenso-en-la-siniestralidad-laboral\/\"},\"wordCount\":1430,\"publisher\":{\"@id\":\"https:\/\/empresas.infoempleo.com\/hrtrends\/#organization\"},\"image\":{\"@id\":\"https:\/\/empresas.infoempleo.com\/hrtrends\/la-crisis-empana-el-descenso-en-la-siniestralidad-laboral\/#primaryimage\"},\"thumbnailUrl\":\"https:\/\/empresas.infoempleo.com\/hrtrends\/media\/2017\/05\/pexels-photo-205508.jpg\",\"articleSection\":[\"Actualidad\"],\"inLanguage\":\"es\",\"copyrightYear\":\"2010\",\"copyrightHolder\":{\"@id\":\"https:\/\/empresas.infoempleo.com\/hrtrends\/#organization\"}},{\"@type\":\"WebPage\",\"@id\":\"https:\/\/empresas.infoempleo.com\/hrtrends\/la-crisis-empana-el-descenso-en-la-siniestralidad-laboral\/\",\"url\":\"https:\/\/empresas.infoempleo.com\/hrtrends\/la-crisis-empana-el-descenso-en-la-siniestralidad-laboral\/\",\"name\":\"La crisis empa\u00f1a el descenso en la siniestralidad laboral | HRTRENDS\",\"isPartOf\":{\"@id\":\"https:\/\/empresas.infoempleo.com\/hrtrends\/#website\"},\"primaryImageOfPage\":{\"@id\":\"https:\/\/empresas.infoempleo.com\/hrtrends\/la-crisis-empana-el-descenso-en-la-siniestralidad-laboral\/#primaryimage\"},\"image\":{\"@id\":\"https:\/\/empresas.infoempleo.com\/hrtrends\/la-crisis-empana-el-descenso-en-la-siniestralidad-laboral\/#primaryimage\"},\"thumbnailUrl\":\"https:\/\/empresas.infoempleo.com\/hrtrends\/media\/2017\/05\/pexels-photo-205508.jpg\",\"datePublished\":\"2010-01-04T09:00:02+00:00\",\"dateModified\":\"2018-05-23T15:58:51+00:00\",\"breadcrumb\":{\"@id\":\"https:\/\/empresas.infoempleo.com\/hrtrends\/la-crisis-empana-el-descenso-en-la-siniestralidad-laboral\/#breadcrumb\"},\"inLanguage\":\"es\",\"potentialAction\":[{\"@type\":\"ReadAction\",\"target\":[\"https:\/\/empresas.infoempleo.com\/hrtrends\/la-crisis-empana-el-descenso-en-la-siniestralidad-laboral\/\"]}]},{\"@type\":\"ImageObject\",\"inLanguage\":\"es\",\"@id\":\"https:\/\/empresas.infoempleo.com\/hrtrends\/la-crisis-empana-el-descenso-en-la-siniestralidad-laboral\/#primaryimage\",\"url\":\"https:\/\/empresas.infoempleo.com\/hrtrends\/media\/2017\/05\/pexels-photo-205508-150x150.jpg\",\"contentUrl\":\"https:\/\/empresas.infoempleo.com\/hrtrends\/media\/2017\/05\/pexels-photo-205508-150x150.jpg\",\"width\":150,\"height\":150},{\"@type\":\"BreadcrumbList\",\"@id\":\"https:\/\/empresas.infoempleo.com\/hrtrends\/la-crisis-empana-el-descenso-en-la-siniestralidad-laboral\/#breadcrumb\",\"itemListElement\":[{\"@type\":\"ListItem\",\"position\":1,\"name\":\"Portada\",\"item\":\"https:\/\/empresas.infoempleo.com\/hrtrends\/\"},{\"@type\":\"ListItem\",\"position\":2,\"name\":\"La crisis empa\u00f1a el descenso en la siniestralidad laboral\"}]},{\"@type\":\"WebSite\",\"@id\":\"https:\/\/empresas.infoempleo.com\/hrtrends\/#website\",\"url\":\"https:\/\/empresas.infoempleo.com\/hrtrends\",\"name\":\"HRTrends by Infoempleo\",\"description\":\"\",\"publisher\":{\"@id\":\"https:\/\/empresas.infoempleo.com\/hrtrends\/#organization\"},\"potentialAction\":{\"@type\":\"SearchAction\",\"target\":\"https:\/\/empresas.infoempleo.com\/hrtrends\/?s={search_term_string}\",\"query-input\":\"required name=search_term_string\"},\"inLanguage\":\"es\"},{\"@type\":\"Organization\",\"@id\":\"https:\/\/empresas.infoempleo.com\/hrtrends\/#organization\",\"name\":\"Infoempleo\",\"url\":\"https:\/\/www.infoempleo.com\/\",\"logo\":{\"@type\":\"ImageObject\",\"@id\":\"https:\/\/empresas.infoempleo.com\/hrtrends\/#logo\",\"inLanguage\":\"es\",\"url\":\"https:\/\/cdnazure.infoempleo.com\/infoempleo\/assets\/style\/gfx\/logo.svg\",\"contentUrl\":\"https:\/\/cdnazure.infoempleo.com\/infoempleo\/assets\/style\/gfx\/logo.svg\",\"width\":150,\"height\":40,\"caption\":\"Infoempleo\"},\"image\":{\"@id\":\"https:\/\/empresas.infoempleo.com\/hrtrends\/#logo\"},\"sameAs\":[\"https:\/\/www.facebook.com\/Infoempleo\",\"https:\/\/x.com\/infoempleo\",\"http:\/\/instagram.com\/infoempleo\/\",\"http:\/\/www.linkedin.com\/groups\/Empleo-Espa\u00f1a-Infoempleocom-111276\",\"http:\/\/pinterest.com\/infoempleo\/\"],\"address\":{\"@type\":\"PostalAddress\",\"addressLocality\":\"Madrid\",\"postalCode\":\"28050\",\"streetAddress\":\"Avenida de Burgos 114\"},\"brand\":[\"Infoempleo\"]},{\"@type\":\"Person\",\"@id\":\"https:\/\/empresas.infoempleo.com\/hrtrends\/#\/schema\/person\/eee830fc2082cd3b52302e59ea0d2c05\",\"name\":\"Laura de Cubas\",\"image\":{\"@type\":\"ImageObject\",\"inLanguage\":\"es\",\"@id\":\"https:\/\/empresas.infoempleo.com\/hrtrends\/#\/schema\/person\/image\/\",\"url\":\"https:\/\/secure.gravatar.com\/avatar\/c13d88dcd67943e13f74372e711c3ba2accf296b195ba5dd59566bd5f5df94c8?s=96&d=mm&r=g\",\"contentUrl\":\"https:\/\/secure.gravatar.com\/avatar\/c13d88dcd67943e13f74372e711c3ba2accf296b195ba5dd59566bd5f5df94c8?s=96&d=mm&r=g\",\"caption\":\"Laura de Cubas\"},\"url\":\"https:\/\/empresas.infoempleo.com\/hrtrends\/author\/laura-de-cubas\/\"}]}<\/script>\n<!-- \/ Yoast SEO plugin. -->","yoast_head_json":{"title":"La crisis empa\u00f1a el descenso en la siniestralidad laboral | HRTRENDS","robots":{"index":"index","follow":"follow","max-snippet":"max-snippet:-1","max-image-preview":"max-image-preview:large","max-video-preview":"max-video-preview:-1"},"canonical":"https:\/\/empresas.infoempleo.com\/hrtrends\/la-crisis-empana-el-descenso-en-la-siniestralidad-laboral\/","og_locale":"es_ES","og_type":"article","og_title":"La crisis empa\u00f1a el descenso en la siniestralidad laboral | HRTRENDS","og_description":"Depende del informe, del autor y del destinatario, pero si hay algo en lo que todos coinciden es Leer m\u00e1s","og_url":"https:\/\/empresas.infoempleo.com\/hrtrends\/la-crisis-empana-el-descenso-en-la-siniestralidad-laboral\/","og_site_name":"HRTRENDS","article_publisher":"https:\/\/www.facebook.com\/Infoempleo","article_published_time":"2010-01-04T09:00:02+00:00","article_modified_time":"2018-05-23T15:58:51+00:00","og_image":[{"width":1280,"height":960,"url":"https:\/\/empresas.infoempleo.com\/hrtrends\/media\/2017\/05\/pexels-photo-205508.jpg","type":"image\/jpeg"}],"author":"Laura de Cubas","twitter_card":"summary_large_image","twitter_creator":"@infoempleo","twitter_site":"@infoempleo","twitter_misc":{"Escrito por":"Laura de Cubas","Tiempo de lectura":"7 minutos"},"schema":{"@context":"https:\/\/schema.org","@graph":[{"@type":"NewsArticle","@id":"https:\/\/empresas.infoempleo.com\/hrtrends\/la-crisis-empana-el-descenso-en-la-siniestralidad-laboral\/#article","isPartOf":{"@id":"https:\/\/empresas.infoempleo.com\/hrtrends\/la-crisis-empana-el-descenso-en-la-siniestralidad-laboral\/"},"author":{"name":"Laura de Cubas","@id":"https:\/\/empresas.infoempleo.com\/hrtrends\/#\/schema\/person\/eee830fc2082cd3b52302e59ea0d2c05"},"headline":"La crisis empa\u00f1a el descenso en la siniestralidad laboral","datePublished":"2010-01-04T09:00:02+00:00","dateModified":"2018-05-23T15:58:51+00:00","mainEntityOfPage":{"@id":"https:\/\/empresas.infoempleo.com\/hrtrends\/la-crisis-empana-el-descenso-en-la-siniestralidad-laboral\/"},"wordCount":1430,"publisher":{"@id":"https:\/\/empresas.infoempleo.com\/hrtrends\/#organization"},"image":{"@id":"https:\/\/empresas.infoempleo.com\/hrtrends\/la-crisis-empana-el-descenso-en-la-siniestralidad-laboral\/#primaryimage"},"thumbnailUrl":"https:\/\/empresas.infoempleo.com\/hrtrends\/media\/2017\/05\/pexels-photo-205508.jpg","articleSection":["Actualidad"],"inLanguage":"es","copyrightYear":"2010","copyrightHolder":{"@id":"https:\/\/empresas.infoempleo.com\/hrtrends\/#organization"}},{"@type":"WebPage","@id":"https:\/\/empresas.infoempleo.com\/hrtrends\/la-crisis-empana-el-descenso-en-la-siniestralidad-laboral\/","url":"https:\/\/empresas.infoempleo.com\/hrtrends\/la-crisis-empana-el-descenso-en-la-siniestralidad-laboral\/","name":"La crisis empa\u00f1a el descenso en la siniestralidad laboral | HRTRENDS","isPartOf":{"@id":"https:\/\/empresas.infoempleo.com\/hrtrends\/#website"},"primaryImageOfPage":{"@id":"https:\/\/empresas.infoempleo.com\/hrtrends\/la-crisis-empana-el-descenso-en-la-siniestralidad-laboral\/#primaryimage"},"image":{"@id":"https:\/\/empresas.infoempleo.com\/hrtrends\/la-crisis-empana-el-descenso-en-la-siniestralidad-laboral\/#primaryimage"},"thumbnailUrl":"https:\/\/empresas.infoempleo.com\/hrtrends\/media\/2017\/05\/pexels-photo-205508.jpg","datePublished":"2010-01-04T09:00:02+00:00","dateModified":"2018-05-23T15:58:51+00:00","breadcrumb":{"@id":"https:\/\/empresas.infoempleo.com\/hrtrends\/la-crisis-empana-el-descenso-en-la-siniestralidad-laboral\/#breadcrumb"},"inLanguage":"es","potentialAction":[{"@type":"ReadAction","target":["https:\/\/empresas.infoempleo.com\/hrtrends\/la-crisis-empana-el-descenso-en-la-siniestralidad-laboral\/"]}]},{"@type":"ImageObject","inLanguage":"es","@id":"https:\/\/empresas.infoempleo.com\/hrtrends\/la-crisis-empana-el-descenso-en-la-siniestralidad-laboral\/#primaryimage","url":"https:\/\/empresas.infoempleo.com\/hrtrends\/media\/2017\/05\/pexels-photo-205508-150x150.jpg","contentUrl":"https:\/\/empresas.infoempleo.com\/hrtrends\/media\/2017\/05\/pexels-photo-205508-150x150.jpg","width":150,"height":150},{"@type":"BreadcrumbList","@id":"https:\/\/empresas.infoempleo.com\/hrtrends\/la-crisis-empana-el-descenso-en-la-siniestralidad-laboral\/#breadcrumb","itemListElement":[{"@type":"ListItem","position":1,"name":"Portada","item":"https:\/\/empresas.infoempleo.com\/hrtrends\/"},{"@type":"ListItem","position":2,"name":"La crisis empa\u00f1a el descenso en la siniestralidad laboral"}]},{"@type":"WebSite","@id":"https:\/\/empresas.infoempleo.com\/hrtrends\/#website","url":"https:\/\/empresas.infoempleo.com\/hrtrends","name":"HRTrends by Infoempleo","description":"","publisher":{"@id":"https:\/\/empresas.infoempleo.com\/hrtrends\/#organization"},"potentialAction":{"@type":"SearchAction","target":"https:\/\/empresas.infoempleo.com\/hrtrends\/?s={search_term_string}","query-input":"required name=search_term_string"},"inLanguage":"es"},{"@type":"Organization","@id":"https:\/\/empresas.infoempleo.com\/hrtrends\/#organization","name":"Infoempleo","url":"https:\/\/www.infoempleo.com\/","logo":{"@type":"ImageObject","@id":"https:\/\/empresas.infoempleo.com\/hrtrends\/#logo","inLanguage":"es","url":"https:\/\/cdnazure.infoempleo.com\/infoempleo\/assets\/style\/gfx\/logo.svg","contentUrl":"https:\/\/cdnazure.infoempleo.com\/infoempleo\/assets\/style\/gfx\/logo.svg","width":150,"height":40,"caption":"Infoempleo"},"image":{"@id":"https:\/\/empresas.infoempleo.com\/hrtrends\/#logo"},"sameAs":["https:\/\/www.facebook.com\/Infoempleo","https:\/\/x.com\/infoempleo","http:\/\/instagram.com\/infoempleo\/","http:\/\/www.linkedin.com\/groups\/Empleo-Espa\u00f1a-Infoempleocom-111276","http:\/\/pinterest.com\/infoempleo\/"],"address":{"@type":"PostalAddress","addressLocality":"Madrid","postalCode":"28050","streetAddress":"Avenida de Burgos 114"},"brand":["Infoempleo"]},{"@type":"Person","@id":"https:\/\/empresas.infoempleo.com\/hrtrends\/#\/schema\/person\/eee830fc2082cd3b52302e59ea0d2c05","name":"Laura de Cubas","image":{"@type":"ImageObject","inLanguage":"es","@id":"https:\/\/empresas.infoempleo.com\/hrtrends\/#\/schema\/person\/image\/","url":"https:\/\/secure.gravatar.com\/avatar\/c13d88dcd67943e13f74372e711c3ba2accf296b195ba5dd59566bd5f5df94c8?s=96&d=mm&r=g","contentUrl":"https:\/\/secure.gravatar.com\/avatar\/c13d88dcd67943e13f74372e711c3ba2accf296b195ba5dd59566bd5f5df94c8?s=96&d=mm&r=g","caption":"Laura de Cubas"},"url":"https:\/\/empresas.infoempleo.com\/hrtrends\/author\/laura-de-cubas\/"}]}},"amp_enabled":true,"_links":{"self":[{"href":"https:\/\/empresas.infoempleo.com\/hrtrends\/wp-json\/wp\/v2\/posts\/6115","targetHints":{"allow":["GET"]}}],"collection":[{"href":"https:\/\/empresas.infoempleo.com\/hrtrends\/wp-json\/wp\/v2\/posts"}],"about":[{"href":"https:\/\/empresas.infoempleo.com\/hrtrends\/wp-json\/wp\/v2\/types\/post"}],"author":[{"embeddable":true,"href":"https:\/\/empresas.infoempleo.com\/hrtrends\/wp-json\/wp\/v2\/users\/35"}],"replies":[{"embeddable":true,"href":"https:\/\/empresas.infoempleo.com\/hrtrends\/wp-json\/wp\/v2\/comments?post=6115"}],"version-history":[{"count":0,"href":"https:\/\/empresas.infoempleo.com\/hrtrends\/wp-json\/wp\/v2\/posts\/6115\/revisions"}],"wp:featuredmedia":[{"embeddable":true,"href":"https:\/\/empresas.infoempleo.com\/hrtrends\/wp-json\/wp\/v2\/media\/29665"}],"wp:attachment":[{"href":"https:\/\/empresas.infoempleo.com\/hrtrends\/wp-json\/wp\/v2\/media?parent=6115"}],"wp:term":[{"taxonomy":"category","embeddable":true,"href":"https:\/\/empresas.infoempleo.com\/hrtrends\/wp-json\/wp\/v2\/categories?post=6115"},{"taxonomy":"post_tag","embeddable":true,"href":"https:\/\/empresas.infoempleo.com\/hrtrends\/wp-json\/wp\/v2\/tags?post=6115"}],"curies":[{"name":"wp","href":"https:\/\/api.w.org\/{rel}","templated":true}]}}