{"id":5997,"date":"2009-12-21T10:53:20","date_gmt":"2009-12-21T09:53:20","guid":{"rendered":"http:\/\/blog.infoempleo.com\/?p=5997"},"modified":"2024-08-29T17:40:11","modified_gmt":"2024-08-29T15:40:11","slug":"hice-practicas-desde-el-campanario-de-una-iglesia","status":"publish","type":"post","link":"https:\/\/empresas.infoempleo.com\/hrtrends\/hice-practicas-desde-el-campanario-de-una-iglesia\/","title":{"rendered":"\u00abHice pr\u00e1cticas desde el campanario de una iglesia\u00bb"},"content":{"rendered":"<h3>Concha Garc\u00eda Campoy, periodista<\/h3>\n<p>Si hubiera que escoger un solo adjetivo para definir a Concha Garc\u00eda Campoy (Tarrasa, Barcelona, 1958), \u00e9se ser\u00eda precoz. Se ech\u00f3 novio a los 12 a\u00f1os, firm\u00f3 su primer contrato de trabajo a los 14 y se cas\u00f3 a los 19. Pero si uno repasa con ella su biograf\u00eda, lo m\u00e1s llamativo no es su precocidad, sino su capacidad para madurar tan aprisa sin dar traspi\u00e9s y, lo que es a\u00fan m\u00e1s dif\u00edcil, un disgusto a sus padres. Esta catalana de padres andaluces criada en Ibiza <strong>acepta sin chistar el calificativo de \u00abloca responsable\u00bb, porque se sabe en posesi\u00f3n de un \u00absentido de la responsabilidad tremendo\u00bb, aunque trufado con un \u00abcar\u00e1cter muy aventurero\u00bb.<\/strong> En la actualidad, Concha Garc\u00eda Campoy presenta el magac\u00edn matinal \u00abLas Ma\u00f1anas de Cuatro\u00bb y es portavoz de la Academia de las Ciencias y las Artes de la Televisi\u00f3n. Recientemente, ha sido reconocida por la Federaci\u00f3n de Mujeres Directivas, Profesionales y Empresarias (FEDEPE) con el <strong>Premio Mujer Profesional 2009.<\/strong><\/p>\n<p><strong>\u00bfCu\u00e1l fue su primer empleo remunerado?<br \/>\n<\/strong>Un trabajo a tiempo parcial en una agencia de viajes de Ibiza, donde yo viv\u00eda. Yo ten\u00eda 14 a\u00f1os, pero ya entonces pensaba que estudiar era poco, as\u00ed que por las ma\u00f1anas estaba en el instituto, y, por las tardes, en la agencia. Aquello me dur\u00f3 un par de a\u00f1os m\u00e1s o menos. Luego, como mis padres ten\u00edan un restaurante, trabajaba con ellos en verano mientras estudiaba en la universidad. Siempre contribu\u00ed a pagarme los estudios.<\/p>\n<p><strong>\u00bfRecuerda su primer sueldo en la agencia y el primer capricho que se concedi\u00f3 gracias a \u00e9l?<br \/>\n<\/strong>S\u00ed, ganaba 3.500 pesetas al mes. Recuerdo que deseaba con much\u00edsima ilusi\u00f3n hacer un regalo a mis padres. As\u00ed que con mi primer sueldo les compr\u00e9 una figura muy sencilla y muy cursi que representaba a una pareja de enamorados en una farola. Fue como un tributo a mis padres, con los que siempre me he llevado muy bien. Para m\u00ed no compr\u00e9 nada. He sido tan pr\u00e1ctica toda mi vida que lo m\u00edo ha sido mucho m\u00e1s de ahorrar.<\/p>\n<p><strong>\u00bfDe d\u00f3nde surgi\u00f3 su vocaci\u00f3n por el periodismo?<br \/>\n<\/strong>Yo ten\u00eda claro que quer\u00eda trabajar en contacto con la gente, pero fue un amigo con clara vocaci\u00f3n de periodista, Jos\u00e9 Manuel Pi\u00f1a, quien me convenci\u00f3 de que el periodismo tambi\u00e9n era lo m\u00edo; aunque yo viv\u00eda en Ibiza, all\u00ed no hab\u00eda universidad, y no pensaba que mis padres pudieran costear mis estudios en otra ciudad. Pero ellos hicieron un esfuerzo muy grande, apostaron por m\u00ed y termin\u00e9 matricul\u00e1ndome en la Facultad de Ciencias de la Informaci\u00f3n en Barcelona. Cuando estaba a mitad de carrera, pens\u00e9 que no me interesaba demasiado \u2014la carrera, no la profesi\u00f3n\u2014 y me matricul\u00e9 en Econ\u00f3micas. He empezado tres carreras: Econ\u00f3micas \u2014hice tres cursos\u2014, Filolog\u00eda Hisp\u00e1nica y Periodismo. Al final, me entr\u00f3 tal ansiedad por ese af\u00e1n de estudio que mis padres me aconsejaron que dejara todo y estudiara Periodismo. Y \u00e9se ha sido el mejor consejo que me han dado en mi vida, porque me desbloque\u00e9 y, a partir de ese momento, empec\u00e9 a desarrollarme.<\/p>\n<p><strong>\u00bfC\u00f3mo fue su desembarco en la profesi\u00f3n?<br \/>\n<\/strong>Fue muy bonito. Hice pr\u00e1cticas en la Cadena Cope, la \u00fanica radio que hab\u00eda en Ibiza. Cuando estaba en cuarto de carrera, me cas\u00e9 con un chico de Ibiza, que era abogado, con el que sal\u00eda desde los 12 a\u00f1os. Me cas\u00e9 muy jovencita, con 19 a\u00f1os, y volv\u00ed a la isla. All\u00ed hice el \u00faltimo a\u00f1o de carrera y empec\u00e9 con las pr\u00e1cticas, que se hac\u00edan desde el campanario de una iglesia. Ve\u00eda las cig\u00fce\u00f1as todo el d\u00eda.<\/p>\n<p><strong>\u00bfHizo pr\u00e1cticas en un campanario?<br \/>\n<\/strong>S\u00ed, porque la Cope no ten\u00eda sede y en el campanario de la iglesia hab\u00eda un local destinado a la radio. Luego, pasamos a otras dependencias, que tambi\u00e9n eran de la Iglesia. Pero, al principio, todo fue muy divertido y muy \u00e9pico.<\/p>\n<p><strong>Modestia aparte, \u00bfqu\u00e9 cualidades re\u00fane para ser merecedora del premio a la mujer profesional del a\u00f1o?<br \/>\n<\/strong>Es dif\u00edcil decirlo de uno mismo, pero creo que deben haber valorado la credibilidad y la coherencia. Llevo 30 a\u00f1os trabajando y conseguir que la gente conf\u00ede en ti como profesional no es f\u00e1cil. Que a lo largo de este tiempo haya mantenido unos principios morales y vitales con las tentaciones y los riesgos que tenemos\u2026 A m\u00ed, cuando salieron las privadas, casi me ofrecen ser Mama Chicho. Yo he dicho dos o tres \u00abno\u00bb muy importantes, y eso es lo m\u00e1s dif\u00edcil, porque son decisiones que pueden cambiar tu vida.<\/p>\n","protected":false},"excerpt":{"rendered":"<p>Concha Garc\u00eda Campoy, periodista Si hubiera que escoger un solo adjetivo para definir a Concha Garc\u00eda Campoy (Tarrasa,<a class=\"moretag\" href=\"https:\/\/empresas.infoempleo.com\/hrtrends\/hice-practicas-desde-el-campanario-de-una-iglesia\/\"> Leer m\u00e1s<\/a><\/p>\n","protected":false},"author":34,"featured_media":29665,"comment_status":"closed","ping_status":"open","sticky":false,"template":"","format":"standard","meta":{"footnotes":""},"categories":[3],"tags":[491],"class_list":["post-5997","post","type-post","status-publish","format-standard","has-post-thumbnail","hentry","category-actualidad","tag-primer-empleo"],"yoast_head":"<!-- This site is optimized with the Yoast SEO plugin v26.1.1 - https:\/\/yoast.com\/wordpress\/plugins\/seo\/ -->\n<title>&quot;Hice pr\u00e1cticas desde el campanario de una iglesia&quot; | HRTRENDS<\/title>\n<meta name=\"robots\" content=\"index, follow, max-snippet:-1, max-image-preview:large, max-video-preview:-1\" \/>\n<link rel=\"canonical\" href=\"https:\/\/empresas.infoempleo.com\/hrtrends\/hice-practicas-desde-el-campanario-de-una-iglesia\/\" \/>\n<meta property=\"og:locale\" content=\"es_ES\" \/>\n<meta property=\"og:type\" content=\"article\" \/>\n<meta property=\"og:title\" content=\"&quot;Hice pr\u00e1cticas desde el campanario de una iglesia&quot; | HRTRENDS\" \/>\n<meta property=\"og:description\" content=\"Concha Garc\u00eda Campoy, periodista Si hubiera que escoger un solo adjetivo para definir a Concha Garc\u00eda Campoy (Tarrasa, Leer m\u00e1s\" \/>\n<meta property=\"og:url\" content=\"https:\/\/empresas.infoempleo.com\/hrtrends\/hice-practicas-desde-el-campanario-de-una-iglesia\/\" \/>\n<meta property=\"og:site_name\" content=\"HRTRENDS\" \/>\n<meta property=\"article:publisher\" content=\"https:\/\/www.facebook.com\/Infoempleo\" \/>\n<meta property=\"article:published_time\" content=\"2009-12-21T09:53:20+00:00\" \/>\n<meta property=\"article:modified_time\" content=\"2024-08-29T15:40:11+00:00\" \/>\n<meta name=\"author\" content=\"Rosario Sep\u00falveda\" \/>\n<meta name=\"twitter:card\" content=\"summary_large_image\" \/>\n<meta name=\"twitter:creator\" content=\"@infoempleo\" \/>\n<meta name=\"twitter:site\" content=\"@infoempleo\" \/>\n<meta name=\"twitter:label1\" content=\"Escrito por\" \/>\n\t<meta name=\"twitter:data1\" content=\"Rosario Sep\u00falveda\" \/>\n\t<meta name=\"twitter:label2\" content=\"Tiempo de lectura\" \/>\n\t<meta name=\"twitter:data2\" content=\"4 minutos\" \/>\n<script type=\"application\/ld+json\" class=\"yoast-schema-graph\">{\"@context\":\"https:\/\/schema.org\",\"@graph\":[{\"@type\":\"NewsArticle\",\"@id\":\"https:\/\/empresas.infoempleo.com\/hrtrends\/hice-practicas-desde-el-campanario-de-una-iglesia\/#article\",\"isPartOf\":{\"@id\":\"https:\/\/empresas.infoempleo.com\/hrtrends\/hice-practicas-desde-el-campanario-de-una-iglesia\/\"},\"author\":{\"name\":\"Rosario Sep\u00falveda\",\"@id\":\"https:\/\/empresas.infoempleo.com\/hrtrends\/#\/schema\/person\/2a45835f1492cbc7fbce11ad398707a8\"},\"headline\":\"\u00abHice pr\u00e1cticas desde el campanario de una iglesia\u00bb\",\"datePublished\":\"2009-12-21T09:53:20+00:00\",\"dateModified\":\"2024-08-29T15:40:11+00:00\",\"mainEntityOfPage\":{\"@id\":\"https:\/\/empresas.infoempleo.com\/hrtrends\/hice-practicas-desde-el-campanario-de-una-iglesia\/\"},\"wordCount\":827,\"publisher\":{\"@id\":\"https:\/\/empresas.infoempleo.com\/hrtrends\/#organization\"},\"image\":{\"@id\":\"https:\/\/empresas.infoempleo.com\/hrtrends\/hice-practicas-desde-el-campanario-de-una-iglesia\/#primaryimage\"},\"thumbnailUrl\":\"https:\/\/empresas.infoempleo.com\/hrtrends\/media\/2017\/05\/pexels-photo-205508.jpg\",\"keywords\":[\"primer empleo\"],\"articleSection\":[\"Actualidad\"],\"inLanguage\":\"es\",\"copyrightYear\":\"2009\",\"copyrightHolder\":{\"@id\":\"https:\/\/empresas.infoempleo.com\/hrtrends\/#organization\"}},{\"@type\":\"WebPage\",\"@id\":\"https:\/\/empresas.infoempleo.com\/hrtrends\/hice-practicas-desde-el-campanario-de-una-iglesia\/\",\"url\":\"https:\/\/empresas.infoempleo.com\/hrtrends\/hice-practicas-desde-el-campanario-de-una-iglesia\/\",\"name\":\"\\\"Hice pr\u00e1cticas desde el campanario de una iglesia\\\" | HRTRENDS\",\"isPartOf\":{\"@id\":\"https:\/\/empresas.infoempleo.com\/hrtrends\/#website\"},\"primaryImageOfPage\":{\"@id\":\"https:\/\/empresas.infoempleo.com\/hrtrends\/hice-practicas-desde-el-campanario-de-una-iglesia\/#primaryimage\"},\"image\":{\"@id\":\"https:\/\/empresas.infoempleo.com\/hrtrends\/hice-practicas-desde-el-campanario-de-una-iglesia\/#primaryimage\"},\"thumbnailUrl\":\"https:\/\/empresas.infoempleo.com\/hrtrends\/media\/2017\/05\/pexels-photo-205508.jpg\",\"datePublished\":\"2009-12-21T09:53:20+00:00\",\"dateModified\":\"2024-08-29T15:40:11+00:00\",\"breadcrumb\":{\"@id\":\"https:\/\/empresas.infoempleo.com\/hrtrends\/hice-practicas-desde-el-campanario-de-una-iglesia\/#breadcrumb\"},\"inLanguage\":\"es\",\"potentialAction\":[{\"@type\":\"ReadAction\",\"target\":[\"https:\/\/empresas.infoempleo.com\/hrtrends\/hice-practicas-desde-el-campanario-de-una-iglesia\/\"]}]},{\"@type\":\"ImageObject\",\"inLanguage\":\"es\",\"@id\":\"https:\/\/empresas.infoempleo.com\/hrtrends\/hice-practicas-desde-el-campanario-de-una-iglesia\/#primaryimage\",\"url\":\"https:\/\/empresas.infoempleo.com\/hrtrends\/media\/2017\/05\/pexels-photo-205508-150x150.jpg\",\"contentUrl\":\"https:\/\/empresas.infoempleo.com\/hrtrends\/media\/2017\/05\/pexels-photo-205508-150x150.jpg\",\"width\":150,\"height\":150},{\"@type\":\"BreadcrumbList\",\"@id\":\"https:\/\/empresas.infoempleo.com\/hrtrends\/hice-practicas-desde-el-campanario-de-una-iglesia\/#breadcrumb\",\"itemListElement\":[{\"@type\":\"ListItem\",\"position\":1,\"name\":\"Portada\",\"item\":\"https:\/\/empresas.infoempleo.com\/hrtrends\/\"},{\"@type\":\"ListItem\",\"position\":2,\"name\":\"\u00abHice pr\u00e1cticas desde el campanario de una iglesia\u00bb\"}]},{\"@type\":\"WebSite\",\"@id\":\"https:\/\/empresas.infoempleo.com\/hrtrends\/#website\",\"url\":\"https:\/\/empresas.infoempleo.com\/hrtrends\",\"name\":\"HRTrends by Infoempleo\",\"description\":\"\",\"publisher\":{\"@id\":\"https:\/\/empresas.infoempleo.com\/hrtrends\/#organization\"},\"potentialAction\":{\"@type\":\"SearchAction\",\"target\":\"https:\/\/empresas.infoempleo.com\/hrtrends\/?s={search_term_string}\",\"query-input\":\"required name=search_term_string\"},\"inLanguage\":\"es\"},{\"@type\":\"Organization\",\"@id\":\"https:\/\/empresas.infoempleo.com\/hrtrends\/#organization\",\"name\":\"Infoempleo\",\"url\":\"https:\/\/www.infoempleo.com\/\",\"logo\":{\"@type\":\"ImageObject\",\"@id\":\"https:\/\/empresas.infoempleo.com\/hrtrends\/#logo\",\"inLanguage\":\"es\",\"url\":\"https:\/\/cdnazure.infoempleo.com\/infoempleo\/assets\/style\/gfx\/logo.svg\",\"contentUrl\":\"https:\/\/cdnazure.infoempleo.com\/infoempleo\/assets\/style\/gfx\/logo.svg\",\"width\":150,\"height\":40,\"caption\":\"Infoempleo\"},\"image\":{\"@id\":\"https:\/\/empresas.infoempleo.com\/hrtrends\/#logo\"},\"sameAs\":[\"https:\/\/www.facebook.com\/Infoempleo\",\"https:\/\/x.com\/infoempleo\",\"http:\/\/instagram.com\/infoempleo\/\",\"http:\/\/www.linkedin.com\/groups\/Empleo-Espa\u00f1a-Infoempleocom-111276\",\"http:\/\/pinterest.com\/infoempleo\/\"],\"address\":{\"@type\":\"PostalAddress\",\"addressLocality\":\"Madrid\",\"postalCode\":\"28050\",\"streetAddress\":\"Avenida de Burgos 114\"},\"brand\":[\"Infoempleo\"]},{\"@type\":\"Person\",\"@id\":\"https:\/\/empresas.infoempleo.com\/hrtrends\/#\/schema\/person\/2a45835f1492cbc7fbce11ad398707a8\",\"name\":\"Rosario Sep\u00falveda\",\"image\":{\"@type\":\"ImageObject\",\"inLanguage\":\"es\",\"@id\":\"https:\/\/empresas.infoempleo.com\/hrtrends\/#\/schema\/person\/image\/\",\"url\":\"https:\/\/secure.gravatar.com\/avatar\/01b4f37da8fd0cca9ded94ad0ab4a694814c54945a7c84e54495a93ea3a90e3b?s=96&d=mm&r=g\",\"contentUrl\":\"https:\/\/secure.gravatar.com\/avatar\/01b4f37da8fd0cca9ded94ad0ab4a694814c54945a7c84e54495a93ea3a90e3b?s=96&d=mm&r=g\",\"caption\":\"Rosario Sep\u00falveda\"},\"url\":\"https:\/\/empresas.infoempleo.com\/hrtrends\/author\/rosario-sepulveda\/\"}]}<\/script>\n<!-- \/ Yoast SEO plugin. -->","yoast_head_json":{"title":"\"Hice pr\u00e1cticas desde el campanario de una iglesia\" | HRTRENDS","robots":{"index":"index","follow":"follow","max-snippet":"max-snippet:-1","max-image-preview":"max-image-preview:large","max-video-preview":"max-video-preview:-1"},"canonical":"https:\/\/empresas.infoempleo.com\/hrtrends\/hice-practicas-desde-el-campanario-de-una-iglesia\/","og_locale":"es_ES","og_type":"article","og_title":"\"Hice pr\u00e1cticas desde el campanario de una iglesia\" | HRTRENDS","og_description":"Concha Garc\u00eda Campoy, periodista Si hubiera que escoger un solo adjetivo para definir a Concha Garc\u00eda Campoy (Tarrasa, Leer m\u00e1s","og_url":"https:\/\/empresas.infoempleo.com\/hrtrends\/hice-practicas-desde-el-campanario-de-una-iglesia\/","og_site_name":"HRTRENDS","article_publisher":"https:\/\/www.facebook.com\/Infoempleo","article_published_time":"2009-12-21T09:53:20+00:00","article_modified_time":"2024-08-29T15:40:11+00:00","author":"Rosario Sep\u00falveda","twitter_card":"summary_large_image","twitter_creator":"@infoempleo","twitter_site":"@infoempleo","twitter_misc":{"Escrito por":"Rosario Sep\u00falveda","Tiempo de lectura":"4 minutos"},"schema":{"@context":"https:\/\/schema.org","@graph":[{"@type":"NewsArticle","@id":"https:\/\/empresas.infoempleo.com\/hrtrends\/hice-practicas-desde-el-campanario-de-una-iglesia\/#article","isPartOf":{"@id":"https:\/\/empresas.infoempleo.com\/hrtrends\/hice-practicas-desde-el-campanario-de-una-iglesia\/"},"author":{"name":"Rosario Sep\u00falveda","@id":"https:\/\/empresas.infoempleo.com\/hrtrends\/#\/schema\/person\/2a45835f1492cbc7fbce11ad398707a8"},"headline":"\u00abHice pr\u00e1cticas desde el campanario de una iglesia\u00bb","datePublished":"2009-12-21T09:53:20+00:00","dateModified":"2024-08-29T15:40:11+00:00","mainEntityOfPage":{"@id":"https:\/\/empresas.infoempleo.com\/hrtrends\/hice-practicas-desde-el-campanario-de-una-iglesia\/"},"wordCount":827,"publisher":{"@id":"https:\/\/empresas.infoempleo.com\/hrtrends\/#organization"},"image":{"@id":"https:\/\/empresas.infoempleo.com\/hrtrends\/hice-practicas-desde-el-campanario-de-una-iglesia\/#primaryimage"},"thumbnailUrl":"https:\/\/empresas.infoempleo.com\/hrtrends\/media\/2017\/05\/pexels-photo-205508.jpg","keywords":["primer empleo"],"articleSection":["Actualidad"],"inLanguage":"es","copyrightYear":"2009","copyrightHolder":{"@id":"https:\/\/empresas.infoempleo.com\/hrtrends\/#organization"}},{"@type":"WebPage","@id":"https:\/\/empresas.infoempleo.com\/hrtrends\/hice-practicas-desde-el-campanario-de-una-iglesia\/","url":"https:\/\/empresas.infoempleo.com\/hrtrends\/hice-practicas-desde-el-campanario-de-una-iglesia\/","name":"\"Hice pr\u00e1cticas desde el campanario de una iglesia\" | HRTRENDS","isPartOf":{"@id":"https:\/\/empresas.infoempleo.com\/hrtrends\/#website"},"primaryImageOfPage":{"@id":"https:\/\/empresas.infoempleo.com\/hrtrends\/hice-practicas-desde-el-campanario-de-una-iglesia\/#primaryimage"},"image":{"@id":"https:\/\/empresas.infoempleo.com\/hrtrends\/hice-practicas-desde-el-campanario-de-una-iglesia\/#primaryimage"},"thumbnailUrl":"https:\/\/empresas.infoempleo.com\/hrtrends\/media\/2017\/05\/pexels-photo-205508.jpg","datePublished":"2009-12-21T09:53:20+00:00","dateModified":"2024-08-29T15:40:11+00:00","breadcrumb":{"@id":"https:\/\/empresas.infoempleo.com\/hrtrends\/hice-practicas-desde-el-campanario-de-una-iglesia\/#breadcrumb"},"inLanguage":"es","potentialAction":[{"@type":"ReadAction","target":["https:\/\/empresas.infoempleo.com\/hrtrends\/hice-practicas-desde-el-campanario-de-una-iglesia\/"]}]},{"@type":"ImageObject","inLanguage":"es","@id":"https:\/\/empresas.infoempleo.com\/hrtrends\/hice-practicas-desde-el-campanario-de-una-iglesia\/#primaryimage","url":"https:\/\/empresas.infoempleo.com\/hrtrends\/media\/2017\/05\/pexels-photo-205508-150x150.jpg","contentUrl":"https:\/\/empresas.infoempleo.com\/hrtrends\/media\/2017\/05\/pexels-photo-205508-150x150.jpg","width":150,"height":150},{"@type":"BreadcrumbList","@id":"https:\/\/empresas.infoempleo.com\/hrtrends\/hice-practicas-desde-el-campanario-de-una-iglesia\/#breadcrumb","itemListElement":[{"@type":"ListItem","position":1,"name":"Portada","item":"https:\/\/empresas.infoempleo.com\/hrtrends\/"},{"@type":"ListItem","position":2,"name":"\u00abHice pr\u00e1cticas desde el campanario de una iglesia\u00bb"}]},{"@type":"WebSite","@id":"https:\/\/empresas.infoempleo.com\/hrtrends\/#website","url":"https:\/\/empresas.infoempleo.com\/hrtrends","name":"HRTrends by Infoempleo","description":"","publisher":{"@id":"https:\/\/empresas.infoempleo.com\/hrtrends\/#organization"},"potentialAction":{"@type":"SearchAction","target":"https:\/\/empresas.infoempleo.com\/hrtrends\/?s={search_term_string}","query-input":"required name=search_term_string"},"inLanguage":"es"},{"@type":"Organization","@id":"https:\/\/empresas.infoempleo.com\/hrtrends\/#organization","name":"Infoempleo","url":"https:\/\/www.infoempleo.com\/","logo":{"@type":"ImageObject","@id":"https:\/\/empresas.infoempleo.com\/hrtrends\/#logo","inLanguage":"es","url":"https:\/\/cdnazure.infoempleo.com\/infoempleo\/assets\/style\/gfx\/logo.svg","contentUrl":"https:\/\/cdnazure.infoempleo.com\/infoempleo\/assets\/style\/gfx\/logo.svg","width":150,"height":40,"caption":"Infoempleo"},"image":{"@id":"https:\/\/empresas.infoempleo.com\/hrtrends\/#logo"},"sameAs":["https:\/\/www.facebook.com\/Infoempleo","https:\/\/x.com\/infoempleo","http:\/\/instagram.com\/infoempleo\/","http:\/\/www.linkedin.com\/groups\/Empleo-Espa\u00f1a-Infoempleocom-111276","http:\/\/pinterest.com\/infoempleo\/"],"address":{"@type":"PostalAddress","addressLocality":"Madrid","postalCode":"28050","streetAddress":"Avenida de Burgos 114"},"brand":["Infoempleo"]},{"@type":"Person","@id":"https:\/\/empresas.infoempleo.com\/hrtrends\/#\/schema\/person\/2a45835f1492cbc7fbce11ad398707a8","name":"Rosario Sep\u00falveda","image":{"@type":"ImageObject","inLanguage":"es","@id":"https:\/\/empresas.infoempleo.com\/hrtrends\/#\/schema\/person\/image\/","url":"https:\/\/secure.gravatar.com\/avatar\/01b4f37da8fd0cca9ded94ad0ab4a694814c54945a7c84e54495a93ea3a90e3b?s=96&d=mm&r=g","contentUrl":"https:\/\/secure.gravatar.com\/avatar\/01b4f37da8fd0cca9ded94ad0ab4a694814c54945a7c84e54495a93ea3a90e3b?s=96&d=mm&r=g","caption":"Rosario Sep\u00falveda"},"url":"https:\/\/empresas.infoempleo.com\/hrtrends\/author\/rosario-sepulveda\/"}]}},"amp_enabled":true,"_links":{"self":[{"href":"https:\/\/empresas.infoempleo.com\/hrtrends\/wp-json\/wp\/v2\/posts\/5997","targetHints":{"allow":["GET"]}}],"collection":[{"href":"https:\/\/empresas.infoempleo.com\/hrtrends\/wp-json\/wp\/v2\/posts"}],"about":[{"href":"https:\/\/empresas.infoempleo.com\/hrtrends\/wp-json\/wp\/v2\/types\/post"}],"author":[{"embeddable":true,"href":"https:\/\/empresas.infoempleo.com\/hrtrends\/wp-json\/wp\/v2\/users\/34"}],"replies":[{"embeddable":true,"href":"https:\/\/empresas.infoempleo.com\/hrtrends\/wp-json\/wp\/v2\/comments?post=5997"}],"version-history":[{"count":1,"href":"https:\/\/empresas.infoempleo.com\/hrtrends\/wp-json\/wp\/v2\/posts\/5997\/revisions"}],"predecessor-version":[{"id":44760,"href":"https:\/\/empresas.infoempleo.com\/hrtrends\/wp-json\/wp\/v2\/posts\/5997\/revisions\/44760"}],"wp:featuredmedia":[{"embeddable":true,"href":"https:\/\/empresas.infoempleo.com\/hrtrends\/wp-json\/wp\/v2\/media\/29665"}],"wp:attachment":[{"href":"https:\/\/empresas.infoempleo.com\/hrtrends\/wp-json\/wp\/v2\/media?parent=5997"}],"wp:term":[{"taxonomy":"category","embeddable":true,"href":"https:\/\/empresas.infoempleo.com\/hrtrends\/wp-json\/wp\/v2\/categories?post=5997"},{"taxonomy":"post_tag","embeddable":true,"href":"https:\/\/empresas.infoempleo.com\/hrtrends\/wp-json\/wp\/v2\/tags?post=5997"}],"curies":[{"name":"wp","href":"https:\/\/api.w.org\/{rel}","templated":true}]}}