{"id":590,"date":"2009-04-29T15:45:27","date_gmt":"2009-04-29T14:45:27","guid":{"rendered":"http:\/\/blog.infoempleo.com\/?p=590"},"modified":"2022-10-13T16:46:06","modified_gmt":"2022-10-13T14:46:06","slug":"perdedores-y-fracasados","status":"publish","type":"post","link":"https:\/\/empresas.infoempleo.com\/hrtrends\/perdedores-y-fracasados\/","title":{"rendered":"Perdedores y fracasados"},"content":{"rendered":"<p>Seguro que en las largas colas de las oficinas del INEM se forjan sue\u00f1os de personas que quieren ser due\u00f1as de su tiempo y de su destino. De ah\u00ed saldr\u00e1n algunos con coraje, ilusionados con un proyecto, que se pregunten: \u00ab\u00bfpor qu\u00e9 no voy a hacer esto?\u00bb.<\/p>\n<p><strong>He de reconocer que tengo cierta debilidad por los \u00abperdedores\u00bb y los \u00abfracasados\u00bb. <\/strong>Me parecen personajes m\u00e1s atractivos y humanos. Entre las cosas que admiro de los anglosajones, adem\u00e1s del pragmatismo, el escepticismo y el sentido del humor, est\u00e1 la mejor aceptaci\u00f3n de los \u00abperdedores\u00bb. Steve Jobs -al que echaron de Apple, la empresa fundada por \u00e9l- es uno de mis \u00abfracasados\u00bb favoritos.<\/p>\n<p>Los datos recientemente publicados por el C\u00edrculo de Empresarios confirman que <strong>son m\u00e1s emprendedores los inmigrantes que los espa\u00f1oles.<\/strong> \u00bfPor qu\u00e9? Porque en Espa\u00f1a tenemos mucho miedo al fracaso. La posibilidad de no triunfar representa un obst\u00e1culo crucial para un 47% de los espa\u00f1oles, mientras que en el resto de los pa\u00edses de la Uni\u00f3n Europea el porcentaje baja a un 39%. Otra de las cosas que admiro de los anglosajones es que en las universidades americanas el mayor \u00abfracasado\u00bb se pone como ejemplo a seguir: Ernest Henry Shackleton, explorador recordado por su expedici\u00f3n a la Ant\u00e1rtida. En Estados Unidos un curr\u00edculum debe incluir los logros, pero tambi\u00e9n todos los proyectos fracasados. \u00bfSe imaginan algo parecido en nuestro pa\u00eds?<\/p>\n<p><strong>El miedo a fracasar es s\u00f3lo una de las barreras en el fomento del esp\u00edritu emprendedor. Tampoco ayudan la mara\u00f1a regulatoria, la rigidez del mercado laboral, el esquema auton\u00f3mico que debilita la unidad de mercado, el escaso desarrollo del capital semilla y la falta tanto de financiaci\u00f3n como de incentivos fiscales.<\/strong><\/p>\n<p>Vuelvo de nuevo los ojos hacia Am\u00e9rica: Bill Gates ha comentado que \u00e9l nunca contratar\u00eda a un directivo sin esp\u00edritu emprendedor. Para el fundador de Microsoft son necesarios, por lo menos, dos fracasos. En Estados Unidos, una de las preguntas clave que un inversor realiza a un emprendedor es el n\u00famero de proyectos fracasados que tiene en su haber.<\/p>\n<p>En 2005, la Universidad de Stanford invit\u00f3 a Steve Jobs a pronunciar el discurso inaugural a los graduados. Si no ha tenido oportunidad de verlo, le animo a que entre en Youtube. Jobs describe c\u00f3mo los batacazos de su vida han resultado ser elementos indispensables en el camino hacia el \u00e9xito.\u00a0<\/p>\n<p>La Uni\u00f3n Europea ya ha integrado el esp\u00edritu emprendedor en su estrategia para dotar a la econom\u00eda de la zona euro de una mayor capacidad competitiva. El presidente m\u00e1s carism\u00e1tico de la historia de Estados Unidos, John Fitzgerald Kennedy, en su discurso de investidura se dirigi\u00f3 a sus conciudadanos con un: \u00abNo te preguntes qu\u00e9 puede hacer tu pa\u00eds por ti. Preg\u00fantate qu\u00e9 puedes hacer t\u00fa por tu pa\u00eds\u00bb. Esto define bien lo que debe ser el esp\u00edritu emprendedor que tanta falta nos hace en Espa\u00f1a.<\/p>\n<p><a href=\"https:\/\/thinkingheads.com\/\" target=\"_blank\" rel=\"noopener\"><\/a><\/p>\n<p><strong>Por Luc\u00eda Casanueva<\/strong><\/p>\n<p><strong>Directora de Portocarrero &amp; Asociados<\/strong><\/p>\n<p><strong>Para m\u00e1s informaci\u00f3n <\/strong><a href=\"https:\/\/thinkingheads.com\/\" target=\"_blank\" rel=\"noopener\"><strong>www.thinkingheads.com<\/strong><\/a><\/p>\n","protected":false},"excerpt":{"rendered":"<p>Seguro que en las largas colas de las oficinas del INEM se forjan sue\u00f1os de personas que quieren<a class=\"moretag\" href=\"https:\/\/empresas.infoempleo.com\/hrtrends\/perdedores-y-fracasados\/\"> Leer m\u00e1s<\/a><\/p>\n","protected":false},"author":72,"featured_media":29665,"comment_status":"closed","ping_status":"open","sticky":false,"template":"","format":"standard","meta":{"footnotes":""},"categories":[3],"tags":[57,42],"class_list":["post-590","post","type-post","status-publish","format-standard","has-post-thumbnail","hentry","category-actualidad","tag-empreder","tag-emprendedor"],"yoast_head":"<!-- This site is optimized with the Yoast SEO plugin v26.1.1 - https:\/\/yoast.com\/wordpress\/plugins\/seo\/ -->\n<title>Perdedores y fracasados | HRTRENDS<\/title>\n<meta name=\"robots\" content=\"index, follow, max-snippet:-1, max-image-preview:large, max-video-preview:-1\" \/>\n<link rel=\"canonical\" href=\"https:\/\/empresas.infoempleo.com\/hrtrends\/perdedores-y-fracasados\/\" \/>\n<meta property=\"og:locale\" content=\"es_ES\" \/>\n<meta property=\"og:type\" content=\"article\" \/>\n<meta property=\"og:title\" content=\"Perdedores y fracasados | HRTRENDS\" \/>\n<meta property=\"og:description\" content=\"Seguro que en las largas colas de las oficinas del INEM se forjan sue\u00f1os de personas que quieren Leer m\u00e1s\" \/>\n<meta property=\"og:url\" content=\"https:\/\/empresas.infoempleo.com\/hrtrends\/perdedores-y-fracasados\/\" \/>\n<meta property=\"og:site_name\" content=\"HRTRENDS\" \/>\n<meta property=\"article:publisher\" content=\"https:\/\/www.facebook.com\/Infoempleo\" \/>\n<meta property=\"article:published_time\" content=\"2009-04-29T14:45:27+00:00\" \/>\n<meta property=\"article:modified_time\" content=\"2022-10-13T14:46:06+00:00\" \/>\n<meta property=\"og:image\" content=\"https:\/\/empresas.infoempleo.com\/hrtrends\/media\/2017\/05\/pexels-photo-205508.jpg\" \/>\n\t<meta property=\"og:image:width\" content=\"1280\" \/>\n\t<meta property=\"og:image:height\" content=\"960\" \/>\n\t<meta property=\"og:image:type\" content=\"image\/jpeg\" \/>\n<meta name=\"author\" content=\"infoempleo\" \/>\n<meta name=\"twitter:card\" content=\"summary_large_image\" \/>\n<meta name=\"twitter:creator\" content=\"@infoempleo\" \/>\n<meta name=\"twitter:site\" content=\"@infoempleo\" \/>\n<meta name=\"twitter:label1\" content=\"Escrito por\" \/>\n\t<meta name=\"twitter:data1\" content=\"infoempleo\" \/>\n\t<meta name=\"twitter:label2\" content=\"Tiempo de lectura\" \/>\n\t<meta name=\"twitter:data2\" content=\"3 minutos\" \/>\n<script type=\"application\/ld+json\" class=\"yoast-schema-graph\">{\"@context\":\"https:\/\/schema.org\",\"@graph\":[{\"@type\":\"NewsArticle\",\"@id\":\"https:\/\/empresas.infoempleo.com\/hrtrends\/perdedores-y-fracasados\/#article\",\"isPartOf\":{\"@id\":\"https:\/\/empresas.infoempleo.com\/hrtrends\/perdedores-y-fracasados\/\"},\"author\":{\"name\":\"infoempleo\",\"@id\":\"https:\/\/empresas.infoempleo.com\/hrtrends\/#\/schema\/person\/67d3e276ffcc8b3ae0ebec816daf775a\"},\"headline\":\"Perdedores y fracasados\",\"datePublished\":\"2009-04-29T14:45:27+00:00\",\"dateModified\":\"2022-10-13T14:46:06+00:00\",\"mainEntityOfPage\":{\"@id\":\"https:\/\/empresas.infoempleo.com\/hrtrends\/perdedores-y-fracasados\/\"},\"wordCount\":532,\"publisher\":{\"@id\":\"https:\/\/empresas.infoempleo.com\/hrtrends\/#organization\"},\"image\":{\"@id\":\"https:\/\/empresas.infoempleo.com\/hrtrends\/perdedores-y-fracasados\/#primaryimage\"},\"thumbnailUrl\":\"https:\/\/empresas.infoempleo.com\/hrtrends\/media\/2017\/05\/pexels-photo-205508.jpg\",\"keywords\":[\"empreder\",\"emprendedor\"],\"articleSection\":[\"Actualidad\"],\"inLanguage\":\"es\",\"copyrightYear\":\"2009\",\"copyrightHolder\":{\"@id\":\"https:\/\/empresas.infoempleo.com\/hrtrends\/#organization\"}},{\"@type\":\"WebPage\",\"@id\":\"https:\/\/empresas.infoempleo.com\/hrtrends\/perdedores-y-fracasados\/\",\"url\":\"https:\/\/empresas.infoempleo.com\/hrtrends\/perdedores-y-fracasados\/\",\"name\":\"Perdedores y fracasados | HRTRENDS\",\"isPartOf\":{\"@id\":\"https:\/\/empresas.infoempleo.com\/hrtrends\/#website\"},\"primaryImageOfPage\":{\"@id\":\"https:\/\/empresas.infoempleo.com\/hrtrends\/perdedores-y-fracasados\/#primaryimage\"},\"image\":{\"@id\":\"https:\/\/empresas.infoempleo.com\/hrtrends\/perdedores-y-fracasados\/#primaryimage\"},\"thumbnailUrl\":\"https:\/\/empresas.infoempleo.com\/hrtrends\/media\/2017\/05\/pexels-photo-205508.jpg\",\"datePublished\":\"2009-04-29T14:45:27+00:00\",\"dateModified\":\"2022-10-13T14:46:06+00:00\",\"breadcrumb\":{\"@id\":\"https:\/\/empresas.infoempleo.com\/hrtrends\/perdedores-y-fracasados\/#breadcrumb\"},\"inLanguage\":\"es\",\"potentialAction\":[{\"@type\":\"ReadAction\",\"target\":[\"https:\/\/empresas.infoempleo.com\/hrtrends\/perdedores-y-fracasados\/\"]}]},{\"@type\":\"ImageObject\",\"inLanguage\":\"es\",\"@id\":\"https:\/\/empresas.infoempleo.com\/hrtrends\/perdedores-y-fracasados\/#primaryimage\",\"url\":\"https:\/\/empresas.infoempleo.com\/hrtrends\/media\/2017\/05\/pexels-photo-205508-150x150.jpg\",\"contentUrl\":\"https:\/\/empresas.infoempleo.com\/hrtrends\/media\/2017\/05\/pexels-photo-205508-150x150.jpg\",\"width\":150,\"height\":150},{\"@type\":\"BreadcrumbList\",\"@id\":\"https:\/\/empresas.infoempleo.com\/hrtrends\/perdedores-y-fracasados\/#breadcrumb\",\"itemListElement\":[{\"@type\":\"ListItem\",\"position\":1,\"name\":\"Portada\",\"item\":\"https:\/\/empresas.infoempleo.com\/hrtrends\/\"},{\"@type\":\"ListItem\",\"position\":2,\"name\":\"Perdedores y fracasados\"}]},{\"@type\":\"WebSite\",\"@id\":\"https:\/\/empresas.infoempleo.com\/hrtrends\/#website\",\"url\":\"https:\/\/empresas.infoempleo.com\/hrtrends\",\"name\":\"HRTrends by Infoempleo\",\"description\":\"\",\"publisher\":{\"@id\":\"https:\/\/empresas.infoempleo.com\/hrtrends\/#organization\"},\"potentialAction\":{\"@type\":\"SearchAction\",\"target\":\"https:\/\/empresas.infoempleo.com\/hrtrends\/?s={search_term_string}\",\"query-input\":\"required name=search_term_string\"},\"inLanguage\":\"es\"},{\"@type\":\"Organization\",\"@id\":\"https:\/\/empresas.infoempleo.com\/hrtrends\/#organization\",\"name\":\"Infoempleo\",\"url\":\"https:\/\/www.infoempleo.com\/\",\"logo\":{\"@type\":\"ImageObject\",\"@id\":\"https:\/\/empresas.infoempleo.com\/hrtrends\/#logo\",\"inLanguage\":\"es\",\"url\":\"https:\/\/cdnazure.infoempleo.com\/infoempleo\/assets\/style\/gfx\/logo.svg\",\"contentUrl\":\"https:\/\/cdnazure.infoempleo.com\/infoempleo\/assets\/style\/gfx\/logo.svg\",\"width\":150,\"height\":40,\"caption\":\"Infoempleo\"},\"image\":{\"@id\":\"https:\/\/empresas.infoempleo.com\/hrtrends\/#logo\"},\"sameAs\":[\"https:\/\/www.facebook.com\/Infoempleo\",\"https:\/\/x.com\/infoempleo\",\"http:\/\/instagram.com\/infoempleo\/\",\"http:\/\/www.linkedin.com\/groups\/Empleo-Espa\u00f1a-Infoempleocom-111276\",\"http:\/\/pinterest.com\/infoempleo\/\"],\"address\":{\"@type\":\"PostalAddress\",\"addressLocality\":\"Madrid\",\"postalCode\":\"28050\",\"streetAddress\":\"Avenida de Burgos 114\"},\"brand\":[\"Infoempleo\"]},{\"@type\":\"Person\",\"@id\":\"https:\/\/empresas.infoempleo.com\/hrtrends\/#\/schema\/person\/67d3e276ffcc8b3ae0ebec816daf775a\",\"name\":\"infoempleo\",\"image\":{\"@type\":\"ImageObject\",\"inLanguage\":\"es\",\"@id\":\"https:\/\/empresas.infoempleo.com\/hrtrends\/#\/schema\/person\/image\/\",\"url\":\"https:\/\/secure.gravatar.com\/avatar\/7b437777242fe67d2473c2a818da2344692d1ee91e91080ccffbd97bcd4a0975?s=96&d=mm&r=g\",\"contentUrl\":\"https:\/\/secure.gravatar.com\/avatar\/7b437777242fe67d2473c2a818da2344692d1ee91e91080ccffbd97bcd4a0975?s=96&d=mm&r=g\",\"caption\":\"infoempleo\"},\"url\":\"https:\/\/empresas.infoempleo.com\/hrtrends\/author\/infoempleo\/\"}]}<\/script>\n<!-- \/ Yoast SEO plugin. -->","yoast_head_json":{"title":"Perdedores y fracasados | HRTRENDS","robots":{"index":"index","follow":"follow","max-snippet":"max-snippet:-1","max-image-preview":"max-image-preview:large","max-video-preview":"max-video-preview:-1"},"canonical":"https:\/\/empresas.infoempleo.com\/hrtrends\/perdedores-y-fracasados\/","og_locale":"es_ES","og_type":"article","og_title":"Perdedores y fracasados | HRTRENDS","og_description":"Seguro que en las largas colas de las oficinas del INEM se forjan sue\u00f1os de personas que quieren Leer m\u00e1s","og_url":"https:\/\/empresas.infoempleo.com\/hrtrends\/perdedores-y-fracasados\/","og_site_name":"HRTRENDS","article_publisher":"https:\/\/www.facebook.com\/Infoempleo","article_published_time":"2009-04-29T14:45:27+00:00","article_modified_time":"2022-10-13T14:46:06+00:00","og_image":[{"width":1280,"height":960,"url":"https:\/\/empresas.infoempleo.com\/hrtrends\/media\/2017\/05\/pexels-photo-205508.jpg","type":"image\/jpeg"}],"author":"infoempleo","twitter_card":"summary_large_image","twitter_creator":"@infoempleo","twitter_site":"@infoempleo","twitter_misc":{"Escrito por":"infoempleo","Tiempo de lectura":"3 minutos"},"schema":{"@context":"https:\/\/schema.org","@graph":[{"@type":"NewsArticle","@id":"https:\/\/empresas.infoempleo.com\/hrtrends\/perdedores-y-fracasados\/#article","isPartOf":{"@id":"https:\/\/empresas.infoempleo.com\/hrtrends\/perdedores-y-fracasados\/"},"author":{"name":"infoempleo","@id":"https:\/\/empresas.infoempleo.com\/hrtrends\/#\/schema\/person\/67d3e276ffcc8b3ae0ebec816daf775a"},"headline":"Perdedores y fracasados","datePublished":"2009-04-29T14:45:27+00:00","dateModified":"2022-10-13T14:46:06+00:00","mainEntityOfPage":{"@id":"https:\/\/empresas.infoempleo.com\/hrtrends\/perdedores-y-fracasados\/"},"wordCount":532,"publisher":{"@id":"https:\/\/empresas.infoempleo.com\/hrtrends\/#organization"},"image":{"@id":"https:\/\/empresas.infoempleo.com\/hrtrends\/perdedores-y-fracasados\/#primaryimage"},"thumbnailUrl":"https:\/\/empresas.infoempleo.com\/hrtrends\/media\/2017\/05\/pexels-photo-205508.jpg","keywords":["empreder","emprendedor"],"articleSection":["Actualidad"],"inLanguage":"es","copyrightYear":"2009","copyrightHolder":{"@id":"https:\/\/empresas.infoempleo.com\/hrtrends\/#organization"}},{"@type":"WebPage","@id":"https:\/\/empresas.infoempleo.com\/hrtrends\/perdedores-y-fracasados\/","url":"https:\/\/empresas.infoempleo.com\/hrtrends\/perdedores-y-fracasados\/","name":"Perdedores y fracasados | HRTRENDS","isPartOf":{"@id":"https:\/\/empresas.infoempleo.com\/hrtrends\/#website"},"primaryImageOfPage":{"@id":"https:\/\/empresas.infoempleo.com\/hrtrends\/perdedores-y-fracasados\/#primaryimage"},"image":{"@id":"https:\/\/empresas.infoempleo.com\/hrtrends\/perdedores-y-fracasados\/#primaryimage"},"thumbnailUrl":"https:\/\/empresas.infoempleo.com\/hrtrends\/media\/2017\/05\/pexels-photo-205508.jpg","datePublished":"2009-04-29T14:45:27+00:00","dateModified":"2022-10-13T14:46:06+00:00","breadcrumb":{"@id":"https:\/\/empresas.infoempleo.com\/hrtrends\/perdedores-y-fracasados\/#breadcrumb"},"inLanguage":"es","potentialAction":[{"@type":"ReadAction","target":["https:\/\/empresas.infoempleo.com\/hrtrends\/perdedores-y-fracasados\/"]}]},{"@type":"ImageObject","inLanguage":"es","@id":"https:\/\/empresas.infoempleo.com\/hrtrends\/perdedores-y-fracasados\/#primaryimage","url":"https:\/\/empresas.infoempleo.com\/hrtrends\/media\/2017\/05\/pexels-photo-205508-150x150.jpg","contentUrl":"https:\/\/empresas.infoempleo.com\/hrtrends\/media\/2017\/05\/pexels-photo-205508-150x150.jpg","width":150,"height":150},{"@type":"BreadcrumbList","@id":"https:\/\/empresas.infoempleo.com\/hrtrends\/perdedores-y-fracasados\/#breadcrumb","itemListElement":[{"@type":"ListItem","position":1,"name":"Portada","item":"https:\/\/empresas.infoempleo.com\/hrtrends\/"},{"@type":"ListItem","position":2,"name":"Perdedores y fracasados"}]},{"@type":"WebSite","@id":"https:\/\/empresas.infoempleo.com\/hrtrends\/#website","url":"https:\/\/empresas.infoempleo.com\/hrtrends","name":"HRTrends by Infoempleo","description":"","publisher":{"@id":"https:\/\/empresas.infoempleo.com\/hrtrends\/#organization"},"potentialAction":{"@type":"SearchAction","target":"https:\/\/empresas.infoempleo.com\/hrtrends\/?s={search_term_string}","query-input":"required name=search_term_string"},"inLanguage":"es"},{"@type":"Organization","@id":"https:\/\/empresas.infoempleo.com\/hrtrends\/#organization","name":"Infoempleo","url":"https:\/\/www.infoempleo.com\/","logo":{"@type":"ImageObject","@id":"https:\/\/empresas.infoempleo.com\/hrtrends\/#logo","inLanguage":"es","url":"https:\/\/cdnazure.infoempleo.com\/infoempleo\/assets\/style\/gfx\/logo.svg","contentUrl":"https:\/\/cdnazure.infoempleo.com\/infoempleo\/assets\/style\/gfx\/logo.svg","width":150,"height":40,"caption":"Infoempleo"},"image":{"@id":"https:\/\/empresas.infoempleo.com\/hrtrends\/#logo"},"sameAs":["https:\/\/www.facebook.com\/Infoempleo","https:\/\/x.com\/infoempleo","http:\/\/instagram.com\/infoempleo\/","http:\/\/www.linkedin.com\/groups\/Empleo-Espa\u00f1a-Infoempleocom-111276","http:\/\/pinterest.com\/infoempleo\/"],"address":{"@type":"PostalAddress","addressLocality":"Madrid","postalCode":"28050","streetAddress":"Avenida de Burgos 114"},"brand":["Infoempleo"]},{"@type":"Person","@id":"https:\/\/empresas.infoempleo.com\/hrtrends\/#\/schema\/person\/67d3e276ffcc8b3ae0ebec816daf775a","name":"infoempleo","image":{"@type":"ImageObject","inLanguage":"es","@id":"https:\/\/empresas.infoempleo.com\/hrtrends\/#\/schema\/person\/image\/","url":"https:\/\/secure.gravatar.com\/avatar\/7b437777242fe67d2473c2a818da2344692d1ee91e91080ccffbd97bcd4a0975?s=96&d=mm&r=g","contentUrl":"https:\/\/secure.gravatar.com\/avatar\/7b437777242fe67d2473c2a818da2344692d1ee91e91080ccffbd97bcd4a0975?s=96&d=mm&r=g","caption":"infoempleo"},"url":"https:\/\/empresas.infoempleo.com\/hrtrends\/author\/infoempleo\/"}]}},"amp_enabled":true,"_links":{"self":[{"href":"https:\/\/empresas.infoempleo.com\/hrtrends\/wp-json\/wp\/v2\/posts\/590","targetHints":{"allow":["GET"]}}],"collection":[{"href":"https:\/\/empresas.infoempleo.com\/hrtrends\/wp-json\/wp\/v2\/posts"}],"about":[{"href":"https:\/\/empresas.infoempleo.com\/hrtrends\/wp-json\/wp\/v2\/types\/post"}],"author":[{"embeddable":true,"href":"https:\/\/empresas.infoempleo.com\/hrtrends\/wp-json\/wp\/v2\/users\/72"}],"replies":[{"embeddable":true,"href":"https:\/\/empresas.infoempleo.com\/hrtrends\/wp-json\/wp\/v2\/comments?post=590"}],"version-history":[{"count":1,"href":"https:\/\/empresas.infoempleo.com\/hrtrends\/wp-json\/wp\/v2\/posts\/590\/revisions"}],"predecessor-version":[{"id":41183,"href":"https:\/\/empresas.infoempleo.com\/hrtrends\/wp-json\/wp\/v2\/posts\/590\/revisions\/41183"}],"wp:featuredmedia":[{"embeddable":true,"href":"https:\/\/empresas.infoempleo.com\/hrtrends\/wp-json\/wp\/v2\/media\/29665"}],"wp:attachment":[{"href":"https:\/\/empresas.infoempleo.com\/hrtrends\/wp-json\/wp\/v2\/media?parent=590"}],"wp:term":[{"taxonomy":"category","embeddable":true,"href":"https:\/\/empresas.infoempleo.com\/hrtrends\/wp-json\/wp\/v2\/categories?post=590"},{"taxonomy":"post_tag","embeddable":true,"href":"https:\/\/empresas.infoempleo.com\/hrtrends\/wp-json\/wp\/v2\/tags?post=590"}],"curies":[{"name":"wp","href":"https:\/\/api.w.org\/{rel}","templated":true}]}}