{"id":5639,"date":"2009-12-09T10:48:27","date_gmt":"2009-12-09T09:48:27","guid":{"rendered":"http:\/\/blog.infoempleo.com\/?p=5639"},"modified":"2023-03-13T19:32:07","modified_gmt":"2023-03-13T17:32:07","slug":"emprenda-ahora-y-triunfara-o-no","status":"publish","type":"post","link":"https:\/\/empresas.infoempleo.com\/hrtrends\/emprenda-ahora-y-triunfara-o-no\/","title":{"rendered":"Emprenda ahora y triunfar\u00e1&#8230; o no"},"content":{"rendered":"<p><strong>\u00abDetr\u00e1s de todas las crisis se esconde una oportunidad, de hecho, en chino, se usa el mismo ideograma para referirse a ambos conceptos\u00bb.<\/strong> Seguramente, usted ha o\u00eddo o le\u00eddo a alg\u00fan experto aducir esta teor\u00eda en el \u00faltimo a\u00f1o. Luc\u00eda y Marian no se fiaron tanto de esta intuici\u00f3n china como de la suya propia, pero hace unos meses decidieron dar un paso m\u00e1s en su carrera y montar su propia peluquer\u00eda canina en Madrid. Hace tres semanas abrieron las puertas de Vanity Pets, un modesto local que ha pasado a formar parte de los m\u00e1s de dos millones y medio de micropymes (empresas con tres o menos trabajadores) que operan en nuestro pa\u00eds.<\/p>\n<p>Por el momento no les han faltado clientes, aunque saben que \u00e9sta no es la mejor \u00e9poca ni la m\u00e1s segura: \u00abHemos buscado un local barato, hemos aprovechado nuestra vocaci\u00f3n, ya que nos dedicamos a esto desde hace tiempo y lo conocemos, y, para cuadrar mejor las cuentas, lo compatibilizamos trabajando por cuenta ajena en una cl\u00ednica veterinaria. Nunca se sabe qu\u00e9 vendr\u00e1 despu\u00e9s&#8230;\u00bb.<\/p>\n<p>Sin embargo, no todo el mundo que se anima a convertirse en empresario toma precauciones. <strong>La inestabilidad econ\u00f3mica y laboral est\u00e1 llevando a muchas personas a \u00abtirarse a la piscina\u00bb.<\/strong> El a\u00f1o pasado, Ignacio de la Vega, autor del Informe GEM (Global Entrepreneurship Monitor), ya lo pronosticaba: \u00abHabr\u00e1 un repunte del emprendimiento por necesidad, por ejemplo, entre los parados\u00bb. Y he aqu\u00ed uno de los principales problemas que est\u00e1 desencadenando la crisis: la precipitaci\u00f3n. Para <strong>Juan Carlos V\u00e1zquez-Dodero<\/strong>, \u00abnunca debe ser una v\u00eda f\u00e1cil de escape del paro\u00bb. El profesor del <a class=\"wp-caption-dd\" title=\"IESE\" href=\"https:\/\/www.iese.edu\/es\" target=\"_blank\" rel=\"noopener\">IESE <\/a>explica que es m\u00e1s que probable que en los momentos dif\u00edciles empecemos a dar lo mejor de nosotros mismos, pero advierte a los valientes de que montar un negocio \u00absignifica crear, dedicarse intensamente, soportar la incertidumbre&#8230;\u00bb. \u00abPor tanto, m\u00e1s vale cerciorarse, si no podr\u00eda ser peor el remedio que la enfermedad: \u00a1parado y lleno de deudas!\u00bb, exclama.<\/p>\n<p>Desde la <a class=\"wp-caption-dd\" title=\"ATA \" href=\"http:\/\/www1.autonomos-ata.com\/?backfill=0&#038;domainname=0&#038;searchbox=0&#038;subid4=635ffee637b9efda26877bdd\" target=\"_blank\" rel=\"noopener\">Federaci\u00f3n Nacional de Trabajadores Aut\u00f3nomos <\/a>ATA, <strong>Rosario Moreno<\/strong> incide en otras dificultades que se han agravado en los \u00faltimos meses. Moreno es asesora jur\u00eddica de ATA y ve c\u00f3mo el acceso a la financiaci\u00f3n es la principal preocupaci\u00f3n de los aut\u00f3nomos.<\/p>\n<p style=\"text-align: center\">\n<p>El ahogo financiero se ha llevado por delante a m\u00e1s de 120.000 aut\u00f3nomos. Seg\u00fan estimaciones de ATA, desde enero se cierran 500 negocios cada d\u00eda. Adem\u00e1s, <a class=\"wp-caption-dd\" title=\"Creacion de empresas en septiembre\" href=\"https:\/\/www.rtve.es\/noticias\/20091111\/creacion-empresas-se-reduce-271-septiembre-segun-datos-del-ine\/300284.shtml\" target=\"_blank\" rel=\"noopener\">1.068 sociedades se disolvieron en septiembre<\/a>, \u00faltimo mes analizado por el INE. No cabe duda, ante este panorama, de que la previsi\u00f3n econ\u00f3mica se convierte en un gran aliado para el futuro empresario. V\u00e1zquez-Dodero lanza un consejo inicial: \u00abLo primero es aquilatar bien cu\u00e1nto dinero se precisa y a qu\u00e9 plazo\u00bb. En la misma l\u00ednea, Rosario Moreno se\u00f1ala que \u00abhasta una panader\u00eda, un bar, lo que sea, necesita un buen plan de negocio\u00bb. Aunque \u00e9ste s\u00f3lo funcione como una hoja de ruta, ya que como repara Yago Arbeloa, presidente de la <a class=\"wp-caption-dd\" title=\"Web de AIEI\" href=\"http:\/\/aiei.es\/\" target=\"_blank\" rel=\"noopener\">Asociaci\u00f3n de Inversores y Emprendedores en Internet <\/a>(AIEI), \u00abmuy pocos planes se cumplen tal cual\u00bb, es imprescindible contar con \u00e9l y no dejar lugar a la improvisaci\u00f3n\u00bb.<\/p>\n<p>Pese a todo, y echando de nuevo un vistazo a las cifras de ATA y del Instituto Nacional de Estad\u00edstica, el fracaso es un fantasma que ronda al emprendedor. La perspectiva ideal para afrontar esta posibilidad es la que mantiene <strong>Luc\u00eda Zavala<\/strong>, directora de <a class=\"wp-caption-dd\" title=\"Fundacion Junior Achievement\" href=\"https:\/\/fundacionjaes.org\/\" target=\"_blank\" rel=\"noopener\">Junior Achievement <\/a>Espa\u00f1a, una organizaci\u00f3n sin \u00e1nimo de lucro que fomenta el emprendimiento entre los m\u00e1s j\u00f3venes: \u00ab\u00bfNo es obvio que la preparaci\u00f3n de esa persona para trabajar en el sector corporativo la convierte en m\u00e1s valiosa?\u00bb.<\/p>\n<p>En cambio, esta misma experta admite que a los espa\u00f1oles nos cuesta mucho entender la cultura del fracaso, tanto, que m\u00e1s bien existe una cultura \u00abdel miedo al fracaso\u00bb. <strong>Yago Arbeloa<\/strong>, que adem\u00e1s de presidir la AIEI es fundador de Sync.es, va m\u00e1s all\u00e1 y afirma que \u00abemprender sigue sin estar bien visto. De hecho, mucha gente espera que te des el batacazo&#8230;\u00bb.<\/p>\n<p>Ya con los pies en la tierra, y con los n\u00fameros bien claros sobre la mesa, es cuando se puede decir que las crisis albergan muchas e inesperadas oportunidades de negocio. <strong>En t\u00e9rminos de supervivencia empresarial, los periodos de inestabilidad funcionan como una criba<\/strong>: \u00abS\u00f3lo los que tienen buenos cimientos conseguir\u00e1n salir adelante e, incluso, salir fortalecidos\u00bb, reflexiona Rosario Moreno, de ATA, que pone como ejemplo de debilidad las empresas de oficios (de fontaner\u00eda, promotoras&#8230;) que surgieron por el tir\u00f3n de la construcci\u00f3n y han desaparecido con la misma rapidez que aparecieron. Por tanto, es evidente que la competencia es menor.<\/p>\n<p>Adem\u00e1s, las dificultades avivan el ingenio. \u00ab<strong>Las crisis destapan emprendedores en potencia que en otras circunstancias m\u00e1s f\u00e1ciles no habr\u00edan asumido riesgos ni se hubieran dedicado a ello\u00bb,<\/strong> concluye el profesor del IESE.<\/p>\n","protected":false},"excerpt":{"rendered":"<p>\u00abDetr\u00e1s de todas las crisis se esconde una oportunidad, de hecho, en chino, se usa el mismo ideograma<a class=\"moretag\" href=\"https:\/\/empresas.infoempleo.com\/hrtrends\/emprenda-ahora-y-triunfara-o-no\/\"> Leer m\u00e1s<\/a><\/p>\n","protected":false},"author":33,"featured_media":29665,"comment_status":"closed","ping_status":"open","sticky":false,"template":"","format":"standard","meta":{"footnotes":""},"categories":[3],"tags":[717,718,48,117,719,720,163,721],"class_list":["post-5639","post","type-post","status-publish","format-standard","has-post-thumbnail","hentry","category-actualidad","tag-ata","tag-autonomos","tag-crisis","tag-emprender","tag-financiacion","tag-gem","tag-iese","tag-oportunidad"],"yoast_head":"<!-- This site is optimized with the Yoast SEO plugin v26.1.1 - https:\/\/yoast.com\/wordpress\/plugins\/seo\/ -->\n<title>Emprenda ahora y triunfar\u00e1... o no | HRTRENDS<\/title>\n<meta name=\"robots\" content=\"index, follow, max-snippet:-1, max-image-preview:large, max-video-preview:-1\" \/>\n<link rel=\"canonical\" href=\"https:\/\/empresas.infoempleo.com\/hrtrends\/emprenda-ahora-y-triunfara-o-no\/\" \/>\n<meta property=\"og:locale\" content=\"es_ES\" \/>\n<meta property=\"og:type\" content=\"article\" \/>\n<meta property=\"og:title\" content=\"Emprenda ahora y triunfar\u00e1... o no | HRTRENDS\" \/>\n<meta property=\"og:description\" content=\"\u00abDetr\u00e1s de todas las crisis se esconde una oportunidad, de hecho, en chino, se usa el mismo ideograma Leer m\u00e1s\" \/>\n<meta property=\"og:url\" content=\"https:\/\/empresas.infoempleo.com\/hrtrends\/emprenda-ahora-y-triunfara-o-no\/\" \/>\n<meta property=\"og:site_name\" content=\"HRTRENDS\" \/>\n<meta property=\"article:publisher\" content=\"https:\/\/www.facebook.com\/Infoempleo\" \/>\n<meta property=\"article:published_time\" content=\"2009-12-09T09:48:27+00:00\" \/>\n<meta property=\"article:modified_time\" content=\"2023-03-13T17:32:07+00:00\" \/>\n<meta property=\"og:image\" content=\"https:\/\/empresas.infoempleo.com\/hrtrends\/media\/2017\/05\/pexels-photo-205508.jpg\" \/>\n\t<meta property=\"og:image:width\" content=\"1280\" \/>\n\t<meta property=\"og:image:height\" content=\"960\" \/>\n\t<meta property=\"og:image:type\" content=\"image\/jpeg\" \/>\n<meta name=\"author\" content=\"Cristina Mart\u00edn\" \/>\n<meta name=\"twitter:card\" content=\"summary_large_image\" \/>\n<meta name=\"twitter:creator\" content=\"@infoempleo\" \/>\n<meta name=\"twitter:site\" content=\"@infoempleo\" \/>\n<meta name=\"twitter:label1\" content=\"Escrito por\" \/>\n\t<meta name=\"twitter:data1\" content=\"Cristina Mart\u00edn\" \/>\n\t<meta name=\"twitter:label2\" content=\"Tiempo de lectura\" \/>\n\t<meta name=\"twitter:data2\" content=\"4 minutos\" \/>\n<script type=\"application\/ld+json\" class=\"yoast-schema-graph\">{\"@context\":\"https:\/\/schema.org\",\"@graph\":[{\"@type\":\"NewsArticle\",\"@id\":\"https:\/\/empresas.infoempleo.com\/hrtrends\/emprenda-ahora-y-triunfara-o-no\/#article\",\"isPartOf\":{\"@id\":\"https:\/\/empresas.infoempleo.com\/hrtrends\/emprenda-ahora-y-triunfara-o-no\/\"},\"author\":{\"name\":\"Cristina Mart\u00edn\",\"@id\":\"https:\/\/empresas.infoempleo.com\/hrtrends\/#\/schema\/person\/f211bd3f083559daff103f670fe968b8\"},\"headline\":\"Emprenda ahora y triunfar\u00e1&#8230; o no\",\"datePublished\":\"2009-12-09T09:48:27+00:00\",\"dateModified\":\"2023-03-13T17:32:07+00:00\",\"mainEntityOfPage\":{\"@id\":\"https:\/\/empresas.infoempleo.com\/hrtrends\/emprenda-ahora-y-triunfara-o-no\/\"},\"wordCount\":867,\"publisher\":{\"@id\":\"https:\/\/empresas.infoempleo.com\/hrtrends\/#organization\"},\"image\":{\"@id\":\"https:\/\/empresas.infoempleo.com\/hrtrends\/emprenda-ahora-y-triunfara-o-no\/#primaryimage\"},\"thumbnailUrl\":\"https:\/\/empresas.infoempleo.com\/hrtrends\/media\/2017\/05\/pexels-photo-205508.jpg\",\"keywords\":[\"ATA\",\"Aut\u00f3nomos\",\"Crisis\",\"emprender\",\"financiaci\u00f3n\",\"GEM\",\"IESE\",\"oportunidad\"],\"articleSection\":[\"Actualidad\"],\"inLanguage\":\"es\",\"copyrightYear\":\"2009\",\"copyrightHolder\":{\"@id\":\"https:\/\/empresas.infoempleo.com\/hrtrends\/#organization\"}},{\"@type\":\"WebPage\",\"@id\":\"https:\/\/empresas.infoempleo.com\/hrtrends\/emprenda-ahora-y-triunfara-o-no\/\",\"url\":\"https:\/\/empresas.infoempleo.com\/hrtrends\/emprenda-ahora-y-triunfara-o-no\/\",\"name\":\"Emprenda ahora y triunfar\u00e1... o no | HRTRENDS\",\"isPartOf\":{\"@id\":\"https:\/\/empresas.infoempleo.com\/hrtrends\/#website\"},\"primaryImageOfPage\":{\"@id\":\"https:\/\/empresas.infoempleo.com\/hrtrends\/emprenda-ahora-y-triunfara-o-no\/#primaryimage\"},\"image\":{\"@id\":\"https:\/\/empresas.infoempleo.com\/hrtrends\/emprenda-ahora-y-triunfara-o-no\/#primaryimage\"},\"thumbnailUrl\":\"https:\/\/empresas.infoempleo.com\/hrtrends\/media\/2017\/05\/pexels-photo-205508.jpg\",\"datePublished\":\"2009-12-09T09:48:27+00:00\",\"dateModified\":\"2023-03-13T17:32:07+00:00\",\"breadcrumb\":{\"@id\":\"https:\/\/empresas.infoempleo.com\/hrtrends\/emprenda-ahora-y-triunfara-o-no\/#breadcrumb\"},\"inLanguage\":\"es\",\"potentialAction\":[{\"@type\":\"ReadAction\",\"target\":[\"https:\/\/empresas.infoempleo.com\/hrtrends\/emprenda-ahora-y-triunfara-o-no\/\"]}]},{\"@type\":\"ImageObject\",\"inLanguage\":\"es\",\"@id\":\"https:\/\/empresas.infoempleo.com\/hrtrends\/emprenda-ahora-y-triunfara-o-no\/#primaryimage\",\"url\":\"https:\/\/empresas.infoempleo.com\/hrtrends\/media\/2017\/05\/pexels-photo-205508-150x150.jpg\",\"contentUrl\":\"https:\/\/empresas.infoempleo.com\/hrtrends\/media\/2017\/05\/pexels-photo-205508-150x150.jpg\",\"width\":150,\"height\":150},{\"@type\":\"BreadcrumbList\",\"@id\":\"https:\/\/empresas.infoempleo.com\/hrtrends\/emprenda-ahora-y-triunfara-o-no\/#breadcrumb\",\"itemListElement\":[{\"@type\":\"ListItem\",\"position\":1,\"name\":\"Portada\",\"item\":\"https:\/\/empresas.infoempleo.com\/hrtrends\/\"},{\"@type\":\"ListItem\",\"position\":2,\"name\":\"Emprenda ahora y triunfar\u00e1&#8230; o no\"}]},{\"@type\":\"WebSite\",\"@id\":\"https:\/\/empresas.infoempleo.com\/hrtrends\/#website\",\"url\":\"https:\/\/empresas.infoempleo.com\/hrtrends\",\"name\":\"HRTrends by Infoempleo\",\"description\":\"\",\"publisher\":{\"@id\":\"https:\/\/empresas.infoempleo.com\/hrtrends\/#organization\"},\"potentialAction\":{\"@type\":\"SearchAction\",\"target\":\"https:\/\/empresas.infoempleo.com\/hrtrends\/?s={search_term_string}\",\"query-input\":\"required name=search_term_string\"},\"inLanguage\":\"es\"},{\"@type\":\"Organization\",\"@id\":\"https:\/\/empresas.infoempleo.com\/hrtrends\/#organization\",\"name\":\"Infoempleo\",\"url\":\"https:\/\/www.infoempleo.com\/\",\"logo\":{\"@type\":\"ImageObject\",\"@id\":\"https:\/\/empresas.infoempleo.com\/hrtrends\/#logo\",\"inLanguage\":\"es\",\"url\":\"https:\/\/cdnazure.infoempleo.com\/infoempleo\/assets\/style\/gfx\/logo.svg\",\"contentUrl\":\"https:\/\/cdnazure.infoempleo.com\/infoempleo\/assets\/style\/gfx\/logo.svg\",\"width\":150,\"height\":40,\"caption\":\"Infoempleo\"},\"image\":{\"@id\":\"https:\/\/empresas.infoempleo.com\/hrtrends\/#logo\"},\"sameAs\":[\"https:\/\/www.facebook.com\/Infoempleo\",\"https:\/\/x.com\/infoempleo\",\"http:\/\/instagram.com\/infoempleo\/\",\"http:\/\/www.linkedin.com\/groups\/Empleo-Espa\u00f1a-Infoempleocom-111276\",\"http:\/\/pinterest.com\/infoempleo\/\"],\"address\":{\"@type\":\"PostalAddress\",\"addressLocality\":\"Madrid\",\"postalCode\":\"28050\",\"streetAddress\":\"Avenida de Burgos 114\"},\"brand\":[\"Infoempleo\"]},{\"@type\":\"Person\",\"@id\":\"https:\/\/empresas.infoempleo.com\/hrtrends\/#\/schema\/person\/f211bd3f083559daff103f670fe968b8\",\"name\":\"Cristina Mart\u00edn\",\"image\":{\"@type\":\"ImageObject\",\"inLanguage\":\"es\",\"@id\":\"https:\/\/empresas.infoempleo.com\/hrtrends\/#\/schema\/person\/image\/\",\"url\":\"https:\/\/secure.gravatar.com\/avatar\/7a85ff01010a0d921dc9d1da42a82a70f74e2cd0329b7fc20ee2c1c08a97daed?s=96&d=mm&r=g\",\"contentUrl\":\"https:\/\/secure.gravatar.com\/avatar\/7a85ff01010a0d921dc9d1da42a82a70f74e2cd0329b7fc20ee2c1c08a97daed?s=96&d=mm&r=g\",\"caption\":\"Cristina Mart\u00edn\"},\"url\":\"https:\/\/empresas.infoempleo.com\/hrtrends\/author\/cristina-martin\/\"}]}<\/script>\n<!-- \/ Yoast SEO plugin. -->","yoast_head_json":{"title":"Emprenda ahora y triunfar\u00e1... o no | HRTRENDS","robots":{"index":"index","follow":"follow","max-snippet":"max-snippet:-1","max-image-preview":"max-image-preview:large","max-video-preview":"max-video-preview:-1"},"canonical":"https:\/\/empresas.infoempleo.com\/hrtrends\/emprenda-ahora-y-triunfara-o-no\/","og_locale":"es_ES","og_type":"article","og_title":"Emprenda ahora y triunfar\u00e1... o no | HRTRENDS","og_description":"\u00abDetr\u00e1s de todas las crisis se esconde una oportunidad, de hecho, en chino, se usa el mismo ideograma Leer m\u00e1s","og_url":"https:\/\/empresas.infoempleo.com\/hrtrends\/emprenda-ahora-y-triunfara-o-no\/","og_site_name":"HRTRENDS","article_publisher":"https:\/\/www.facebook.com\/Infoempleo","article_published_time":"2009-12-09T09:48:27+00:00","article_modified_time":"2023-03-13T17:32:07+00:00","og_image":[{"width":1280,"height":960,"url":"https:\/\/empresas.infoempleo.com\/hrtrends\/media\/2017\/05\/pexels-photo-205508.jpg","type":"image\/jpeg"}],"author":"Cristina Mart\u00edn","twitter_card":"summary_large_image","twitter_creator":"@infoempleo","twitter_site":"@infoempleo","twitter_misc":{"Escrito por":"Cristina Mart\u00edn","Tiempo de lectura":"4 minutos"},"schema":{"@context":"https:\/\/schema.org","@graph":[{"@type":"NewsArticle","@id":"https:\/\/empresas.infoempleo.com\/hrtrends\/emprenda-ahora-y-triunfara-o-no\/#article","isPartOf":{"@id":"https:\/\/empresas.infoempleo.com\/hrtrends\/emprenda-ahora-y-triunfara-o-no\/"},"author":{"name":"Cristina Mart\u00edn","@id":"https:\/\/empresas.infoempleo.com\/hrtrends\/#\/schema\/person\/f211bd3f083559daff103f670fe968b8"},"headline":"Emprenda ahora y triunfar\u00e1&#8230; o no","datePublished":"2009-12-09T09:48:27+00:00","dateModified":"2023-03-13T17:32:07+00:00","mainEntityOfPage":{"@id":"https:\/\/empresas.infoempleo.com\/hrtrends\/emprenda-ahora-y-triunfara-o-no\/"},"wordCount":867,"publisher":{"@id":"https:\/\/empresas.infoempleo.com\/hrtrends\/#organization"},"image":{"@id":"https:\/\/empresas.infoempleo.com\/hrtrends\/emprenda-ahora-y-triunfara-o-no\/#primaryimage"},"thumbnailUrl":"https:\/\/empresas.infoempleo.com\/hrtrends\/media\/2017\/05\/pexels-photo-205508.jpg","keywords":["ATA","Aut\u00f3nomos","Crisis","emprender","financiaci\u00f3n","GEM","IESE","oportunidad"],"articleSection":["Actualidad"],"inLanguage":"es","copyrightYear":"2009","copyrightHolder":{"@id":"https:\/\/empresas.infoempleo.com\/hrtrends\/#organization"}},{"@type":"WebPage","@id":"https:\/\/empresas.infoempleo.com\/hrtrends\/emprenda-ahora-y-triunfara-o-no\/","url":"https:\/\/empresas.infoempleo.com\/hrtrends\/emprenda-ahora-y-triunfara-o-no\/","name":"Emprenda ahora y triunfar\u00e1... o no | HRTRENDS","isPartOf":{"@id":"https:\/\/empresas.infoempleo.com\/hrtrends\/#website"},"primaryImageOfPage":{"@id":"https:\/\/empresas.infoempleo.com\/hrtrends\/emprenda-ahora-y-triunfara-o-no\/#primaryimage"},"image":{"@id":"https:\/\/empresas.infoempleo.com\/hrtrends\/emprenda-ahora-y-triunfara-o-no\/#primaryimage"},"thumbnailUrl":"https:\/\/empresas.infoempleo.com\/hrtrends\/media\/2017\/05\/pexels-photo-205508.jpg","datePublished":"2009-12-09T09:48:27+00:00","dateModified":"2023-03-13T17:32:07+00:00","breadcrumb":{"@id":"https:\/\/empresas.infoempleo.com\/hrtrends\/emprenda-ahora-y-triunfara-o-no\/#breadcrumb"},"inLanguage":"es","potentialAction":[{"@type":"ReadAction","target":["https:\/\/empresas.infoempleo.com\/hrtrends\/emprenda-ahora-y-triunfara-o-no\/"]}]},{"@type":"ImageObject","inLanguage":"es","@id":"https:\/\/empresas.infoempleo.com\/hrtrends\/emprenda-ahora-y-triunfara-o-no\/#primaryimage","url":"https:\/\/empresas.infoempleo.com\/hrtrends\/media\/2017\/05\/pexels-photo-205508-150x150.jpg","contentUrl":"https:\/\/empresas.infoempleo.com\/hrtrends\/media\/2017\/05\/pexels-photo-205508-150x150.jpg","width":150,"height":150},{"@type":"BreadcrumbList","@id":"https:\/\/empresas.infoempleo.com\/hrtrends\/emprenda-ahora-y-triunfara-o-no\/#breadcrumb","itemListElement":[{"@type":"ListItem","position":1,"name":"Portada","item":"https:\/\/empresas.infoempleo.com\/hrtrends\/"},{"@type":"ListItem","position":2,"name":"Emprenda ahora y triunfar\u00e1&#8230; o no"}]},{"@type":"WebSite","@id":"https:\/\/empresas.infoempleo.com\/hrtrends\/#website","url":"https:\/\/empresas.infoempleo.com\/hrtrends","name":"HRTrends by Infoempleo","description":"","publisher":{"@id":"https:\/\/empresas.infoempleo.com\/hrtrends\/#organization"},"potentialAction":{"@type":"SearchAction","target":"https:\/\/empresas.infoempleo.com\/hrtrends\/?s={search_term_string}","query-input":"required name=search_term_string"},"inLanguage":"es"},{"@type":"Organization","@id":"https:\/\/empresas.infoempleo.com\/hrtrends\/#organization","name":"Infoempleo","url":"https:\/\/www.infoempleo.com\/","logo":{"@type":"ImageObject","@id":"https:\/\/empresas.infoempleo.com\/hrtrends\/#logo","inLanguage":"es","url":"https:\/\/cdnazure.infoempleo.com\/infoempleo\/assets\/style\/gfx\/logo.svg","contentUrl":"https:\/\/cdnazure.infoempleo.com\/infoempleo\/assets\/style\/gfx\/logo.svg","width":150,"height":40,"caption":"Infoempleo"},"image":{"@id":"https:\/\/empresas.infoempleo.com\/hrtrends\/#logo"},"sameAs":["https:\/\/www.facebook.com\/Infoempleo","https:\/\/x.com\/infoempleo","http:\/\/instagram.com\/infoempleo\/","http:\/\/www.linkedin.com\/groups\/Empleo-Espa\u00f1a-Infoempleocom-111276","http:\/\/pinterest.com\/infoempleo\/"],"address":{"@type":"PostalAddress","addressLocality":"Madrid","postalCode":"28050","streetAddress":"Avenida de Burgos 114"},"brand":["Infoempleo"]},{"@type":"Person","@id":"https:\/\/empresas.infoempleo.com\/hrtrends\/#\/schema\/person\/f211bd3f083559daff103f670fe968b8","name":"Cristina Mart\u00edn","image":{"@type":"ImageObject","inLanguage":"es","@id":"https:\/\/empresas.infoempleo.com\/hrtrends\/#\/schema\/person\/image\/","url":"https:\/\/secure.gravatar.com\/avatar\/7a85ff01010a0d921dc9d1da42a82a70f74e2cd0329b7fc20ee2c1c08a97daed?s=96&d=mm&r=g","contentUrl":"https:\/\/secure.gravatar.com\/avatar\/7a85ff01010a0d921dc9d1da42a82a70f74e2cd0329b7fc20ee2c1c08a97daed?s=96&d=mm&r=g","caption":"Cristina Mart\u00edn"},"url":"https:\/\/empresas.infoempleo.com\/hrtrends\/author\/cristina-martin\/"}]}},"amp_enabled":true,"_links":{"self":[{"href":"https:\/\/empresas.infoempleo.com\/hrtrends\/wp-json\/wp\/v2\/posts\/5639","targetHints":{"allow":["GET"]}}],"collection":[{"href":"https:\/\/empresas.infoempleo.com\/hrtrends\/wp-json\/wp\/v2\/posts"}],"about":[{"href":"https:\/\/empresas.infoempleo.com\/hrtrends\/wp-json\/wp\/v2\/types\/post"}],"author":[{"embeddable":true,"href":"https:\/\/empresas.infoempleo.com\/hrtrends\/wp-json\/wp\/v2\/users\/33"}],"replies":[{"embeddable":true,"href":"https:\/\/empresas.infoempleo.com\/hrtrends\/wp-json\/wp\/v2\/comments?post=5639"}],"version-history":[{"count":2,"href":"https:\/\/empresas.infoempleo.com\/hrtrends\/wp-json\/wp\/v2\/posts\/5639\/revisions"}],"predecessor-version":[{"id":43311,"href":"https:\/\/empresas.infoempleo.com\/hrtrends\/wp-json\/wp\/v2\/posts\/5639\/revisions\/43311"}],"wp:featuredmedia":[{"embeddable":true,"href":"https:\/\/empresas.infoempleo.com\/hrtrends\/wp-json\/wp\/v2\/media\/29665"}],"wp:attachment":[{"href":"https:\/\/empresas.infoempleo.com\/hrtrends\/wp-json\/wp\/v2\/media?parent=5639"}],"wp:term":[{"taxonomy":"category","embeddable":true,"href":"https:\/\/empresas.infoempleo.com\/hrtrends\/wp-json\/wp\/v2\/categories?post=5639"},{"taxonomy":"post_tag","embeddable":true,"href":"https:\/\/empresas.infoempleo.com\/hrtrends\/wp-json\/wp\/v2\/tags?post=5639"}],"curies":[{"name":"wp","href":"https:\/\/api.w.org\/{rel}","templated":true}]}}