{"id":5610,"date":"2009-12-09T09:14:01","date_gmt":"2009-12-09T08:14:01","guid":{"rendered":"http:\/\/blog.infoempleo.com\/?p=5610"},"modified":"2023-03-13T19:32:07","modified_gmt":"2023-03-13T17:32:07","slug":"las-ofertas-dirigidas-a-profesionales-aumentan-un-145-en-el-ultimo-mes","status":"publish","type":"post","link":"https:\/\/empresas.infoempleo.com\/hrtrends\/las-ofertas-dirigidas-a-profesionales-aumentan-un-145-en-el-ultimo-mes\/","title":{"rendered":"Las ofertas dirigidas a profesionales aumentan un 14,5% en el \u00faltimo mes"},"content":{"rendered":"<p>Dado el efecto sangrante de la crisis en el mercado laboral espa\u00f1ol, la pregunta ya no es cu\u00e1ndo empezar\u00e1 la recuperaci\u00f3n, sino cu\u00e1ndo asistiremos a la creaci\u00f3n de empleo neto, cu\u00e1ndo esos brotes verdes, que, m\u00e1s que anunciar un cambio de tendencia, constituyen casos aislados, pesar\u00e1n m\u00e1s que el lastre de la crisis inmobiliaria. <strong>En noviembre, se publicaron un 14,48% m\u00e1s ofertas de trabajo cualificado que en octubre<\/strong>. Un dato positivo que, de venir acompa\u00f1ado por otros del mismo signo y precedido por otras tantas buenas noticias, podr\u00eda interpretarse como una se\u00f1al inequ\u00edvoca de cambio.<\/p>\n<p>Por desgracia, el optimismo en materia de empleo s\u00f3lo puede aplicarse en un ejercicio de imaginaci\u00f3n. En octubre, cuando tradicionalmente la publicaci\u00f3n de ofertas para profesionales alcanza su m\u00e1ximo anual, se registr\u00f3 un descenso del 28,22% respecto a septiembre. Y <strong>los datos que desvela el \u00faltimo balance mensual de Infoempleo pueden congelar cualquier sonrisa<\/strong>: el mes pasado se public\u00f3 un 60,73% menos ofertas que en noviembre del a\u00f1o anterior, cuando la crisis ya se manifestaba en toda su crudeza, y el porcentaje de ca\u00edda interanual, que recoge la evoluci\u00f3n del \u00faltimo a\u00f1o, se cifra en un 67,39%.<\/p>\n<p>Los titulados universitarios y de FP, as\u00ed como directivos, mandos y t\u00e9cnicos, son los principales destinatarios de las vacantes analizadas por Infoempleo, que, mes a mes, ofrece un <strong>pormenorizado retrato del empleo cualificado en Espa\u00f1a<\/strong>.<\/p>\n<p>En noviembre, <strong>alimentaci\u00f3n, bebidas y tabaco volvi\u00f3 a destacar<\/strong>, por tercer mes consecutivo, como el principal demandante de profesionales. Sin embargo, su p\u00e9rdida de peso relativo le acerca a otros sectores que, como industrial, consultor\u00eda o sanidad, le pisan los talones. Noviembre ha venido acompa\u00f1ado de un <strong>baile en la tabla sectorial<\/strong> en el que todas las actividades, a excepci\u00f3n de alimentaci\u00f3n, han cambiado de lugar. Por ejemplo, sanidad ha ascendido del octavo al cuarto puesto e inform\u00e1tica, del d\u00e9cimo al s\u00e9ptimo. Farmacia y material hospitalario, por el contrario, se ha desplomado de la quinta a la decimoquinta posici\u00f3n.<\/p>\n<p>Pese a los movimientos en la tabla, las diferencias entre las distintas marcas tienden a acortarse. Por ejemplo, al primero y al d\u00e9cimo sector en la lista, telecomunicaciones, les separan poco m\u00e1s de dos puntos porcentuales.<\/p>\n<p>La <strong><a class=\"wp-caption-dd\" title=\"Ley de Econom\u00eda Sostenible\" href=\"https:\/\/www.abc.es\/20091123\/economia-economia\/sera-aprobada-viernes-consejo-20091123.html\" target=\"_blank\" rel=\"noopener\">Ley de Econom\u00eda Sostenible<\/a><\/strong>, en torno a la que el Gobierno quiere hacer pivotar el cambio de modelo productivo, busca un tejido industrial que, a diferencia de la construcci\u00f3n \u2014que no puede reabsorber los 900.000 empleos que ha perdido en esta crisis\u2014, no se base en una mano de obra intensiva y poco cualificada. Pero, dado que para taponar la hemorragia de parados se necesitan medidas urgentes, puesta a destacar aquellas de la ley que m\u00e1s impacto tendr\u00e1n en el corto plazo, la ministra de Econom\u00eda, Elena Salgado, se\u00f1ala las relativas a la rehabilitaci\u00f3n de viviendas. En junio de 2007, cuando la crisis s\u00f3lo era una posibilidad para algunos y nadie pod\u00eda imaginar la virulencia con la que se desat\u00f3, la construcci\u00f3n estaba detr\u00e1s del 15,61% de las ofertas analizadas por Infoempleo. Hoy, con un exiguo 4,28%, el ladrillo soporta, adem\u00e1s, el estigma de la culpa.<\/p>\n<h3>El empuj\u00f3n de Galicia<\/h3>\n<p>Entre las comunidades aut\u00f3nomas, noviembre apenas ha introducido cambios. En general, podemos decir que ha favorecido a las primeras de la lista, pero, sobre todo, a Galicia, que sube del s\u00e9ptimo al cuarto puesto de la clasificaci\u00f3n y adelanta as\u00ed a Andaluc\u00eda, Castilla y Le\u00f3n y Valencia. Tampoco Arag\u00f3n, Asturias y Navarra, que completan el \u00abtop ten\u00bb, han mejorado sus marcas en noviembre.<\/p>\n<p style=\"text-align: center\"><strong>Ofertas de empleo por comunidades aut\u00f3nomas<\/strong><\/p>\n<p><strong>Catalu\u00f1a, Madrid y el Pa\u00eds Vasco, que se reparten Oro, Plata y Bronce, respectivamente, se afianzan en el podio<\/strong>. Su fortalecimiento contrasta con el de los dos archipi\u00e9lagos, que, tan dependientes del sector de la hosteler\u00eda y el turismo, tocan fondo y s\u00f3lo superan a Extremadura y al conjunto de ofertas destinadas al extranjero.<\/p>\n<p>Precisamente, llama la atenci\u00f3n el <strong>aumento de las ofertas para trabajar fuera de Espa\u00f1a<\/strong>. En el \u00faltimo mes, su peso se ha duplicado y ha pasado del 0,75% al 1,55% del total analizado.<\/p>\n<p>Si las previsiones de la OCDE y la Comisi\u00f3n Europea no se equivocan, el crecimiento del empleo no est\u00e1 a la vuelta de la esquina, sino que tendremos que esperar hasta 2011.<\/p>\n","protected":false},"excerpt":{"rendered":"<p>Dado el efecto sangrante de la crisis en el mercado laboral espa\u00f1ol, la pregunta ya no es cu\u00e1ndo<a class=\"moretag\" href=\"https:\/\/empresas.infoempleo.com\/hrtrends\/las-ofertas-dirigidas-a-profesionales-aumentan-un-145-en-el-ultimo-mes\/\"> Leer m\u00e1s<\/a><\/p>\n","protected":false},"author":34,"featured_media":29665,"comment_status":"closed","ping_status":"open","sticky":false,"template":"","format":"standard","meta":{"footnotes":""},"categories":[3],"tags":[472,48,709,126,710,711,152,16,187,188],"class_list":["post-5610","post","type-post","status-publish","format-standard","has-post-thumbnail","hentry","category-actualidad","tag-cataluna","tag-crisis","tag-galicia","tag-madrid","tag-noviembre","tag-ofertas-de-empleo","tag-parados","tag-paro","tag-sectores","tag-termometro-laboral"],"yoast_head":"<!-- This site is optimized with the Yoast SEO plugin v26.1.1 - https:\/\/yoast.com\/wordpress\/plugins\/seo\/ -->\n<title>Las ofertas dirigidas a profesionales aumentan un 14,5% en el \u00faltimo mes | HRTRENDS<\/title>\n<meta name=\"robots\" content=\"index, follow, max-snippet:-1, max-image-preview:large, max-video-preview:-1\" \/>\n<link rel=\"canonical\" href=\"https:\/\/empresas.infoempleo.com\/hrtrends\/las-ofertas-dirigidas-a-profesionales-aumentan-un-145-en-el-ultimo-mes\/\" \/>\n<meta property=\"og:locale\" content=\"es_ES\" \/>\n<meta property=\"og:type\" content=\"article\" \/>\n<meta property=\"og:title\" content=\"Las ofertas dirigidas a profesionales aumentan un 14,5% en el \u00faltimo mes | HRTRENDS\" \/>\n<meta property=\"og:description\" content=\"Dado el efecto sangrante de la crisis en el mercado laboral espa\u00f1ol, la pregunta ya no es cu\u00e1ndo Leer m\u00e1s\" \/>\n<meta property=\"og:url\" content=\"https:\/\/empresas.infoempleo.com\/hrtrends\/las-ofertas-dirigidas-a-profesionales-aumentan-un-145-en-el-ultimo-mes\/\" \/>\n<meta property=\"og:site_name\" content=\"HRTRENDS\" \/>\n<meta property=\"article:publisher\" content=\"https:\/\/www.facebook.com\/Infoempleo\" \/>\n<meta property=\"article:published_time\" content=\"2009-12-09T08:14:01+00:00\" \/>\n<meta property=\"article:modified_time\" content=\"2023-03-13T17:32:07+00:00\" \/>\n<meta property=\"og:image\" content=\"https:\/\/empresas.infoempleo.com\/hrtrends\/media\/2017\/05\/pexels-photo-205508.jpg\" \/>\n\t<meta property=\"og:image:width\" content=\"1280\" \/>\n\t<meta property=\"og:image:height\" content=\"960\" \/>\n\t<meta property=\"og:image:type\" content=\"image\/jpeg\" \/>\n<meta name=\"author\" content=\"Rosario Sep\u00falveda\" \/>\n<meta name=\"twitter:card\" content=\"summary_large_image\" \/>\n<meta name=\"twitter:creator\" content=\"@infoempleo\" \/>\n<meta name=\"twitter:site\" content=\"@infoempleo\" \/>\n<meta name=\"twitter:label1\" content=\"Escrito por\" \/>\n\t<meta name=\"twitter:data1\" content=\"Rosario Sep\u00falveda\" \/>\n\t<meta name=\"twitter:label2\" content=\"Tiempo de lectura\" \/>\n\t<meta name=\"twitter:data2\" content=\"4 minutos\" \/>\n<script type=\"application\/ld+json\" class=\"yoast-schema-graph\">{\"@context\":\"https:\/\/schema.org\",\"@graph\":[{\"@type\":\"NewsArticle\",\"@id\":\"https:\/\/empresas.infoempleo.com\/hrtrends\/las-ofertas-dirigidas-a-profesionales-aumentan-un-145-en-el-ultimo-mes\/#article\",\"isPartOf\":{\"@id\":\"https:\/\/empresas.infoempleo.com\/hrtrends\/las-ofertas-dirigidas-a-profesionales-aumentan-un-145-en-el-ultimo-mes\/\"},\"author\":{\"name\":\"Rosario Sep\u00falveda\",\"@id\":\"https:\/\/empresas.infoempleo.com\/hrtrends\/#\/schema\/person\/2a45835f1492cbc7fbce11ad398707a8\"},\"headline\":\"Las ofertas dirigidas a profesionales aumentan un 14,5% en el \u00faltimo mes\",\"datePublished\":\"2009-12-09T08:14:01+00:00\",\"dateModified\":\"2023-03-13T17:32:07+00:00\",\"mainEntityOfPage\":{\"@id\":\"https:\/\/empresas.infoempleo.com\/hrtrends\/las-ofertas-dirigidas-a-profesionales-aumentan-un-145-en-el-ultimo-mes\/\"},\"wordCount\":765,\"publisher\":{\"@id\":\"https:\/\/empresas.infoempleo.com\/hrtrends\/#organization\"},\"image\":{\"@id\":\"https:\/\/empresas.infoempleo.com\/hrtrends\/las-ofertas-dirigidas-a-profesionales-aumentan-un-145-en-el-ultimo-mes\/#primaryimage\"},\"thumbnailUrl\":\"https:\/\/empresas.infoempleo.com\/hrtrends\/media\/2017\/05\/pexels-photo-205508.jpg\",\"keywords\":[\"Catalu\u00f1a\",\"Crisis\",\"Galicia\",\"Madrid\",\"noviembre\",\"ofertas de empleo\",\"parados\",\"paro\",\"Sectores\",\"term\u00f3metro laboral\"],\"articleSection\":[\"Actualidad\"],\"inLanguage\":\"es\",\"copyrightYear\":\"2009\",\"copyrightHolder\":{\"@id\":\"https:\/\/empresas.infoempleo.com\/hrtrends\/#organization\"}},{\"@type\":\"WebPage\",\"@id\":\"https:\/\/empresas.infoempleo.com\/hrtrends\/las-ofertas-dirigidas-a-profesionales-aumentan-un-145-en-el-ultimo-mes\/\",\"url\":\"https:\/\/empresas.infoempleo.com\/hrtrends\/las-ofertas-dirigidas-a-profesionales-aumentan-un-145-en-el-ultimo-mes\/\",\"name\":\"Las ofertas dirigidas a profesionales aumentan un 14,5% en el \u00faltimo mes | HRTRENDS\",\"isPartOf\":{\"@id\":\"https:\/\/empresas.infoempleo.com\/hrtrends\/#website\"},\"primaryImageOfPage\":{\"@id\":\"https:\/\/empresas.infoempleo.com\/hrtrends\/las-ofertas-dirigidas-a-profesionales-aumentan-un-145-en-el-ultimo-mes\/#primaryimage\"},\"image\":{\"@id\":\"https:\/\/empresas.infoempleo.com\/hrtrends\/las-ofertas-dirigidas-a-profesionales-aumentan-un-145-en-el-ultimo-mes\/#primaryimage\"},\"thumbnailUrl\":\"https:\/\/empresas.infoempleo.com\/hrtrends\/media\/2017\/05\/pexels-photo-205508.jpg\",\"datePublished\":\"2009-12-09T08:14:01+00:00\",\"dateModified\":\"2023-03-13T17:32:07+00:00\",\"breadcrumb\":{\"@id\":\"https:\/\/empresas.infoempleo.com\/hrtrends\/las-ofertas-dirigidas-a-profesionales-aumentan-un-145-en-el-ultimo-mes\/#breadcrumb\"},\"inLanguage\":\"es\",\"potentialAction\":[{\"@type\":\"ReadAction\",\"target\":[\"https:\/\/empresas.infoempleo.com\/hrtrends\/las-ofertas-dirigidas-a-profesionales-aumentan-un-145-en-el-ultimo-mes\/\"]}]},{\"@type\":\"ImageObject\",\"inLanguage\":\"es\",\"@id\":\"https:\/\/empresas.infoempleo.com\/hrtrends\/las-ofertas-dirigidas-a-profesionales-aumentan-un-145-en-el-ultimo-mes\/#primaryimage\",\"url\":\"https:\/\/empresas.infoempleo.com\/hrtrends\/media\/2017\/05\/pexels-photo-205508-150x150.jpg\",\"contentUrl\":\"https:\/\/empresas.infoempleo.com\/hrtrends\/media\/2017\/05\/pexels-photo-205508-150x150.jpg\",\"width\":150,\"height\":150},{\"@type\":\"BreadcrumbList\",\"@id\":\"https:\/\/empresas.infoempleo.com\/hrtrends\/las-ofertas-dirigidas-a-profesionales-aumentan-un-145-en-el-ultimo-mes\/#breadcrumb\",\"itemListElement\":[{\"@type\":\"ListItem\",\"position\":1,\"name\":\"Portada\",\"item\":\"https:\/\/empresas.infoempleo.com\/hrtrends\/\"},{\"@type\":\"ListItem\",\"position\":2,\"name\":\"Las ofertas dirigidas a profesionales aumentan un 14,5% en el \u00faltimo mes\"}]},{\"@type\":\"WebSite\",\"@id\":\"https:\/\/empresas.infoempleo.com\/hrtrends\/#website\",\"url\":\"https:\/\/empresas.infoempleo.com\/hrtrends\",\"name\":\"HRTrends by Infoempleo\",\"description\":\"\",\"publisher\":{\"@id\":\"https:\/\/empresas.infoempleo.com\/hrtrends\/#organization\"},\"potentialAction\":{\"@type\":\"SearchAction\",\"target\":\"https:\/\/empresas.infoempleo.com\/hrtrends\/?s={search_term_string}\",\"query-input\":\"required name=search_term_string\"},\"inLanguage\":\"es\"},{\"@type\":\"Organization\",\"@id\":\"https:\/\/empresas.infoempleo.com\/hrtrends\/#organization\",\"name\":\"Infoempleo\",\"url\":\"https:\/\/www.infoempleo.com\/\",\"logo\":{\"@type\":\"ImageObject\",\"@id\":\"https:\/\/empresas.infoempleo.com\/hrtrends\/#logo\",\"inLanguage\":\"es\",\"url\":\"https:\/\/cdnazure.infoempleo.com\/infoempleo\/assets\/style\/gfx\/logo.svg\",\"contentUrl\":\"https:\/\/cdnazure.infoempleo.com\/infoempleo\/assets\/style\/gfx\/logo.svg\",\"width\":150,\"height\":40,\"caption\":\"Infoempleo\"},\"image\":{\"@id\":\"https:\/\/empresas.infoempleo.com\/hrtrends\/#logo\"},\"sameAs\":[\"https:\/\/www.facebook.com\/Infoempleo\",\"https:\/\/x.com\/infoempleo\",\"http:\/\/instagram.com\/infoempleo\/\",\"http:\/\/www.linkedin.com\/groups\/Empleo-Espa\u00f1a-Infoempleocom-111276\",\"http:\/\/pinterest.com\/infoempleo\/\"],\"address\":{\"@type\":\"PostalAddress\",\"addressLocality\":\"Madrid\",\"postalCode\":\"28050\",\"streetAddress\":\"Avenida de Burgos 114\"},\"brand\":[\"Infoempleo\"]},{\"@type\":\"Person\",\"@id\":\"https:\/\/empresas.infoempleo.com\/hrtrends\/#\/schema\/person\/2a45835f1492cbc7fbce11ad398707a8\",\"name\":\"Rosario Sep\u00falveda\",\"image\":{\"@type\":\"ImageObject\",\"inLanguage\":\"es\",\"@id\":\"https:\/\/empresas.infoempleo.com\/hrtrends\/#\/schema\/person\/image\/\",\"url\":\"https:\/\/secure.gravatar.com\/avatar\/01b4f37da8fd0cca9ded94ad0ab4a694814c54945a7c84e54495a93ea3a90e3b?s=96&d=mm&r=g\",\"contentUrl\":\"https:\/\/secure.gravatar.com\/avatar\/01b4f37da8fd0cca9ded94ad0ab4a694814c54945a7c84e54495a93ea3a90e3b?s=96&d=mm&r=g\",\"caption\":\"Rosario Sep\u00falveda\"},\"url\":\"https:\/\/empresas.infoempleo.com\/hrtrends\/author\/rosario-sepulveda\/\"}]}<\/script>\n<!-- \/ Yoast SEO plugin. -->","yoast_head_json":{"title":"Las ofertas dirigidas a profesionales aumentan un 14,5% en el \u00faltimo mes | HRTRENDS","robots":{"index":"index","follow":"follow","max-snippet":"max-snippet:-1","max-image-preview":"max-image-preview:large","max-video-preview":"max-video-preview:-1"},"canonical":"https:\/\/empresas.infoempleo.com\/hrtrends\/las-ofertas-dirigidas-a-profesionales-aumentan-un-145-en-el-ultimo-mes\/","og_locale":"es_ES","og_type":"article","og_title":"Las ofertas dirigidas a profesionales aumentan un 14,5% en el \u00faltimo mes | HRTRENDS","og_description":"Dado el efecto sangrante de la crisis en el mercado laboral espa\u00f1ol, la pregunta ya no es cu\u00e1ndo Leer m\u00e1s","og_url":"https:\/\/empresas.infoempleo.com\/hrtrends\/las-ofertas-dirigidas-a-profesionales-aumentan-un-145-en-el-ultimo-mes\/","og_site_name":"HRTRENDS","article_publisher":"https:\/\/www.facebook.com\/Infoempleo","article_published_time":"2009-12-09T08:14:01+00:00","article_modified_time":"2023-03-13T17:32:07+00:00","og_image":[{"width":1280,"height":960,"url":"https:\/\/empresas.infoempleo.com\/hrtrends\/media\/2017\/05\/pexels-photo-205508.jpg","type":"image\/jpeg"}],"author":"Rosario Sep\u00falveda","twitter_card":"summary_large_image","twitter_creator":"@infoempleo","twitter_site":"@infoempleo","twitter_misc":{"Escrito por":"Rosario Sep\u00falveda","Tiempo de lectura":"4 minutos"},"schema":{"@context":"https:\/\/schema.org","@graph":[{"@type":"NewsArticle","@id":"https:\/\/empresas.infoempleo.com\/hrtrends\/las-ofertas-dirigidas-a-profesionales-aumentan-un-145-en-el-ultimo-mes\/#article","isPartOf":{"@id":"https:\/\/empresas.infoempleo.com\/hrtrends\/las-ofertas-dirigidas-a-profesionales-aumentan-un-145-en-el-ultimo-mes\/"},"author":{"name":"Rosario Sep\u00falveda","@id":"https:\/\/empresas.infoempleo.com\/hrtrends\/#\/schema\/person\/2a45835f1492cbc7fbce11ad398707a8"},"headline":"Las ofertas dirigidas a profesionales aumentan un 14,5% en el \u00faltimo mes","datePublished":"2009-12-09T08:14:01+00:00","dateModified":"2023-03-13T17:32:07+00:00","mainEntityOfPage":{"@id":"https:\/\/empresas.infoempleo.com\/hrtrends\/las-ofertas-dirigidas-a-profesionales-aumentan-un-145-en-el-ultimo-mes\/"},"wordCount":765,"publisher":{"@id":"https:\/\/empresas.infoempleo.com\/hrtrends\/#organization"},"image":{"@id":"https:\/\/empresas.infoempleo.com\/hrtrends\/las-ofertas-dirigidas-a-profesionales-aumentan-un-145-en-el-ultimo-mes\/#primaryimage"},"thumbnailUrl":"https:\/\/empresas.infoempleo.com\/hrtrends\/media\/2017\/05\/pexels-photo-205508.jpg","keywords":["Catalu\u00f1a","Crisis","Galicia","Madrid","noviembre","ofertas de empleo","parados","paro","Sectores","term\u00f3metro laboral"],"articleSection":["Actualidad"],"inLanguage":"es","copyrightYear":"2009","copyrightHolder":{"@id":"https:\/\/empresas.infoempleo.com\/hrtrends\/#organization"}},{"@type":"WebPage","@id":"https:\/\/empresas.infoempleo.com\/hrtrends\/las-ofertas-dirigidas-a-profesionales-aumentan-un-145-en-el-ultimo-mes\/","url":"https:\/\/empresas.infoempleo.com\/hrtrends\/las-ofertas-dirigidas-a-profesionales-aumentan-un-145-en-el-ultimo-mes\/","name":"Las ofertas dirigidas a profesionales aumentan un 14,5% en el \u00faltimo mes | HRTRENDS","isPartOf":{"@id":"https:\/\/empresas.infoempleo.com\/hrtrends\/#website"},"primaryImageOfPage":{"@id":"https:\/\/empresas.infoempleo.com\/hrtrends\/las-ofertas-dirigidas-a-profesionales-aumentan-un-145-en-el-ultimo-mes\/#primaryimage"},"image":{"@id":"https:\/\/empresas.infoempleo.com\/hrtrends\/las-ofertas-dirigidas-a-profesionales-aumentan-un-145-en-el-ultimo-mes\/#primaryimage"},"thumbnailUrl":"https:\/\/empresas.infoempleo.com\/hrtrends\/media\/2017\/05\/pexels-photo-205508.jpg","datePublished":"2009-12-09T08:14:01+00:00","dateModified":"2023-03-13T17:32:07+00:00","breadcrumb":{"@id":"https:\/\/empresas.infoempleo.com\/hrtrends\/las-ofertas-dirigidas-a-profesionales-aumentan-un-145-en-el-ultimo-mes\/#breadcrumb"},"inLanguage":"es","potentialAction":[{"@type":"ReadAction","target":["https:\/\/empresas.infoempleo.com\/hrtrends\/las-ofertas-dirigidas-a-profesionales-aumentan-un-145-en-el-ultimo-mes\/"]}]},{"@type":"ImageObject","inLanguage":"es","@id":"https:\/\/empresas.infoempleo.com\/hrtrends\/las-ofertas-dirigidas-a-profesionales-aumentan-un-145-en-el-ultimo-mes\/#primaryimage","url":"https:\/\/empresas.infoempleo.com\/hrtrends\/media\/2017\/05\/pexels-photo-205508-150x150.jpg","contentUrl":"https:\/\/empresas.infoempleo.com\/hrtrends\/media\/2017\/05\/pexels-photo-205508-150x150.jpg","width":150,"height":150},{"@type":"BreadcrumbList","@id":"https:\/\/empresas.infoempleo.com\/hrtrends\/las-ofertas-dirigidas-a-profesionales-aumentan-un-145-en-el-ultimo-mes\/#breadcrumb","itemListElement":[{"@type":"ListItem","position":1,"name":"Portada","item":"https:\/\/empresas.infoempleo.com\/hrtrends\/"},{"@type":"ListItem","position":2,"name":"Las ofertas dirigidas a profesionales aumentan un 14,5% en el \u00faltimo mes"}]},{"@type":"WebSite","@id":"https:\/\/empresas.infoempleo.com\/hrtrends\/#website","url":"https:\/\/empresas.infoempleo.com\/hrtrends","name":"HRTrends by Infoempleo","description":"","publisher":{"@id":"https:\/\/empresas.infoempleo.com\/hrtrends\/#organization"},"potentialAction":{"@type":"SearchAction","target":"https:\/\/empresas.infoempleo.com\/hrtrends\/?s={search_term_string}","query-input":"required name=search_term_string"},"inLanguage":"es"},{"@type":"Organization","@id":"https:\/\/empresas.infoempleo.com\/hrtrends\/#organization","name":"Infoempleo","url":"https:\/\/www.infoempleo.com\/","logo":{"@type":"ImageObject","@id":"https:\/\/empresas.infoempleo.com\/hrtrends\/#logo","inLanguage":"es","url":"https:\/\/cdnazure.infoempleo.com\/infoempleo\/assets\/style\/gfx\/logo.svg","contentUrl":"https:\/\/cdnazure.infoempleo.com\/infoempleo\/assets\/style\/gfx\/logo.svg","width":150,"height":40,"caption":"Infoempleo"},"image":{"@id":"https:\/\/empresas.infoempleo.com\/hrtrends\/#logo"},"sameAs":["https:\/\/www.facebook.com\/Infoempleo","https:\/\/x.com\/infoempleo","http:\/\/instagram.com\/infoempleo\/","http:\/\/www.linkedin.com\/groups\/Empleo-Espa\u00f1a-Infoempleocom-111276","http:\/\/pinterest.com\/infoempleo\/"],"address":{"@type":"PostalAddress","addressLocality":"Madrid","postalCode":"28050","streetAddress":"Avenida de Burgos 114"},"brand":["Infoempleo"]},{"@type":"Person","@id":"https:\/\/empresas.infoempleo.com\/hrtrends\/#\/schema\/person\/2a45835f1492cbc7fbce11ad398707a8","name":"Rosario Sep\u00falveda","image":{"@type":"ImageObject","inLanguage":"es","@id":"https:\/\/empresas.infoempleo.com\/hrtrends\/#\/schema\/person\/image\/","url":"https:\/\/secure.gravatar.com\/avatar\/01b4f37da8fd0cca9ded94ad0ab4a694814c54945a7c84e54495a93ea3a90e3b?s=96&d=mm&r=g","contentUrl":"https:\/\/secure.gravatar.com\/avatar\/01b4f37da8fd0cca9ded94ad0ab4a694814c54945a7c84e54495a93ea3a90e3b?s=96&d=mm&r=g","caption":"Rosario Sep\u00falveda"},"url":"https:\/\/empresas.infoempleo.com\/hrtrends\/author\/rosario-sepulveda\/"}]}},"amp_enabled":true,"_links":{"self":[{"href":"https:\/\/empresas.infoempleo.com\/hrtrends\/wp-json\/wp\/v2\/posts\/5610","targetHints":{"allow":["GET"]}}],"collection":[{"href":"https:\/\/empresas.infoempleo.com\/hrtrends\/wp-json\/wp\/v2\/posts"}],"about":[{"href":"https:\/\/empresas.infoempleo.com\/hrtrends\/wp-json\/wp\/v2\/types\/post"}],"author":[{"embeddable":true,"href":"https:\/\/empresas.infoempleo.com\/hrtrends\/wp-json\/wp\/v2\/users\/34"}],"replies":[{"embeddable":true,"href":"https:\/\/empresas.infoempleo.com\/hrtrends\/wp-json\/wp\/v2\/comments?post=5610"}],"version-history":[{"count":2,"href":"https:\/\/empresas.infoempleo.com\/hrtrends\/wp-json\/wp\/v2\/posts\/5610\/revisions"}],"predecessor-version":[{"id":43309,"href":"https:\/\/empresas.infoempleo.com\/hrtrends\/wp-json\/wp\/v2\/posts\/5610\/revisions\/43309"}],"wp:featuredmedia":[{"embeddable":true,"href":"https:\/\/empresas.infoempleo.com\/hrtrends\/wp-json\/wp\/v2\/media\/29665"}],"wp:attachment":[{"href":"https:\/\/empresas.infoempleo.com\/hrtrends\/wp-json\/wp\/v2\/media?parent=5610"}],"wp:term":[{"taxonomy":"category","embeddable":true,"href":"https:\/\/empresas.infoempleo.com\/hrtrends\/wp-json\/wp\/v2\/categories?post=5610"},{"taxonomy":"post_tag","embeddable":true,"href":"https:\/\/empresas.infoempleo.com\/hrtrends\/wp-json\/wp\/v2\/tags?post=5610"}],"curies":[{"name":"wp","href":"https:\/\/api.w.org\/{rel}","templated":true}]}}