{"id":5604,"date":"2009-12-09T10:40:24","date_gmt":"2009-12-09T09:40:24","guid":{"rendered":"http:\/\/blog.infoempleo.com\/?p=5604"},"modified":"2024-08-29T17:40:06","modified_gmt":"2024-08-29T15:40:06","slug":"el-espiritu-emprendedor-en-la-empresa-familiar","status":"publish","type":"post","link":"https:\/\/empresas.infoempleo.com\/hrtrends\/el-espiritu-emprendedor-en-la-empresa-familiar\/","title":{"rendered":"El esp\u00edritu emprendedor en la empresa familiar"},"content":{"rendered":"<p><strong>Por Alfonso Cebri\u00e1n D\u00edaz, decano de la Facultad de Ciencias Jur\u00eddicas y Econ\u00f3micas de la <a title=\"Web de la Universidad\" href=\"https:\/\/www.ucjc.edu\/\" target=\"_blank\" rel=\"noopener\">Universidad Camilio Jos\u00e9 Cela<\/a>. Fundaci\u00f3n Neixa. <\/strong><\/p>\n<p>Ver la oportunidad all\u00ed donde la mayor\u00eda ve el problema es el secreto detr\u00e1s del cual se esconde el \u00e9xito de los hombres que crearon grandes empresas familiares, como, por ejemplo, <strong>Leche Pascual<\/strong>, <strong>Mercadona<\/strong>, <strong>Agrolimen<\/strong>, <strong>Inditex<\/strong>, <strong>Puig, Barcel\u00f3<\/strong>, <strong>Acciona<\/strong>, <strong>Almirall<\/strong>, <strong>Ferrovial<\/strong> y otras muchas que surgieron merced a la incansable entrega al sue\u00f1o de crear.<\/p>\n<p>Seg\u00fan la Real Academia Espa\u00f1ola emprender significa \u201cacometer y comenzar una obra, un negocio, un empe\u00f1o, especialmente si encierran dificultad o peligro\u201d. Pero ser emprendedor va m\u00e1s all\u00e1 de esta definici\u00f3n y, actualmente, el comportamiento emprendedor est\u00e1 siendo objeto de diferentes an\u00e1lisis y estudios. Si hubiera que destacar <strong>algunas de las caracter\u00edsticas m\u00e1s importantes que definen a un emprendedor, \u00e9stas ser\u00edan la innovaci\u00f3n y el riesgo<\/strong>. Asimismo, no hay que olvidar otras cualidades, como el deseo de auto realizaci\u00f3n, la necesidad de independencia, el autocontrol o la tolerancia a la incertidumbre.<\/p>\n<p>Desde todos los \u00e1mbitos relacionados con el tema se est\u00e1 haciendo un gran\u00a0 \u00e9nfasis en la sucesi\u00f3n y la planificaci\u00f3n patrimonial, pero esto puede ser irrelevante si las empresas familiares no infunden <strong>el esp\u00edritu emprendedor en las generaciones sucesivas<\/strong>. El esp\u00edritu emprendedor en la siguiente generaci\u00f3n promueve que la sucesi\u00f3n vaya acompa\u00f1ada de una renovaci\u00f3n estrat\u00e9gica y organizativa que contribuya a revitalizar la empresa y la familia. Pero para ello es necesario que la generaci\u00f3n actualmente al mando conf\u00ede en la siguiente generaci\u00f3n y le d\u00e9 oportunidades tanto para desarrollarse fuera de la empresa como para conocer y querer la propia empresa familiar.<\/p>\n<p><strong>Ense\u00f1ar a los hijos c\u00f3mo identificar y evaluar las oportunidades de negocio y abrir los nuevos mercados<\/strong> es una de las principales tareas\u00a0que deben\u00a0plantearse a la hora de pensar en el futuro de la empresa familiar. \u00c9ste es uno de los elementos clave para conseguir que el patrimonio familiar tenga continuidad y asegurarse de que la empresa pasar\u00e1 a las siguientes generaciones.<\/p>\n<p>Por ello, para fomentar la actividad emprendedora en una empresa familiar, <strong>es necesario hacer que la familia comparta los mismos valores<\/strong> y, a continuaci\u00f3n, desarrollar las habilidades emprendedoras de cada miembro. Al mismo tiempo, la familia ha de fomentar la autonom\u00eda de los miembros porque, tal como sostiene el profesor <strong>Miguel \u00c1ngel Gallo<\/strong>, \u201cla capacidad emprendedora crece con el incremento del nivel de autonom\u00eda conferido a las personas\u201d.<\/p>\n<p>Todos somos testigos de c\u00f3mo las nuevas tecnolog\u00edas est\u00e1n cambiando la manera de hacer negocios, y de c\u00f3mo para mantenerse competitivos los empresarios necesitan adaptarse a la \u00e9poca de la globalizaci\u00f3n liderada por las \u201cpuntocom\u201d, la deslocalizaci\u00f3n y la \u201cprivate equity\u201d. Sin embargo hay algo que no cambia. Es el esp\u00edritu emprendedor que perdura en el tiempo, recorta las distancias y abre los horizontes, suscitado por el incansable deseo de crear que gu\u00eda los m\u00e1s atrevidos. <strong>En esto tiempos dif\u00edciles, las empresas familiares han demostrado ser valientes<\/strong> y siguen apostando por el futuro, en gran medida, gracias al deseo y el entusiasmo de las personas que se atrevieron a so\u00f1ar: de los emprendedores.<strong>\u00a0\u00a0 <\/strong><\/p>\n","protected":false},"excerpt":{"rendered":"<p>Por Alfonso Cebri\u00e1n D\u00edaz, decano de la Facultad de Ciencias Jur\u00eddicas y Econ\u00f3micas de la Universidad Camilio Jos\u00e9<a class=\"moretag\" href=\"https:\/\/empresas.infoempleo.com\/hrtrends\/el-espiritu-emprendedor-en-la-empresa-familiar\/\"> Leer m\u00e1s<\/a><\/p>\n","protected":false},"author":72,"featured_media":29665,"comment_status":"closed","ping_status":"open","sticky":false,"template":"","format":"standard","meta":{"footnotes":""},"categories":[3],"tags":[48,18,707,198,708],"class_list":["post-5604","post","type-post","status-publish","format-standard","has-post-thumbnail","hentry","category-actualidad","tag-crisis","tag-empresa","tag-familia","tag-innovacion","tag-miguel-angel-gallo"],"yoast_head":"<!-- This site is optimized with the Yoast SEO plugin v26.1.1 - https:\/\/yoast.com\/wordpress\/plugins\/seo\/ -->\n<title>El esp\u00edritu emprendedor en la empresa familiar | HRTRENDS<\/title>\n<meta name=\"robots\" content=\"index, follow, max-snippet:-1, max-image-preview:large, max-video-preview:-1\" \/>\n<link rel=\"canonical\" href=\"https:\/\/empresas.infoempleo.com\/hrtrends\/el-espiritu-emprendedor-en-la-empresa-familiar\/\" \/>\n<meta property=\"og:locale\" content=\"es_ES\" \/>\n<meta property=\"og:type\" content=\"article\" \/>\n<meta property=\"og:title\" content=\"El esp\u00edritu emprendedor en la empresa familiar | HRTRENDS\" \/>\n<meta property=\"og:description\" content=\"Por Alfonso Cebri\u00e1n D\u00edaz, decano de la Facultad de Ciencias Jur\u00eddicas y Econ\u00f3micas de la Universidad Camilio Jos\u00e9 Leer m\u00e1s\" \/>\n<meta property=\"og:url\" content=\"https:\/\/empresas.infoempleo.com\/hrtrends\/el-espiritu-emprendedor-en-la-empresa-familiar\/\" \/>\n<meta property=\"og:site_name\" content=\"HRTRENDS\" \/>\n<meta property=\"article:publisher\" content=\"https:\/\/www.facebook.com\/Infoempleo\" \/>\n<meta property=\"article:published_time\" content=\"2009-12-09T09:40:24+00:00\" \/>\n<meta property=\"article:modified_time\" content=\"2024-08-29T15:40:06+00:00\" \/>\n<meta name=\"author\" content=\"infoempleo\" \/>\n<meta name=\"twitter:card\" content=\"summary_large_image\" \/>\n<meta name=\"twitter:creator\" content=\"@infoempleo\" \/>\n<meta name=\"twitter:site\" content=\"@infoempleo\" \/>\n<meta name=\"twitter:label1\" content=\"Escrito por\" \/>\n\t<meta name=\"twitter:data1\" content=\"infoempleo\" \/>\n\t<meta name=\"twitter:label2\" content=\"Tiempo de lectura\" \/>\n\t<meta name=\"twitter:data2\" content=\"3 minutos\" \/>\n<script type=\"application\/ld+json\" class=\"yoast-schema-graph\">{\"@context\":\"https:\/\/schema.org\",\"@graph\":[{\"@type\":\"NewsArticle\",\"@id\":\"https:\/\/empresas.infoempleo.com\/hrtrends\/el-espiritu-emprendedor-en-la-empresa-familiar\/#article\",\"isPartOf\":{\"@id\":\"https:\/\/empresas.infoempleo.com\/hrtrends\/el-espiritu-emprendedor-en-la-empresa-familiar\/\"},\"author\":{\"name\":\"infoempleo\",\"@id\":\"https:\/\/empresas.infoempleo.com\/hrtrends\/#\/schema\/person\/67d3e276ffcc8b3ae0ebec816daf775a\"},\"headline\":\"El esp\u00edritu emprendedor en la empresa familiar\",\"datePublished\":\"2009-12-09T09:40:24+00:00\",\"dateModified\":\"2024-08-29T15:40:06+00:00\",\"mainEntityOfPage\":{\"@id\":\"https:\/\/empresas.infoempleo.com\/hrtrends\/el-espiritu-emprendedor-en-la-empresa-familiar\/\"},\"wordCount\":570,\"publisher\":{\"@id\":\"https:\/\/empresas.infoempleo.com\/hrtrends\/#organization\"},\"image\":{\"@id\":\"https:\/\/empresas.infoempleo.com\/hrtrends\/el-espiritu-emprendedor-en-la-empresa-familiar\/#primaryimage\"},\"thumbnailUrl\":\"https:\/\/empresas.infoempleo.com\/hrtrends\/media\/2017\/05\/pexels-photo-205508.jpg\",\"keywords\":[\"Crisis\",\"empresa\",\"familia\",\"innovaci\u00f3n\",\"Miguel \u00c1ngel Gallo\"],\"articleSection\":[\"Actualidad\"],\"inLanguage\":\"es\",\"copyrightYear\":\"2009\",\"copyrightHolder\":{\"@id\":\"https:\/\/empresas.infoempleo.com\/hrtrends\/#organization\"}},{\"@type\":\"WebPage\",\"@id\":\"https:\/\/empresas.infoempleo.com\/hrtrends\/el-espiritu-emprendedor-en-la-empresa-familiar\/\",\"url\":\"https:\/\/empresas.infoempleo.com\/hrtrends\/el-espiritu-emprendedor-en-la-empresa-familiar\/\",\"name\":\"El esp\u00edritu emprendedor en la empresa familiar | HRTRENDS\",\"isPartOf\":{\"@id\":\"https:\/\/empresas.infoempleo.com\/hrtrends\/#website\"},\"primaryImageOfPage\":{\"@id\":\"https:\/\/empresas.infoempleo.com\/hrtrends\/el-espiritu-emprendedor-en-la-empresa-familiar\/#primaryimage\"},\"image\":{\"@id\":\"https:\/\/empresas.infoempleo.com\/hrtrends\/el-espiritu-emprendedor-en-la-empresa-familiar\/#primaryimage\"},\"thumbnailUrl\":\"https:\/\/empresas.infoempleo.com\/hrtrends\/media\/2017\/05\/pexels-photo-205508.jpg\",\"datePublished\":\"2009-12-09T09:40:24+00:00\",\"dateModified\":\"2024-08-29T15:40:06+00:00\",\"breadcrumb\":{\"@id\":\"https:\/\/empresas.infoempleo.com\/hrtrends\/el-espiritu-emprendedor-en-la-empresa-familiar\/#breadcrumb\"},\"inLanguage\":\"es\",\"potentialAction\":[{\"@type\":\"ReadAction\",\"target\":[\"https:\/\/empresas.infoempleo.com\/hrtrends\/el-espiritu-emprendedor-en-la-empresa-familiar\/\"]}]},{\"@type\":\"ImageObject\",\"inLanguage\":\"es\",\"@id\":\"https:\/\/empresas.infoempleo.com\/hrtrends\/el-espiritu-emprendedor-en-la-empresa-familiar\/#primaryimage\",\"url\":\"https:\/\/empresas.infoempleo.com\/hrtrends\/media\/2017\/05\/pexels-photo-205508-150x150.jpg\",\"contentUrl\":\"https:\/\/empresas.infoempleo.com\/hrtrends\/media\/2017\/05\/pexels-photo-205508-150x150.jpg\",\"width\":150,\"height\":150},{\"@type\":\"BreadcrumbList\",\"@id\":\"https:\/\/empresas.infoempleo.com\/hrtrends\/el-espiritu-emprendedor-en-la-empresa-familiar\/#breadcrumb\",\"itemListElement\":[{\"@type\":\"ListItem\",\"position\":1,\"name\":\"Portada\",\"item\":\"https:\/\/empresas.infoempleo.com\/hrtrends\/\"},{\"@type\":\"ListItem\",\"position\":2,\"name\":\"El esp\u00edritu emprendedor en la empresa familiar\"}]},{\"@type\":\"WebSite\",\"@id\":\"https:\/\/empresas.infoempleo.com\/hrtrends\/#website\",\"url\":\"https:\/\/empresas.infoempleo.com\/hrtrends\",\"name\":\"HRTrends by Infoempleo\",\"description\":\"\",\"publisher\":{\"@id\":\"https:\/\/empresas.infoempleo.com\/hrtrends\/#organization\"},\"potentialAction\":{\"@type\":\"SearchAction\",\"target\":\"https:\/\/empresas.infoempleo.com\/hrtrends\/?s={search_term_string}\",\"query-input\":\"required name=search_term_string\"},\"inLanguage\":\"es\"},{\"@type\":\"Organization\",\"@id\":\"https:\/\/empresas.infoempleo.com\/hrtrends\/#organization\",\"name\":\"Infoempleo\",\"url\":\"https:\/\/www.infoempleo.com\/\",\"logo\":{\"@type\":\"ImageObject\",\"@id\":\"https:\/\/empresas.infoempleo.com\/hrtrends\/#logo\",\"inLanguage\":\"es\",\"url\":\"https:\/\/cdnazure.infoempleo.com\/infoempleo\/assets\/style\/gfx\/logo.svg\",\"contentUrl\":\"https:\/\/cdnazure.infoempleo.com\/infoempleo\/assets\/style\/gfx\/logo.svg\",\"width\":150,\"height\":40,\"caption\":\"Infoempleo\"},\"image\":{\"@id\":\"https:\/\/empresas.infoempleo.com\/hrtrends\/#logo\"},\"sameAs\":[\"https:\/\/www.facebook.com\/Infoempleo\",\"https:\/\/x.com\/infoempleo\",\"http:\/\/instagram.com\/infoempleo\/\",\"http:\/\/www.linkedin.com\/groups\/Empleo-Espa\u00f1a-Infoempleocom-111276\",\"http:\/\/pinterest.com\/infoempleo\/\"],\"address\":{\"@type\":\"PostalAddress\",\"addressLocality\":\"Madrid\",\"postalCode\":\"28050\",\"streetAddress\":\"Avenida de Burgos 114\"},\"brand\":[\"Infoempleo\"]},{\"@type\":\"Person\",\"@id\":\"https:\/\/empresas.infoempleo.com\/hrtrends\/#\/schema\/person\/67d3e276ffcc8b3ae0ebec816daf775a\",\"name\":\"infoempleo\",\"image\":{\"@type\":\"ImageObject\",\"inLanguage\":\"es\",\"@id\":\"https:\/\/empresas.infoempleo.com\/hrtrends\/#\/schema\/person\/image\/\",\"url\":\"https:\/\/secure.gravatar.com\/avatar\/7b437777242fe67d2473c2a818da2344692d1ee91e91080ccffbd97bcd4a0975?s=96&d=mm&r=g\",\"contentUrl\":\"https:\/\/secure.gravatar.com\/avatar\/7b437777242fe67d2473c2a818da2344692d1ee91e91080ccffbd97bcd4a0975?s=96&d=mm&r=g\",\"caption\":\"infoempleo\"},\"url\":\"https:\/\/empresas.infoempleo.com\/hrtrends\/author\/infoempleo\/\"}]}<\/script>\n<!-- \/ Yoast SEO plugin. -->","yoast_head_json":{"title":"El esp\u00edritu emprendedor en la empresa familiar | HRTRENDS","robots":{"index":"index","follow":"follow","max-snippet":"max-snippet:-1","max-image-preview":"max-image-preview:large","max-video-preview":"max-video-preview:-1"},"canonical":"https:\/\/empresas.infoempleo.com\/hrtrends\/el-espiritu-emprendedor-en-la-empresa-familiar\/","og_locale":"es_ES","og_type":"article","og_title":"El esp\u00edritu emprendedor en la empresa familiar | HRTRENDS","og_description":"Por Alfonso Cebri\u00e1n D\u00edaz, decano de la Facultad de Ciencias Jur\u00eddicas y Econ\u00f3micas de la Universidad Camilio Jos\u00e9 Leer m\u00e1s","og_url":"https:\/\/empresas.infoempleo.com\/hrtrends\/el-espiritu-emprendedor-en-la-empresa-familiar\/","og_site_name":"HRTRENDS","article_publisher":"https:\/\/www.facebook.com\/Infoempleo","article_published_time":"2009-12-09T09:40:24+00:00","article_modified_time":"2024-08-29T15:40:06+00:00","author":"infoempleo","twitter_card":"summary_large_image","twitter_creator":"@infoempleo","twitter_site":"@infoempleo","twitter_misc":{"Escrito por":"infoempleo","Tiempo de lectura":"3 minutos"},"schema":{"@context":"https:\/\/schema.org","@graph":[{"@type":"NewsArticle","@id":"https:\/\/empresas.infoempleo.com\/hrtrends\/el-espiritu-emprendedor-en-la-empresa-familiar\/#article","isPartOf":{"@id":"https:\/\/empresas.infoempleo.com\/hrtrends\/el-espiritu-emprendedor-en-la-empresa-familiar\/"},"author":{"name":"infoempleo","@id":"https:\/\/empresas.infoempleo.com\/hrtrends\/#\/schema\/person\/67d3e276ffcc8b3ae0ebec816daf775a"},"headline":"El esp\u00edritu emprendedor en la empresa familiar","datePublished":"2009-12-09T09:40:24+00:00","dateModified":"2024-08-29T15:40:06+00:00","mainEntityOfPage":{"@id":"https:\/\/empresas.infoempleo.com\/hrtrends\/el-espiritu-emprendedor-en-la-empresa-familiar\/"},"wordCount":570,"publisher":{"@id":"https:\/\/empresas.infoempleo.com\/hrtrends\/#organization"},"image":{"@id":"https:\/\/empresas.infoempleo.com\/hrtrends\/el-espiritu-emprendedor-en-la-empresa-familiar\/#primaryimage"},"thumbnailUrl":"https:\/\/empresas.infoempleo.com\/hrtrends\/media\/2017\/05\/pexels-photo-205508.jpg","keywords":["Crisis","empresa","familia","innovaci\u00f3n","Miguel \u00c1ngel Gallo"],"articleSection":["Actualidad"],"inLanguage":"es","copyrightYear":"2009","copyrightHolder":{"@id":"https:\/\/empresas.infoempleo.com\/hrtrends\/#organization"}},{"@type":"WebPage","@id":"https:\/\/empresas.infoempleo.com\/hrtrends\/el-espiritu-emprendedor-en-la-empresa-familiar\/","url":"https:\/\/empresas.infoempleo.com\/hrtrends\/el-espiritu-emprendedor-en-la-empresa-familiar\/","name":"El esp\u00edritu emprendedor en la empresa familiar | HRTRENDS","isPartOf":{"@id":"https:\/\/empresas.infoempleo.com\/hrtrends\/#website"},"primaryImageOfPage":{"@id":"https:\/\/empresas.infoempleo.com\/hrtrends\/el-espiritu-emprendedor-en-la-empresa-familiar\/#primaryimage"},"image":{"@id":"https:\/\/empresas.infoempleo.com\/hrtrends\/el-espiritu-emprendedor-en-la-empresa-familiar\/#primaryimage"},"thumbnailUrl":"https:\/\/empresas.infoempleo.com\/hrtrends\/media\/2017\/05\/pexels-photo-205508.jpg","datePublished":"2009-12-09T09:40:24+00:00","dateModified":"2024-08-29T15:40:06+00:00","breadcrumb":{"@id":"https:\/\/empresas.infoempleo.com\/hrtrends\/el-espiritu-emprendedor-en-la-empresa-familiar\/#breadcrumb"},"inLanguage":"es","potentialAction":[{"@type":"ReadAction","target":["https:\/\/empresas.infoempleo.com\/hrtrends\/el-espiritu-emprendedor-en-la-empresa-familiar\/"]}]},{"@type":"ImageObject","inLanguage":"es","@id":"https:\/\/empresas.infoempleo.com\/hrtrends\/el-espiritu-emprendedor-en-la-empresa-familiar\/#primaryimage","url":"https:\/\/empresas.infoempleo.com\/hrtrends\/media\/2017\/05\/pexels-photo-205508-150x150.jpg","contentUrl":"https:\/\/empresas.infoempleo.com\/hrtrends\/media\/2017\/05\/pexels-photo-205508-150x150.jpg","width":150,"height":150},{"@type":"BreadcrumbList","@id":"https:\/\/empresas.infoempleo.com\/hrtrends\/el-espiritu-emprendedor-en-la-empresa-familiar\/#breadcrumb","itemListElement":[{"@type":"ListItem","position":1,"name":"Portada","item":"https:\/\/empresas.infoempleo.com\/hrtrends\/"},{"@type":"ListItem","position":2,"name":"El esp\u00edritu emprendedor en la empresa familiar"}]},{"@type":"WebSite","@id":"https:\/\/empresas.infoempleo.com\/hrtrends\/#website","url":"https:\/\/empresas.infoempleo.com\/hrtrends","name":"HRTrends by Infoempleo","description":"","publisher":{"@id":"https:\/\/empresas.infoempleo.com\/hrtrends\/#organization"},"potentialAction":{"@type":"SearchAction","target":"https:\/\/empresas.infoempleo.com\/hrtrends\/?s={search_term_string}","query-input":"required name=search_term_string"},"inLanguage":"es"},{"@type":"Organization","@id":"https:\/\/empresas.infoempleo.com\/hrtrends\/#organization","name":"Infoempleo","url":"https:\/\/www.infoempleo.com\/","logo":{"@type":"ImageObject","@id":"https:\/\/empresas.infoempleo.com\/hrtrends\/#logo","inLanguage":"es","url":"https:\/\/cdnazure.infoempleo.com\/infoempleo\/assets\/style\/gfx\/logo.svg","contentUrl":"https:\/\/cdnazure.infoempleo.com\/infoempleo\/assets\/style\/gfx\/logo.svg","width":150,"height":40,"caption":"Infoempleo"},"image":{"@id":"https:\/\/empresas.infoempleo.com\/hrtrends\/#logo"},"sameAs":["https:\/\/www.facebook.com\/Infoempleo","https:\/\/x.com\/infoempleo","http:\/\/instagram.com\/infoempleo\/","http:\/\/www.linkedin.com\/groups\/Empleo-Espa\u00f1a-Infoempleocom-111276","http:\/\/pinterest.com\/infoempleo\/"],"address":{"@type":"PostalAddress","addressLocality":"Madrid","postalCode":"28050","streetAddress":"Avenida de Burgos 114"},"brand":["Infoempleo"]},{"@type":"Person","@id":"https:\/\/empresas.infoempleo.com\/hrtrends\/#\/schema\/person\/67d3e276ffcc8b3ae0ebec816daf775a","name":"infoempleo","image":{"@type":"ImageObject","inLanguage":"es","@id":"https:\/\/empresas.infoempleo.com\/hrtrends\/#\/schema\/person\/image\/","url":"https:\/\/secure.gravatar.com\/avatar\/7b437777242fe67d2473c2a818da2344692d1ee91e91080ccffbd97bcd4a0975?s=96&d=mm&r=g","contentUrl":"https:\/\/secure.gravatar.com\/avatar\/7b437777242fe67d2473c2a818da2344692d1ee91e91080ccffbd97bcd4a0975?s=96&d=mm&r=g","caption":"infoempleo"},"url":"https:\/\/empresas.infoempleo.com\/hrtrends\/author\/infoempleo\/"}]}},"amp_enabled":true,"_links":{"self":[{"href":"https:\/\/empresas.infoempleo.com\/hrtrends\/wp-json\/wp\/v2\/posts\/5604","targetHints":{"allow":["GET"]}}],"collection":[{"href":"https:\/\/empresas.infoempleo.com\/hrtrends\/wp-json\/wp\/v2\/posts"}],"about":[{"href":"https:\/\/empresas.infoempleo.com\/hrtrends\/wp-json\/wp\/v2\/types\/post"}],"author":[{"embeddable":true,"href":"https:\/\/empresas.infoempleo.com\/hrtrends\/wp-json\/wp\/v2\/users\/72"}],"replies":[{"embeddable":true,"href":"https:\/\/empresas.infoempleo.com\/hrtrends\/wp-json\/wp\/v2\/comments?post=5604"}],"version-history":[{"count":2,"href":"https:\/\/empresas.infoempleo.com\/hrtrends\/wp-json\/wp\/v2\/posts\/5604\/revisions"}],"predecessor-version":[{"id":44746,"href":"https:\/\/empresas.infoempleo.com\/hrtrends\/wp-json\/wp\/v2\/posts\/5604\/revisions\/44746"}],"wp:featuredmedia":[{"embeddable":true,"href":"https:\/\/empresas.infoempleo.com\/hrtrends\/wp-json\/wp\/v2\/media\/29665"}],"wp:attachment":[{"href":"https:\/\/empresas.infoempleo.com\/hrtrends\/wp-json\/wp\/v2\/media?parent=5604"}],"wp:term":[{"taxonomy":"category","embeddable":true,"href":"https:\/\/empresas.infoempleo.com\/hrtrends\/wp-json\/wp\/v2\/categories?post=5604"},{"taxonomy":"post_tag","embeddable":true,"href":"https:\/\/empresas.infoempleo.com\/hrtrends\/wp-json\/wp\/v2\/tags?post=5604"}],"curies":[{"name":"wp","href":"https:\/\/api.w.org\/{rel}","templated":true}]}}