{"id":5560,"date":"2009-12-09T10:38:23","date_gmt":"2009-12-09T09:38:23","guid":{"rendered":"http:\/\/blog.infoempleo.com\/?p=5560"},"modified":"2024-08-29T17:40:04","modified_gmt":"2024-08-29T15:40:04","slug":"la-union-europea-abre-las-puertas-de-la-empresa-china-a-directivos-de-pymes-espanolas","status":"publish","type":"post","link":"https:\/\/empresas.infoempleo.com\/hrtrends\/la-union-europea-abre-las-puertas-de-la-empresa-china-a-directivos-de-pymes-espanolas\/","title":{"rendered":"La Uni\u00f3n Europea abre las puertas de la empresa china a directivos de pymes espa\u00f1olas"},"content":{"rendered":"<p style=\"text-align: center\">\n<p>Autor: Mike Clarke<\/p>\n<p><strong>EU &#8211; China Managers Exchange and Training Programme<\/strong>. \u00c9ste es el nombre con el que la UE ha bautizado el\u00a0proyecto a trav\u00e9s del cual quiere formar a directivos de pymes de toda Europa en una de las econom\u00edas m\u00e1s din\u00e1micas del mundo y de forma totalmente gratuita. El curso, que comenzar\u00e1 su quinta edici\u00f3n en mayo de 2010, tiene como objetivo proporcionar a sus alumnos la mejor experiencia pr\u00e1ctica posible a trav\u00e9s de\u00a0 estancias en empresas chinas. Un objetivo que cumple con creces \u2014los <a title=\"Directivos espa\u00f1oles METP\" href=\"https:\/\/spain.representation.ec.europa.eu\/index_es\" target=\"_blank\" rel=\"noopener\">106 directivos<\/a> de la cuarta promoci\u00f3n dan fe de ello\u2014 y que, como bien destaca Stefan Hell, jefe de equipo del programa en Pek\u00edn, \u00abse cumple al abrir m\u00faltiples posibildiades de negocio en el pa\u00eds\u00bb. \u00abQuiz\u00e1s lo mejor de todo es que el METP no se limita a un sector industrial espec\u00edfico, de manera que los directivos de todos los \u00e1mbitos pueden presentar una solicutd y usar el METP como trampol\u00edn para sus negocios particulares\u00bb, explica.<\/p>\n<p>Para entrar a formar parte del programa no es necesario saber el idioma mandar\u00edn, es m\u00e1s, tendr\u00e1n prioridad aquellas inscripciones que demuestren conocimientos limitados o desconocimiento total de \u00e9l, ya que uno de los fines del curso es tambi\u00e9n precisamente \u00e9se, entrar en contacto con \u00e9l a trav\u00e9s de diferentes cursos intensivos.<\/p>\n<p>El METP se inici\u00f3 en 2006 y ha sido ampliado por la <a title=\"Web Comisi\u00f3n Europea\" href=\"https:\/\/ec.europa.eu\/info\/index_es\" target=\"_blank\" rel=\"noopener\">Comisi\u00f3n Europea<\/a> y China debido al fuerte incremento de solucitudes. Adem\u00e1s de la organizaci\u00f3n de la estancia en su totalidad, la UE cubre todos los costes de ense\u00f1anza y ofrece una asignaci\u00f3n mensual a los participantes, para gastos de manutencion, de 1.000 euros. Al finalizar, todos los gradudos recibir\u00e1n un diploma oficial firmado por el Embajador de la UE en China y el presidente de la C\u00e1mara de Comercio Internacional en China.<\/p>\n","protected":false},"excerpt":{"rendered":"<p>El Programa de Intercambio y Formaci\u00f3n de Directivos UE &#8211; China, subvenciona la estancia de altos directivos de pymes en China. Clases intensivas de idioma y experiencia pr\u00e1ctica en empresas, sus principales atractivos.<\/p>\n","protected":false},"author":35,"featured_media":29665,"comment_status":"closed","ping_status":"open","sticky":false,"template":"","format":"standard","meta":{"footnotes":""},"categories":[3],"tags":[692,693,695,405],"class_list":["post-5560","post","type-post","status-publish","format-standard","has-post-thumbnail","hentry","category-actualidad","tag-camara-de-comercio","tag-china","tag-stefan-hell","tag-union-europea"],"yoast_head":"<!-- This site is optimized with the Yoast SEO plugin v26.1.1 - https:\/\/yoast.com\/wordpress\/plugins\/seo\/ -->\n<title>La Uni\u00f3n Europea abre las puertas de la empresa china a directivos de pymes espa\u00f1olas | HRTRENDS<\/title>\n<meta name=\"robots\" content=\"index, follow, max-snippet:-1, max-image-preview:large, max-video-preview:-1\" \/>\n<link rel=\"canonical\" href=\"https:\/\/empresas.infoempleo.com\/hrtrends\/la-union-europea-abre-las-puertas-de-la-empresa-china-a-directivos-de-pymes-espanolas\/\" \/>\n<meta property=\"og:locale\" content=\"es_ES\" \/>\n<meta property=\"og:type\" content=\"article\" \/>\n<meta property=\"og:title\" content=\"La Uni\u00f3n Europea abre las puertas de la empresa china a directivos de pymes espa\u00f1olas | HRTRENDS\" \/>\n<meta property=\"og:description\" content=\"El Programa de Intercambio y Formaci\u00f3n de Directivos UE - China, subvenciona la estancia de altos directivos de pymes en China. Clases intensivas de idioma y experiencia pr\u00e1ctica en empresas, sus principales atractivos.\" \/>\n<meta property=\"og:url\" content=\"https:\/\/empresas.infoempleo.com\/hrtrends\/la-union-europea-abre-las-puertas-de-la-empresa-china-a-directivos-de-pymes-espanolas\/\" \/>\n<meta property=\"og:site_name\" content=\"HRTRENDS\" \/>\n<meta property=\"article:publisher\" content=\"https:\/\/www.facebook.com\/Infoempleo\" \/>\n<meta property=\"article:published_time\" content=\"2009-12-09T09:38:23+00:00\" \/>\n<meta property=\"article:modified_time\" content=\"2024-08-29T15:40:04+00:00\" \/>\n<meta name=\"author\" content=\"Laura de Cubas\" \/>\n<meta name=\"twitter:card\" content=\"summary_large_image\" \/>\n<meta name=\"twitter:creator\" content=\"@infoempleo\" \/>\n<meta name=\"twitter:site\" content=\"@infoempleo\" \/>\n<meta name=\"twitter:label1\" content=\"Escrito por\" \/>\n\t<meta name=\"twitter:data1\" content=\"Laura de Cubas\" \/>\n\t<meta name=\"twitter:label2\" content=\"Tiempo de lectura\" \/>\n\t<meta name=\"twitter:data2\" content=\"2 minutos\" \/>\n<script type=\"application\/ld+json\" class=\"yoast-schema-graph\">{\"@context\":\"https:\/\/schema.org\",\"@graph\":[{\"@type\":\"NewsArticle\",\"@id\":\"https:\/\/empresas.infoempleo.com\/hrtrends\/la-union-europea-abre-las-puertas-de-la-empresa-china-a-directivos-de-pymes-espanolas\/#article\",\"isPartOf\":{\"@id\":\"https:\/\/empresas.infoempleo.com\/hrtrends\/la-union-europea-abre-las-puertas-de-la-empresa-china-a-directivos-de-pymes-espanolas\/\"},\"author\":{\"name\":\"Laura de Cubas\",\"@id\":\"https:\/\/empresas.infoempleo.com\/hrtrends\/#\/schema\/person\/eee830fc2082cd3b52302e59ea0d2c05\"},\"headline\":\"La Uni\u00f3n Europea abre las puertas de la empresa china a directivos de pymes espa\u00f1olas\",\"datePublished\":\"2009-12-09T09:38:23+00:00\",\"dateModified\":\"2024-08-29T15:40:04+00:00\",\"mainEntityOfPage\":{\"@id\":\"https:\/\/empresas.infoempleo.com\/hrtrends\/la-union-europea-abre-las-puertas-de-la-empresa-china-a-directivos-de-pymes-espanolas\/\"},\"wordCount\":339,\"publisher\":{\"@id\":\"https:\/\/empresas.infoempleo.com\/hrtrends\/#organization\"},\"image\":{\"@id\":\"https:\/\/empresas.infoempleo.com\/hrtrends\/la-union-europea-abre-las-puertas-de-la-empresa-china-a-directivos-de-pymes-espanolas\/#primaryimage\"},\"thumbnailUrl\":\"https:\/\/empresas.infoempleo.com\/hrtrends\/media\/2017\/05\/pexels-photo-205508.jpg\",\"keywords\":[\"C\u00e1mara de Comercio\",\"china\",\"Stefan Hell\",\"Uni\u00f3n Europea\"],\"articleSection\":[\"Actualidad\"],\"inLanguage\":\"es\",\"copyrightYear\":\"2009\",\"copyrightHolder\":{\"@id\":\"https:\/\/empresas.infoempleo.com\/hrtrends\/#organization\"}},{\"@type\":\"WebPage\",\"@id\":\"https:\/\/empresas.infoempleo.com\/hrtrends\/la-union-europea-abre-las-puertas-de-la-empresa-china-a-directivos-de-pymes-espanolas\/\",\"url\":\"https:\/\/empresas.infoempleo.com\/hrtrends\/la-union-europea-abre-las-puertas-de-la-empresa-china-a-directivos-de-pymes-espanolas\/\",\"name\":\"La Uni\u00f3n Europea abre las puertas de la empresa china a directivos de pymes espa\u00f1olas | HRTRENDS\",\"isPartOf\":{\"@id\":\"https:\/\/empresas.infoempleo.com\/hrtrends\/#website\"},\"primaryImageOfPage\":{\"@id\":\"https:\/\/empresas.infoempleo.com\/hrtrends\/la-union-europea-abre-las-puertas-de-la-empresa-china-a-directivos-de-pymes-espanolas\/#primaryimage\"},\"image\":{\"@id\":\"https:\/\/empresas.infoempleo.com\/hrtrends\/la-union-europea-abre-las-puertas-de-la-empresa-china-a-directivos-de-pymes-espanolas\/#primaryimage\"},\"thumbnailUrl\":\"https:\/\/empresas.infoempleo.com\/hrtrends\/media\/2017\/05\/pexels-photo-205508.jpg\",\"datePublished\":\"2009-12-09T09:38:23+00:00\",\"dateModified\":\"2024-08-29T15:40:04+00:00\",\"breadcrumb\":{\"@id\":\"https:\/\/empresas.infoempleo.com\/hrtrends\/la-union-europea-abre-las-puertas-de-la-empresa-china-a-directivos-de-pymes-espanolas\/#breadcrumb\"},\"inLanguage\":\"es\",\"potentialAction\":[{\"@type\":\"ReadAction\",\"target\":[\"https:\/\/empresas.infoempleo.com\/hrtrends\/la-union-europea-abre-las-puertas-de-la-empresa-china-a-directivos-de-pymes-espanolas\/\"]}]},{\"@type\":\"ImageObject\",\"inLanguage\":\"es\",\"@id\":\"https:\/\/empresas.infoempleo.com\/hrtrends\/la-union-europea-abre-las-puertas-de-la-empresa-china-a-directivos-de-pymes-espanolas\/#primaryimage\",\"url\":\"https:\/\/empresas.infoempleo.com\/hrtrends\/media\/2017\/05\/pexels-photo-205508-150x150.jpg\",\"contentUrl\":\"https:\/\/empresas.infoempleo.com\/hrtrends\/media\/2017\/05\/pexels-photo-205508-150x150.jpg\",\"width\":150,\"height\":150},{\"@type\":\"BreadcrumbList\",\"@id\":\"https:\/\/empresas.infoempleo.com\/hrtrends\/la-union-europea-abre-las-puertas-de-la-empresa-china-a-directivos-de-pymes-espanolas\/#breadcrumb\",\"itemListElement\":[{\"@type\":\"ListItem\",\"position\":1,\"name\":\"Portada\",\"item\":\"https:\/\/empresas.infoempleo.com\/hrtrends\/\"},{\"@type\":\"ListItem\",\"position\":2,\"name\":\"La Uni\u00f3n Europea abre las puertas de la empresa china a directivos de pymes espa\u00f1olas\"}]},{\"@type\":\"WebSite\",\"@id\":\"https:\/\/empresas.infoempleo.com\/hrtrends\/#website\",\"url\":\"https:\/\/empresas.infoempleo.com\/hrtrends\",\"name\":\"HRTrends by Infoempleo\",\"description\":\"\",\"publisher\":{\"@id\":\"https:\/\/empresas.infoempleo.com\/hrtrends\/#organization\"},\"potentialAction\":{\"@type\":\"SearchAction\",\"target\":\"https:\/\/empresas.infoempleo.com\/hrtrends\/?s={search_term_string}\",\"query-input\":\"required name=search_term_string\"},\"inLanguage\":\"es\"},{\"@type\":\"Organization\",\"@id\":\"https:\/\/empresas.infoempleo.com\/hrtrends\/#organization\",\"name\":\"Infoempleo\",\"url\":\"https:\/\/www.infoempleo.com\/\",\"logo\":{\"@type\":\"ImageObject\",\"@id\":\"https:\/\/empresas.infoempleo.com\/hrtrends\/#logo\",\"inLanguage\":\"es\",\"url\":\"https:\/\/cdnazure.infoempleo.com\/infoempleo\/assets\/style\/gfx\/logo.svg\",\"contentUrl\":\"https:\/\/cdnazure.infoempleo.com\/infoempleo\/assets\/style\/gfx\/logo.svg\",\"width\":150,\"height\":40,\"caption\":\"Infoempleo\"},\"image\":{\"@id\":\"https:\/\/empresas.infoempleo.com\/hrtrends\/#logo\"},\"sameAs\":[\"https:\/\/www.facebook.com\/Infoempleo\",\"https:\/\/x.com\/infoempleo\",\"http:\/\/instagram.com\/infoempleo\/\",\"http:\/\/www.linkedin.com\/groups\/Empleo-Espa\u00f1a-Infoempleocom-111276\",\"http:\/\/pinterest.com\/infoempleo\/\"],\"address\":{\"@type\":\"PostalAddress\",\"addressLocality\":\"Madrid\",\"postalCode\":\"28050\",\"streetAddress\":\"Avenida de Burgos 114\"},\"brand\":[\"Infoempleo\"]},{\"@type\":\"Person\",\"@id\":\"https:\/\/empresas.infoempleo.com\/hrtrends\/#\/schema\/person\/eee830fc2082cd3b52302e59ea0d2c05\",\"name\":\"Laura de Cubas\",\"image\":{\"@type\":\"ImageObject\",\"inLanguage\":\"es\",\"@id\":\"https:\/\/empresas.infoempleo.com\/hrtrends\/#\/schema\/person\/image\/\",\"url\":\"https:\/\/secure.gravatar.com\/avatar\/c13d88dcd67943e13f74372e711c3ba2accf296b195ba5dd59566bd5f5df94c8?s=96&d=mm&r=g\",\"contentUrl\":\"https:\/\/secure.gravatar.com\/avatar\/c13d88dcd67943e13f74372e711c3ba2accf296b195ba5dd59566bd5f5df94c8?s=96&d=mm&r=g\",\"caption\":\"Laura de Cubas\"},\"url\":\"https:\/\/empresas.infoempleo.com\/hrtrends\/author\/laura-de-cubas\/\"}]}<\/script>\n<!-- \/ Yoast SEO plugin. -->","yoast_head_json":{"title":"La Uni\u00f3n Europea abre las puertas de la empresa china a directivos de pymes espa\u00f1olas | HRTRENDS","robots":{"index":"index","follow":"follow","max-snippet":"max-snippet:-1","max-image-preview":"max-image-preview:large","max-video-preview":"max-video-preview:-1"},"canonical":"https:\/\/empresas.infoempleo.com\/hrtrends\/la-union-europea-abre-las-puertas-de-la-empresa-china-a-directivos-de-pymes-espanolas\/","og_locale":"es_ES","og_type":"article","og_title":"La Uni\u00f3n Europea abre las puertas de la empresa china a directivos de pymes espa\u00f1olas | HRTRENDS","og_description":"El Programa de Intercambio y Formaci\u00f3n de Directivos UE - China, subvenciona la estancia de altos directivos de pymes en China. Clases intensivas de idioma y experiencia pr\u00e1ctica en empresas, sus principales atractivos.","og_url":"https:\/\/empresas.infoempleo.com\/hrtrends\/la-union-europea-abre-las-puertas-de-la-empresa-china-a-directivos-de-pymes-espanolas\/","og_site_name":"HRTRENDS","article_publisher":"https:\/\/www.facebook.com\/Infoempleo","article_published_time":"2009-12-09T09:38:23+00:00","article_modified_time":"2024-08-29T15:40:04+00:00","author":"Laura de Cubas","twitter_card":"summary_large_image","twitter_creator":"@infoempleo","twitter_site":"@infoempleo","twitter_misc":{"Escrito por":"Laura de Cubas","Tiempo de lectura":"2 minutos"},"schema":{"@context":"https:\/\/schema.org","@graph":[{"@type":"NewsArticle","@id":"https:\/\/empresas.infoempleo.com\/hrtrends\/la-union-europea-abre-las-puertas-de-la-empresa-china-a-directivos-de-pymes-espanolas\/#article","isPartOf":{"@id":"https:\/\/empresas.infoempleo.com\/hrtrends\/la-union-europea-abre-las-puertas-de-la-empresa-china-a-directivos-de-pymes-espanolas\/"},"author":{"name":"Laura de Cubas","@id":"https:\/\/empresas.infoempleo.com\/hrtrends\/#\/schema\/person\/eee830fc2082cd3b52302e59ea0d2c05"},"headline":"La Uni\u00f3n Europea abre las puertas de la empresa china a directivos de pymes espa\u00f1olas","datePublished":"2009-12-09T09:38:23+00:00","dateModified":"2024-08-29T15:40:04+00:00","mainEntityOfPage":{"@id":"https:\/\/empresas.infoempleo.com\/hrtrends\/la-union-europea-abre-las-puertas-de-la-empresa-china-a-directivos-de-pymes-espanolas\/"},"wordCount":339,"publisher":{"@id":"https:\/\/empresas.infoempleo.com\/hrtrends\/#organization"},"image":{"@id":"https:\/\/empresas.infoempleo.com\/hrtrends\/la-union-europea-abre-las-puertas-de-la-empresa-china-a-directivos-de-pymes-espanolas\/#primaryimage"},"thumbnailUrl":"https:\/\/empresas.infoempleo.com\/hrtrends\/media\/2017\/05\/pexels-photo-205508.jpg","keywords":["C\u00e1mara de Comercio","china","Stefan Hell","Uni\u00f3n Europea"],"articleSection":["Actualidad"],"inLanguage":"es","copyrightYear":"2009","copyrightHolder":{"@id":"https:\/\/empresas.infoempleo.com\/hrtrends\/#organization"}},{"@type":"WebPage","@id":"https:\/\/empresas.infoempleo.com\/hrtrends\/la-union-europea-abre-las-puertas-de-la-empresa-china-a-directivos-de-pymes-espanolas\/","url":"https:\/\/empresas.infoempleo.com\/hrtrends\/la-union-europea-abre-las-puertas-de-la-empresa-china-a-directivos-de-pymes-espanolas\/","name":"La Uni\u00f3n Europea abre las puertas de la empresa china a directivos de pymes espa\u00f1olas | HRTRENDS","isPartOf":{"@id":"https:\/\/empresas.infoempleo.com\/hrtrends\/#website"},"primaryImageOfPage":{"@id":"https:\/\/empresas.infoempleo.com\/hrtrends\/la-union-europea-abre-las-puertas-de-la-empresa-china-a-directivos-de-pymes-espanolas\/#primaryimage"},"image":{"@id":"https:\/\/empresas.infoempleo.com\/hrtrends\/la-union-europea-abre-las-puertas-de-la-empresa-china-a-directivos-de-pymes-espanolas\/#primaryimage"},"thumbnailUrl":"https:\/\/empresas.infoempleo.com\/hrtrends\/media\/2017\/05\/pexels-photo-205508.jpg","datePublished":"2009-12-09T09:38:23+00:00","dateModified":"2024-08-29T15:40:04+00:00","breadcrumb":{"@id":"https:\/\/empresas.infoempleo.com\/hrtrends\/la-union-europea-abre-las-puertas-de-la-empresa-china-a-directivos-de-pymes-espanolas\/#breadcrumb"},"inLanguage":"es","potentialAction":[{"@type":"ReadAction","target":["https:\/\/empresas.infoempleo.com\/hrtrends\/la-union-europea-abre-las-puertas-de-la-empresa-china-a-directivos-de-pymes-espanolas\/"]}]},{"@type":"ImageObject","inLanguage":"es","@id":"https:\/\/empresas.infoempleo.com\/hrtrends\/la-union-europea-abre-las-puertas-de-la-empresa-china-a-directivos-de-pymes-espanolas\/#primaryimage","url":"https:\/\/empresas.infoempleo.com\/hrtrends\/media\/2017\/05\/pexels-photo-205508-150x150.jpg","contentUrl":"https:\/\/empresas.infoempleo.com\/hrtrends\/media\/2017\/05\/pexels-photo-205508-150x150.jpg","width":150,"height":150},{"@type":"BreadcrumbList","@id":"https:\/\/empresas.infoempleo.com\/hrtrends\/la-union-europea-abre-las-puertas-de-la-empresa-china-a-directivos-de-pymes-espanolas\/#breadcrumb","itemListElement":[{"@type":"ListItem","position":1,"name":"Portada","item":"https:\/\/empresas.infoempleo.com\/hrtrends\/"},{"@type":"ListItem","position":2,"name":"La Uni\u00f3n Europea abre las puertas de la empresa china a directivos de pymes espa\u00f1olas"}]},{"@type":"WebSite","@id":"https:\/\/empresas.infoempleo.com\/hrtrends\/#website","url":"https:\/\/empresas.infoempleo.com\/hrtrends","name":"HRTrends by Infoempleo","description":"","publisher":{"@id":"https:\/\/empresas.infoempleo.com\/hrtrends\/#organization"},"potentialAction":{"@type":"SearchAction","target":"https:\/\/empresas.infoempleo.com\/hrtrends\/?s={search_term_string}","query-input":"required name=search_term_string"},"inLanguage":"es"},{"@type":"Organization","@id":"https:\/\/empresas.infoempleo.com\/hrtrends\/#organization","name":"Infoempleo","url":"https:\/\/www.infoempleo.com\/","logo":{"@type":"ImageObject","@id":"https:\/\/empresas.infoempleo.com\/hrtrends\/#logo","inLanguage":"es","url":"https:\/\/cdnazure.infoempleo.com\/infoempleo\/assets\/style\/gfx\/logo.svg","contentUrl":"https:\/\/cdnazure.infoempleo.com\/infoempleo\/assets\/style\/gfx\/logo.svg","width":150,"height":40,"caption":"Infoempleo"},"image":{"@id":"https:\/\/empresas.infoempleo.com\/hrtrends\/#logo"},"sameAs":["https:\/\/www.facebook.com\/Infoempleo","https:\/\/x.com\/infoempleo","http:\/\/instagram.com\/infoempleo\/","http:\/\/www.linkedin.com\/groups\/Empleo-Espa\u00f1a-Infoempleocom-111276","http:\/\/pinterest.com\/infoempleo\/"],"address":{"@type":"PostalAddress","addressLocality":"Madrid","postalCode":"28050","streetAddress":"Avenida de Burgos 114"},"brand":["Infoempleo"]},{"@type":"Person","@id":"https:\/\/empresas.infoempleo.com\/hrtrends\/#\/schema\/person\/eee830fc2082cd3b52302e59ea0d2c05","name":"Laura de Cubas","image":{"@type":"ImageObject","inLanguage":"es","@id":"https:\/\/empresas.infoempleo.com\/hrtrends\/#\/schema\/person\/image\/","url":"https:\/\/secure.gravatar.com\/avatar\/c13d88dcd67943e13f74372e711c3ba2accf296b195ba5dd59566bd5f5df94c8?s=96&d=mm&r=g","contentUrl":"https:\/\/secure.gravatar.com\/avatar\/c13d88dcd67943e13f74372e711c3ba2accf296b195ba5dd59566bd5f5df94c8?s=96&d=mm&r=g","caption":"Laura de Cubas"},"url":"https:\/\/empresas.infoempleo.com\/hrtrends\/author\/laura-de-cubas\/"}]}},"amp_enabled":true,"_links":{"self":[{"href":"https:\/\/empresas.infoempleo.com\/hrtrends\/wp-json\/wp\/v2\/posts\/5560","targetHints":{"allow":["GET"]}}],"collection":[{"href":"https:\/\/empresas.infoempleo.com\/hrtrends\/wp-json\/wp\/v2\/posts"}],"about":[{"href":"https:\/\/empresas.infoempleo.com\/hrtrends\/wp-json\/wp\/v2\/types\/post"}],"author":[{"embeddable":true,"href":"https:\/\/empresas.infoempleo.com\/hrtrends\/wp-json\/wp\/v2\/users\/35"}],"replies":[{"embeddable":true,"href":"https:\/\/empresas.infoempleo.com\/hrtrends\/wp-json\/wp\/v2\/comments?post=5560"}],"version-history":[{"count":4,"href":"https:\/\/empresas.infoempleo.com\/hrtrends\/wp-json\/wp\/v2\/posts\/5560\/revisions"}],"predecessor-version":[{"id":44742,"href":"https:\/\/empresas.infoempleo.com\/hrtrends\/wp-json\/wp\/v2\/posts\/5560\/revisions\/44742"}],"wp:featuredmedia":[{"embeddable":true,"href":"https:\/\/empresas.infoempleo.com\/hrtrends\/wp-json\/wp\/v2\/media\/29665"}],"wp:attachment":[{"href":"https:\/\/empresas.infoempleo.com\/hrtrends\/wp-json\/wp\/v2\/media?parent=5560"}],"wp:term":[{"taxonomy":"category","embeddable":true,"href":"https:\/\/empresas.infoempleo.com\/hrtrends\/wp-json\/wp\/v2\/categories?post=5560"},{"taxonomy":"post_tag","embeddable":true,"href":"https:\/\/empresas.infoempleo.com\/hrtrends\/wp-json\/wp\/v2\/tags?post=5560"}],"curies":[{"name":"wp","href":"https:\/\/api.w.org\/{rel}","templated":true}]}}