{"id":5419,"date":"2009-11-30T11:34:27","date_gmt":"2009-11-30T10:34:27","guid":{"rendered":"http:\/\/blog.infoempleo.com\/?p=5419"},"modified":"2023-03-13T19:32:06","modified_gmt":"2023-03-13T17:32:06","slug":"retraso-en-la-edad-de-jubilacion","status":"publish","type":"post","link":"https:\/\/empresas.infoempleo.com\/hrtrends\/retraso-en-la-edad-de-jubilacion\/","title":{"rendered":"Retraso en la edad de jubilaci\u00f3n"},"content":{"rendered":"<p style=\"text-align: center\">\n<p style=\"text-align: center\">\n<p>Jubilaciones, jubilaciones anticipadas y prejubilaciones. Cuando la sociedad del bienestar habla en lenguaje ERE y, dentro de sus medidas, alberga alguno (o ambos) de estos \u00faltimos dos supuestos, el futuro, tal y como hoy lo ten\u00edamos asimilado, desparece. Seg\u00fan las estad\u00edsticas demogr\u00e1ficas de la ONU, en 2050, 2.000 millones de personas superar\u00e1n los 60 a\u00f1os en todo el mundo y, en el caso de Espa\u00f1a abarcar\u00e1 al 44% de la poblaci\u00f3n. \u00bfCabe la posibilidad de seguir abusando del sistema cuando \u00e9ste seg\u00fan avanza la poblaci\u00f3n ocupada tiene menos recursos para hacer frente a un segmento de poblaci\u00f3n que crece? No. Al menos eso es lo que han deducido la mayor\u00eda de los pa\u00edses europeos que est\u00e1n retrasando la edad de jubilaci\u00f3n allende los 65, entre otras medidas, para dar continuidad \u2013y respiro econ\u00f3mico- a la masa productiva de cada regi\u00f3n.<\/p>\n<p>Sandalio G\u00f3mez, profesor de Direcci\u00f3n de Personas en IESE Business School a\u00f1ade una variable m\u00e1s: \u201cLa edad de 65 a\u00f1os para la jubilaci\u00f3n se estableci\u00f3 cuando la esperanza de vida no exced\u00eda apenas de los 72 o 75 a\u00f1os. Hoy, el que se llegue casi a los 80, no s\u00f3lo demuestra que se puede mantener cierta actividad hasta despu\u00e9s, sino que evidencia que el coste de la pensi\u00f3n del Estado se extiende a m\u00e1s tiempo\u201d. El autor de \u201cLas prejubilaciones en la persona, en la empresa y el sistema de pensiones\u201d echa n\u00fameros tanto de los que contribuyen con parte de su salario a la jubilaci\u00f3n de otros como los que se preparan para el retiro a una edad, a la vista de muchos vecinos, prematura: \u201cHoy, se incentiva a aquellos que rebasan los 65 aumentando su cotizaci\u00f3n en un 2% o un 3% por a\u00f1o trabajado hasta los 70, lo que puede llevar a que a la edad de la jubilaci\u00f3n su cotizaci\u00f3n, y base de pensi\u00f3n, sea del 115%\u201d.<\/p>\n<p>Este dato, desconocido por muchos es fruto del Pacto de Toledo, celebrado en 1995 y que, pese a que su revisi\u00f3n en 2003 no lleg\u00f3 a producirse \u2013\u201cpor momento pol\u00edtico\u201d, comenta G\u00f3mez- sus principios son ahora principales puntos de debate a puerta cerrada entre sindicatos y Administraci\u00f3n. S\u00ed se avanz\u00f3, entonces, en que la cotizaci\u00f3n m\u00ednima para tener derecho a jubilaci\u00f3n fuese de 15 a\u00f1os pero, la gran duda es si, vista la actual situaci\u00f3n se seguir\u00e1, una vez m\u00e1s, el ejemplo del resto del Viejo Continente: calcular el monto final de la pensi\u00f3n en base proporcional a la duraci\u00f3n de vida laboral.<\/p>\n","protected":false},"excerpt":{"rendered":"<p>El aumento en la esperanza de vida y el descenso en el n\u00famero de poblaci\u00f3n ocupada que, con su sueldo, sustenta las pensiones, hace que muchos sugieran la postegaci\u00f3n en la edad de jubilaci\u00f3n.<\/p>\n","protected":false},"author":35,"featured_media":29665,"comment_status":"closed","ping_status":"open","sticky":false,"template":"","format":"standard","meta":{"footnotes":""},"categories":[3],"tags":[163,673,681,682,683],"class_list":["post-5419","post","type-post","status-publish","format-standard","has-post-thumbnail","hentry","category-actualidad","tag-iese","tag-jubilacion","tag-pensiones","tag-retiro","tag-sandalio-gomez"],"yoast_head":"<!-- This site is optimized with the Yoast SEO plugin v26.1.1 - https:\/\/yoast.com\/wordpress\/plugins\/seo\/ -->\n<title>Retraso en la edad de jubilaci\u00f3n | HRTRENDS<\/title>\n<meta name=\"robots\" content=\"index, follow, max-snippet:-1, max-image-preview:large, max-video-preview:-1\" \/>\n<link rel=\"canonical\" href=\"https:\/\/empresas.infoempleo.com\/hrtrends\/retraso-en-la-edad-de-jubilacion\/\" \/>\n<meta property=\"og:locale\" content=\"es_ES\" \/>\n<meta property=\"og:type\" content=\"article\" \/>\n<meta property=\"og:title\" content=\"Retraso en la edad de jubilaci\u00f3n | HRTRENDS\" \/>\n<meta property=\"og:description\" content=\"El aumento en la esperanza de vida y el descenso en el n\u00famero de poblaci\u00f3n ocupada que, con su sueldo, sustenta las pensiones, hace que muchos sugieran la postegaci\u00f3n en la edad de jubilaci\u00f3n.\" \/>\n<meta property=\"og:url\" content=\"https:\/\/empresas.infoempleo.com\/hrtrends\/retraso-en-la-edad-de-jubilacion\/\" \/>\n<meta property=\"og:site_name\" content=\"HRTRENDS\" \/>\n<meta property=\"article:publisher\" content=\"https:\/\/www.facebook.com\/Infoempleo\" \/>\n<meta property=\"article:published_time\" content=\"2009-11-30T10:34:27+00:00\" \/>\n<meta property=\"article:modified_time\" content=\"2023-03-13T17:32:06+00:00\" \/>\n<meta property=\"og:image\" content=\"https:\/\/empresas.infoempleo.com\/hrtrends\/media\/2017\/05\/pexels-photo-205508.jpg\" \/>\n\t<meta property=\"og:image:width\" content=\"1280\" \/>\n\t<meta property=\"og:image:height\" content=\"960\" \/>\n\t<meta property=\"og:image:type\" content=\"image\/jpeg\" \/>\n<meta name=\"author\" content=\"Laura de Cubas\" \/>\n<meta name=\"twitter:card\" content=\"summary_large_image\" \/>\n<meta name=\"twitter:creator\" content=\"@infoempleo\" \/>\n<meta name=\"twitter:site\" content=\"@infoempleo\" \/>\n<meta name=\"twitter:label1\" content=\"Escrito por\" \/>\n\t<meta name=\"twitter:data1\" content=\"Laura de Cubas\" \/>\n\t<meta name=\"twitter:label2\" content=\"Tiempo de lectura\" \/>\n\t<meta name=\"twitter:data2\" content=\"2 minutos\" \/>\n<script type=\"application\/ld+json\" class=\"yoast-schema-graph\">{\"@context\":\"https:\/\/schema.org\",\"@graph\":[{\"@type\":\"NewsArticle\",\"@id\":\"https:\/\/empresas.infoempleo.com\/hrtrends\/retraso-en-la-edad-de-jubilacion\/#article\",\"isPartOf\":{\"@id\":\"https:\/\/empresas.infoempleo.com\/hrtrends\/retraso-en-la-edad-de-jubilacion\/\"},\"author\":{\"name\":\"Laura de Cubas\",\"@id\":\"https:\/\/empresas.infoempleo.com\/hrtrends\/#\/schema\/person\/eee830fc2082cd3b52302e59ea0d2c05\"},\"headline\":\"Retraso en la edad de jubilaci\u00f3n\",\"datePublished\":\"2009-11-30T10:34:27+00:00\",\"dateModified\":\"2023-03-13T17:32:06+00:00\",\"mainEntityOfPage\":{\"@id\":\"https:\/\/empresas.infoempleo.com\/hrtrends\/retraso-en-la-edad-de-jubilacion\/\"},\"wordCount\":452,\"publisher\":{\"@id\":\"https:\/\/empresas.infoempleo.com\/hrtrends\/#organization\"},\"image\":{\"@id\":\"https:\/\/empresas.infoempleo.com\/hrtrends\/retraso-en-la-edad-de-jubilacion\/#primaryimage\"},\"thumbnailUrl\":\"https:\/\/empresas.infoempleo.com\/hrtrends\/media\/2017\/05\/pexels-photo-205508.jpg\",\"keywords\":[\"IESE\",\"jubilaci\u00f3n\",\"pensiones\",\"retiro\",\"Sandalio G\u00f3mez\"],\"articleSection\":[\"Actualidad\"],\"inLanguage\":\"es\",\"copyrightYear\":\"2009\",\"copyrightHolder\":{\"@id\":\"https:\/\/empresas.infoempleo.com\/hrtrends\/#organization\"}},{\"@type\":\"WebPage\",\"@id\":\"https:\/\/empresas.infoempleo.com\/hrtrends\/retraso-en-la-edad-de-jubilacion\/\",\"url\":\"https:\/\/empresas.infoempleo.com\/hrtrends\/retraso-en-la-edad-de-jubilacion\/\",\"name\":\"Retraso en la edad de jubilaci\u00f3n | HRTRENDS\",\"isPartOf\":{\"@id\":\"https:\/\/empresas.infoempleo.com\/hrtrends\/#website\"},\"primaryImageOfPage\":{\"@id\":\"https:\/\/empresas.infoempleo.com\/hrtrends\/retraso-en-la-edad-de-jubilacion\/#primaryimage\"},\"image\":{\"@id\":\"https:\/\/empresas.infoempleo.com\/hrtrends\/retraso-en-la-edad-de-jubilacion\/#primaryimage\"},\"thumbnailUrl\":\"https:\/\/empresas.infoempleo.com\/hrtrends\/media\/2017\/05\/pexels-photo-205508.jpg\",\"datePublished\":\"2009-11-30T10:34:27+00:00\",\"dateModified\":\"2023-03-13T17:32:06+00:00\",\"breadcrumb\":{\"@id\":\"https:\/\/empresas.infoempleo.com\/hrtrends\/retraso-en-la-edad-de-jubilacion\/#breadcrumb\"},\"inLanguage\":\"es\",\"potentialAction\":[{\"@type\":\"ReadAction\",\"target\":[\"https:\/\/empresas.infoempleo.com\/hrtrends\/retraso-en-la-edad-de-jubilacion\/\"]}]},{\"@type\":\"ImageObject\",\"inLanguage\":\"es\",\"@id\":\"https:\/\/empresas.infoempleo.com\/hrtrends\/retraso-en-la-edad-de-jubilacion\/#primaryimage\",\"url\":\"https:\/\/empresas.infoempleo.com\/hrtrends\/media\/2017\/05\/pexels-photo-205508-150x150.jpg\",\"contentUrl\":\"https:\/\/empresas.infoempleo.com\/hrtrends\/media\/2017\/05\/pexels-photo-205508-150x150.jpg\",\"width\":150,\"height\":150},{\"@type\":\"BreadcrumbList\",\"@id\":\"https:\/\/empresas.infoempleo.com\/hrtrends\/retraso-en-la-edad-de-jubilacion\/#breadcrumb\",\"itemListElement\":[{\"@type\":\"ListItem\",\"position\":1,\"name\":\"Portada\",\"item\":\"https:\/\/empresas.infoempleo.com\/hrtrends\/\"},{\"@type\":\"ListItem\",\"position\":2,\"name\":\"Retraso en la edad de jubilaci\u00f3n\"}]},{\"@type\":\"WebSite\",\"@id\":\"https:\/\/empresas.infoempleo.com\/hrtrends\/#website\",\"url\":\"https:\/\/empresas.infoempleo.com\/hrtrends\",\"name\":\"HRTrends by Infoempleo\",\"description\":\"\",\"publisher\":{\"@id\":\"https:\/\/empresas.infoempleo.com\/hrtrends\/#organization\"},\"potentialAction\":{\"@type\":\"SearchAction\",\"target\":\"https:\/\/empresas.infoempleo.com\/hrtrends\/?s={search_term_string}\",\"query-input\":\"required name=search_term_string\"},\"inLanguage\":\"es\"},{\"@type\":\"Organization\",\"@id\":\"https:\/\/empresas.infoempleo.com\/hrtrends\/#organization\",\"name\":\"Infoempleo\",\"url\":\"https:\/\/www.infoempleo.com\/\",\"logo\":{\"@type\":\"ImageObject\",\"@id\":\"https:\/\/empresas.infoempleo.com\/hrtrends\/#logo\",\"inLanguage\":\"es\",\"url\":\"https:\/\/cdnazure.infoempleo.com\/infoempleo\/assets\/style\/gfx\/logo.svg\",\"contentUrl\":\"https:\/\/cdnazure.infoempleo.com\/infoempleo\/assets\/style\/gfx\/logo.svg\",\"width\":150,\"height\":40,\"caption\":\"Infoempleo\"},\"image\":{\"@id\":\"https:\/\/empresas.infoempleo.com\/hrtrends\/#logo\"},\"sameAs\":[\"https:\/\/www.facebook.com\/Infoempleo\",\"https:\/\/x.com\/infoempleo\",\"http:\/\/instagram.com\/infoempleo\/\",\"http:\/\/www.linkedin.com\/groups\/Empleo-Espa\u00f1a-Infoempleocom-111276\",\"http:\/\/pinterest.com\/infoempleo\/\"],\"address\":{\"@type\":\"PostalAddress\",\"addressLocality\":\"Madrid\",\"postalCode\":\"28050\",\"streetAddress\":\"Avenida de Burgos 114\"},\"brand\":[\"Infoempleo\"]},{\"@type\":\"Person\",\"@id\":\"https:\/\/empresas.infoempleo.com\/hrtrends\/#\/schema\/person\/eee830fc2082cd3b52302e59ea0d2c05\",\"name\":\"Laura de Cubas\",\"image\":{\"@type\":\"ImageObject\",\"inLanguage\":\"es\",\"@id\":\"https:\/\/empresas.infoempleo.com\/hrtrends\/#\/schema\/person\/image\/\",\"url\":\"https:\/\/secure.gravatar.com\/avatar\/c13d88dcd67943e13f74372e711c3ba2accf296b195ba5dd59566bd5f5df94c8?s=96&d=mm&r=g\",\"contentUrl\":\"https:\/\/secure.gravatar.com\/avatar\/c13d88dcd67943e13f74372e711c3ba2accf296b195ba5dd59566bd5f5df94c8?s=96&d=mm&r=g\",\"caption\":\"Laura de Cubas\"},\"url\":\"https:\/\/empresas.infoempleo.com\/hrtrends\/author\/laura-de-cubas\/\"}]}<\/script>\n<!-- \/ Yoast SEO plugin. -->","yoast_head_json":{"title":"Retraso en la edad de jubilaci\u00f3n | HRTRENDS","robots":{"index":"index","follow":"follow","max-snippet":"max-snippet:-1","max-image-preview":"max-image-preview:large","max-video-preview":"max-video-preview:-1"},"canonical":"https:\/\/empresas.infoempleo.com\/hrtrends\/retraso-en-la-edad-de-jubilacion\/","og_locale":"es_ES","og_type":"article","og_title":"Retraso en la edad de jubilaci\u00f3n | HRTRENDS","og_description":"El aumento en la esperanza de vida y el descenso en el n\u00famero de poblaci\u00f3n ocupada que, con su sueldo, sustenta las pensiones, hace que muchos sugieran la postegaci\u00f3n en la edad de jubilaci\u00f3n.","og_url":"https:\/\/empresas.infoempleo.com\/hrtrends\/retraso-en-la-edad-de-jubilacion\/","og_site_name":"HRTRENDS","article_publisher":"https:\/\/www.facebook.com\/Infoempleo","article_published_time":"2009-11-30T10:34:27+00:00","article_modified_time":"2023-03-13T17:32:06+00:00","og_image":[{"width":1280,"height":960,"url":"https:\/\/empresas.infoempleo.com\/hrtrends\/media\/2017\/05\/pexels-photo-205508.jpg","type":"image\/jpeg"}],"author":"Laura de Cubas","twitter_card":"summary_large_image","twitter_creator":"@infoempleo","twitter_site":"@infoempleo","twitter_misc":{"Escrito por":"Laura de Cubas","Tiempo de lectura":"2 minutos"},"schema":{"@context":"https:\/\/schema.org","@graph":[{"@type":"NewsArticle","@id":"https:\/\/empresas.infoempleo.com\/hrtrends\/retraso-en-la-edad-de-jubilacion\/#article","isPartOf":{"@id":"https:\/\/empresas.infoempleo.com\/hrtrends\/retraso-en-la-edad-de-jubilacion\/"},"author":{"name":"Laura de Cubas","@id":"https:\/\/empresas.infoempleo.com\/hrtrends\/#\/schema\/person\/eee830fc2082cd3b52302e59ea0d2c05"},"headline":"Retraso en la edad de jubilaci\u00f3n","datePublished":"2009-11-30T10:34:27+00:00","dateModified":"2023-03-13T17:32:06+00:00","mainEntityOfPage":{"@id":"https:\/\/empresas.infoempleo.com\/hrtrends\/retraso-en-la-edad-de-jubilacion\/"},"wordCount":452,"publisher":{"@id":"https:\/\/empresas.infoempleo.com\/hrtrends\/#organization"},"image":{"@id":"https:\/\/empresas.infoempleo.com\/hrtrends\/retraso-en-la-edad-de-jubilacion\/#primaryimage"},"thumbnailUrl":"https:\/\/empresas.infoempleo.com\/hrtrends\/media\/2017\/05\/pexels-photo-205508.jpg","keywords":["IESE","jubilaci\u00f3n","pensiones","retiro","Sandalio G\u00f3mez"],"articleSection":["Actualidad"],"inLanguage":"es","copyrightYear":"2009","copyrightHolder":{"@id":"https:\/\/empresas.infoempleo.com\/hrtrends\/#organization"}},{"@type":"WebPage","@id":"https:\/\/empresas.infoempleo.com\/hrtrends\/retraso-en-la-edad-de-jubilacion\/","url":"https:\/\/empresas.infoempleo.com\/hrtrends\/retraso-en-la-edad-de-jubilacion\/","name":"Retraso en la edad de jubilaci\u00f3n | HRTRENDS","isPartOf":{"@id":"https:\/\/empresas.infoempleo.com\/hrtrends\/#website"},"primaryImageOfPage":{"@id":"https:\/\/empresas.infoempleo.com\/hrtrends\/retraso-en-la-edad-de-jubilacion\/#primaryimage"},"image":{"@id":"https:\/\/empresas.infoempleo.com\/hrtrends\/retraso-en-la-edad-de-jubilacion\/#primaryimage"},"thumbnailUrl":"https:\/\/empresas.infoempleo.com\/hrtrends\/media\/2017\/05\/pexels-photo-205508.jpg","datePublished":"2009-11-30T10:34:27+00:00","dateModified":"2023-03-13T17:32:06+00:00","breadcrumb":{"@id":"https:\/\/empresas.infoempleo.com\/hrtrends\/retraso-en-la-edad-de-jubilacion\/#breadcrumb"},"inLanguage":"es","potentialAction":[{"@type":"ReadAction","target":["https:\/\/empresas.infoempleo.com\/hrtrends\/retraso-en-la-edad-de-jubilacion\/"]}]},{"@type":"ImageObject","inLanguage":"es","@id":"https:\/\/empresas.infoempleo.com\/hrtrends\/retraso-en-la-edad-de-jubilacion\/#primaryimage","url":"https:\/\/empresas.infoempleo.com\/hrtrends\/media\/2017\/05\/pexels-photo-205508-150x150.jpg","contentUrl":"https:\/\/empresas.infoempleo.com\/hrtrends\/media\/2017\/05\/pexels-photo-205508-150x150.jpg","width":150,"height":150},{"@type":"BreadcrumbList","@id":"https:\/\/empresas.infoempleo.com\/hrtrends\/retraso-en-la-edad-de-jubilacion\/#breadcrumb","itemListElement":[{"@type":"ListItem","position":1,"name":"Portada","item":"https:\/\/empresas.infoempleo.com\/hrtrends\/"},{"@type":"ListItem","position":2,"name":"Retraso en la edad de jubilaci\u00f3n"}]},{"@type":"WebSite","@id":"https:\/\/empresas.infoempleo.com\/hrtrends\/#website","url":"https:\/\/empresas.infoempleo.com\/hrtrends","name":"HRTrends by Infoempleo","description":"","publisher":{"@id":"https:\/\/empresas.infoempleo.com\/hrtrends\/#organization"},"potentialAction":{"@type":"SearchAction","target":"https:\/\/empresas.infoempleo.com\/hrtrends\/?s={search_term_string}","query-input":"required name=search_term_string"},"inLanguage":"es"},{"@type":"Organization","@id":"https:\/\/empresas.infoempleo.com\/hrtrends\/#organization","name":"Infoempleo","url":"https:\/\/www.infoempleo.com\/","logo":{"@type":"ImageObject","@id":"https:\/\/empresas.infoempleo.com\/hrtrends\/#logo","inLanguage":"es","url":"https:\/\/cdnazure.infoempleo.com\/infoempleo\/assets\/style\/gfx\/logo.svg","contentUrl":"https:\/\/cdnazure.infoempleo.com\/infoempleo\/assets\/style\/gfx\/logo.svg","width":150,"height":40,"caption":"Infoempleo"},"image":{"@id":"https:\/\/empresas.infoempleo.com\/hrtrends\/#logo"},"sameAs":["https:\/\/www.facebook.com\/Infoempleo","https:\/\/x.com\/infoempleo","http:\/\/instagram.com\/infoempleo\/","http:\/\/www.linkedin.com\/groups\/Empleo-Espa\u00f1a-Infoempleocom-111276","http:\/\/pinterest.com\/infoempleo\/"],"address":{"@type":"PostalAddress","addressLocality":"Madrid","postalCode":"28050","streetAddress":"Avenida de Burgos 114"},"brand":["Infoempleo"]},{"@type":"Person","@id":"https:\/\/empresas.infoempleo.com\/hrtrends\/#\/schema\/person\/eee830fc2082cd3b52302e59ea0d2c05","name":"Laura de Cubas","image":{"@type":"ImageObject","inLanguage":"es","@id":"https:\/\/empresas.infoempleo.com\/hrtrends\/#\/schema\/person\/image\/","url":"https:\/\/secure.gravatar.com\/avatar\/c13d88dcd67943e13f74372e711c3ba2accf296b195ba5dd59566bd5f5df94c8?s=96&d=mm&r=g","contentUrl":"https:\/\/secure.gravatar.com\/avatar\/c13d88dcd67943e13f74372e711c3ba2accf296b195ba5dd59566bd5f5df94c8?s=96&d=mm&r=g","caption":"Laura de Cubas"},"url":"https:\/\/empresas.infoempleo.com\/hrtrends\/author\/laura-de-cubas\/"}]}},"amp_enabled":true,"_links":{"self":[{"href":"https:\/\/empresas.infoempleo.com\/hrtrends\/wp-json\/wp\/v2\/posts\/5419","targetHints":{"allow":["GET"]}}],"collection":[{"href":"https:\/\/empresas.infoempleo.com\/hrtrends\/wp-json\/wp\/v2\/posts"}],"about":[{"href":"https:\/\/empresas.infoempleo.com\/hrtrends\/wp-json\/wp\/v2\/types\/post"}],"author":[{"embeddable":true,"href":"https:\/\/empresas.infoempleo.com\/hrtrends\/wp-json\/wp\/v2\/users\/35"}],"replies":[{"embeddable":true,"href":"https:\/\/empresas.infoempleo.com\/hrtrends\/wp-json\/wp\/v2\/comments?post=5419"}],"version-history":[{"count":3,"href":"https:\/\/empresas.infoempleo.com\/hrtrends\/wp-json\/wp\/v2\/posts\/5419\/revisions"}],"predecessor-version":[{"id":43304,"href":"https:\/\/empresas.infoempleo.com\/hrtrends\/wp-json\/wp\/v2\/posts\/5419\/revisions\/43304"}],"wp:featuredmedia":[{"embeddable":true,"href":"https:\/\/empresas.infoempleo.com\/hrtrends\/wp-json\/wp\/v2\/media\/29665"}],"wp:attachment":[{"href":"https:\/\/empresas.infoempleo.com\/hrtrends\/wp-json\/wp\/v2\/media?parent=5419"}],"wp:term":[{"taxonomy":"category","embeddable":true,"href":"https:\/\/empresas.infoempleo.com\/hrtrends\/wp-json\/wp\/v2\/categories?post=5419"},{"taxonomy":"post_tag","embeddable":true,"href":"https:\/\/empresas.infoempleo.com\/hrtrends\/wp-json\/wp\/v2\/tags?post=5419"}],"curies":[{"name":"wp","href":"https:\/\/api.w.org\/{rel}","templated":true}]}}