{"id":5164,"date":"2009-11-17T10:27:15","date_gmt":"2009-11-17T09:27:15","guid":{"rendered":"http:\/\/blog.infoempleo.com\/?p=5164"},"modified":"2024-08-29T17:40:02","modified_gmt":"2024-08-29T15:40:02","slug":"no-tenia-vocacion-de-entrenador-ni-tampoco-capacidad","status":"publish","type":"post","link":"https:\/\/empresas.infoempleo.com\/hrtrends\/no-tenia-vocacion-de-entrenador-ni-tampoco-capacidad\/","title":{"rendered":"\u00abNo ten\u00eda vocaci\u00f3n de entrenador ni tampoco capacidad\u00bb"},"content":{"rendered":"<p><strong>Emilio Butrague\u00f1o, director de Relaciones Institucionales del Real Madrid<\/strong><\/p>\n<p>Hijo obediente y responsable, Emilio Butrague\u00f1o (Madrid, 1963) <strong>compagin\u00f3 sus estudios, su afici\u00f3n por el f\u00fatbol y el trabajo en la perfumer\u00eda de sus padres durante muchos a\u00f1os.<\/strong> Nunca, ni siquiera cuando debut\u00f3 en primera divisi\u00f3n, pens\u00f3 que ten\u00eda futuro como futbolista. Quiz\u00e1 por ello, por la forma entre despegada e incr\u00e9dula con que vivi\u00f3 sus triunfos, tampoco se dej\u00f3 seducir por el lujo del que hacen gala tantas estrellas fuera del terreno de juego. \u00c9l prefiri\u00f3 estudiar una carrera y dos programas de alta direcci\u00f3n para preparar bien su trasvase al despacho. En la actualidad, Emilio Butrague\u00f1o es director de Relaciones Institucionales del club en el que marc\u00f3 una \u00e9poca, el Real Madrid.<\/p>\n<p><strong>\u00bfA qu\u00e9 edad se puso detr\u00e1s del mostrador por primera vez?<br \/>\n<\/strong>A los diez a\u00f1os. Yo sal\u00eda del colegio y, cuando terminaba los deberes, bajaba a la tienda. Es curioso, pero yo era el responsable de la secci\u00f3n de tintes y, adem\u00e1s de atender, me encargaba de reponer y de cuidar que todo estuviera en orden. Incluso cuando estaba en el Real Madrid, trabajaba en el tienda en Navidades.<\/p>\n<p><strong>\u00bfSus padres confiaban en que les suceder\u00eda en el negocio?<br \/>\n<\/strong>No lo s\u00e9. A lo mejor s\u00ed, pero yo tom\u00e9 otro camino. En cualquier caso, he de decir que lo que yo llamo la \u00abcultura del mostrador\u00bb me ha ayudado toda mi vida. Trabajar en la tienda supuso un enorme aprendizaje. Cuando est\u00e1s detr\u00e1s del mostrador, hay que tener un gran respeto hacia las otras personas. Gracias a ellas, el negocio prospera. Y eso va modelando una relaci\u00f3n y una manera de percibir a los otros que, a m\u00ed, me ha ayudado mucho.<\/p>\n<p><strong>Tras rechazar una oferta del Atleti, le fich\u00f3 el Real Madrid. \u00bfA cu\u00e1nto ascendi\u00f3 su primer sueldo?<br \/>\n<\/strong>Al mes, cobraba 15.000 pesetas. Yo ten\u00eda 18 a\u00f1os. Si hubiera sido por mi padre, hasta habr\u00eda pagado por jugar en el Real Madrid [Risas]. Recuerdo que ese primer a\u00f1o, en tercera divisi\u00f3n, nos daban 2.000 pesetas por ganar los partidos en casa y 3.000 por ganar los de fuera. Antes de acabar la temporada sub\u00ed al Castilla y, entonces, creo que nos daban unas 20.000 pesetas cuando gan\u00e1bamos en casa. Pero mi padre no me dej\u00f3 gastar ni siquiera una peseta. Todo lo ahorr\u00e9.<\/p>\n<p><strong>Alg\u00fan capricho se dar\u00eda&#8230;<br \/>\n<\/strong>No. Y, desde luego, un coche no fue. Yo utilizaba el dinero para invertir. Ten\u00eda solamente dos caprichos cuando llegu\u00e9 al Real Madrid: viajar y el arte.<\/p>\n<p><strong>\u00bfQu\u00e9 aconsejar\u00eda a tantos y tantos ni\u00f1os que sue\u00f1an con ser futbolistas? Habida cuenta de los pocos que podr\u00e1n vivir de su pericia con el bal\u00f3n.<br \/>\n<\/strong>Muy simple: que se diviertan, eso es lo m\u00e1s importante, y que sean ellos mismos. La vida decidir\u00e1 por ellos, que no se agobien. Yo no pens\u00e9 en ser profesional ni siquiera cuando debut\u00e9 en el Real Madrid.<\/p>\n<p><strong>\u00bfY qu\u00e9 esperaba entonces?<br \/>\n<\/strong>Nada, s\u00f3lo jugaba. De hecho, cuando debut\u00e9 en el Real Madrid, pens\u00e9 que volver\u00eda al Castilla. Sinceramente, esa inconsciencia, esa falta de planes me ayud\u00f3 bastante.<\/p>\n<p><strong>Despu\u00e9s, \u00bfnunca se plante\u00f3 reciclarse en entrenador?<br \/>\n<\/strong>Jam\u00e1s. No ten\u00eda vocaci\u00f3n, y tampoco creo que tenga capacidad.<\/p>\n","protected":false},"excerpt":{"rendered":"<p>Emilio Butrague\u00f1o, director de Relaciones Institucionales del Real Madrid Hijo obediente y responsable, Emilio Butrague\u00f1o (Madrid, 1963) compagin\u00f3<a class=\"moretag\" href=\"https:\/\/empresas.infoempleo.com\/hrtrends\/no-tenia-vocacion-de-entrenador-ni-tampoco-capacidad\/\"> Leer m\u00e1s<\/a><\/p>\n","protected":false},"author":34,"featured_media":29665,"comment_status":"closed","ping_status":"open","sticky":false,"template":"","format":"standard","meta":{"footnotes":""},"categories":[3],"tags":[606,491,607],"class_list":["post-5164","post","type-post","status-publish","format-standard","has-post-thumbnail","hentry","category-actualidad","tag-emilio-butragueno","tag-primer-empleo","tag-real-madrid"],"yoast_head":"<!-- This site is optimized with the Yoast SEO plugin v26.1.1 - https:\/\/yoast.com\/wordpress\/plugins\/seo\/ -->\n<title>&quot;No ten\u00eda vocaci\u00f3n de entrenador ni tampoco capacidad&quot; | HRTRENDS<\/title>\n<meta name=\"robots\" content=\"index, follow, max-snippet:-1, max-image-preview:large, max-video-preview:-1\" \/>\n<link rel=\"canonical\" href=\"https:\/\/empresas.infoempleo.com\/hrtrends\/no-tenia-vocacion-de-entrenador-ni-tampoco-capacidad\/\" \/>\n<meta property=\"og:locale\" content=\"es_ES\" \/>\n<meta property=\"og:type\" content=\"article\" \/>\n<meta property=\"og:title\" content=\"&quot;No ten\u00eda vocaci\u00f3n de entrenador ni tampoco capacidad&quot; | HRTRENDS\" \/>\n<meta property=\"og:description\" content=\"Emilio Butrague\u00f1o, director de Relaciones Institucionales del Real Madrid Hijo obediente y responsable, Emilio Butrague\u00f1o (Madrid, 1963) compagin\u00f3 Leer m\u00e1s\" \/>\n<meta property=\"og:url\" content=\"https:\/\/empresas.infoempleo.com\/hrtrends\/no-tenia-vocacion-de-entrenador-ni-tampoco-capacidad\/\" \/>\n<meta property=\"og:site_name\" content=\"HRTRENDS\" \/>\n<meta property=\"article:publisher\" content=\"https:\/\/www.facebook.com\/Infoempleo\" \/>\n<meta property=\"article:published_time\" content=\"2009-11-17T09:27:15+00:00\" \/>\n<meta property=\"article:modified_time\" content=\"2024-08-29T15:40:02+00:00\" \/>\n<meta name=\"author\" content=\"Rosario Sep\u00falveda\" \/>\n<meta name=\"twitter:card\" content=\"summary_large_image\" \/>\n<meta name=\"twitter:creator\" content=\"@infoempleo\" \/>\n<meta name=\"twitter:site\" content=\"@infoempleo\" \/>\n<meta name=\"twitter:label1\" content=\"Escrito por\" \/>\n\t<meta name=\"twitter:data1\" content=\"Rosario Sep\u00falveda\" \/>\n\t<meta name=\"twitter:label2\" content=\"Tiempo de lectura\" \/>\n\t<meta name=\"twitter:data2\" content=\"3 minutos\" \/>\n<script type=\"application\/ld+json\" class=\"yoast-schema-graph\">{\"@context\":\"https:\/\/schema.org\",\"@graph\":[{\"@type\":\"NewsArticle\",\"@id\":\"https:\/\/empresas.infoempleo.com\/hrtrends\/no-tenia-vocacion-de-entrenador-ni-tampoco-capacidad\/#article\",\"isPartOf\":{\"@id\":\"https:\/\/empresas.infoempleo.com\/hrtrends\/no-tenia-vocacion-de-entrenador-ni-tampoco-capacidad\/\"},\"author\":{\"name\":\"Rosario Sep\u00falveda\",\"@id\":\"https:\/\/empresas.infoempleo.com\/hrtrends\/#\/schema\/person\/2a45835f1492cbc7fbce11ad398707a8\"},\"headline\":\"\u00abNo ten\u00eda vocaci\u00f3n de entrenador ni tampoco capacidad\u00bb\",\"datePublished\":\"2009-11-17T09:27:15+00:00\",\"dateModified\":\"2024-08-29T15:40:02+00:00\",\"mainEntityOfPage\":{\"@id\":\"https:\/\/empresas.infoempleo.com\/hrtrends\/no-tenia-vocacion-de-entrenador-ni-tampoco-capacidad\/\"},\"wordCount\":575,\"publisher\":{\"@id\":\"https:\/\/empresas.infoempleo.com\/hrtrends\/#organization\"},\"image\":{\"@id\":\"https:\/\/empresas.infoempleo.com\/hrtrends\/no-tenia-vocacion-de-entrenador-ni-tampoco-capacidad\/#primaryimage\"},\"thumbnailUrl\":\"https:\/\/empresas.infoempleo.com\/hrtrends\/media\/2017\/05\/pexels-photo-205508.jpg\",\"keywords\":[\"emilio butrague\u00f1o\",\"primer empleo\",\"real madrid\"],\"articleSection\":[\"Actualidad\"],\"inLanguage\":\"es\",\"copyrightYear\":\"2009\",\"copyrightHolder\":{\"@id\":\"https:\/\/empresas.infoempleo.com\/hrtrends\/#organization\"}},{\"@type\":\"WebPage\",\"@id\":\"https:\/\/empresas.infoempleo.com\/hrtrends\/no-tenia-vocacion-de-entrenador-ni-tampoco-capacidad\/\",\"url\":\"https:\/\/empresas.infoempleo.com\/hrtrends\/no-tenia-vocacion-de-entrenador-ni-tampoco-capacidad\/\",\"name\":\"\\\"No ten\u00eda vocaci\u00f3n de entrenador ni tampoco capacidad\\\" | HRTRENDS\",\"isPartOf\":{\"@id\":\"https:\/\/empresas.infoempleo.com\/hrtrends\/#website\"},\"primaryImageOfPage\":{\"@id\":\"https:\/\/empresas.infoempleo.com\/hrtrends\/no-tenia-vocacion-de-entrenador-ni-tampoco-capacidad\/#primaryimage\"},\"image\":{\"@id\":\"https:\/\/empresas.infoempleo.com\/hrtrends\/no-tenia-vocacion-de-entrenador-ni-tampoco-capacidad\/#primaryimage\"},\"thumbnailUrl\":\"https:\/\/empresas.infoempleo.com\/hrtrends\/media\/2017\/05\/pexels-photo-205508.jpg\",\"datePublished\":\"2009-11-17T09:27:15+00:00\",\"dateModified\":\"2024-08-29T15:40:02+00:00\",\"breadcrumb\":{\"@id\":\"https:\/\/empresas.infoempleo.com\/hrtrends\/no-tenia-vocacion-de-entrenador-ni-tampoco-capacidad\/#breadcrumb\"},\"inLanguage\":\"es\",\"potentialAction\":[{\"@type\":\"ReadAction\",\"target\":[\"https:\/\/empresas.infoempleo.com\/hrtrends\/no-tenia-vocacion-de-entrenador-ni-tampoco-capacidad\/\"]}]},{\"@type\":\"ImageObject\",\"inLanguage\":\"es\",\"@id\":\"https:\/\/empresas.infoempleo.com\/hrtrends\/no-tenia-vocacion-de-entrenador-ni-tampoco-capacidad\/#primaryimage\",\"url\":\"https:\/\/empresas.infoempleo.com\/hrtrends\/media\/2017\/05\/pexels-photo-205508-150x150.jpg\",\"contentUrl\":\"https:\/\/empresas.infoempleo.com\/hrtrends\/media\/2017\/05\/pexels-photo-205508-150x150.jpg\",\"width\":150,\"height\":150},{\"@type\":\"BreadcrumbList\",\"@id\":\"https:\/\/empresas.infoempleo.com\/hrtrends\/no-tenia-vocacion-de-entrenador-ni-tampoco-capacidad\/#breadcrumb\",\"itemListElement\":[{\"@type\":\"ListItem\",\"position\":1,\"name\":\"Portada\",\"item\":\"https:\/\/empresas.infoempleo.com\/hrtrends\/\"},{\"@type\":\"ListItem\",\"position\":2,\"name\":\"\u00abNo ten\u00eda vocaci\u00f3n de entrenador ni tampoco capacidad\u00bb\"}]},{\"@type\":\"WebSite\",\"@id\":\"https:\/\/empresas.infoempleo.com\/hrtrends\/#website\",\"url\":\"https:\/\/empresas.infoempleo.com\/hrtrends\",\"name\":\"HRTrends by Infoempleo\",\"description\":\"\",\"publisher\":{\"@id\":\"https:\/\/empresas.infoempleo.com\/hrtrends\/#organization\"},\"potentialAction\":{\"@type\":\"SearchAction\",\"target\":\"https:\/\/empresas.infoempleo.com\/hrtrends\/?s={search_term_string}\",\"query-input\":\"required name=search_term_string\"},\"inLanguage\":\"es\"},{\"@type\":\"Organization\",\"@id\":\"https:\/\/empresas.infoempleo.com\/hrtrends\/#organization\",\"name\":\"Infoempleo\",\"url\":\"https:\/\/www.infoempleo.com\/\",\"logo\":{\"@type\":\"ImageObject\",\"@id\":\"https:\/\/empresas.infoempleo.com\/hrtrends\/#logo\",\"inLanguage\":\"es\",\"url\":\"https:\/\/cdnazure.infoempleo.com\/infoempleo\/assets\/style\/gfx\/logo.svg\",\"contentUrl\":\"https:\/\/cdnazure.infoempleo.com\/infoempleo\/assets\/style\/gfx\/logo.svg\",\"width\":150,\"height\":40,\"caption\":\"Infoempleo\"},\"image\":{\"@id\":\"https:\/\/empresas.infoempleo.com\/hrtrends\/#logo\"},\"sameAs\":[\"https:\/\/www.facebook.com\/Infoempleo\",\"https:\/\/x.com\/infoempleo\",\"http:\/\/instagram.com\/infoempleo\/\",\"http:\/\/www.linkedin.com\/groups\/Empleo-Espa\u00f1a-Infoempleocom-111276\",\"http:\/\/pinterest.com\/infoempleo\/\"],\"address\":{\"@type\":\"PostalAddress\",\"addressLocality\":\"Madrid\",\"postalCode\":\"28050\",\"streetAddress\":\"Avenida de Burgos 114\"},\"brand\":[\"Infoempleo\"]},{\"@type\":\"Person\",\"@id\":\"https:\/\/empresas.infoempleo.com\/hrtrends\/#\/schema\/person\/2a45835f1492cbc7fbce11ad398707a8\",\"name\":\"Rosario Sep\u00falveda\",\"image\":{\"@type\":\"ImageObject\",\"inLanguage\":\"es\",\"@id\":\"https:\/\/empresas.infoempleo.com\/hrtrends\/#\/schema\/person\/image\/\",\"url\":\"https:\/\/secure.gravatar.com\/avatar\/01b4f37da8fd0cca9ded94ad0ab4a694814c54945a7c84e54495a93ea3a90e3b?s=96&d=mm&r=g\",\"contentUrl\":\"https:\/\/secure.gravatar.com\/avatar\/01b4f37da8fd0cca9ded94ad0ab4a694814c54945a7c84e54495a93ea3a90e3b?s=96&d=mm&r=g\",\"caption\":\"Rosario Sep\u00falveda\"},\"url\":\"https:\/\/empresas.infoempleo.com\/hrtrends\/author\/rosario-sepulveda\/\"}]}<\/script>\n<!-- \/ Yoast SEO plugin. -->","yoast_head_json":{"title":"\"No ten\u00eda vocaci\u00f3n de entrenador ni tampoco capacidad\" | HRTRENDS","robots":{"index":"index","follow":"follow","max-snippet":"max-snippet:-1","max-image-preview":"max-image-preview:large","max-video-preview":"max-video-preview:-1"},"canonical":"https:\/\/empresas.infoempleo.com\/hrtrends\/no-tenia-vocacion-de-entrenador-ni-tampoco-capacidad\/","og_locale":"es_ES","og_type":"article","og_title":"\"No ten\u00eda vocaci\u00f3n de entrenador ni tampoco capacidad\" | HRTRENDS","og_description":"Emilio Butrague\u00f1o, director de Relaciones Institucionales del Real Madrid Hijo obediente y responsable, Emilio Butrague\u00f1o (Madrid, 1963) compagin\u00f3 Leer m\u00e1s","og_url":"https:\/\/empresas.infoempleo.com\/hrtrends\/no-tenia-vocacion-de-entrenador-ni-tampoco-capacidad\/","og_site_name":"HRTRENDS","article_publisher":"https:\/\/www.facebook.com\/Infoempleo","article_published_time":"2009-11-17T09:27:15+00:00","article_modified_time":"2024-08-29T15:40:02+00:00","author":"Rosario Sep\u00falveda","twitter_card":"summary_large_image","twitter_creator":"@infoempleo","twitter_site":"@infoempleo","twitter_misc":{"Escrito por":"Rosario Sep\u00falveda","Tiempo de lectura":"3 minutos"},"schema":{"@context":"https:\/\/schema.org","@graph":[{"@type":"NewsArticle","@id":"https:\/\/empresas.infoempleo.com\/hrtrends\/no-tenia-vocacion-de-entrenador-ni-tampoco-capacidad\/#article","isPartOf":{"@id":"https:\/\/empresas.infoempleo.com\/hrtrends\/no-tenia-vocacion-de-entrenador-ni-tampoco-capacidad\/"},"author":{"name":"Rosario Sep\u00falveda","@id":"https:\/\/empresas.infoempleo.com\/hrtrends\/#\/schema\/person\/2a45835f1492cbc7fbce11ad398707a8"},"headline":"\u00abNo ten\u00eda vocaci\u00f3n de entrenador ni tampoco capacidad\u00bb","datePublished":"2009-11-17T09:27:15+00:00","dateModified":"2024-08-29T15:40:02+00:00","mainEntityOfPage":{"@id":"https:\/\/empresas.infoempleo.com\/hrtrends\/no-tenia-vocacion-de-entrenador-ni-tampoco-capacidad\/"},"wordCount":575,"publisher":{"@id":"https:\/\/empresas.infoempleo.com\/hrtrends\/#organization"},"image":{"@id":"https:\/\/empresas.infoempleo.com\/hrtrends\/no-tenia-vocacion-de-entrenador-ni-tampoco-capacidad\/#primaryimage"},"thumbnailUrl":"https:\/\/empresas.infoempleo.com\/hrtrends\/media\/2017\/05\/pexels-photo-205508.jpg","keywords":["emilio butrague\u00f1o","primer empleo","real madrid"],"articleSection":["Actualidad"],"inLanguage":"es","copyrightYear":"2009","copyrightHolder":{"@id":"https:\/\/empresas.infoempleo.com\/hrtrends\/#organization"}},{"@type":"WebPage","@id":"https:\/\/empresas.infoempleo.com\/hrtrends\/no-tenia-vocacion-de-entrenador-ni-tampoco-capacidad\/","url":"https:\/\/empresas.infoempleo.com\/hrtrends\/no-tenia-vocacion-de-entrenador-ni-tampoco-capacidad\/","name":"\"No ten\u00eda vocaci\u00f3n de entrenador ni tampoco capacidad\" | HRTRENDS","isPartOf":{"@id":"https:\/\/empresas.infoempleo.com\/hrtrends\/#website"},"primaryImageOfPage":{"@id":"https:\/\/empresas.infoempleo.com\/hrtrends\/no-tenia-vocacion-de-entrenador-ni-tampoco-capacidad\/#primaryimage"},"image":{"@id":"https:\/\/empresas.infoempleo.com\/hrtrends\/no-tenia-vocacion-de-entrenador-ni-tampoco-capacidad\/#primaryimage"},"thumbnailUrl":"https:\/\/empresas.infoempleo.com\/hrtrends\/media\/2017\/05\/pexels-photo-205508.jpg","datePublished":"2009-11-17T09:27:15+00:00","dateModified":"2024-08-29T15:40:02+00:00","breadcrumb":{"@id":"https:\/\/empresas.infoempleo.com\/hrtrends\/no-tenia-vocacion-de-entrenador-ni-tampoco-capacidad\/#breadcrumb"},"inLanguage":"es","potentialAction":[{"@type":"ReadAction","target":["https:\/\/empresas.infoempleo.com\/hrtrends\/no-tenia-vocacion-de-entrenador-ni-tampoco-capacidad\/"]}]},{"@type":"ImageObject","inLanguage":"es","@id":"https:\/\/empresas.infoempleo.com\/hrtrends\/no-tenia-vocacion-de-entrenador-ni-tampoco-capacidad\/#primaryimage","url":"https:\/\/empresas.infoempleo.com\/hrtrends\/media\/2017\/05\/pexels-photo-205508-150x150.jpg","contentUrl":"https:\/\/empresas.infoempleo.com\/hrtrends\/media\/2017\/05\/pexels-photo-205508-150x150.jpg","width":150,"height":150},{"@type":"BreadcrumbList","@id":"https:\/\/empresas.infoempleo.com\/hrtrends\/no-tenia-vocacion-de-entrenador-ni-tampoco-capacidad\/#breadcrumb","itemListElement":[{"@type":"ListItem","position":1,"name":"Portada","item":"https:\/\/empresas.infoempleo.com\/hrtrends\/"},{"@type":"ListItem","position":2,"name":"\u00abNo ten\u00eda vocaci\u00f3n de entrenador ni tampoco capacidad\u00bb"}]},{"@type":"WebSite","@id":"https:\/\/empresas.infoempleo.com\/hrtrends\/#website","url":"https:\/\/empresas.infoempleo.com\/hrtrends","name":"HRTrends by Infoempleo","description":"","publisher":{"@id":"https:\/\/empresas.infoempleo.com\/hrtrends\/#organization"},"potentialAction":{"@type":"SearchAction","target":"https:\/\/empresas.infoempleo.com\/hrtrends\/?s={search_term_string}","query-input":"required name=search_term_string"},"inLanguage":"es"},{"@type":"Organization","@id":"https:\/\/empresas.infoempleo.com\/hrtrends\/#organization","name":"Infoempleo","url":"https:\/\/www.infoempleo.com\/","logo":{"@type":"ImageObject","@id":"https:\/\/empresas.infoempleo.com\/hrtrends\/#logo","inLanguage":"es","url":"https:\/\/cdnazure.infoempleo.com\/infoempleo\/assets\/style\/gfx\/logo.svg","contentUrl":"https:\/\/cdnazure.infoempleo.com\/infoempleo\/assets\/style\/gfx\/logo.svg","width":150,"height":40,"caption":"Infoempleo"},"image":{"@id":"https:\/\/empresas.infoempleo.com\/hrtrends\/#logo"},"sameAs":["https:\/\/www.facebook.com\/Infoempleo","https:\/\/x.com\/infoempleo","http:\/\/instagram.com\/infoempleo\/","http:\/\/www.linkedin.com\/groups\/Empleo-Espa\u00f1a-Infoempleocom-111276","http:\/\/pinterest.com\/infoempleo\/"],"address":{"@type":"PostalAddress","addressLocality":"Madrid","postalCode":"28050","streetAddress":"Avenida de Burgos 114"},"brand":["Infoempleo"]},{"@type":"Person","@id":"https:\/\/empresas.infoempleo.com\/hrtrends\/#\/schema\/person\/2a45835f1492cbc7fbce11ad398707a8","name":"Rosario Sep\u00falveda","image":{"@type":"ImageObject","inLanguage":"es","@id":"https:\/\/empresas.infoempleo.com\/hrtrends\/#\/schema\/person\/image\/","url":"https:\/\/secure.gravatar.com\/avatar\/01b4f37da8fd0cca9ded94ad0ab4a694814c54945a7c84e54495a93ea3a90e3b?s=96&d=mm&r=g","contentUrl":"https:\/\/secure.gravatar.com\/avatar\/01b4f37da8fd0cca9ded94ad0ab4a694814c54945a7c84e54495a93ea3a90e3b?s=96&d=mm&r=g","caption":"Rosario Sep\u00falveda"},"url":"https:\/\/empresas.infoempleo.com\/hrtrends\/author\/rosario-sepulveda\/"}]}},"amp_enabled":true,"_links":{"self":[{"href":"https:\/\/empresas.infoempleo.com\/hrtrends\/wp-json\/wp\/v2\/posts\/5164","targetHints":{"allow":["GET"]}}],"collection":[{"href":"https:\/\/empresas.infoempleo.com\/hrtrends\/wp-json\/wp\/v2\/posts"}],"about":[{"href":"https:\/\/empresas.infoempleo.com\/hrtrends\/wp-json\/wp\/v2\/types\/post"}],"author":[{"embeddable":true,"href":"https:\/\/empresas.infoempleo.com\/hrtrends\/wp-json\/wp\/v2\/users\/34"}],"replies":[{"embeddable":true,"href":"https:\/\/empresas.infoempleo.com\/hrtrends\/wp-json\/wp\/v2\/comments?post=5164"}],"version-history":[{"count":1,"href":"https:\/\/empresas.infoempleo.com\/hrtrends\/wp-json\/wp\/v2\/posts\/5164\/revisions"}],"predecessor-version":[{"id":44736,"href":"https:\/\/empresas.infoempleo.com\/hrtrends\/wp-json\/wp\/v2\/posts\/5164\/revisions\/44736"}],"wp:featuredmedia":[{"embeddable":true,"href":"https:\/\/empresas.infoempleo.com\/hrtrends\/wp-json\/wp\/v2\/media\/29665"}],"wp:attachment":[{"href":"https:\/\/empresas.infoempleo.com\/hrtrends\/wp-json\/wp\/v2\/media?parent=5164"}],"wp:term":[{"taxonomy":"category","embeddable":true,"href":"https:\/\/empresas.infoempleo.com\/hrtrends\/wp-json\/wp\/v2\/categories?post=5164"},{"taxonomy":"post_tag","embeddable":true,"href":"https:\/\/empresas.infoempleo.com\/hrtrends\/wp-json\/wp\/v2\/tags?post=5164"}],"curies":[{"name":"wp","href":"https:\/\/api.w.org\/{rel}","templated":true}]}}