{"id":5162,"date":"2009-11-17T10:19:24","date_gmt":"2009-11-17T09:19:24","guid":{"rendered":"http:\/\/blog.infoempleo.com\/?p=5162"},"modified":"2018-05-23T18:03:06","modified_gmt":"2018-05-23T16:03:06","slug":"la-empleabilidad-de-la-fp-sube-como-la-espuma","status":"publish","type":"post","link":"https:\/\/empresas.infoempleo.com\/hrtrends\/la-empleabilidad-de-la-fp-sube-como-la-espuma\/","title":{"rendered":"La empleabilidad de la FP sube como la espuma"},"content":{"rendered":"<p>M\u00e1s alumnos y mayor facilidad para encontrar trabajo. Estas son las dos principales conclusiones del <strong>\u2018Bar\u00f3metro Nexos\u2019<\/strong> que, desde hace tres a\u00f1os, lleva registrando un amplio incremento en el prestigio de la Formaci\u00f3n Profesional espa\u00f1ola. As\u00ed, y si bien en 2007 el n\u00famero de alumnos matriculados ascend\u00eda a 450.000, hoy son m\u00e1s de 520.000 los que asisten a sus cada vez m\u00e1s deseadas aulas. Y es que las posibilidades de que sus egresados encuentren trabajo nada m\u00e1s titularse no deja de subir.<\/p>\n<p>Seg\u00fan este estudio, realizado por el Strategic Research Center de <a title=\"Web de EAE\" href=\"https:\/\/www.eae.es\/\" target=\"_blank\">EAE Business School<\/a> para <a title=\"Web de CEAC\" href=\"https:\/\/www.ceac.es\/\" target=\"_blank\">CEAC<\/a>, <strong>el grado de empleabilidad de esta rama formativa superar\u00e1 este a\u00f1o el 99%, treinta puntos porcentuales m\u00e1s que hace apenas tres a\u00f1os<\/strong> \u2014en 2007, el 71% encontraba trabajo en seis meses y, en 2008, el 41% apenas ten\u00eda que esperar uno tras titularse\u2014, y su salario comenzar\u00e1 superando los 20.000 euros, un 20% m\u00e1s de lo que perciben los graduados de la Educaci\u00f3n Secundaria Obligatoria (ESO).<\/p>\n<p>Pero la FP ya no s\u00f3lo supera a la ESO, tambi\u00e9n bate al Bachillerato en diferentes \u00e1mbitos, sobre todo, en matr\u00edculas. El n\u00famero de inscritos este septiembre en Grado Medio triplica al de alumnos de esta etapa formativa, y su modalidad a distancia cada vez seduce m\u00e1s: el 18,3% del incremento registrado es responsabilidad suya.<\/p>\n<h3>\u00bfQui\u00e9n dijo crisis?<\/h3>\n<p>Estos datos, m\u00e1s que positivos, favorecen las \u00faltimas acciones del Ministerio de Educaci\u00f3n encaminadas a potenciar la FP y que durante los \u00faltimos meses se han materializado en la aprobaci\u00f3n de nuevos t\u00edtulos y familias. Sin embargo, los autores del \u2018Bar\u00f3metro Nexos 2009\u2019, insisten en que todav\u00eda hay algunos t\u00edtulos que, pese a tener elevada oferta de empleo, no cubren plazas. Tal es el caso de las familia socio-sanitaria, que el a\u00f1o pasado no pudo satisfacer la demanda de 350.000 enfermeras y auxiliares. Una cifra que en 2009, con la implantaci\u00f3n de la Ley de Dependencia, podr\u00eda aumentar considerablemente.<\/p>\n","protected":false},"excerpt":{"rendered":"<p>M\u00e1s alumnos y mayor facilidad para encontrar trabajo. Estas son las dos principales conclusiones del \u2018Bar\u00f3metro Nexos\u2019 que,<a class=\"moretag\" href=\"https:\/\/empresas.infoempleo.com\/hrtrends\/la-empleabilidad-de-la-fp-sube-como-la-espuma\/\"> Leer m\u00e1s<\/a><\/p>\n","protected":false},"author":35,"featured_media":29665,"comment_status":"closed","ping_status":"open","sticky":false,"template":"","format":"standard","meta":{"footnotes":""},"categories":[3],"tags":[605,480],"class_list":["post-5162","post","type-post","status-publish","format-standard","has-post-thumbnail","hentry","category-actualidad","tag-formcion-profesional","tag-fp"],"yoast_head":"<!-- This site is optimized with the Yoast SEO plugin v26.1.1 - https:\/\/yoast.com\/wordpress\/plugins\/seo\/ -->\n<title>La empleabilidad de la FP sube como la espuma | HRTRENDS<\/title>\n<meta name=\"robots\" content=\"index, follow, max-snippet:-1, max-image-preview:large, max-video-preview:-1\" \/>\n<link rel=\"canonical\" href=\"https:\/\/empresas.infoempleo.com\/hrtrends\/la-empleabilidad-de-la-fp-sube-como-la-espuma\/\" \/>\n<meta property=\"og:locale\" content=\"es_ES\" \/>\n<meta property=\"og:type\" content=\"article\" \/>\n<meta property=\"og:title\" content=\"La empleabilidad de la FP sube como la espuma | HRTRENDS\" \/>\n<meta property=\"og:description\" content=\"M\u00e1s alumnos y mayor facilidad para encontrar trabajo. Estas son las dos principales conclusiones del \u2018Bar\u00f3metro Nexos\u2019 que, Leer m\u00e1s\" \/>\n<meta property=\"og:url\" content=\"https:\/\/empresas.infoempleo.com\/hrtrends\/la-empleabilidad-de-la-fp-sube-como-la-espuma\/\" \/>\n<meta property=\"og:site_name\" content=\"HRTRENDS\" \/>\n<meta property=\"article:publisher\" content=\"https:\/\/www.facebook.com\/Infoempleo\" \/>\n<meta property=\"article:published_time\" content=\"2009-11-17T09:19:24+00:00\" \/>\n<meta property=\"article:modified_time\" content=\"2018-05-23T16:03:06+00:00\" \/>\n<meta property=\"og:image\" content=\"https:\/\/empresas.infoempleo.com\/hrtrends\/media\/2017\/05\/pexels-photo-205508.jpg\" \/>\n\t<meta property=\"og:image:width\" content=\"1280\" \/>\n\t<meta property=\"og:image:height\" content=\"960\" \/>\n\t<meta property=\"og:image:type\" content=\"image\/jpeg\" \/>\n<meta name=\"author\" content=\"Laura de Cubas\" \/>\n<meta name=\"twitter:card\" content=\"summary_large_image\" \/>\n<meta name=\"twitter:creator\" content=\"@infoempleo\" \/>\n<meta name=\"twitter:site\" content=\"@infoempleo\" \/>\n<meta name=\"twitter:label1\" content=\"Escrito por\" \/>\n\t<meta name=\"twitter:data1\" content=\"Laura de Cubas\" \/>\n\t<meta name=\"twitter:label2\" content=\"Tiempo de lectura\" \/>\n\t<meta name=\"twitter:data2\" content=\"2 minutos\" \/>\n<script type=\"application\/ld+json\" class=\"yoast-schema-graph\">{\"@context\":\"https:\/\/schema.org\",\"@graph\":[{\"@type\":\"NewsArticle\",\"@id\":\"https:\/\/empresas.infoempleo.com\/hrtrends\/la-empleabilidad-de-la-fp-sube-como-la-espuma\/#article\",\"isPartOf\":{\"@id\":\"https:\/\/empresas.infoempleo.com\/hrtrends\/la-empleabilidad-de-la-fp-sube-como-la-espuma\/\"},\"author\":{\"name\":\"Laura de Cubas\",\"@id\":\"https:\/\/empresas.infoempleo.com\/hrtrends\/#\/schema\/person\/eee830fc2082cd3b52302e59ea0d2c05\"},\"headline\":\"La empleabilidad de la FP sube como la espuma\",\"datePublished\":\"2009-11-17T09:19:24+00:00\",\"dateModified\":\"2018-05-23T16:03:06+00:00\",\"mainEntityOfPage\":{\"@id\":\"https:\/\/empresas.infoempleo.com\/hrtrends\/la-empleabilidad-de-la-fp-sube-como-la-espuma\/\"},\"wordCount\":348,\"publisher\":{\"@id\":\"https:\/\/empresas.infoempleo.com\/hrtrends\/#organization\"},\"image\":{\"@id\":\"https:\/\/empresas.infoempleo.com\/hrtrends\/la-empleabilidad-de-la-fp-sube-como-la-espuma\/#primaryimage\"},\"thumbnailUrl\":\"https:\/\/empresas.infoempleo.com\/hrtrends\/media\/2017\/05\/pexels-photo-205508.jpg\",\"keywords\":[\"Formci\u00f3n Profesional\",\"FP\"],\"articleSection\":[\"Actualidad\"],\"inLanguage\":\"es\",\"copyrightYear\":\"2009\",\"copyrightHolder\":{\"@id\":\"https:\/\/empresas.infoempleo.com\/hrtrends\/#organization\"}},{\"@type\":\"WebPage\",\"@id\":\"https:\/\/empresas.infoempleo.com\/hrtrends\/la-empleabilidad-de-la-fp-sube-como-la-espuma\/\",\"url\":\"https:\/\/empresas.infoempleo.com\/hrtrends\/la-empleabilidad-de-la-fp-sube-como-la-espuma\/\",\"name\":\"La empleabilidad de la FP sube como la espuma | HRTRENDS\",\"isPartOf\":{\"@id\":\"https:\/\/empresas.infoempleo.com\/hrtrends\/#website\"},\"primaryImageOfPage\":{\"@id\":\"https:\/\/empresas.infoempleo.com\/hrtrends\/la-empleabilidad-de-la-fp-sube-como-la-espuma\/#primaryimage\"},\"image\":{\"@id\":\"https:\/\/empresas.infoempleo.com\/hrtrends\/la-empleabilidad-de-la-fp-sube-como-la-espuma\/#primaryimage\"},\"thumbnailUrl\":\"https:\/\/empresas.infoempleo.com\/hrtrends\/media\/2017\/05\/pexels-photo-205508.jpg\",\"datePublished\":\"2009-11-17T09:19:24+00:00\",\"dateModified\":\"2018-05-23T16:03:06+00:00\",\"breadcrumb\":{\"@id\":\"https:\/\/empresas.infoempleo.com\/hrtrends\/la-empleabilidad-de-la-fp-sube-como-la-espuma\/#breadcrumb\"},\"inLanguage\":\"es\",\"potentialAction\":[{\"@type\":\"ReadAction\",\"target\":[\"https:\/\/empresas.infoempleo.com\/hrtrends\/la-empleabilidad-de-la-fp-sube-como-la-espuma\/\"]}]},{\"@type\":\"ImageObject\",\"inLanguage\":\"es\",\"@id\":\"https:\/\/empresas.infoempleo.com\/hrtrends\/la-empleabilidad-de-la-fp-sube-como-la-espuma\/#primaryimage\",\"url\":\"https:\/\/empresas.infoempleo.com\/hrtrends\/media\/2017\/05\/pexels-photo-205508-150x150.jpg\",\"contentUrl\":\"https:\/\/empresas.infoempleo.com\/hrtrends\/media\/2017\/05\/pexels-photo-205508-150x150.jpg\",\"width\":150,\"height\":150},{\"@type\":\"BreadcrumbList\",\"@id\":\"https:\/\/empresas.infoempleo.com\/hrtrends\/la-empleabilidad-de-la-fp-sube-como-la-espuma\/#breadcrumb\",\"itemListElement\":[{\"@type\":\"ListItem\",\"position\":1,\"name\":\"Portada\",\"item\":\"https:\/\/empresas.infoempleo.com\/hrtrends\/\"},{\"@type\":\"ListItem\",\"position\":2,\"name\":\"La empleabilidad de la FP sube como la espuma\"}]},{\"@type\":\"WebSite\",\"@id\":\"https:\/\/empresas.infoempleo.com\/hrtrends\/#website\",\"url\":\"https:\/\/empresas.infoempleo.com\/hrtrends\",\"name\":\"HRTrends by Infoempleo\",\"description\":\"\",\"publisher\":{\"@id\":\"https:\/\/empresas.infoempleo.com\/hrtrends\/#organization\"},\"potentialAction\":{\"@type\":\"SearchAction\",\"target\":\"https:\/\/empresas.infoempleo.com\/hrtrends\/?s={search_term_string}\",\"query-input\":\"required name=search_term_string\"},\"inLanguage\":\"es\"},{\"@type\":\"Organization\",\"@id\":\"https:\/\/empresas.infoempleo.com\/hrtrends\/#organization\",\"name\":\"Infoempleo\",\"url\":\"https:\/\/www.infoempleo.com\/\",\"logo\":{\"@type\":\"ImageObject\",\"@id\":\"https:\/\/empresas.infoempleo.com\/hrtrends\/#logo\",\"inLanguage\":\"es\",\"url\":\"https:\/\/cdnazure.infoempleo.com\/infoempleo\/assets\/style\/gfx\/logo.svg\",\"contentUrl\":\"https:\/\/cdnazure.infoempleo.com\/infoempleo\/assets\/style\/gfx\/logo.svg\",\"width\":150,\"height\":40,\"caption\":\"Infoempleo\"},\"image\":{\"@id\":\"https:\/\/empresas.infoempleo.com\/hrtrends\/#logo\"},\"sameAs\":[\"https:\/\/www.facebook.com\/Infoempleo\",\"https:\/\/x.com\/infoempleo\",\"http:\/\/instagram.com\/infoempleo\/\",\"http:\/\/www.linkedin.com\/groups\/Empleo-Espa\u00f1a-Infoempleocom-111276\",\"http:\/\/pinterest.com\/infoempleo\/\"],\"address\":{\"@type\":\"PostalAddress\",\"addressLocality\":\"Madrid\",\"postalCode\":\"28050\",\"streetAddress\":\"Avenida de Burgos 114\"},\"brand\":[\"Infoempleo\"]},{\"@type\":\"Person\",\"@id\":\"https:\/\/empresas.infoempleo.com\/hrtrends\/#\/schema\/person\/eee830fc2082cd3b52302e59ea0d2c05\",\"name\":\"Laura de Cubas\",\"image\":{\"@type\":\"ImageObject\",\"inLanguage\":\"es\",\"@id\":\"https:\/\/empresas.infoempleo.com\/hrtrends\/#\/schema\/person\/image\/\",\"url\":\"https:\/\/secure.gravatar.com\/avatar\/c13d88dcd67943e13f74372e711c3ba2accf296b195ba5dd59566bd5f5df94c8?s=96&d=mm&r=g\",\"contentUrl\":\"https:\/\/secure.gravatar.com\/avatar\/c13d88dcd67943e13f74372e711c3ba2accf296b195ba5dd59566bd5f5df94c8?s=96&d=mm&r=g\",\"caption\":\"Laura de Cubas\"},\"url\":\"https:\/\/empresas.infoempleo.com\/hrtrends\/author\/laura-de-cubas\/\"}]}<\/script>\n<!-- \/ Yoast SEO plugin. -->","yoast_head_json":{"title":"La empleabilidad de la FP sube como la espuma | HRTRENDS","robots":{"index":"index","follow":"follow","max-snippet":"max-snippet:-1","max-image-preview":"max-image-preview:large","max-video-preview":"max-video-preview:-1"},"canonical":"https:\/\/empresas.infoempleo.com\/hrtrends\/la-empleabilidad-de-la-fp-sube-como-la-espuma\/","og_locale":"es_ES","og_type":"article","og_title":"La empleabilidad de la FP sube como la espuma | HRTRENDS","og_description":"M\u00e1s alumnos y mayor facilidad para encontrar trabajo. Estas son las dos principales conclusiones del \u2018Bar\u00f3metro Nexos\u2019 que, Leer m\u00e1s","og_url":"https:\/\/empresas.infoempleo.com\/hrtrends\/la-empleabilidad-de-la-fp-sube-como-la-espuma\/","og_site_name":"HRTRENDS","article_publisher":"https:\/\/www.facebook.com\/Infoempleo","article_published_time":"2009-11-17T09:19:24+00:00","article_modified_time":"2018-05-23T16:03:06+00:00","og_image":[{"width":1280,"height":960,"url":"https:\/\/empresas.infoempleo.com\/hrtrends\/media\/2017\/05\/pexels-photo-205508.jpg","type":"image\/jpeg"}],"author":"Laura de Cubas","twitter_card":"summary_large_image","twitter_creator":"@infoempleo","twitter_site":"@infoempleo","twitter_misc":{"Escrito por":"Laura de Cubas","Tiempo de lectura":"2 minutos"},"schema":{"@context":"https:\/\/schema.org","@graph":[{"@type":"NewsArticle","@id":"https:\/\/empresas.infoempleo.com\/hrtrends\/la-empleabilidad-de-la-fp-sube-como-la-espuma\/#article","isPartOf":{"@id":"https:\/\/empresas.infoempleo.com\/hrtrends\/la-empleabilidad-de-la-fp-sube-como-la-espuma\/"},"author":{"name":"Laura de Cubas","@id":"https:\/\/empresas.infoempleo.com\/hrtrends\/#\/schema\/person\/eee830fc2082cd3b52302e59ea0d2c05"},"headline":"La empleabilidad de la FP sube como la espuma","datePublished":"2009-11-17T09:19:24+00:00","dateModified":"2018-05-23T16:03:06+00:00","mainEntityOfPage":{"@id":"https:\/\/empresas.infoempleo.com\/hrtrends\/la-empleabilidad-de-la-fp-sube-como-la-espuma\/"},"wordCount":348,"publisher":{"@id":"https:\/\/empresas.infoempleo.com\/hrtrends\/#organization"},"image":{"@id":"https:\/\/empresas.infoempleo.com\/hrtrends\/la-empleabilidad-de-la-fp-sube-como-la-espuma\/#primaryimage"},"thumbnailUrl":"https:\/\/empresas.infoempleo.com\/hrtrends\/media\/2017\/05\/pexels-photo-205508.jpg","keywords":["Formci\u00f3n Profesional","FP"],"articleSection":["Actualidad"],"inLanguage":"es","copyrightYear":"2009","copyrightHolder":{"@id":"https:\/\/empresas.infoempleo.com\/hrtrends\/#organization"}},{"@type":"WebPage","@id":"https:\/\/empresas.infoempleo.com\/hrtrends\/la-empleabilidad-de-la-fp-sube-como-la-espuma\/","url":"https:\/\/empresas.infoempleo.com\/hrtrends\/la-empleabilidad-de-la-fp-sube-como-la-espuma\/","name":"La empleabilidad de la FP sube como la espuma | HRTRENDS","isPartOf":{"@id":"https:\/\/empresas.infoempleo.com\/hrtrends\/#website"},"primaryImageOfPage":{"@id":"https:\/\/empresas.infoempleo.com\/hrtrends\/la-empleabilidad-de-la-fp-sube-como-la-espuma\/#primaryimage"},"image":{"@id":"https:\/\/empresas.infoempleo.com\/hrtrends\/la-empleabilidad-de-la-fp-sube-como-la-espuma\/#primaryimage"},"thumbnailUrl":"https:\/\/empresas.infoempleo.com\/hrtrends\/media\/2017\/05\/pexels-photo-205508.jpg","datePublished":"2009-11-17T09:19:24+00:00","dateModified":"2018-05-23T16:03:06+00:00","breadcrumb":{"@id":"https:\/\/empresas.infoempleo.com\/hrtrends\/la-empleabilidad-de-la-fp-sube-como-la-espuma\/#breadcrumb"},"inLanguage":"es","potentialAction":[{"@type":"ReadAction","target":["https:\/\/empresas.infoempleo.com\/hrtrends\/la-empleabilidad-de-la-fp-sube-como-la-espuma\/"]}]},{"@type":"ImageObject","inLanguage":"es","@id":"https:\/\/empresas.infoempleo.com\/hrtrends\/la-empleabilidad-de-la-fp-sube-como-la-espuma\/#primaryimage","url":"https:\/\/empresas.infoempleo.com\/hrtrends\/media\/2017\/05\/pexels-photo-205508-150x150.jpg","contentUrl":"https:\/\/empresas.infoempleo.com\/hrtrends\/media\/2017\/05\/pexels-photo-205508-150x150.jpg","width":150,"height":150},{"@type":"BreadcrumbList","@id":"https:\/\/empresas.infoempleo.com\/hrtrends\/la-empleabilidad-de-la-fp-sube-como-la-espuma\/#breadcrumb","itemListElement":[{"@type":"ListItem","position":1,"name":"Portada","item":"https:\/\/empresas.infoempleo.com\/hrtrends\/"},{"@type":"ListItem","position":2,"name":"La empleabilidad de la FP sube como la espuma"}]},{"@type":"WebSite","@id":"https:\/\/empresas.infoempleo.com\/hrtrends\/#website","url":"https:\/\/empresas.infoempleo.com\/hrtrends","name":"HRTrends by Infoempleo","description":"","publisher":{"@id":"https:\/\/empresas.infoempleo.com\/hrtrends\/#organization"},"potentialAction":{"@type":"SearchAction","target":"https:\/\/empresas.infoempleo.com\/hrtrends\/?s={search_term_string}","query-input":"required name=search_term_string"},"inLanguage":"es"},{"@type":"Organization","@id":"https:\/\/empresas.infoempleo.com\/hrtrends\/#organization","name":"Infoempleo","url":"https:\/\/www.infoempleo.com\/","logo":{"@type":"ImageObject","@id":"https:\/\/empresas.infoempleo.com\/hrtrends\/#logo","inLanguage":"es","url":"https:\/\/cdnazure.infoempleo.com\/infoempleo\/assets\/style\/gfx\/logo.svg","contentUrl":"https:\/\/cdnazure.infoempleo.com\/infoempleo\/assets\/style\/gfx\/logo.svg","width":150,"height":40,"caption":"Infoempleo"},"image":{"@id":"https:\/\/empresas.infoempleo.com\/hrtrends\/#logo"},"sameAs":["https:\/\/www.facebook.com\/Infoempleo","https:\/\/x.com\/infoempleo","http:\/\/instagram.com\/infoempleo\/","http:\/\/www.linkedin.com\/groups\/Empleo-Espa\u00f1a-Infoempleocom-111276","http:\/\/pinterest.com\/infoempleo\/"],"address":{"@type":"PostalAddress","addressLocality":"Madrid","postalCode":"28050","streetAddress":"Avenida de Burgos 114"},"brand":["Infoempleo"]},{"@type":"Person","@id":"https:\/\/empresas.infoempleo.com\/hrtrends\/#\/schema\/person\/eee830fc2082cd3b52302e59ea0d2c05","name":"Laura de Cubas","image":{"@type":"ImageObject","inLanguage":"es","@id":"https:\/\/empresas.infoempleo.com\/hrtrends\/#\/schema\/person\/image\/","url":"https:\/\/secure.gravatar.com\/avatar\/c13d88dcd67943e13f74372e711c3ba2accf296b195ba5dd59566bd5f5df94c8?s=96&d=mm&r=g","contentUrl":"https:\/\/secure.gravatar.com\/avatar\/c13d88dcd67943e13f74372e711c3ba2accf296b195ba5dd59566bd5f5df94c8?s=96&d=mm&r=g","caption":"Laura de Cubas"},"url":"https:\/\/empresas.infoempleo.com\/hrtrends\/author\/laura-de-cubas\/"}]}},"amp_enabled":true,"_links":{"self":[{"href":"https:\/\/empresas.infoempleo.com\/hrtrends\/wp-json\/wp\/v2\/posts\/5162","targetHints":{"allow":["GET"]}}],"collection":[{"href":"https:\/\/empresas.infoempleo.com\/hrtrends\/wp-json\/wp\/v2\/posts"}],"about":[{"href":"https:\/\/empresas.infoempleo.com\/hrtrends\/wp-json\/wp\/v2\/types\/post"}],"author":[{"embeddable":true,"href":"https:\/\/empresas.infoempleo.com\/hrtrends\/wp-json\/wp\/v2\/users\/35"}],"replies":[{"embeddable":true,"href":"https:\/\/empresas.infoempleo.com\/hrtrends\/wp-json\/wp\/v2\/comments?post=5162"}],"version-history":[{"count":0,"href":"https:\/\/empresas.infoempleo.com\/hrtrends\/wp-json\/wp\/v2\/posts\/5162\/revisions"}],"wp:featuredmedia":[{"embeddable":true,"href":"https:\/\/empresas.infoempleo.com\/hrtrends\/wp-json\/wp\/v2\/media\/29665"}],"wp:attachment":[{"href":"https:\/\/empresas.infoempleo.com\/hrtrends\/wp-json\/wp\/v2\/media?parent=5162"}],"wp:term":[{"taxonomy":"category","embeddable":true,"href":"https:\/\/empresas.infoempleo.com\/hrtrends\/wp-json\/wp\/v2\/categories?post=5162"},{"taxonomy":"post_tag","embeddable":true,"href":"https:\/\/empresas.infoempleo.com\/hrtrends\/wp-json\/wp\/v2\/tags?post=5162"}],"curies":[{"name":"wp","href":"https:\/\/api.w.org\/{rel}","templated":true}]}}