{"id":5032,"date":"2014-06-05T08:25:53","date_gmt":"2014-06-05T06:25:53","guid":{"rendered":"http:\/\/blog.infoempleo.com\/?p=5032"},"modified":"2024-08-29T17:40:02","modified_gmt":"2024-08-29T15:40:02","slug":"las-empresas-tambien-forman","status":"publish","type":"post","link":"https:\/\/empresas.infoempleo.com\/hrtrends\/las-empresas-tambien-forman\/","title":{"rendered":"Las empresas tambi\u00e9n forman"},"content":{"rendered":"<p><strong>La formaci\u00f3n online o e-learning<\/strong>, <a href=\"http:\/\/blog.infoempleo.com\/?s=formaci%C3%B3n+online\">de la que hemos hablado en varias ocasiones en Avanza en tu Carrera<\/a>, ha llegado para quedarse. Las empresas se han dado cuenta de las <strong>ventajas<\/strong> que tiene -acceso en cualquier momento a la formaci\u00f3n, puede utilizarla cualquier persona y puede adaptarse a cualquier ritmo- y <strong>ya la utilizan para formar a sus empleados, personalizando contenidos, siempre de calidad, a cada empresa<\/strong>.<!--more--><\/p>\n<p>Las empresas han descubierto el valor a\u00f1adido que puede representar para sus empleados y su negocio formar a sus trabajadores, y cada vez m\u00e1s empresas se animan a desarrollar su propia formaci\u00f3n adaptada a las necesidades de sus empleados. En la jornada <a href=\"https:\/\/www.equiposytalento.com\/noticias\/2014\/05\/12\/fcc-cepsa-y-phone-house-exponen-sus-casos-de-exito-en-la-implantacion-de-modelos-formativos\" target=\"_blank\" rel=\"noopener\">\u00abE-learning y nuevas tendencias\u00bb<\/a> que se celebr\u00f3 el pasado mes de mayo, tres importantes empresas -FCC, Cepsa y The Phone House- presentaron sus modelos formativos, de los cuales otras empresas pueden tomar ejemplo. <strong>En los tres casos se destaca la importancia de la personalizaci\u00f3n, el libre acceso y la calidad de los contenidos para que la formaci\u00f3n tenga \u00e9xito.<\/strong><\/p>\n<p>En el caso de Cepsa, cada empleado tiene cerca de 36 horas de formaci\u00f3n al a\u00f1o mediante <strong>programas cada vez m\u00e1s adaptados a cada profesional<\/strong>, y el e-learning ya representa un 17% del total de la formaci\u00f3n. Pero quieren ir m\u00e1s all\u00e1 y transformar el campus en un <strong>proyecto de escuelas<\/strong>, identificar y sistematizar todos los contenidos profesionales, identificar y gestionar el conocimiento interno, y certificar la formaci\u00f3n. Llevan 10 a\u00f1os trabajando en serio el e-learning, <strong>creando contenidos a medida y entornos de aprendizaje colaborativo<\/strong>.<\/p>\n<p><strong>El e-learning permite que todos los empleados pueden acceder a la formaci\u00f3n de forma f\u00e1cil y r\u00e1pida<\/strong>; es una forma de utilizar la tecnolog\u00eda para posicionar la empresa en el futuro.\u00a0<a href=\"https:\/\/www.lectiva.com\/noticias\/lb-empleo-ca_selecciones_phone-house.htm\" target=\"_blank\" rel=\"noopener\">El modelo de The Phone House<\/a> se basa en una <strong>universidad colaborativa<\/strong>, donde se accede a diferentes conocimientos y que sirve de gu\u00eda para llevar a cabo las mejores pr\u00e1cticas. Ya cuenta con 175 alumnos que acceden a\u00a0una <strong>formaci\u00f3n personalizada<\/strong>, sin l\u00edmites ni presi\u00f3n; que tienen <strong>libertad para gestionar el aprendizaje<\/strong>, <strong>un entorno f\u00e1cil de usar<\/strong> y que cuenta con <strong>los mejores contenidos<\/strong>, que encajan con cada nivel y van alineados a los valores de la empresa.<\/p>\n<p>En FCC, la formaci\u00f3n va orientada a desarrollar el potencial de los directivos, buscando <strong>crecer y crear marca<\/strong>. Su modelo se organiza a trav\u00e9s de escuelas: <strong>escuelas t\u00e9cnicas,\u00a0escuelas para gestionar de forma homog\u00e9nea lo que comparten (valores, procesos\u2026), y la escuela de gesti\u00f3n, para directivos y predirectivos<\/strong>. \u00a0La formaci\u00f3n se desarrolla a trav\u00e9s de un portal web, en el que colaboran con Crossknowledge, con v\u00eddeos de gesti\u00f3n empresarial y liderazgo, protagonizados por expertos internacionales, las mejores escuelas de negocio y CEO de primeras compa\u00f1\u00edas mundiales. As\u00ed,\u00a0<strong>buscan inspirar a sus directivos y alimentar la necesidad de seguir aprendiendo<\/strong>.<\/p>\n<p>FCC busca salvar distancias en los procesos globales, por eso su modelo de e-learning clasifica en cuatro las distancias a cubrir\u00a0&#8211;<strong>culturales, administrativas, econ\u00f3micas y\u00a0geogr\u00e1ficas<\/strong>-, y establece tres estrategias para salvarlas: <strong>adaptaci\u00f3n<\/strong>, para tener\u00a0una respuesta local; <strong>agregaci\u00f3n<\/strong>, es decir, explotar las semejanzas entre\u00a0regiones; y <strong>arbitraje<\/strong>, considerar esas diferencias como oportunidades. Un enfoque global que permite una visi\u00f3n integrada.<\/p>\n<p>Cada vez m\u00e1s empresas se animan a formar a sus empleados buscando crecer con ellos, y <strong>el e-learning es una forma de adaptar la formaci\u00f3n a cada persona y que los empleados puedan acceder a ella en cualquier momento<\/strong>. \u00bfLo has probado ya?<\/p>\n","protected":false},"excerpt":{"rendered":"<p>La formaci\u00f3n online o e-learning, de la que hemos hablado en varias ocasiones en Avanza en tu Carrera,<a class=\"moretag\" href=\"https:\/\/empresas.infoempleo.com\/hrtrends\/las-empresas-tambien-forman\/\"> Leer m\u00e1s<\/a><\/p>\n","protected":false},"author":18,"featured_media":5033,"comment_status":"closed","ping_status":"open","sticky":false,"template":"","format":"standard","meta":{"footnotes":""},"categories":[3],"tags":[596,287],"class_list":["post-5032","post","type-post","status-publish","format-standard","has-post-thumbnail","hentry","category-actualidad","tag-formacion-continua","tag-online"],"yoast_head":"<!-- This site is optimized with the Yoast SEO plugin v26.1.1 - https:\/\/yoast.com\/wordpress\/plugins\/seo\/ -->\n<title>Las empresas tambi\u00e9n forman | HRTRENDS<\/title>\n<meta name=\"robots\" content=\"index, follow, max-snippet:-1, max-image-preview:large, max-video-preview:-1\" \/>\n<link rel=\"canonical\" href=\"https:\/\/empresas.infoempleo.com\/hrtrends\/las-empresas-tambien-forman\/\" \/>\n<meta property=\"og:locale\" content=\"es_ES\" \/>\n<meta property=\"og:type\" content=\"article\" \/>\n<meta property=\"og:title\" content=\"Las empresas tambi\u00e9n forman | HRTRENDS\" \/>\n<meta property=\"og:description\" content=\"La formaci\u00f3n online o e-learning, de la que hemos hablado en varias ocasiones en Avanza en tu Carrera, Leer m\u00e1s\" \/>\n<meta property=\"og:url\" content=\"https:\/\/empresas.infoempleo.com\/hrtrends\/las-empresas-tambien-forman\/\" \/>\n<meta property=\"og:site_name\" content=\"HRTRENDS\" \/>\n<meta property=\"article:publisher\" content=\"https:\/\/www.facebook.com\/Infoempleo\" \/>\n<meta property=\"article:published_time\" content=\"2014-06-05T06:25:53+00:00\" \/>\n<meta property=\"article:modified_time\" content=\"2024-08-29T15:40:02+00:00\" \/>\n<meta property=\"og:image\" content=\"https:\/\/empresas.infoempleo.com\/hrtrends\/media\/2014\/06\/empresas-que-apuestan-por-la-formacion.jpg\" \/>\n\t<meta property=\"og:image:width\" content=\"549\" \/>\n\t<meta property=\"og:image:height\" content=\"250\" \/>\n\t<meta property=\"og:image:type\" content=\"image\/jpeg\" \/>\n<meta name=\"author\" content=\"Bea\" \/>\n<meta name=\"twitter:card\" content=\"summary_large_image\" \/>\n<meta name=\"twitter:creator\" content=\"@infoempleo\" \/>\n<meta name=\"twitter:site\" content=\"@infoempleo\" \/>\n<meta name=\"twitter:label1\" content=\"Escrito por\" \/>\n\t<meta name=\"twitter:data1\" content=\"Bea\" \/>\n\t<meta name=\"twitter:label2\" content=\"Tiempo de lectura\" \/>\n\t<meta name=\"twitter:data2\" content=\"3 minutos\" \/>\n<script type=\"application\/ld+json\" class=\"yoast-schema-graph\">{\"@context\":\"https:\/\/schema.org\",\"@graph\":[{\"@type\":\"NewsArticle\",\"@id\":\"https:\/\/empresas.infoempleo.com\/hrtrends\/las-empresas-tambien-forman\/#article\",\"isPartOf\":{\"@id\":\"https:\/\/empresas.infoempleo.com\/hrtrends\/las-empresas-tambien-forman\/\"},\"author\":{\"name\":\"Bea\",\"@id\":\"https:\/\/empresas.infoempleo.com\/hrtrends\/#\/schema\/person\/c4a51d4e58f6a2fb73a1171159289c7e\"},\"headline\":\"Las empresas tambi\u00e9n forman\",\"datePublished\":\"2014-06-05T06:25:53+00:00\",\"dateModified\":\"2024-08-29T15:40:02+00:00\",\"mainEntityOfPage\":{\"@id\":\"https:\/\/empresas.infoempleo.com\/hrtrends\/las-empresas-tambien-forman\/\"},\"wordCount\":607,\"publisher\":{\"@id\":\"https:\/\/empresas.infoempleo.com\/hrtrends\/#organization\"},\"image\":{\"@id\":\"https:\/\/empresas.infoempleo.com\/hrtrends\/las-empresas-tambien-forman\/#primaryimage\"},\"thumbnailUrl\":\"https:\/\/empresas.infoempleo.com\/hrtrends\/media\/2014\/06\/empresas-que-apuestan-por-la-formacion.jpg\",\"keywords\":[\"Formaci\u00f3n Continua\",\"online\"],\"articleSection\":[\"Actualidad\"],\"inLanguage\":\"es\",\"copyrightYear\":\"2014\",\"copyrightHolder\":{\"@id\":\"https:\/\/empresas.infoempleo.com\/hrtrends\/#organization\"}},{\"@type\":\"WebPage\",\"@id\":\"https:\/\/empresas.infoempleo.com\/hrtrends\/las-empresas-tambien-forman\/\",\"url\":\"https:\/\/empresas.infoempleo.com\/hrtrends\/las-empresas-tambien-forman\/\",\"name\":\"Las empresas tambi\u00e9n forman | HRTRENDS\",\"isPartOf\":{\"@id\":\"https:\/\/empresas.infoempleo.com\/hrtrends\/#website\"},\"primaryImageOfPage\":{\"@id\":\"https:\/\/empresas.infoempleo.com\/hrtrends\/las-empresas-tambien-forman\/#primaryimage\"},\"image\":{\"@id\":\"https:\/\/empresas.infoempleo.com\/hrtrends\/las-empresas-tambien-forman\/#primaryimage\"},\"thumbnailUrl\":\"https:\/\/empresas.infoempleo.com\/hrtrends\/media\/2014\/06\/empresas-que-apuestan-por-la-formacion.jpg\",\"datePublished\":\"2014-06-05T06:25:53+00:00\",\"dateModified\":\"2024-08-29T15:40:02+00:00\",\"breadcrumb\":{\"@id\":\"https:\/\/empresas.infoempleo.com\/hrtrends\/las-empresas-tambien-forman\/#breadcrumb\"},\"inLanguage\":\"es\",\"potentialAction\":[{\"@type\":\"ReadAction\",\"target\":[\"https:\/\/empresas.infoempleo.com\/hrtrends\/las-empresas-tambien-forman\/\"]}]},{\"@type\":\"ImageObject\",\"inLanguage\":\"es\",\"@id\":\"https:\/\/empresas.infoempleo.com\/hrtrends\/las-empresas-tambien-forman\/#primaryimage\",\"url\":\"https:\/\/empresas.infoempleo.com\/hrtrends\/media\/2014\/06\/empresas-que-apuestan-por-la-formacion-150x150.jpg\",\"contentUrl\":\"https:\/\/empresas.infoempleo.com\/hrtrends\/media\/2014\/06\/empresas-que-apuestan-por-la-formacion-150x150.jpg\",\"width\":150,\"height\":150},{\"@type\":\"BreadcrumbList\",\"@id\":\"https:\/\/empresas.infoempleo.com\/hrtrends\/las-empresas-tambien-forman\/#breadcrumb\",\"itemListElement\":[{\"@type\":\"ListItem\",\"position\":1,\"name\":\"Portada\",\"item\":\"https:\/\/empresas.infoempleo.com\/hrtrends\/\"},{\"@type\":\"ListItem\",\"position\":2,\"name\":\"Las empresas tambi\u00e9n forman\"}]},{\"@type\":\"WebSite\",\"@id\":\"https:\/\/empresas.infoempleo.com\/hrtrends\/#website\",\"url\":\"https:\/\/empresas.infoempleo.com\/hrtrends\",\"name\":\"HRTrends by Infoempleo\",\"description\":\"\",\"publisher\":{\"@id\":\"https:\/\/empresas.infoempleo.com\/hrtrends\/#organization\"},\"potentialAction\":{\"@type\":\"SearchAction\",\"target\":\"https:\/\/empresas.infoempleo.com\/hrtrends\/?s={search_term_string}\",\"query-input\":\"required name=search_term_string\"},\"inLanguage\":\"es\"},{\"@type\":\"Organization\",\"@id\":\"https:\/\/empresas.infoempleo.com\/hrtrends\/#organization\",\"name\":\"Infoempleo\",\"url\":\"https:\/\/www.infoempleo.com\/\",\"logo\":{\"@type\":\"ImageObject\",\"@id\":\"https:\/\/empresas.infoempleo.com\/hrtrends\/#logo\",\"inLanguage\":\"es\",\"url\":\"https:\/\/cdnazure.infoempleo.com\/infoempleo\/assets\/style\/gfx\/logo.svg\",\"contentUrl\":\"https:\/\/cdnazure.infoempleo.com\/infoempleo\/assets\/style\/gfx\/logo.svg\",\"width\":150,\"height\":40,\"caption\":\"Infoempleo\"},\"image\":{\"@id\":\"https:\/\/empresas.infoempleo.com\/hrtrends\/#logo\"},\"sameAs\":[\"https:\/\/www.facebook.com\/Infoempleo\",\"https:\/\/x.com\/infoempleo\",\"http:\/\/instagram.com\/infoempleo\/\",\"http:\/\/www.linkedin.com\/groups\/Empleo-Espa\u00f1a-Infoempleocom-111276\",\"http:\/\/pinterest.com\/infoempleo\/\"],\"address\":{\"@type\":\"PostalAddress\",\"addressLocality\":\"Madrid\",\"postalCode\":\"28050\",\"streetAddress\":\"Avenida de Burgos 114\"},\"brand\":[\"Infoempleo\"]},{\"@type\":\"Person\",\"@id\":\"https:\/\/empresas.infoempleo.com\/hrtrends\/#\/schema\/person\/c4a51d4e58f6a2fb73a1171159289c7e\",\"name\":\"Bea\",\"image\":{\"@type\":\"ImageObject\",\"inLanguage\":\"es\",\"@id\":\"https:\/\/empresas.infoempleo.com\/hrtrends\/#\/schema\/person\/image\/\",\"url\":\"https:\/\/secure.gravatar.com\/avatar\/cf7185f1c74dae323b9a42421d4fb9ef4859f45622640b3997920a6f836b52c5?s=96&d=mm&r=g\",\"contentUrl\":\"https:\/\/secure.gravatar.com\/avatar\/cf7185f1c74dae323b9a42421d4fb9ef4859f45622640b3997920a6f836b52c5?s=96&d=mm&r=g\",\"caption\":\"Bea\"},\"url\":\"https:\/\/empresas.infoempleo.com\/hrtrends\/author\/bea_tuyyoque\/\"}]}<\/script>\n<!-- \/ Yoast SEO plugin. -->","yoast_head_json":{"title":"Las empresas tambi\u00e9n forman | HRTRENDS","robots":{"index":"index","follow":"follow","max-snippet":"max-snippet:-1","max-image-preview":"max-image-preview:large","max-video-preview":"max-video-preview:-1"},"canonical":"https:\/\/empresas.infoempleo.com\/hrtrends\/las-empresas-tambien-forman\/","og_locale":"es_ES","og_type":"article","og_title":"Las empresas tambi\u00e9n forman | HRTRENDS","og_description":"La formaci\u00f3n online o e-learning, de la que hemos hablado en varias ocasiones en Avanza en tu Carrera, Leer m\u00e1s","og_url":"https:\/\/empresas.infoempleo.com\/hrtrends\/las-empresas-tambien-forman\/","og_site_name":"HRTRENDS","article_publisher":"https:\/\/www.facebook.com\/Infoempleo","article_published_time":"2014-06-05T06:25:53+00:00","article_modified_time":"2024-08-29T15:40:02+00:00","og_image":[{"width":549,"height":250,"url":"https:\/\/empresas.infoempleo.com\/hrtrends\/media\/2014\/06\/empresas-que-apuestan-por-la-formacion.jpg","type":"image\/jpeg"}],"author":"Bea","twitter_card":"summary_large_image","twitter_creator":"@infoempleo","twitter_site":"@infoempleo","twitter_misc":{"Escrito por":"Bea","Tiempo de lectura":"3 minutos"},"schema":{"@context":"https:\/\/schema.org","@graph":[{"@type":"NewsArticle","@id":"https:\/\/empresas.infoempleo.com\/hrtrends\/las-empresas-tambien-forman\/#article","isPartOf":{"@id":"https:\/\/empresas.infoempleo.com\/hrtrends\/las-empresas-tambien-forman\/"},"author":{"name":"Bea","@id":"https:\/\/empresas.infoempleo.com\/hrtrends\/#\/schema\/person\/c4a51d4e58f6a2fb73a1171159289c7e"},"headline":"Las empresas tambi\u00e9n forman","datePublished":"2014-06-05T06:25:53+00:00","dateModified":"2024-08-29T15:40:02+00:00","mainEntityOfPage":{"@id":"https:\/\/empresas.infoempleo.com\/hrtrends\/las-empresas-tambien-forman\/"},"wordCount":607,"publisher":{"@id":"https:\/\/empresas.infoempleo.com\/hrtrends\/#organization"},"image":{"@id":"https:\/\/empresas.infoempleo.com\/hrtrends\/las-empresas-tambien-forman\/#primaryimage"},"thumbnailUrl":"https:\/\/empresas.infoempleo.com\/hrtrends\/media\/2014\/06\/empresas-que-apuestan-por-la-formacion.jpg","keywords":["Formaci\u00f3n Continua","online"],"articleSection":["Actualidad"],"inLanguage":"es","copyrightYear":"2014","copyrightHolder":{"@id":"https:\/\/empresas.infoempleo.com\/hrtrends\/#organization"}},{"@type":"WebPage","@id":"https:\/\/empresas.infoempleo.com\/hrtrends\/las-empresas-tambien-forman\/","url":"https:\/\/empresas.infoempleo.com\/hrtrends\/las-empresas-tambien-forman\/","name":"Las empresas tambi\u00e9n forman | HRTRENDS","isPartOf":{"@id":"https:\/\/empresas.infoempleo.com\/hrtrends\/#website"},"primaryImageOfPage":{"@id":"https:\/\/empresas.infoempleo.com\/hrtrends\/las-empresas-tambien-forman\/#primaryimage"},"image":{"@id":"https:\/\/empresas.infoempleo.com\/hrtrends\/las-empresas-tambien-forman\/#primaryimage"},"thumbnailUrl":"https:\/\/empresas.infoempleo.com\/hrtrends\/media\/2014\/06\/empresas-que-apuestan-por-la-formacion.jpg","datePublished":"2014-06-05T06:25:53+00:00","dateModified":"2024-08-29T15:40:02+00:00","breadcrumb":{"@id":"https:\/\/empresas.infoempleo.com\/hrtrends\/las-empresas-tambien-forman\/#breadcrumb"},"inLanguage":"es","potentialAction":[{"@type":"ReadAction","target":["https:\/\/empresas.infoempleo.com\/hrtrends\/las-empresas-tambien-forman\/"]}]},{"@type":"ImageObject","inLanguage":"es","@id":"https:\/\/empresas.infoempleo.com\/hrtrends\/las-empresas-tambien-forman\/#primaryimage","url":"https:\/\/empresas.infoempleo.com\/hrtrends\/media\/2014\/06\/empresas-que-apuestan-por-la-formacion-150x150.jpg","contentUrl":"https:\/\/empresas.infoempleo.com\/hrtrends\/media\/2014\/06\/empresas-que-apuestan-por-la-formacion-150x150.jpg","width":150,"height":150},{"@type":"BreadcrumbList","@id":"https:\/\/empresas.infoempleo.com\/hrtrends\/las-empresas-tambien-forman\/#breadcrumb","itemListElement":[{"@type":"ListItem","position":1,"name":"Portada","item":"https:\/\/empresas.infoempleo.com\/hrtrends\/"},{"@type":"ListItem","position":2,"name":"Las empresas tambi\u00e9n forman"}]},{"@type":"WebSite","@id":"https:\/\/empresas.infoempleo.com\/hrtrends\/#website","url":"https:\/\/empresas.infoempleo.com\/hrtrends","name":"HRTrends by Infoempleo","description":"","publisher":{"@id":"https:\/\/empresas.infoempleo.com\/hrtrends\/#organization"},"potentialAction":{"@type":"SearchAction","target":"https:\/\/empresas.infoempleo.com\/hrtrends\/?s={search_term_string}","query-input":"required name=search_term_string"},"inLanguage":"es"},{"@type":"Organization","@id":"https:\/\/empresas.infoempleo.com\/hrtrends\/#organization","name":"Infoempleo","url":"https:\/\/www.infoempleo.com\/","logo":{"@type":"ImageObject","@id":"https:\/\/empresas.infoempleo.com\/hrtrends\/#logo","inLanguage":"es","url":"https:\/\/cdnazure.infoempleo.com\/infoempleo\/assets\/style\/gfx\/logo.svg","contentUrl":"https:\/\/cdnazure.infoempleo.com\/infoempleo\/assets\/style\/gfx\/logo.svg","width":150,"height":40,"caption":"Infoempleo"},"image":{"@id":"https:\/\/empresas.infoempleo.com\/hrtrends\/#logo"},"sameAs":["https:\/\/www.facebook.com\/Infoempleo","https:\/\/x.com\/infoempleo","http:\/\/instagram.com\/infoempleo\/","http:\/\/www.linkedin.com\/groups\/Empleo-Espa\u00f1a-Infoempleocom-111276","http:\/\/pinterest.com\/infoempleo\/"],"address":{"@type":"PostalAddress","addressLocality":"Madrid","postalCode":"28050","streetAddress":"Avenida de Burgos 114"},"brand":["Infoempleo"]},{"@type":"Person","@id":"https:\/\/empresas.infoempleo.com\/hrtrends\/#\/schema\/person\/c4a51d4e58f6a2fb73a1171159289c7e","name":"Bea","image":{"@type":"ImageObject","inLanguage":"es","@id":"https:\/\/empresas.infoempleo.com\/hrtrends\/#\/schema\/person\/image\/","url":"https:\/\/secure.gravatar.com\/avatar\/cf7185f1c74dae323b9a42421d4fb9ef4859f45622640b3997920a6f836b52c5?s=96&d=mm&r=g","contentUrl":"https:\/\/secure.gravatar.com\/avatar\/cf7185f1c74dae323b9a42421d4fb9ef4859f45622640b3997920a6f836b52c5?s=96&d=mm&r=g","caption":"Bea"},"url":"https:\/\/empresas.infoempleo.com\/hrtrends\/author\/bea_tuyyoque\/"}]}},"amp_enabled":true,"_links":{"self":[{"href":"https:\/\/empresas.infoempleo.com\/hrtrends\/wp-json\/wp\/v2\/posts\/5032","targetHints":{"allow":["GET"]}}],"collection":[{"href":"https:\/\/empresas.infoempleo.com\/hrtrends\/wp-json\/wp\/v2\/posts"}],"about":[{"href":"https:\/\/empresas.infoempleo.com\/hrtrends\/wp-json\/wp\/v2\/types\/post"}],"author":[{"embeddable":true,"href":"https:\/\/empresas.infoempleo.com\/hrtrends\/wp-json\/wp\/v2\/users\/18"}],"replies":[{"embeddable":true,"href":"https:\/\/empresas.infoempleo.com\/hrtrends\/wp-json\/wp\/v2\/comments?post=5032"}],"version-history":[{"count":3,"href":"https:\/\/empresas.infoempleo.com\/hrtrends\/wp-json\/wp\/v2\/posts\/5032\/revisions"}],"predecessor-version":[{"id":44735,"href":"https:\/\/empresas.infoempleo.com\/hrtrends\/wp-json\/wp\/v2\/posts\/5032\/revisions\/44735"}],"wp:featuredmedia":[{"embeddable":true,"href":"https:\/\/empresas.infoempleo.com\/hrtrends\/wp-json\/wp\/v2\/media\/5033"}],"wp:attachment":[{"href":"https:\/\/empresas.infoempleo.com\/hrtrends\/wp-json\/wp\/v2\/media?parent=5032"}],"wp:term":[{"taxonomy":"category","embeddable":true,"href":"https:\/\/empresas.infoempleo.com\/hrtrends\/wp-json\/wp\/v2\/categories?post=5032"},{"taxonomy":"post_tag","embeddable":true,"href":"https:\/\/empresas.infoempleo.com\/hrtrends\/wp-json\/wp\/v2\/tags?post=5032"}],"curies":[{"name":"wp","href":"https:\/\/api.w.org\/{rel}","templated":true}]}}