{"id":4951,"date":"2009-11-16T13:13:23","date_gmt":"2009-11-16T12:13:23","guid":{"rendered":"http:\/\/blog.infoempleo.com\/?p=4951"},"modified":"2023-03-13T19:30:54","modified_gmt":"2023-03-13T17:30:54","slug":"si-no-ganas-lo-que-vales-emprende","status":"publish","type":"post","link":"https:\/\/empresas.infoempleo.com\/hrtrends\/si-no-ganas-lo-que-vales-emprende\/","title":{"rendered":"Si no ganas lo que vales, \u00a1emprende!"},"content":{"rendered":"<p><strong><\/strong><\/p>\n<p><strong>\u00d3scar S\u00e1nchez, autor de \u2018Retirarse a los 40. S\u00e9 emprendedor\u2019. Conferenciante de <a title=\"Web de ThinkingHeads\" href=\"http:\/\/www.thinkingheads.es\" target=\"_blank\" rel=\"noopener\">Thinking Heads<\/a><\/strong><\/p>\n<p>El dilema de si estamos bien pagados toma relevancia cuando nos enteramos de que hay gente conocida que se gana la vida mejor que nosotros. Y no eran los m\u00e1s brillantes en su etapa acad\u00e9mica que se diga. Entonces, \u00bfes justo cobrar 10.000 euros al mes cuando no fueron de los primeros de la clase?<\/p>\n<p>Yo, en principio, pensaba que \u00a1no! <strong>Era de los que solamente daba cr\u00e9dito a la formaci\u00f3n acad\u00e9mica, hasta que tuve una interesante conversaci\u00f3n con una persona que me hizo ver que hay otras cualidades humanas tan valiosas como los estudios. <\/strong>Se trata de las habilidades personales, que, si son bien utilizadas, pueden reportar tantos beneficios como cualquier m\u00e1ster.<\/p>\n<p>Siempre he pensado que los estudios eran la mejor y \u00fanica puerta de entrada a nuestro sistema profesional y laboral. Pero cuando uno reflexiona sobre circunstancias de gente que, sin tener estudios, se gana la vida tan bien o mejor que otros, salen a flote variables como la envidia y los celos:<\/p>\n<p>\u00ab\u00bfPor qu\u00e9 esa persona est\u00e1 tan bien remunerada sin tener preparaci\u00f3n alguna?\u00bb Y he ah\u00ed el fallo de dicha reflexi\u00f3n, porque esas personas puede que no tengan estudios, pero s\u00ed otras cualidades humanas que las hace merecedoras de dichas compensaciones.<\/p>\n<p><strong>Se trata de los artesanos (l\u00e9ase emprendedores) que, especializados en determinadas tareas, son capaces de conseguir altos grados de profesionalidad.<\/strong> Hay que recuperar el esp\u00edritu artesanal entre la multitud de profesiones: carpinteros, yeseros, pescadores, consultores \u2018free-lance\u2019 y todos aquellos que emplean su talento personal en una labor concreta y de alta calificaci\u00f3n.<\/p>\n<p>En otro segmento tenemos a los deportistas. La mayor\u00eda no tiene ni los Estudios de Secundaria (ESO), pero ah\u00ed los tienes, ganando en un a\u00f1o lo que un universitario puede generar en toda una vida. Su talento consiste en la magia de hacer vibrar a miles de personas con su habilidad de pies o manos.<\/p>\n<p>Y tambi\u00e9n encontramos a los que se benefician de alg\u00fan que otro convenio firmado y que les genera enormes plusval\u00edas. Por ejemplo, los controladores a\u00e9reos, que ganan m\u00e1s de 240.000 euros al a\u00f1o, los pilotos asociados en el sindicato SEPLA, o los estibadores, con sueldos de 10.000 euros\/mes por llevar la log\u00edstica de carga y descarga en los buques de los puertos. Todos ellos se merecen estos sueldos porque en su d\u00eda lucharon y pelearon por sus derechos sindicales.<\/p>\n<p>No hay que desear que todos estos colectivos ganen menos, sino aplaudirles por lo que se llevan y hacer que cada d\u00eda haya m\u00e1s emprendedores y m\u00e1s colectivos dispuestos a luchar por una situaci\u00f3n mejor. As\u00ed que desterremos el t\u00f3pico de que sin formaci\u00f3n no se puede ganar mucho dinero. <strong>En nuestro escenario de actuaci\u00f3n profesional, hay cabida para aquellos que son despiertos, h\u00e1biles, espabilados y emprendedores, y no necesariamente son los m\u00e1s listos de la clase.<\/strong><\/p>\n<p>Hoy, no hay mejor alternativa profesional para cada uno de vosotros que la de emprender. Trabajar para ti mismo es lo mejor que puedes hacer.<strong> Busca tu proyecto, tu ilusi\u00f3n<\/strong>. Los emprendedores viven mejor que nadie. Analiza y encuentra tus cualidades tanto personales como profesionales. Y forma en torno a ellas un modelo de vida que te permita disfrutar y aprovechar las enormes ventajas que se te presentan con la gesti\u00f3n de tu propio talento.<\/p>\n","protected":false},"excerpt":{"rendered":"<p>\u00d3scar S\u00e1nchez, autor de \u2018Retirarse a los 40. S\u00e9 emprendedor\u2019. Conferenciante de Thinking Heads El dilema de si<a class=\"moretag\" href=\"https:\/\/empresas.infoempleo.com\/hrtrends\/si-no-ganas-lo-que-vales-emprende\/\"> Leer m\u00e1s<\/a><\/p>\n","protected":false},"author":72,"featured_media":29665,"comment_status":"closed","ping_status":"open","sticky":false,"template":"","format":"standard","meta":{"footnotes":""},"categories":[3],"tags":[117,585,316],"class_list":["post-4951","post","type-post","status-publish","format-standard","has-post-thumbnail","hentry","category-actualidad","tag-emprender","tag-oscar-sanchez","tag-thinking-heads"],"yoast_head":"<!-- This site is optimized with the Yoast SEO plugin v26.1.1 - https:\/\/yoast.com\/wordpress\/plugins\/seo\/ -->\n<title>Si no ganas lo que vales, \u00a1emprende! | HRTRENDS<\/title>\n<meta name=\"robots\" content=\"index, follow, max-snippet:-1, max-image-preview:large, max-video-preview:-1\" \/>\n<link rel=\"canonical\" href=\"https:\/\/empresas.infoempleo.com\/hrtrends\/si-no-ganas-lo-que-vales-emprende\/\" \/>\n<meta property=\"og:locale\" content=\"es_ES\" \/>\n<meta property=\"og:type\" content=\"article\" \/>\n<meta property=\"og:title\" content=\"Si no ganas lo que vales, \u00a1emprende! | HRTRENDS\" \/>\n<meta property=\"og:description\" content=\"\u00d3scar S\u00e1nchez, autor de \u2018Retirarse a los 40. S\u00e9 emprendedor\u2019. Conferenciante de Thinking Heads El dilema de si Leer m\u00e1s\" \/>\n<meta property=\"og:url\" content=\"https:\/\/empresas.infoempleo.com\/hrtrends\/si-no-ganas-lo-que-vales-emprende\/\" \/>\n<meta property=\"og:site_name\" content=\"HRTRENDS\" \/>\n<meta property=\"article:publisher\" content=\"https:\/\/www.facebook.com\/Infoempleo\" \/>\n<meta property=\"article:published_time\" content=\"2009-11-16T12:13:23+00:00\" \/>\n<meta property=\"article:modified_time\" content=\"2023-03-13T17:30:54+00:00\" \/>\n<meta property=\"og:image\" content=\"https:\/\/empresas.infoempleo.com\/hrtrends\/media\/2017\/05\/pexels-photo-205508.jpg\" \/>\n\t<meta property=\"og:image:width\" content=\"1280\" \/>\n\t<meta property=\"og:image:height\" content=\"960\" \/>\n\t<meta property=\"og:image:type\" content=\"image\/jpeg\" \/>\n<meta name=\"author\" content=\"infoempleo\" \/>\n<meta name=\"twitter:card\" content=\"summary_large_image\" \/>\n<meta name=\"twitter:creator\" content=\"@infoempleo\" \/>\n<meta name=\"twitter:site\" content=\"@infoempleo\" \/>\n<meta name=\"twitter:label1\" content=\"Escrito por\" \/>\n\t<meta name=\"twitter:data1\" content=\"infoempleo\" \/>\n\t<meta name=\"twitter:label2\" content=\"Tiempo de lectura\" \/>\n\t<meta name=\"twitter:data2\" content=\"3 minutos\" \/>\n<script type=\"application\/ld+json\" class=\"yoast-schema-graph\">{\"@context\":\"https:\/\/schema.org\",\"@graph\":[{\"@type\":\"NewsArticle\",\"@id\":\"https:\/\/empresas.infoempleo.com\/hrtrends\/si-no-ganas-lo-que-vales-emprende\/#article\",\"isPartOf\":{\"@id\":\"https:\/\/empresas.infoempleo.com\/hrtrends\/si-no-ganas-lo-que-vales-emprende\/\"},\"author\":{\"name\":\"infoempleo\",\"@id\":\"https:\/\/empresas.infoempleo.com\/hrtrends\/#\/schema\/person\/67d3e276ffcc8b3ae0ebec816daf775a\"},\"headline\":\"Si no ganas lo que vales, \u00a1emprende!\",\"datePublished\":\"2009-11-16T12:13:23+00:00\",\"dateModified\":\"2023-03-13T17:30:54+00:00\",\"mainEntityOfPage\":{\"@id\":\"https:\/\/empresas.infoempleo.com\/hrtrends\/si-no-ganas-lo-que-vales-emprende\/\"},\"wordCount\":595,\"publisher\":{\"@id\":\"https:\/\/empresas.infoempleo.com\/hrtrends\/#organization\"},\"image\":{\"@id\":\"https:\/\/empresas.infoempleo.com\/hrtrends\/si-no-ganas-lo-que-vales-emprende\/#primaryimage\"},\"thumbnailUrl\":\"https:\/\/empresas.infoempleo.com\/hrtrends\/media\/2017\/05\/pexels-photo-205508.jpg\",\"keywords\":[\"emprender\",\"\u00d3scar S\u00e1nchez\",\"Thinking Heads\"],\"articleSection\":[\"Actualidad\"],\"inLanguage\":\"es\",\"copyrightYear\":\"2009\",\"copyrightHolder\":{\"@id\":\"https:\/\/empresas.infoempleo.com\/hrtrends\/#organization\"}},{\"@type\":\"WebPage\",\"@id\":\"https:\/\/empresas.infoempleo.com\/hrtrends\/si-no-ganas-lo-que-vales-emprende\/\",\"url\":\"https:\/\/empresas.infoempleo.com\/hrtrends\/si-no-ganas-lo-que-vales-emprende\/\",\"name\":\"Si no ganas lo que vales, \u00a1emprende! | HRTRENDS\",\"isPartOf\":{\"@id\":\"https:\/\/empresas.infoempleo.com\/hrtrends\/#website\"},\"primaryImageOfPage\":{\"@id\":\"https:\/\/empresas.infoempleo.com\/hrtrends\/si-no-ganas-lo-que-vales-emprende\/#primaryimage\"},\"image\":{\"@id\":\"https:\/\/empresas.infoempleo.com\/hrtrends\/si-no-ganas-lo-que-vales-emprende\/#primaryimage\"},\"thumbnailUrl\":\"https:\/\/empresas.infoempleo.com\/hrtrends\/media\/2017\/05\/pexels-photo-205508.jpg\",\"datePublished\":\"2009-11-16T12:13:23+00:00\",\"dateModified\":\"2023-03-13T17:30:54+00:00\",\"breadcrumb\":{\"@id\":\"https:\/\/empresas.infoempleo.com\/hrtrends\/si-no-ganas-lo-que-vales-emprende\/#breadcrumb\"},\"inLanguage\":\"es\",\"potentialAction\":[{\"@type\":\"ReadAction\",\"target\":[\"https:\/\/empresas.infoempleo.com\/hrtrends\/si-no-ganas-lo-que-vales-emprende\/\"]}]},{\"@type\":\"ImageObject\",\"inLanguage\":\"es\",\"@id\":\"https:\/\/empresas.infoempleo.com\/hrtrends\/si-no-ganas-lo-que-vales-emprende\/#primaryimage\",\"url\":\"https:\/\/empresas.infoempleo.com\/hrtrends\/media\/2017\/05\/pexels-photo-205508-150x150.jpg\",\"contentUrl\":\"https:\/\/empresas.infoempleo.com\/hrtrends\/media\/2017\/05\/pexels-photo-205508-150x150.jpg\",\"width\":150,\"height\":150},{\"@type\":\"BreadcrumbList\",\"@id\":\"https:\/\/empresas.infoempleo.com\/hrtrends\/si-no-ganas-lo-que-vales-emprende\/#breadcrumb\",\"itemListElement\":[{\"@type\":\"ListItem\",\"position\":1,\"name\":\"Portada\",\"item\":\"https:\/\/empresas.infoempleo.com\/hrtrends\/\"},{\"@type\":\"ListItem\",\"position\":2,\"name\":\"Si no ganas lo que vales, \u00a1emprende!\"}]},{\"@type\":\"WebSite\",\"@id\":\"https:\/\/empresas.infoempleo.com\/hrtrends\/#website\",\"url\":\"https:\/\/empresas.infoempleo.com\/hrtrends\",\"name\":\"HRTrends by Infoempleo\",\"description\":\"\",\"publisher\":{\"@id\":\"https:\/\/empresas.infoempleo.com\/hrtrends\/#organization\"},\"potentialAction\":{\"@type\":\"SearchAction\",\"target\":\"https:\/\/empresas.infoempleo.com\/hrtrends\/?s={search_term_string}\",\"query-input\":\"required name=search_term_string\"},\"inLanguage\":\"es\"},{\"@type\":\"Organization\",\"@id\":\"https:\/\/empresas.infoempleo.com\/hrtrends\/#organization\",\"name\":\"Infoempleo\",\"url\":\"https:\/\/www.infoempleo.com\/\",\"logo\":{\"@type\":\"ImageObject\",\"@id\":\"https:\/\/empresas.infoempleo.com\/hrtrends\/#logo\",\"inLanguage\":\"es\",\"url\":\"https:\/\/cdnazure.infoempleo.com\/infoempleo\/assets\/style\/gfx\/logo.svg\",\"contentUrl\":\"https:\/\/cdnazure.infoempleo.com\/infoempleo\/assets\/style\/gfx\/logo.svg\",\"width\":150,\"height\":40,\"caption\":\"Infoempleo\"},\"image\":{\"@id\":\"https:\/\/empresas.infoempleo.com\/hrtrends\/#logo\"},\"sameAs\":[\"https:\/\/www.facebook.com\/Infoempleo\",\"https:\/\/x.com\/infoempleo\",\"http:\/\/instagram.com\/infoempleo\/\",\"http:\/\/www.linkedin.com\/groups\/Empleo-Espa\u00f1a-Infoempleocom-111276\",\"http:\/\/pinterest.com\/infoempleo\/\"],\"address\":{\"@type\":\"PostalAddress\",\"addressLocality\":\"Madrid\",\"postalCode\":\"28050\",\"streetAddress\":\"Avenida de Burgos 114\"},\"brand\":[\"Infoempleo\"]},{\"@type\":\"Person\",\"@id\":\"https:\/\/empresas.infoempleo.com\/hrtrends\/#\/schema\/person\/67d3e276ffcc8b3ae0ebec816daf775a\",\"name\":\"infoempleo\",\"image\":{\"@type\":\"ImageObject\",\"inLanguage\":\"es\",\"@id\":\"https:\/\/empresas.infoempleo.com\/hrtrends\/#\/schema\/person\/image\/\",\"url\":\"https:\/\/secure.gravatar.com\/avatar\/7b437777242fe67d2473c2a818da2344692d1ee91e91080ccffbd97bcd4a0975?s=96&d=mm&r=g\",\"contentUrl\":\"https:\/\/secure.gravatar.com\/avatar\/7b437777242fe67d2473c2a818da2344692d1ee91e91080ccffbd97bcd4a0975?s=96&d=mm&r=g\",\"caption\":\"infoempleo\"},\"url\":\"https:\/\/empresas.infoempleo.com\/hrtrends\/author\/infoempleo\/\"}]}<\/script>\n<!-- \/ Yoast SEO plugin. -->","yoast_head_json":{"title":"Si no ganas lo que vales, \u00a1emprende! | HRTRENDS","robots":{"index":"index","follow":"follow","max-snippet":"max-snippet:-1","max-image-preview":"max-image-preview:large","max-video-preview":"max-video-preview:-1"},"canonical":"https:\/\/empresas.infoempleo.com\/hrtrends\/si-no-ganas-lo-que-vales-emprende\/","og_locale":"es_ES","og_type":"article","og_title":"Si no ganas lo que vales, \u00a1emprende! | HRTRENDS","og_description":"\u00d3scar S\u00e1nchez, autor de \u2018Retirarse a los 40. S\u00e9 emprendedor\u2019. Conferenciante de Thinking Heads El dilema de si Leer m\u00e1s","og_url":"https:\/\/empresas.infoempleo.com\/hrtrends\/si-no-ganas-lo-que-vales-emprende\/","og_site_name":"HRTRENDS","article_publisher":"https:\/\/www.facebook.com\/Infoempleo","article_published_time":"2009-11-16T12:13:23+00:00","article_modified_time":"2023-03-13T17:30:54+00:00","og_image":[{"width":1280,"height":960,"url":"https:\/\/empresas.infoempleo.com\/hrtrends\/media\/2017\/05\/pexels-photo-205508.jpg","type":"image\/jpeg"}],"author":"infoempleo","twitter_card":"summary_large_image","twitter_creator":"@infoempleo","twitter_site":"@infoempleo","twitter_misc":{"Escrito por":"infoempleo","Tiempo de lectura":"3 minutos"},"schema":{"@context":"https:\/\/schema.org","@graph":[{"@type":"NewsArticle","@id":"https:\/\/empresas.infoempleo.com\/hrtrends\/si-no-ganas-lo-que-vales-emprende\/#article","isPartOf":{"@id":"https:\/\/empresas.infoempleo.com\/hrtrends\/si-no-ganas-lo-que-vales-emprende\/"},"author":{"name":"infoempleo","@id":"https:\/\/empresas.infoempleo.com\/hrtrends\/#\/schema\/person\/67d3e276ffcc8b3ae0ebec816daf775a"},"headline":"Si no ganas lo que vales, \u00a1emprende!","datePublished":"2009-11-16T12:13:23+00:00","dateModified":"2023-03-13T17:30:54+00:00","mainEntityOfPage":{"@id":"https:\/\/empresas.infoempleo.com\/hrtrends\/si-no-ganas-lo-que-vales-emprende\/"},"wordCount":595,"publisher":{"@id":"https:\/\/empresas.infoempleo.com\/hrtrends\/#organization"},"image":{"@id":"https:\/\/empresas.infoempleo.com\/hrtrends\/si-no-ganas-lo-que-vales-emprende\/#primaryimage"},"thumbnailUrl":"https:\/\/empresas.infoempleo.com\/hrtrends\/media\/2017\/05\/pexels-photo-205508.jpg","keywords":["emprender","\u00d3scar S\u00e1nchez","Thinking Heads"],"articleSection":["Actualidad"],"inLanguage":"es","copyrightYear":"2009","copyrightHolder":{"@id":"https:\/\/empresas.infoempleo.com\/hrtrends\/#organization"}},{"@type":"WebPage","@id":"https:\/\/empresas.infoempleo.com\/hrtrends\/si-no-ganas-lo-que-vales-emprende\/","url":"https:\/\/empresas.infoempleo.com\/hrtrends\/si-no-ganas-lo-que-vales-emprende\/","name":"Si no ganas lo que vales, \u00a1emprende! | HRTRENDS","isPartOf":{"@id":"https:\/\/empresas.infoempleo.com\/hrtrends\/#website"},"primaryImageOfPage":{"@id":"https:\/\/empresas.infoempleo.com\/hrtrends\/si-no-ganas-lo-que-vales-emprende\/#primaryimage"},"image":{"@id":"https:\/\/empresas.infoempleo.com\/hrtrends\/si-no-ganas-lo-que-vales-emprende\/#primaryimage"},"thumbnailUrl":"https:\/\/empresas.infoempleo.com\/hrtrends\/media\/2017\/05\/pexels-photo-205508.jpg","datePublished":"2009-11-16T12:13:23+00:00","dateModified":"2023-03-13T17:30:54+00:00","breadcrumb":{"@id":"https:\/\/empresas.infoempleo.com\/hrtrends\/si-no-ganas-lo-que-vales-emprende\/#breadcrumb"},"inLanguage":"es","potentialAction":[{"@type":"ReadAction","target":["https:\/\/empresas.infoempleo.com\/hrtrends\/si-no-ganas-lo-que-vales-emprende\/"]}]},{"@type":"ImageObject","inLanguage":"es","@id":"https:\/\/empresas.infoempleo.com\/hrtrends\/si-no-ganas-lo-que-vales-emprende\/#primaryimage","url":"https:\/\/empresas.infoempleo.com\/hrtrends\/media\/2017\/05\/pexels-photo-205508-150x150.jpg","contentUrl":"https:\/\/empresas.infoempleo.com\/hrtrends\/media\/2017\/05\/pexels-photo-205508-150x150.jpg","width":150,"height":150},{"@type":"BreadcrumbList","@id":"https:\/\/empresas.infoempleo.com\/hrtrends\/si-no-ganas-lo-que-vales-emprende\/#breadcrumb","itemListElement":[{"@type":"ListItem","position":1,"name":"Portada","item":"https:\/\/empresas.infoempleo.com\/hrtrends\/"},{"@type":"ListItem","position":2,"name":"Si no ganas lo que vales, \u00a1emprende!"}]},{"@type":"WebSite","@id":"https:\/\/empresas.infoempleo.com\/hrtrends\/#website","url":"https:\/\/empresas.infoempleo.com\/hrtrends","name":"HRTrends by Infoempleo","description":"","publisher":{"@id":"https:\/\/empresas.infoempleo.com\/hrtrends\/#organization"},"potentialAction":{"@type":"SearchAction","target":"https:\/\/empresas.infoempleo.com\/hrtrends\/?s={search_term_string}","query-input":"required name=search_term_string"},"inLanguage":"es"},{"@type":"Organization","@id":"https:\/\/empresas.infoempleo.com\/hrtrends\/#organization","name":"Infoempleo","url":"https:\/\/www.infoempleo.com\/","logo":{"@type":"ImageObject","@id":"https:\/\/empresas.infoempleo.com\/hrtrends\/#logo","inLanguage":"es","url":"https:\/\/cdnazure.infoempleo.com\/infoempleo\/assets\/style\/gfx\/logo.svg","contentUrl":"https:\/\/cdnazure.infoempleo.com\/infoempleo\/assets\/style\/gfx\/logo.svg","width":150,"height":40,"caption":"Infoempleo"},"image":{"@id":"https:\/\/empresas.infoempleo.com\/hrtrends\/#logo"},"sameAs":["https:\/\/www.facebook.com\/Infoempleo","https:\/\/x.com\/infoempleo","http:\/\/instagram.com\/infoempleo\/","http:\/\/www.linkedin.com\/groups\/Empleo-Espa\u00f1a-Infoempleocom-111276","http:\/\/pinterest.com\/infoempleo\/"],"address":{"@type":"PostalAddress","addressLocality":"Madrid","postalCode":"28050","streetAddress":"Avenida de Burgos 114"},"brand":["Infoempleo"]},{"@type":"Person","@id":"https:\/\/empresas.infoempleo.com\/hrtrends\/#\/schema\/person\/67d3e276ffcc8b3ae0ebec816daf775a","name":"infoempleo","image":{"@type":"ImageObject","inLanguage":"es","@id":"https:\/\/empresas.infoempleo.com\/hrtrends\/#\/schema\/person\/image\/","url":"https:\/\/secure.gravatar.com\/avatar\/7b437777242fe67d2473c2a818da2344692d1ee91e91080ccffbd97bcd4a0975?s=96&d=mm&r=g","contentUrl":"https:\/\/secure.gravatar.com\/avatar\/7b437777242fe67d2473c2a818da2344692d1ee91e91080ccffbd97bcd4a0975?s=96&d=mm&r=g","caption":"infoempleo"},"url":"https:\/\/empresas.infoempleo.com\/hrtrends\/author\/infoempleo\/"}]}},"amp_enabled":true,"_links":{"self":[{"href":"https:\/\/empresas.infoempleo.com\/hrtrends\/wp-json\/wp\/v2\/posts\/4951","targetHints":{"allow":["GET"]}}],"collection":[{"href":"https:\/\/empresas.infoempleo.com\/hrtrends\/wp-json\/wp\/v2\/posts"}],"about":[{"href":"https:\/\/empresas.infoempleo.com\/hrtrends\/wp-json\/wp\/v2\/types\/post"}],"author":[{"embeddable":true,"href":"https:\/\/empresas.infoempleo.com\/hrtrends\/wp-json\/wp\/v2\/users\/72"}],"replies":[{"embeddable":true,"href":"https:\/\/empresas.infoempleo.com\/hrtrends\/wp-json\/wp\/v2\/comments?post=4951"}],"version-history":[{"count":1,"href":"https:\/\/empresas.infoempleo.com\/hrtrends\/wp-json\/wp\/v2\/posts\/4951\/revisions"}],"predecessor-version":[{"id":43279,"href":"https:\/\/empresas.infoempleo.com\/hrtrends\/wp-json\/wp\/v2\/posts\/4951\/revisions\/43279"}],"wp:featuredmedia":[{"embeddable":true,"href":"https:\/\/empresas.infoempleo.com\/hrtrends\/wp-json\/wp\/v2\/media\/29665"}],"wp:attachment":[{"href":"https:\/\/empresas.infoempleo.com\/hrtrends\/wp-json\/wp\/v2\/media?parent=4951"}],"wp:term":[{"taxonomy":"category","embeddable":true,"href":"https:\/\/empresas.infoempleo.com\/hrtrends\/wp-json\/wp\/v2\/categories?post=4951"},{"taxonomy":"post_tag","embeddable":true,"href":"https:\/\/empresas.infoempleo.com\/hrtrends\/wp-json\/wp\/v2\/tags?post=4951"}],"curies":[{"name":"wp","href":"https:\/\/api.w.org\/{rel}","templated":true}]}}