{"id":4819,"date":"2009-11-10T12:05:27","date_gmt":"2009-11-10T11:05:27","guid":{"rendered":"http:\/\/blog.infoempleo.com\/?p=4819"},"modified":"2023-03-13T19:30:53","modified_gmt":"2023-03-13T17:30:53","slug":"que-no-lo-haya-hecho-nadie-no-significa-que-no-lo-pueda-hacer","status":"publish","type":"post","link":"https:\/\/empresas.infoempleo.com\/hrtrends\/que-no-lo-haya-hecho-nadie-no-significa-que-no-lo-pueda-hacer\/","title":{"rendered":"\u00abQue no lo haya hecho nadie no significa que no lo pueda hacer\u00bb"},"content":{"rendered":"<p><strong><\/strong><\/p>\n<p><strong>Eva Ivars directora general de <a title=\"Web de Alain Afflelou\" href=\"https:\/\/www.alainafflelou.es\/\" target=\"_blank\" rel=\"noopener\">Alain Afflelou<\/a> Espa\u00f1a y responsable de Marketing para Europa<\/strong>\u00a0<span style=\"font-family: Charter ITC Pro;font-size: x-small\"><span style=\"font-family: Charter ITC Pro;font-size: x-small\"><span lang=\"ES\">\u00a0<\/span><\/span><\/span><\/p>\n<p>\u00abExploradora, descubridora o aventurera\u00bb. Eva Ivars (Denia, Alicante, 1971) lo ten\u00eda claro desde ni\u00f1a. El mundo se le quedaba peque\u00f1o y ella se asomaba a sus bordes y miraba m\u00e1s all\u00e1. \u00abTambi\u00e9n quise ser piloto cuando a\u00fan no hab\u00eda casi ninguna mujer\u00bb. Las ciencias no eran lo suyo y, finalmente, apost\u00f3 por algo m\u00e1s vocacional: \u00abMe encanta estar con la gente, comunicar, el intercambio. Eleg\u00ed Publicidad porque me pareci\u00f3 que pod\u00eda tener mayor atractivo\u00bb. Por primera vez, Eva Ivars deja Denia y se traslada a Madrid: \u00abViniendo de un pueblo era como\u2026 \u00a1Ay, qu\u00e9 horror, qu\u00e9 enorme!\u00bb. Pronto se le pas\u00f3 el susto. Sus amigos del colegio mayor le ayudaron: \u00abSe convirtieron en mi segunda familia\u00bb.Atr\u00e1s quedaba su primera experiencia laboral, un trabajo con el que consigui\u00f3 dinero para ir a la capital: \u00abCon 18 a\u00f1os fui int\u00e9rprete de la Guardia Civil en Denia\u00bb. \u00abEra muy divertido. Recuerdo que los agentes eran superamables\u00bb. \u00abLuego, mientras estudi\u00e9 la carrera, trabaj\u00e9 en la Oficina de Turismo vendiendo Denia como la que m\u00e1s\u00bb.<\/p>\n<p>\u00abAl acabar, trabaj\u00e9 como relaciones p\u00fablicas en una empresa que se llamaba Alternativa Bates, donde ten\u00eda clientes muy importantes\u00bb. Con ellos <strong>descubri\u00f3 que nadie estaba por encima de nadie: \u00abEres t\u00fa la que no te puedes frenar\u00bb<\/strong>. \u00abLa semana pasada estuve en el Women Forum International de Deauville y en el transcurso de una cena presentaron una parte de una pel\u00edcula, \u201cOc\u00e9ano\u201d, en la que se mostraban escenas de un buceador que iba nadando al lado de un tibur\u00f3n blanco de seis metros de largo. Cuando le preguntaron si no hab\u00eda sentido miedo, dijo que no, que al final somos nosotros los que nos ponemos frenos para hacer las cosas. Y es verdad. Que no lo haya hecho nadie no significa que yo no lo pueda hacer\u00bb. Con esta filosof\u00eda aprendida desde bien temprano, Ivars salta con naturalidad de un terreno a otro. <strong>De las relaciones p\u00fablicas lleg\u00f3 a la publicidad.<\/strong> \u00abMe fui a Grey y, concretamente, a la cuenta de Procter &amp; Gamble, donde trabaj\u00e9 cinco a\u00f1os\u00bb. All\u00ed encontr\u00f3 el rigor y el m\u00e9todo que buscaba. \u00abEra un modelo muy americano, muy estructurado y medido. Trabaj\u00e9 para Pantene, Pringles, la lej\u00eda Ace, para Mr. Proper&#8230;\u00bb. Tambi\u00e9n all\u00ed dio su primer salto internacional. \u00ab\u00c9ramos Grey Casablanca: un cliente marroqu\u00ed muy complicado e interesante. Hab\u00eda que visitar las casas para saber lo que era importante para el cliente. \u00c1qu\u00ed dec\u00edamos: \u201cMr. Propper, una belleza que brilla\u201d, pero all\u00ed no pod\u00edas hablar del brillo como beneficio porque todo es de barro\u00bb.<\/p>\n<p>Poco a poco su compa\u00f1\u00eda reconvierte su estrategia, apostando por un modelo m\u00e1s global en el que las unidades de negocio locales pierden poder de decisi\u00f3n. \u00abDej\u00f3 de ser interesante porque lo \u00fanico que te dejaban hacer era adaptaciones de la comunicaci\u00f3n\u00bb. Un nuevo reto aparece, justo en ese momento, ante ella. \u00abMe llamaron de Publicis para llevar Mahou como cliente, un sector que yo no conoc\u00eda; y luego, Hewlett- Packard y Lacoste\u00bb.<\/p>\n<p><strong>\u00abEn 2003 me dijeron: \u201cHay que hacer una presentaci\u00f3n para un se\u00f1or franc\u00e9s que se llama Fl\u00fa-Fl\u00fa\u201d\u00bb, recuerda riendo. Alain Afflelou llamaba a su puerta.<\/strong> \u00abParticip\u00e9 en el concurso y ganamos al cliente. Un a\u00f1o y pico despu\u00e9s me pidi\u00f3 que me viniera como directora de Comunicaci\u00f3n y como a este se\u00f1or no se le puede decir que no&#8230;\u00bb. Eva Ivars disfruta recreando cada segundo de su carrera. No ha dejado de re\u00edr en ning\u00fan momento y todo parece indicar que seguir\u00e1 haci\u00e9ndolo en los pr\u00f3ximos cien a\u00f1os. \u00abEstoy disfrutando much\u00edsimo, pero no s\u00e9 lo que va a pasar ma\u00f1ana. Si alg\u00fan d\u00eda no me gusta lo que hago, me buscar\u00e9 otra cosa donde pueda crecer y pas\u00e1rmelo bien\u00bb. Mientras tanto, seguir\u00e1 nadando sin inmutarse junto al tibur\u00f3n blanco.<\/p>\n<h3>Entrega<\/h3>\n<p><strong>De cerdos y gallinas en el trabajo<br \/>\n<\/strong>\u00abMe gusta rodearme de gente carism\u00e1tica, eficaz, din\u00e1mica, creativa, que tenga fuerza&#8230; <strong>No soporto trabajar con gente que es un bluf, \u00e9sos que te venden la moto, que son todo apariencia. Tampoco con vampiros que te chupan la sangre<\/strong>\u00ab. \u00abEn Grey aprend\u00ed que en el trabajo, y en la vida en general, t\u00fa puedes ser cerdo o gallina. El cerdo deja su pata de jam\u00f3n y se queda sin ella. La gallina llega, pone su huevo y se pira enterita. Los que son gallina son los que menos me gustan\u00bb. \u00bfY qu\u00e9 tipo de liderazgo ejerce? \u00abEl que me deja el d\u00eda a d\u00eda\u00bb, explica entre risas, \u00abpero me gustar\u00eda ser un l\u00edder carism\u00e1tico, que arrastre a los dem\u00e1s porque les convenza con mis ideas y con mi fuerza\u00bb.<\/p>\n<h3>Visi\u00f3n<\/h3>\n<p><strong>\u00abLas excepciones son las excepciones\u00bb<br \/>\n<\/strong>\u00abEn Francia dicen que soy natural, como el yogur. Ellos no dicen \u201cesto est\u00e1 mal\u201d, dicen: \u201cTienes un margen de progresi\u00f3n de mejora\u201d\u00bb. \u00bfTambi\u00e9n Afflelou? Eva Ivars habla con admiraci\u00f3n de su presidente.<strong> \u00ab\u00c9l no se conforma con un \u201cno es posible\u201d. Siempre dice: \u201cLas excepciones son las excepciones y as\u00ed ser\u00e1n tratadas, pero hay que hacer reglas generales\u201d\u00bb.<\/strong><\/p>\n<h3>Error<\/h3>\n<p><strong>\u00ab56 horas en la carretera de Burgos\u00bb<br \/>\n<\/strong>\u00abSer creativo es un tema de actitud, de escucha a los dem\u00e1s, de ver pros y contras y no conformarse. Es superimportante no persistir en el error. Coges una carretera de Burgos y te chupas un gran atasco y piensas: \u201cPuf, ya que estoy aqu\u00ed&#8230;\u201d, est\u00e1s 56 horas en la carretera de Burgos. No. Te has equivocado y te has equivocado. Ya est\u00e1. Ahora busca otra forma de hacerlo\u00bb.<\/p>\n<h3>\u00abYo he decidido que voy a vivir la vida como si no trabajara\u00bb<\/h3>\n<p>\u00abEn mi tiempo libre me gusta disfrutar de mi marido y de mis hijas\u00bb. Que s\u00ed, que s\u00ed, pero \u00bfqu\u00e9 m\u00e1s? \u00abIr al spa\u00bb. \u00bfNinguna directiva va de tiendas? \u00abYo s\u00ed. Soy una buscadora nata de gangas. Me encantan los zapatos. Tengo millones\u00bb, explica entre carcajadas. \u00abSiempre que puedo me voy con mi familia a una casa que tengo en Denia. Yo he decidido que voy a vivir la vida como si no trabajara. Si tengo que quedar en casa con mis amigos, quedo. Es mi marido el que hace la cena y lo hace muy bien. Yo le hago compa\u00f1\u00eda con una copa de vino. Con mi primer marido, cocinaba una asistenta; en el colegio mayor me lo daban hecho&#8230; Total, que nunca he aprendido\u00bb.<\/p>\n","protected":false},"excerpt":{"rendered":"<p>Eva Ivars directora general de Alain Afflelou Espa\u00f1a y responsable de Marketing para Europa\u00a0\u00a0 \u00abExploradora, descubridora o aventurera\u00bb.<a class=\"moretag\" href=\"https:\/\/empresas.infoempleo.com\/hrtrends\/que-no-lo-haya-hecho-nadie-no-significa-que-no-lo-pueda-hacer\/\"> Leer m\u00e1s<\/a><\/p>\n","protected":false},"author":31,"featured_media":29665,"comment_status":"closed","ping_status":"open","sticky":false,"template":"","format":"standard","meta":{"footnotes":""},"categories":[3],"tags":[],"class_list":["post-4819","post","type-post","status-publish","format-standard","has-post-thumbnail","hentry","category-actualidad"],"yoast_head":"<!-- This site is optimized with the Yoast SEO plugin v26.1.1 - https:\/\/yoast.com\/wordpress\/plugins\/seo\/ -->\n<title>&quot;Que no lo haya hecho nadie no significa que no lo pueda hacer&quot; | HRTRENDS<\/title>\n<meta name=\"robots\" content=\"index, follow, max-snippet:-1, max-image-preview:large, max-video-preview:-1\" \/>\n<link rel=\"canonical\" href=\"https:\/\/empresas.infoempleo.com\/hrtrends\/que-no-lo-haya-hecho-nadie-no-significa-que-no-lo-pueda-hacer\/\" \/>\n<meta property=\"og:locale\" content=\"es_ES\" \/>\n<meta property=\"og:type\" content=\"article\" \/>\n<meta property=\"og:title\" content=\"&quot;Que no lo haya hecho nadie no significa que no lo pueda hacer&quot; | HRTRENDS\" \/>\n<meta property=\"og:description\" content=\"Eva Ivars directora general de Alain Afflelou Espa\u00f1a y responsable de Marketing para Europa\u00a0\u00a0 \u00abExploradora, descubridora o aventurera\u00bb. Leer m\u00e1s\" \/>\n<meta property=\"og:url\" content=\"https:\/\/empresas.infoempleo.com\/hrtrends\/que-no-lo-haya-hecho-nadie-no-significa-que-no-lo-pueda-hacer\/\" \/>\n<meta property=\"og:site_name\" content=\"HRTRENDS\" \/>\n<meta property=\"article:publisher\" content=\"https:\/\/www.facebook.com\/Infoempleo\" \/>\n<meta property=\"article:published_time\" content=\"2009-11-10T11:05:27+00:00\" \/>\n<meta property=\"article:modified_time\" content=\"2023-03-13T17:30:53+00:00\" \/>\n<meta property=\"og:image\" content=\"https:\/\/empresas.infoempleo.com\/hrtrends\/media\/2017\/05\/pexels-photo-205508.jpg\" \/>\n\t<meta property=\"og:image:width\" content=\"1280\" \/>\n\t<meta property=\"og:image:height\" content=\"960\" \/>\n\t<meta property=\"og:image:type\" content=\"image\/jpeg\" \/>\n<meta name=\"author\" content=\"In\u00e9s Molina\" \/>\n<meta name=\"twitter:card\" content=\"summary_large_image\" \/>\n<meta name=\"twitter:creator\" content=\"@infoempleo\" \/>\n<meta name=\"twitter:site\" content=\"@infoempleo\" \/>\n<meta name=\"twitter:label1\" content=\"Escrito por\" \/>\n\t<meta name=\"twitter:data1\" content=\"In\u00e9s Molina\" \/>\n\t<meta name=\"twitter:label2\" content=\"Tiempo de lectura\" \/>\n\t<meta name=\"twitter:data2\" content=\"6 minutos\" \/>\n<script type=\"application\/ld+json\" class=\"yoast-schema-graph\">{\"@context\":\"https:\/\/schema.org\",\"@graph\":[{\"@type\":\"NewsArticle\",\"@id\":\"https:\/\/empresas.infoempleo.com\/hrtrends\/que-no-lo-haya-hecho-nadie-no-significa-que-no-lo-pueda-hacer\/#article\",\"isPartOf\":{\"@id\":\"https:\/\/empresas.infoempleo.com\/hrtrends\/que-no-lo-haya-hecho-nadie-no-significa-que-no-lo-pueda-hacer\/\"},\"author\":{\"name\":\"In\u00e9s Molina\",\"@id\":\"https:\/\/empresas.infoempleo.com\/hrtrends\/#\/schema\/person\/b7a6badf8a824bd871816199d4073051\"},\"headline\":\"\u00abQue no lo haya hecho nadie no significa que no lo pueda hacer\u00bb\",\"datePublished\":\"2009-11-10T11:05:27+00:00\",\"dateModified\":\"2023-03-13T17:30:53+00:00\",\"mainEntityOfPage\":{\"@id\":\"https:\/\/empresas.infoempleo.com\/hrtrends\/que-no-lo-haya-hecho-nadie-no-significa-que-no-lo-pueda-hacer\/\"},\"wordCount\":1133,\"publisher\":{\"@id\":\"https:\/\/empresas.infoempleo.com\/hrtrends\/#organization\"},\"image\":{\"@id\":\"https:\/\/empresas.infoempleo.com\/hrtrends\/que-no-lo-haya-hecho-nadie-no-significa-que-no-lo-pueda-hacer\/#primaryimage\"},\"thumbnailUrl\":\"https:\/\/empresas.infoempleo.com\/hrtrends\/media\/2017\/05\/pexels-photo-205508.jpg\",\"articleSection\":[\"Actualidad\"],\"inLanguage\":\"es\",\"copyrightYear\":\"2009\",\"copyrightHolder\":{\"@id\":\"https:\/\/empresas.infoempleo.com\/hrtrends\/#organization\"}},{\"@type\":\"WebPage\",\"@id\":\"https:\/\/empresas.infoempleo.com\/hrtrends\/que-no-lo-haya-hecho-nadie-no-significa-que-no-lo-pueda-hacer\/\",\"url\":\"https:\/\/empresas.infoempleo.com\/hrtrends\/que-no-lo-haya-hecho-nadie-no-significa-que-no-lo-pueda-hacer\/\",\"name\":\"\\\"Que no lo haya hecho nadie no significa que no lo pueda hacer\\\" | HRTRENDS\",\"isPartOf\":{\"@id\":\"https:\/\/empresas.infoempleo.com\/hrtrends\/#website\"},\"primaryImageOfPage\":{\"@id\":\"https:\/\/empresas.infoempleo.com\/hrtrends\/que-no-lo-haya-hecho-nadie-no-significa-que-no-lo-pueda-hacer\/#primaryimage\"},\"image\":{\"@id\":\"https:\/\/empresas.infoempleo.com\/hrtrends\/que-no-lo-haya-hecho-nadie-no-significa-que-no-lo-pueda-hacer\/#primaryimage\"},\"thumbnailUrl\":\"https:\/\/empresas.infoempleo.com\/hrtrends\/media\/2017\/05\/pexels-photo-205508.jpg\",\"datePublished\":\"2009-11-10T11:05:27+00:00\",\"dateModified\":\"2023-03-13T17:30:53+00:00\",\"breadcrumb\":{\"@id\":\"https:\/\/empresas.infoempleo.com\/hrtrends\/que-no-lo-haya-hecho-nadie-no-significa-que-no-lo-pueda-hacer\/#breadcrumb\"},\"inLanguage\":\"es\",\"potentialAction\":[{\"@type\":\"ReadAction\",\"target\":[\"https:\/\/empresas.infoempleo.com\/hrtrends\/que-no-lo-haya-hecho-nadie-no-significa-que-no-lo-pueda-hacer\/\"]}]},{\"@type\":\"ImageObject\",\"inLanguage\":\"es\",\"@id\":\"https:\/\/empresas.infoempleo.com\/hrtrends\/que-no-lo-haya-hecho-nadie-no-significa-que-no-lo-pueda-hacer\/#primaryimage\",\"url\":\"https:\/\/empresas.infoempleo.com\/hrtrends\/media\/2017\/05\/pexels-photo-205508-150x150.jpg\",\"contentUrl\":\"https:\/\/empresas.infoempleo.com\/hrtrends\/media\/2017\/05\/pexels-photo-205508-150x150.jpg\",\"width\":150,\"height\":150},{\"@type\":\"BreadcrumbList\",\"@id\":\"https:\/\/empresas.infoempleo.com\/hrtrends\/que-no-lo-haya-hecho-nadie-no-significa-que-no-lo-pueda-hacer\/#breadcrumb\",\"itemListElement\":[{\"@type\":\"ListItem\",\"position\":1,\"name\":\"Portada\",\"item\":\"https:\/\/empresas.infoempleo.com\/hrtrends\/\"},{\"@type\":\"ListItem\",\"position\":2,\"name\":\"\u00abQue no lo haya hecho nadie no significa que no lo pueda hacer\u00bb\"}]},{\"@type\":\"WebSite\",\"@id\":\"https:\/\/empresas.infoempleo.com\/hrtrends\/#website\",\"url\":\"https:\/\/empresas.infoempleo.com\/hrtrends\",\"name\":\"HRTrends by Infoempleo\",\"description\":\"\",\"publisher\":{\"@id\":\"https:\/\/empresas.infoempleo.com\/hrtrends\/#organization\"},\"potentialAction\":{\"@type\":\"SearchAction\",\"target\":\"https:\/\/empresas.infoempleo.com\/hrtrends\/?s={search_term_string}\",\"query-input\":\"required name=search_term_string\"},\"inLanguage\":\"es\"},{\"@type\":\"Organization\",\"@id\":\"https:\/\/empresas.infoempleo.com\/hrtrends\/#organization\",\"name\":\"Infoempleo\",\"url\":\"https:\/\/www.infoempleo.com\/\",\"logo\":{\"@type\":\"ImageObject\",\"@id\":\"https:\/\/empresas.infoempleo.com\/hrtrends\/#logo\",\"inLanguage\":\"es\",\"url\":\"https:\/\/cdnazure.infoempleo.com\/infoempleo\/assets\/style\/gfx\/logo.svg\",\"contentUrl\":\"https:\/\/cdnazure.infoempleo.com\/infoempleo\/assets\/style\/gfx\/logo.svg\",\"width\":150,\"height\":40,\"caption\":\"Infoempleo\"},\"image\":{\"@id\":\"https:\/\/empresas.infoempleo.com\/hrtrends\/#logo\"},\"sameAs\":[\"https:\/\/www.facebook.com\/Infoempleo\",\"https:\/\/x.com\/infoempleo\",\"http:\/\/instagram.com\/infoempleo\/\",\"http:\/\/www.linkedin.com\/groups\/Empleo-Espa\u00f1a-Infoempleocom-111276\",\"http:\/\/pinterest.com\/infoempleo\/\"],\"address\":{\"@type\":\"PostalAddress\",\"addressLocality\":\"Madrid\",\"postalCode\":\"28050\",\"streetAddress\":\"Avenida de Burgos 114\"},\"brand\":[\"Infoempleo\"]},{\"@type\":\"Person\",\"@id\":\"https:\/\/empresas.infoempleo.com\/hrtrends\/#\/schema\/person\/b7a6badf8a824bd871816199d4073051\",\"name\":\"In\u00e9s Molina\",\"image\":{\"@type\":\"ImageObject\",\"inLanguage\":\"es\",\"@id\":\"https:\/\/empresas.infoempleo.com\/hrtrends\/#\/schema\/person\/image\/\",\"url\":\"https:\/\/secure.gravatar.com\/avatar\/91ea6cf86c6b79f9f6f4d22793ffcbb45c9376d3b1a923126559ea4a8544b7b3?s=96&d=mm&r=g\",\"contentUrl\":\"https:\/\/secure.gravatar.com\/avatar\/91ea6cf86c6b79f9f6f4d22793ffcbb45c9376d3b1a923126559ea4a8544b7b3?s=96&d=mm&r=g\",\"caption\":\"In\u00e9s Molina\"},\"url\":\"https:\/\/empresas.infoempleo.com\/hrtrends\/author\/ines-molina\/\"}]}<\/script>\n<!-- \/ Yoast SEO plugin. -->","yoast_head_json":{"title":"\"Que no lo haya hecho nadie no significa que no lo pueda hacer\" | HRTRENDS","robots":{"index":"index","follow":"follow","max-snippet":"max-snippet:-1","max-image-preview":"max-image-preview:large","max-video-preview":"max-video-preview:-1"},"canonical":"https:\/\/empresas.infoempleo.com\/hrtrends\/que-no-lo-haya-hecho-nadie-no-significa-que-no-lo-pueda-hacer\/","og_locale":"es_ES","og_type":"article","og_title":"\"Que no lo haya hecho nadie no significa que no lo pueda hacer\" | HRTRENDS","og_description":"Eva Ivars directora general de Alain Afflelou Espa\u00f1a y responsable de Marketing para Europa\u00a0\u00a0 \u00abExploradora, descubridora o aventurera\u00bb. Leer m\u00e1s","og_url":"https:\/\/empresas.infoempleo.com\/hrtrends\/que-no-lo-haya-hecho-nadie-no-significa-que-no-lo-pueda-hacer\/","og_site_name":"HRTRENDS","article_publisher":"https:\/\/www.facebook.com\/Infoempleo","article_published_time":"2009-11-10T11:05:27+00:00","article_modified_time":"2023-03-13T17:30:53+00:00","og_image":[{"width":1280,"height":960,"url":"https:\/\/empresas.infoempleo.com\/hrtrends\/media\/2017\/05\/pexels-photo-205508.jpg","type":"image\/jpeg"}],"author":"In\u00e9s Molina","twitter_card":"summary_large_image","twitter_creator":"@infoempleo","twitter_site":"@infoempleo","twitter_misc":{"Escrito por":"In\u00e9s Molina","Tiempo de lectura":"6 minutos"},"schema":{"@context":"https:\/\/schema.org","@graph":[{"@type":"NewsArticle","@id":"https:\/\/empresas.infoempleo.com\/hrtrends\/que-no-lo-haya-hecho-nadie-no-significa-que-no-lo-pueda-hacer\/#article","isPartOf":{"@id":"https:\/\/empresas.infoempleo.com\/hrtrends\/que-no-lo-haya-hecho-nadie-no-significa-que-no-lo-pueda-hacer\/"},"author":{"name":"In\u00e9s Molina","@id":"https:\/\/empresas.infoempleo.com\/hrtrends\/#\/schema\/person\/b7a6badf8a824bd871816199d4073051"},"headline":"\u00abQue no lo haya hecho nadie no significa que no lo pueda hacer\u00bb","datePublished":"2009-11-10T11:05:27+00:00","dateModified":"2023-03-13T17:30:53+00:00","mainEntityOfPage":{"@id":"https:\/\/empresas.infoempleo.com\/hrtrends\/que-no-lo-haya-hecho-nadie-no-significa-que-no-lo-pueda-hacer\/"},"wordCount":1133,"publisher":{"@id":"https:\/\/empresas.infoempleo.com\/hrtrends\/#organization"},"image":{"@id":"https:\/\/empresas.infoempleo.com\/hrtrends\/que-no-lo-haya-hecho-nadie-no-significa-que-no-lo-pueda-hacer\/#primaryimage"},"thumbnailUrl":"https:\/\/empresas.infoempleo.com\/hrtrends\/media\/2017\/05\/pexels-photo-205508.jpg","articleSection":["Actualidad"],"inLanguage":"es","copyrightYear":"2009","copyrightHolder":{"@id":"https:\/\/empresas.infoempleo.com\/hrtrends\/#organization"}},{"@type":"WebPage","@id":"https:\/\/empresas.infoempleo.com\/hrtrends\/que-no-lo-haya-hecho-nadie-no-significa-que-no-lo-pueda-hacer\/","url":"https:\/\/empresas.infoempleo.com\/hrtrends\/que-no-lo-haya-hecho-nadie-no-significa-que-no-lo-pueda-hacer\/","name":"\"Que no lo haya hecho nadie no significa que no lo pueda hacer\" | HRTRENDS","isPartOf":{"@id":"https:\/\/empresas.infoempleo.com\/hrtrends\/#website"},"primaryImageOfPage":{"@id":"https:\/\/empresas.infoempleo.com\/hrtrends\/que-no-lo-haya-hecho-nadie-no-significa-que-no-lo-pueda-hacer\/#primaryimage"},"image":{"@id":"https:\/\/empresas.infoempleo.com\/hrtrends\/que-no-lo-haya-hecho-nadie-no-significa-que-no-lo-pueda-hacer\/#primaryimage"},"thumbnailUrl":"https:\/\/empresas.infoempleo.com\/hrtrends\/media\/2017\/05\/pexels-photo-205508.jpg","datePublished":"2009-11-10T11:05:27+00:00","dateModified":"2023-03-13T17:30:53+00:00","breadcrumb":{"@id":"https:\/\/empresas.infoempleo.com\/hrtrends\/que-no-lo-haya-hecho-nadie-no-significa-que-no-lo-pueda-hacer\/#breadcrumb"},"inLanguage":"es","potentialAction":[{"@type":"ReadAction","target":["https:\/\/empresas.infoempleo.com\/hrtrends\/que-no-lo-haya-hecho-nadie-no-significa-que-no-lo-pueda-hacer\/"]}]},{"@type":"ImageObject","inLanguage":"es","@id":"https:\/\/empresas.infoempleo.com\/hrtrends\/que-no-lo-haya-hecho-nadie-no-significa-que-no-lo-pueda-hacer\/#primaryimage","url":"https:\/\/empresas.infoempleo.com\/hrtrends\/media\/2017\/05\/pexels-photo-205508-150x150.jpg","contentUrl":"https:\/\/empresas.infoempleo.com\/hrtrends\/media\/2017\/05\/pexels-photo-205508-150x150.jpg","width":150,"height":150},{"@type":"BreadcrumbList","@id":"https:\/\/empresas.infoempleo.com\/hrtrends\/que-no-lo-haya-hecho-nadie-no-significa-que-no-lo-pueda-hacer\/#breadcrumb","itemListElement":[{"@type":"ListItem","position":1,"name":"Portada","item":"https:\/\/empresas.infoempleo.com\/hrtrends\/"},{"@type":"ListItem","position":2,"name":"\u00abQue no lo haya hecho nadie no significa que no lo pueda hacer\u00bb"}]},{"@type":"WebSite","@id":"https:\/\/empresas.infoempleo.com\/hrtrends\/#website","url":"https:\/\/empresas.infoempleo.com\/hrtrends","name":"HRTrends by Infoempleo","description":"","publisher":{"@id":"https:\/\/empresas.infoempleo.com\/hrtrends\/#organization"},"potentialAction":{"@type":"SearchAction","target":"https:\/\/empresas.infoempleo.com\/hrtrends\/?s={search_term_string}","query-input":"required name=search_term_string"},"inLanguage":"es"},{"@type":"Organization","@id":"https:\/\/empresas.infoempleo.com\/hrtrends\/#organization","name":"Infoempleo","url":"https:\/\/www.infoempleo.com\/","logo":{"@type":"ImageObject","@id":"https:\/\/empresas.infoempleo.com\/hrtrends\/#logo","inLanguage":"es","url":"https:\/\/cdnazure.infoempleo.com\/infoempleo\/assets\/style\/gfx\/logo.svg","contentUrl":"https:\/\/cdnazure.infoempleo.com\/infoempleo\/assets\/style\/gfx\/logo.svg","width":150,"height":40,"caption":"Infoempleo"},"image":{"@id":"https:\/\/empresas.infoempleo.com\/hrtrends\/#logo"},"sameAs":["https:\/\/www.facebook.com\/Infoempleo","https:\/\/x.com\/infoempleo","http:\/\/instagram.com\/infoempleo\/","http:\/\/www.linkedin.com\/groups\/Empleo-Espa\u00f1a-Infoempleocom-111276","http:\/\/pinterest.com\/infoempleo\/"],"address":{"@type":"PostalAddress","addressLocality":"Madrid","postalCode":"28050","streetAddress":"Avenida de Burgos 114"},"brand":["Infoempleo"]},{"@type":"Person","@id":"https:\/\/empresas.infoempleo.com\/hrtrends\/#\/schema\/person\/b7a6badf8a824bd871816199d4073051","name":"In\u00e9s Molina","image":{"@type":"ImageObject","inLanguage":"es","@id":"https:\/\/empresas.infoempleo.com\/hrtrends\/#\/schema\/person\/image\/","url":"https:\/\/secure.gravatar.com\/avatar\/91ea6cf86c6b79f9f6f4d22793ffcbb45c9376d3b1a923126559ea4a8544b7b3?s=96&d=mm&r=g","contentUrl":"https:\/\/secure.gravatar.com\/avatar\/91ea6cf86c6b79f9f6f4d22793ffcbb45c9376d3b1a923126559ea4a8544b7b3?s=96&d=mm&r=g","caption":"In\u00e9s Molina"},"url":"https:\/\/empresas.infoempleo.com\/hrtrends\/author\/ines-molina\/"}]}},"amp_enabled":true,"_links":{"self":[{"href":"https:\/\/empresas.infoempleo.com\/hrtrends\/wp-json\/wp\/v2\/posts\/4819","targetHints":{"allow":["GET"]}}],"collection":[{"href":"https:\/\/empresas.infoempleo.com\/hrtrends\/wp-json\/wp\/v2\/posts"}],"about":[{"href":"https:\/\/empresas.infoempleo.com\/hrtrends\/wp-json\/wp\/v2\/types\/post"}],"author":[{"embeddable":true,"href":"https:\/\/empresas.infoempleo.com\/hrtrends\/wp-json\/wp\/v2\/users\/31"}],"replies":[{"embeddable":true,"href":"https:\/\/empresas.infoempleo.com\/hrtrends\/wp-json\/wp\/v2\/comments?post=4819"}],"version-history":[{"count":1,"href":"https:\/\/empresas.infoempleo.com\/hrtrends\/wp-json\/wp\/v2\/posts\/4819\/revisions"}],"predecessor-version":[{"id":43278,"href":"https:\/\/empresas.infoempleo.com\/hrtrends\/wp-json\/wp\/v2\/posts\/4819\/revisions\/43278"}],"wp:featuredmedia":[{"embeddable":true,"href":"https:\/\/empresas.infoempleo.com\/hrtrends\/wp-json\/wp\/v2\/media\/29665"}],"wp:attachment":[{"href":"https:\/\/empresas.infoempleo.com\/hrtrends\/wp-json\/wp\/v2\/media?parent=4819"}],"wp:term":[{"taxonomy":"category","embeddable":true,"href":"https:\/\/empresas.infoempleo.com\/hrtrends\/wp-json\/wp\/v2\/categories?post=4819"},{"taxonomy":"post_tag","embeddable":true,"href":"https:\/\/empresas.infoempleo.com\/hrtrends\/wp-json\/wp\/v2\/tags?post=4819"}],"curies":[{"name":"wp","href":"https:\/\/api.w.org\/{rel}","templated":true}]}}