{"id":47319,"date":"2025-12-09T07:30:05","date_gmt":"2025-12-09T05:30:05","guid":{"rendered":"https:\/\/empresas.infoempleo.com\/hrtrends\/?p=47319"},"modified":"2026-01-12T12:14:50","modified_gmt":"2026-01-12T10:14:50","slug":"inteligencia-artificial-empleo-empresas-espana","status":"publish","type":"post","link":"https:\/\/empresas.infoempleo.com\/hrtrends\/inteligencia-artificial-empleo-empresas-espana\/","title":{"rendered":"Inteligencia Artificial y empleo: \u00bfEst\u00e1n preparadas las empresas en Espa\u00f1a?"},"content":{"rendered":"<p>La <strong>Inteligencia Artificial (IA)<\/strong> se ha convertido en uno de los grandes motores que est\u00e1n<strong> transformando el mercado laboral<\/strong>. En apenas dos a\u00f1os, los avances tecnol\u00f3gicos relacionados con la IA han multiplicado la presi\u00f3n sobre las empresas para digitalizarse, redefinir procesos y <strong>preparar a las plantillas para un modo de trabajo completamente distinto<\/strong>. Sin embargo, seg\u00fan los datos que hemos recogido para elaborar el Informe Infoempleo Adecco sobre oferta y demanda de empleo en Espa\u00f1a, nos muestran que una parte importante del tejido empresarial todav\u00eda avanza con dificultad por este camino.<\/p>\n<h2 class=\"western\">Un contexto europeo que marca el ritmo<\/h2>\n<p>La IA avanza a una velocidad sin precedentes. En un solo a\u00f1o, <strong>su adopci\u00f3n en Europa ha pasado del 8% al 13,5% de las empresas.<\/strong> Mientras que en <strong>Espa\u00f1a se sit\u00faa entre el 11% y el 13%, un crecimiento moderado<\/strong> que nos mantiene ligeramente por encima de la media europea, aunque a\u00fan lejos de los pa\u00edses m\u00e1s digitalizados como son Dinamarca o Suecia.<\/p>\n<p>La regulaci\u00f3n tambi\u00e9n avanza. En 2024 la Uni\u00f3n Europea aprob\u00f3 la primera ley para garantizar un uso seguro y \u00e9tico de la IA. Las empresas est\u00e1n respondiendo: el 51,72% ya dispone de un c\u00f3digo \u00e9tico interno, frente al 22,35% del a\u00f1o anterior.<\/p>\n<h2 class=\"western\">\u00bfEst\u00e1n preparadas las empresas para esta transformaci\u00f3n?<\/h2>\n<p>Los datos del informe son claros: <strong>solo el 32,81% de las empresas se siente preparada para la transformaci\u00f3n digital<\/strong>, mientras que el 53,13% admite no estarlo. M\u00e1s preocupante a\u00fan es que un 14,06% se declaran directamente sobrepasadas por la velocidad del cambio tecnol\u00f3gico.<\/p>\n<p>Aun as\u00ed, el inter\u00e9s por la IA crece. Un <strong>42,19% ya est\u00e1 implantando herramientas de forma progresiva<\/strong> y un 28,13% prev\u00e9 hacerlo en breve. Adem\u00e1s, el porcentaje de empresas que descartaban por completo incorporar IA se ha reducido casi a la mitad en un a\u00f1o.<\/p>\n<p>La raz\u00f3n para este cambio, seg\u00fan <strong>Alberto Gavil\u00e1n, director de Talento del Grupo Adecco<\/strong>, estar\u00eda en que las empresas han empezado a comprender el enorme valor de la IA: <em>\u201cEsta tecnolog\u00eda ofrece una gran oportunidad para las compa\u00f1\u00edas y los trabajadores.\u00bb <\/em>No obstante, advierte de que: <em>\u00abSaber aprovecharla requiere una s\u00f3lida estrategia de formaci\u00f3n y talento. La diferencia siempre la marcan las personas: la IA es una herramienta para potenciar la empleabilidad, no para sustituir habilidades humanas\u201d. <\/em><\/p>\n<p>Uno de los <strong>mayores desaf\u00edos<\/strong> para las empresas es <strong>contar con profesionales preparados<\/strong>. Aunque en 2023 solo un 15,29% ofrec\u00eda formaci\u00f3n en IA, en 2024 esta cifra sube al 51,72%, un salto muy significativo.<\/p>\n<p>Entre quienes ya utilizan IA, los <strong>usos m\u00e1s comunes<\/strong> son claros: <strong>Automatizaci\u00f3n de tareas administrativas<\/strong> (72,41%), <strong>an\u00e1lisis de datos<\/strong> (55,17%), <strong>automatizaci\u00f3n de procesos productivos<\/strong> (34,48%) y <strong>asistentes virtuales<\/strong> o de atenci\u00f3n al cliente (24,14%). El uso en <strong>selecci\u00f3n de personal<\/strong> a\u00fan es reducido (13,79%), pero se espera que crezca conforme aumente la confianza en estas herramientas.<\/p>\n<p><img loading=\"lazy\" decoding=\"async\" class=\"alignnone wp-image-47327 size-large\" title=\"Procesos en los que las empresas ya utilizan modelos de IA\" src=\"https:\/\/empresas.infoempleo.com\/hrtrends\/media\/2025\/12\/Procesos-en-los-que-las-empresas-usan-IA-1024x559.png\" alt=\"Procesos en los que las empresas ya utilizan modelos de IA\" width=\"1024\" height=\"559\" srcset=\"https:\/\/empresas.infoempleo.com\/hrtrends\/media\/2025\/12\/Procesos-en-los-que-las-empresas-usan-IA-1024x559.png 1024w, https:\/\/empresas.infoempleo.com\/hrtrends\/media\/2025\/12\/Procesos-en-los-que-las-empresas-usan-IA-300x164.png 300w, https:\/\/empresas.infoempleo.com\/hrtrends\/media\/2025\/12\/Procesos-en-los-que-las-empresas-usan-IA-768x419.png 768w, https:\/\/empresas.infoempleo.com\/hrtrends\/media\/2025\/12\/Procesos-en-los-que-las-empresas-usan-IA.png 1200w\" sizes=\"auto, (max-width: 1024px) 100vw, 1024px\" \/><\/p>\n<h2 class=\"western\">Menos impacto en el empleo de lo esperado<\/h2>\n<p>Pese que uno de los principales temores es que la adopci\u00f3n de esta tecnolog\u00eda provoque despidos masivos, por el momento el impacto de la IA en el empleo sigue siendo limitado. De hecho, <strong>el 89,66% de las empresas confirma que la IA no ha tenido impacto en contrataciones ni despidos<\/strong>. Incluso un 6,90% afirma que la llegada de estas tecnolog\u00edas ha impulsado nuevas contrataciones, especialmente de especialistas digitales.<\/p>\n<p>Un dato interesante es c\u00f3mo los propios trabajadores est\u00e1n adoptando la tecnolog\u00eda. Aunque el 63,74% dice que su empresa no les facilita herramientas de IA, un 19,41% ya las utiliza por su cuenta para mejorar su productividad.<\/p>\n<p>Otro dato revelador es que <strong>9 de cada 10 empleados no han recibido formaci\u00f3n<\/strong>, aunque <strong>7 de cada 10 la desean<\/strong>. Esta demanda creciente sit\u00faa a RRHH en un papel crucial: liderar la capacitaci\u00f3n digital de las plantillas. Sobre esta necesidad de formaci\u00f3n para poder avanzar, la <strong>CEO de Infoempleo, Teresa Tom\u00e1s<\/strong>, se\u00f1ala que: <em>\u201cLas empresas ya est\u00e1n implementando la alfabetizaci\u00f3n en IA para ganar eficiencia y competitividad. Pero lo verdaderamente fundamental es facilitar herramientas y formaci\u00f3n continua para mantener la empleabilidad de los profesionales en un entorno que cambia constantemente\u201d.<\/em><\/p>\n<h2 class=\"western\">La IA est\u00e1 transformando la b\u00fasqueda de trabajo<\/h2>\n<p>El informe muestra que la IA no solo impacta en la organizaci\u00f3n interna de las empresas, sino tambi\u00e9n en c\u00f3mo los profesionales buscan trabajo. <strong>Uno de cada cuatro desempleados<\/strong> <strong>ya utiliza herramientas de IA para mejorar su b\u00fasqueda<\/strong>: crear curr\u00edculums, localizar ofertas, identificar empresas, preparar entrevistas o comparar salarios.<\/p>\n<p>Aunque muchos a\u00fan ven la formaci\u00f3n en IA como algo no urgente para su pr\u00f3ximo empleo, la tendencia es clara: cada vez m\u00e1s profesionales consideran imprescindible adquirir estas competencias para seguir siendo empleables.<\/p>\n","protected":false},"excerpt":{"rendered":"<p>La Inteligencia Artificial (IA) se ha convertido en uno de los grandes motores que est\u00e1n transformando el mercado<a class=\"moretag\" href=\"https:\/\/empresas.infoempleo.com\/hrtrends\/inteligencia-artificial-empleo-empresas-espana\/\"> Leer m\u00e1s<\/a><\/p>\n","protected":false},"author":27,"featured_media":47326,"comment_status":"closed","ping_status":"closed","sticky":false,"template":"","format":"standard","meta":{"footnotes":""},"categories":[3023],"tags":[3831,3832,2638],"class_list":["post-47319","post","type-post","status-publish","format-standard","has-post-thumbnail","hentry","category-digitalizacion","tag-ia-en-las-empresas","tag-ia-y-empleo","tag-informe-infoempleo-adecco"],"yoast_head":"<!-- This site is optimized with the Yoast SEO plugin v26.1.1 - https:\/\/yoast.com\/wordpress\/plugins\/seo\/ -->\n<title>C\u00f3mo la Inteligencia Artificial est\u00e1 transformado el mercado laboral<\/title>\n<meta name=\"description\" content=\"La IA est\u00e1 reconfigurando el mercado laboral. Conoce el nivel de inserci\u00f3n en las empresas y c\u00f3mo preparar a las plantillas.\" \/>\n<meta name=\"robots\" content=\"index, follow, max-snippet:-1, max-image-preview:large, max-video-preview:-1\" \/>\n<link rel=\"canonical\" href=\"https:\/\/empresas.infoempleo.com\/hrtrends\/inteligencia-artificial-empleo-empresas-espana\/\" \/>\n<meta property=\"og:locale\" content=\"es_ES\" \/>\n<meta property=\"og:type\" content=\"article\" \/>\n<meta property=\"og:title\" content=\"C\u00f3mo la Inteligencia Artificial est\u00e1 transformado el mercado laboral\" \/>\n<meta property=\"og:description\" content=\"La IA est\u00e1 reconfigurando el mercado laboral. Conoce el nivel de inserci\u00f3n en las empresas y c\u00f3mo preparar a las plantillas.\" \/>\n<meta property=\"og:url\" content=\"https:\/\/empresas.infoempleo.com\/hrtrends\/inteligencia-artificial-empleo-empresas-espana\/\" \/>\n<meta property=\"og:site_name\" content=\"HRTRENDS\" \/>\n<meta property=\"article:publisher\" content=\"https:\/\/www.facebook.com\/Infoempleo\" \/>\n<meta property=\"article:published_time\" content=\"2025-12-09T05:30:05+00:00\" \/>\n<meta property=\"article:modified_time\" content=\"2026-01-12T10:14:50+00:00\" \/>\n<meta property=\"og:image\" content=\"https:\/\/empresas.infoempleo.com\/hrtrends\/media\/2025\/12\/Inteligencia-Artificial-y-empleo.jpg\" \/>\n\t<meta property=\"og:image:width\" content=\"917\" \/>\n\t<meta property=\"og:image:height\" content=\"458\" \/>\n\t<meta property=\"og:image:type\" content=\"image\/jpeg\" \/>\n<meta name=\"author\" content=\"Mayte Guill\u00e9n\" \/>\n<meta name=\"twitter:card\" content=\"summary_large_image\" \/>\n<meta name=\"twitter:creator\" content=\"@mayteguillen\" \/>\n<meta name=\"twitter:site\" content=\"@infoempleo\" \/>\n<meta name=\"twitter:label1\" content=\"Escrito por\" \/>\n\t<meta name=\"twitter:data1\" content=\"Mayte Guill\u00e9n\" \/>\n\t<meta name=\"twitter:label2\" content=\"Tiempo de lectura\" \/>\n\t<meta name=\"twitter:data2\" content=\"4 minutos\" \/>\n<script type=\"application\/ld+json\" class=\"yoast-schema-graph\">{\"@context\":\"https:\/\/schema.org\",\"@graph\":[{\"@type\":\"NewsArticle\",\"@id\":\"https:\/\/empresas.infoempleo.com\/hrtrends\/inteligencia-artificial-empleo-empresas-espana\/#article\",\"isPartOf\":{\"@id\":\"https:\/\/empresas.infoempleo.com\/hrtrends\/inteligencia-artificial-empleo-empresas-espana\/\"},\"author\":{\"name\":\"Mayte Guill\u00e9n\",\"@id\":\"https:\/\/empresas.infoempleo.com\/hrtrends\/#\/schema\/person\/4e46e960319e61d74737b4371bed2d9e\"},\"headline\":\"Inteligencia Artificial y empleo: \u00bfEst\u00e1n preparadas las empresas en Espa\u00f1a?\",\"datePublished\":\"2025-12-09T05:30:05+00:00\",\"dateModified\":\"2026-01-12T10:14:50+00:00\",\"mainEntityOfPage\":{\"@id\":\"https:\/\/empresas.infoempleo.com\/hrtrends\/inteligencia-artificial-empleo-empresas-espana\/\"},\"wordCount\":814,\"publisher\":{\"@id\":\"https:\/\/empresas.infoempleo.com\/hrtrends\/#organization\"},\"image\":{\"@id\":\"https:\/\/empresas.infoempleo.com\/hrtrends\/inteligencia-artificial-empleo-empresas-espana\/#primaryimage\"},\"thumbnailUrl\":\"https:\/\/empresas.infoempleo.com\/hrtrends\/media\/2025\/12\/Inteligencia-Artificial-y-empleo.jpg\",\"keywords\":[\"IA en las empresas\",\"IA y empleo\",\"Informe Infoempleo Adecco\"],\"articleSection\":[\"Digitalizaci\u00f3n en RRHH\"],\"inLanguage\":\"es\",\"copyrightYear\":\"2025\",\"copyrightHolder\":{\"@id\":\"https:\/\/empresas.infoempleo.com\/hrtrends\/#organization\"}},{\"@type\":\"WebPage\",\"@id\":\"https:\/\/empresas.infoempleo.com\/hrtrends\/inteligencia-artificial-empleo-empresas-espana\/\",\"url\":\"https:\/\/empresas.infoempleo.com\/hrtrends\/inteligencia-artificial-empleo-empresas-espana\/\",\"name\":\"C\u00f3mo la Inteligencia Artificial est\u00e1 transformado el mercado laboral\",\"isPartOf\":{\"@id\":\"https:\/\/empresas.infoempleo.com\/hrtrends\/#website\"},\"primaryImageOfPage\":{\"@id\":\"https:\/\/empresas.infoempleo.com\/hrtrends\/inteligencia-artificial-empleo-empresas-espana\/#primaryimage\"},\"image\":{\"@id\":\"https:\/\/empresas.infoempleo.com\/hrtrends\/inteligencia-artificial-empleo-empresas-espana\/#primaryimage\"},\"thumbnailUrl\":\"https:\/\/empresas.infoempleo.com\/hrtrends\/media\/2025\/12\/Inteligencia-Artificial-y-empleo.jpg\",\"datePublished\":\"2025-12-09T05:30:05+00:00\",\"dateModified\":\"2026-01-12T10:14:50+00:00\",\"description\":\"La IA est\u00e1 reconfigurando el mercado laboral. Conoce el nivel de inserci\u00f3n en las empresas y c\u00f3mo preparar a las plantillas.\",\"breadcrumb\":{\"@id\":\"https:\/\/empresas.infoempleo.com\/hrtrends\/inteligencia-artificial-empleo-empresas-espana\/#breadcrumb\"},\"inLanguage\":\"es\",\"potentialAction\":[{\"@type\":\"ReadAction\",\"target\":[\"https:\/\/empresas.infoempleo.com\/hrtrends\/inteligencia-artificial-empleo-empresas-espana\/\"]}]},{\"@type\":\"ImageObject\",\"inLanguage\":\"es\",\"@id\":\"https:\/\/empresas.infoempleo.com\/hrtrends\/inteligencia-artificial-empleo-empresas-espana\/#primaryimage\",\"url\":\"https:\/\/empresas.infoempleo.com\/hrtrends\/media\/2025\/12\/Inteligencia-Artificial-y-empleo-150x150.jpg\",\"contentUrl\":\"https:\/\/empresas.infoempleo.com\/hrtrends\/media\/2025\/12\/Inteligencia-Artificial-y-empleo-150x150.jpg\",\"width\":150,\"height\":150},{\"@type\":\"BreadcrumbList\",\"@id\":\"https:\/\/empresas.infoempleo.com\/hrtrends\/inteligencia-artificial-empleo-empresas-espana\/#breadcrumb\",\"itemListElement\":[{\"@type\":\"ListItem\",\"position\":1,\"name\":\"Portada\",\"item\":\"https:\/\/empresas.infoempleo.com\/hrtrends\/\"},{\"@type\":\"ListItem\",\"position\":2,\"name\":\"Inteligencia Artificial y empleo: \u00bfEst\u00e1n preparadas las empresas en Espa\u00f1a?\"}]},{\"@type\":\"WebSite\",\"@id\":\"https:\/\/empresas.infoempleo.com\/hrtrends\/#website\",\"url\":\"https:\/\/empresas.infoempleo.com\/hrtrends\",\"name\":\"HRTrends by Infoempleo\",\"description\":\"\",\"publisher\":{\"@id\":\"https:\/\/empresas.infoempleo.com\/hrtrends\/#organization\"},\"potentialAction\":{\"@type\":\"SearchAction\",\"target\":\"https:\/\/empresas.infoempleo.com\/hrtrends\/?s={search_term_string}\",\"query-input\":\"required name=search_term_string\"},\"inLanguage\":\"es\"},{\"@type\":\"Organization\",\"@id\":\"https:\/\/empresas.infoempleo.com\/hrtrends\/#organization\",\"name\":\"Infoempleo\",\"url\":\"https:\/\/www.infoempleo.com\/\",\"logo\":{\"@type\":\"ImageObject\",\"@id\":\"https:\/\/empresas.infoempleo.com\/hrtrends\/#logo\",\"inLanguage\":\"es\",\"url\":\"https:\/\/cdnazure.infoempleo.com\/infoempleo\/assets\/style\/gfx\/logo.svg\",\"contentUrl\":\"https:\/\/cdnazure.infoempleo.com\/infoempleo\/assets\/style\/gfx\/logo.svg\",\"width\":150,\"height\":40,\"caption\":\"Infoempleo\"},\"image\":{\"@id\":\"https:\/\/empresas.infoempleo.com\/hrtrends\/#logo\"},\"sameAs\":[\"https:\/\/www.facebook.com\/Infoempleo\",\"https:\/\/x.com\/infoempleo\",\"http:\/\/instagram.com\/infoempleo\/\",\"http:\/\/www.linkedin.com\/groups\/Empleo-Espa\u00f1a-Infoempleocom-111276\",\"http:\/\/pinterest.com\/infoempleo\/\"],\"address\":{\"@type\":\"PostalAddress\",\"addressLocality\":\"Madrid\",\"postalCode\":\"28050\",\"streetAddress\":\"Avenida de Burgos 114\"},\"brand\":[\"Infoempleo\"]},{\"@type\":\"Person\",\"@id\":\"https:\/\/empresas.infoempleo.com\/hrtrends\/#\/schema\/person\/4e46e960319e61d74737b4371bed2d9e\",\"name\":\"Mayte Guill\u00e9n\",\"image\":{\"@type\":\"ImageObject\",\"inLanguage\":\"es\",\"@id\":\"https:\/\/empresas.infoempleo.com\/hrtrends\/#\/schema\/person\/image\/\",\"url\":\"https:\/\/secure.gravatar.com\/avatar\/65b5a8d69d8ba2b4ada3ebca81086320c804f708633e50c9630548bdbfb2a7c4?s=96&d=mm&r=g\",\"contentUrl\":\"https:\/\/secure.gravatar.com\/avatar\/65b5a8d69d8ba2b4ada3ebca81086320c804f708633e50c9630548bdbfb2a7c4?s=96&d=mm&r=g\",\"caption\":\"Mayte Guill\u00e9n\"},\"description\":\"Escribo sobre empleo, formaci\u00f3n y Recursos Humanos, y las sinergias que existen entre estos mundos. Me gusta pensar que con mi trabajo ayudo a las personas a mejorar su futuro laboral. Responsable de Contenidos y Estudios en Infoempleo.\",\"sameAs\":[\"https:\/\/www.linkedin.com\/in\/mayteguillen\/\",\"https:\/\/x.com\/mayteguillen\"],\"url\":\"https:\/\/empresas.infoempleo.com\/hrtrends\/author\/mayte-guillen\/\"}]}<\/script>\n<!-- \/ Yoast SEO plugin. -->","yoast_head_json":{"title":"C\u00f3mo la Inteligencia Artificial est\u00e1 transformado el mercado laboral","description":"La IA est\u00e1 reconfigurando el mercado laboral. Conoce el nivel de inserci\u00f3n en las empresas y c\u00f3mo preparar a las plantillas.","robots":{"index":"index","follow":"follow","max-snippet":"max-snippet:-1","max-image-preview":"max-image-preview:large","max-video-preview":"max-video-preview:-1"},"canonical":"https:\/\/empresas.infoempleo.com\/hrtrends\/inteligencia-artificial-empleo-empresas-espana\/","og_locale":"es_ES","og_type":"article","og_title":"C\u00f3mo la Inteligencia Artificial est\u00e1 transformado el mercado laboral","og_description":"La IA est\u00e1 reconfigurando el mercado laboral. Conoce el nivel de inserci\u00f3n en las empresas y c\u00f3mo preparar a las plantillas.","og_url":"https:\/\/empresas.infoempleo.com\/hrtrends\/inteligencia-artificial-empleo-empresas-espana\/","og_site_name":"HRTRENDS","article_publisher":"https:\/\/www.facebook.com\/Infoempleo","article_published_time":"2025-12-09T05:30:05+00:00","article_modified_time":"2026-01-12T10:14:50+00:00","og_image":[{"width":917,"height":458,"url":"https:\/\/empresas.infoempleo.com\/hrtrends\/media\/2025\/12\/Inteligencia-Artificial-y-empleo.jpg","type":"image\/jpeg"}],"author":"Mayte Guill\u00e9n","twitter_card":"summary_large_image","twitter_creator":"@mayteguillen","twitter_site":"@infoempleo","twitter_misc":{"Escrito por":"Mayte Guill\u00e9n","Tiempo de lectura":"4 minutos"},"schema":{"@context":"https:\/\/schema.org","@graph":[{"@type":"NewsArticle","@id":"https:\/\/empresas.infoempleo.com\/hrtrends\/inteligencia-artificial-empleo-empresas-espana\/#article","isPartOf":{"@id":"https:\/\/empresas.infoempleo.com\/hrtrends\/inteligencia-artificial-empleo-empresas-espana\/"},"author":{"name":"Mayte Guill\u00e9n","@id":"https:\/\/empresas.infoempleo.com\/hrtrends\/#\/schema\/person\/4e46e960319e61d74737b4371bed2d9e"},"headline":"Inteligencia Artificial y empleo: \u00bfEst\u00e1n preparadas las empresas en Espa\u00f1a?","datePublished":"2025-12-09T05:30:05+00:00","dateModified":"2026-01-12T10:14:50+00:00","mainEntityOfPage":{"@id":"https:\/\/empresas.infoempleo.com\/hrtrends\/inteligencia-artificial-empleo-empresas-espana\/"},"wordCount":814,"publisher":{"@id":"https:\/\/empresas.infoempleo.com\/hrtrends\/#organization"},"image":{"@id":"https:\/\/empresas.infoempleo.com\/hrtrends\/inteligencia-artificial-empleo-empresas-espana\/#primaryimage"},"thumbnailUrl":"https:\/\/empresas.infoempleo.com\/hrtrends\/media\/2025\/12\/Inteligencia-Artificial-y-empleo.jpg","keywords":["IA en las empresas","IA y empleo","Informe Infoempleo Adecco"],"articleSection":["Digitalizaci\u00f3n en RRHH"],"inLanguage":"es","copyrightYear":"2025","copyrightHolder":{"@id":"https:\/\/empresas.infoempleo.com\/hrtrends\/#organization"}},{"@type":"WebPage","@id":"https:\/\/empresas.infoempleo.com\/hrtrends\/inteligencia-artificial-empleo-empresas-espana\/","url":"https:\/\/empresas.infoempleo.com\/hrtrends\/inteligencia-artificial-empleo-empresas-espana\/","name":"C\u00f3mo la Inteligencia Artificial est\u00e1 transformado el mercado laboral","isPartOf":{"@id":"https:\/\/empresas.infoempleo.com\/hrtrends\/#website"},"primaryImageOfPage":{"@id":"https:\/\/empresas.infoempleo.com\/hrtrends\/inteligencia-artificial-empleo-empresas-espana\/#primaryimage"},"image":{"@id":"https:\/\/empresas.infoempleo.com\/hrtrends\/inteligencia-artificial-empleo-empresas-espana\/#primaryimage"},"thumbnailUrl":"https:\/\/empresas.infoempleo.com\/hrtrends\/media\/2025\/12\/Inteligencia-Artificial-y-empleo.jpg","datePublished":"2025-12-09T05:30:05+00:00","dateModified":"2026-01-12T10:14:50+00:00","description":"La IA est\u00e1 reconfigurando el mercado laboral. Conoce el nivel de inserci\u00f3n en las empresas y c\u00f3mo preparar a las plantillas.","breadcrumb":{"@id":"https:\/\/empresas.infoempleo.com\/hrtrends\/inteligencia-artificial-empleo-empresas-espana\/#breadcrumb"},"inLanguage":"es","potentialAction":[{"@type":"ReadAction","target":["https:\/\/empresas.infoempleo.com\/hrtrends\/inteligencia-artificial-empleo-empresas-espana\/"]}]},{"@type":"ImageObject","inLanguage":"es","@id":"https:\/\/empresas.infoempleo.com\/hrtrends\/inteligencia-artificial-empleo-empresas-espana\/#primaryimage","url":"https:\/\/empresas.infoempleo.com\/hrtrends\/media\/2025\/12\/Inteligencia-Artificial-y-empleo-150x150.jpg","contentUrl":"https:\/\/empresas.infoempleo.com\/hrtrends\/media\/2025\/12\/Inteligencia-Artificial-y-empleo-150x150.jpg","width":150,"height":150},{"@type":"BreadcrumbList","@id":"https:\/\/empresas.infoempleo.com\/hrtrends\/inteligencia-artificial-empleo-empresas-espana\/#breadcrumb","itemListElement":[{"@type":"ListItem","position":1,"name":"Portada","item":"https:\/\/empresas.infoempleo.com\/hrtrends\/"},{"@type":"ListItem","position":2,"name":"Inteligencia Artificial y empleo: \u00bfEst\u00e1n preparadas las empresas en Espa\u00f1a?"}]},{"@type":"WebSite","@id":"https:\/\/empresas.infoempleo.com\/hrtrends\/#website","url":"https:\/\/empresas.infoempleo.com\/hrtrends","name":"HRTrends by Infoempleo","description":"","publisher":{"@id":"https:\/\/empresas.infoempleo.com\/hrtrends\/#organization"},"potentialAction":{"@type":"SearchAction","target":"https:\/\/empresas.infoempleo.com\/hrtrends\/?s={search_term_string}","query-input":"required name=search_term_string"},"inLanguage":"es"},{"@type":"Organization","@id":"https:\/\/empresas.infoempleo.com\/hrtrends\/#organization","name":"Infoempleo","url":"https:\/\/www.infoempleo.com\/","logo":{"@type":"ImageObject","@id":"https:\/\/empresas.infoempleo.com\/hrtrends\/#logo","inLanguage":"es","url":"https:\/\/cdnazure.infoempleo.com\/infoempleo\/assets\/style\/gfx\/logo.svg","contentUrl":"https:\/\/cdnazure.infoempleo.com\/infoempleo\/assets\/style\/gfx\/logo.svg","width":150,"height":40,"caption":"Infoempleo"},"image":{"@id":"https:\/\/empresas.infoempleo.com\/hrtrends\/#logo"},"sameAs":["https:\/\/www.facebook.com\/Infoempleo","https:\/\/x.com\/infoempleo","http:\/\/instagram.com\/infoempleo\/","http:\/\/www.linkedin.com\/groups\/Empleo-Espa\u00f1a-Infoempleocom-111276","http:\/\/pinterest.com\/infoempleo\/"],"address":{"@type":"PostalAddress","addressLocality":"Madrid","postalCode":"28050","streetAddress":"Avenida de Burgos 114"},"brand":["Infoempleo"]},{"@type":"Person","@id":"https:\/\/empresas.infoempleo.com\/hrtrends\/#\/schema\/person\/4e46e960319e61d74737b4371bed2d9e","name":"Mayte Guill\u00e9n","image":{"@type":"ImageObject","inLanguage":"es","@id":"https:\/\/empresas.infoempleo.com\/hrtrends\/#\/schema\/person\/image\/","url":"https:\/\/secure.gravatar.com\/avatar\/65b5a8d69d8ba2b4ada3ebca81086320c804f708633e50c9630548bdbfb2a7c4?s=96&d=mm&r=g","contentUrl":"https:\/\/secure.gravatar.com\/avatar\/65b5a8d69d8ba2b4ada3ebca81086320c804f708633e50c9630548bdbfb2a7c4?s=96&d=mm&r=g","caption":"Mayte Guill\u00e9n"},"description":"Escribo sobre empleo, formaci\u00f3n y Recursos Humanos, y las sinergias que existen entre estos mundos. Me gusta pensar que con mi trabajo ayudo a las personas a mejorar su futuro laboral. Responsable de Contenidos y Estudios en Infoempleo.","sameAs":["https:\/\/www.linkedin.com\/in\/mayteguillen\/","https:\/\/x.com\/mayteguillen"],"url":"https:\/\/empresas.infoempleo.com\/hrtrends\/author\/mayte-guillen\/"}]}},"amp_enabled":true,"_links":{"self":[{"href":"https:\/\/empresas.infoempleo.com\/hrtrends\/wp-json\/wp\/v2\/posts\/47319","targetHints":{"allow":["GET"]}}],"collection":[{"href":"https:\/\/empresas.infoempleo.com\/hrtrends\/wp-json\/wp\/v2\/posts"}],"about":[{"href":"https:\/\/empresas.infoempleo.com\/hrtrends\/wp-json\/wp\/v2\/types\/post"}],"author":[{"embeddable":true,"href":"https:\/\/empresas.infoempleo.com\/hrtrends\/wp-json\/wp\/v2\/users\/27"}],"replies":[{"embeddable":true,"href":"https:\/\/empresas.infoempleo.com\/hrtrends\/wp-json\/wp\/v2\/comments?post=47319"}],"version-history":[{"count":9,"href":"https:\/\/empresas.infoempleo.com\/hrtrends\/wp-json\/wp\/v2\/posts\/47319\/revisions"}],"predecessor-version":[{"id":47330,"href":"https:\/\/empresas.infoempleo.com\/hrtrends\/wp-json\/wp\/v2\/posts\/47319\/revisions\/47330"}],"wp:featuredmedia":[{"embeddable":true,"href":"https:\/\/empresas.infoempleo.com\/hrtrends\/wp-json\/wp\/v2\/media\/47326"}],"wp:attachment":[{"href":"https:\/\/empresas.infoempleo.com\/hrtrends\/wp-json\/wp\/v2\/media?parent=47319"}],"wp:term":[{"taxonomy":"category","embeddable":true,"href":"https:\/\/empresas.infoempleo.com\/hrtrends\/wp-json\/wp\/v2\/categories?post=47319"},{"taxonomy":"post_tag","embeddable":true,"href":"https:\/\/empresas.infoempleo.com\/hrtrends\/wp-json\/wp\/v2\/tags?post=47319"}],"curies":[{"name":"wp","href":"https:\/\/api.w.org\/{rel}","templated":true}]}}