{"id":46994,"date":"2025-09-09T07:30:28","date_gmt":"2025-09-09T05:30:28","guid":{"rendered":"https:\/\/empresas.infoempleo.com\/hrtrends\/?p=46994"},"modified":"2025-09-30T16:46:57","modified_gmt":"2025-09-30T14:46:57","slug":"herramienta-onu-igualdad-diversidad-empresas","status":"publish","type":"post","link":"https:\/\/empresas.infoempleo.com\/hrtrends\/herramienta-onu-igualdad-diversidad-empresas\/","title":{"rendered":"C\u00f3mo avanzar en igualdad en tu empresa: descubre la nueva herramienta del Pacto Mundial de la ONU"},"content":{"rendered":"<p data-start=\"151\" data-end=\"227\"><span class=\"relative -mx-px my-[-0.2rem] rounded px-px py-[0.2rem] transition-colors duration-100 ease-in-out\">\u00bfC\u00f3mo medir la igualdad en la empresa? El Pacto Mundial, la iniciativa de la ONU que lidera la sostenibilidad empresarial en el mundo, ha lanzado una <strong data-start=\"222\" data-end=\"274\">herramienta gratuita de autoevaluaci\u00f3n<\/strong> llamada <em>Herramienta de An\u00e1lisis de No Discriminaci\u00f3n e Igualdad<\/em>, dise\u00f1ada para ayudar a las organizaciones a identificar brechas, medir su progreso y reforzar pol\u00edticas que promueven la igualdad de oportunidades en el lugar de trabajo.\u00a0<\/span><\/p>\n<h2 data-start=\"229\" data-end=\"267\">\u00bfEn qu\u00e9 consiste esta herramienta de evaluaci\u00f3n de la igualdad?<\/h2>\n<p data-start=\"269\" data-end=\"345\"><span class=\"relative -mx-px my-[-0.2rem] rounded px-px py-[0.2rem] transition-colors duration-100 ease-in-out\">Se trata de un cuestionario online, al que puedes acceder desde cualquier dispositivo, que te gu\u00eda por <strong>13 \u00e1reas clave relacionadas con la igualdad y la no discriminaci\u00f3n<\/strong>. No importa el tama\u00f1o o el sector de tu organizaci\u00f3n: est\u00e1 pensada para que cualquier empresa pueda autoevaluarse. La herramienta permite analizar\u00a0pol\u00edticas internas en igualdad, identificar d\u00f3nde est\u00e1s acertando y d\u00f3nde a\u00fan puedes avanzar, compararte con empresas similares y est\u00e1ndares globales y planificar mejoras para arraigar la igualdad en la cultura corporativa.\u00a0<\/span><\/p>\n<p data-start=\"269\" data-end=\"345\">El <a href=\"https:\/\/www.pactomundial.org\/noticia\/herramienta-analisis-no-discriminacion-igualdad\/#como-funciona-pasos-para-realizar-la-autoevaluacion\" target=\"_blank\" rel=\"noopener\"><strong>Pacto Mundial<\/strong><\/a> lo define como un recurso pr\u00e1ctico que permite a las empresas <strong data-start=\"1380\" data-end=\"1477\">alinear sus pol\u00edticas con los derechos humanos y los Objetivos de Desarrollo Sostenible (ODS)<\/strong>, especialmente el ODS 5 (Igualdad de g\u00e9nero) y el ODS 10 (Reducci\u00f3n de desigualdades).<\/p>\n<h2 data-start=\"547\" data-end=\"589\">\u00bfPor qu\u00e9 es tan importante ahora?<\/h2>\n<p data-start=\"1644\" data-end=\"1789\">La herramienta <strong>puede ayudarte a cumplir con la normativa en materia de igualdad y diversidad <\/strong>que ha entrado en vigor recientemente en Espa\u00f1a. Destacan tres leyes:<\/p>\n<ul data-start=\"1790\" data-end=\"2052\">\n<li data-start=\"1790\" data-end=\"1898\">\n<p data-start=\"1792\" data-end=\"1898\"><strong data-start=\"1792\" data-end=\"1806\">Ley 4\/2023<\/strong>, para la igualdad real y efectiva de las personas trans y garant\u00eda de los derechos LGTBI.<\/p>\n<\/li>\n<li data-start=\"1899\" data-end=\"1972\">\n<p data-start=\"1901\" data-end=\"1972\"><strong data-start=\"1901\" data-end=\"1925\">Ley Org\u00e1nica 10\/2022<\/strong>, de garant\u00eda integral de la libertad sexual.<\/p>\n<\/li>\n<li data-start=\"1973\" data-end=\"2052\">\n<p data-start=\"1975\" data-end=\"2052\"><strong data-start=\"1975\" data-end=\"1990\">Ley 15\/2022<\/strong>, integral para la igualdad de trato y la no discriminaci\u00f3n.<\/p>\n<\/li>\n<\/ul>\n<p data-start=\"2054\" data-end=\"2320\">Este nuevo marco legal obliga a las compa\u00f1\u00edas a revisar sus pol\u00edticas internas, por lo que la herramienta de autoevaluaci\u00f3n puede ayudar a crear modelos que eviten riesgos legales.<\/p>\n<h2 data-start=\"1022\" data-end=\"1080\">\u00bfC\u00f3mo llevarla a cabo este autodiagn\u00f3stico?<\/h2>\n<p data-start=\"1082\" data-end=\"1121\"><span class=\"relative -mx-px my-[-0.2rem] rounded px-px py-[0.2rem] transition-colors duration-100 ease-in-out\">Aunque no se especifican todos los pasos en detalle, el proceso de autoevaluaci\u00f3n es muy intuitivo. Se resume en cuatro puntos principales:<\/span><\/p>\n<ol>\n<li><span class=\"relative -mx-px my-[-0.2rem] rounded px-px py-[0.2rem] transition-colors duration-100 ease-in-out\">Accede al cuestionario en l\u00ednea y an\u00f3nimo, desde cualquier dispositivo.<\/span><\/li>\n<li><span class=\"relative -mx-px my-[-0.2rem] rounded px-px py-[0.2rem] transition-colors duration-100 ease-in-out\">Responde preguntas sobre tus pol\u00edticas, cultura, pr\u00e1cticas diarias&#8230;<\/span><\/li>\n<li><span class=\"relative -mx-px my-[-0.2rem] rounded px-px py-[0.2rem] transition-colors duration-100 ease-in-out\">Revisa los resultados: identifica tanto los puntos fuertes como las \u00e1reas a mejorar.<\/span><\/li>\n<li><span class=\"relative -mx-px my-[-0.2rem] rounded px-px py-[0.2rem] transition-colors duration-100 ease-in-out\">Elabora un plan de acci\u00f3n con base en los hallazgos, compar\u00e1ndote con otras empresas y est\u00e1ndares globales.<\/span><\/li>\n<\/ol>\n<p data-start=\"1302\" data-end=\"1341\"><span class=\"relative -mx-px my-[-0.2rem] rounded px-px py-[0.2rem] transition-colors duration-100 ease-in-out\">Este sencillo camino permite pasar de un diagn\u00f3stico a la acci\u00f3n real, fomentando cambios profundos y sostenibles en la organizaci\u00f3n.<\/span><\/p>\n<h2 data-start=\"1343\" data-end=\"1388\">\u00bfQu\u00e9 puede ganar tu empresa con esta iniciativa?<\/h2>\n<ul data-start=\"1390\" data-end=\"1598\">\n<li data-start=\"1390\" data-end=\"1431\">\n<p data-start=\"1392\" data-end=\"1431\"><span class=\"relative -mx-px my-[-0.2rem] rounded px-px py-[0.2rem] transition-colors duration-100 ease-in-out\"><strong data-start=\"0\" data-end=\"37\" data-is-only-node=\"\">Visibilidad y reputaci\u00f3n positiva<\/strong>: mostrar un compromiso real con la <a href=\"https:\/\/empresas.infoempleo.com\/hrtrends\/estrategias-dei-para-potenciar-la-diversidad-equidad-e-inclusion-en-las-empresas\/\" target=\"_blank\" rel=\"noopener\">igualdad y los ODS<\/a> (Objetivos de Desarrollo Sostenible) mejora la percepci\u00f3n interna y externa.<\/span><\/p>\n<\/li>\n<li data-start=\"1432\" data-end=\"1473\">\n<p data-start=\"1434\" data-end=\"1473\"><span class=\"relative -mx-px my-[-0.2rem] rounded px-px py-[0.2rem] transition-colors duration-100 ease-in-out\"><strong data-start=\"0\" data-end=\"22\" data-is-only-node=\"\">Ambiente inclusivo<\/strong>: equipos diversos se sienten m\u00e1s valorados, lo que genera mayor retenci\u00f3n y bienestar laboral.<\/span><\/p>\n<\/li>\n<li data-start=\"1474\" data-end=\"1515\">\n<p data-start=\"1476\" data-end=\"1515\"><span class=\"relative -mx-px my-[-0.2rem] rounded px-px py-[0.2rem] transition-colors duration-100 ease-in-out\"><strong data-start=\"0\" data-end=\"28\" data-is-only-node=\"\">Innovaci\u00f3n y creatividad<\/strong>: la diversidad impulsa nuevas ideas y soluciones desde diferentes perspectivas.<\/span><\/p>\n<\/li>\n<li data-start=\"1516\" data-end=\"1598\">\n<p data-start=\"1518\" data-end=\"1598\"><span class=\"relative -mx-px my-[-0.2rem] rounded px-px py-[0.2rem] transition-colors duration-100 ease-in-out\"><strong data-start=\"0\" data-end=\"45\" data-is-only-node=\"\">Fortalecimiento del liderazgo responsable<\/strong>: se alinea con los Principios del Pacto Mundial y los ODS, especialmente el ODS 5 (Igualdad de g\u00e9nero) y el ODS 10 (Reducci\u00f3n de desigualdades).<\/span><\/p>\n<\/li>\n<\/ul>\n<p data-start=\"1658\" data-end=\"1889\">En plena transformaci\u00f3n cultural y regulatoria, esta herramienta gratuita puede ser un gran punto de partida para liderar con prop\u00f3sito, armonizar pr\u00e1cticas inclusivas y fortalecer el compromiso empresarial con los derechos humanos y la igualdad.<\/p>\n","protected":false},"excerpt":{"rendered":"<p>\u00bfC\u00f3mo medir la igualdad en la empresa? El Pacto Mundial, la iniciativa de la ONU que lidera la<a class=\"moretag\" href=\"https:\/\/empresas.infoempleo.com\/hrtrends\/herramienta-onu-igualdad-diversidad-empresas\/\"> Leer m\u00e1s<\/a><\/p>\n","protected":false},"author":27,"featured_media":47004,"comment_status":"closed","ping_status":"closed","sticky":false,"template":"","format":"standard","meta":{"footnotes":""},"categories":[3],"tags":[1238,3808,3807,2695],"class_list":["post-46994","post","type-post","status-publish","format-standard","has-post-thumbnail","hentry","category-actualidad","tag-diversidad","tag-onu","tag-pacto-mundial","tag-planes-de-igualdad"],"yoast_head":"<!-- This site is optimized with the Yoast SEO plugin v26.1.1 - https:\/\/yoast.com\/wordpress\/plugins\/seo\/ -->\n<title>Nueva herramienta de la ONU para evaluar la igualdad en las empresas<\/title>\n<meta name=\"description\" content=\"Descubre la herramienta del Pacto Mundial de la ONU que ayuda a las empresas a avanzar en igualdad, diversidad y no discriminaci\u00f3n\" \/>\n<meta name=\"robots\" content=\"index, follow, max-snippet:-1, max-image-preview:large, max-video-preview:-1\" \/>\n<link rel=\"canonical\" href=\"https:\/\/empresas.infoempleo.com\/hrtrends\/herramienta-onu-igualdad-diversidad-empresas\/\" \/>\n<meta property=\"og:locale\" content=\"es_ES\" \/>\n<meta property=\"og:type\" content=\"article\" \/>\n<meta property=\"og:title\" content=\"Nueva herramienta de la ONU para evaluar la igualdad en las empresas\" \/>\n<meta property=\"og:description\" content=\"Descubre la herramienta del Pacto Mundial de la ONU que ayuda a las empresas a avanzar en igualdad, diversidad y no discriminaci\u00f3n\" \/>\n<meta property=\"og:url\" content=\"https:\/\/empresas.infoempleo.com\/hrtrends\/herramienta-onu-igualdad-diversidad-empresas\/\" \/>\n<meta property=\"og:site_name\" content=\"HRTRENDS\" \/>\n<meta property=\"article:publisher\" content=\"https:\/\/www.facebook.com\/Infoempleo\" \/>\n<meta property=\"article:published_time\" content=\"2025-09-09T05:30:28+00:00\" \/>\n<meta property=\"article:modified_time\" content=\"2025-09-30T14:46:57+00:00\" \/>\n<meta property=\"og:image\" content=\"https:\/\/empresas.infoempleo.com\/hrtrends\/media\/2025\/09\/Equipo-que-disfruta-de-igualdad-en-su-empresa.jpg\" \/>\n\t<meta property=\"og:image:width\" content=\"1500\" \/>\n\t<meta property=\"og:image:height\" content=\"1000\" \/>\n\t<meta property=\"og:image:type\" content=\"image\/jpeg\" \/>\n<meta name=\"author\" content=\"Mayte Guill\u00e9n\" \/>\n<meta name=\"twitter:card\" content=\"summary_large_image\" \/>\n<meta name=\"twitter:creator\" content=\"@mayteguillen\" \/>\n<meta name=\"twitter:site\" content=\"@infoempleo\" \/>\n<meta name=\"twitter:label1\" content=\"Escrito por\" \/>\n\t<meta name=\"twitter:data1\" content=\"Mayte Guill\u00e9n\" \/>\n\t<meta name=\"twitter:label2\" content=\"Tiempo de lectura\" \/>\n\t<meta name=\"twitter:data2\" content=\"3 minutos\" \/>\n<script type=\"application\/ld+json\" class=\"yoast-schema-graph\">{\"@context\":\"https:\/\/schema.org\",\"@graph\":[{\"@type\":\"NewsArticle\",\"@id\":\"https:\/\/empresas.infoempleo.com\/hrtrends\/herramienta-onu-igualdad-diversidad-empresas\/#article\",\"isPartOf\":{\"@id\":\"https:\/\/empresas.infoempleo.com\/hrtrends\/herramienta-onu-igualdad-diversidad-empresas\/\"},\"author\":{\"name\":\"Mayte Guill\u00e9n\",\"@id\":\"https:\/\/empresas.infoempleo.com\/hrtrends\/#\/schema\/person\/4e46e960319e61d74737b4371bed2d9e\"},\"headline\":\"C\u00f3mo avanzar en igualdad en tu empresa: descubre la nueva herramienta del Pacto Mundial de la ONU\",\"datePublished\":\"2025-09-09T05:30:28+00:00\",\"dateModified\":\"2025-09-30T14:46:57+00:00\",\"mainEntityOfPage\":{\"@id\":\"https:\/\/empresas.infoempleo.com\/hrtrends\/herramienta-onu-igualdad-diversidad-empresas\/\"},\"wordCount\":582,\"publisher\":{\"@id\":\"https:\/\/empresas.infoempleo.com\/hrtrends\/#organization\"},\"image\":{\"@id\":\"https:\/\/empresas.infoempleo.com\/hrtrends\/herramienta-onu-igualdad-diversidad-empresas\/#primaryimage\"},\"thumbnailUrl\":\"https:\/\/empresas.infoempleo.com\/hrtrends\/media\/2025\/09\/Equipo-que-disfruta-de-igualdad-en-su-empresa.jpg\",\"keywords\":[\"Diversidad\",\"ONU\",\"Pacto Mundial\",\"Planes de igualdad\"],\"articleSection\":[\"Actualidad\"],\"inLanguage\":\"es\",\"copyrightYear\":\"2025\",\"copyrightHolder\":{\"@id\":\"https:\/\/empresas.infoempleo.com\/hrtrends\/#organization\"}},{\"@type\":\"WebPage\",\"@id\":\"https:\/\/empresas.infoempleo.com\/hrtrends\/herramienta-onu-igualdad-diversidad-empresas\/\",\"url\":\"https:\/\/empresas.infoempleo.com\/hrtrends\/herramienta-onu-igualdad-diversidad-empresas\/\",\"name\":\"Nueva herramienta de la ONU para evaluar la igualdad en las empresas\",\"isPartOf\":{\"@id\":\"https:\/\/empresas.infoempleo.com\/hrtrends\/#website\"},\"primaryImageOfPage\":{\"@id\":\"https:\/\/empresas.infoempleo.com\/hrtrends\/herramienta-onu-igualdad-diversidad-empresas\/#primaryimage\"},\"image\":{\"@id\":\"https:\/\/empresas.infoempleo.com\/hrtrends\/herramienta-onu-igualdad-diversidad-empresas\/#primaryimage\"},\"thumbnailUrl\":\"https:\/\/empresas.infoempleo.com\/hrtrends\/media\/2025\/09\/Equipo-que-disfruta-de-igualdad-en-su-empresa.jpg\",\"datePublished\":\"2025-09-09T05:30:28+00:00\",\"dateModified\":\"2025-09-30T14:46:57+00:00\",\"description\":\"Descubre la herramienta del Pacto Mundial de la ONU que ayuda a las empresas a avanzar en igualdad, diversidad y no discriminaci\u00f3n\",\"breadcrumb\":{\"@id\":\"https:\/\/empresas.infoempleo.com\/hrtrends\/herramienta-onu-igualdad-diversidad-empresas\/#breadcrumb\"},\"inLanguage\":\"es\",\"potentialAction\":[{\"@type\":\"ReadAction\",\"target\":[\"https:\/\/empresas.infoempleo.com\/hrtrends\/herramienta-onu-igualdad-diversidad-empresas\/\"]}]},{\"@type\":\"ImageObject\",\"inLanguage\":\"es\",\"@id\":\"https:\/\/empresas.infoempleo.com\/hrtrends\/herramienta-onu-igualdad-diversidad-empresas\/#primaryimage\",\"url\":\"https:\/\/empresas.infoempleo.com\/hrtrends\/media\/2025\/09\/Equipo-que-disfruta-de-igualdad-en-su-empresa-150x150.jpg\",\"contentUrl\":\"https:\/\/empresas.infoempleo.com\/hrtrends\/media\/2025\/09\/Equipo-que-disfruta-de-igualdad-en-su-empresa-150x150.jpg\",\"width\":150,\"height\":150,\"caption\":\"Equipo que disfruta de igualdad en su empresa\"},{\"@type\":\"BreadcrumbList\",\"@id\":\"https:\/\/empresas.infoempleo.com\/hrtrends\/herramienta-onu-igualdad-diversidad-empresas\/#breadcrumb\",\"itemListElement\":[{\"@type\":\"ListItem\",\"position\":1,\"name\":\"Portada\",\"item\":\"https:\/\/empresas.infoempleo.com\/hrtrends\/\"},{\"@type\":\"ListItem\",\"position\":2,\"name\":\"C\u00f3mo avanzar en igualdad en tu empresa: descubre la nueva herramienta del Pacto Mundial de la ONU\"}]},{\"@type\":\"WebSite\",\"@id\":\"https:\/\/empresas.infoempleo.com\/hrtrends\/#website\",\"url\":\"https:\/\/empresas.infoempleo.com\/hrtrends\",\"name\":\"HRTrends by Infoempleo\",\"description\":\"\",\"publisher\":{\"@id\":\"https:\/\/empresas.infoempleo.com\/hrtrends\/#organization\"},\"potentialAction\":{\"@type\":\"SearchAction\",\"target\":\"https:\/\/empresas.infoempleo.com\/hrtrends\/?s={search_term_string}\",\"query-input\":\"required name=search_term_string\"},\"inLanguage\":\"es\"},{\"@type\":\"Organization\",\"@id\":\"https:\/\/empresas.infoempleo.com\/hrtrends\/#organization\",\"name\":\"Infoempleo\",\"url\":\"https:\/\/www.infoempleo.com\/\",\"logo\":{\"@type\":\"ImageObject\",\"@id\":\"https:\/\/empresas.infoempleo.com\/hrtrends\/#logo\",\"inLanguage\":\"es\",\"url\":\"https:\/\/cdnazure.infoempleo.com\/infoempleo\/assets\/style\/gfx\/logo.svg\",\"contentUrl\":\"https:\/\/cdnazure.infoempleo.com\/infoempleo\/assets\/style\/gfx\/logo.svg\",\"width\":150,\"height\":40,\"caption\":\"Infoempleo\"},\"image\":{\"@id\":\"https:\/\/empresas.infoempleo.com\/hrtrends\/#logo\"},\"sameAs\":[\"https:\/\/www.facebook.com\/Infoempleo\",\"https:\/\/x.com\/infoempleo\",\"http:\/\/instagram.com\/infoempleo\/\",\"http:\/\/www.linkedin.com\/groups\/Empleo-Espa\u00f1a-Infoempleocom-111276\",\"http:\/\/pinterest.com\/infoempleo\/\"],\"address\":{\"@type\":\"PostalAddress\",\"addressLocality\":\"Madrid\",\"postalCode\":\"28050\",\"streetAddress\":\"Avenida de Burgos 114\"},\"brand\":[\"Infoempleo\"]},{\"@type\":\"Person\",\"@id\":\"https:\/\/empresas.infoempleo.com\/hrtrends\/#\/schema\/person\/4e46e960319e61d74737b4371bed2d9e\",\"name\":\"Mayte Guill\u00e9n\",\"image\":{\"@type\":\"ImageObject\",\"inLanguage\":\"es\",\"@id\":\"https:\/\/empresas.infoempleo.com\/hrtrends\/#\/schema\/person\/image\/\",\"url\":\"https:\/\/secure.gravatar.com\/avatar\/65b5a8d69d8ba2b4ada3ebca81086320c804f708633e50c9630548bdbfb2a7c4?s=96&d=mm&r=g\",\"contentUrl\":\"https:\/\/secure.gravatar.com\/avatar\/65b5a8d69d8ba2b4ada3ebca81086320c804f708633e50c9630548bdbfb2a7c4?s=96&d=mm&r=g\",\"caption\":\"Mayte Guill\u00e9n\"},\"description\":\"Escribo sobre empleo, formaci\u00f3n y Recursos Humanos, y las sinergias que existen entre estos mundos. Me gusta pensar que con mi trabajo ayudo a las personas a mejorar su futuro laboral. Responsable de Contenidos y Estudios en Infoempleo.\",\"sameAs\":[\"https:\/\/www.linkedin.com\/in\/mayteguillen\/\",\"https:\/\/x.com\/mayteguillen\"],\"url\":\"https:\/\/empresas.infoempleo.com\/hrtrends\/author\/mayte-guillen\/\"}]}<\/script>\n<!-- \/ Yoast SEO plugin. -->","yoast_head_json":{"title":"Nueva herramienta de la ONU para evaluar la igualdad en las empresas","description":"Descubre la herramienta del Pacto Mundial de la ONU que ayuda a las empresas a avanzar en igualdad, diversidad y no discriminaci\u00f3n","robots":{"index":"index","follow":"follow","max-snippet":"max-snippet:-1","max-image-preview":"max-image-preview:large","max-video-preview":"max-video-preview:-1"},"canonical":"https:\/\/empresas.infoempleo.com\/hrtrends\/herramienta-onu-igualdad-diversidad-empresas\/","og_locale":"es_ES","og_type":"article","og_title":"Nueva herramienta de la ONU para evaluar la igualdad en las empresas","og_description":"Descubre la herramienta del Pacto Mundial de la ONU que ayuda a las empresas a avanzar en igualdad, diversidad y no discriminaci\u00f3n","og_url":"https:\/\/empresas.infoempleo.com\/hrtrends\/herramienta-onu-igualdad-diversidad-empresas\/","og_site_name":"HRTRENDS","article_publisher":"https:\/\/www.facebook.com\/Infoempleo","article_published_time":"2025-09-09T05:30:28+00:00","article_modified_time":"2025-09-30T14:46:57+00:00","og_image":[{"width":1500,"height":1000,"url":"https:\/\/empresas.infoempleo.com\/hrtrends\/media\/2025\/09\/Equipo-que-disfruta-de-igualdad-en-su-empresa.jpg","type":"image\/jpeg"}],"author":"Mayte Guill\u00e9n","twitter_card":"summary_large_image","twitter_creator":"@mayteguillen","twitter_site":"@infoempleo","twitter_misc":{"Escrito por":"Mayte Guill\u00e9n","Tiempo de lectura":"3 minutos"},"schema":{"@context":"https:\/\/schema.org","@graph":[{"@type":"NewsArticle","@id":"https:\/\/empresas.infoempleo.com\/hrtrends\/herramienta-onu-igualdad-diversidad-empresas\/#article","isPartOf":{"@id":"https:\/\/empresas.infoempleo.com\/hrtrends\/herramienta-onu-igualdad-diversidad-empresas\/"},"author":{"name":"Mayte Guill\u00e9n","@id":"https:\/\/empresas.infoempleo.com\/hrtrends\/#\/schema\/person\/4e46e960319e61d74737b4371bed2d9e"},"headline":"C\u00f3mo avanzar en igualdad en tu empresa: descubre la nueva herramienta del Pacto Mundial de la ONU","datePublished":"2025-09-09T05:30:28+00:00","dateModified":"2025-09-30T14:46:57+00:00","mainEntityOfPage":{"@id":"https:\/\/empresas.infoempleo.com\/hrtrends\/herramienta-onu-igualdad-diversidad-empresas\/"},"wordCount":582,"publisher":{"@id":"https:\/\/empresas.infoempleo.com\/hrtrends\/#organization"},"image":{"@id":"https:\/\/empresas.infoempleo.com\/hrtrends\/herramienta-onu-igualdad-diversidad-empresas\/#primaryimage"},"thumbnailUrl":"https:\/\/empresas.infoempleo.com\/hrtrends\/media\/2025\/09\/Equipo-que-disfruta-de-igualdad-en-su-empresa.jpg","keywords":["Diversidad","ONU","Pacto Mundial","Planes de igualdad"],"articleSection":["Actualidad"],"inLanguage":"es","copyrightYear":"2025","copyrightHolder":{"@id":"https:\/\/empresas.infoempleo.com\/hrtrends\/#organization"}},{"@type":"WebPage","@id":"https:\/\/empresas.infoempleo.com\/hrtrends\/herramienta-onu-igualdad-diversidad-empresas\/","url":"https:\/\/empresas.infoempleo.com\/hrtrends\/herramienta-onu-igualdad-diversidad-empresas\/","name":"Nueva herramienta de la ONU para evaluar la igualdad en las empresas","isPartOf":{"@id":"https:\/\/empresas.infoempleo.com\/hrtrends\/#website"},"primaryImageOfPage":{"@id":"https:\/\/empresas.infoempleo.com\/hrtrends\/herramienta-onu-igualdad-diversidad-empresas\/#primaryimage"},"image":{"@id":"https:\/\/empresas.infoempleo.com\/hrtrends\/herramienta-onu-igualdad-diversidad-empresas\/#primaryimage"},"thumbnailUrl":"https:\/\/empresas.infoempleo.com\/hrtrends\/media\/2025\/09\/Equipo-que-disfruta-de-igualdad-en-su-empresa.jpg","datePublished":"2025-09-09T05:30:28+00:00","dateModified":"2025-09-30T14:46:57+00:00","description":"Descubre la herramienta del Pacto Mundial de la ONU que ayuda a las empresas a avanzar en igualdad, diversidad y no discriminaci\u00f3n","breadcrumb":{"@id":"https:\/\/empresas.infoempleo.com\/hrtrends\/herramienta-onu-igualdad-diversidad-empresas\/#breadcrumb"},"inLanguage":"es","potentialAction":[{"@type":"ReadAction","target":["https:\/\/empresas.infoempleo.com\/hrtrends\/herramienta-onu-igualdad-diversidad-empresas\/"]}]},{"@type":"ImageObject","inLanguage":"es","@id":"https:\/\/empresas.infoempleo.com\/hrtrends\/herramienta-onu-igualdad-diversidad-empresas\/#primaryimage","url":"https:\/\/empresas.infoempleo.com\/hrtrends\/media\/2025\/09\/Equipo-que-disfruta-de-igualdad-en-su-empresa-150x150.jpg","contentUrl":"https:\/\/empresas.infoempleo.com\/hrtrends\/media\/2025\/09\/Equipo-que-disfruta-de-igualdad-en-su-empresa-150x150.jpg","width":150,"height":150,"caption":"Equipo que disfruta de igualdad en su empresa"},{"@type":"BreadcrumbList","@id":"https:\/\/empresas.infoempleo.com\/hrtrends\/herramienta-onu-igualdad-diversidad-empresas\/#breadcrumb","itemListElement":[{"@type":"ListItem","position":1,"name":"Portada","item":"https:\/\/empresas.infoempleo.com\/hrtrends\/"},{"@type":"ListItem","position":2,"name":"C\u00f3mo avanzar en igualdad en tu empresa: descubre la nueva herramienta del Pacto Mundial de la ONU"}]},{"@type":"WebSite","@id":"https:\/\/empresas.infoempleo.com\/hrtrends\/#website","url":"https:\/\/empresas.infoempleo.com\/hrtrends","name":"HRTrends by Infoempleo","description":"","publisher":{"@id":"https:\/\/empresas.infoempleo.com\/hrtrends\/#organization"},"potentialAction":{"@type":"SearchAction","target":"https:\/\/empresas.infoempleo.com\/hrtrends\/?s={search_term_string}","query-input":"required name=search_term_string"},"inLanguage":"es"},{"@type":"Organization","@id":"https:\/\/empresas.infoempleo.com\/hrtrends\/#organization","name":"Infoempleo","url":"https:\/\/www.infoempleo.com\/","logo":{"@type":"ImageObject","@id":"https:\/\/empresas.infoempleo.com\/hrtrends\/#logo","inLanguage":"es","url":"https:\/\/cdnazure.infoempleo.com\/infoempleo\/assets\/style\/gfx\/logo.svg","contentUrl":"https:\/\/cdnazure.infoempleo.com\/infoempleo\/assets\/style\/gfx\/logo.svg","width":150,"height":40,"caption":"Infoempleo"},"image":{"@id":"https:\/\/empresas.infoempleo.com\/hrtrends\/#logo"},"sameAs":["https:\/\/www.facebook.com\/Infoempleo","https:\/\/x.com\/infoempleo","http:\/\/instagram.com\/infoempleo\/","http:\/\/www.linkedin.com\/groups\/Empleo-Espa\u00f1a-Infoempleocom-111276","http:\/\/pinterest.com\/infoempleo\/"],"address":{"@type":"PostalAddress","addressLocality":"Madrid","postalCode":"28050","streetAddress":"Avenida de Burgos 114"},"brand":["Infoempleo"]},{"@type":"Person","@id":"https:\/\/empresas.infoempleo.com\/hrtrends\/#\/schema\/person\/4e46e960319e61d74737b4371bed2d9e","name":"Mayte Guill\u00e9n","image":{"@type":"ImageObject","inLanguage":"es","@id":"https:\/\/empresas.infoempleo.com\/hrtrends\/#\/schema\/person\/image\/","url":"https:\/\/secure.gravatar.com\/avatar\/65b5a8d69d8ba2b4ada3ebca81086320c804f708633e50c9630548bdbfb2a7c4?s=96&d=mm&r=g","contentUrl":"https:\/\/secure.gravatar.com\/avatar\/65b5a8d69d8ba2b4ada3ebca81086320c804f708633e50c9630548bdbfb2a7c4?s=96&d=mm&r=g","caption":"Mayte Guill\u00e9n"},"description":"Escribo sobre empleo, formaci\u00f3n y Recursos Humanos, y las sinergias que existen entre estos mundos. Me gusta pensar que con mi trabajo ayudo a las personas a mejorar su futuro laboral. Responsable de Contenidos y Estudios en Infoempleo.","sameAs":["https:\/\/www.linkedin.com\/in\/mayteguillen\/","https:\/\/x.com\/mayteguillen"],"url":"https:\/\/empresas.infoempleo.com\/hrtrends\/author\/mayte-guillen\/"}]}},"amp_enabled":true,"_links":{"self":[{"href":"https:\/\/empresas.infoempleo.com\/hrtrends\/wp-json\/wp\/v2\/posts\/46994","targetHints":{"allow":["GET"]}}],"collection":[{"href":"https:\/\/empresas.infoempleo.com\/hrtrends\/wp-json\/wp\/v2\/posts"}],"about":[{"href":"https:\/\/empresas.infoempleo.com\/hrtrends\/wp-json\/wp\/v2\/types\/post"}],"author":[{"embeddable":true,"href":"https:\/\/empresas.infoempleo.com\/hrtrends\/wp-json\/wp\/v2\/users\/27"}],"replies":[{"embeddable":true,"href":"https:\/\/empresas.infoempleo.com\/hrtrends\/wp-json\/wp\/v2\/comments?post=46994"}],"version-history":[{"count":10,"href":"https:\/\/empresas.infoempleo.com\/hrtrends\/wp-json\/wp\/v2\/posts\/46994\/revisions"}],"predecessor-version":[{"id":47005,"href":"https:\/\/empresas.infoempleo.com\/hrtrends\/wp-json\/wp\/v2\/posts\/46994\/revisions\/47005"}],"wp:featuredmedia":[{"embeddable":true,"href":"https:\/\/empresas.infoempleo.com\/hrtrends\/wp-json\/wp\/v2\/media\/47004"}],"wp:attachment":[{"href":"https:\/\/empresas.infoempleo.com\/hrtrends\/wp-json\/wp\/v2\/media?parent=46994"}],"wp:term":[{"taxonomy":"category","embeddable":true,"href":"https:\/\/empresas.infoempleo.com\/hrtrends\/wp-json\/wp\/v2\/categories?post=46994"},{"taxonomy":"post_tag","embeddable":true,"href":"https:\/\/empresas.infoempleo.com\/hrtrends\/wp-json\/wp\/v2\/tags?post=46994"}],"curies":[{"name":"wp","href":"https:\/\/api.w.org\/{rel}","templated":true}]}}