{"id":46924,"date":"2025-07-29T07:30:39","date_gmt":"2025-07-29T05:30:39","guid":{"rendered":"https:\/\/empresas.infoempleo.com\/hrtrends\/?p=46924"},"modified":"2025-07-18T16:46:15","modified_gmt":"2025-07-18T14:46:15","slug":"pensamiento-grupal-por-que-puede-ser-un-riesgo-para-tu-equipo","status":"publish","type":"post","link":"https:\/\/empresas.infoempleo.com\/hrtrends\/pensamiento-grupal-por-que-puede-ser-un-riesgo-para-tu-equipo\/","title":{"rendered":"\u00bfQu\u00e9 es el pensamiento grupal y por qu\u00e9 puede ser un riesgo para tu equipo?"},"content":{"rendered":"<p data-start=\"262\" data-end=\"632\">En los entornos organizacionales, la colaboraci\u00f3n es uno de los pilares fundamentales para la innovaci\u00f3n, la resoluci\u00f3n de problemas y el crecimiento sostenido. Sin embargo, existe un <strong>fen\u00f3meno psicol\u00f3gico<\/strong> que, aunque parece promover la <strong>armon\u00eda en los equipos<\/strong>, puede tener consecuencias negativas en la calidad de las decisiones: el <strong data-start=\"594\" data-end=\"616\">pensamiento grupal<\/strong> <strong>o <em data-start=\"619\" data-end=\"631\">groupthink<\/em><\/strong>.<\/p>\n<p data-start=\"634\" data-end=\"1044\">Este concepto, ampliamente estudiado en psicolog\u00eda social, hace referencia a la tendencia de los miembros de un grupo a <strong>anteponer la conformidad y la cohesi\u00f3n por encima de la evaluaci\u00f3n cr\u00edtica<\/strong> y la expresi\u00f3n de ideas divergentes. En otras palabras, el grupo prefiere mantener la paz y el consenso, incluso si eso significa ignorar se\u00f1ales de alerta, suprimir opiniones diferentes o tomar decisiones err\u00f3neas.<\/p>\n<h2 data-start=\"1046\" data-end=\"1091\">\u00bfC\u00f3mo se manifiesta el pensamiento grupal?<\/h2>\n<p data-start=\"1093\" data-end=\"1248\">El <strong>pensamiento grupal<\/strong> no siempre es f\u00e1cil de identificar, ya que <strong>puede estar disfrazado de trabajo en equipo o eficiencia<\/strong>. Algunos signos comunes incluyen:<\/p>\n<ul>\n<li data-start=\"1252\" data-end=\"1435\"><strong data-start=\"1252\" data-end=\"1293\">Falta de debate o desacuerdo abierto.<\/strong> Si todos los miembros del equipo est\u00e1n de acuerdo demasiado r\u00e1pido, puede que no sea una se\u00f1al de alineaci\u00f3n perfecta, sino de miedo a disentir.<\/li>\n<li data-start=\"1438\" data-end=\"1624\"><strong data-start=\"1438\" data-end=\"1479\">Presi\u00f3n social para estar de acuerdo.<\/strong> Las personas que tienen puntos de vista contrarios pueden sentirse inc\u00f3modas o inseguras de expresarlos, temiendo ser vistas como problem\u00e1ticas.<\/li>\n<li data-start=\"1627\" data-end=\"1760\"><strong data-start=\"1627\" data-end=\"1643\">Autocensura.<\/strong> Los miembros optan por no compartir dudas, cr\u00edticas o ideas innovadoras por miedo a alterar el equilibrio del grupo.<\/li>\n<li data-start=\"1763\" data-end=\"1874\"><strong data-start=\"1763\" data-end=\"1792\">Suposici\u00f3n de unanimidad.<\/strong> Si nadie habla, se asume que todos est\u00e1n de acuerdo, lo cual puede no ser cierto.<\/li>\n<\/ul>\n<p data-start=\"1876\" data-end=\"2114\">Este fen\u00f3meno puede surgir en cualquier tipo de equipo, sin importar el nivel jer\u00e1rquico. Desde comit\u00e9s de direcci\u00f3n hasta grupos operativos, todos pueden caer en esta trampa si no se cultiva una cultura de apertura y pensamiento cr\u00edtico.<\/p>\n<h2 data-start=\"2116\" data-end=\"2159\">Las consecuencias del pensamiento grupal<\/h2>\n<p data-start=\"2161\" data-end=\"2349\">Aunque, a corto plazo, puede parecer que la cohesi\u00f3n del grupo facilita las decisiones r\u00e1pidas y sin fricciones, a largo plazo el pensamiento grupal puede ser perjudicial en varios aspectos. Por ejemplo, al evitar el conflicto <strong>se pierde la oportunidad de considerar m\u00faltiples perspectivas<\/strong>, lo que puede llevar a decisiones unilaterales o poco informadas. En esta situaci\u00f3n, es habitual que las ideas valiosas de individuos con puntos de vista diferentes se pierdan por miedo a romper la aparente armon\u00eda.<\/p>\n<p data-start=\"2161\" data-end=\"2349\">Por otro lado, si todos en el equipo piensan igual, tambi\u00e9n <strong>ser\u00e1 dif\u00edcil encontrar soluciones nuevas o creativas,<\/strong> porque la innovaci\u00f3n requiere diversidad de pensamiento.<\/p>\n<p data-start=\"3063\" data-end=\"3436\">A lo largo de la historia, el <strong>pensamiento grupal<\/strong> ha sido identificado como causa de<strong> decisiones catastr\u00f3ficas<\/strong> porque, al <strong>minimizar las objeciones o ignorar se\u00f1ales<\/strong> de advertencia, los equipos pueden tomar decisiones arriesgadas o bien no considerar las consecuencias a largo plazo. Uno de los casos m\u00e1s famosos es el <a href=\"https:\/\/es.wikipedia.org\/wiki\/Accidente_del_transbordador_espacial_Challenger\" target=\"_blank\" rel=\"noopener\">accidente en el lanzamiento del transbordador Challenger en 1986<\/a>. A pesar de advertencias t\u00e9cnicas sobre posibles fallas, la presi\u00f3n por mantener el cronograma llev\u00f3 al grupo a minimizar los riesgos. Y el resultado fue tr\u00e1gico.<\/p>\n<p><img loading=\"lazy\" decoding=\"async\" class=\"alignnone wp-image-46929\" title=\"pensamiento grupal\" src=\"https:\/\/empresas.infoempleo.com\/hrtrends\/media\/2025\/07\/pensamiento-grupal-1024x671.jpg\" alt=\"pensamiento grupal\" width=\"700\" height=\"459\" srcset=\"https:\/\/empresas.infoempleo.com\/hrtrends\/media\/2025\/07\/pensamiento-grupal-1024x671.jpg 1024w, https:\/\/empresas.infoempleo.com\/hrtrends\/media\/2025\/07\/pensamiento-grupal-300x197.jpg 300w, https:\/\/empresas.infoempleo.com\/hrtrends\/media\/2025\/07\/pensamiento-grupal-768x504.jpg 768w, https:\/\/empresas.infoempleo.com\/hrtrends\/media\/2025\/07\/pensamiento-grupal-1536x1007.jpg 1536w, https:\/\/empresas.infoempleo.com\/hrtrends\/media\/2025\/07\/pensamiento-grupal-2048x1343.jpg 2048w\" sizes=\"auto, (max-width: 700px) 100vw, 700px\" \/><\/p>\n<h2 data-start=\"3702\" data-end=\"3755\">C\u00f3mo prevenir el pensamiento grupal en los equipos<\/h2>\n<p data-start=\"3757\" data-end=\"4002\">La buena noticia es que <strong>el pensamiento grupal puede prevenirse, <\/strong>si se toman medidas conscientes para fomentar la diversidad de pensamiento y la seguridad psicol\u00f3gica. Aqu\u00ed algunos <strong>consejos pr\u00e1cticos para l\u00edderes de equipo<\/strong> y profesionales de RRHH:<\/p>\n<h3 data-start=\"4004\" data-end=\"4052\">1. Fomentar una cultura de desacuerdo sano<\/h3>\n<p data-start=\"4053\" data-end=\"4283\">Anima a los miembros del equipo a cuestionar ideas y a expresar sus opiniones, incluso si van en contra de la mayor\u00eda. Esto no significa promover el conflicto constante, sino valorar la cr\u00edtica constructiva como parte del proceso.<\/p>\n<h3 data-start=\"4285\" data-end=\"4326\">2. Designar un \u00ababogado del diablo\u00bb<\/h3>\n<p data-start=\"4327\" data-end=\"4455\">Incluir deliberadamente a alguien que cuestione las decisiones del grupo puede ayudar a abrir el debate y revelar puntos ciegos.<\/p>\n<h3 data-start=\"4457\" data-end=\"4507\">3. Facilitar espacios seguros para compartir<\/h3>\n<p data-start=\"4508\" data-end=\"4681\">Aseg\u00farate de que todos los integrantes, especialmente los m\u00e1s introvertidos o nuevos en el equipo, se sientan c\u00f3modos expresando sus ideas sin miedo a represalias o juicios.<\/p>\n<h3 data-start=\"4683\" data-end=\"4729\">4. Evaluar alternativas antes de decidir<\/h3>\n<p data-start=\"4730\" data-end=\"4893\">Antes de llegar a una decisi\u00f3n, pide al equipo que genere varias opciones y analice ventajas, desventajas y riesgos. Esto obliga a ir m\u00e1s all\u00e1 del consenso r\u00e1pido.<\/p>\n<h3 data-start=\"4895\" data-end=\"4926\">5. Promover la diversidad<\/h3>\n<p data-start=\"4927\" data-end=\"5103\"><a href=\"https:\/\/empresas.infoempleo.com\/hrtrends\/como-disenar-un-proceso-de-seleccion-sin-sesgos\/\" target=\"_blank\" rel=\"noopener\">Equipos con diversidad de g\u00e9nero, edad, experiencia<\/a> y antecedentes suelen tener un rango m\u00e1s amplio de perspectivas, lo que naturalmente reduce el riesgo de pensamiento grupal.<\/p>\n<h2 data-start=\"5105\" data-end=\"5134\">El rol de Recursos Humanos<\/h2>\n<p data-start=\"5136\" data-end=\"5232\">Desde RRHH se puede hacer mucho para mitigar este fen\u00f3meno. Algunas acciones concretas incluyen:<\/p>\n<ul data-start=\"5234\" data-end=\"5508\">\n<li data-start=\"5234\" data-end=\"5312\">\n<p data-start=\"5236\" data-end=\"5312\"><strong data-start=\"5236\" data-end=\"5312\">Capacitar a l\u00edderes <\/strong>en habilidades de facilitaci\u00f3n y toma de decisiones.<\/p>\n<\/li>\n<li data-start=\"5313\" data-end=\"5429\">\n<p data-start=\"5315\" data-end=\"5429\"><strong data-start=\"5315\" data-end=\"5364\">Dise\u00f1ar procesos de retroalimentaci\u00f3n an\u00f3nima<\/strong>, que permitan a los empleados expresar preocupaciones sin temor.<\/p>\n<\/li>\n<li data-start=\"5430\" data-end=\"5508\">\n<p data-start=\"5432\" data-end=\"5508\"><strong data-start=\"5432\" data-end=\"5508\">Evaluar la din\u00e1mica grupal <\/strong>en evaluaciones de desempe\u00f1o y clima laboral.<\/p>\n<\/li>\n<\/ul>\n<p data-start=\"5510\" data-end=\"5651\">Adem\u00e1s, incluir el tema del pensamiento grupal en <a href=\"https:\/\/empresas.infoempleo.com\/hrtrends\/formacion-corporativa-realidad-virtual-aumentada\/\" target=\"_blank\" rel=\"noopener\">programas de formaci\u00f3n o liderazgo<\/a> puede ayudar a crear conciencia en toda la organizaci\u00f3n.<\/p>\n","protected":false},"excerpt":{"rendered":"<p>En los entornos organizacionales, la colaboraci\u00f3n es uno de los pilares fundamentales para la innovaci\u00f3n, la resoluci\u00f3n de<a class=\"moretag\" href=\"https:\/\/empresas.infoempleo.com\/hrtrends\/pensamiento-grupal-por-que-puede-ser-un-riesgo-para-tu-equipo\/\"> Leer m\u00e1s<\/a><\/p>\n","protected":false},"author":27,"featured_media":46928,"comment_status":"closed","ping_status":"closed","sticky":false,"template":"","format":"standard","meta":{"footnotes":""},"categories":[3],"tags":[3254,3799,3798],"class_list":["post-46924","post","type-post","status-publish","format-standard","has-post-thumbnail","hentry","category-actualidad","tag-gestion-de-equipos","tag-groupthink","tag-pensamiento-grupal"],"yoast_head":"<!-- This site is optimized with the Yoast SEO plugin v26.1.1 - https:\/\/yoast.com\/wordpress\/plugins\/seo\/ -->\n<title>Pensamiento grupal: \u00bfPor qu\u00e9 puede ser un riesgo para tu equipo?<\/title>\n<meta name=\"description\" content=\"Descubre qu\u00e9 es el pensamiento grupal, c\u00f3mo afecta a la toma de decisiones en equipo y qu\u00e9 hacer para evitar este fen\u00f3meno en tu organizaci\u00f3n\" \/>\n<meta name=\"robots\" content=\"index, follow, max-snippet:-1, max-image-preview:large, max-video-preview:-1\" \/>\n<link rel=\"canonical\" href=\"https:\/\/empresas.infoempleo.com\/hrtrends\/pensamiento-grupal-por-que-puede-ser-un-riesgo-para-tu-equipo\/\" \/>\n<meta property=\"og:locale\" content=\"es_ES\" \/>\n<meta property=\"og:type\" content=\"article\" \/>\n<meta property=\"og:title\" content=\"Pensamiento grupal: \u00bfPor qu\u00e9 puede ser un riesgo para tu equipo?\" \/>\n<meta property=\"og:description\" content=\"Descubre qu\u00e9 es el pensamiento grupal, c\u00f3mo afecta a la toma de decisiones en equipo y qu\u00e9 hacer para evitar este fen\u00f3meno en tu organizaci\u00f3n\" \/>\n<meta property=\"og:url\" content=\"https:\/\/empresas.infoempleo.com\/hrtrends\/pensamiento-grupal-por-que-puede-ser-un-riesgo-para-tu-equipo\/\" \/>\n<meta property=\"og:site_name\" content=\"HRTRENDS\" \/>\n<meta property=\"article:publisher\" content=\"https:\/\/www.facebook.com\/Infoempleo\" \/>\n<meta property=\"article:published_time\" content=\"2025-07-29T05:30:39+00:00\" \/>\n<meta property=\"og:image\" content=\"https:\/\/empresas.infoempleo.com\/hrtrends\/media\/2025\/07\/Equipo-expresando-sus-puntos-de-vista-propios.jpg\" \/>\n\t<meta property=\"og:image:width\" content=\"1500\" \/>\n\t<meta property=\"og:image:height\" content=\"1000\" \/>\n\t<meta property=\"og:image:type\" content=\"image\/jpeg\" \/>\n<meta name=\"author\" content=\"Mayte Guill\u00e9n\" \/>\n<meta name=\"twitter:card\" content=\"summary_large_image\" \/>\n<meta name=\"twitter:creator\" content=\"@mayteguillen\" \/>\n<meta name=\"twitter:site\" content=\"@infoempleo\" \/>\n<meta name=\"twitter:label1\" content=\"Escrito por\" \/>\n\t<meta name=\"twitter:data1\" content=\"Mayte Guill\u00e9n\" \/>\n\t<meta name=\"twitter:label2\" content=\"Tiempo de lectura\" \/>\n\t<meta name=\"twitter:data2\" content=\"4 minutos\" \/>\n<script type=\"application\/ld+json\" class=\"yoast-schema-graph\">{\"@context\":\"https:\/\/schema.org\",\"@graph\":[{\"@type\":\"NewsArticle\",\"@id\":\"https:\/\/empresas.infoempleo.com\/hrtrends\/pensamiento-grupal-por-que-puede-ser-un-riesgo-para-tu-equipo\/#article\",\"isPartOf\":{\"@id\":\"https:\/\/empresas.infoempleo.com\/hrtrends\/pensamiento-grupal-por-que-puede-ser-un-riesgo-para-tu-equipo\/\"},\"author\":{\"name\":\"Mayte Guill\u00e9n\",\"@id\":\"https:\/\/empresas.infoempleo.com\/hrtrends\/#\/schema\/person\/4e46e960319e61d74737b4371bed2d9e\"},\"headline\":\"\u00bfQu\u00e9 es el pensamiento grupal y por qu\u00e9 puede ser un riesgo para tu equipo?\",\"datePublished\":\"2025-07-29T05:30:39+00:00\",\"mainEntityOfPage\":{\"@id\":\"https:\/\/empresas.infoempleo.com\/hrtrends\/pensamiento-grupal-por-que-puede-ser-un-riesgo-para-tu-equipo\/\"},\"wordCount\":843,\"publisher\":{\"@id\":\"https:\/\/empresas.infoempleo.com\/hrtrends\/#organization\"},\"image\":{\"@id\":\"https:\/\/empresas.infoempleo.com\/hrtrends\/pensamiento-grupal-por-que-puede-ser-un-riesgo-para-tu-equipo\/#primaryimage\"},\"thumbnailUrl\":\"https:\/\/empresas.infoempleo.com\/hrtrends\/media\/2025\/07\/Equipo-expresando-sus-puntos-de-vista-propios.jpg\",\"keywords\":[\"gesti\u00f3n de equipos\",\"groupthink\",\"pensamiento grupal\"],\"articleSection\":[\"Actualidad\"],\"inLanguage\":\"es\",\"copyrightYear\":\"2025\",\"copyrightHolder\":{\"@id\":\"https:\/\/empresas.infoempleo.com\/hrtrends\/#organization\"}},{\"@type\":\"WebPage\",\"@id\":\"https:\/\/empresas.infoempleo.com\/hrtrends\/pensamiento-grupal-por-que-puede-ser-un-riesgo-para-tu-equipo\/\",\"url\":\"https:\/\/empresas.infoempleo.com\/hrtrends\/pensamiento-grupal-por-que-puede-ser-un-riesgo-para-tu-equipo\/\",\"name\":\"Pensamiento grupal: \u00bfPor qu\u00e9 puede ser un riesgo para tu equipo?\",\"isPartOf\":{\"@id\":\"https:\/\/empresas.infoempleo.com\/hrtrends\/#website\"},\"primaryImageOfPage\":{\"@id\":\"https:\/\/empresas.infoempleo.com\/hrtrends\/pensamiento-grupal-por-que-puede-ser-un-riesgo-para-tu-equipo\/#primaryimage\"},\"image\":{\"@id\":\"https:\/\/empresas.infoempleo.com\/hrtrends\/pensamiento-grupal-por-que-puede-ser-un-riesgo-para-tu-equipo\/#primaryimage\"},\"thumbnailUrl\":\"https:\/\/empresas.infoempleo.com\/hrtrends\/media\/2025\/07\/Equipo-expresando-sus-puntos-de-vista-propios.jpg\",\"datePublished\":\"2025-07-29T05:30:39+00:00\",\"description\":\"Descubre qu\u00e9 es el pensamiento grupal, c\u00f3mo afecta a la toma de decisiones en equipo y qu\u00e9 hacer para evitar este fen\u00f3meno en tu organizaci\u00f3n\",\"breadcrumb\":{\"@id\":\"https:\/\/empresas.infoempleo.com\/hrtrends\/pensamiento-grupal-por-que-puede-ser-un-riesgo-para-tu-equipo\/#breadcrumb\"},\"inLanguage\":\"es\",\"potentialAction\":[{\"@type\":\"ReadAction\",\"target\":[\"https:\/\/empresas.infoempleo.com\/hrtrends\/pensamiento-grupal-por-que-puede-ser-un-riesgo-para-tu-equipo\/\"]}]},{\"@type\":\"ImageObject\",\"inLanguage\":\"es\",\"@id\":\"https:\/\/empresas.infoempleo.com\/hrtrends\/pensamiento-grupal-por-que-puede-ser-un-riesgo-para-tu-equipo\/#primaryimage\",\"url\":\"https:\/\/empresas.infoempleo.com\/hrtrends\/media\/2025\/07\/Equipo-expresando-sus-puntos-de-vista-propios-150x150.jpg\",\"contentUrl\":\"https:\/\/empresas.infoempleo.com\/hrtrends\/media\/2025\/07\/Equipo-expresando-sus-puntos-de-vista-propios-150x150.jpg\",\"width\":150,\"height\":150,\"caption\":\"Equipo expresando sus puntos de vista propios\"},{\"@type\":\"BreadcrumbList\",\"@id\":\"https:\/\/empresas.infoempleo.com\/hrtrends\/pensamiento-grupal-por-que-puede-ser-un-riesgo-para-tu-equipo\/#breadcrumb\",\"itemListElement\":[{\"@type\":\"ListItem\",\"position\":1,\"name\":\"Portada\",\"item\":\"https:\/\/empresas.infoempleo.com\/hrtrends\/\"},{\"@type\":\"ListItem\",\"position\":2,\"name\":\"\u00bfQu\u00e9 es el pensamiento grupal y por qu\u00e9 puede ser un riesgo para tu equipo?\"}]},{\"@type\":\"WebSite\",\"@id\":\"https:\/\/empresas.infoempleo.com\/hrtrends\/#website\",\"url\":\"https:\/\/empresas.infoempleo.com\/hrtrends\",\"name\":\"HRTrends by Infoempleo\",\"description\":\"\",\"publisher\":{\"@id\":\"https:\/\/empresas.infoempleo.com\/hrtrends\/#organization\"},\"potentialAction\":{\"@type\":\"SearchAction\",\"target\":\"https:\/\/empresas.infoempleo.com\/hrtrends\/?s={search_term_string}\",\"query-input\":\"required name=search_term_string\"},\"inLanguage\":\"es\"},{\"@type\":\"Organization\",\"@id\":\"https:\/\/empresas.infoempleo.com\/hrtrends\/#organization\",\"name\":\"Infoempleo\",\"url\":\"https:\/\/www.infoempleo.com\/\",\"logo\":{\"@type\":\"ImageObject\",\"@id\":\"https:\/\/empresas.infoempleo.com\/hrtrends\/#logo\",\"inLanguage\":\"es\",\"url\":\"https:\/\/cdnazure.infoempleo.com\/infoempleo\/assets\/style\/gfx\/logo.svg\",\"contentUrl\":\"https:\/\/cdnazure.infoempleo.com\/infoempleo\/assets\/style\/gfx\/logo.svg\",\"width\":150,\"height\":40,\"caption\":\"Infoempleo\"},\"image\":{\"@id\":\"https:\/\/empresas.infoempleo.com\/hrtrends\/#logo\"},\"sameAs\":[\"https:\/\/www.facebook.com\/Infoempleo\",\"https:\/\/x.com\/infoempleo\",\"http:\/\/instagram.com\/infoempleo\/\",\"http:\/\/www.linkedin.com\/groups\/Empleo-Espa\u00f1a-Infoempleocom-111276\",\"http:\/\/pinterest.com\/infoempleo\/\"],\"address\":{\"@type\":\"PostalAddress\",\"addressLocality\":\"Madrid\",\"postalCode\":\"28050\",\"streetAddress\":\"Avenida de Burgos 114\"},\"brand\":[\"Infoempleo\"]},{\"@type\":\"Person\",\"@id\":\"https:\/\/empresas.infoempleo.com\/hrtrends\/#\/schema\/person\/4e46e960319e61d74737b4371bed2d9e\",\"name\":\"Mayte Guill\u00e9n\",\"image\":{\"@type\":\"ImageObject\",\"inLanguage\":\"es\",\"@id\":\"https:\/\/empresas.infoempleo.com\/hrtrends\/#\/schema\/person\/image\/\",\"url\":\"https:\/\/secure.gravatar.com\/avatar\/65b5a8d69d8ba2b4ada3ebca81086320c804f708633e50c9630548bdbfb2a7c4?s=96&d=mm&r=g\",\"contentUrl\":\"https:\/\/secure.gravatar.com\/avatar\/65b5a8d69d8ba2b4ada3ebca81086320c804f708633e50c9630548bdbfb2a7c4?s=96&d=mm&r=g\",\"caption\":\"Mayte Guill\u00e9n\"},\"description\":\"Escribo sobre empleo, formaci\u00f3n y Recursos Humanos, y las sinergias que existen entre estos mundos. Me gusta pensar que con mi trabajo ayudo a las personas a mejorar su futuro laboral. Responsable de Contenidos y Estudios en Infoempleo.\",\"sameAs\":[\"https:\/\/www.linkedin.com\/in\/mayteguillen\/\",\"https:\/\/x.com\/mayteguillen\"],\"url\":\"https:\/\/empresas.infoempleo.com\/hrtrends\/author\/mayte-guillen\/\"}]}<\/script>\n<!-- \/ Yoast SEO plugin. -->","yoast_head_json":{"title":"Pensamiento grupal: \u00bfPor qu\u00e9 puede ser un riesgo para tu equipo?","description":"Descubre qu\u00e9 es el pensamiento grupal, c\u00f3mo afecta a la toma de decisiones en equipo y qu\u00e9 hacer para evitar este fen\u00f3meno en tu organizaci\u00f3n","robots":{"index":"index","follow":"follow","max-snippet":"max-snippet:-1","max-image-preview":"max-image-preview:large","max-video-preview":"max-video-preview:-1"},"canonical":"https:\/\/empresas.infoempleo.com\/hrtrends\/pensamiento-grupal-por-que-puede-ser-un-riesgo-para-tu-equipo\/","og_locale":"es_ES","og_type":"article","og_title":"Pensamiento grupal: \u00bfPor qu\u00e9 puede ser un riesgo para tu equipo?","og_description":"Descubre qu\u00e9 es el pensamiento grupal, c\u00f3mo afecta a la toma de decisiones en equipo y qu\u00e9 hacer para evitar este fen\u00f3meno en tu organizaci\u00f3n","og_url":"https:\/\/empresas.infoempleo.com\/hrtrends\/pensamiento-grupal-por-que-puede-ser-un-riesgo-para-tu-equipo\/","og_site_name":"HRTRENDS","article_publisher":"https:\/\/www.facebook.com\/Infoempleo","article_published_time":"2025-07-29T05:30:39+00:00","og_image":[{"width":1500,"height":1000,"url":"https:\/\/empresas.infoempleo.com\/hrtrends\/media\/2025\/07\/Equipo-expresando-sus-puntos-de-vista-propios.jpg","type":"image\/jpeg"}],"author":"Mayte Guill\u00e9n","twitter_card":"summary_large_image","twitter_creator":"@mayteguillen","twitter_site":"@infoempleo","twitter_misc":{"Escrito por":"Mayte Guill\u00e9n","Tiempo de lectura":"4 minutos"},"schema":{"@context":"https:\/\/schema.org","@graph":[{"@type":"NewsArticle","@id":"https:\/\/empresas.infoempleo.com\/hrtrends\/pensamiento-grupal-por-que-puede-ser-un-riesgo-para-tu-equipo\/#article","isPartOf":{"@id":"https:\/\/empresas.infoempleo.com\/hrtrends\/pensamiento-grupal-por-que-puede-ser-un-riesgo-para-tu-equipo\/"},"author":{"name":"Mayte Guill\u00e9n","@id":"https:\/\/empresas.infoempleo.com\/hrtrends\/#\/schema\/person\/4e46e960319e61d74737b4371bed2d9e"},"headline":"\u00bfQu\u00e9 es el pensamiento grupal y por qu\u00e9 puede ser un riesgo para tu equipo?","datePublished":"2025-07-29T05:30:39+00:00","mainEntityOfPage":{"@id":"https:\/\/empresas.infoempleo.com\/hrtrends\/pensamiento-grupal-por-que-puede-ser-un-riesgo-para-tu-equipo\/"},"wordCount":843,"publisher":{"@id":"https:\/\/empresas.infoempleo.com\/hrtrends\/#organization"},"image":{"@id":"https:\/\/empresas.infoempleo.com\/hrtrends\/pensamiento-grupal-por-que-puede-ser-un-riesgo-para-tu-equipo\/#primaryimage"},"thumbnailUrl":"https:\/\/empresas.infoempleo.com\/hrtrends\/media\/2025\/07\/Equipo-expresando-sus-puntos-de-vista-propios.jpg","keywords":["gesti\u00f3n de equipos","groupthink","pensamiento grupal"],"articleSection":["Actualidad"],"inLanguage":"es","copyrightYear":"2025","copyrightHolder":{"@id":"https:\/\/empresas.infoempleo.com\/hrtrends\/#organization"}},{"@type":"WebPage","@id":"https:\/\/empresas.infoempleo.com\/hrtrends\/pensamiento-grupal-por-que-puede-ser-un-riesgo-para-tu-equipo\/","url":"https:\/\/empresas.infoempleo.com\/hrtrends\/pensamiento-grupal-por-que-puede-ser-un-riesgo-para-tu-equipo\/","name":"Pensamiento grupal: \u00bfPor qu\u00e9 puede ser un riesgo para tu equipo?","isPartOf":{"@id":"https:\/\/empresas.infoempleo.com\/hrtrends\/#website"},"primaryImageOfPage":{"@id":"https:\/\/empresas.infoempleo.com\/hrtrends\/pensamiento-grupal-por-que-puede-ser-un-riesgo-para-tu-equipo\/#primaryimage"},"image":{"@id":"https:\/\/empresas.infoempleo.com\/hrtrends\/pensamiento-grupal-por-que-puede-ser-un-riesgo-para-tu-equipo\/#primaryimage"},"thumbnailUrl":"https:\/\/empresas.infoempleo.com\/hrtrends\/media\/2025\/07\/Equipo-expresando-sus-puntos-de-vista-propios.jpg","datePublished":"2025-07-29T05:30:39+00:00","description":"Descubre qu\u00e9 es el pensamiento grupal, c\u00f3mo afecta a la toma de decisiones en equipo y qu\u00e9 hacer para evitar este fen\u00f3meno en tu organizaci\u00f3n","breadcrumb":{"@id":"https:\/\/empresas.infoempleo.com\/hrtrends\/pensamiento-grupal-por-que-puede-ser-un-riesgo-para-tu-equipo\/#breadcrumb"},"inLanguage":"es","potentialAction":[{"@type":"ReadAction","target":["https:\/\/empresas.infoempleo.com\/hrtrends\/pensamiento-grupal-por-que-puede-ser-un-riesgo-para-tu-equipo\/"]}]},{"@type":"ImageObject","inLanguage":"es","@id":"https:\/\/empresas.infoempleo.com\/hrtrends\/pensamiento-grupal-por-que-puede-ser-un-riesgo-para-tu-equipo\/#primaryimage","url":"https:\/\/empresas.infoempleo.com\/hrtrends\/media\/2025\/07\/Equipo-expresando-sus-puntos-de-vista-propios-150x150.jpg","contentUrl":"https:\/\/empresas.infoempleo.com\/hrtrends\/media\/2025\/07\/Equipo-expresando-sus-puntos-de-vista-propios-150x150.jpg","width":150,"height":150,"caption":"Equipo expresando sus puntos de vista propios"},{"@type":"BreadcrumbList","@id":"https:\/\/empresas.infoempleo.com\/hrtrends\/pensamiento-grupal-por-que-puede-ser-un-riesgo-para-tu-equipo\/#breadcrumb","itemListElement":[{"@type":"ListItem","position":1,"name":"Portada","item":"https:\/\/empresas.infoempleo.com\/hrtrends\/"},{"@type":"ListItem","position":2,"name":"\u00bfQu\u00e9 es el pensamiento grupal y por qu\u00e9 puede ser un riesgo para tu equipo?"}]},{"@type":"WebSite","@id":"https:\/\/empresas.infoempleo.com\/hrtrends\/#website","url":"https:\/\/empresas.infoempleo.com\/hrtrends","name":"HRTrends by Infoempleo","description":"","publisher":{"@id":"https:\/\/empresas.infoempleo.com\/hrtrends\/#organization"},"potentialAction":{"@type":"SearchAction","target":"https:\/\/empresas.infoempleo.com\/hrtrends\/?s={search_term_string}","query-input":"required name=search_term_string"},"inLanguage":"es"},{"@type":"Organization","@id":"https:\/\/empresas.infoempleo.com\/hrtrends\/#organization","name":"Infoempleo","url":"https:\/\/www.infoempleo.com\/","logo":{"@type":"ImageObject","@id":"https:\/\/empresas.infoempleo.com\/hrtrends\/#logo","inLanguage":"es","url":"https:\/\/cdnazure.infoempleo.com\/infoempleo\/assets\/style\/gfx\/logo.svg","contentUrl":"https:\/\/cdnazure.infoempleo.com\/infoempleo\/assets\/style\/gfx\/logo.svg","width":150,"height":40,"caption":"Infoempleo"},"image":{"@id":"https:\/\/empresas.infoempleo.com\/hrtrends\/#logo"},"sameAs":["https:\/\/www.facebook.com\/Infoempleo","https:\/\/x.com\/infoempleo","http:\/\/instagram.com\/infoempleo\/","http:\/\/www.linkedin.com\/groups\/Empleo-Espa\u00f1a-Infoempleocom-111276","http:\/\/pinterest.com\/infoempleo\/"],"address":{"@type":"PostalAddress","addressLocality":"Madrid","postalCode":"28050","streetAddress":"Avenida de Burgos 114"},"brand":["Infoempleo"]},{"@type":"Person","@id":"https:\/\/empresas.infoempleo.com\/hrtrends\/#\/schema\/person\/4e46e960319e61d74737b4371bed2d9e","name":"Mayte Guill\u00e9n","image":{"@type":"ImageObject","inLanguage":"es","@id":"https:\/\/empresas.infoempleo.com\/hrtrends\/#\/schema\/person\/image\/","url":"https:\/\/secure.gravatar.com\/avatar\/65b5a8d69d8ba2b4ada3ebca81086320c804f708633e50c9630548bdbfb2a7c4?s=96&d=mm&r=g","contentUrl":"https:\/\/secure.gravatar.com\/avatar\/65b5a8d69d8ba2b4ada3ebca81086320c804f708633e50c9630548bdbfb2a7c4?s=96&d=mm&r=g","caption":"Mayte Guill\u00e9n"},"description":"Escribo sobre empleo, formaci\u00f3n y Recursos Humanos, y las sinergias que existen entre estos mundos. Me gusta pensar que con mi trabajo ayudo a las personas a mejorar su futuro laboral. Responsable de Contenidos y Estudios en Infoempleo.","sameAs":["https:\/\/www.linkedin.com\/in\/mayteguillen\/","https:\/\/x.com\/mayteguillen"],"url":"https:\/\/empresas.infoempleo.com\/hrtrends\/author\/mayte-guillen\/"}]}},"amp_enabled":true,"_links":{"self":[{"href":"https:\/\/empresas.infoempleo.com\/hrtrends\/wp-json\/wp\/v2\/posts\/46924","targetHints":{"allow":["GET"]}}],"collection":[{"href":"https:\/\/empresas.infoempleo.com\/hrtrends\/wp-json\/wp\/v2\/posts"}],"about":[{"href":"https:\/\/empresas.infoempleo.com\/hrtrends\/wp-json\/wp\/v2\/types\/post"}],"author":[{"embeddable":true,"href":"https:\/\/empresas.infoempleo.com\/hrtrends\/wp-json\/wp\/v2\/users\/27"}],"replies":[{"embeddable":true,"href":"https:\/\/empresas.infoempleo.com\/hrtrends\/wp-json\/wp\/v2\/comments?post=46924"}],"version-history":[{"count":4,"href":"https:\/\/empresas.infoempleo.com\/hrtrends\/wp-json\/wp\/v2\/posts\/46924\/revisions"}],"predecessor-version":[{"id":46930,"href":"https:\/\/empresas.infoempleo.com\/hrtrends\/wp-json\/wp\/v2\/posts\/46924\/revisions\/46930"}],"wp:featuredmedia":[{"embeddable":true,"href":"https:\/\/empresas.infoempleo.com\/hrtrends\/wp-json\/wp\/v2\/media\/46928"}],"wp:attachment":[{"href":"https:\/\/empresas.infoempleo.com\/hrtrends\/wp-json\/wp\/v2\/media?parent=46924"}],"wp:term":[{"taxonomy":"category","embeddable":true,"href":"https:\/\/empresas.infoempleo.com\/hrtrends\/wp-json\/wp\/v2\/categories?post=46924"},{"taxonomy":"post_tag","embeddable":true,"href":"https:\/\/empresas.infoempleo.com\/hrtrends\/wp-json\/wp\/v2\/tags?post=46924"}],"curies":[{"name":"wp","href":"https:\/\/api.w.org\/{rel}","templated":true}]}}