{"id":4680,"date":"2009-11-02T13:00:06","date_gmt":"2009-11-02T12:00:06","guid":{"rendered":"http:\/\/blog.infoempleo.com\/?p=4680"},"modified":"2023-03-13T19:30:53","modified_gmt":"2023-03-13T17:30:53","slug":"en-todos-estos-anos-la-television-ha-sido-mi-principal-escuela","status":"publish","type":"post","link":"https:\/\/empresas.infoempleo.com\/hrtrends\/en-todos-estos-anos-la-television-ha-sido-mi-principal-escuela\/","title":{"rendered":"\u00abEn todos estos a\u00f1os, la televisi\u00f3n ha sido mi principal escuela\u00bb"},"content":{"rendered":"<p>Raquel Mero\u00f1o (Madrid, 1975) forma parte de esa cantera de actores que comenzaron en la serie \u00abAl salir de clase\u00bb. Despu\u00e9s de tres a\u00f1os dej\u00f3 este televisivo instituto pero no se deslig\u00f3 de la peque\u00f1a pantalla, de hecho, reconoce que para ella es su \u00abverdadera pasi\u00f3n\u00bb. Sin embargo sabe que los proyectos para televisi\u00f3n no surgen cuando uno quiere \u2014el \u00faltimo en el que ha participado, la serie \u00abYo soy Bea\u00bb, termin\u00f3 el pasado mes de agosto de forma repentina\u2014, por eso, \u00absiempre tengo un plan B\u00bb. Actualmente, se centra en su faceta emprendedora.<\/p>\n<p><strong>\u00bfCu\u00e1l fue su primer empleo?<br \/>\n<\/strong>Mi primer trabajo lo tuve con 15 a\u00f1itos. Me present\u00e9 a un \u00abcasting\u00bb para un auncio de televisi\u00f3n, [de la firma deportiva John Smith] y me cogieron. \u00a1Fue divertid\u00edsimo! O, al menos, ahora lo recuerdo as\u00ed.<\/p>\n<p><strong>Y se lo tuvo que contar a sus padres, claro&#8230;<br \/>\n<\/strong>Cuando le cont\u00e9 a mi madre lo que me pagaban le pareci\u00f3 que no era normal y decidi\u00f3 que toda la familia me acompa\u00f1ar\u00eda a la grabaci\u00f3n. El director se asust\u00f3 cuando aparecimos todos&#8230; Ahora pienso en ello con cari\u00f1o pero en ese momento pas\u00e9 mucha verg\u00fcenza.<\/p>\n<p><strong>\u00bfC\u00f3mo logr\u00f3 convencer a sus padres de que \u00e9sta era su vocaci\u00f3n?<br \/>\n<\/strong>Desde peque\u00f1a me fascinaba la interpretaci\u00f3n: siempre andaba cantando, bailando&#8230; para que me grabara mi padre. Sin embargo, ellos no lo entend\u00edan muy bien. Con 17 a\u00f1os compaginaba el colegio con trabajos como azafata y ten\u00eda que faltar a clase, as\u00ed que mis padres me dijeron que eso se acababa hasta que hiciera Selectividad. Cuando pas\u00e9 el examen, ellos cambiaron el discurso: \u00abHasta que no termines la carrera&#8230;\u00bb. As\u00ed que empec\u00e9 Periodismo.<\/p>\n<p><strong>\u00bfCu\u00e1ndo decidi\u00f3 dedicarse por completo al mundo de la interpretaci\u00f3n?<br \/>\n<\/strong>Dej\u00e9 la carrera a medias. Me afectaba mucho no hacer lo que realmente quer\u00eda, as\u00ed que de nuevo negoci\u00e9 con mis padres: dejar\u00eda la carrera por un a\u00f1o, mientras, trabajaba por las ma\u00f1anas con mi padre y estudiaba Arte Dram\u00e1tico por las tardes. Recuerdo que iba tachando los d\u00edas en el calendario, pero a los cinco meses de estar as\u00ed me surgi\u00f3 la oportunidad de ser azafata del concurso \u00abUno para todas\u00bb. Fue algo que me marc\u00f3 porque a partir de ah\u00ed comenz\u00f3 mi carrera.<\/p>\n<p><strong>\u00bfQu\u00e9 le debe a la peque\u00f1a pantalla?<br \/>\n<\/strong>En todos estos a\u00f1os, la televisi\u00f3n ha sido mi principal escuela, pod\u00eda ir aprendiendo a medida que lo iba poniendo en pr\u00e1ctica. Ha sido mi ilusi\u00f3n, mi forma de vida&#8230; Creo que a la tele, por un lado, la quieres, pero, por otro, las pol\u00edticas que la rigen son tan exigentes y estrictas que se hace dif\u00edcil. Por eso siempre me he marcado muchos \u2018planes B\u2019, no quiero depender \u00fanicamente de las oportunidades en televisi\u00f3n, porque eso genera ansiedad.<\/p>\n","protected":false},"excerpt":{"rendered":"<p>Raquel Mero\u00f1o (Madrid, 1975) forma parte de esa cantera de actores que comenzaron en la serie \u00abAl salir<a class=\"moretag\" href=\"https:\/\/empresas.infoempleo.com\/hrtrends\/en-todos-estos-anos-la-television-ha-sido-mi-principal-escuela\/\"> Leer m\u00e1s<\/a><\/p>\n","protected":false},"author":33,"featured_media":29665,"comment_status":"closed","ping_status":"open","sticky":false,"template":"","format":"standard","meta":{"footnotes":""},"categories":[3],"tags":[491],"class_list":["post-4680","post","type-post","status-publish","format-standard","has-post-thumbnail","hentry","category-actualidad","tag-primer-empleo"],"yoast_head":"<!-- This site is optimized with the Yoast SEO plugin v26.1.1 - https:\/\/yoast.com\/wordpress\/plugins\/seo\/ -->\n<title>&quot;En todos estos a\u00f1os, la televisi\u00f3n ha sido mi principal escuela&quot; | HRTRENDS<\/title>\n<meta name=\"robots\" content=\"index, follow, max-snippet:-1, max-image-preview:large, max-video-preview:-1\" \/>\n<link rel=\"canonical\" href=\"https:\/\/empresas.infoempleo.com\/hrtrends\/en-todos-estos-anos-la-television-ha-sido-mi-principal-escuela\/\" \/>\n<meta property=\"og:locale\" content=\"es_ES\" \/>\n<meta property=\"og:type\" content=\"article\" \/>\n<meta property=\"og:title\" content=\"&quot;En todos estos a\u00f1os, la televisi\u00f3n ha sido mi principal escuela&quot; | HRTRENDS\" \/>\n<meta property=\"og:description\" content=\"Raquel Mero\u00f1o (Madrid, 1975) forma parte de esa cantera de actores que comenzaron en la serie \u00abAl salir Leer m\u00e1s\" \/>\n<meta property=\"og:url\" content=\"https:\/\/empresas.infoempleo.com\/hrtrends\/en-todos-estos-anos-la-television-ha-sido-mi-principal-escuela\/\" \/>\n<meta property=\"og:site_name\" content=\"HRTRENDS\" \/>\n<meta property=\"article:publisher\" content=\"https:\/\/www.facebook.com\/Infoempleo\" \/>\n<meta property=\"article:published_time\" content=\"2009-11-02T12:00:06+00:00\" \/>\n<meta property=\"article:modified_time\" content=\"2023-03-13T17:30:53+00:00\" \/>\n<meta property=\"og:image\" content=\"https:\/\/empresas.infoempleo.com\/hrtrends\/media\/2017\/05\/pexels-photo-205508.jpg\" \/>\n\t<meta property=\"og:image:width\" content=\"1280\" \/>\n\t<meta property=\"og:image:height\" content=\"960\" \/>\n\t<meta property=\"og:image:type\" content=\"image\/jpeg\" \/>\n<meta name=\"author\" content=\"Cristina Mart\u00edn\" \/>\n<meta name=\"twitter:card\" content=\"summary_large_image\" \/>\n<meta name=\"twitter:creator\" content=\"@infoempleo\" \/>\n<meta name=\"twitter:site\" content=\"@infoempleo\" \/>\n<meta name=\"twitter:label1\" content=\"Escrito por\" \/>\n\t<meta name=\"twitter:data1\" content=\"Cristina Mart\u00edn\" \/>\n\t<meta name=\"twitter:label2\" content=\"Tiempo de lectura\" \/>\n\t<meta name=\"twitter:data2\" content=\"2 minutos\" \/>\n<script type=\"application\/ld+json\" class=\"yoast-schema-graph\">{\"@context\":\"https:\/\/schema.org\",\"@graph\":[{\"@type\":\"NewsArticle\",\"@id\":\"https:\/\/empresas.infoempleo.com\/hrtrends\/en-todos-estos-anos-la-television-ha-sido-mi-principal-escuela\/#article\",\"isPartOf\":{\"@id\":\"https:\/\/empresas.infoempleo.com\/hrtrends\/en-todos-estos-anos-la-television-ha-sido-mi-principal-escuela\/\"},\"author\":{\"name\":\"Cristina Mart\u00edn\",\"@id\":\"https:\/\/empresas.infoempleo.com\/hrtrends\/#\/schema\/person\/f211bd3f083559daff103f670fe968b8\"},\"headline\":\"\u00abEn todos estos a\u00f1os, la televisi\u00f3n ha sido mi principal escuela\u00bb\",\"datePublished\":\"2009-11-02T12:00:06+00:00\",\"dateModified\":\"2023-03-13T17:30:53+00:00\",\"mainEntityOfPage\":{\"@id\":\"https:\/\/empresas.infoempleo.com\/hrtrends\/en-todos-estos-anos-la-television-ha-sido-mi-principal-escuela\/\"},\"wordCount\":506,\"publisher\":{\"@id\":\"https:\/\/empresas.infoempleo.com\/hrtrends\/#organization\"},\"image\":{\"@id\":\"https:\/\/empresas.infoempleo.com\/hrtrends\/en-todos-estos-anos-la-television-ha-sido-mi-principal-escuela\/#primaryimage\"},\"thumbnailUrl\":\"https:\/\/empresas.infoempleo.com\/hrtrends\/media\/2017\/05\/pexels-photo-205508.jpg\",\"keywords\":[\"primer empleo\"],\"articleSection\":[\"Actualidad\"],\"inLanguage\":\"es\",\"copyrightYear\":\"2009\",\"copyrightHolder\":{\"@id\":\"https:\/\/empresas.infoempleo.com\/hrtrends\/#organization\"}},{\"@type\":\"WebPage\",\"@id\":\"https:\/\/empresas.infoempleo.com\/hrtrends\/en-todos-estos-anos-la-television-ha-sido-mi-principal-escuela\/\",\"url\":\"https:\/\/empresas.infoempleo.com\/hrtrends\/en-todos-estos-anos-la-television-ha-sido-mi-principal-escuela\/\",\"name\":\"\\\"En todos estos a\u00f1os, la televisi\u00f3n ha sido mi principal escuela\\\" | HRTRENDS\",\"isPartOf\":{\"@id\":\"https:\/\/empresas.infoempleo.com\/hrtrends\/#website\"},\"primaryImageOfPage\":{\"@id\":\"https:\/\/empresas.infoempleo.com\/hrtrends\/en-todos-estos-anos-la-television-ha-sido-mi-principal-escuela\/#primaryimage\"},\"image\":{\"@id\":\"https:\/\/empresas.infoempleo.com\/hrtrends\/en-todos-estos-anos-la-television-ha-sido-mi-principal-escuela\/#primaryimage\"},\"thumbnailUrl\":\"https:\/\/empresas.infoempleo.com\/hrtrends\/media\/2017\/05\/pexels-photo-205508.jpg\",\"datePublished\":\"2009-11-02T12:00:06+00:00\",\"dateModified\":\"2023-03-13T17:30:53+00:00\",\"breadcrumb\":{\"@id\":\"https:\/\/empresas.infoempleo.com\/hrtrends\/en-todos-estos-anos-la-television-ha-sido-mi-principal-escuela\/#breadcrumb\"},\"inLanguage\":\"es\",\"potentialAction\":[{\"@type\":\"ReadAction\",\"target\":[\"https:\/\/empresas.infoempleo.com\/hrtrends\/en-todos-estos-anos-la-television-ha-sido-mi-principal-escuela\/\"]}]},{\"@type\":\"ImageObject\",\"inLanguage\":\"es\",\"@id\":\"https:\/\/empresas.infoempleo.com\/hrtrends\/en-todos-estos-anos-la-television-ha-sido-mi-principal-escuela\/#primaryimage\",\"url\":\"https:\/\/empresas.infoempleo.com\/hrtrends\/media\/2017\/05\/pexels-photo-205508-150x150.jpg\",\"contentUrl\":\"https:\/\/empresas.infoempleo.com\/hrtrends\/media\/2017\/05\/pexels-photo-205508-150x150.jpg\",\"width\":150,\"height\":150},{\"@type\":\"BreadcrumbList\",\"@id\":\"https:\/\/empresas.infoempleo.com\/hrtrends\/en-todos-estos-anos-la-television-ha-sido-mi-principal-escuela\/#breadcrumb\",\"itemListElement\":[{\"@type\":\"ListItem\",\"position\":1,\"name\":\"Portada\",\"item\":\"https:\/\/empresas.infoempleo.com\/hrtrends\/\"},{\"@type\":\"ListItem\",\"position\":2,\"name\":\"\u00abEn todos estos a\u00f1os, la televisi\u00f3n ha sido mi principal escuela\u00bb\"}]},{\"@type\":\"WebSite\",\"@id\":\"https:\/\/empresas.infoempleo.com\/hrtrends\/#website\",\"url\":\"https:\/\/empresas.infoempleo.com\/hrtrends\",\"name\":\"HRTrends by Infoempleo\",\"description\":\"\",\"publisher\":{\"@id\":\"https:\/\/empresas.infoempleo.com\/hrtrends\/#organization\"},\"potentialAction\":{\"@type\":\"SearchAction\",\"target\":\"https:\/\/empresas.infoempleo.com\/hrtrends\/?s={search_term_string}\",\"query-input\":\"required name=search_term_string\"},\"inLanguage\":\"es\"},{\"@type\":\"Organization\",\"@id\":\"https:\/\/empresas.infoempleo.com\/hrtrends\/#organization\",\"name\":\"Infoempleo\",\"url\":\"https:\/\/www.infoempleo.com\/\",\"logo\":{\"@type\":\"ImageObject\",\"@id\":\"https:\/\/empresas.infoempleo.com\/hrtrends\/#logo\",\"inLanguage\":\"es\",\"url\":\"https:\/\/cdnazure.infoempleo.com\/infoempleo\/assets\/style\/gfx\/logo.svg\",\"contentUrl\":\"https:\/\/cdnazure.infoempleo.com\/infoempleo\/assets\/style\/gfx\/logo.svg\",\"width\":150,\"height\":40,\"caption\":\"Infoempleo\"},\"image\":{\"@id\":\"https:\/\/empresas.infoempleo.com\/hrtrends\/#logo\"},\"sameAs\":[\"https:\/\/www.facebook.com\/Infoempleo\",\"https:\/\/x.com\/infoempleo\",\"http:\/\/instagram.com\/infoempleo\/\",\"http:\/\/www.linkedin.com\/groups\/Empleo-Espa\u00f1a-Infoempleocom-111276\",\"http:\/\/pinterest.com\/infoempleo\/\"],\"address\":{\"@type\":\"PostalAddress\",\"addressLocality\":\"Madrid\",\"postalCode\":\"28050\",\"streetAddress\":\"Avenida de Burgos 114\"},\"brand\":[\"Infoempleo\"]},{\"@type\":\"Person\",\"@id\":\"https:\/\/empresas.infoempleo.com\/hrtrends\/#\/schema\/person\/f211bd3f083559daff103f670fe968b8\",\"name\":\"Cristina Mart\u00edn\",\"image\":{\"@type\":\"ImageObject\",\"inLanguage\":\"es\",\"@id\":\"https:\/\/empresas.infoempleo.com\/hrtrends\/#\/schema\/person\/image\/\",\"url\":\"https:\/\/secure.gravatar.com\/avatar\/7a85ff01010a0d921dc9d1da42a82a70f74e2cd0329b7fc20ee2c1c08a97daed?s=96&d=mm&r=g\",\"contentUrl\":\"https:\/\/secure.gravatar.com\/avatar\/7a85ff01010a0d921dc9d1da42a82a70f74e2cd0329b7fc20ee2c1c08a97daed?s=96&d=mm&r=g\",\"caption\":\"Cristina Mart\u00edn\"},\"url\":\"https:\/\/empresas.infoempleo.com\/hrtrends\/author\/cristina-martin\/\"}]}<\/script>\n<!-- \/ Yoast SEO plugin. -->","yoast_head_json":{"title":"\"En todos estos a\u00f1os, la televisi\u00f3n ha sido mi principal escuela\" | HRTRENDS","robots":{"index":"index","follow":"follow","max-snippet":"max-snippet:-1","max-image-preview":"max-image-preview:large","max-video-preview":"max-video-preview:-1"},"canonical":"https:\/\/empresas.infoempleo.com\/hrtrends\/en-todos-estos-anos-la-television-ha-sido-mi-principal-escuela\/","og_locale":"es_ES","og_type":"article","og_title":"\"En todos estos a\u00f1os, la televisi\u00f3n ha sido mi principal escuela\" | HRTRENDS","og_description":"Raquel Mero\u00f1o (Madrid, 1975) forma parte de esa cantera de actores que comenzaron en la serie \u00abAl salir Leer m\u00e1s","og_url":"https:\/\/empresas.infoempleo.com\/hrtrends\/en-todos-estos-anos-la-television-ha-sido-mi-principal-escuela\/","og_site_name":"HRTRENDS","article_publisher":"https:\/\/www.facebook.com\/Infoempleo","article_published_time":"2009-11-02T12:00:06+00:00","article_modified_time":"2023-03-13T17:30:53+00:00","og_image":[{"width":1280,"height":960,"url":"https:\/\/empresas.infoempleo.com\/hrtrends\/media\/2017\/05\/pexels-photo-205508.jpg","type":"image\/jpeg"}],"author":"Cristina Mart\u00edn","twitter_card":"summary_large_image","twitter_creator":"@infoempleo","twitter_site":"@infoempleo","twitter_misc":{"Escrito por":"Cristina Mart\u00edn","Tiempo de lectura":"2 minutos"},"schema":{"@context":"https:\/\/schema.org","@graph":[{"@type":"NewsArticle","@id":"https:\/\/empresas.infoempleo.com\/hrtrends\/en-todos-estos-anos-la-television-ha-sido-mi-principal-escuela\/#article","isPartOf":{"@id":"https:\/\/empresas.infoempleo.com\/hrtrends\/en-todos-estos-anos-la-television-ha-sido-mi-principal-escuela\/"},"author":{"name":"Cristina Mart\u00edn","@id":"https:\/\/empresas.infoempleo.com\/hrtrends\/#\/schema\/person\/f211bd3f083559daff103f670fe968b8"},"headline":"\u00abEn todos estos a\u00f1os, la televisi\u00f3n ha sido mi principal escuela\u00bb","datePublished":"2009-11-02T12:00:06+00:00","dateModified":"2023-03-13T17:30:53+00:00","mainEntityOfPage":{"@id":"https:\/\/empresas.infoempleo.com\/hrtrends\/en-todos-estos-anos-la-television-ha-sido-mi-principal-escuela\/"},"wordCount":506,"publisher":{"@id":"https:\/\/empresas.infoempleo.com\/hrtrends\/#organization"},"image":{"@id":"https:\/\/empresas.infoempleo.com\/hrtrends\/en-todos-estos-anos-la-television-ha-sido-mi-principal-escuela\/#primaryimage"},"thumbnailUrl":"https:\/\/empresas.infoempleo.com\/hrtrends\/media\/2017\/05\/pexels-photo-205508.jpg","keywords":["primer empleo"],"articleSection":["Actualidad"],"inLanguage":"es","copyrightYear":"2009","copyrightHolder":{"@id":"https:\/\/empresas.infoempleo.com\/hrtrends\/#organization"}},{"@type":"WebPage","@id":"https:\/\/empresas.infoempleo.com\/hrtrends\/en-todos-estos-anos-la-television-ha-sido-mi-principal-escuela\/","url":"https:\/\/empresas.infoempleo.com\/hrtrends\/en-todos-estos-anos-la-television-ha-sido-mi-principal-escuela\/","name":"\"En todos estos a\u00f1os, la televisi\u00f3n ha sido mi principal escuela\" | HRTRENDS","isPartOf":{"@id":"https:\/\/empresas.infoempleo.com\/hrtrends\/#website"},"primaryImageOfPage":{"@id":"https:\/\/empresas.infoempleo.com\/hrtrends\/en-todos-estos-anos-la-television-ha-sido-mi-principal-escuela\/#primaryimage"},"image":{"@id":"https:\/\/empresas.infoempleo.com\/hrtrends\/en-todos-estos-anos-la-television-ha-sido-mi-principal-escuela\/#primaryimage"},"thumbnailUrl":"https:\/\/empresas.infoempleo.com\/hrtrends\/media\/2017\/05\/pexels-photo-205508.jpg","datePublished":"2009-11-02T12:00:06+00:00","dateModified":"2023-03-13T17:30:53+00:00","breadcrumb":{"@id":"https:\/\/empresas.infoempleo.com\/hrtrends\/en-todos-estos-anos-la-television-ha-sido-mi-principal-escuela\/#breadcrumb"},"inLanguage":"es","potentialAction":[{"@type":"ReadAction","target":["https:\/\/empresas.infoempleo.com\/hrtrends\/en-todos-estos-anos-la-television-ha-sido-mi-principal-escuela\/"]}]},{"@type":"ImageObject","inLanguage":"es","@id":"https:\/\/empresas.infoempleo.com\/hrtrends\/en-todos-estos-anos-la-television-ha-sido-mi-principal-escuela\/#primaryimage","url":"https:\/\/empresas.infoempleo.com\/hrtrends\/media\/2017\/05\/pexels-photo-205508-150x150.jpg","contentUrl":"https:\/\/empresas.infoempleo.com\/hrtrends\/media\/2017\/05\/pexels-photo-205508-150x150.jpg","width":150,"height":150},{"@type":"BreadcrumbList","@id":"https:\/\/empresas.infoempleo.com\/hrtrends\/en-todos-estos-anos-la-television-ha-sido-mi-principal-escuela\/#breadcrumb","itemListElement":[{"@type":"ListItem","position":1,"name":"Portada","item":"https:\/\/empresas.infoempleo.com\/hrtrends\/"},{"@type":"ListItem","position":2,"name":"\u00abEn todos estos a\u00f1os, la televisi\u00f3n ha sido mi principal escuela\u00bb"}]},{"@type":"WebSite","@id":"https:\/\/empresas.infoempleo.com\/hrtrends\/#website","url":"https:\/\/empresas.infoempleo.com\/hrtrends","name":"HRTrends by Infoempleo","description":"","publisher":{"@id":"https:\/\/empresas.infoempleo.com\/hrtrends\/#organization"},"potentialAction":{"@type":"SearchAction","target":"https:\/\/empresas.infoempleo.com\/hrtrends\/?s={search_term_string}","query-input":"required name=search_term_string"},"inLanguage":"es"},{"@type":"Organization","@id":"https:\/\/empresas.infoempleo.com\/hrtrends\/#organization","name":"Infoempleo","url":"https:\/\/www.infoempleo.com\/","logo":{"@type":"ImageObject","@id":"https:\/\/empresas.infoempleo.com\/hrtrends\/#logo","inLanguage":"es","url":"https:\/\/cdnazure.infoempleo.com\/infoempleo\/assets\/style\/gfx\/logo.svg","contentUrl":"https:\/\/cdnazure.infoempleo.com\/infoempleo\/assets\/style\/gfx\/logo.svg","width":150,"height":40,"caption":"Infoempleo"},"image":{"@id":"https:\/\/empresas.infoempleo.com\/hrtrends\/#logo"},"sameAs":["https:\/\/www.facebook.com\/Infoempleo","https:\/\/x.com\/infoempleo","http:\/\/instagram.com\/infoempleo\/","http:\/\/www.linkedin.com\/groups\/Empleo-Espa\u00f1a-Infoempleocom-111276","http:\/\/pinterest.com\/infoempleo\/"],"address":{"@type":"PostalAddress","addressLocality":"Madrid","postalCode":"28050","streetAddress":"Avenida de Burgos 114"},"brand":["Infoempleo"]},{"@type":"Person","@id":"https:\/\/empresas.infoempleo.com\/hrtrends\/#\/schema\/person\/f211bd3f083559daff103f670fe968b8","name":"Cristina Mart\u00edn","image":{"@type":"ImageObject","inLanguage":"es","@id":"https:\/\/empresas.infoempleo.com\/hrtrends\/#\/schema\/person\/image\/","url":"https:\/\/secure.gravatar.com\/avatar\/7a85ff01010a0d921dc9d1da42a82a70f74e2cd0329b7fc20ee2c1c08a97daed?s=96&d=mm&r=g","contentUrl":"https:\/\/secure.gravatar.com\/avatar\/7a85ff01010a0d921dc9d1da42a82a70f74e2cd0329b7fc20ee2c1c08a97daed?s=96&d=mm&r=g","caption":"Cristina Mart\u00edn"},"url":"https:\/\/empresas.infoempleo.com\/hrtrends\/author\/cristina-martin\/"}]}},"amp_enabled":true,"_links":{"self":[{"href":"https:\/\/empresas.infoempleo.com\/hrtrends\/wp-json\/wp\/v2\/posts\/4680","targetHints":{"allow":["GET"]}}],"collection":[{"href":"https:\/\/empresas.infoempleo.com\/hrtrends\/wp-json\/wp\/v2\/posts"}],"about":[{"href":"https:\/\/empresas.infoempleo.com\/hrtrends\/wp-json\/wp\/v2\/types\/post"}],"author":[{"embeddable":true,"href":"https:\/\/empresas.infoempleo.com\/hrtrends\/wp-json\/wp\/v2\/users\/33"}],"replies":[{"embeddable":true,"href":"https:\/\/empresas.infoempleo.com\/hrtrends\/wp-json\/wp\/v2\/comments?post=4680"}],"version-history":[{"count":1,"href":"https:\/\/empresas.infoempleo.com\/hrtrends\/wp-json\/wp\/v2\/posts\/4680\/revisions"}],"predecessor-version":[{"id":43274,"href":"https:\/\/empresas.infoempleo.com\/hrtrends\/wp-json\/wp\/v2\/posts\/4680\/revisions\/43274"}],"wp:featuredmedia":[{"embeddable":true,"href":"https:\/\/empresas.infoempleo.com\/hrtrends\/wp-json\/wp\/v2\/media\/29665"}],"wp:attachment":[{"href":"https:\/\/empresas.infoempleo.com\/hrtrends\/wp-json\/wp\/v2\/media?parent=4680"}],"wp:term":[{"taxonomy":"category","embeddable":true,"href":"https:\/\/empresas.infoempleo.com\/hrtrends\/wp-json\/wp\/v2\/categories?post=4680"},{"taxonomy":"post_tag","embeddable":true,"href":"https:\/\/empresas.infoempleo.com\/hrtrends\/wp-json\/wp\/v2\/tags?post=4680"}],"curies":[{"name":"wp","href":"https:\/\/api.w.org\/{rel}","templated":true}]}}