{"id":46790,"date":"2025-06-10T07:30:44","date_gmt":"2025-06-10T05:30:44","guid":{"rendered":"https:\/\/empresas.infoempleo.com\/hrtrends\/?p=46790"},"modified":"2025-06-05T19:31:53","modified_gmt":"2025-06-05T17:31:53","slug":"formacion-corporativa-realidad-virtual-aumentada","status":"publish","type":"post","link":"https:\/\/empresas.infoempleo.com\/hrtrends\/formacion-corporativa-realidad-virtual-aumentada\/","title":{"rendered":"Nuevas tendencias en formaci\u00f3n corporativa: Uso de realidad virtual y aumentada en programas de capacitaci\u00f3n"},"content":{"rendered":"<p data-start=\"401\" data-end=\"817\">La forma en que las empresas capacitan a sus equipos est\u00e1 cambiando r\u00e1pidamente. Hoy en d\u00eda, la <strong data-start=\"497\" data-end=\"555\">formaci\u00f3n corporativa con realidad virtual y aumentada<\/strong> se posiciona como una de las tendencias m\u00e1s innovadoras y efectivas. Lo que antes parec\u00eda propio de pel\u00edculas de ciencia ficci\u00f3n, ahora est\u00e1 al alcance de las organizaciones que buscan formar a sus empleados de forma m\u00e1s efectiva, segura y atractiva.<\/p>\n<h2 data-start=\"819\" data-end=\"875\">\u00bfQu\u00e9 es la realidad virtual y la realidad aumentada?<\/h2>\n<p data-start=\"877\" data-end=\"987\">Para entender c\u00f3mo impactan estas herramientas en el mundo empresarial, es importante entender c\u00f3mo funcionan ambas tecnolog\u00edas.<\/p>\n<p data-start=\"989\" data-end=\"1230\">La <strong data-start=\"992\" data-end=\"1017\">realidad virtual (VR)<\/strong> es una simulaci\u00f3n digital de un entorno real o imaginario. Se utiliza con visores especiales que a\u00edslan al usuario del mundo real y lo sumergen completamente en una experiencia interactiva.<\/p>\n<p data-start=\"1232\" data-end=\"1542\">En cambio, la <strong data-start=\"1246\" data-end=\"1273\">realidad aumentada (AR)<\/strong> superpone elementos digitales (como im\u00e1genes, instrucciones o animaciones) sobre el mundo real, generalmente a trav\u00e9s de un dispositivo m\u00f3vil, una tablet o gafas especiales. Es decir, no te a\u00edsla del entorno, sino que lo complementa.<\/p>\n<h2 data-start=\"1544\" data-end=\"1636\">\u00bfPor qu\u00e9 estas tecnolog\u00edas est\u00e1n ganando terreno en la capacitaci\u00f3n empresarial?<\/h2>\n<p data-start=\"1638\" data-end=\"1778\">Las empresas est\u00e1n adoptando estas tecnolog\u00edas en sus <strong data-start=\"1736\" data-end=\"1777\">programas de capacitaci\u00f3n corporativa<\/strong> porque ofrecen varias ventajas sobre los m\u00e9todos tradicionales:<\/p>\n<h3 data-start=\"1780\" data-end=\"1831\">\ud83d\udc49 Mayor retenci\u00f3n del conocimiento<\/h3>\n<p data-start=\"1833\" data-end=\"2140\">Diversos estudios han demostrado que los empleados recuerdan mejor lo que aprenden cuando interact\u00faan con el contenido. La <strong data-start=\"1955\" data-end=\"1992\">capacitaci\u00f3n con realidad virtual<\/strong> permite aprender haciendo, en vez de solo escuchando o leyendo. Al estar inmerso en una experiencia, el cerebro procesa la informaci\u00f3n de forma m\u00e1s profunda, lo que mejora la retenci\u00f3n.<\/p>\n<h3 data-start=\"2142\" data-end=\"2201\">\ud83d\udc49 Entrenamiento seguro en entornos de riesgo<\/h3>\n<p data-start=\"2203\" data-end=\"2492\">En sectores como la construcci\u00f3n, la manufactura, la salud o la energ\u00eda, los empleados deben enfrentar situaciones peligrosas o complejas. Gracias al <strong data-start=\"2303\" data-end=\"2345\">entrenamiento inmersivo para empleados<\/strong>, pueden practicar protocolos, manejo de maquinaria o respuesta ante emergencias sin ponerse en riesgo. Esto reduce los errores en el mundo real y mejora la seguridad laboral.<\/p>\n<h3 data-start=\"2494\" data-end=\"2556\">\ud83d\udc49 Aprendizaje personalizado y a demanda<\/h3>\n<p data-start=\"2558\" data-end=\"2847\">La realidad aumentada puede ofrecer a los trabajadores informaci\u00f3n espec\u00edfica justo cuando la necesiten. Por ejemplo, al apuntar con un dispositivo a una m\u00e1quina, se pueden mostrar instrucciones paso a paso para su uso o mantenimiento. Esto permite un aprendizaje m\u00e1s eficiente y adaptado al ritmo de cada persona.<\/p>\n<h3 data-start=\"2849\" data-end=\"2904\">\ud83d\udc49 Mayor motivaci\u00f3n y participaci\u00f3n del equipo<\/h3>\n<p data-start=\"2906\" data-end=\"3144\">La <strong data-start=\"2909\" data-end=\"2946\">formaci\u00f3n empresarial con VR y AR<\/strong> convierte el aprendizaje en una experiencia m\u00e1s atractiva. Al <a href=\"https:\/\/empresas.infoempleo.com\/hrtrends\/como-utilizar-videojuegos-para-evaluar-soft-skills-de-los-candidatos\/\" target=\"_blank\" rel=\"noopener\">utilizar simulaciones y juegos interactivos,<\/a> los empleados se sienten m\u00e1s motivados y participativos. Esto se traduce en <a href=\"https:\/\/empresas.infoempleo.com\/hrtrends\/estrategias-de-upskilling-y-reskilling\/\">mejores resultados de aprendizaje<\/a> y menor rotaci\u00f3n de personal.<\/p>\n<p data-start=\"2906\" data-end=\"3144\"><img loading=\"lazy\" decoding=\"async\" class=\"alignnone wp-image-46796\" title=\"capacitaci\u00f3n con VR\" src=\"https:\/\/empresas.infoempleo.com\/hrtrends\/media\/2025\/06\/Realidad-aumentada-capacitacion.jpg\" alt=\"capacitaci\u00f3n con VR\" width=\"700\" height=\"394\" srcset=\"https:\/\/empresas.infoempleo.com\/hrtrends\/media\/2025\/06\/Realidad-aumentada-capacitacion.jpg 1000w, https:\/\/empresas.infoempleo.com\/hrtrends\/media\/2025\/06\/Realidad-aumentada-capacitacion-300x169.jpg 300w, https:\/\/empresas.infoempleo.com\/hrtrends\/media\/2025\/06\/Realidad-aumentada-capacitacion-768x432.jpg 768w\" sizes=\"auto, (max-width: 700px) 100vw, 700px\" \/><\/p>\n<h2 data-start=\"3668\" data-end=\"3710\">\u00bfEs viable para todo tipo de empresas?<\/h2>\n<p data-start=\"3712\" data-end=\"4081\">Aunque antes era costoso, hoy en d\u00eda existen soluciones accesibles para empresas de todos los tama\u00f1os, desde programas personalizados hasta plataformas en la nube con modelos de suscripci\u00f3n. Adem\u00e1s, el retorno de inversi\u00f3n (ROI) suele ser alto, ya que se producen menos errores, menor rotaci\u00f3n de personal, reducci\u00f3n en accidentes y un aprendizaje m\u00e1s r\u00e1pido.<\/p>\n<p data-start=\"3196\" data-end=\"3270\">Las posibilidades que ofrece y el uso que se puede dar a estas tecnolog\u00edas var\u00eda seg\u00fan el sector al que se quiera aplicar. Por ejemplo:<\/p>\n<ul data-start=\"3272\" data-end=\"3666\">\n<li data-start=\"3272\" data-end=\"3369\">\n<p data-start=\"3274\" data-end=\"3369\"><strong data-start=\"3274\" data-end=\"3285\">En Retail:<\/strong> Entrenamiento en atenci\u00f3n al cliente, manejo de objeciones y experiencia de compra.<\/p>\n<\/li>\n<li data-start=\"3370\" data-end=\"3464\">\n<p data-start=\"3372\" data-end=\"3464\"><strong data-start=\"3372\" data-end=\"3382\">En el sector Salud:<\/strong> Simulaciones m\u00e9dicas para m\u00e9dicos y enfermeros, sin riesgo para pacientes reales.<\/p>\n<\/li>\n<li data-start=\"3465\" data-end=\"3556\">\n<p data-start=\"3467\" data-end=\"3556\"><strong data-start=\"3467\" data-end=\"3494\">En Log\u00edstica y transporte:<\/strong> Capacitaci\u00f3n en rutas, carga de mercanc\u00eda y uso de veh\u00edculos.<\/p>\n<\/li>\n<li data-start=\"3557\" data-end=\"3666\">\n<p data-start=\"3559\" data-end=\"3666\"><strong data-start=\"3559\" data-end=\"3573\">En Industria:<\/strong> Formaci\u00f3n sobre protocolos de seguridad, operaci\u00f3n de maquinaria y mantenimiento preventivo.<\/p>\n<\/li>\n<\/ul>\n<h2 data-start=\"4222\" data-end=\"4290\">C\u00f3mo comenzar a aplicar VR y AR en la capacitaci\u00f3n de tu empresa<\/h2>\n<p data-start=\"4292\" data-end=\"4423\">Si est\u00e1s considerando introducir la <strong data-start=\"4328\" data-end=\"4386\">formaci\u00f3n corporativa con realidad virtual y aumentada<\/strong>, te recomendamos seguir estos pasos:<\/p>\n<p data-start=\"4428\" data-end=\"4514\"><strong data-start=\"4428\" data-end=\"4467\">\u2705 Paso 1. Define tus necesidades espec\u00edficas:<\/strong> \u00bfQu\u00e9 habilidades o procesos necesitan mejoras?<\/p>\n<p data-start=\"4518\" data-end=\"4612\"><strong data-start=\"4518\" data-end=\"4560\">\u2705 Paso 2. Eval\u00faa recursos y equipos disponibles:<\/strong> Presupuesto, dispositivos, nivel de digitalizaci\u00f3n.<\/p>\n<p data-start=\"4616\" data-end=\"4724\"><strong data-start=\"4616\" data-end=\"4657\">\u2705 Paso 3. Investiga proveedores especializados:<\/strong> Existen opciones flexibles seg\u00fan el sector y tama\u00f1o de tu empresa.<\/p>\n<p data-start=\"4728\" data-end=\"4809\"><strong data-start=\"4728\" data-end=\"4757\">\u2705 Paso 4. Lanza un proyecto piloto:<\/strong> Prueba con un grupo reducido y mide los resultados.<\/p>\n<p data-start=\"4813\" data-end=\"4896\"><strong data-start=\"4813\" data-end=\"4853\">\u2705 Paso 5. Recoge feedback y ajusta el enfoque:<\/strong> La mejora continua es clave para el \u00e9xito.<\/p>\n<p data-start=\"5161\" data-end=\"5343\">Invertir en estas tecnolog\u00edas significa apostar por una empresa m\u00e1s \u00e1gil, innovadora y preparada para el futuro. Y lo mejor es que ya est\u00e1n al alcance de casi cualquier organizaci\u00f3n. \u00bfTu empresa est\u00e1 lista para dar el salto a la formaci\u00f3n del futuro?<\/p>\n","protected":false},"excerpt":{"rendered":"<p>La forma en que las empresas capacitan a sus equipos est\u00e1 cambiando r\u00e1pidamente. Hoy en d\u00eda, la formaci\u00f3n<a class=\"moretag\" href=\"https:\/\/empresas.infoempleo.com\/hrtrends\/formacion-corporativa-realidad-virtual-aumentada\/\"> Leer m\u00e1s<\/a><\/p>\n","protected":false},"author":27,"featured_media":46795,"comment_status":"closed","ping_status":"closed","sticky":false,"template":"","format":"standard","meta":{"footnotes":""},"categories":[3],"tags":[3789,2537,3568,3787,2299,3788],"class_list":["post-46790","post","type-post","status-publish","format-standard","has-post-thumbnail","hentry","category-actualidad","tag-ar","tag-capacitacion","tag-formacion-corporativa","tag-realidad-aumentada","tag-realidad-virtual","tag-vr"],"yoast_head":"<!-- This site is optimized with the Yoast SEO plugin v26.1.1 - https:\/\/yoast.com\/wordpress\/plugins\/seo\/ -->\n<title>Formaci\u00f3n corporativa con realidad virtual y aumentada (VR y AR)<\/title>\n<meta name=\"description\" content=\"Descubre c\u00f3mo la formaci\u00f3n corporativa con realidad virtual y aumentada puede mejorar la capacitaci\u00f3n y motivar a tus empleados.\" \/>\n<meta name=\"robots\" content=\"index, follow, max-snippet:-1, max-image-preview:large, max-video-preview:-1\" \/>\n<link rel=\"canonical\" href=\"https:\/\/empresas.infoempleo.com\/hrtrends\/formacion-corporativa-realidad-virtual-aumentada\/\" \/>\n<meta property=\"og:locale\" content=\"es_ES\" \/>\n<meta property=\"og:type\" content=\"article\" \/>\n<meta property=\"og:title\" content=\"Formaci\u00f3n corporativa con realidad virtual y aumentada (VR y AR)\" \/>\n<meta property=\"og:description\" content=\"Descubre c\u00f3mo la formaci\u00f3n corporativa con realidad virtual y aumentada puede mejorar la capacitaci\u00f3n y motivar a tus empleados.\" \/>\n<meta property=\"og:url\" content=\"https:\/\/empresas.infoempleo.com\/hrtrends\/formacion-corporativa-realidad-virtual-aumentada\/\" \/>\n<meta property=\"og:site_name\" content=\"HRTRENDS\" \/>\n<meta property=\"article:publisher\" content=\"https:\/\/www.facebook.com\/Infoempleo\" \/>\n<meta property=\"article:published_time\" content=\"2025-06-10T05:30:44+00:00\" \/>\n<meta property=\"og:image\" content=\"https:\/\/empresas.infoempleo.com\/hrtrends\/media\/2025\/06\/Formacion-corporativa-con-realidad-virtual-VR.jpg\" \/>\n\t<meta property=\"og:image:width\" content=\"1500\" \/>\n\t<meta property=\"og:image:height\" content=\"1000\" \/>\n\t<meta property=\"og:image:type\" content=\"image\/jpeg\" \/>\n<meta name=\"author\" content=\"Mayte Guill\u00e9n\" \/>\n<meta name=\"twitter:card\" content=\"summary_large_image\" \/>\n<meta name=\"twitter:creator\" content=\"@mayteguillen\" \/>\n<meta name=\"twitter:site\" content=\"@infoempleo\" \/>\n<meta name=\"twitter:label1\" content=\"Escrito por\" \/>\n\t<meta name=\"twitter:data1\" content=\"Mayte Guill\u00e9n\" \/>\n\t<meta name=\"twitter:label2\" content=\"Tiempo de lectura\" \/>\n\t<meta name=\"twitter:data2\" content=\"4 minutos\" \/>\n<script type=\"application\/ld+json\" class=\"yoast-schema-graph\">{\"@context\":\"https:\/\/schema.org\",\"@graph\":[{\"@type\":\"NewsArticle\",\"@id\":\"https:\/\/empresas.infoempleo.com\/hrtrends\/formacion-corporativa-realidad-virtual-aumentada\/#article\",\"isPartOf\":{\"@id\":\"https:\/\/empresas.infoempleo.com\/hrtrends\/formacion-corporativa-realidad-virtual-aumentada\/\"},\"author\":{\"name\":\"Mayte Guill\u00e9n\",\"@id\":\"https:\/\/empresas.infoempleo.com\/hrtrends\/#\/schema\/person\/4e46e960319e61d74737b4371bed2d9e\"},\"headline\":\"Nuevas tendencias en formaci\u00f3n corporativa: Uso de realidad virtual y aumentada en programas de capacitaci\u00f3n\",\"datePublished\":\"2025-06-10T05:30:44+00:00\",\"mainEntityOfPage\":{\"@id\":\"https:\/\/empresas.infoempleo.com\/hrtrends\/formacion-corporativa-realidad-virtual-aumentada\/\"},\"wordCount\":790,\"publisher\":{\"@id\":\"https:\/\/empresas.infoempleo.com\/hrtrends\/#organization\"},\"image\":{\"@id\":\"https:\/\/empresas.infoempleo.com\/hrtrends\/formacion-corporativa-realidad-virtual-aumentada\/#primaryimage\"},\"thumbnailUrl\":\"https:\/\/empresas.infoempleo.com\/hrtrends\/media\/2025\/06\/Formacion-corporativa-con-realidad-virtual-VR.jpg\",\"keywords\":[\"AR\",\"capacitaci\u00f3n\",\"formaci\u00f3n corporativa\",\"realidad aumentada\",\"realidad virtual\",\"VR\"],\"articleSection\":[\"Actualidad\"],\"inLanguage\":\"es\",\"copyrightYear\":\"2025\",\"copyrightHolder\":{\"@id\":\"https:\/\/empresas.infoempleo.com\/hrtrends\/#organization\"}},{\"@type\":\"WebPage\",\"@id\":\"https:\/\/empresas.infoempleo.com\/hrtrends\/formacion-corporativa-realidad-virtual-aumentada\/\",\"url\":\"https:\/\/empresas.infoempleo.com\/hrtrends\/formacion-corporativa-realidad-virtual-aumentada\/\",\"name\":\"Formaci\u00f3n corporativa con realidad virtual y aumentada (VR y AR)\",\"isPartOf\":{\"@id\":\"https:\/\/empresas.infoempleo.com\/hrtrends\/#website\"},\"primaryImageOfPage\":{\"@id\":\"https:\/\/empresas.infoempleo.com\/hrtrends\/formacion-corporativa-realidad-virtual-aumentada\/#primaryimage\"},\"image\":{\"@id\":\"https:\/\/empresas.infoempleo.com\/hrtrends\/formacion-corporativa-realidad-virtual-aumentada\/#primaryimage\"},\"thumbnailUrl\":\"https:\/\/empresas.infoempleo.com\/hrtrends\/media\/2025\/06\/Formacion-corporativa-con-realidad-virtual-VR.jpg\",\"datePublished\":\"2025-06-10T05:30:44+00:00\",\"description\":\"Descubre c\u00f3mo la formaci\u00f3n corporativa con realidad virtual y aumentada puede mejorar la capacitaci\u00f3n y motivar a tus empleados.\",\"breadcrumb\":{\"@id\":\"https:\/\/empresas.infoempleo.com\/hrtrends\/formacion-corporativa-realidad-virtual-aumentada\/#breadcrumb\"},\"inLanguage\":\"es\",\"potentialAction\":[{\"@type\":\"ReadAction\",\"target\":[\"https:\/\/empresas.infoempleo.com\/hrtrends\/formacion-corporativa-realidad-virtual-aumentada\/\"]}]},{\"@type\":\"ImageObject\",\"inLanguage\":\"es\",\"@id\":\"https:\/\/empresas.infoempleo.com\/hrtrends\/formacion-corporativa-realidad-virtual-aumentada\/#primaryimage\",\"url\":\"https:\/\/empresas.infoempleo.com\/hrtrends\/media\/2025\/06\/Formacion-corporativa-con-realidad-virtual-VR-150x150.jpg\",\"contentUrl\":\"https:\/\/empresas.infoempleo.com\/hrtrends\/media\/2025\/06\/Formacion-corporativa-con-realidad-virtual-VR-150x150.jpg\",\"width\":150,\"height\":150,\"caption\":\"Formaci\u00f3n corporativa con realidad virtual VR\"},{\"@type\":\"BreadcrumbList\",\"@id\":\"https:\/\/empresas.infoempleo.com\/hrtrends\/formacion-corporativa-realidad-virtual-aumentada\/#breadcrumb\",\"itemListElement\":[{\"@type\":\"ListItem\",\"position\":1,\"name\":\"Portada\",\"item\":\"https:\/\/empresas.infoempleo.com\/hrtrends\/\"},{\"@type\":\"ListItem\",\"position\":2,\"name\":\"Nuevas tendencias en formaci\u00f3n corporativa: Uso de realidad virtual y aumentada en programas de capacitaci\u00f3n\"}]},{\"@type\":\"WebSite\",\"@id\":\"https:\/\/empresas.infoempleo.com\/hrtrends\/#website\",\"url\":\"https:\/\/empresas.infoempleo.com\/hrtrends\",\"name\":\"HRTrends by Infoempleo\",\"description\":\"\",\"publisher\":{\"@id\":\"https:\/\/empresas.infoempleo.com\/hrtrends\/#organization\"},\"potentialAction\":{\"@type\":\"SearchAction\",\"target\":\"https:\/\/empresas.infoempleo.com\/hrtrends\/?s={search_term_string}\",\"query-input\":\"required name=search_term_string\"},\"inLanguage\":\"es\"},{\"@type\":\"Organization\",\"@id\":\"https:\/\/empresas.infoempleo.com\/hrtrends\/#organization\",\"name\":\"Infoempleo\",\"url\":\"https:\/\/www.infoempleo.com\/\",\"logo\":{\"@type\":\"ImageObject\",\"@id\":\"https:\/\/empresas.infoempleo.com\/hrtrends\/#logo\",\"inLanguage\":\"es\",\"url\":\"https:\/\/cdnazure.infoempleo.com\/infoempleo\/assets\/style\/gfx\/logo.svg\",\"contentUrl\":\"https:\/\/cdnazure.infoempleo.com\/infoempleo\/assets\/style\/gfx\/logo.svg\",\"width\":150,\"height\":40,\"caption\":\"Infoempleo\"},\"image\":{\"@id\":\"https:\/\/empresas.infoempleo.com\/hrtrends\/#logo\"},\"sameAs\":[\"https:\/\/www.facebook.com\/Infoempleo\",\"https:\/\/x.com\/infoempleo\",\"http:\/\/instagram.com\/infoempleo\/\",\"http:\/\/www.linkedin.com\/groups\/Empleo-Espa\u00f1a-Infoempleocom-111276\",\"http:\/\/pinterest.com\/infoempleo\/\"],\"address\":{\"@type\":\"PostalAddress\",\"addressLocality\":\"Madrid\",\"postalCode\":\"28050\",\"streetAddress\":\"Avenida de Burgos 114\"},\"brand\":[\"Infoempleo\"]},{\"@type\":\"Person\",\"@id\":\"https:\/\/empresas.infoempleo.com\/hrtrends\/#\/schema\/person\/4e46e960319e61d74737b4371bed2d9e\",\"name\":\"Mayte Guill\u00e9n\",\"image\":{\"@type\":\"ImageObject\",\"inLanguage\":\"es\",\"@id\":\"https:\/\/empresas.infoempleo.com\/hrtrends\/#\/schema\/person\/image\/\",\"url\":\"https:\/\/secure.gravatar.com\/avatar\/65b5a8d69d8ba2b4ada3ebca81086320c804f708633e50c9630548bdbfb2a7c4?s=96&d=mm&r=g\",\"contentUrl\":\"https:\/\/secure.gravatar.com\/avatar\/65b5a8d69d8ba2b4ada3ebca81086320c804f708633e50c9630548bdbfb2a7c4?s=96&d=mm&r=g\",\"caption\":\"Mayte Guill\u00e9n\"},\"description\":\"Escribo sobre empleo, formaci\u00f3n y Recursos Humanos, y las sinergias que existen entre estos mundos. Me gusta pensar que con mi trabajo ayudo a las personas a mejorar su futuro laboral. Responsable de Contenidos y Estudios en Infoempleo.\",\"sameAs\":[\"https:\/\/www.linkedin.com\/in\/mayteguillen\/\",\"https:\/\/x.com\/mayteguillen\"],\"url\":\"https:\/\/empresas.infoempleo.com\/hrtrends\/author\/mayte-guillen\/\"}]}<\/script>\n<!-- \/ Yoast SEO plugin. -->","yoast_head_json":{"title":"Formaci\u00f3n corporativa con realidad virtual y aumentada (VR y AR)","description":"Descubre c\u00f3mo la formaci\u00f3n corporativa con realidad virtual y aumentada puede mejorar la capacitaci\u00f3n y motivar a tus empleados.","robots":{"index":"index","follow":"follow","max-snippet":"max-snippet:-1","max-image-preview":"max-image-preview:large","max-video-preview":"max-video-preview:-1"},"canonical":"https:\/\/empresas.infoempleo.com\/hrtrends\/formacion-corporativa-realidad-virtual-aumentada\/","og_locale":"es_ES","og_type":"article","og_title":"Formaci\u00f3n corporativa con realidad virtual y aumentada (VR y AR)","og_description":"Descubre c\u00f3mo la formaci\u00f3n corporativa con realidad virtual y aumentada puede mejorar la capacitaci\u00f3n y motivar a tus empleados.","og_url":"https:\/\/empresas.infoempleo.com\/hrtrends\/formacion-corporativa-realidad-virtual-aumentada\/","og_site_name":"HRTRENDS","article_publisher":"https:\/\/www.facebook.com\/Infoempleo","article_published_time":"2025-06-10T05:30:44+00:00","og_image":[{"width":1500,"height":1000,"url":"https:\/\/empresas.infoempleo.com\/hrtrends\/media\/2025\/06\/Formacion-corporativa-con-realidad-virtual-VR.jpg","type":"image\/jpeg"}],"author":"Mayte Guill\u00e9n","twitter_card":"summary_large_image","twitter_creator":"@mayteguillen","twitter_site":"@infoempleo","twitter_misc":{"Escrito por":"Mayte Guill\u00e9n","Tiempo de lectura":"4 minutos"},"schema":{"@context":"https:\/\/schema.org","@graph":[{"@type":"NewsArticle","@id":"https:\/\/empresas.infoempleo.com\/hrtrends\/formacion-corporativa-realidad-virtual-aumentada\/#article","isPartOf":{"@id":"https:\/\/empresas.infoempleo.com\/hrtrends\/formacion-corporativa-realidad-virtual-aumentada\/"},"author":{"name":"Mayte Guill\u00e9n","@id":"https:\/\/empresas.infoempleo.com\/hrtrends\/#\/schema\/person\/4e46e960319e61d74737b4371bed2d9e"},"headline":"Nuevas tendencias en formaci\u00f3n corporativa: Uso de realidad virtual y aumentada en programas de capacitaci\u00f3n","datePublished":"2025-06-10T05:30:44+00:00","mainEntityOfPage":{"@id":"https:\/\/empresas.infoempleo.com\/hrtrends\/formacion-corporativa-realidad-virtual-aumentada\/"},"wordCount":790,"publisher":{"@id":"https:\/\/empresas.infoempleo.com\/hrtrends\/#organization"},"image":{"@id":"https:\/\/empresas.infoempleo.com\/hrtrends\/formacion-corporativa-realidad-virtual-aumentada\/#primaryimage"},"thumbnailUrl":"https:\/\/empresas.infoempleo.com\/hrtrends\/media\/2025\/06\/Formacion-corporativa-con-realidad-virtual-VR.jpg","keywords":["AR","capacitaci\u00f3n","formaci\u00f3n corporativa","realidad aumentada","realidad virtual","VR"],"articleSection":["Actualidad"],"inLanguage":"es","copyrightYear":"2025","copyrightHolder":{"@id":"https:\/\/empresas.infoempleo.com\/hrtrends\/#organization"}},{"@type":"WebPage","@id":"https:\/\/empresas.infoempleo.com\/hrtrends\/formacion-corporativa-realidad-virtual-aumentada\/","url":"https:\/\/empresas.infoempleo.com\/hrtrends\/formacion-corporativa-realidad-virtual-aumentada\/","name":"Formaci\u00f3n corporativa con realidad virtual y aumentada (VR y AR)","isPartOf":{"@id":"https:\/\/empresas.infoempleo.com\/hrtrends\/#website"},"primaryImageOfPage":{"@id":"https:\/\/empresas.infoempleo.com\/hrtrends\/formacion-corporativa-realidad-virtual-aumentada\/#primaryimage"},"image":{"@id":"https:\/\/empresas.infoempleo.com\/hrtrends\/formacion-corporativa-realidad-virtual-aumentada\/#primaryimage"},"thumbnailUrl":"https:\/\/empresas.infoempleo.com\/hrtrends\/media\/2025\/06\/Formacion-corporativa-con-realidad-virtual-VR.jpg","datePublished":"2025-06-10T05:30:44+00:00","description":"Descubre c\u00f3mo la formaci\u00f3n corporativa con realidad virtual y aumentada puede mejorar la capacitaci\u00f3n y motivar a tus empleados.","breadcrumb":{"@id":"https:\/\/empresas.infoempleo.com\/hrtrends\/formacion-corporativa-realidad-virtual-aumentada\/#breadcrumb"},"inLanguage":"es","potentialAction":[{"@type":"ReadAction","target":["https:\/\/empresas.infoempleo.com\/hrtrends\/formacion-corporativa-realidad-virtual-aumentada\/"]}]},{"@type":"ImageObject","inLanguage":"es","@id":"https:\/\/empresas.infoempleo.com\/hrtrends\/formacion-corporativa-realidad-virtual-aumentada\/#primaryimage","url":"https:\/\/empresas.infoempleo.com\/hrtrends\/media\/2025\/06\/Formacion-corporativa-con-realidad-virtual-VR-150x150.jpg","contentUrl":"https:\/\/empresas.infoempleo.com\/hrtrends\/media\/2025\/06\/Formacion-corporativa-con-realidad-virtual-VR-150x150.jpg","width":150,"height":150,"caption":"Formaci\u00f3n corporativa con realidad virtual VR"},{"@type":"BreadcrumbList","@id":"https:\/\/empresas.infoempleo.com\/hrtrends\/formacion-corporativa-realidad-virtual-aumentada\/#breadcrumb","itemListElement":[{"@type":"ListItem","position":1,"name":"Portada","item":"https:\/\/empresas.infoempleo.com\/hrtrends\/"},{"@type":"ListItem","position":2,"name":"Nuevas tendencias en formaci\u00f3n corporativa: Uso de realidad virtual y aumentada en programas de capacitaci\u00f3n"}]},{"@type":"WebSite","@id":"https:\/\/empresas.infoempleo.com\/hrtrends\/#website","url":"https:\/\/empresas.infoempleo.com\/hrtrends","name":"HRTrends by Infoempleo","description":"","publisher":{"@id":"https:\/\/empresas.infoempleo.com\/hrtrends\/#organization"},"potentialAction":{"@type":"SearchAction","target":"https:\/\/empresas.infoempleo.com\/hrtrends\/?s={search_term_string}","query-input":"required name=search_term_string"},"inLanguage":"es"},{"@type":"Organization","@id":"https:\/\/empresas.infoempleo.com\/hrtrends\/#organization","name":"Infoempleo","url":"https:\/\/www.infoempleo.com\/","logo":{"@type":"ImageObject","@id":"https:\/\/empresas.infoempleo.com\/hrtrends\/#logo","inLanguage":"es","url":"https:\/\/cdnazure.infoempleo.com\/infoempleo\/assets\/style\/gfx\/logo.svg","contentUrl":"https:\/\/cdnazure.infoempleo.com\/infoempleo\/assets\/style\/gfx\/logo.svg","width":150,"height":40,"caption":"Infoempleo"},"image":{"@id":"https:\/\/empresas.infoempleo.com\/hrtrends\/#logo"},"sameAs":["https:\/\/www.facebook.com\/Infoempleo","https:\/\/x.com\/infoempleo","http:\/\/instagram.com\/infoempleo\/","http:\/\/www.linkedin.com\/groups\/Empleo-Espa\u00f1a-Infoempleocom-111276","http:\/\/pinterest.com\/infoempleo\/"],"address":{"@type":"PostalAddress","addressLocality":"Madrid","postalCode":"28050","streetAddress":"Avenida de Burgos 114"},"brand":["Infoempleo"]},{"@type":"Person","@id":"https:\/\/empresas.infoempleo.com\/hrtrends\/#\/schema\/person\/4e46e960319e61d74737b4371bed2d9e","name":"Mayte Guill\u00e9n","image":{"@type":"ImageObject","inLanguage":"es","@id":"https:\/\/empresas.infoempleo.com\/hrtrends\/#\/schema\/person\/image\/","url":"https:\/\/secure.gravatar.com\/avatar\/65b5a8d69d8ba2b4ada3ebca81086320c804f708633e50c9630548bdbfb2a7c4?s=96&d=mm&r=g","contentUrl":"https:\/\/secure.gravatar.com\/avatar\/65b5a8d69d8ba2b4ada3ebca81086320c804f708633e50c9630548bdbfb2a7c4?s=96&d=mm&r=g","caption":"Mayte Guill\u00e9n"},"description":"Escribo sobre empleo, formaci\u00f3n y Recursos Humanos, y las sinergias que existen entre estos mundos. Me gusta pensar que con mi trabajo ayudo a las personas a mejorar su futuro laboral. Responsable de Contenidos y Estudios en Infoempleo.","sameAs":["https:\/\/www.linkedin.com\/in\/mayteguillen\/","https:\/\/x.com\/mayteguillen"],"url":"https:\/\/empresas.infoempleo.com\/hrtrends\/author\/mayte-guillen\/"}]}},"amp_enabled":true,"_links":{"self":[{"href":"https:\/\/empresas.infoempleo.com\/hrtrends\/wp-json\/wp\/v2\/posts\/46790","targetHints":{"allow":["GET"]}}],"collection":[{"href":"https:\/\/empresas.infoempleo.com\/hrtrends\/wp-json\/wp\/v2\/posts"}],"about":[{"href":"https:\/\/empresas.infoempleo.com\/hrtrends\/wp-json\/wp\/v2\/types\/post"}],"author":[{"embeddable":true,"href":"https:\/\/empresas.infoempleo.com\/hrtrends\/wp-json\/wp\/v2\/users\/27"}],"replies":[{"embeddable":true,"href":"https:\/\/empresas.infoempleo.com\/hrtrends\/wp-json\/wp\/v2\/comments?post=46790"}],"version-history":[{"count":6,"href":"https:\/\/empresas.infoempleo.com\/hrtrends\/wp-json\/wp\/v2\/posts\/46790\/revisions"}],"predecessor-version":[{"id":46798,"href":"https:\/\/empresas.infoempleo.com\/hrtrends\/wp-json\/wp\/v2\/posts\/46790\/revisions\/46798"}],"wp:featuredmedia":[{"embeddable":true,"href":"https:\/\/empresas.infoempleo.com\/hrtrends\/wp-json\/wp\/v2\/media\/46795"}],"wp:attachment":[{"href":"https:\/\/empresas.infoempleo.com\/hrtrends\/wp-json\/wp\/v2\/media?parent=46790"}],"wp:term":[{"taxonomy":"category","embeddable":true,"href":"https:\/\/empresas.infoempleo.com\/hrtrends\/wp-json\/wp\/v2\/categories?post=46790"},{"taxonomy":"post_tag","embeddable":true,"href":"https:\/\/empresas.infoempleo.com\/hrtrends\/wp-json\/wp\/v2\/tags?post=46790"}],"curies":[{"name":"wp","href":"https:\/\/api.w.org\/{rel}","templated":true}]}}