{"id":46696,"date":"2025-04-29T07:30:19","date_gmt":"2025-04-29T05:30:19","guid":{"rendered":"https:\/\/empresas.infoempleo.com\/hrtrends\/?p=46696"},"modified":"2025-05-20T16:27:34","modified_gmt":"2025-05-20T14:27:34","slug":"directivos-espanoles-planean-cambiar-de-empresa-en-los-proximos-cinco-anos","status":"publish","type":"post","link":"https:\/\/empresas.infoempleo.com\/hrtrends\/directivos-espanoles-planean-cambiar-de-empresa-en-los-proximos-cinco-anos\/","title":{"rendered":"El 60% de los directivos espa\u00f1oles planea cambiar de empresa en los pr\u00f3ximos cinco a\u00f1os"},"content":{"rendered":"<p class=\"\" data-start=\"353\" data-end=\"676\">El mundo del liderazgo ejecutivo en Espa\u00f1a est\u00e1 viviendo un momento de inflexi\u00f3n. As\u00ed lo revela el nuevo <em data-start=\"458\" data-end=\"521\">Estudio de Compensaci\u00f3n y Motivaciones para el Liderazgo 2025<\/em> de Page Executive, que ha arrojado una cifra inquietante: <strong data-start=\"580\" data-end=\"675\">seis de cada diez directivos espa\u00f1oles prev\u00e9n cambiar de empresa en los pr\u00f3ximos cinco a\u00f1os<\/strong>.<\/p>\n<p class=\"\" data-start=\"678\" data-end=\"921\">Este dato no es aislado. Se enmarca en una tendencia global, donde el <strong>46% de los l\u00edderes a nivel internacional tambi\u00e9n contempla un cambio a medio plazo<\/strong>. Sin embargo, el caso espa\u00f1ol destaca por su intensidad. \u00bfQu\u00e9 hay detr\u00e1s de este fen\u00f3meno?<\/p>\n<h2 data-start=\"923\" data-end=\"984\">La insatisfacci\u00f3n y el salario, en el centro del problema<\/h2>\n<p class=\"\" data-start=\"986\" data-end=\"1365\">Los dos motivos principales que explican esta alta intenci\u00f3n de rotaci\u00f3n son la <strong data-start=\"1066\" data-end=\"1113\">insatisfacci\u00f3n con la posici\u00f3n actual (82%)<\/strong> y<strong data-start=\"1119\" data-end=\"1159\">\u00a0el salario (67%)<\/strong>. A pesar de los esfuerzos que muchas empresas est\u00e1n haciendo por ofrecer compensaciones m\u00e1s competitivas, <strong data-start=\"1266\" data-end=\"1364\">solo el 49% de los directivos en Espa\u00f1a se declara satisfecho con su paquete retributivo total<\/strong>.<\/p>\n<p class=\"\" data-start=\"1367\" data-end=\"1752\">Este dato resulta llamativo, especialmente si tenemos en cuenta que Espa\u00f1a ha avanzado notablemente en aspectos como la retribuci\u00f3n variable. De hecho, el <strong>90% de los directivos recibe alg\u00fan tipo de incentivo ligado al rendimiento<\/strong>, superando la media global. Adem\u00e1s, la mitad afirma haber recibido una retribuci\u00f3n variable mayor que el a\u00f1o anterior, y un 57% espera que siga aumentando.<\/p>\n<p class=\"\" data-start=\"1754\" data-end=\"1790\">Entonces, \u00bfPor qu\u00e9 no es suficiente?<\/p>\n<h2 data-start=\"1792\" data-end=\"1853\">M\u00e1s all\u00e1 del salario: lo que buscan realmente los directivos espa\u00f1oles<\/h2>\n<p class=\"\" data-start=\"1855\" data-end=\"2181\">Uno de los datos m\u00e1s significativos del informe de Page Executive es que la <strong>compensaci\u00f3n econ\u00f3mica<\/strong>, si bien sigue siendo clave, <strong data-start=\"1976\" data-end=\"2013\">ya no es el \u00fanico factor decisivo<\/strong> para retener al talento de alto nivel. Los directivos valoran cada vez m\u00e1s aspectos como el bienestar personal, el prop\u00f3sito profesional y el desarrollo continuo.<\/p>\n<p class=\"\" data-start=\"2183\" data-end=\"2539\">El 61% de los l\u00edderes espa\u00f1oles quieren<strong>\u00a0seguir desarroll\u00e1ndose profesionalmente,<\/strong> mientras que un 33% da prioridad a su<strong> bienestar personal<\/strong>. Las pr\u00e1cticas m\u00e1s extendidas entre los directivos para alcanzar este equilibrio incluyen el<strong> ejercicio f\u00edsico<\/strong> (78%), compartir tiempo de calidad con <strong>familia y amigos<\/strong> (76%) y una<strong> alimentaci\u00f3n saludable<\/strong> (55%).<\/p>\n<p class=\"\" data-start=\"2541\" data-end=\"2760\">Este cambio de paradigma est\u00e1 llevando a muchas organizaciones a replantearse sus pol\u00edticas de talento. <strong data-start=\"2645\" data-end=\"2760\">Los l\u00edderes del futuro no solo quieren liderar empresas, tambi\u00e9n quieren liderar sus vidas con sentido y salud.<\/strong><\/p>\n<h2 data-start=\"2762\" data-end=\"2822\">El reto de las empresas: redise\u00f1ar su propuesta de valor<\/h2>\n<p class=\"\" data-start=\"2824\" data-end=\"3160\">En este nuevo escenario, la <strong>retenci\u00f3n del talento ejecutivo<\/strong> se convierte en un verdadero <strong>desaf\u00edo estrat\u00e9gico<\/strong>. Como apunta Anthony Thompson, CEO de Page Executive: \u00abEn un entorno donde el liderazgo es clave para el \u00e9xito, las empresas deben redoblar sus esfuerzos para comprometer, motivar y recompensar adecuadamente a sus l\u00edderes\u00bb.<\/p>\n<p class=\"\" data-start=\"3162\" data-end=\"3257\">Desde Page Executive proponen <strong>cuatro pilares fundamentales para establecer una estrategia efectiva<\/strong> de fidelizaci\u00f3n del talento directivo:<\/p>\n<ul>\n<li data-start=\"3262\" data-end=\"3387\"><strong data-start=\"3262\" data-end=\"3311\">Reforzar la satisfacci\u00f3n y reconocimiento <\/strong>en los roles de liderazgo, ofreciendo autonom\u00eda y oportunidades de crecimiento profesional.<\/li>\n<li data-start=\"3391\" data-end=\"3561\"><strong data-start=\"3391\" data-end=\"3407\">Impulsar la flexibilidad<\/strong>: tanto en las condiciones de trabajo (teletrabajo, jornadas h\u00edbridas) como en los beneficios sociales (paquetes adaptables a las necesidades personales).<\/li>\n<li data-start=\"3565\" data-end=\"3712\"><strong data-start=\"3565\" data-end=\"3585\">Ofrecer beneficios clave<\/strong>, como seguro m\u00e9dico privado (ya presente en el 72% de los casos), veh\u00edculos de empresa, o planes de pensiones complementarios.<\/li>\n<li data-start=\"3716\" data-end=\"3893\"><strong data-start=\"3716\" data-end=\"3746\">Impulsar las soft skills<\/strong>, especialmente aquellas vinculadas al liderazgo en contextos complejos: inteligencia emocional, pensamiento estrat\u00e9gico y resoluci\u00f3n de problemas.<\/li>\n<\/ul>\n","protected":false},"excerpt":{"rendered":"<p>El mundo del liderazgo ejecutivo en Espa\u00f1a est\u00e1 viviendo un momento de inflexi\u00f3n. As\u00ed lo revela el nuevo<a class=\"moretag\" href=\"https:\/\/empresas.infoempleo.com\/hrtrends\/directivos-espanoles-planean-cambiar-de-empresa-en-los-proximos-cinco-anos\/\"> Leer m\u00e1s<\/a><\/p>\n","protected":false},"author":27,"featured_media":46698,"comment_status":"closed","ping_status":"closed","sticky":false,"template":"","format":"standard","meta":{"footnotes":""},"categories":[3],"tags":[59,21,3776,3775],"class_list":["post-46696","post","type-post","status-publish","format-standard","has-post-thumbnail","hentry","category-actualidad","tag-directivos","tag-liderazgo","tag-retos-directivos","tag-salario-directivos"],"yoast_head":"<!-- This site is optimized with the Yoast SEO plugin v26.1.1 - https:\/\/yoast.com\/wordpress\/plugins\/seo\/ -->\n<title>El 60% de los directivos espa\u00f1oles planea cambiar de empresa<\/title>\n<meta name=\"description\" content=\"Seg\u00fan un estudio de Page Executive, seis de cada diez directivos espa\u00f1oles prev\u00e9n cambiar de empresa en los pr\u00f3ximos cinco a\u00f1os.\" \/>\n<meta name=\"robots\" content=\"index, follow, max-snippet:-1, max-image-preview:large, max-video-preview:-1\" \/>\n<link rel=\"canonical\" href=\"https:\/\/empresas.infoempleo.com\/hrtrends\/directivos-espanoles-planean-cambiar-de-empresa-en-los-proximos-cinco-anos\/\" \/>\n<meta property=\"og:locale\" content=\"es_ES\" \/>\n<meta property=\"og:type\" content=\"article\" \/>\n<meta property=\"og:title\" content=\"El 60% de los directivos espa\u00f1oles planea cambiar de empresa\" \/>\n<meta property=\"og:description\" content=\"Seg\u00fan un estudio de Page Executive, seis de cada diez directivos espa\u00f1oles prev\u00e9n cambiar de empresa en los pr\u00f3ximos cinco a\u00f1os.\" \/>\n<meta property=\"og:url\" content=\"https:\/\/empresas.infoempleo.com\/hrtrends\/directivos-espanoles-planean-cambiar-de-empresa-en-los-proximos-cinco-anos\/\" \/>\n<meta property=\"og:site_name\" content=\"HRTRENDS\" \/>\n<meta property=\"article:publisher\" content=\"https:\/\/www.facebook.com\/Infoempleo\" \/>\n<meta property=\"article:published_time\" content=\"2025-04-29T05:30:19+00:00\" \/>\n<meta property=\"article:modified_time\" content=\"2025-05-20T14:27:34+00:00\" \/>\n<meta property=\"og:image\" content=\"https:\/\/empresas.infoempleo.com\/hrtrends\/media\/2025\/04\/Directivos-espanoles-planean-cambiar-de-empresa.jpg\" \/>\n\t<meta property=\"og:image:width\" content=\"1500\" \/>\n\t<meta property=\"og:image:height\" content=\"1001\" \/>\n\t<meta property=\"og:image:type\" content=\"image\/jpeg\" \/>\n<meta name=\"author\" content=\"Mayte Guill\u00e9n\" \/>\n<meta name=\"twitter:card\" content=\"summary_large_image\" \/>\n<meta name=\"twitter:creator\" content=\"@mayteguillen\" \/>\n<meta name=\"twitter:site\" content=\"@infoempleo\" \/>\n<meta name=\"twitter:label1\" content=\"Escrito por\" \/>\n\t<meta name=\"twitter:data1\" content=\"Mayte Guill\u00e9n\" \/>\n\t<meta name=\"twitter:label2\" content=\"Tiempo de lectura\" \/>\n\t<meta name=\"twitter:data2\" content=\"3 minutos\" \/>\n<script type=\"application\/ld+json\" class=\"yoast-schema-graph\">{\"@context\":\"https:\/\/schema.org\",\"@graph\":[{\"@type\":\"NewsArticle\",\"@id\":\"https:\/\/empresas.infoempleo.com\/hrtrends\/directivos-espanoles-planean-cambiar-de-empresa-en-los-proximos-cinco-anos\/#article\",\"isPartOf\":{\"@id\":\"https:\/\/empresas.infoempleo.com\/hrtrends\/directivos-espanoles-planean-cambiar-de-empresa-en-los-proximos-cinco-anos\/\"},\"author\":{\"name\":\"Mayte Guill\u00e9n\",\"@id\":\"https:\/\/empresas.infoempleo.com\/hrtrends\/#\/schema\/person\/4e46e960319e61d74737b4371bed2d9e\"},\"headline\":\"El 60% de los directivos espa\u00f1oles planea cambiar de empresa en los pr\u00f3ximos cinco a\u00f1os\",\"datePublished\":\"2025-04-29T05:30:19+00:00\",\"dateModified\":\"2025-05-20T14:27:34+00:00\",\"mainEntityOfPage\":{\"@id\":\"https:\/\/empresas.infoempleo.com\/hrtrends\/directivos-espanoles-planean-cambiar-de-empresa-en-los-proximos-cinco-anos\/\"},\"wordCount\":590,\"publisher\":{\"@id\":\"https:\/\/empresas.infoempleo.com\/hrtrends\/#organization\"},\"image\":{\"@id\":\"https:\/\/empresas.infoempleo.com\/hrtrends\/directivos-espanoles-planean-cambiar-de-empresa-en-los-proximos-cinco-anos\/#primaryimage\"},\"thumbnailUrl\":\"https:\/\/empresas.infoempleo.com\/hrtrends\/media\/2025\/04\/Directivos-espanoles-planean-cambiar-de-empresa.jpg\",\"keywords\":[\"directivos\",\"liderazgo\",\"retos directivos\",\"salario directivos\"],\"articleSection\":[\"Actualidad\"],\"inLanguage\":\"es\",\"copyrightYear\":\"2025\",\"copyrightHolder\":{\"@id\":\"https:\/\/empresas.infoempleo.com\/hrtrends\/#organization\"}},{\"@type\":\"WebPage\",\"@id\":\"https:\/\/empresas.infoempleo.com\/hrtrends\/directivos-espanoles-planean-cambiar-de-empresa-en-los-proximos-cinco-anos\/\",\"url\":\"https:\/\/empresas.infoempleo.com\/hrtrends\/directivos-espanoles-planean-cambiar-de-empresa-en-los-proximos-cinco-anos\/\",\"name\":\"El 60% de los directivos espa\u00f1oles planea cambiar de empresa\",\"isPartOf\":{\"@id\":\"https:\/\/empresas.infoempleo.com\/hrtrends\/#website\"},\"primaryImageOfPage\":{\"@id\":\"https:\/\/empresas.infoempleo.com\/hrtrends\/directivos-espanoles-planean-cambiar-de-empresa-en-los-proximos-cinco-anos\/#primaryimage\"},\"image\":{\"@id\":\"https:\/\/empresas.infoempleo.com\/hrtrends\/directivos-espanoles-planean-cambiar-de-empresa-en-los-proximos-cinco-anos\/#primaryimage\"},\"thumbnailUrl\":\"https:\/\/empresas.infoempleo.com\/hrtrends\/media\/2025\/04\/Directivos-espanoles-planean-cambiar-de-empresa.jpg\",\"datePublished\":\"2025-04-29T05:30:19+00:00\",\"dateModified\":\"2025-05-20T14:27:34+00:00\",\"description\":\"Seg\u00fan un estudio de Page Executive, seis de cada diez directivos espa\u00f1oles prev\u00e9n cambiar de empresa en los pr\u00f3ximos cinco a\u00f1os.\",\"breadcrumb\":{\"@id\":\"https:\/\/empresas.infoempleo.com\/hrtrends\/directivos-espanoles-planean-cambiar-de-empresa-en-los-proximos-cinco-anos\/#breadcrumb\"},\"inLanguage\":\"es\",\"potentialAction\":[{\"@type\":\"ReadAction\",\"target\":[\"https:\/\/empresas.infoempleo.com\/hrtrends\/directivos-espanoles-planean-cambiar-de-empresa-en-los-proximos-cinco-anos\/\"]}]},{\"@type\":\"ImageObject\",\"inLanguage\":\"es\",\"@id\":\"https:\/\/empresas.infoempleo.com\/hrtrends\/directivos-espanoles-planean-cambiar-de-empresa-en-los-proximos-cinco-anos\/#primaryimage\",\"url\":\"https:\/\/empresas.infoempleo.com\/hrtrends\/media\/2025\/04\/Directivos-espanoles-planean-cambiar-de-empresa-150x150.jpg\",\"contentUrl\":\"https:\/\/empresas.infoempleo.com\/hrtrends\/media\/2025\/04\/Directivos-espanoles-planean-cambiar-de-empresa-150x150.jpg\",\"width\":150,\"height\":150,\"caption\":\"Seis de cada diez directivos espa\u00f1oles prev\u00e9n cambiar de empresa en los pr\u00f3ximos cinco a\u00f1os seg\u00fan un estudio de Page Executive\"},{\"@type\":\"BreadcrumbList\",\"@id\":\"https:\/\/empresas.infoempleo.com\/hrtrends\/directivos-espanoles-planean-cambiar-de-empresa-en-los-proximos-cinco-anos\/#breadcrumb\",\"itemListElement\":[{\"@type\":\"ListItem\",\"position\":1,\"name\":\"Portada\",\"item\":\"https:\/\/empresas.infoempleo.com\/hrtrends\/\"},{\"@type\":\"ListItem\",\"position\":2,\"name\":\"El 60% de los directivos espa\u00f1oles planea cambiar de empresa en los pr\u00f3ximos cinco a\u00f1os\"}]},{\"@type\":\"WebSite\",\"@id\":\"https:\/\/empresas.infoempleo.com\/hrtrends\/#website\",\"url\":\"https:\/\/empresas.infoempleo.com\/hrtrends\",\"name\":\"HRTrends by Infoempleo\",\"description\":\"\",\"publisher\":{\"@id\":\"https:\/\/empresas.infoempleo.com\/hrtrends\/#organization\"},\"potentialAction\":{\"@type\":\"SearchAction\",\"target\":\"https:\/\/empresas.infoempleo.com\/hrtrends\/?s={search_term_string}\",\"query-input\":\"required name=search_term_string\"},\"inLanguage\":\"es\"},{\"@type\":\"Organization\",\"@id\":\"https:\/\/empresas.infoempleo.com\/hrtrends\/#organization\",\"name\":\"Infoempleo\",\"url\":\"https:\/\/www.infoempleo.com\/\",\"logo\":{\"@type\":\"ImageObject\",\"@id\":\"https:\/\/empresas.infoempleo.com\/hrtrends\/#logo\",\"inLanguage\":\"es\",\"url\":\"https:\/\/cdnazure.infoempleo.com\/infoempleo\/assets\/style\/gfx\/logo.svg\",\"contentUrl\":\"https:\/\/cdnazure.infoempleo.com\/infoempleo\/assets\/style\/gfx\/logo.svg\",\"width\":150,\"height\":40,\"caption\":\"Infoempleo\"},\"image\":{\"@id\":\"https:\/\/empresas.infoempleo.com\/hrtrends\/#logo\"},\"sameAs\":[\"https:\/\/www.facebook.com\/Infoempleo\",\"https:\/\/x.com\/infoempleo\",\"http:\/\/instagram.com\/infoempleo\/\",\"http:\/\/www.linkedin.com\/groups\/Empleo-Espa\u00f1a-Infoempleocom-111276\",\"http:\/\/pinterest.com\/infoempleo\/\"],\"address\":{\"@type\":\"PostalAddress\",\"addressLocality\":\"Madrid\",\"postalCode\":\"28050\",\"streetAddress\":\"Avenida de Burgos 114\"},\"brand\":[\"Infoempleo\"]},{\"@type\":\"Person\",\"@id\":\"https:\/\/empresas.infoempleo.com\/hrtrends\/#\/schema\/person\/4e46e960319e61d74737b4371bed2d9e\",\"name\":\"Mayte Guill\u00e9n\",\"image\":{\"@type\":\"ImageObject\",\"inLanguage\":\"es\",\"@id\":\"https:\/\/empresas.infoempleo.com\/hrtrends\/#\/schema\/person\/image\/\",\"url\":\"https:\/\/secure.gravatar.com\/avatar\/65b5a8d69d8ba2b4ada3ebca81086320c804f708633e50c9630548bdbfb2a7c4?s=96&d=mm&r=g\",\"contentUrl\":\"https:\/\/secure.gravatar.com\/avatar\/65b5a8d69d8ba2b4ada3ebca81086320c804f708633e50c9630548bdbfb2a7c4?s=96&d=mm&r=g\",\"caption\":\"Mayte Guill\u00e9n\"},\"description\":\"Escribo sobre empleo, formaci\u00f3n y Recursos Humanos, y las sinergias que existen entre estos mundos. Me gusta pensar que con mi trabajo ayudo a las personas a mejorar su futuro laboral. Responsable de Contenidos y Estudios en Infoempleo.\",\"sameAs\":[\"https:\/\/www.linkedin.com\/in\/mayteguillen\/\",\"https:\/\/x.com\/mayteguillen\"],\"url\":\"https:\/\/empresas.infoempleo.com\/hrtrends\/author\/mayte-guillen\/\"}]}<\/script>\n<!-- \/ Yoast SEO plugin. -->","yoast_head_json":{"title":"El 60% de los directivos espa\u00f1oles planea cambiar de empresa","description":"Seg\u00fan un estudio de Page Executive, seis de cada diez directivos espa\u00f1oles prev\u00e9n cambiar de empresa en los pr\u00f3ximos cinco a\u00f1os.","robots":{"index":"index","follow":"follow","max-snippet":"max-snippet:-1","max-image-preview":"max-image-preview:large","max-video-preview":"max-video-preview:-1"},"canonical":"https:\/\/empresas.infoempleo.com\/hrtrends\/directivos-espanoles-planean-cambiar-de-empresa-en-los-proximos-cinco-anos\/","og_locale":"es_ES","og_type":"article","og_title":"El 60% de los directivos espa\u00f1oles planea cambiar de empresa","og_description":"Seg\u00fan un estudio de Page Executive, seis de cada diez directivos espa\u00f1oles prev\u00e9n cambiar de empresa en los pr\u00f3ximos cinco a\u00f1os.","og_url":"https:\/\/empresas.infoempleo.com\/hrtrends\/directivos-espanoles-planean-cambiar-de-empresa-en-los-proximos-cinco-anos\/","og_site_name":"HRTRENDS","article_publisher":"https:\/\/www.facebook.com\/Infoempleo","article_published_time":"2025-04-29T05:30:19+00:00","article_modified_time":"2025-05-20T14:27:34+00:00","og_image":[{"width":1500,"height":1001,"url":"https:\/\/empresas.infoempleo.com\/hrtrends\/media\/2025\/04\/Directivos-espanoles-planean-cambiar-de-empresa.jpg","type":"image\/jpeg"}],"author":"Mayte Guill\u00e9n","twitter_card":"summary_large_image","twitter_creator":"@mayteguillen","twitter_site":"@infoempleo","twitter_misc":{"Escrito por":"Mayte Guill\u00e9n","Tiempo de lectura":"3 minutos"},"schema":{"@context":"https:\/\/schema.org","@graph":[{"@type":"NewsArticle","@id":"https:\/\/empresas.infoempleo.com\/hrtrends\/directivos-espanoles-planean-cambiar-de-empresa-en-los-proximos-cinco-anos\/#article","isPartOf":{"@id":"https:\/\/empresas.infoempleo.com\/hrtrends\/directivos-espanoles-planean-cambiar-de-empresa-en-los-proximos-cinco-anos\/"},"author":{"name":"Mayte Guill\u00e9n","@id":"https:\/\/empresas.infoempleo.com\/hrtrends\/#\/schema\/person\/4e46e960319e61d74737b4371bed2d9e"},"headline":"El 60% de los directivos espa\u00f1oles planea cambiar de empresa en los pr\u00f3ximos cinco a\u00f1os","datePublished":"2025-04-29T05:30:19+00:00","dateModified":"2025-05-20T14:27:34+00:00","mainEntityOfPage":{"@id":"https:\/\/empresas.infoempleo.com\/hrtrends\/directivos-espanoles-planean-cambiar-de-empresa-en-los-proximos-cinco-anos\/"},"wordCount":590,"publisher":{"@id":"https:\/\/empresas.infoempleo.com\/hrtrends\/#organization"},"image":{"@id":"https:\/\/empresas.infoempleo.com\/hrtrends\/directivos-espanoles-planean-cambiar-de-empresa-en-los-proximos-cinco-anos\/#primaryimage"},"thumbnailUrl":"https:\/\/empresas.infoempleo.com\/hrtrends\/media\/2025\/04\/Directivos-espanoles-planean-cambiar-de-empresa.jpg","keywords":["directivos","liderazgo","retos directivos","salario directivos"],"articleSection":["Actualidad"],"inLanguage":"es","copyrightYear":"2025","copyrightHolder":{"@id":"https:\/\/empresas.infoempleo.com\/hrtrends\/#organization"}},{"@type":"WebPage","@id":"https:\/\/empresas.infoempleo.com\/hrtrends\/directivos-espanoles-planean-cambiar-de-empresa-en-los-proximos-cinco-anos\/","url":"https:\/\/empresas.infoempleo.com\/hrtrends\/directivos-espanoles-planean-cambiar-de-empresa-en-los-proximos-cinco-anos\/","name":"El 60% de los directivos espa\u00f1oles planea cambiar de empresa","isPartOf":{"@id":"https:\/\/empresas.infoempleo.com\/hrtrends\/#website"},"primaryImageOfPage":{"@id":"https:\/\/empresas.infoempleo.com\/hrtrends\/directivos-espanoles-planean-cambiar-de-empresa-en-los-proximos-cinco-anos\/#primaryimage"},"image":{"@id":"https:\/\/empresas.infoempleo.com\/hrtrends\/directivos-espanoles-planean-cambiar-de-empresa-en-los-proximos-cinco-anos\/#primaryimage"},"thumbnailUrl":"https:\/\/empresas.infoempleo.com\/hrtrends\/media\/2025\/04\/Directivos-espanoles-planean-cambiar-de-empresa.jpg","datePublished":"2025-04-29T05:30:19+00:00","dateModified":"2025-05-20T14:27:34+00:00","description":"Seg\u00fan un estudio de Page Executive, seis de cada diez directivos espa\u00f1oles prev\u00e9n cambiar de empresa en los pr\u00f3ximos cinco a\u00f1os.","breadcrumb":{"@id":"https:\/\/empresas.infoempleo.com\/hrtrends\/directivos-espanoles-planean-cambiar-de-empresa-en-los-proximos-cinco-anos\/#breadcrumb"},"inLanguage":"es","potentialAction":[{"@type":"ReadAction","target":["https:\/\/empresas.infoempleo.com\/hrtrends\/directivos-espanoles-planean-cambiar-de-empresa-en-los-proximos-cinco-anos\/"]}]},{"@type":"ImageObject","inLanguage":"es","@id":"https:\/\/empresas.infoempleo.com\/hrtrends\/directivos-espanoles-planean-cambiar-de-empresa-en-los-proximos-cinco-anos\/#primaryimage","url":"https:\/\/empresas.infoempleo.com\/hrtrends\/media\/2025\/04\/Directivos-espanoles-planean-cambiar-de-empresa-150x150.jpg","contentUrl":"https:\/\/empresas.infoempleo.com\/hrtrends\/media\/2025\/04\/Directivos-espanoles-planean-cambiar-de-empresa-150x150.jpg","width":150,"height":150,"caption":"Seis de cada diez directivos espa\u00f1oles prev\u00e9n cambiar de empresa en los pr\u00f3ximos cinco a\u00f1os seg\u00fan un estudio de Page Executive"},{"@type":"BreadcrumbList","@id":"https:\/\/empresas.infoempleo.com\/hrtrends\/directivos-espanoles-planean-cambiar-de-empresa-en-los-proximos-cinco-anos\/#breadcrumb","itemListElement":[{"@type":"ListItem","position":1,"name":"Portada","item":"https:\/\/empresas.infoempleo.com\/hrtrends\/"},{"@type":"ListItem","position":2,"name":"El 60% de los directivos espa\u00f1oles planea cambiar de empresa en los pr\u00f3ximos cinco a\u00f1os"}]},{"@type":"WebSite","@id":"https:\/\/empresas.infoempleo.com\/hrtrends\/#website","url":"https:\/\/empresas.infoempleo.com\/hrtrends","name":"HRTrends by Infoempleo","description":"","publisher":{"@id":"https:\/\/empresas.infoempleo.com\/hrtrends\/#organization"},"potentialAction":{"@type":"SearchAction","target":"https:\/\/empresas.infoempleo.com\/hrtrends\/?s={search_term_string}","query-input":"required name=search_term_string"},"inLanguage":"es"},{"@type":"Organization","@id":"https:\/\/empresas.infoempleo.com\/hrtrends\/#organization","name":"Infoempleo","url":"https:\/\/www.infoempleo.com\/","logo":{"@type":"ImageObject","@id":"https:\/\/empresas.infoempleo.com\/hrtrends\/#logo","inLanguage":"es","url":"https:\/\/cdnazure.infoempleo.com\/infoempleo\/assets\/style\/gfx\/logo.svg","contentUrl":"https:\/\/cdnazure.infoempleo.com\/infoempleo\/assets\/style\/gfx\/logo.svg","width":150,"height":40,"caption":"Infoempleo"},"image":{"@id":"https:\/\/empresas.infoempleo.com\/hrtrends\/#logo"},"sameAs":["https:\/\/www.facebook.com\/Infoempleo","https:\/\/x.com\/infoempleo","http:\/\/instagram.com\/infoempleo\/","http:\/\/www.linkedin.com\/groups\/Empleo-Espa\u00f1a-Infoempleocom-111276","http:\/\/pinterest.com\/infoempleo\/"],"address":{"@type":"PostalAddress","addressLocality":"Madrid","postalCode":"28050","streetAddress":"Avenida de Burgos 114"},"brand":["Infoempleo"]},{"@type":"Person","@id":"https:\/\/empresas.infoempleo.com\/hrtrends\/#\/schema\/person\/4e46e960319e61d74737b4371bed2d9e","name":"Mayte Guill\u00e9n","image":{"@type":"ImageObject","inLanguage":"es","@id":"https:\/\/empresas.infoempleo.com\/hrtrends\/#\/schema\/person\/image\/","url":"https:\/\/secure.gravatar.com\/avatar\/65b5a8d69d8ba2b4ada3ebca81086320c804f708633e50c9630548bdbfb2a7c4?s=96&d=mm&r=g","contentUrl":"https:\/\/secure.gravatar.com\/avatar\/65b5a8d69d8ba2b4ada3ebca81086320c804f708633e50c9630548bdbfb2a7c4?s=96&d=mm&r=g","caption":"Mayte Guill\u00e9n"},"description":"Escribo sobre empleo, formaci\u00f3n y Recursos Humanos, y las sinergias que existen entre estos mundos. Me gusta pensar que con mi trabajo ayudo a las personas a mejorar su futuro laboral. Responsable de Contenidos y Estudios en Infoempleo.","sameAs":["https:\/\/www.linkedin.com\/in\/mayteguillen\/","https:\/\/x.com\/mayteguillen"],"url":"https:\/\/empresas.infoempleo.com\/hrtrends\/author\/mayte-guillen\/"}]}},"amp_enabled":true,"_links":{"self":[{"href":"https:\/\/empresas.infoempleo.com\/hrtrends\/wp-json\/wp\/v2\/posts\/46696","targetHints":{"allow":["GET"]}}],"collection":[{"href":"https:\/\/empresas.infoempleo.com\/hrtrends\/wp-json\/wp\/v2\/posts"}],"about":[{"href":"https:\/\/empresas.infoempleo.com\/hrtrends\/wp-json\/wp\/v2\/types\/post"}],"author":[{"embeddable":true,"href":"https:\/\/empresas.infoempleo.com\/hrtrends\/wp-json\/wp\/v2\/users\/27"}],"replies":[{"embeddable":true,"href":"https:\/\/empresas.infoempleo.com\/hrtrends\/wp-json\/wp\/v2\/comments?post=46696"}],"version-history":[{"count":8,"href":"https:\/\/empresas.infoempleo.com\/hrtrends\/wp-json\/wp\/v2\/posts\/46696\/revisions"}],"predecessor-version":[{"id":46706,"href":"https:\/\/empresas.infoempleo.com\/hrtrends\/wp-json\/wp\/v2\/posts\/46696\/revisions\/46706"}],"wp:featuredmedia":[{"embeddable":true,"href":"https:\/\/empresas.infoempleo.com\/hrtrends\/wp-json\/wp\/v2\/media\/46698"}],"wp:attachment":[{"href":"https:\/\/empresas.infoempleo.com\/hrtrends\/wp-json\/wp\/v2\/media?parent=46696"}],"wp:term":[{"taxonomy":"category","embeddable":true,"href":"https:\/\/empresas.infoempleo.com\/hrtrends\/wp-json\/wp\/v2\/categories?post=46696"},{"taxonomy":"post_tag","embeddable":true,"href":"https:\/\/empresas.infoempleo.com\/hrtrends\/wp-json\/wp\/v2\/tags?post=46696"}],"curies":[{"name":"wp","href":"https:\/\/api.w.org\/{rel}","templated":true}]}}