{"id":46551,"date":"2025-03-25T07:30:35","date_gmt":"2025-03-25T05:30:35","guid":{"rendered":"https:\/\/empresas.infoempleo.com\/hrtrends\/?p=46551"},"modified":"2025-03-18T19:26:42","modified_gmt":"2025-03-18T17:26:42","slug":"como-pasar-los-ficheros-fie-a-excel-para-bajas-medicas-en-la-empresa","status":"publish","type":"post","link":"https:\/\/empresas.infoempleo.com\/hrtrends\/como-pasar-los-ficheros-fie-a-excel-para-bajas-medicas-en-la-empresa\/","title":{"rendered":"\u00bfC\u00f3mo pasar los ficheros FIE a Excel para agilizar la gesti\u00f3n de bajas m\u00e9dicas en la empresa?"},"content":{"rendered":"<p data-pm-slice=\"1 1 []\">Desde abril de 2023, los trabajadores ya no est\u00e1n obligados a enviar sus bajas m\u00e9dicas a la empresa (aunque deban avisarlo). En su lugar, son las compa\u00f1\u00edas las que deben consultar esta informaci\u00f3n a trav\u00e9s de la Tesorer\u00eda General de la Seguridad Social (TGSS) mediante los ficheros FIE (Ficheros de Incapacidad Temporal de la Empresa). Esta nueva normativa busca facilitar el tr\u00e1mite a los empleados, pero supone un desaf\u00edo para las empresas, que deben procesar estos datos de manera eficiente.<\/p>\n<p>Uno de los principales retos para los departamentos de Recursos Humanos es <strong>c\u00f3mo manejar los ficheros FIE y convertirlos en un formato accesible, como Excel, para facilitar la gesti\u00f3n de las bajas m\u00e9dicas<\/strong>. En este art\u00edculo, te explicamos paso a paso c\u00f3mo transformar los ficheros FIE en hojas de c\u00e1lculo de Excel para agilizar el seguimiento y la administraci\u00f3n de las ausencias laborales.<\/p>\n<h2>\u00bfQu\u00e9 son los ficheros FIE y por qu\u00e9 son importantes?<\/h2>\n<p>Los <strong>ficheros FIE<\/strong> son archivos que la TGSS pone a disposici\u00f3n de las empresas con la <strong>informaci\u00f3n relativa a las bajas, altas y variaciones en los procesos de incapacidad temporal de sus trabajadores<\/strong>. Estos archivos contienen datos esenciales como el nombre del empleado, la fecha de inicio y fin de la baja, el diagn\u00f3stico y el tipo de contingencia (com\u00fan o profesional).<\/p>\n<p>Dado que las empresas deben estar al d\u00eda con esta informaci\u00f3n, para <strong>gestionar correctamente las ausencias<\/strong> y cumplir con sus obligaciones laborales, es fundamental procesar estos ficheros de manera \u00e1gil y estructurada. Te contamos c\u00f3mo hacerlo, paso a paso.<\/p>\n<h2>\u00bfC\u00f3mo descargar los ficheros FIE desde la Seguridad Social?<\/h2>\n<p>Para obtener los ficheros FIE, las empresas deben acceder al sistema RED de la Seguridad Social. Los pasos a seguir son los siguientes:<\/p>\n<ol start=\"1\" data-spread=\"false\">\n<li>Iniciar sesi\u00f3n en el <a href=\"https:\/\/www.seg-social.es\/wps\/portal\/wss\/internet\/InformacionUtil\/5300\/1490\" target=\"_blank\" rel=\"noopener\"><strong>Sistema RED<\/strong><\/a> con un certificado digital autorizado.<\/li>\n<li>Acceder a la secci\u00f3n de <strong>Ficheros de Incapacidad Temporal (FIE)<\/strong>.<\/li>\n<li>Descargar el fichero correspondiente en formato <strong>TXT<\/strong> o <strong>CSV<\/strong>.<\/li>\n<li>Guardar el archivo en una ubicaci\u00f3n accesible para su posterior conversi\u00f3n y an\u00e1lisis.<\/li>\n<\/ol>\n<p>Una vez descargado el fichero, el siguiente paso es convertirlo en un formato m\u00e1s manejable, como Excel.<\/p>\n<h2>Convertir los ficheros FIE a Excel<\/h2>\n<p>Los <strong>ficheros FIE<\/strong> <strong>suelen estar en formato<\/strong> <strong>TXT<\/strong> o <strong>CSV<\/strong>, lo que puede dificultar su lectura si no se transforman adecuadamente. Para <strong>convertirlos a Excel<\/strong> y estructurar los datos de manera clara, sigue estos pasos:<\/p>\n<h3>1. Abrir el archivo en Excel<\/h3>\n<ul data-spread=\"false\">\n<li>Abre Microsoft Excel y selecciona <strong>Archivo &gt; Abrir<\/strong>.<\/li>\n<li>Busca el archivo FIE descargado y selecciona la opci\u00f3n \u00abTodos los archivos (<em>.<\/em>)\u00bb para que aparezca en la lista.<\/li>\n<li>Selecciona el archivo y haz clic en <strong>Abrir<\/strong>.<\/li>\n<\/ul>\n<h3>2. Importar los datos correctamente<\/h3>\n<p>Cuando Excel detecta que el archivo es un texto, se abrir\u00e1 el <strong>Asistente para importar texto<\/strong>. Para procesarlo correctamente:<\/p>\n<ul data-spread=\"false\">\n<li>Elige la opci\u00f3n <strong>Delimitado<\/strong> y haz clic en <strong>Siguiente<\/strong>.<\/li>\n<li>Selecciona el delimitador que usa el archivo (normalmente, tabulaciones o comas en archivos CSV). Haz clic en <strong>Siguiente<\/strong>.<\/li>\n<li>Define el formato de las columnas (por ejemplo, texto para nombres y fechas en formato fecha).<\/li>\n<li>Haz clic en <strong>Finalizar<\/strong> para completar la importaci\u00f3n.<\/li>\n<\/ul>\n<h3>3. Organizar y limpiar los datos<\/h3>\n<p>Una vez importados los datos en Excel, es recomendable realizar algunos ajustes:<\/p>\n<ul data-spread=\"false\">\n<li><strong>Eliminar columnas innecesarias<\/strong>: Algunos ficheros contienen datos redundantes que pueden eliminarse para mejorar la claridad.<\/li>\n<li><strong>Dar formato a las fechas<\/strong>: Aseg\u00farate de que las fechas se visualicen correctamente en el formato <strong>dd\/mm\/aaaa<\/strong>.<\/li>\n<li><strong>Aplicar filtros y ordenaci\u00f3n<\/strong>: Usa la opci\u00f3n de <strong>filtros en Excel<\/strong> para visualizar r\u00e1pidamente bajas activas o filtrar por empleado.<\/li>\n<li><strong>Crear tablas din\u00e1micas<\/strong>: Esto facilitar\u00e1 el an\u00e1lisis de la informaci\u00f3n y permitir\u00e1 agrupar los datos seg\u00fan las necesidades de la empresa.<\/li>\n<\/ul>\n<p><img loading=\"lazy\" decoding=\"async\" class=\"alignnone wp-image-46559\" title=\"Pasar ficheros FIE a Excel para gestionar bajas\" src=\"https:\/\/empresas.infoempleo.com\/hrtrends\/media\/2025\/03\/Pasar-ficheros-FIE-a-Excel-para-gestionar-bajas-1024x683.jpg\" alt=\"Pasar ficheros FIE a Excel para gestionar bajas\" width=\"700\" height=\"467\" srcset=\"https:\/\/empresas.infoempleo.com\/hrtrends\/media\/2025\/03\/Pasar-ficheros-FIE-a-Excel-para-gestionar-bajas-1024x683.jpg 1024w, https:\/\/empresas.infoempleo.com\/hrtrends\/media\/2025\/03\/Pasar-ficheros-FIE-a-Excel-para-gestionar-bajas-300x200.jpg 300w, https:\/\/empresas.infoempleo.com\/hrtrends\/media\/2025\/03\/Pasar-ficheros-FIE-a-Excel-para-gestionar-bajas-768x512.jpg 768w, https:\/\/empresas.infoempleo.com\/hrtrends\/media\/2025\/03\/Pasar-ficheros-FIE-a-Excel-para-gestionar-bajas-1536x1024.jpg 1536w, https:\/\/empresas.infoempleo.com\/hrtrends\/media\/2025\/03\/Pasar-ficheros-FIE-a-Excel-para-gestionar-bajas-2048x1365.jpg 2048w\" sizes=\"auto, (max-width: 700px) 100vw, 700px\" \/><\/p>\n<h2>Automatizaci\u00f3n del proceso<\/h2>\n<p>Si la empresa maneja un volumen alto de ficheros FIE, <strong>automatizar la conversi\u00f3n y an\u00e1lisis de estos archivos<\/strong> puede ahorrar tiempo y reducir errores. Algunas opciones incluyen:<\/p>\n<ul data-spread=\"false\">\n<li><strong>Macros en Excel<\/strong>: Se pueden programar macros para que Excel realice autom\u00e1ticamente la conversi\u00f3n y limpieza de datos.<\/li>\n<li><strong>Uso de Power Query<\/strong>: Esta herramienta de Excel permite importar, transformar y actualizar datos de manera sencilla sin necesidad de programaci\u00f3n.<\/li>\n<li><strong>Software de <a href=\"https:\/\/empresas.infoempleo.com\/hrtrends\/gestion-de-nominas-externas-o-internas-como-decidirse-por-un-metodo-de-gestion\/\" target=\"_blank\" rel=\"noopener\">gesti\u00f3n de n\u00f3minas<\/a><\/strong>: Algunas plataformas de Recursos Humanos ya cuentan con m\u00f3dulos de integraci\u00f3n con los ficheros FIE para procesarlos directamente.<\/li>\n<\/ul>\n<h2>Beneficios de gestionar los ficheros FIE con Excel<\/h2>\n<p>Transformar los ficheros FIE en hojas de c\u00e1lculo de Excel ofrece m\u00faltiples ventajas para la empresa. En primer lugar, permite <strong>gestionar con mayor rapidez las bajas m\u00e9dicas<\/strong>, ya que facilita la identificaci\u00f3n de empleados en situaci\u00f3n de incapacidad temporal y permite tomar decisiones m\u00e1s \u00e1giles.<\/p>\n<p>Adem\u00e1s, <strong>reduce significativamente los errores que pueden producirse en una conversi\u00f3n manual<\/strong>, ya que Excel ayuda a estructurar y validar los datos de manera m\u00e1s eficiente.<\/p>\n<p>Otra ventaja importante es el mejor control y seguimiento de las bajas, permitiendo a las empresas visualizar tendencias, <strong>calcular \u00edndices de absentismo<\/strong> y gestionar de forma m\u00e1s efectiva las sustituciones de personal.<\/p>\n<p>Utilizar Excel para organizar los ficheros FIE tambi\u00e9n <strong>contribuye al cumplimiento normativo<\/strong>, ya que mantener un registro actualizado y estructurado de las bajas m\u00e9dicas ayuda a evitar incumplimientos y posibles sanciones.<\/p>\n","protected":false},"excerpt":{"rendered":"<p>Desde abril de 2023, los trabajadores ya no est\u00e1n obligados a enviar sus bajas m\u00e9dicas a la empresa<a class=\"moretag\" href=\"https:\/\/empresas.infoempleo.com\/hrtrends\/como-pasar-los-ficheros-fie-a-excel-para-bajas-medicas-en-la-empresa\/\"> Leer m\u00e1s<\/a><\/p>\n","protected":false},"author":72,"featured_media":46557,"comment_status":"closed","ping_status":"closed","sticky":false,"template":"","format":"standard","meta":{"footnotes":""},"categories":[3023],"tags":[3762,3763,3761],"class_list":["post-46551","post","type-post","status-publish","format-standard","has-post-thumbnail","hentry","category-digitalizacion","tag-convertir-a-excel","tag-ficheros-de-incapacidad-temporal","tag-ficheros-fie"],"yoast_head":"<!-- This site is optimized with the Yoast SEO plugin v26.1.1 - https:\/\/yoast.com\/wordpress\/plugins\/seo\/ -->\n<title>\u00bfC\u00f3mo pasar ficheros FIE a Excel para agilizar las bajas en la empresa?<\/title>\n<meta name=\"description\" content=\"Te contamos c\u00f3mo manejar los ficheros FIE y convertirlos en un formato accesible, como Excel, para facilitar la gesti\u00f3n de las bajas m\u00e9dicas.\" \/>\n<meta name=\"robots\" content=\"index, follow, max-snippet:-1, max-image-preview:large, max-video-preview:-1\" \/>\n<link rel=\"canonical\" href=\"https:\/\/empresas.infoempleo.com\/hrtrends\/como-pasar-los-ficheros-fie-a-excel-para-bajas-medicas-en-la-empresa\/\" \/>\n<meta property=\"og:locale\" content=\"es_ES\" \/>\n<meta property=\"og:type\" content=\"article\" \/>\n<meta property=\"og:title\" content=\"\u00bfC\u00f3mo pasar ficheros FIE a Excel para agilizar las bajas en la empresa?\" \/>\n<meta property=\"og:description\" content=\"Te contamos c\u00f3mo manejar los ficheros FIE y convertirlos en un formato accesible, como Excel, para facilitar la gesti\u00f3n de las bajas m\u00e9dicas.\" \/>\n<meta property=\"og:url\" content=\"https:\/\/empresas.infoempleo.com\/hrtrends\/como-pasar-los-ficheros-fie-a-excel-para-bajas-medicas-en-la-empresa\/\" \/>\n<meta property=\"og:site_name\" content=\"HRTRENDS\" \/>\n<meta property=\"article:publisher\" content=\"https:\/\/www.facebook.com\/Infoempleo\" \/>\n<meta property=\"article:published_time\" content=\"2025-03-25T05:30:35+00:00\" \/>\n<meta property=\"og:image\" content=\"https:\/\/empresas.infoempleo.com\/hrtrends\/media\/2025\/03\/Tecnico-de-RRHH-pasando-los-ficheros-FIE-a-Excel.jpg\" \/>\n\t<meta property=\"og:image:width\" content=\"1500\" \/>\n\t<meta property=\"og:image:height\" content=\"1096\" \/>\n\t<meta property=\"og:image:type\" content=\"image\/jpeg\" \/>\n<meta name=\"author\" content=\"infoempleo\" \/>\n<meta name=\"twitter:card\" content=\"summary_large_image\" \/>\n<meta name=\"twitter:creator\" content=\"@infoempleo\" \/>\n<meta name=\"twitter:site\" content=\"@infoempleo\" \/>\n<meta name=\"twitter:label1\" content=\"Escrito por\" \/>\n\t<meta name=\"twitter:data1\" content=\"infoempleo\" \/>\n\t<meta name=\"twitter:label2\" content=\"Tiempo de lectura\" \/>\n\t<meta name=\"twitter:data2\" content=\"4 minutos\" \/>\n<script type=\"application\/ld+json\" class=\"yoast-schema-graph\">{\"@context\":\"https:\/\/schema.org\",\"@graph\":[{\"@type\":\"NewsArticle\",\"@id\":\"https:\/\/empresas.infoempleo.com\/hrtrends\/como-pasar-los-ficheros-fie-a-excel-para-bajas-medicas-en-la-empresa\/#article\",\"isPartOf\":{\"@id\":\"https:\/\/empresas.infoempleo.com\/hrtrends\/como-pasar-los-ficheros-fie-a-excel-para-bajas-medicas-en-la-empresa\/\"},\"author\":{\"name\":\"infoempleo\",\"@id\":\"https:\/\/empresas.infoempleo.com\/hrtrends\/#\/schema\/person\/67d3e276ffcc8b3ae0ebec816daf775a\"},\"headline\":\"\u00bfC\u00f3mo pasar los ficheros FIE a Excel para agilizar la gesti\u00f3n de bajas m\u00e9dicas en la empresa?\",\"datePublished\":\"2025-03-25T05:30:35+00:00\",\"mainEntityOfPage\":{\"@id\":\"https:\/\/empresas.infoempleo.com\/hrtrends\/como-pasar-los-ficheros-fie-a-excel-para-bajas-medicas-en-la-empresa\/\"},\"wordCount\":907,\"publisher\":{\"@id\":\"https:\/\/empresas.infoempleo.com\/hrtrends\/#organization\"},\"image\":{\"@id\":\"https:\/\/empresas.infoempleo.com\/hrtrends\/como-pasar-los-ficheros-fie-a-excel-para-bajas-medicas-en-la-empresa\/#primaryimage\"},\"thumbnailUrl\":\"https:\/\/empresas.infoempleo.com\/hrtrends\/media\/2025\/03\/Tecnico-de-RRHH-pasando-los-ficheros-FIE-a-Excel.jpg\",\"keywords\":[\"convertir a Excel\",\"Ficheros de Incapacidad Temporal\",\"ficheros FIE\"],\"articleSection\":[\"Digitalizaci\u00f3n en RRHH\"],\"inLanguage\":\"es\",\"copyrightYear\":\"2025\",\"copyrightHolder\":{\"@id\":\"https:\/\/empresas.infoempleo.com\/hrtrends\/#organization\"}},{\"@type\":\"WebPage\",\"@id\":\"https:\/\/empresas.infoempleo.com\/hrtrends\/como-pasar-los-ficheros-fie-a-excel-para-bajas-medicas-en-la-empresa\/\",\"url\":\"https:\/\/empresas.infoempleo.com\/hrtrends\/como-pasar-los-ficheros-fie-a-excel-para-bajas-medicas-en-la-empresa\/\",\"name\":\"\u00bfC\u00f3mo pasar ficheros FIE a Excel para agilizar las bajas en la empresa?\",\"isPartOf\":{\"@id\":\"https:\/\/empresas.infoempleo.com\/hrtrends\/#website\"},\"primaryImageOfPage\":{\"@id\":\"https:\/\/empresas.infoempleo.com\/hrtrends\/como-pasar-los-ficheros-fie-a-excel-para-bajas-medicas-en-la-empresa\/#primaryimage\"},\"image\":{\"@id\":\"https:\/\/empresas.infoempleo.com\/hrtrends\/como-pasar-los-ficheros-fie-a-excel-para-bajas-medicas-en-la-empresa\/#primaryimage\"},\"thumbnailUrl\":\"https:\/\/empresas.infoempleo.com\/hrtrends\/media\/2025\/03\/Tecnico-de-RRHH-pasando-los-ficheros-FIE-a-Excel.jpg\",\"datePublished\":\"2025-03-25T05:30:35+00:00\",\"description\":\"Te contamos c\u00f3mo manejar los ficheros FIE y convertirlos en un formato accesible, como Excel, para facilitar la gesti\u00f3n de las bajas m\u00e9dicas.\",\"breadcrumb\":{\"@id\":\"https:\/\/empresas.infoempleo.com\/hrtrends\/como-pasar-los-ficheros-fie-a-excel-para-bajas-medicas-en-la-empresa\/#breadcrumb\"},\"inLanguage\":\"es\",\"potentialAction\":[{\"@type\":\"ReadAction\",\"target\":[\"https:\/\/empresas.infoempleo.com\/hrtrends\/como-pasar-los-ficheros-fie-a-excel-para-bajas-medicas-en-la-empresa\/\"]}]},{\"@type\":\"ImageObject\",\"inLanguage\":\"es\",\"@id\":\"https:\/\/empresas.infoempleo.com\/hrtrends\/como-pasar-los-ficheros-fie-a-excel-para-bajas-medicas-en-la-empresa\/#primaryimage\",\"url\":\"https:\/\/empresas.infoempleo.com\/hrtrends\/media\/2025\/03\/Tecnico-de-RRHH-pasando-los-ficheros-FIE-a-Excel-150x150.jpg\",\"contentUrl\":\"https:\/\/empresas.infoempleo.com\/hrtrends\/media\/2025\/03\/Tecnico-de-RRHH-pasando-los-ficheros-FIE-a-Excel-150x150.jpg\",\"width\":150,\"height\":150,\"caption\":\"T\u00e9cnico de RRHH pasando los ficheros FIE a Excel\"},{\"@type\":\"BreadcrumbList\",\"@id\":\"https:\/\/empresas.infoempleo.com\/hrtrends\/como-pasar-los-ficheros-fie-a-excel-para-bajas-medicas-en-la-empresa\/#breadcrumb\",\"itemListElement\":[{\"@type\":\"ListItem\",\"position\":1,\"name\":\"Portada\",\"item\":\"https:\/\/empresas.infoempleo.com\/hrtrends\/\"},{\"@type\":\"ListItem\",\"position\":2,\"name\":\"\u00bfC\u00f3mo pasar los ficheros FIE a Excel para agilizar la gesti\u00f3n de bajas m\u00e9dicas en la empresa?\"}]},{\"@type\":\"WebSite\",\"@id\":\"https:\/\/empresas.infoempleo.com\/hrtrends\/#website\",\"url\":\"https:\/\/empresas.infoempleo.com\/hrtrends\",\"name\":\"HRTrends by Infoempleo\",\"description\":\"\",\"publisher\":{\"@id\":\"https:\/\/empresas.infoempleo.com\/hrtrends\/#organization\"},\"potentialAction\":{\"@type\":\"SearchAction\",\"target\":\"https:\/\/empresas.infoempleo.com\/hrtrends\/?s={search_term_string}\",\"query-input\":\"required name=search_term_string\"},\"inLanguage\":\"es\"},{\"@type\":\"Organization\",\"@id\":\"https:\/\/empresas.infoempleo.com\/hrtrends\/#organization\",\"name\":\"Infoempleo\",\"url\":\"https:\/\/www.infoempleo.com\/\",\"logo\":{\"@type\":\"ImageObject\",\"@id\":\"https:\/\/empresas.infoempleo.com\/hrtrends\/#logo\",\"inLanguage\":\"es\",\"url\":\"https:\/\/cdnazure.infoempleo.com\/infoempleo\/assets\/style\/gfx\/logo.svg\",\"contentUrl\":\"https:\/\/cdnazure.infoempleo.com\/infoempleo\/assets\/style\/gfx\/logo.svg\",\"width\":150,\"height\":40,\"caption\":\"Infoempleo\"},\"image\":{\"@id\":\"https:\/\/empresas.infoempleo.com\/hrtrends\/#logo\"},\"sameAs\":[\"https:\/\/www.facebook.com\/Infoempleo\",\"https:\/\/x.com\/infoempleo\",\"http:\/\/instagram.com\/infoempleo\/\",\"http:\/\/www.linkedin.com\/groups\/Empleo-Espa\u00f1a-Infoempleocom-111276\",\"http:\/\/pinterest.com\/infoempleo\/\"],\"address\":{\"@type\":\"PostalAddress\",\"addressLocality\":\"Madrid\",\"postalCode\":\"28050\",\"streetAddress\":\"Avenida de Burgos 114\"},\"brand\":[\"Infoempleo\"]},{\"@type\":\"Person\",\"@id\":\"https:\/\/empresas.infoempleo.com\/hrtrends\/#\/schema\/person\/67d3e276ffcc8b3ae0ebec816daf775a\",\"name\":\"infoempleo\",\"image\":{\"@type\":\"ImageObject\",\"inLanguage\":\"es\",\"@id\":\"https:\/\/empresas.infoempleo.com\/hrtrends\/#\/schema\/person\/image\/\",\"url\":\"https:\/\/secure.gravatar.com\/avatar\/7b437777242fe67d2473c2a818da2344692d1ee91e91080ccffbd97bcd4a0975?s=96&d=mm&r=g\",\"contentUrl\":\"https:\/\/secure.gravatar.com\/avatar\/7b437777242fe67d2473c2a818da2344692d1ee91e91080ccffbd97bcd4a0975?s=96&d=mm&r=g\",\"caption\":\"infoempleo\"},\"url\":\"https:\/\/empresas.infoempleo.com\/hrtrends\/author\/infoempleo\/\"}]}<\/script>\n<!-- \/ Yoast SEO plugin. -->","yoast_head_json":{"title":"\u00bfC\u00f3mo pasar ficheros FIE a Excel para agilizar las bajas en la empresa?","description":"Te contamos c\u00f3mo manejar los ficheros FIE y convertirlos en un formato accesible, como Excel, para facilitar la gesti\u00f3n de las bajas m\u00e9dicas.","robots":{"index":"index","follow":"follow","max-snippet":"max-snippet:-1","max-image-preview":"max-image-preview:large","max-video-preview":"max-video-preview:-1"},"canonical":"https:\/\/empresas.infoempleo.com\/hrtrends\/como-pasar-los-ficheros-fie-a-excel-para-bajas-medicas-en-la-empresa\/","og_locale":"es_ES","og_type":"article","og_title":"\u00bfC\u00f3mo pasar ficheros FIE a Excel para agilizar las bajas en la empresa?","og_description":"Te contamos c\u00f3mo manejar los ficheros FIE y convertirlos en un formato accesible, como Excel, para facilitar la gesti\u00f3n de las bajas m\u00e9dicas.","og_url":"https:\/\/empresas.infoempleo.com\/hrtrends\/como-pasar-los-ficheros-fie-a-excel-para-bajas-medicas-en-la-empresa\/","og_site_name":"HRTRENDS","article_publisher":"https:\/\/www.facebook.com\/Infoempleo","article_published_time":"2025-03-25T05:30:35+00:00","og_image":[{"width":1500,"height":1096,"url":"https:\/\/empresas.infoempleo.com\/hrtrends\/media\/2025\/03\/Tecnico-de-RRHH-pasando-los-ficheros-FIE-a-Excel.jpg","type":"image\/jpeg"}],"author":"infoempleo","twitter_card":"summary_large_image","twitter_creator":"@infoempleo","twitter_site":"@infoempleo","twitter_misc":{"Escrito por":"infoempleo","Tiempo de lectura":"4 minutos"},"schema":{"@context":"https:\/\/schema.org","@graph":[{"@type":"NewsArticle","@id":"https:\/\/empresas.infoempleo.com\/hrtrends\/como-pasar-los-ficheros-fie-a-excel-para-bajas-medicas-en-la-empresa\/#article","isPartOf":{"@id":"https:\/\/empresas.infoempleo.com\/hrtrends\/como-pasar-los-ficheros-fie-a-excel-para-bajas-medicas-en-la-empresa\/"},"author":{"name":"infoempleo","@id":"https:\/\/empresas.infoempleo.com\/hrtrends\/#\/schema\/person\/67d3e276ffcc8b3ae0ebec816daf775a"},"headline":"\u00bfC\u00f3mo pasar los ficheros FIE a Excel para agilizar la gesti\u00f3n de bajas m\u00e9dicas en la empresa?","datePublished":"2025-03-25T05:30:35+00:00","mainEntityOfPage":{"@id":"https:\/\/empresas.infoempleo.com\/hrtrends\/como-pasar-los-ficheros-fie-a-excel-para-bajas-medicas-en-la-empresa\/"},"wordCount":907,"publisher":{"@id":"https:\/\/empresas.infoempleo.com\/hrtrends\/#organization"},"image":{"@id":"https:\/\/empresas.infoempleo.com\/hrtrends\/como-pasar-los-ficheros-fie-a-excel-para-bajas-medicas-en-la-empresa\/#primaryimage"},"thumbnailUrl":"https:\/\/empresas.infoempleo.com\/hrtrends\/media\/2025\/03\/Tecnico-de-RRHH-pasando-los-ficheros-FIE-a-Excel.jpg","keywords":["convertir a Excel","Ficheros de Incapacidad Temporal","ficheros FIE"],"articleSection":["Digitalizaci\u00f3n en RRHH"],"inLanguage":"es","copyrightYear":"2025","copyrightHolder":{"@id":"https:\/\/empresas.infoempleo.com\/hrtrends\/#organization"}},{"@type":"WebPage","@id":"https:\/\/empresas.infoempleo.com\/hrtrends\/como-pasar-los-ficheros-fie-a-excel-para-bajas-medicas-en-la-empresa\/","url":"https:\/\/empresas.infoempleo.com\/hrtrends\/como-pasar-los-ficheros-fie-a-excel-para-bajas-medicas-en-la-empresa\/","name":"\u00bfC\u00f3mo pasar ficheros FIE a Excel para agilizar las bajas en la empresa?","isPartOf":{"@id":"https:\/\/empresas.infoempleo.com\/hrtrends\/#website"},"primaryImageOfPage":{"@id":"https:\/\/empresas.infoempleo.com\/hrtrends\/como-pasar-los-ficheros-fie-a-excel-para-bajas-medicas-en-la-empresa\/#primaryimage"},"image":{"@id":"https:\/\/empresas.infoempleo.com\/hrtrends\/como-pasar-los-ficheros-fie-a-excel-para-bajas-medicas-en-la-empresa\/#primaryimage"},"thumbnailUrl":"https:\/\/empresas.infoempleo.com\/hrtrends\/media\/2025\/03\/Tecnico-de-RRHH-pasando-los-ficheros-FIE-a-Excel.jpg","datePublished":"2025-03-25T05:30:35+00:00","description":"Te contamos c\u00f3mo manejar los ficheros FIE y convertirlos en un formato accesible, como Excel, para facilitar la gesti\u00f3n de las bajas m\u00e9dicas.","breadcrumb":{"@id":"https:\/\/empresas.infoempleo.com\/hrtrends\/como-pasar-los-ficheros-fie-a-excel-para-bajas-medicas-en-la-empresa\/#breadcrumb"},"inLanguage":"es","potentialAction":[{"@type":"ReadAction","target":["https:\/\/empresas.infoempleo.com\/hrtrends\/como-pasar-los-ficheros-fie-a-excel-para-bajas-medicas-en-la-empresa\/"]}]},{"@type":"ImageObject","inLanguage":"es","@id":"https:\/\/empresas.infoempleo.com\/hrtrends\/como-pasar-los-ficheros-fie-a-excel-para-bajas-medicas-en-la-empresa\/#primaryimage","url":"https:\/\/empresas.infoempleo.com\/hrtrends\/media\/2025\/03\/Tecnico-de-RRHH-pasando-los-ficheros-FIE-a-Excel-150x150.jpg","contentUrl":"https:\/\/empresas.infoempleo.com\/hrtrends\/media\/2025\/03\/Tecnico-de-RRHH-pasando-los-ficheros-FIE-a-Excel-150x150.jpg","width":150,"height":150,"caption":"T\u00e9cnico de RRHH pasando los ficheros FIE a Excel"},{"@type":"BreadcrumbList","@id":"https:\/\/empresas.infoempleo.com\/hrtrends\/como-pasar-los-ficheros-fie-a-excel-para-bajas-medicas-en-la-empresa\/#breadcrumb","itemListElement":[{"@type":"ListItem","position":1,"name":"Portada","item":"https:\/\/empresas.infoempleo.com\/hrtrends\/"},{"@type":"ListItem","position":2,"name":"\u00bfC\u00f3mo pasar los ficheros FIE a Excel para agilizar la gesti\u00f3n de bajas m\u00e9dicas en la empresa?"}]},{"@type":"WebSite","@id":"https:\/\/empresas.infoempleo.com\/hrtrends\/#website","url":"https:\/\/empresas.infoempleo.com\/hrtrends","name":"HRTrends by Infoempleo","description":"","publisher":{"@id":"https:\/\/empresas.infoempleo.com\/hrtrends\/#organization"},"potentialAction":{"@type":"SearchAction","target":"https:\/\/empresas.infoempleo.com\/hrtrends\/?s={search_term_string}","query-input":"required name=search_term_string"},"inLanguage":"es"},{"@type":"Organization","@id":"https:\/\/empresas.infoempleo.com\/hrtrends\/#organization","name":"Infoempleo","url":"https:\/\/www.infoempleo.com\/","logo":{"@type":"ImageObject","@id":"https:\/\/empresas.infoempleo.com\/hrtrends\/#logo","inLanguage":"es","url":"https:\/\/cdnazure.infoempleo.com\/infoempleo\/assets\/style\/gfx\/logo.svg","contentUrl":"https:\/\/cdnazure.infoempleo.com\/infoempleo\/assets\/style\/gfx\/logo.svg","width":150,"height":40,"caption":"Infoempleo"},"image":{"@id":"https:\/\/empresas.infoempleo.com\/hrtrends\/#logo"},"sameAs":["https:\/\/www.facebook.com\/Infoempleo","https:\/\/x.com\/infoempleo","http:\/\/instagram.com\/infoempleo\/","http:\/\/www.linkedin.com\/groups\/Empleo-Espa\u00f1a-Infoempleocom-111276","http:\/\/pinterest.com\/infoempleo\/"],"address":{"@type":"PostalAddress","addressLocality":"Madrid","postalCode":"28050","streetAddress":"Avenida de Burgos 114"},"brand":["Infoempleo"]},{"@type":"Person","@id":"https:\/\/empresas.infoempleo.com\/hrtrends\/#\/schema\/person\/67d3e276ffcc8b3ae0ebec816daf775a","name":"infoempleo","image":{"@type":"ImageObject","inLanguage":"es","@id":"https:\/\/empresas.infoempleo.com\/hrtrends\/#\/schema\/person\/image\/","url":"https:\/\/secure.gravatar.com\/avatar\/7b437777242fe67d2473c2a818da2344692d1ee91e91080ccffbd97bcd4a0975?s=96&d=mm&r=g","contentUrl":"https:\/\/secure.gravatar.com\/avatar\/7b437777242fe67d2473c2a818da2344692d1ee91e91080ccffbd97bcd4a0975?s=96&d=mm&r=g","caption":"infoempleo"},"url":"https:\/\/empresas.infoempleo.com\/hrtrends\/author\/infoempleo\/"}]}},"amp_enabled":true,"_links":{"self":[{"href":"https:\/\/empresas.infoempleo.com\/hrtrends\/wp-json\/wp\/v2\/posts\/46551","targetHints":{"allow":["GET"]}}],"collection":[{"href":"https:\/\/empresas.infoempleo.com\/hrtrends\/wp-json\/wp\/v2\/posts"}],"about":[{"href":"https:\/\/empresas.infoempleo.com\/hrtrends\/wp-json\/wp\/v2\/types\/post"}],"author":[{"embeddable":true,"href":"https:\/\/empresas.infoempleo.com\/hrtrends\/wp-json\/wp\/v2\/users\/72"}],"replies":[{"embeddable":true,"href":"https:\/\/empresas.infoempleo.com\/hrtrends\/wp-json\/wp\/v2\/comments?post=46551"}],"version-history":[{"count":7,"href":"https:\/\/empresas.infoempleo.com\/hrtrends\/wp-json\/wp\/v2\/posts\/46551\/revisions"}],"predecessor-version":[{"id":46558,"href":"https:\/\/empresas.infoempleo.com\/hrtrends\/wp-json\/wp\/v2\/posts\/46551\/revisions\/46558"}],"wp:featuredmedia":[{"embeddable":true,"href":"https:\/\/empresas.infoempleo.com\/hrtrends\/wp-json\/wp\/v2\/media\/46557"}],"wp:attachment":[{"href":"https:\/\/empresas.infoempleo.com\/hrtrends\/wp-json\/wp\/v2\/media?parent=46551"}],"wp:term":[{"taxonomy":"category","embeddable":true,"href":"https:\/\/empresas.infoempleo.com\/hrtrends\/wp-json\/wp\/v2\/categories?post=46551"},{"taxonomy":"post_tag","embeddable":true,"href":"https:\/\/empresas.infoempleo.com\/hrtrends\/wp-json\/wp\/v2\/tags?post=46551"}],"curies":[{"name":"wp","href":"https:\/\/api.w.org\/{rel}","templated":true}]}}