{"id":46501,"date":"2025-03-20T07:30:56","date_gmt":"2025-03-20T05:30:56","guid":{"rendered":"https:\/\/empresas.infoempleo.com\/hrtrends\/?p=46501"},"modified":"2025-03-11T15:08:03","modified_gmt":"2025-03-11T13:08:03","slug":"evaluacion-del-desempeno-que-es-y-como-implementarla-con-exito-en-tu-empresa","status":"publish","type":"post","link":"https:\/\/empresas.infoempleo.com\/hrtrends\/evaluacion-del-desempeno-que-es-y-como-implementarla-con-exito-en-tu-empresa\/","title":{"rendered":"Evaluaci\u00f3n del desempe\u00f1o: Qu\u00e9 es y c\u00f3mo implementarla con \u00e9xito en tu empresa"},"content":{"rendered":"<p data-start=\"65\" data-end=\"501\">La<strong> evaluaci\u00f3n del desempe\u00f1o<\/strong> es una herramienta clave en la<strong> gesti\u00f3n del talento humano<\/strong>, utilizada por las empresas para <strong>medir el rendimiento<\/strong>, las competencias y la productividad de los empleados. A trav\u00e9s de este proceso, las organizaciones pueden identificar fortalezas, <strong>\u00e1reas de mejora y oportunidades de crecimiento profesional<\/strong> para sus colaboradores, asegurando as\u00ed un mejor alineamiento con los objetivos estrat\u00e9gicos de la empresa.<\/p>\n<p data-start=\"503\" data-end=\"685\">En este art\u00edculo, exploraremos en qu\u00e9 consiste la evaluaci\u00f3n del desempe\u00f1o, cu\u00e1les son los m\u00e9todos m\u00e1s utilizados y c\u00f3mo implementarla de manera efectiva dentro de una organizaci\u00f3n.<\/p>\n<h2>\u00bfQu\u00e9 es la evaluaci\u00f3n del desempe\u00f1o?<\/h2>\n<p data-start=\"5866\" data-end=\"6216\">La evaluaci\u00f3n del desempe\u00f1o es una <strong>herramienta muy utilizada en Recursos Humanos para comprobar el grado de cumplimiento de los objetivos del empleado<\/strong>. Cuando se realiza de manera estructurada y objetiva, no solo permite medir el rendimiento, sino tambi\u00e9n fomentar el desarrollo profesional, mejorar la comunicaci\u00f3n y fortalecer el compromiso de los empleados con la empresa.<\/p>\n<p data-start=\"1059\" data-end=\"1278\">Este proceso no solo beneficia a la empresa, sino tambi\u00e9n a los empleados, ya que les permite conocer su nivel de desempe\u00f1o, <strong>identificar oportunidades de mejora<\/strong> y trazar un plan de crecimiento dentro de la organizaci\u00f3n.<\/p>\n<p data-start=\"1280\" data-end=\"1376\">Algunas de las <strong>razones por las que las empresas implementan evaluaciones del desempe\u00f1o<\/strong> incluyen:<\/p>\n<ul data-start=\"1378\" data-end=\"1668\">\n<li data-start=\"1378\" data-end=\"1442\"><strong>Medir la efectividad<\/strong> del empleado en su puesto de trabajo.<\/li>\n<li data-start=\"1443\" data-end=\"1502\"><strong>Identificar necesidades<\/strong> de capacitaci\u00f3n y desarrollo.<\/li>\n<li data-start=\"1503\" data-end=\"1552\"><strong>Reconocer logros<\/strong> y motivar a los empleados.<\/li>\n<li data-start=\"1553\" data-end=\"1606\"><strong>Definir planes de sucesi\u00f3n<\/strong> y promoci\u00f3n interna.<\/li>\n<li data-start=\"1607\" data-end=\"1668\"><strong>Mejorar la comunicaci\u00f3n<\/strong> entre empleados y supervisores.<\/li>\n<\/ul>\n<h2 data-start=\"1675\" data-end=\"1717\">6 m\u00e9todos de evaluaci\u00f3n del desempe\u00f1o<\/h2>\n<p data-start=\"1719\" data-end=\"1878\">Existen diversos <strong>m\u00e9todos para evaluar el desempe\u00f1o de los empleados<\/strong>, dependiendo de las necesidades y cultura de la empresa. Algunos de los m\u00e1s utilizados son:<\/p>\n<p data-start=\"1880\" data-end=\"1948\"><strong>1. Evaluaci\u00f3n por objetivos (MBO &#8211; Management by Objectives):<\/strong> Este m\u00e9todo se basa en la fijaci\u00f3n de metas espec\u00edficas y medibles para cada empleado. Durante la evaluaci\u00f3n, se revisa el grado de cumplimiento de estos objetivos y se identifican los factores que han contribuido o dificultado su logro.<\/p>\n<p data-start=\"2188\" data-end=\"2220\"><strong>2. Evaluaci\u00f3n 360 grados:<\/strong> En este enfoque, el desempe\u00f1o del empleado es evaluado por varias personas que trabajan con \u00e9l, incluyendo supervisores, compa\u00f1eros, subordinados e incluso clientes. Ofrece una visi\u00f3n integral del rendimiento y permite obtener retroalimentaci\u00f3n desde diferentes perspectivas.<\/p>\n<p data-start=\"2498\" data-end=\"2523\"><strong>3. Autoevaluaci\u00f3n:\u00a0<\/strong>Los propios empleados valoran su desempe\u00f1o en funci\u00f3n de criterios previamente establecidos. Este m\u00e9todo fomenta la autorreflexi\u00f3n y ayuda a identificar diferencias entre la percepci\u00f3n del empleado y la de su supervisor.<\/p>\n<p data-start=\"2746\" data-end=\"2790\"><strong>4. Evaluaci\u00f3n basada en competencias:<\/strong> Se centra en el an\u00e1lisis de habilidades y competencias clave para el puesto de trabajo, como liderazgo, trabajo en equipo, comunicaci\u00f3n, creatividad y resoluci\u00f3n de problemas.<\/p>\n<p data-start=\"2968\" data-end=\"3002\"><strong>5. Escalas de calificaci\u00f3n:<\/strong> Consiste en evaluar el desempe\u00f1o del empleado en una escala num\u00e9rica o cualitativa. Por ejemplo, del 1 al 5, donde 1 representa un desempe\u00f1o deficiente y 5 un desempe\u00f1o sobresaliente.<\/p>\n<p data-start=\"3188\" data-end=\"3218\"><strong>6. Incidentes cr\u00edticos:<\/strong> Se basa en la recopilaci\u00f3n de eventos espec\u00edficos en los que el empleado haya demostrado un desempe\u00f1o excepcional o deficiente. Estos incidentes se analizan y utilizan para proporcionar retroalimentaci\u00f3n espec\u00edfica.<\/p>\n<h2 data-start=\"3441\" data-end=\"3499\"><strong data-start=\"3444\" data-end=\"3499\">\u00bfC\u00f3mo se lleva a cabo una evaluaci\u00f3n del desempe\u00f1o?<\/strong><\/h2>\n<p data-start=\"3501\" data-end=\"3704\">Para que una evaluaci\u00f3n del desempe\u00f1o sea efectiva y aporte valor tanto a la empresa como a los empleados, <strong>es fundamental seguir un proceso bien estructurado<\/strong>. Estos ser\u00edan los pasos clave:<\/p>\n<h3 data-start=\"3706\" data-end=\"3755\"><strong data-start=\"3710\" data-end=\"3755\">\u2705 Definir los objetivos de la evaluaci\u00f3n<\/strong><\/h3>\n<p data-start=\"3756\" data-end=\"3961\">Antes de iniciar el proceso, es importante que se establezcan los objetivos de la evaluaci\u00f3n, y que est\u00e9n alineados con su estrategia organizacional. Algunas preguntas clave en esta etapa incluyen:<\/p>\n<ul data-start=\"3963\" data-end=\"4085\">\n<li data-start=\"3963\" data-end=\"3985\">\u00bfQu\u00e9 queremos medir?<\/li>\n<li data-start=\"3986\" data-end=\"4042\">\u00bfQu\u00e9 impacto tendr\u00e1 en el desarrollo de los empleados?<\/li>\n<li data-start=\"4043\" data-end=\"4085\">\u00bfC\u00f3mo usaremos los resultados obtenidos?<\/li>\n<\/ul>\n<h3 data-start=\"4087\" data-end=\"4133\"><strong data-start=\"4091\" data-end=\"4133\">\u2705 Seleccionar el m\u00e9todo de evaluaci\u00f3n<\/strong><\/h3>\n<p data-start=\"4134\" data-end=\"4372\">Dependiendo del tipo de empresa, el tama\u00f1o del equipo y la cultura organizacional, se debe elegir el m\u00e9todo m\u00e1s adecuado para evaluar el desempe\u00f1o. En muchas organizaciones, se combinan varios m\u00e9todos para obtener una visi\u00f3n m\u00e1s completa.<\/p>\n<h3 data-start=\"4374\" data-end=\"4421\"><strong data-start=\"4378\" data-end=\"4421\">\u2705 Comunicar el proceso a los empleados<\/strong><\/h3>\n<p data-start=\"4422\" data-end=\"4665\">Es esencial que todos los empleados comprendan el prop\u00f3sito de la evaluaci\u00f3n, los criterios utilizados y el impacto que tendr\u00e1 en su desarrollo profesional. La transparencia en esta etapa es clave para generar confianza y evitar malentendidos.<\/p>\n<h3 data-start=\"4667\" data-end=\"4699\"><strong data-start=\"4671\" data-end=\"4699\">\u2705 Recopilar informaci\u00f3n<\/strong><\/h3>\n<p data-start=\"4700\" data-end=\"4921\">Se deben recoger datos sobre el desempe\u00f1o de los empleados a trav\u00e9s de encuestas, entrevistas, formularios o herramientas digitales especializadas. En esta fase, es importante utilizar criterios objetivos y evitar sesgos.<\/p>\n<h3 data-start=\"4923\" data-end=\"4957\"><strong data-start=\"4927\" data-end=\"4957\">\u2705 Analizar los resultados<\/strong><\/h3>\n<p data-start=\"4958\" data-end=\"5203\">Una vez recopilados los datos, los supervisores y el equipo de recursos humanos deben analizarlos para identificar patrones, fortalezas y \u00e1reas de mejora. Esto puede incluir la comparaci\u00f3n con evaluaciones anteriores o con est\u00e1ndares del sector.<\/p>\n<h3 data-start=\"5205\" data-end=\"5241\"><strong data-start=\"5209\" data-end=\"5241\">\u2705 Brindar retroalimentaci\u00f3n<\/strong><\/h3>\n<p data-start=\"5242\" data-end=\"5498\">Uno de los momentos m\u00e1s importantes del proceso es la sesi\u00f3n de retroalimentaci\u00f3n entre el supervisor y el empleado. En esta conversaci\u00f3n, se deben resaltar los logros, abordar \u00e1reas de mejora y establecer un plan de acci\u00f3n para el desarrollo del empleado.<\/p>\n<h3 data-start=\"5500\" data-end=\"5549\"><strong data-start=\"5504\" data-end=\"5549\">\u2705 Dise\u00f1ar planes de acci\u00f3n y seguimiento<\/strong><\/h3>\n<p data-start=\"5550\" data-end=\"5840\">Despu\u00e9s de la evaluaci\u00f3n, es crucial definir acciones concretas para mejorar el desempe\u00f1o del empleado. Esto puede incluir programas de formaci\u00f3n, mentor\u00edas, cambios en responsabilidades o nuevas metas a alcanzar. Tambi\u00e9n se recomienda hacer un seguimiento peri\u00f3dico para medir el progreso.<\/p>\n","protected":false},"excerpt":{"rendered":"<p>La evaluaci\u00f3n del desempe\u00f1o es una herramienta clave en la gesti\u00f3n del talento humano, utilizada por las empresas<a class=\"moretag\" href=\"https:\/\/empresas.infoempleo.com\/hrtrends\/evaluacion-del-desempeno-que-es-y-como-implementarla-con-exito-en-tu-empresa\/\"> Leer m\u00e1s<\/a><\/p>\n","protected":false},"author":27,"featured_media":46514,"comment_status":"closed","ping_status":"closed","sticky":false,"template":"","format":"standard","meta":{"footnotes":""},"categories":[3035],"tags":[3756,3757],"class_list":["post-46501","post","type-post","status-publish","format-standard","has-post-thumbnail","hentry","category-consejos","tag-evaluacion-de-desempeno","tag-metodos-de-evaluacion-del-desempeno"],"yoast_head":"<!-- This site is optimized with the Yoast SEO plugin v26.1.1 - https:\/\/yoast.com\/wordpress\/plugins\/seo\/ -->\n<title>Evaluaci\u00f3n del desempe\u00f1o: c\u00f3mo implementarla en la empresa<\/title>\n<meta name=\"description\" content=\"Exploramos en qu\u00e9 consiste la evaluaci\u00f3n del desempe\u00f1o, cu\u00e1les son los m\u00e9todos m\u00e1s utilizados y c\u00f3mo implementarla de manera efectiva.\" \/>\n<meta name=\"robots\" content=\"index, follow, max-snippet:-1, max-image-preview:large, max-video-preview:-1\" \/>\n<link rel=\"canonical\" href=\"https:\/\/empresas.infoempleo.com\/hrtrends\/evaluacion-del-desempeno-que-es-y-como-implementarla-con-exito-en-tu-empresa\/\" \/>\n<meta property=\"og:locale\" content=\"es_ES\" \/>\n<meta property=\"og:type\" content=\"article\" \/>\n<meta property=\"og:title\" content=\"Evaluaci\u00f3n del desempe\u00f1o: c\u00f3mo implementarla en la empresa\" \/>\n<meta property=\"og:description\" content=\"Exploramos en qu\u00e9 consiste la evaluaci\u00f3n del desempe\u00f1o, cu\u00e1les son los m\u00e9todos m\u00e1s utilizados y c\u00f3mo implementarla de manera efectiva.\" \/>\n<meta property=\"og:url\" content=\"https:\/\/empresas.infoempleo.com\/hrtrends\/evaluacion-del-desempeno-que-es-y-como-implementarla-con-exito-en-tu-empresa\/\" \/>\n<meta property=\"og:site_name\" content=\"HRTRENDS\" \/>\n<meta property=\"article:publisher\" content=\"https:\/\/www.facebook.com\/Infoempleo\" \/>\n<meta property=\"article:published_time\" content=\"2025-03-20T05:30:56+00:00\" \/>\n<meta property=\"og:image\" content=\"https:\/\/empresas.infoempleo.com\/hrtrends\/media\/2025\/03\/Evaluacion-del-desempeno.jpg\" \/>\n\t<meta property=\"og:image:width\" content=\"1500\" \/>\n\t<meta property=\"og:image:height\" content=\"998\" \/>\n\t<meta property=\"og:image:type\" content=\"image\/jpeg\" \/>\n<meta name=\"author\" content=\"Mayte Guill\u00e9n\" \/>\n<meta name=\"twitter:card\" content=\"summary_large_image\" \/>\n<meta name=\"twitter:creator\" content=\"@mayteguillen\" \/>\n<meta name=\"twitter:site\" content=\"@infoempleo\" \/>\n<meta name=\"twitter:label1\" content=\"Escrito por\" \/>\n\t<meta name=\"twitter:data1\" content=\"Mayte Guill\u00e9n\" \/>\n\t<meta name=\"twitter:label2\" content=\"Tiempo de lectura\" \/>\n\t<meta name=\"twitter:data2\" content=\"4 minutos\" \/>\n<script type=\"application\/ld+json\" class=\"yoast-schema-graph\">{\"@context\":\"https:\/\/schema.org\",\"@graph\":[{\"@type\":\"NewsArticle\",\"@id\":\"https:\/\/empresas.infoempleo.com\/hrtrends\/evaluacion-del-desempeno-que-es-y-como-implementarla-con-exito-en-tu-empresa\/#article\",\"isPartOf\":{\"@id\":\"https:\/\/empresas.infoempleo.com\/hrtrends\/evaluacion-del-desempeno-que-es-y-como-implementarla-con-exito-en-tu-empresa\/\"},\"author\":{\"name\":\"Mayte Guill\u00e9n\",\"@id\":\"https:\/\/empresas.infoempleo.com\/hrtrends\/#\/schema\/person\/4e46e960319e61d74737b4371bed2d9e\"},\"headline\":\"Evaluaci\u00f3n del desempe\u00f1o: Qu\u00e9 es y c\u00f3mo implementarla con \u00e9xito en tu empresa\",\"datePublished\":\"2025-03-20T05:30:56+00:00\",\"mainEntityOfPage\":{\"@id\":\"https:\/\/empresas.infoempleo.com\/hrtrends\/evaluacion-del-desempeno-que-es-y-como-implementarla-con-exito-en-tu-empresa\/\"},\"wordCount\":940,\"publisher\":{\"@id\":\"https:\/\/empresas.infoempleo.com\/hrtrends\/#organization\"},\"image\":{\"@id\":\"https:\/\/empresas.infoempleo.com\/hrtrends\/evaluacion-del-desempeno-que-es-y-como-implementarla-con-exito-en-tu-empresa\/#primaryimage\"},\"thumbnailUrl\":\"https:\/\/empresas.infoempleo.com\/hrtrends\/media\/2025\/03\/Evaluacion-del-desempeno.jpg\",\"keywords\":[\"evaluaci\u00f3n de desempe\u00f1o\",\"m\u00e9todos de evaluaci\u00f3n del desempe\u00f1o\"],\"articleSection\":[\"Consejos\"],\"inLanguage\":\"es\",\"copyrightYear\":\"2025\",\"copyrightHolder\":{\"@id\":\"https:\/\/empresas.infoempleo.com\/hrtrends\/#organization\"}},{\"@type\":\"WebPage\",\"@id\":\"https:\/\/empresas.infoempleo.com\/hrtrends\/evaluacion-del-desempeno-que-es-y-como-implementarla-con-exito-en-tu-empresa\/\",\"url\":\"https:\/\/empresas.infoempleo.com\/hrtrends\/evaluacion-del-desempeno-que-es-y-como-implementarla-con-exito-en-tu-empresa\/\",\"name\":\"Evaluaci\u00f3n del desempe\u00f1o: c\u00f3mo implementarla en la empresa\",\"isPartOf\":{\"@id\":\"https:\/\/empresas.infoempleo.com\/hrtrends\/#website\"},\"primaryImageOfPage\":{\"@id\":\"https:\/\/empresas.infoempleo.com\/hrtrends\/evaluacion-del-desempeno-que-es-y-como-implementarla-con-exito-en-tu-empresa\/#primaryimage\"},\"image\":{\"@id\":\"https:\/\/empresas.infoempleo.com\/hrtrends\/evaluacion-del-desempeno-que-es-y-como-implementarla-con-exito-en-tu-empresa\/#primaryimage\"},\"thumbnailUrl\":\"https:\/\/empresas.infoempleo.com\/hrtrends\/media\/2025\/03\/Evaluacion-del-desempeno.jpg\",\"datePublished\":\"2025-03-20T05:30:56+00:00\",\"description\":\"Exploramos en qu\u00e9 consiste la evaluaci\u00f3n del desempe\u00f1o, cu\u00e1les son los m\u00e9todos m\u00e1s utilizados y c\u00f3mo implementarla de manera efectiva.\",\"breadcrumb\":{\"@id\":\"https:\/\/empresas.infoempleo.com\/hrtrends\/evaluacion-del-desempeno-que-es-y-como-implementarla-con-exito-en-tu-empresa\/#breadcrumb\"},\"inLanguage\":\"es\",\"potentialAction\":[{\"@type\":\"ReadAction\",\"target\":[\"https:\/\/empresas.infoempleo.com\/hrtrends\/evaluacion-del-desempeno-que-es-y-como-implementarla-con-exito-en-tu-empresa\/\"]}]},{\"@type\":\"ImageObject\",\"inLanguage\":\"es\",\"@id\":\"https:\/\/empresas.infoempleo.com\/hrtrends\/evaluacion-del-desempeno-que-es-y-como-implementarla-con-exito-en-tu-empresa\/#primaryimage\",\"url\":\"https:\/\/empresas.infoempleo.com\/hrtrends\/media\/2025\/03\/Evaluacion-del-desempeno-150x150.jpg\",\"contentUrl\":\"https:\/\/empresas.infoempleo.com\/hrtrends\/media\/2025\/03\/Evaluacion-del-desempeno-150x150.jpg\",\"width\":150,\"height\":150,\"caption\":\"La evoluci\u00f3n del desempe\u00f1o permite identificar oportunidades de mejora en las empresas.\"},{\"@type\":\"BreadcrumbList\",\"@id\":\"https:\/\/empresas.infoempleo.com\/hrtrends\/evaluacion-del-desempeno-que-es-y-como-implementarla-con-exito-en-tu-empresa\/#breadcrumb\",\"itemListElement\":[{\"@type\":\"ListItem\",\"position\":1,\"name\":\"Portada\",\"item\":\"https:\/\/empresas.infoempleo.com\/hrtrends\/\"},{\"@type\":\"ListItem\",\"position\":2,\"name\":\"Evaluaci\u00f3n del desempe\u00f1o: Qu\u00e9 es y c\u00f3mo implementarla con \u00e9xito en tu empresa\"}]},{\"@type\":\"WebSite\",\"@id\":\"https:\/\/empresas.infoempleo.com\/hrtrends\/#website\",\"url\":\"https:\/\/empresas.infoempleo.com\/hrtrends\",\"name\":\"HRTrends by Infoempleo\",\"description\":\"\",\"publisher\":{\"@id\":\"https:\/\/empresas.infoempleo.com\/hrtrends\/#organization\"},\"potentialAction\":{\"@type\":\"SearchAction\",\"target\":\"https:\/\/empresas.infoempleo.com\/hrtrends\/?s={search_term_string}\",\"query-input\":\"required name=search_term_string\"},\"inLanguage\":\"es\"},{\"@type\":\"Organization\",\"@id\":\"https:\/\/empresas.infoempleo.com\/hrtrends\/#organization\",\"name\":\"Infoempleo\",\"url\":\"https:\/\/www.infoempleo.com\/\",\"logo\":{\"@type\":\"ImageObject\",\"@id\":\"https:\/\/empresas.infoempleo.com\/hrtrends\/#logo\",\"inLanguage\":\"es\",\"url\":\"https:\/\/cdnazure.infoempleo.com\/infoempleo\/assets\/style\/gfx\/logo.svg\",\"contentUrl\":\"https:\/\/cdnazure.infoempleo.com\/infoempleo\/assets\/style\/gfx\/logo.svg\",\"width\":150,\"height\":40,\"caption\":\"Infoempleo\"},\"image\":{\"@id\":\"https:\/\/empresas.infoempleo.com\/hrtrends\/#logo\"},\"sameAs\":[\"https:\/\/www.facebook.com\/Infoempleo\",\"https:\/\/x.com\/infoempleo\",\"http:\/\/instagram.com\/infoempleo\/\",\"http:\/\/www.linkedin.com\/groups\/Empleo-Espa\u00f1a-Infoempleocom-111276\",\"http:\/\/pinterest.com\/infoempleo\/\"],\"address\":{\"@type\":\"PostalAddress\",\"addressLocality\":\"Madrid\",\"postalCode\":\"28050\",\"streetAddress\":\"Avenida de Burgos 114\"},\"brand\":[\"Infoempleo\"]},{\"@type\":\"Person\",\"@id\":\"https:\/\/empresas.infoempleo.com\/hrtrends\/#\/schema\/person\/4e46e960319e61d74737b4371bed2d9e\",\"name\":\"Mayte Guill\u00e9n\",\"image\":{\"@type\":\"ImageObject\",\"inLanguage\":\"es\",\"@id\":\"https:\/\/empresas.infoempleo.com\/hrtrends\/#\/schema\/person\/image\/\",\"url\":\"https:\/\/secure.gravatar.com\/avatar\/65b5a8d69d8ba2b4ada3ebca81086320c804f708633e50c9630548bdbfb2a7c4?s=96&d=mm&r=g\",\"contentUrl\":\"https:\/\/secure.gravatar.com\/avatar\/65b5a8d69d8ba2b4ada3ebca81086320c804f708633e50c9630548bdbfb2a7c4?s=96&d=mm&r=g\",\"caption\":\"Mayte Guill\u00e9n\"},\"description\":\"Escribo sobre empleo, formaci\u00f3n y Recursos Humanos, y las sinergias que existen entre estos mundos. Me gusta pensar que con mi trabajo ayudo a las personas a mejorar su futuro laboral. Responsable de Contenidos y Estudios en Infoempleo.\",\"sameAs\":[\"https:\/\/www.linkedin.com\/in\/mayteguillen\/\",\"https:\/\/x.com\/mayteguillen\"],\"url\":\"https:\/\/empresas.infoempleo.com\/hrtrends\/author\/mayte-guillen\/\"}]}<\/script>\n<!-- \/ Yoast SEO plugin. -->","yoast_head_json":{"title":"Evaluaci\u00f3n del desempe\u00f1o: c\u00f3mo implementarla en la empresa","description":"Exploramos en qu\u00e9 consiste la evaluaci\u00f3n del desempe\u00f1o, cu\u00e1les son los m\u00e9todos m\u00e1s utilizados y c\u00f3mo implementarla de manera efectiva.","robots":{"index":"index","follow":"follow","max-snippet":"max-snippet:-1","max-image-preview":"max-image-preview:large","max-video-preview":"max-video-preview:-1"},"canonical":"https:\/\/empresas.infoempleo.com\/hrtrends\/evaluacion-del-desempeno-que-es-y-como-implementarla-con-exito-en-tu-empresa\/","og_locale":"es_ES","og_type":"article","og_title":"Evaluaci\u00f3n del desempe\u00f1o: c\u00f3mo implementarla en la empresa","og_description":"Exploramos en qu\u00e9 consiste la evaluaci\u00f3n del desempe\u00f1o, cu\u00e1les son los m\u00e9todos m\u00e1s utilizados y c\u00f3mo implementarla de manera efectiva.","og_url":"https:\/\/empresas.infoempleo.com\/hrtrends\/evaluacion-del-desempeno-que-es-y-como-implementarla-con-exito-en-tu-empresa\/","og_site_name":"HRTRENDS","article_publisher":"https:\/\/www.facebook.com\/Infoempleo","article_published_time":"2025-03-20T05:30:56+00:00","og_image":[{"width":1500,"height":998,"url":"https:\/\/empresas.infoempleo.com\/hrtrends\/media\/2025\/03\/Evaluacion-del-desempeno.jpg","type":"image\/jpeg"}],"author":"Mayte Guill\u00e9n","twitter_card":"summary_large_image","twitter_creator":"@mayteguillen","twitter_site":"@infoempleo","twitter_misc":{"Escrito por":"Mayte Guill\u00e9n","Tiempo de lectura":"4 minutos"},"schema":{"@context":"https:\/\/schema.org","@graph":[{"@type":"NewsArticle","@id":"https:\/\/empresas.infoempleo.com\/hrtrends\/evaluacion-del-desempeno-que-es-y-como-implementarla-con-exito-en-tu-empresa\/#article","isPartOf":{"@id":"https:\/\/empresas.infoempleo.com\/hrtrends\/evaluacion-del-desempeno-que-es-y-como-implementarla-con-exito-en-tu-empresa\/"},"author":{"name":"Mayte Guill\u00e9n","@id":"https:\/\/empresas.infoempleo.com\/hrtrends\/#\/schema\/person\/4e46e960319e61d74737b4371bed2d9e"},"headline":"Evaluaci\u00f3n del desempe\u00f1o: Qu\u00e9 es y c\u00f3mo implementarla con \u00e9xito en tu empresa","datePublished":"2025-03-20T05:30:56+00:00","mainEntityOfPage":{"@id":"https:\/\/empresas.infoempleo.com\/hrtrends\/evaluacion-del-desempeno-que-es-y-como-implementarla-con-exito-en-tu-empresa\/"},"wordCount":940,"publisher":{"@id":"https:\/\/empresas.infoempleo.com\/hrtrends\/#organization"},"image":{"@id":"https:\/\/empresas.infoempleo.com\/hrtrends\/evaluacion-del-desempeno-que-es-y-como-implementarla-con-exito-en-tu-empresa\/#primaryimage"},"thumbnailUrl":"https:\/\/empresas.infoempleo.com\/hrtrends\/media\/2025\/03\/Evaluacion-del-desempeno.jpg","keywords":["evaluaci\u00f3n de desempe\u00f1o","m\u00e9todos de evaluaci\u00f3n del desempe\u00f1o"],"articleSection":["Consejos"],"inLanguage":"es","copyrightYear":"2025","copyrightHolder":{"@id":"https:\/\/empresas.infoempleo.com\/hrtrends\/#organization"}},{"@type":"WebPage","@id":"https:\/\/empresas.infoempleo.com\/hrtrends\/evaluacion-del-desempeno-que-es-y-como-implementarla-con-exito-en-tu-empresa\/","url":"https:\/\/empresas.infoempleo.com\/hrtrends\/evaluacion-del-desempeno-que-es-y-como-implementarla-con-exito-en-tu-empresa\/","name":"Evaluaci\u00f3n del desempe\u00f1o: c\u00f3mo implementarla en la empresa","isPartOf":{"@id":"https:\/\/empresas.infoempleo.com\/hrtrends\/#website"},"primaryImageOfPage":{"@id":"https:\/\/empresas.infoempleo.com\/hrtrends\/evaluacion-del-desempeno-que-es-y-como-implementarla-con-exito-en-tu-empresa\/#primaryimage"},"image":{"@id":"https:\/\/empresas.infoempleo.com\/hrtrends\/evaluacion-del-desempeno-que-es-y-como-implementarla-con-exito-en-tu-empresa\/#primaryimage"},"thumbnailUrl":"https:\/\/empresas.infoempleo.com\/hrtrends\/media\/2025\/03\/Evaluacion-del-desempeno.jpg","datePublished":"2025-03-20T05:30:56+00:00","description":"Exploramos en qu\u00e9 consiste la evaluaci\u00f3n del desempe\u00f1o, cu\u00e1les son los m\u00e9todos m\u00e1s utilizados y c\u00f3mo implementarla de manera efectiva.","breadcrumb":{"@id":"https:\/\/empresas.infoempleo.com\/hrtrends\/evaluacion-del-desempeno-que-es-y-como-implementarla-con-exito-en-tu-empresa\/#breadcrumb"},"inLanguage":"es","potentialAction":[{"@type":"ReadAction","target":["https:\/\/empresas.infoempleo.com\/hrtrends\/evaluacion-del-desempeno-que-es-y-como-implementarla-con-exito-en-tu-empresa\/"]}]},{"@type":"ImageObject","inLanguage":"es","@id":"https:\/\/empresas.infoempleo.com\/hrtrends\/evaluacion-del-desempeno-que-es-y-como-implementarla-con-exito-en-tu-empresa\/#primaryimage","url":"https:\/\/empresas.infoempleo.com\/hrtrends\/media\/2025\/03\/Evaluacion-del-desempeno-150x150.jpg","contentUrl":"https:\/\/empresas.infoempleo.com\/hrtrends\/media\/2025\/03\/Evaluacion-del-desempeno-150x150.jpg","width":150,"height":150,"caption":"La evoluci\u00f3n del desempe\u00f1o permite identificar oportunidades de mejora en las empresas."},{"@type":"BreadcrumbList","@id":"https:\/\/empresas.infoempleo.com\/hrtrends\/evaluacion-del-desempeno-que-es-y-como-implementarla-con-exito-en-tu-empresa\/#breadcrumb","itemListElement":[{"@type":"ListItem","position":1,"name":"Portada","item":"https:\/\/empresas.infoempleo.com\/hrtrends\/"},{"@type":"ListItem","position":2,"name":"Evaluaci\u00f3n del desempe\u00f1o: Qu\u00e9 es y c\u00f3mo implementarla con \u00e9xito en tu empresa"}]},{"@type":"WebSite","@id":"https:\/\/empresas.infoempleo.com\/hrtrends\/#website","url":"https:\/\/empresas.infoempleo.com\/hrtrends","name":"HRTrends by Infoempleo","description":"","publisher":{"@id":"https:\/\/empresas.infoempleo.com\/hrtrends\/#organization"},"potentialAction":{"@type":"SearchAction","target":"https:\/\/empresas.infoempleo.com\/hrtrends\/?s={search_term_string}","query-input":"required name=search_term_string"},"inLanguage":"es"},{"@type":"Organization","@id":"https:\/\/empresas.infoempleo.com\/hrtrends\/#organization","name":"Infoempleo","url":"https:\/\/www.infoempleo.com\/","logo":{"@type":"ImageObject","@id":"https:\/\/empresas.infoempleo.com\/hrtrends\/#logo","inLanguage":"es","url":"https:\/\/cdnazure.infoempleo.com\/infoempleo\/assets\/style\/gfx\/logo.svg","contentUrl":"https:\/\/cdnazure.infoempleo.com\/infoempleo\/assets\/style\/gfx\/logo.svg","width":150,"height":40,"caption":"Infoempleo"},"image":{"@id":"https:\/\/empresas.infoempleo.com\/hrtrends\/#logo"},"sameAs":["https:\/\/www.facebook.com\/Infoempleo","https:\/\/x.com\/infoempleo","http:\/\/instagram.com\/infoempleo\/","http:\/\/www.linkedin.com\/groups\/Empleo-Espa\u00f1a-Infoempleocom-111276","http:\/\/pinterest.com\/infoempleo\/"],"address":{"@type":"PostalAddress","addressLocality":"Madrid","postalCode":"28050","streetAddress":"Avenida de Burgos 114"},"brand":["Infoempleo"]},{"@type":"Person","@id":"https:\/\/empresas.infoempleo.com\/hrtrends\/#\/schema\/person\/4e46e960319e61d74737b4371bed2d9e","name":"Mayte Guill\u00e9n","image":{"@type":"ImageObject","inLanguage":"es","@id":"https:\/\/empresas.infoempleo.com\/hrtrends\/#\/schema\/person\/image\/","url":"https:\/\/secure.gravatar.com\/avatar\/65b5a8d69d8ba2b4ada3ebca81086320c804f708633e50c9630548bdbfb2a7c4?s=96&d=mm&r=g","contentUrl":"https:\/\/secure.gravatar.com\/avatar\/65b5a8d69d8ba2b4ada3ebca81086320c804f708633e50c9630548bdbfb2a7c4?s=96&d=mm&r=g","caption":"Mayte Guill\u00e9n"},"description":"Escribo sobre empleo, formaci\u00f3n y Recursos Humanos, y las sinergias que existen entre estos mundos. Me gusta pensar que con mi trabajo ayudo a las personas a mejorar su futuro laboral. Responsable de Contenidos y Estudios en Infoempleo.","sameAs":["https:\/\/www.linkedin.com\/in\/mayteguillen\/","https:\/\/x.com\/mayteguillen"],"url":"https:\/\/empresas.infoempleo.com\/hrtrends\/author\/mayte-guillen\/"}]}},"amp_enabled":true,"_links":{"self":[{"href":"https:\/\/empresas.infoempleo.com\/hrtrends\/wp-json\/wp\/v2\/posts\/46501","targetHints":{"allow":["GET"]}}],"collection":[{"href":"https:\/\/empresas.infoempleo.com\/hrtrends\/wp-json\/wp\/v2\/posts"}],"about":[{"href":"https:\/\/empresas.infoempleo.com\/hrtrends\/wp-json\/wp\/v2\/types\/post"}],"author":[{"embeddable":true,"href":"https:\/\/empresas.infoempleo.com\/hrtrends\/wp-json\/wp\/v2\/users\/27"}],"replies":[{"embeddable":true,"href":"https:\/\/empresas.infoempleo.com\/hrtrends\/wp-json\/wp\/v2\/comments?post=46501"}],"version-history":[{"count":12,"href":"https:\/\/empresas.infoempleo.com\/hrtrends\/wp-json\/wp\/v2\/posts\/46501\/revisions"}],"predecessor-version":[{"id":46513,"href":"https:\/\/empresas.infoempleo.com\/hrtrends\/wp-json\/wp\/v2\/posts\/46501\/revisions\/46513"}],"wp:featuredmedia":[{"embeddable":true,"href":"https:\/\/empresas.infoempleo.com\/hrtrends\/wp-json\/wp\/v2\/media\/46514"}],"wp:attachment":[{"href":"https:\/\/empresas.infoempleo.com\/hrtrends\/wp-json\/wp\/v2\/media?parent=46501"}],"wp:term":[{"taxonomy":"category","embeddable":true,"href":"https:\/\/empresas.infoempleo.com\/hrtrends\/wp-json\/wp\/v2\/categories?post=46501"},{"taxonomy":"post_tag","embeddable":true,"href":"https:\/\/empresas.infoempleo.com\/hrtrends\/wp-json\/wp\/v2\/tags?post=46501"}],"curies":[{"name":"wp","href":"https:\/\/api.w.org\/{rel}","templated":true}]}}