{"id":46408,"date":"2025-02-25T07:30:15","date_gmt":"2025-02-25T05:30:15","guid":{"rendered":"https:\/\/empresas.infoempleo.com\/hrtrends\/?p=46408"},"modified":"2025-03-17T19:39:13","modified_gmt":"2025-03-17T17:39:13","slug":"employer-branding-estrategias-para-atraer-talento-joven","status":"publish","type":"post","link":"https:\/\/empresas.infoempleo.com\/hrtrends\/employer-branding-estrategias-para-atraer-talento-joven\/","title":{"rendered":"Employer Branding en la era digital: estrategias para atraer talento joven"},"content":{"rendered":"<p data-start=\"159\" data-end=\"616\">La digitalizaci\u00f3n ha transformado definitivamente la forma en que las empresas interact\u00faan con los candidatos. En este nuevo mundo hiperconectado, el <strong data-start=\"275\" data-end=\"296\">Employer Branding<\/strong> <strong>se ha convertido en una herramienta clave para atraer talento<\/strong>, especialmente entre las nuevas generaciones. \u00bfQu\u00e9 estrategias pueden hacer que la compa\u00f1\u00eda resulte m\u00e1s atractiva?<\/p>\n<h2 data-start=\"814\" data-end=\"889\"><strong data-start=\"817\" data-end=\"887\">\u00bfQu\u00e9 es el Employer Branding y por qu\u00e9 es clave en la era digital?<\/strong><\/h2>\n<p data-start=\"891\" data-end=\"1351\">El <strong data-start=\"894\" data-end=\"915\">Employer Branding<\/strong> <strong>es la imagen que una empresa proyecta como lugar de trabajo<\/strong>. No se trata solo de c\u00f3mo la empresa se percibe entre los clientes, sino tambi\u00e9n de la experiencia que ofrece a sus empleados y la reputaci\u00f3n que tiene en el mercado laboral.<\/p>\n<p data-start=\"891\" data-end=\"1351\"><strong>En la era digital, esta imagen se construye y difunde a trav\u00e9s de m\u00faltiples canales<\/strong>: redes sociales, plataformas de empleo, sitios web corporativos y experiencias compartidas por los propios trabajadores.<\/p>\n<p data-start=\"1353\" data-end=\"1709\">Por eso, para <strong>atraer a los mejores profesionales<\/strong>, especialmente a los m\u00e1s j\u00f3venes, las empresas deben ser conscientes de que su <strong data-start=\"1472\" data-end=\"1508\">reputaci\u00f3n online es fundamental<\/strong>. Una mala opini\u00f3n en Glassdoor, comentarios negativos en redes sociales o experiencias laborales poco satisfactorias pueden hacer que los candidatos descarten una oferta incluso antes de postularse.<\/p>\n<h2 data-start=\"1711\" data-end=\"1782\"><strong data-start=\"1714\" data-end=\"1780\">Factores clave del Employer Branding para atraer talento joven<\/strong><\/h2>\n<p data-start=\"1784\" data-end=\"2162\">Tanto los nuevos profesionales que pertenecen a la llamada Generaci\u00f3n Z como los Millennials tienen <strong>expectativas diferentes a las de generaciones anteriores<\/strong>. No solo buscan estabilidad y un buen sueldo, sino tambi\u00e9n oportunidades de desarrollo, bienestar, flexibilidad y prop\u00f3sito. Esto obliga a las empresas a enfocarse en nuevos aspectos para captar su atenci\u00f3n:<\/p>\n<ul>\n<li data-start=\"2167\" data-end=\"2535\"><strong data-start=\"2167\" data-end=\"2203\"><a href=\"https:\/\/empresas.infoempleo.com\/hrtrends\/fomentar-el-crecimiento-inclusivo-en-la-empresa\/\" target=\"_blank\" rel=\"noopener\">Prop\u00f3sito y valores corporativos<\/a>. <\/strong>Los j\u00f3venes quieren trabajar en empresas que tengan un impacto positivo en la sociedad. La sostenibilidad, la inclusi\u00f3n y la responsabilidad social son aspectos que valoran al elegir d\u00f3nde desarrollar su carrera. Empresas con una misi\u00f3n clara y valores bien definidos tienen m\u00e1s posibilidades de atraer talento comprometido.<\/li>\n<li data-start=\"2540\" data-end=\"2846\"><strong data-start=\"2540\" data-end=\"2584\">Cultura organizativa y bienestar laboral. <\/strong>Un ambiente de trabajo positivo tambi\u00e9n es esencial para estos profesionales. Beneficios como <a href=\"https:\/\/empresas.infoempleo.com\/hrtrends\/10-medidas-para-fomentar-el-bienestar-de-los-empleados-en-la-empresa\/\" target=\"_blank\" rel=\"noopener\">horarios flexibles<\/a>, teletrabajo, programas de salud mental y formaci\u00f3n continua son altamente valorados.<\/li>\n<li data-start=\"2851\" data-end=\"3158\"><strong data-start=\"2851\" data-end=\"2908\">Oportunidades de crecimiento y desarrollo profesional. <\/strong>La generaci\u00f3n Z y los millennials priorizan el aprendizaje continuo y las oportunidades de ascenso. Las <a href=\"https:\/\/empresas.infoempleo.com\/hrtrends\/estrategias-de-onboarding\/\" target=\"_blank\" rel=\"noopener\">empresas que invierten en formaci\u00f3n<\/a>, mentoring y programas de desarrollo profesional tienen m\u00e1s posibilidades de captar nuevo talento.<\/li>\n<li data-start=\"3163\" data-end=\"3377\"><strong data-start=\"3163\" data-end=\"3192\">Experiencia del candidato. <\/strong>Desde el primer contacto, los candidatos est\u00e1n evaluando a la empresa. Un proceso de selecci\u00f3n \u00e1gil, transparente y con una comunicaci\u00f3n clara, mejorar\u00e1 enormemente la percepci\u00f3n de la marca empleadora.<\/li>\n<li data-start=\"3382\" data-end=\"3691\"><strong data-start=\"3382\" data-end=\"3420\">Presencia digital y redes sociales. <\/strong>Hoy en d\u00eda, los j\u00f3venes investigan a las empresas en LinkedIn, Instagram, TikTok y otras plataformas antes de postularse a una oferta. Una empresa con contenido atractivo y aut\u00e9ntico en redes sociales tiene m\u00e1s probabilidades de generar inter\u00e9s en los candidatos.<\/li>\n<\/ul>\n<p><a href=\"https:\/\/empresas.infoempleo.com\/\"><img loading=\"lazy\" decoding=\"async\" class=\"wp-image-46419 size-full alignnone\" title=\"Publica tu primera oferta de empleo \u00a1Gratis!\" src=\"https:\/\/empresas.infoempleo.com\/hrtrends\/media\/2025\/02\/600x100publicacion-para-empresas.jpg\" alt=\"Publica tu primera oferta de empleo \u00a1Gratis!\" width=\"600\" height=\"100\" srcset=\"https:\/\/empresas.infoempleo.com\/hrtrends\/media\/2025\/02\/600x100publicacion-para-empresas.jpg 600w, https:\/\/empresas.infoempleo.com\/hrtrends\/media\/2025\/02\/600x100publicacion-para-empresas-300x50.jpg 300w\" sizes=\"auto, (max-width: 600px) 100vw, 600px\" \/><\/a><\/p>\n<h2 data-start=\"3693\" data-end=\"3767\"><strong data-start=\"3696\" data-end=\"3765\">Estrategias para fortalecer la marca empleadora en la era digital<\/strong><\/h2>\n<p data-start=\"3769\" data-end=\"3825\">Como dec\u00edamos, <strong>la reputaci\u00f3n de una empresa ya no se construye solo desde dentro<\/strong>, sino que se proyecta a trav\u00e9s de m\u00faltiples plataformas online. No se puede subestimar el poder que tienen las redes como herramienta para humanizar la empresa y mostrar su cultura organizativa.<\/p>\n<h3 data-start=\"4410\" data-end=\"4461\"><strong data-start=\"4414\" data-end=\"4459\">1. Crear contenido aut\u00e9ntico en redes sociales<\/strong><\/h3>\n<p data-start=\"3769\" data-end=\"3825\"><strong>Compartir<\/strong> <strong>historias reales de empleados, logros del equipo, eventos internos o iniciativas de RSC<\/strong> pueden hacer que una empresa resulte mucho m\u00e1s atractiva para los candidatos m\u00e1s j\u00f3venes.<\/p>\n<p data-start=\"3769\" data-end=\"3825\">Muchas veces las compa\u00f1\u00edas olvidan que sus empleados pueden ser los mejores <a href=\"https:\/\/empresas.infoempleo.com\/hrtrends\/como-potenciar-la-figura-del-brand-ambassador-en-las-empresas-desde-rrhh\/\" target=\"_blank\" rel=\"noopener\">embajadores de la marca<\/a>. Cuando comparten sus experiencias de trabajo en redes sociales o plataformas de empleo, generan confianza en los candidatos. Plataformas como LinkedIn permiten compartir contenido m\u00e1s profesional, mientras que Instagram y TikTok son ideales para mostrar el lado m\u00e1s din\u00e1mico y cercano de la empresa.<\/p>\n<h3 data-start=\"4410\" data-end=\"4461\"><strong data-start=\"4414\" data-end=\"4459\">2. Optimizar la experiencia del candidato<\/strong><\/h3>\n<p data-start=\"4462\" data-end=\"4719\"><strong>Un proceso de selecci\u00f3n complicado o con falta de feedback puede desmotivar a los candidatos.<\/strong> Las empresas deben asegurarse de que la descripci\u00f3n de sus ofertas de empleo sean claras y est\u00e9n actualizadas, con descripciones del puesto bien definidas y el apoyo de testimonios de empleados.<\/p>\n<p data-start=\"4721\" data-end=\"5047\">Adem\u00e1s, es imprescindible mantener una comunicaci\u00f3n fluida con los candidatos, para que est\u00e9n informados de c\u00f3mo se encuentra su candidatura. Muchas empresas cometen el error de \u00abolvidarse\u00bb de los candidatos durante el proceso y no informar a aquellos que descartan para un puesto.<\/p>\n<h3 data-start=\"5454\" data-end=\"5512\"><strong data-start=\"5458\" data-end=\"5510\">4. Implementar estrategias de Inbound Recruiting<\/strong><\/h3>\n<p data-start=\"5513\" data-end=\"5763\"><strong>El Inbound Recruiting consiste en atraer talento de manera proactiva a trav\u00e9s de contenido valioso<\/strong>. Publicar en <a href=\"https:\/\/blog.infoempleo.com\/\" target=\"_blank\" rel=\"noopener\">blogs de empleo<\/a>, relizar webinars, dar a conocer casos de \u00e9xito y generar recursos de inter\u00e9s para los candidatos ayuda a posicionar la empresa como un referente en su sector.<\/p>\n<h3 data-start=\"5965\" data-end=\"6039\"><strong data-start=\"5969\" data-end=\"6037\">5. Crear programas de Employer Branding espec\u00edficos para j\u00f3venes<\/strong><\/h3>\n<p data-start=\"6040\" data-end=\"6369\"><strong>Se pueden desarrollar iniciativas como becas, pasant\u00edas y programas de talento para captar a los mejores perfiles desde la universidad<\/strong>. La empresa IBM, por ejemplo, ha desarrollado programas de formaci\u00f3n en inteligencia artificial y tecnolog\u00eda dirigidos a estudiantes, generando inter\u00e9s en sus oportunidades laborales.<\/p>\n<p data-start=\"6392\" data-end=\"6629\">Sin duda, el Employer Branding es una estrategia fundamental para captar la atenci\u00f3n de los j\u00f3venes profesionales en estos momentos. Las compa\u00f1\u00edas que logren construir una marca empleadora fuerte no solo atraer\u00e1n talento, sino que tambi\u00e9n se convertir\u00e1n en lugares donde las personas quieran desarrollarse y crecer profesionalmente. La pregunta clave es: \u00bfEst\u00e1 tu empresa lista para destacar como un empleador atractivo en la era digital?<\/p>\n","protected":false},"excerpt":{"rendered":"<p>La digitalizaci\u00f3n ha transformado definitivamente la forma en que las empresas interact\u00faan con los candidatos. En este nuevo<a class=\"moretag\" href=\"https:\/\/empresas.infoempleo.com\/hrtrends\/employer-branding-estrategias-para-atraer-talento-joven\/\"> Leer m\u00e1s<\/a><\/p>\n","protected":false},"author":27,"featured_media":46418,"comment_status":"closed","ping_status":"closed","sticky":false,"template":"","format":"standard","meta":{"footnotes":""},"categories":[3015],"tags":[3018,3451,2655],"class_list":["post-46408","post","type-post","status-publish","format-standard","has-post-thumbnail","hentry","category-recruiter-branding","tag-employer-branding","tag-inbound-recruiting","tag-reputacion-online"],"yoast_head":"<!-- This site is optimized with the Yoast SEO plugin v26.1.1 - https:\/\/yoast.com\/wordpress\/plugins\/seo\/ -->\n<title>Employer Branding en la era digital: Estrategias para atraer talento joven<\/title>\n<meta name=\"description\" content=\"El Employer Branding se ha convertido en una herramienta clave para atraer talento joven. \u00bfQu\u00e9 hace m\u00e1s atractivas a las empresas?\" \/>\n<meta name=\"robots\" content=\"index, follow, max-snippet:-1, max-image-preview:large, max-video-preview:-1\" \/>\n<link rel=\"canonical\" href=\"https:\/\/empresas.infoempleo.com\/hrtrends\/employer-branding-estrategias-para-atraer-talento-joven\/\" \/>\n<meta property=\"og:locale\" content=\"es_ES\" \/>\n<meta property=\"og:type\" content=\"article\" \/>\n<meta property=\"og:title\" content=\"Employer Branding en la era digital: Estrategias para atraer talento joven\" \/>\n<meta property=\"og:description\" content=\"El Employer Branding se ha convertido en una herramienta clave para atraer talento joven. \u00bfQu\u00e9 hace m\u00e1s atractivas a las empresas?\" \/>\n<meta property=\"og:url\" content=\"https:\/\/empresas.infoempleo.com\/hrtrends\/employer-branding-estrategias-para-atraer-talento-joven\/\" \/>\n<meta property=\"og:site_name\" content=\"HRTRENDS\" \/>\n<meta property=\"article:publisher\" content=\"https:\/\/www.facebook.com\/Infoempleo\" \/>\n<meta property=\"article:published_time\" content=\"2025-02-25T05:30:15+00:00\" \/>\n<meta property=\"article:modified_time\" content=\"2025-03-17T17:39:13+00:00\" \/>\n<meta property=\"og:image\" content=\"https:\/\/empresas.infoempleo.com\/hrtrends\/media\/2025\/02\/El-Employer-Branding-se-ha-convertido-en-una-herramienta-clave-para-atraer-talento-joven.jpg\" \/>\n\t<meta property=\"og:image:width\" content=\"1280\" \/>\n\t<meta property=\"og:image:height\" content=\"854\" \/>\n\t<meta property=\"og:image:type\" content=\"image\/jpeg\" \/>\n<meta name=\"author\" content=\"Mayte Guill\u00e9n\" \/>\n<meta name=\"twitter:card\" content=\"summary_large_image\" \/>\n<meta name=\"twitter:creator\" content=\"@mayteguillen\" \/>\n<meta name=\"twitter:site\" content=\"@infoempleo\" \/>\n<meta name=\"twitter:label1\" content=\"Escrito por\" \/>\n\t<meta name=\"twitter:data1\" content=\"Mayte Guill\u00e9n\" \/>\n\t<meta name=\"twitter:label2\" content=\"Tiempo de lectura\" \/>\n\t<meta name=\"twitter:data2\" content=\"5 minutos\" \/>\n<script type=\"application\/ld+json\" class=\"yoast-schema-graph\">{\"@context\":\"https:\/\/schema.org\",\"@graph\":[{\"@type\":\"NewsArticle\",\"@id\":\"https:\/\/empresas.infoempleo.com\/hrtrends\/employer-branding-estrategias-para-atraer-talento-joven\/#article\",\"isPartOf\":{\"@id\":\"https:\/\/empresas.infoempleo.com\/hrtrends\/employer-branding-estrategias-para-atraer-talento-joven\/\"},\"author\":{\"name\":\"Mayte Guill\u00e9n\",\"@id\":\"https:\/\/empresas.infoempleo.com\/hrtrends\/#\/schema\/person\/4e46e960319e61d74737b4371bed2d9e\"},\"headline\":\"Employer Branding en la era digital: estrategias para atraer talento joven\",\"datePublished\":\"2025-02-25T05:30:15+00:00\",\"dateModified\":\"2025-03-17T17:39:13+00:00\",\"mainEntityOfPage\":{\"@id\":\"https:\/\/empresas.infoempleo.com\/hrtrends\/employer-branding-estrategias-para-atraer-talento-joven\/\"},\"wordCount\":948,\"publisher\":{\"@id\":\"https:\/\/empresas.infoempleo.com\/hrtrends\/#organization\"},\"image\":{\"@id\":\"https:\/\/empresas.infoempleo.com\/hrtrends\/employer-branding-estrategias-para-atraer-talento-joven\/#primaryimage\"},\"thumbnailUrl\":\"https:\/\/empresas.infoempleo.com\/hrtrends\/media\/2025\/02\/El-Employer-Branding-se-ha-convertido-en-una-herramienta-clave-para-atraer-talento-joven.jpg\",\"keywords\":[\"Employer branding\",\"inbound recruiting\",\"reputaci\u00f3n online\"],\"articleSection\":[\"Recruiter branding\"],\"inLanguage\":\"es\",\"copyrightYear\":\"2025\",\"copyrightHolder\":{\"@id\":\"https:\/\/empresas.infoempleo.com\/hrtrends\/#organization\"}},{\"@type\":\"WebPage\",\"@id\":\"https:\/\/empresas.infoempleo.com\/hrtrends\/employer-branding-estrategias-para-atraer-talento-joven\/\",\"url\":\"https:\/\/empresas.infoempleo.com\/hrtrends\/employer-branding-estrategias-para-atraer-talento-joven\/\",\"name\":\"Employer Branding en la era digital: Estrategias para atraer talento joven\",\"isPartOf\":{\"@id\":\"https:\/\/empresas.infoempleo.com\/hrtrends\/#website\"},\"primaryImageOfPage\":{\"@id\":\"https:\/\/empresas.infoempleo.com\/hrtrends\/employer-branding-estrategias-para-atraer-talento-joven\/#primaryimage\"},\"image\":{\"@id\":\"https:\/\/empresas.infoempleo.com\/hrtrends\/employer-branding-estrategias-para-atraer-talento-joven\/#primaryimage\"},\"thumbnailUrl\":\"https:\/\/empresas.infoempleo.com\/hrtrends\/media\/2025\/02\/El-Employer-Branding-se-ha-convertido-en-una-herramienta-clave-para-atraer-talento-joven.jpg\",\"datePublished\":\"2025-02-25T05:30:15+00:00\",\"dateModified\":\"2025-03-17T17:39:13+00:00\",\"description\":\"El Employer Branding se ha convertido en una herramienta clave para atraer talento joven. \u00bfQu\u00e9 hace m\u00e1s atractivas a las empresas?\",\"breadcrumb\":{\"@id\":\"https:\/\/empresas.infoempleo.com\/hrtrends\/employer-branding-estrategias-para-atraer-talento-joven\/#breadcrumb\"},\"inLanguage\":\"es\",\"potentialAction\":[{\"@type\":\"ReadAction\",\"target\":[\"https:\/\/empresas.infoempleo.com\/hrtrends\/employer-branding-estrategias-para-atraer-talento-joven\/\"]}]},{\"@type\":\"ImageObject\",\"inLanguage\":\"es\",\"@id\":\"https:\/\/empresas.infoempleo.com\/hrtrends\/employer-branding-estrategias-para-atraer-talento-joven\/#primaryimage\",\"url\":\"https:\/\/empresas.infoempleo.com\/hrtrends\/media\/2025\/02\/El-Employer-Branding-se-ha-convertido-en-una-herramienta-clave-para-atraer-talento-joven-150x150.jpg\",\"contentUrl\":\"https:\/\/empresas.infoempleo.com\/hrtrends\/media\/2025\/02\/El-Employer-Branding-se-ha-convertido-en-una-herramienta-clave-para-atraer-talento-joven-150x150.jpg\",\"width\":150,\"height\":150,\"caption\":\"El Employer Branding se ha convertido en una herramienta clave para atraer talento joven\"},{\"@type\":\"BreadcrumbList\",\"@id\":\"https:\/\/empresas.infoempleo.com\/hrtrends\/employer-branding-estrategias-para-atraer-talento-joven\/#breadcrumb\",\"itemListElement\":[{\"@type\":\"ListItem\",\"position\":1,\"name\":\"Portada\",\"item\":\"https:\/\/empresas.infoempleo.com\/hrtrends\/\"},{\"@type\":\"ListItem\",\"position\":2,\"name\":\"Employer Branding en la era digital: estrategias para atraer talento joven\"}]},{\"@type\":\"WebSite\",\"@id\":\"https:\/\/empresas.infoempleo.com\/hrtrends\/#website\",\"url\":\"https:\/\/empresas.infoempleo.com\/hrtrends\",\"name\":\"HRTrends by Infoempleo\",\"description\":\"\",\"publisher\":{\"@id\":\"https:\/\/empresas.infoempleo.com\/hrtrends\/#organization\"},\"potentialAction\":{\"@type\":\"SearchAction\",\"target\":\"https:\/\/empresas.infoempleo.com\/hrtrends\/?s={search_term_string}\",\"query-input\":\"required name=search_term_string\"},\"inLanguage\":\"es\"},{\"@type\":\"Organization\",\"@id\":\"https:\/\/empresas.infoempleo.com\/hrtrends\/#organization\",\"name\":\"Infoempleo\",\"url\":\"https:\/\/www.infoempleo.com\/\",\"logo\":{\"@type\":\"ImageObject\",\"@id\":\"https:\/\/empresas.infoempleo.com\/hrtrends\/#logo\",\"inLanguage\":\"es\",\"url\":\"https:\/\/cdnazure.infoempleo.com\/infoempleo\/assets\/style\/gfx\/logo.svg\",\"contentUrl\":\"https:\/\/cdnazure.infoempleo.com\/infoempleo\/assets\/style\/gfx\/logo.svg\",\"width\":150,\"height\":40,\"caption\":\"Infoempleo\"},\"image\":{\"@id\":\"https:\/\/empresas.infoempleo.com\/hrtrends\/#logo\"},\"sameAs\":[\"https:\/\/www.facebook.com\/Infoempleo\",\"https:\/\/x.com\/infoempleo\",\"http:\/\/instagram.com\/infoempleo\/\",\"http:\/\/www.linkedin.com\/groups\/Empleo-Espa\u00f1a-Infoempleocom-111276\",\"http:\/\/pinterest.com\/infoempleo\/\"],\"address\":{\"@type\":\"PostalAddress\",\"addressLocality\":\"Madrid\",\"postalCode\":\"28050\",\"streetAddress\":\"Avenida de Burgos 114\"},\"brand\":[\"Infoempleo\"]},{\"@type\":\"Person\",\"@id\":\"https:\/\/empresas.infoempleo.com\/hrtrends\/#\/schema\/person\/4e46e960319e61d74737b4371bed2d9e\",\"name\":\"Mayte Guill\u00e9n\",\"image\":{\"@type\":\"ImageObject\",\"inLanguage\":\"es\",\"@id\":\"https:\/\/empresas.infoempleo.com\/hrtrends\/#\/schema\/person\/image\/\",\"url\":\"https:\/\/secure.gravatar.com\/avatar\/65b5a8d69d8ba2b4ada3ebca81086320c804f708633e50c9630548bdbfb2a7c4?s=96&d=mm&r=g\",\"contentUrl\":\"https:\/\/secure.gravatar.com\/avatar\/65b5a8d69d8ba2b4ada3ebca81086320c804f708633e50c9630548bdbfb2a7c4?s=96&d=mm&r=g\",\"caption\":\"Mayte Guill\u00e9n\"},\"description\":\"Escribo sobre empleo, formaci\u00f3n y Recursos Humanos, y las sinergias que existen entre estos mundos. Me gusta pensar que con mi trabajo ayudo a las personas a mejorar su futuro laboral. Responsable de Contenidos y Estudios en Infoempleo.\",\"sameAs\":[\"https:\/\/www.linkedin.com\/in\/mayteguillen\/\",\"https:\/\/x.com\/mayteguillen\"],\"url\":\"https:\/\/empresas.infoempleo.com\/hrtrends\/author\/mayte-guillen\/\"}]}<\/script>\n<!-- \/ Yoast SEO plugin. -->","yoast_head_json":{"title":"Employer Branding en la era digital: Estrategias para atraer talento joven","description":"El Employer Branding se ha convertido en una herramienta clave para atraer talento joven. \u00bfQu\u00e9 hace m\u00e1s atractivas a las empresas?","robots":{"index":"index","follow":"follow","max-snippet":"max-snippet:-1","max-image-preview":"max-image-preview:large","max-video-preview":"max-video-preview:-1"},"canonical":"https:\/\/empresas.infoempleo.com\/hrtrends\/employer-branding-estrategias-para-atraer-talento-joven\/","og_locale":"es_ES","og_type":"article","og_title":"Employer Branding en la era digital: Estrategias para atraer talento joven","og_description":"El Employer Branding se ha convertido en una herramienta clave para atraer talento joven. \u00bfQu\u00e9 hace m\u00e1s atractivas a las empresas?","og_url":"https:\/\/empresas.infoempleo.com\/hrtrends\/employer-branding-estrategias-para-atraer-talento-joven\/","og_site_name":"HRTRENDS","article_publisher":"https:\/\/www.facebook.com\/Infoempleo","article_published_time":"2025-02-25T05:30:15+00:00","article_modified_time":"2025-03-17T17:39:13+00:00","og_image":[{"width":1280,"height":854,"url":"https:\/\/empresas.infoempleo.com\/hrtrends\/media\/2025\/02\/El-Employer-Branding-se-ha-convertido-en-una-herramienta-clave-para-atraer-talento-joven.jpg","type":"image\/jpeg"}],"author":"Mayte Guill\u00e9n","twitter_card":"summary_large_image","twitter_creator":"@mayteguillen","twitter_site":"@infoempleo","twitter_misc":{"Escrito por":"Mayte Guill\u00e9n","Tiempo de lectura":"5 minutos"},"schema":{"@context":"https:\/\/schema.org","@graph":[{"@type":"NewsArticle","@id":"https:\/\/empresas.infoempleo.com\/hrtrends\/employer-branding-estrategias-para-atraer-talento-joven\/#article","isPartOf":{"@id":"https:\/\/empresas.infoempleo.com\/hrtrends\/employer-branding-estrategias-para-atraer-talento-joven\/"},"author":{"name":"Mayte Guill\u00e9n","@id":"https:\/\/empresas.infoempleo.com\/hrtrends\/#\/schema\/person\/4e46e960319e61d74737b4371bed2d9e"},"headline":"Employer Branding en la era digital: estrategias para atraer talento joven","datePublished":"2025-02-25T05:30:15+00:00","dateModified":"2025-03-17T17:39:13+00:00","mainEntityOfPage":{"@id":"https:\/\/empresas.infoempleo.com\/hrtrends\/employer-branding-estrategias-para-atraer-talento-joven\/"},"wordCount":948,"publisher":{"@id":"https:\/\/empresas.infoempleo.com\/hrtrends\/#organization"},"image":{"@id":"https:\/\/empresas.infoempleo.com\/hrtrends\/employer-branding-estrategias-para-atraer-talento-joven\/#primaryimage"},"thumbnailUrl":"https:\/\/empresas.infoempleo.com\/hrtrends\/media\/2025\/02\/El-Employer-Branding-se-ha-convertido-en-una-herramienta-clave-para-atraer-talento-joven.jpg","keywords":["Employer branding","inbound recruiting","reputaci\u00f3n online"],"articleSection":["Recruiter branding"],"inLanguage":"es","copyrightYear":"2025","copyrightHolder":{"@id":"https:\/\/empresas.infoempleo.com\/hrtrends\/#organization"}},{"@type":"WebPage","@id":"https:\/\/empresas.infoempleo.com\/hrtrends\/employer-branding-estrategias-para-atraer-talento-joven\/","url":"https:\/\/empresas.infoempleo.com\/hrtrends\/employer-branding-estrategias-para-atraer-talento-joven\/","name":"Employer Branding en la era digital: Estrategias para atraer talento joven","isPartOf":{"@id":"https:\/\/empresas.infoempleo.com\/hrtrends\/#website"},"primaryImageOfPage":{"@id":"https:\/\/empresas.infoempleo.com\/hrtrends\/employer-branding-estrategias-para-atraer-talento-joven\/#primaryimage"},"image":{"@id":"https:\/\/empresas.infoempleo.com\/hrtrends\/employer-branding-estrategias-para-atraer-talento-joven\/#primaryimage"},"thumbnailUrl":"https:\/\/empresas.infoempleo.com\/hrtrends\/media\/2025\/02\/El-Employer-Branding-se-ha-convertido-en-una-herramienta-clave-para-atraer-talento-joven.jpg","datePublished":"2025-02-25T05:30:15+00:00","dateModified":"2025-03-17T17:39:13+00:00","description":"El Employer Branding se ha convertido en una herramienta clave para atraer talento joven. \u00bfQu\u00e9 hace m\u00e1s atractivas a las empresas?","breadcrumb":{"@id":"https:\/\/empresas.infoempleo.com\/hrtrends\/employer-branding-estrategias-para-atraer-talento-joven\/#breadcrumb"},"inLanguage":"es","potentialAction":[{"@type":"ReadAction","target":["https:\/\/empresas.infoempleo.com\/hrtrends\/employer-branding-estrategias-para-atraer-talento-joven\/"]}]},{"@type":"ImageObject","inLanguage":"es","@id":"https:\/\/empresas.infoempleo.com\/hrtrends\/employer-branding-estrategias-para-atraer-talento-joven\/#primaryimage","url":"https:\/\/empresas.infoempleo.com\/hrtrends\/media\/2025\/02\/El-Employer-Branding-se-ha-convertido-en-una-herramienta-clave-para-atraer-talento-joven-150x150.jpg","contentUrl":"https:\/\/empresas.infoempleo.com\/hrtrends\/media\/2025\/02\/El-Employer-Branding-se-ha-convertido-en-una-herramienta-clave-para-atraer-talento-joven-150x150.jpg","width":150,"height":150,"caption":"El Employer Branding se ha convertido en una herramienta clave para atraer talento joven"},{"@type":"BreadcrumbList","@id":"https:\/\/empresas.infoempleo.com\/hrtrends\/employer-branding-estrategias-para-atraer-talento-joven\/#breadcrumb","itemListElement":[{"@type":"ListItem","position":1,"name":"Portada","item":"https:\/\/empresas.infoempleo.com\/hrtrends\/"},{"@type":"ListItem","position":2,"name":"Employer Branding en la era digital: estrategias para atraer talento joven"}]},{"@type":"WebSite","@id":"https:\/\/empresas.infoempleo.com\/hrtrends\/#website","url":"https:\/\/empresas.infoempleo.com\/hrtrends","name":"HRTrends by Infoempleo","description":"","publisher":{"@id":"https:\/\/empresas.infoempleo.com\/hrtrends\/#organization"},"potentialAction":{"@type":"SearchAction","target":"https:\/\/empresas.infoempleo.com\/hrtrends\/?s={search_term_string}","query-input":"required name=search_term_string"},"inLanguage":"es"},{"@type":"Organization","@id":"https:\/\/empresas.infoempleo.com\/hrtrends\/#organization","name":"Infoempleo","url":"https:\/\/www.infoempleo.com\/","logo":{"@type":"ImageObject","@id":"https:\/\/empresas.infoempleo.com\/hrtrends\/#logo","inLanguage":"es","url":"https:\/\/cdnazure.infoempleo.com\/infoempleo\/assets\/style\/gfx\/logo.svg","contentUrl":"https:\/\/cdnazure.infoempleo.com\/infoempleo\/assets\/style\/gfx\/logo.svg","width":150,"height":40,"caption":"Infoempleo"},"image":{"@id":"https:\/\/empresas.infoempleo.com\/hrtrends\/#logo"},"sameAs":["https:\/\/www.facebook.com\/Infoempleo","https:\/\/x.com\/infoempleo","http:\/\/instagram.com\/infoempleo\/","http:\/\/www.linkedin.com\/groups\/Empleo-Espa\u00f1a-Infoempleocom-111276","http:\/\/pinterest.com\/infoempleo\/"],"address":{"@type":"PostalAddress","addressLocality":"Madrid","postalCode":"28050","streetAddress":"Avenida de Burgos 114"},"brand":["Infoempleo"]},{"@type":"Person","@id":"https:\/\/empresas.infoempleo.com\/hrtrends\/#\/schema\/person\/4e46e960319e61d74737b4371bed2d9e","name":"Mayte Guill\u00e9n","image":{"@type":"ImageObject","inLanguage":"es","@id":"https:\/\/empresas.infoempleo.com\/hrtrends\/#\/schema\/person\/image\/","url":"https:\/\/secure.gravatar.com\/avatar\/65b5a8d69d8ba2b4ada3ebca81086320c804f708633e50c9630548bdbfb2a7c4?s=96&d=mm&r=g","contentUrl":"https:\/\/secure.gravatar.com\/avatar\/65b5a8d69d8ba2b4ada3ebca81086320c804f708633e50c9630548bdbfb2a7c4?s=96&d=mm&r=g","caption":"Mayte Guill\u00e9n"},"description":"Escribo sobre empleo, formaci\u00f3n y Recursos Humanos, y las sinergias que existen entre estos mundos. Me gusta pensar que con mi trabajo ayudo a las personas a mejorar su futuro laboral. Responsable de Contenidos y Estudios en Infoempleo.","sameAs":["https:\/\/www.linkedin.com\/in\/mayteguillen\/","https:\/\/x.com\/mayteguillen"],"url":"https:\/\/empresas.infoempleo.com\/hrtrends\/author\/mayte-guillen\/"}]}},"amp_enabled":true,"_links":{"self":[{"href":"https:\/\/empresas.infoempleo.com\/hrtrends\/wp-json\/wp\/v2\/posts\/46408","targetHints":{"allow":["GET"]}}],"collection":[{"href":"https:\/\/empresas.infoempleo.com\/hrtrends\/wp-json\/wp\/v2\/posts"}],"about":[{"href":"https:\/\/empresas.infoempleo.com\/hrtrends\/wp-json\/wp\/v2\/types\/post"}],"author":[{"embeddable":true,"href":"https:\/\/empresas.infoempleo.com\/hrtrends\/wp-json\/wp\/v2\/users\/27"}],"replies":[{"embeddable":true,"href":"https:\/\/empresas.infoempleo.com\/hrtrends\/wp-json\/wp\/v2\/comments?post=46408"}],"version-history":[{"count":11,"href":"https:\/\/empresas.infoempleo.com\/hrtrends\/wp-json\/wp\/v2\/posts\/46408\/revisions"}],"predecessor-version":[{"id":46421,"href":"https:\/\/empresas.infoempleo.com\/hrtrends\/wp-json\/wp\/v2\/posts\/46408\/revisions\/46421"}],"wp:featuredmedia":[{"embeddable":true,"href":"https:\/\/empresas.infoempleo.com\/hrtrends\/wp-json\/wp\/v2\/media\/46418"}],"wp:attachment":[{"href":"https:\/\/empresas.infoempleo.com\/hrtrends\/wp-json\/wp\/v2\/media?parent=46408"}],"wp:term":[{"taxonomy":"category","embeddable":true,"href":"https:\/\/empresas.infoempleo.com\/hrtrends\/wp-json\/wp\/v2\/categories?post=46408"},{"taxonomy":"post_tag","embeddable":true,"href":"https:\/\/empresas.infoempleo.com\/hrtrends\/wp-json\/wp\/v2\/tags?post=46408"}],"curies":[{"name":"wp","href":"https:\/\/api.w.org\/{rel}","templated":true}]}}