{"id":46379,"date":"2025-02-20T07:30:08","date_gmt":"2025-02-20T05:30:08","guid":{"rendered":"https:\/\/empresas.infoempleo.com\/hrtrends\/?p=46379"},"modified":"2025-02-11T19:44:36","modified_gmt":"2025-02-11T17:44:36","slug":"competencias-genericas-para-reclutar-empleados","status":"publish","type":"post","link":"https:\/\/empresas.infoempleo.com\/hrtrends\/competencias-genericas-para-reclutar-empleados\/","title":{"rendered":"Competencias gen\u00e9ricas: \u00bfPor qu\u00e9 son tan importantes para reclutar empleados?"},"content":{"rendered":"<p data-start=\"63\" data-end=\"367\">En el \u00e1mbito de la gesti\u00f3n de recursos humanos, la <strong>identificaci\u00f3n y evaluaci\u00f3n de competencias gen\u00e9ricas<\/strong> se ha convertido en una pr\u00e1ctica esencial para garantizar la adecuaci\u00f3n de los candidatos a las necesidades de las empresas. Te contamos <strong>cu\u00e1les son<\/strong> <strong>las m\u00e1s demandadas por las compa\u00f1\u00edas actualmente,<\/strong> y por qu\u00e9 requieren candidatos con esas habilidades.<\/p>\n<h2 data-start=\"369\" data-end=\"461\">\u00bfQu\u00e9 son las competencias gen\u00e9ricas?<\/h2>\n<p data-start=\"463\" data-end=\"844\">Las competencias gen\u00e9ricas, tambi\u00e9n conocidas como habilidades transversales o \u00absoft skills\u00bb, son aquellas <strong>capacidades personales de los candidatos que no est\u00e1n vinculadas a una profesi\u00f3n o sector espec\u00edfico<\/strong>, sino que son aplicables en diversos contextos laborales.<\/p>\n<p data-start=\"463\" data-end=\"844\">Son las que <strong>hacen referencia a actitudes y aptitudes individuales<\/strong>. tales como la comunicaci\u00f3n efectiva, el trabajo en equipo, la adaptabilidad, la resoluci\u00f3n de problemas o el pensamiento cr\u00edtico, que los pueden convertir en profesionales m\u00e1s efectivos en sus puestos de trabajo.<\/p>\n<h2 data-start=\"463\" data-end=\"844\">Tipos de competencias gen\u00e9ricas<\/h2>\n<p data-pm-slice=\"1 3 []\">Las competencias gen\u00e9ricas pueden clasificarse en <strong>cinco categor\u00edas diferentes<\/strong>, seg\u00fan su aplicaci\u00f3n en el entorno laboral: competencias cognitivas, competencias interpersonales, competencias metodol\u00f3gicas, competencias digitales y competencias actitudinales:<\/p>\n<ul data-spread=\"false\">\n<li><strong>Cognitivas<\/strong>: Son las relacionadas con la capacidad de an\u00e1lisis, resoluci\u00f3n de problemas, pensamiento cr\u00edtico y toma de decisiones.<\/li>\n<li><strong>Interpersonales<\/strong>: Incluyen la comunicaci\u00f3n efectiva, el trabajo en equipo, la empat\u00eda y la inteligencia emocional.<\/li>\n<li><strong>Metodol\u00f3gicas<\/strong>: Comprenden la organizaci\u00f3n, planificaci\u00f3n, gesti\u00f3n del tiempo y orientaci\u00f3n a resultados.<\/li>\n<li><strong>Digitales<\/strong>: Relacionadas con el manejo de herramientas tecnol\u00f3gicas y la adaptaci\u00f3n a entornos digitales.<\/li>\n<li><strong>Actitudinales<\/strong>: Como la proactividad, la resiliencia, la \u00e9tica profesional y la capacidad de adaptaci\u00f3n.<\/li>\n<\/ul>\n<h2>\u00bfPor qu\u00e9 hay que tenerlas en cuenta a la hora de reclutar nuevo talento?<\/h2>\n<p data-pm-slice=\"1 1 []\">Las competencias gen\u00e9ricas son <strong>fundamentales en los procesos de reclutamiento,<\/strong> porque garantizan que los empleados no solo cumplen con los requisitos t\u00e9cnicos del puesto, sino que tambi\u00e9n pueden integrarse y prosperar dentro de la cultura organizacional.<\/p>\n<p data-pm-slice=\"1 1 []\">Estas habilidades <strong>permiten a los trabajadores desenvolverse en diferentes situaciones<\/strong>, colaborar eficazmente con otros equipos y responder con flexibilidad a los cambios y desaf\u00edos laborales.<\/p>\n<p>La digitalizaci\u00f3n, la globalizaci\u00f3n y las nuevas formas de trabajo han hecho que algunas habilidades como la capacidad de comunicaci\u00f3n, la proactividad y la resoluci\u00f3n de problemas sean m\u00e1s relevantes que nunca. Un empleado con estas competencias no solo es m\u00e1s productivo, sino que tambi\u00e9n contribuir\u00e1 al crecimiento y estabilidad de la organizaci\u00f3n a largo plazo.<\/p>\n<h2 data-start=\"1719\" data-end=\"1789\">Las m\u00e1s valoradas por las empresas en sus procesos de selecci\u00f3n<\/h2>\n<p data-pm-slice=\"1 1 []\">Seg\u00fan los datos recabados en <a href=\"https:\/\/cdnazure.infoempleo.com\/infoempleo\/documentacion\/Informe-infoempleo-adecco-2023.pdf\" target=\"_blank\" rel=\"noopener\">Informe Infoempleo Adecco<\/a>, entre las <strong>competencias interpersonales m\u00e1s valoradas en los candidatos<\/strong> estar\u00edan contar con una actitud positiva (71,76%). El trabajo en equipo es otra competencia esencial, destacada por un 69,41% de las empresas encuestadas, seguida de la capacidad para resolver problemas, valorada por un 62,40%.<\/p>\n<p>Otras competencias igualmente relevantes son la capacidad de organizaci\u00f3n y planificaci\u00f3n, que alcanza un 56,47%, y las habilidades comunicativas, que representan un 54,12%. La honestidad y la \u00e9tica profesional tambi\u00e9n son cualidades muy apreciadas, con un 52,94% de menciones. La proactividad y la orientaci\u00f3n a resultado son consideradas fundamentales en un 50,59% de los perfiles demandados.<\/p>\n","protected":false},"excerpt":{"rendered":"<p>En el \u00e1mbito de la gesti\u00f3n de recursos humanos, la identificaci\u00f3n y evaluaci\u00f3n de competencias gen\u00e9ricas se ha<a class=\"moretag\" href=\"https:\/\/empresas.infoempleo.com\/hrtrends\/competencias-genericas-para-reclutar-empleados\/\"> Leer m\u00e1s<\/a><\/p>\n","protected":false},"author":72,"featured_media":46388,"comment_status":"closed","ping_status":"closed","sticky":false,"template":"","format":"standard","meta":{"footnotes":""},"categories":[3030],"tags":[3751,1289,3752],"class_list":["post-46379","post","type-post","status-publish","format-standard","has-post-thumbnail","hentry","category-reclutamiento","tag-competencias-genericas","tag-habilidades","tag-softskills"],"yoast_head":"<!-- This site is optimized with the Yoast SEO plugin v26.1.1 - https:\/\/yoast.com\/wordpress\/plugins\/seo\/ -->\n<title>Competencias gen\u00e9ricas: \u00bfPor qu\u00e9 son importantes para reclutar?<\/title>\n<meta name=\"robots\" content=\"index, follow, max-snippet:-1, max-image-preview:large, max-video-preview:-1\" \/>\n<link rel=\"canonical\" href=\"https:\/\/empresas.infoempleo.com\/hrtrends\/competencias-genericas-para-reclutar-empleados\/\" \/>\n<meta property=\"og:locale\" content=\"es_ES\" \/>\n<meta property=\"og:type\" content=\"article\" \/>\n<meta property=\"og:title\" content=\"Competencias gen\u00e9ricas: \u00bfPor qu\u00e9 son importantes para reclutar?\" \/>\n<meta property=\"og:description\" content=\"En el \u00e1mbito de la gesti\u00f3n de recursos humanos, la identificaci\u00f3n y evaluaci\u00f3n de competencias gen\u00e9ricas se ha Leer m\u00e1s\" \/>\n<meta property=\"og:url\" content=\"https:\/\/empresas.infoempleo.com\/hrtrends\/competencias-genericas-para-reclutar-empleados\/\" \/>\n<meta property=\"og:site_name\" content=\"HRTRENDS\" \/>\n<meta property=\"article:publisher\" content=\"https:\/\/www.facebook.com\/Infoempleo\" \/>\n<meta property=\"article:published_time\" content=\"2025-02-20T05:30:08+00:00\" \/>\n<meta property=\"og:image\" content=\"https:\/\/empresas.infoempleo.com\/hrtrends\/media\/2025\/02\/La-comunicacion-y-la-empatia-son-competencias-genericas-muy-valoradas-en-reclutamiento.jpg\" \/>\n\t<meta property=\"og:image:width\" content=\"1280\" \/>\n\t<meta property=\"og:image:height\" content=\"853\" \/>\n\t<meta property=\"og:image:type\" content=\"image\/jpeg\" \/>\n<meta name=\"author\" content=\"infoempleo\" \/>\n<meta name=\"twitter:card\" content=\"summary_large_image\" \/>\n<meta name=\"twitter:creator\" content=\"@infoempleo\" \/>\n<meta name=\"twitter:site\" content=\"@infoempleo\" \/>\n<meta name=\"twitter:label1\" content=\"Escrito por\" \/>\n\t<meta name=\"twitter:data1\" content=\"infoempleo\" \/>\n\t<meta name=\"twitter:label2\" content=\"Tiempo de lectura\" \/>\n\t<meta name=\"twitter:data2\" content=\"3 minutos\" \/>\n<script type=\"application\/ld+json\" class=\"yoast-schema-graph\">{\"@context\":\"https:\/\/schema.org\",\"@graph\":[{\"@type\":\"NewsArticle\",\"@id\":\"https:\/\/empresas.infoempleo.com\/hrtrends\/competencias-genericas-para-reclutar-empleados\/#article\",\"isPartOf\":{\"@id\":\"https:\/\/empresas.infoempleo.com\/hrtrends\/competencias-genericas-para-reclutar-empleados\/\"},\"author\":{\"name\":\"infoempleo\",\"@id\":\"https:\/\/empresas.infoempleo.com\/hrtrends\/#\/schema\/person\/67d3e276ffcc8b3ae0ebec816daf775a\"},\"headline\":\"Competencias gen\u00e9ricas: \u00bfPor qu\u00e9 son tan importantes para reclutar empleados?\",\"datePublished\":\"2025-02-20T05:30:08+00:00\",\"mainEntityOfPage\":{\"@id\":\"https:\/\/empresas.infoempleo.com\/hrtrends\/competencias-genericas-para-reclutar-empleados\/\"},\"wordCount\":554,\"publisher\":{\"@id\":\"https:\/\/empresas.infoempleo.com\/hrtrends\/#organization\"},\"image\":{\"@id\":\"https:\/\/empresas.infoempleo.com\/hrtrends\/competencias-genericas-para-reclutar-empleados\/#primaryimage\"},\"thumbnailUrl\":\"https:\/\/empresas.infoempleo.com\/hrtrends\/media\/2025\/02\/La-comunicacion-y-la-empatia-son-competencias-genericas-muy-valoradas-en-reclutamiento.jpg\",\"keywords\":[\"competencias gen\u00e9ricas\",\"habilidades\",\"softskills\"],\"articleSection\":[\"Reclutamiento\"],\"inLanguage\":\"es\",\"copyrightYear\":\"2025\",\"copyrightHolder\":{\"@id\":\"https:\/\/empresas.infoempleo.com\/hrtrends\/#organization\"}},{\"@type\":\"WebPage\",\"@id\":\"https:\/\/empresas.infoempleo.com\/hrtrends\/competencias-genericas-para-reclutar-empleados\/\",\"url\":\"https:\/\/empresas.infoempleo.com\/hrtrends\/competencias-genericas-para-reclutar-empleados\/\",\"name\":\"Competencias gen\u00e9ricas: \u00bfPor qu\u00e9 son importantes para reclutar?\",\"isPartOf\":{\"@id\":\"https:\/\/empresas.infoempleo.com\/hrtrends\/#website\"},\"primaryImageOfPage\":{\"@id\":\"https:\/\/empresas.infoempleo.com\/hrtrends\/competencias-genericas-para-reclutar-empleados\/#primaryimage\"},\"image\":{\"@id\":\"https:\/\/empresas.infoempleo.com\/hrtrends\/competencias-genericas-para-reclutar-empleados\/#primaryimage\"},\"thumbnailUrl\":\"https:\/\/empresas.infoempleo.com\/hrtrends\/media\/2025\/02\/La-comunicacion-y-la-empatia-son-competencias-genericas-muy-valoradas-en-reclutamiento.jpg\",\"datePublished\":\"2025-02-20T05:30:08+00:00\",\"breadcrumb\":{\"@id\":\"https:\/\/empresas.infoempleo.com\/hrtrends\/competencias-genericas-para-reclutar-empleados\/#breadcrumb\"},\"inLanguage\":\"es\",\"potentialAction\":[{\"@type\":\"ReadAction\",\"target\":[\"https:\/\/empresas.infoempleo.com\/hrtrends\/competencias-genericas-para-reclutar-empleados\/\"]}]},{\"@type\":\"ImageObject\",\"inLanguage\":\"es\",\"@id\":\"https:\/\/empresas.infoempleo.com\/hrtrends\/competencias-genericas-para-reclutar-empleados\/#primaryimage\",\"url\":\"https:\/\/empresas.infoempleo.com\/hrtrends\/media\/2025\/02\/La-comunicacion-y-la-empatia-son-competencias-genericas-muy-valoradas-en-reclutamiento-150x150.jpg\",\"contentUrl\":\"https:\/\/empresas.infoempleo.com\/hrtrends\/media\/2025\/02\/La-comunicacion-y-la-empatia-son-competencias-genericas-muy-valoradas-en-reclutamiento-150x150.jpg\",\"width\":150,\"height\":150,\"caption\":\"La comunicaci\u00f3n y la empat\u00eda son competencias gen\u00e9ricas muy valoradas en reclutamiento\"},{\"@type\":\"BreadcrumbList\",\"@id\":\"https:\/\/empresas.infoempleo.com\/hrtrends\/competencias-genericas-para-reclutar-empleados\/#breadcrumb\",\"itemListElement\":[{\"@type\":\"ListItem\",\"position\":1,\"name\":\"Portada\",\"item\":\"https:\/\/empresas.infoempleo.com\/hrtrends\/\"},{\"@type\":\"ListItem\",\"position\":2,\"name\":\"Competencias gen\u00e9ricas: \u00bfPor qu\u00e9 son tan importantes para reclutar empleados?\"}]},{\"@type\":\"WebSite\",\"@id\":\"https:\/\/empresas.infoempleo.com\/hrtrends\/#website\",\"url\":\"https:\/\/empresas.infoempleo.com\/hrtrends\",\"name\":\"HRTrends by Infoempleo\",\"description\":\"\",\"publisher\":{\"@id\":\"https:\/\/empresas.infoempleo.com\/hrtrends\/#organization\"},\"potentialAction\":{\"@type\":\"SearchAction\",\"target\":\"https:\/\/empresas.infoempleo.com\/hrtrends\/?s={search_term_string}\",\"query-input\":\"required name=search_term_string\"},\"inLanguage\":\"es\"},{\"@type\":\"Organization\",\"@id\":\"https:\/\/empresas.infoempleo.com\/hrtrends\/#organization\",\"name\":\"Infoempleo\",\"url\":\"https:\/\/www.infoempleo.com\/\",\"logo\":{\"@type\":\"ImageObject\",\"@id\":\"https:\/\/empresas.infoempleo.com\/hrtrends\/#logo\",\"inLanguage\":\"es\",\"url\":\"https:\/\/cdnazure.infoempleo.com\/infoempleo\/assets\/style\/gfx\/logo.svg\",\"contentUrl\":\"https:\/\/cdnazure.infoempleo.com\/infoempleo\/assets\/style\/gfx\/logo.svg\",\"width\":150,\"height\":40,\"caption\":\"Infoempleo\"},\"image\":{\"@id\":\"https:\/\/empresas.infoempleo.com\/hrtrends\/#logo\"},\"sameAs\":[\"https:\/\/www.facebook.com\/Infoempleo\",\"https:\/\/x.com\/infoempleo\",\"http:\/\/instagram.com\/infoempleo\/\",\"http:\/\/www.linkedin.com\/groups\/Empleo-Espa\u00f1a-Infoempleocom-111276\",\"http:\/\/pinterest.com\/infoempleo\/\"],\"address\":{\"@type\":\"PostalAddress\",\"addressLocality\":\"Madrid\",\"postalCode\":\"28050\",\"streetAddress\":\"Avenida de Burgos 114\"},\"brand\":[\"Infoempleo\"]},{\"@type\":\"Person\",\"@id\":\"https:\/\/empresas.infoempleo.com\/hrtrends\/#\/schema\/person\/67d3e276ffcc8b3ae0ebec816daf775a\",\"name\":\"infoempleo\",\"image\":{\"@type\":\"ImageObject\",\"inLanguage\":\"es\",\"@id\":\"https:\/\/empresas.infoempleo.com\/hrtrends\/#\/schema\/person\/image\/\",\"url\":\"https:\/\/secure.gravatar.com\/avatar\/7b437777242fe67d2473c2a818da2344692d1ee91e91080ccffbd97bcd4a0975?s=96&d=mm&r=g\",\"contentUrl\":\"https:\/\/secure.gravatar.com\/avatar\/7b437777242fe67d2473c2a818da2344692d1ee91e91080ccffbd97bcd4a0975?s=96&d=mm&r=g\",\"caption\":\"infoempleo\"},\"url\":\"https:\/\/empresas.infoempleo.com\/hrtrends\/author\/infoempleo\/\"}]}<\/script>\n<!-- \/ Yoast SEO plugin. -->","yoast_head_json":{"title":"Competencias gen\u00e9ricas: \u00bfPor qu\u00e9 son importantes para reclutar?","robots":{"index":"index","follow":"follow","max-snippet":"max-snippet:-1","max-image-preview":"max-image-preview:large","max-video-preview":"max-video-preview:-1"},"canonical":"https:\/\/empresas.infoempleo.com\/hrtrends\/competencias-genericas-para-reclutar-empleados\/","og_locale":"es_ES","og_type":"article","og_title":"Competencias gen\u00e9ricas: \u00bfPor qu\u00e9 son importantes para reclutar?","og_description":"En el \u00e1mbito de la gesti\u00f3n de recursos humanos, la identificaci\u00f3n y evaluaci\u00f3n de competencias gen\u00e9ricas se ha Leer m\u00e1s","og_url":"https:\/\/empresas.infoempleo.com\/hrtrends\/competencias-genericas-para-reclutar-empleados\/","og_site_name":"HRTRENDS","article_publisher":"https:\/\/www.facebook.com\/Infoempleo","article_published_time":"2025-02-20T05:30:08+00:00","og_image":[{"width":1280,"height":853,"url":"https:\/\/empresas.infoempleo.com\/hrtrends\/media\/2025\/02\/La-comunicacion-y-la-empatia-son-competencias-genericas-muy-valoradas-en-reclutamiento.jpg","type":"image\/jpeg"}],"author":"infoempleo","twitter_card":"summary_large_image","twitter_creator":"@infoempleo","twitter_site":"@infoempleo","twitter_misc":{"Escrito por":"infoempleo","Tiempo de lectura":"3 minutos"},"schema":{"@context":"https:\/\/schema.org","@graph":[{"@type":"NewsArticle","@id":"https:\/\/empresas.infoempleo.com\/hrtrends\/competencias-genericas-para-reclutar-empleados\/#article","isPartOf":{"@id":"https:\/\/empresas.infoempleo.com\/hrtrends\/competencias-genericas-para-reclutar-empleados\/"},"author":{"name":"infoempleo","@id":"https:\/\/empresas.infoempleo.com\/hrtrends\/#\/schema\/person\/67d3e276ffcc8b3ae0ebec816daf775a"},"headline":"Competencias gen\u00e9ricas: \u00bfPor qu\u00e9 son tan importantes para reclutar empleados?","datePublished":"2025-02-20T05:30:08+00:00","mainEntityOfPage":{"@id":"https:\/\/empresas.infoempleo.com\/hrtrends\/competencias-genericas-para-reclutar-empleados\/"},"wordCount":554,"publisher":{"@id":"https:\/\/empresas.infoempleo.com\/hrtrends\/#organization"},"image":{"@id":"https:\/\/empresas.infoempleo.com\/hrtrends\/competencias-genericas-para-reclutar-empleados\/#primaryimage"},"thumbnailUrl":"https:\/\/empresas.infoempleo.com\/hrtrends\/media\/2025\/02\/La-comunicacion-y-la-empatia-son-competencias-genericas-muy-valoradas-en-reclutamiento.jpg","keywords":["competencias gen\u00e9ricas","habilidades","softskills"],"articleSection":["Reclutamiento"],"inLanguage":"es","copyrightYear":"2025","copyrightHolder":{"@id":"https:\/\/empresas.infoempleo.com\/hrtrends\/#organization"}},{"@type":"WebPage","@id":"https:\/\/empresas.infoempleo.com\/hrtrends\/competencias-genericas-para-reclutar-empleados\/","url":"https:\/\/empresas.infoempleo.com\/hrtrends\/competencias-genericas-para-reclutar-empleados\/","name":"Competencias gen\u00e9ricas: \u00bfPor qu\u00e9 son importantes para reclutar?","isPartOf":{"@id":"https:\/\/empresas.infoempleo.com\/hrtrends\/#website"},"primaryImageOfPage":{"@id":"https:\/\/empresas.infoempleo.com\/hrtrends\/competencias-genericas-para-reclutar-empleados\/#primaryimage"},"image":{"@id":"https:\/\/empresas.infoempleo.com\/hrtrends\/competencias-genericas-para-reclutar-empleados\/#primaryimage"},"thumbnailUrl":"https:\/\/empresas.infoempleo.com\/hrtrends\/media\/2025\/02\/La-comunicacion-y-la-empatia-son-competencias-genericas-muy-valoradas-en-reclutamiento.jpg","datePublished":"2025-02-20T05:30:08+00:00","breadcrumb":{"@id":"https:\/\/empresas.infoempleo.com\/hrtrends\/competencias-genericas-para-reclutar-empleados\/#breadcrumb"},"inLanguage":"es","potentialAction":[{"@type":"ReadAction","target":["https:\/\/empresas.infoempleo.com\/hrtrends\/competencias-genericas-para-reclutar-empleados\/"]}]},{"@type":"ImageObject","inLanguage":"es","@id":"https:\/\/empresas.infoempleo.com\/hrtrends\/competencias-genericas-para-reclutar-empleados\/#primaryimage","url":"https:\/\/empresas.infoempleo.com\/hrtrends\/media\/2025\/02\/La-comunicacion-y-la-empatia-son-competencias-genericas-muy-valoradas-en-reclutamiento-150x150.jpg","contentUrl":"https:\/\/empresas.infoempleo.com\/hrtrends\/media\/2025\/02\/La-comunicacion-y-la-empatia-son-competencias-genericas-muy-valoradas-en-reclutamiento-150x150.jpg","width":150,"height":150,"caption":"La comunicaci\u00f3n y la empat\u00eda son competencias gen\u00e9ricas muy valoradas en reclutamiento"},{"@type":"BreadcrumbList","@id":"https:\/\/empresas.infoempleo.com\/hrtrends\/competencias-genericas-para-reclutar-empleados\/#breadcrumb","itemListElement":[{"@type":"ListItem","position":1,"name":"Portada","item":"https:\/\/empresas.infoempleo.com\/hrtrends\/"},{"@type":"ListItem","position":2,"name":"Competencias gen\u00e9ricas: \u00bfPor qu\u00e9 son tan importantes para reclutar empleados?"}]},{"@type":"WebSite","@id":"https:\/\/empresas.infoempleo.com\/hrtrends\/#website","url":"https:\/\/empresas.infoempleo.com\/hrtrends","name":"HRTrends by Infoempleo","description":"","publisher":{"@id":"https:\/\/empresas.infoempleo.com\/hrtrends\/#organization"},"potentialAction":{"@type":"SearchAction","target":"https:\/\/empresas.infoempleo.com\/hrtrends\/?s={search_term_string}","query-input":"required name=search_term_string"},"inLanguage":"es"},{"@type":"Organization","@id":"https:\/\/empresas.infoempleo.com\/hrtrends\/#organization","name":"Infoempleo","url":"https:\/\/www.infoempleo.com\/","logo":{"@type":"ImageObject","@id":"https:\/\/empresas.infoempleo.com\/hrtrends\/#logo","inLanguage":"es","url":"https:\/\/cdnazure.infoempleo.com\/infoempleo\/assets\/style\/gfx\/logo.svg","contentUrl":"https:\/\/cdnazure.infoempleo.com\/infoempleo\/assets\/style\/gfx\/logo.svg","width":150,"height":40,"caption":"Infoempleo"},"image":{"@id":"https:\/\/empresas.infoempleo.com\/hrtrends\/#logo"},"sameAs":["https:\/\/www.facebook.com\/Infoempleo","https:\/\/x.com\/infoempleo","http:\/\/instagram.com\/infoempleo\/","http:\/\/www.linkedin.com\/groups\/Empleo-Espa\u00f1a-Infoempleocom-111276","http:\/\/pinterest.com\/infoempleo\/"],"address":{"@type":"PostalAddress","addressLocality":"Madrid","postalCode":"28050","streetAddress":"Avenida de Burgos 114"},"brand":["Infoempleo"]},{"@type":"Person","@id":"https:\/\/empresas.infoempleo.com\/hrtrends\/#\/schema\/person\/67d3e276ffcc8b3ae0ebec816daf775a","name":"infoempleo","image":{"@type":"ImageObject","inLanguage":"es","@id":"https:\/\/empresas.infoempleo.com\/hrtrends\/#\/schema\/person\/image\/","url":"https:\/\/secure.gravatar.com\/avatar\/7b437777242fe67d2473c2a818da2344692d1ee91e91080ccffbd97bcd4a0975?s=96&d=mm&r=g","contentUrl":"https:\/\/secure.gravatar.com\/avatar\/7b437777242fe67d2473c2a818da2344692d1ee91e91080ccffbd97bcd4a0975?s=96&d=mm&r=g","caption":"infoempleo"},"url":"https:\/\/empresas.infoempleo.com\/hrtrends\/author\/infoempleo\/"}]}},"amp_enabled":true,"_links":{"self":[{"href":"https:\/\/empresas.infoempleo.com\/hrtrends\/wp-json\/wp\/v2\/posts\/46379","targetHints":{"allow":["GET"]}}],"collection":[{"href":"https:\/\/empresas.infoempleo.com\/hrtrends\/wp-json\/wp\/v2\/posts"}],"about":[{"href":"https:\/\/empresas.infoempleo.com\/hrtrends\/wp-json\/wp\/v2\/types\/post"}],"author":[{"embeddable":true,"href":"https:\/\/empresas.infoempleo.com\/hrtrends\/wp-json\/wp\/v2\/users\/72"}],"replies":[{"embeddable":true,"href":"https:\/\/empresas.infoempleo.com\/hrtrends\/wp-json\/wp\/v2\/comments?post=46379"}],"version-history":[{"count":8,"href":"https:\/\/empresas.infoempleo.com\/hrtrends\/wp-json\/wp\/v2\/posts\/46379\/revisions"}],"predecessor-version":[{"id":46382,"href":"https:\/\/empresas.infoempleo.com\/hrtrends\/wp-json\/wp\/v2\/posts\/46379\/revisions\/46382"}],"wp:featuredmedia":[{"embeddable":true,"href":"https:\/\/empresas.infoempleo.com\/hrtrends\/wp-json\/wp\/v2\/media\/46388"}],"wp:attachment":[{"href":"https:\/\/empresas.infoempleo.com\/hrtrends\/wp-json\/wp\/v2\/media?parent=46379"}],"wp:term":[{"taxonomy":"category","embeddable":true,"href":"https:\/\/empresas.infoempleo.com\/hrtrends\/wp-json\/wp\/v2\/categories?post=46379"},{"taxonomy":"post_tag","embeddable":true,"href":"https:\/\/empresas.infoempleo.com\/hrtrends\/wp-json\/wp\/v2\/tags?post=46379"}],"curies":[{"name":"wp","href":"https:\/\/api.w.org\/{rel}","templated":true}]}}