{"id":46281,"date":"2025-01-30T07:30:14","date_gmt":"2025-01-30T05:30:14","guid":{"rendered":"https:\/\/empresas.infoempleo.com\/hrtrends\/?p=46281"},"modified":"2025-01-21T16:13:39","modified_gmt":"2025-01-21T14:13:39","slug":"reincorporacion-de-un-trabajador-en-excedencia-voluntaria-como-gestionarlo-desde-rrhh","status":"publish","type":"post","link":"https:\/\/empresas.infoempleo.com\/hrtrends\/reincorporacion-de-un-trabajador-en-excedencia-voluntaria-como-gestionarlo-desde-rrhh\/","title":{"rendered":"Reincorporaci\u00f3n de un trabajador en excedencia voluntaria: \u00bfC\u00f3mo gestionarlo desde RRHH?"},"content":{"rendered":"<p data-pm-slice=\"1 1 []\">La <strong>reincorporaci\u00f3n de un empleado tras una excedencia voluntaria<\/strong> plantea un reto que muchas organizaciones deben abordar con cuidado. Este proceso, que afecta tanto al trabajador como a la empresa, requiere una gesti\u00f3n eficaz desde el \u00e1rea de Recursos Humanos (RRHH) para la reincorporaci\u00f3n de la persona en excedencia. Pero, \u00bfC\u00f3mo se puede gestionar correctamente esta situaci\u00f3n? Analizamos las claves.<\/p>\n<h2>\u00bfQu\u00e9 es lo que dice la ley sobre la excedencia voluntaria?<\/h2>\n<p data-pm-slice=\"1 1 []\">En Espa\u00f1a, el <strong>derecho a la excedencia voluntaria<\/strong> est\u00e1 regulado por el <a href=\"https:\/\/www.seg-social.es\/wps\/wcm\/connect\/wss\/3d1a74fb-d235-4ae6-b4fc-13603a6b3de1\/Art.46.3.ET..pdf?MOD=AJPERES\" target=\"_blank\" rel=\"noopener\">art\u00edculo 46 del Estatuto de los Trabajadores<\/a>. Es importante que Recursos Humanos conozca estas disposiciones legales para gestionar correctamente las expectativas del empleado y cumplir con las obligaciones legales de la empresa.<\/p>\n<p data-pm-slice=\"1 1 []\">El derecho a la excedencia voluntaria permite a los empleados solicitar un periodo de inactividad por motivos personales, que <strong>puede extenderse entre cuatro meses y cinco a\u00f1os<\/strong>. Al finalizar este periodo, el trabajador no tiene garantizado que pueda volver al mismo puesto, pero s\u00ed un derecho preferente a su reincorporaci\u00f3n en vacantes similares dentro de la empresa.<\/p>\n<h2>Establecer una comunicaci\u00f3n clara con el empleado<\/h2>\n<p>Establecer una buena v\u00eda de comunicaci\u00f3n entre el departamento de Recursos Humanos y el trabajador es esencial para asegurar que esa reincorporaci\u00f3n se produzca sin sobresaltos. Estos ser\u00edan los tres pasos imprescindibles a llevar a cabo, desde el momento en que el trabajador expresa su intenci\u00f3n de regresar:<\/p>\n<ul data-spread=\"false\">\n<li><strong>Confirmaci\u00f3n oficial:<\/strong> Solicitar al trabajador una notificaci\u00f3n formal por escrito de su intenci\u00f3n de reincorporarse, especificando las fechas y cualquier informaci\u00f3n adicional relevante.<\/li>\n<li><strong>Revisi\u00f3n de vacantes:<\/strong> Evaluar las posiciones disponibles, y determinar cu\u00e1les podr\u00edan ajustarse mejor a las competencias y experiencia del empleado.<\/li>\n<li><strong>Transparencia:<\/strong> Informar al empleado sobre las vacantes disponibles y los procesos de selecci\u00f3n internos. As\u00ed como de cualquier cambio en las pol\u00edticas o estructuras organizativas que se hayan producido durante su ausencia.<\/li>\n<\/ul>\n<h2>Informar sobre las vacantes disponibles y cualquier cambio en la empresa<\/h2>\n<p>Es importante que RRHH realice un <strong>an\u00e1lisis detallado de las posiciones vacantes<\/strong>, para identificar aquellas que puedan ser adecuadas para el empleado que regresa. Esto implica revisar las descripciones de los puestos, evaluar las competencias requeridas y compararlas con las habilidades del trabajador.<\/p>\n<p><strong>Si no hay vacantes disponibles de inmediato<\/strong>, es fundamental comunicar esta situaci\u00f3n al empleado y explorar opciones alternativas, como recibir formaci\u00f3n para futuras oportunidades.<\/p>\n<p data-pm-slice=\"1 1 []\">Por otro lado, el tiempo no se detiene durante una excedencia. Por lo que es posible que se hayan producido cambios en los procesos, la tecnolog\u00eda o incluso en la cultura organizacional, que conviertan la reincorporaci\u00f3n en un desaf\u00edo para el trabajador. Para facilitar la transici\u00f3n, se puede organizar una <strong>sesi\u00f3n de bienvenida o re-onboarding<\/strong>, donde informarle sobre los cambios m\u00e1s relevantes durante su ausencia. Adem\u00e1s de facilitar el acceso a manuales, gu\u00edas o cualquier documentaci\u00f3n actualizada. Otra pr\u00e1ctica recomendada es <a href=\"https:\/\/empresas.infoempleo.com\/hrtrends\/el-rol-crucial-del-buddy-en-el-exito-del-onboarding-corporativo\/\" target=\"_blank\" rel=\"noopener\"><strong>asignar un mentor o compa\u00f1ero que act\u00fae como punto de apoyo<\/strong><\/a> durante las primeras semanas.<\/p>\n<h2>Dise\u00f1ar un plan personalizado<\/h2>\n<p>Otra de las cuestiones que se deben tener en cuenta, es que cada reincorporaci\u00f3n debe adaptarse a las circunstancias de cada empleado. Las vivencias que haya tenido durante la excedencia pueden haber influido en sus habilidades, perspectivas y expectativas. Por ello, es importante <strong>dise\u00f1ar un plan de reintegraci\u00f3n personalizado<\/strong>.<\/p>\n<p data-pm-slice=\"1 1 []\">Una <strong>entrevista inicial<\/strong> podr\u00eda servir de ayuda para volver a alinear las metas del empleado con las necesidades de la empresa. Tambi\u00e9n se pueden <strong>flexibilizar los horarios<\/strong> durante las primeras semanas para facilitar su adaptaci\u00f3n, e incluso <strong>ofrecerle formaci\u00f3n<\/strong> si siente que se ha desconectado de algunos aspectos t\u00e9cnicos o habilidades que requiera su puesto.<\/p>\n<p>Tampoco hay que subestimar el impacto emocional que este regreso puede tener. La reincorporaci\u00f3n puede despertar tanto entusiasmo como inseguridad, y el rol de RRHH en este aspecto es crucial. La <strong>escucha activa<\/strong> permitir\u00e1 que el trabajador se sienta comprendido y respaldado. Y <strong>reconocer sus contribuciones<\/strong> pasadas, reforzar\u00e1 su motivaci\u00f3n y compromiso con el equipo.<\/p>\n<p>Por \u00faltimo, <strong>medir los resultados<\/strong> es tan importante como gestionar bien el proceso. Permitir\u00e1 <strong>analizar qu\u00e9 aspectos pueden mejorarse en futuros procesos<\/strong>. Para ello, es importante evaluar cu\u00e1l es el nivel de satisfacci\u00f3n del empleado tras la reincorporaci\u00f3n, as\u00ed como el tiempo que ha necesitado para alcanzar el rendimiento pleno en el nuevo puesto, y el feedback que ha recibido de su equipo y supervisores.<\/p>\n","protected":false},"excerpt":{"rendered":"<p>La reincorporaci\u00f3n de un empleado tras una excedencia voluntaria plantea un reto que muchas organizaciones deben abordar con<a class=\"moretag\" href=\"https:\/\/empresas.infoempleo.com\/hrtrends\/reincorporacion-de-un-trabajador-en-excedencia-voluntaria-como-gestionarlo-desde-rrhh\/\"> Leer m\u00e1s<\/a><\/p>\n","protected":false},"author":72,"featured_media":46290,"comment_status":"closed","ping_status":"closed","sticky":false,"template":"","format":"standard","meta":{"footnotes":""},"categories":[3035],"tags":[3741,3743,3742],"class_list":["post-46281","post","type-post","status-publish","format-standard","has-post-thumbnail","hentry","category-consejos","tag-excedencia-voluntaria","tag-gestion-de-excedencias","tag-reincorporacion-tras-excedencia"],"yoast_head":"<!-- This site is optimized with the Yoast SEO plugin v26.1.1 - https:\/\/yoast.com\/wordpress\/plugins\/seo\/ -->\n<title>Reincorporaci\u00f3n de un trabajador en excedencia voluntaria<\/title>\n<meta name=\"description\" content=\"La reincorporaci\u00f3n de un empleado tras una excedencia voluntaria plantea un reto que RRHH debe abordar con cuidado. \u00bfC\u00f3mo gestionarlo bien?\" \/>\n<meta name=\"robots\" content=\"index, follow, max-snippet:-1, max-image-preview:large, max-video-preview:-1\" \/>\n<link rel=\"canonical\" href=\"https:\/\/empresas.infoempleo.com\/hrtrends\/reincorporacion-de-un-trabajador-en-excedencia-voluntaria-como-gestionarlo-desde-rrhh\/\" \/>\n<meta property=\"og:locale\" content=\"es_ES\" \/>\n<meta property=\"og:type\" content=\"article\" \/>\n<meta property=\"og:title\" content=\"Reincorporaci\u00f3n de un trabajador en excedencia voluntaria\" \/>\n<meta property=\"og:description\" content=\"La reincorporaci\u00f3n de un empleado tras una excedencia voluntaria plantea un reto que RRHH debe abordar con cuidado. \u00bfC\u00f3mo gestionarlo bien?\" \/>\n<meta property=\"og:url\" content=\"https:\/\/empresas.infoempleo.com\/hrtrends\/reincorporacion-de-un-trabajador-en-excedencia-voluntaria-como-gestionarlo-desde-rrhh\/\" \/>\n<meta property=\"og:site_name\" content=\"HRTRENDS\" \/>\n<meta property=\"article:publisher\" content=\"https:\/\/www.facebook.com\/Infoempleo\" \/>\n<meta property=\"article:published_time\" content=\"2025-01-30T05:30:14+00:00\" \/>\n<meta property=\"og:image\" content=\"https:\/\/empresas.infoempleo.com\/hrtrends\/media\/2025\/01\/Reincorporacion-de-un-trabajador-en-excedencia-voluntaria.jpg\" \/>\n\t<meta property=\"og:image:width\" content=\"1280\" \/>\n\t<meta property=\"og:image:height\" content=\"720\" \/>\n\t<meta property=\"og:image:type\" content=\"image\/jpeg\" \/>\n<meta name=\"author\" content=\"infoempleo\" \/>\n<meta name=\"twitter:card\" content=\"summary_large_image\" \/>\n<meta name=\"twitter:creator\" content=\"@infoempleo\" \/>\n<meta name=\"twitter:site\" content=\"@infoempleo\" \/>\n<meta name=\"twitter:label1\" content=\"Escrito por\" \/>\n\t<meta name=\"twitter:data1\" content=\"infoempleo\" \/>\n\t<meta name=\"twitter:label2\" content=\"Tiempo de lectura\" \/>\n\t<meta name=\"twitter:data2\" content=\"4 minutos\" \/>\n<script type=\"application\/ld+json\" class=\"yoast-schema-graph\">{\"@context\":\"https:\/\/schema.org\",\"@graph\":[{\"@type\":\"NewsArticle\",\"@id\":\"https:\/\/empresas.infoempleo.com\/hrtrends\/reincorporacion-de-un-trabajador-en-excedencia-voluntaria-como-gestionarlo-desde-rrhh\/#article\",\"isPartOf\":{\"@id\":\"https:\/\/empresas.infoempleo.com\/hrtrends\/reincorporacion-de-un-trabajador-en-excedencia-voluntaria-como-gestionarlo-desde-rrhh\/\"},\"author\":{\"name\":\"infoempleo\",\"@id\":\"https:\/\/empresas.infoempleo.com\/hrtrends\/#\/schema\/person\/67d3e276ffcc8b3ae0ebec816daf775a\"},\"headline\":\"Reincorporaci\u00f3n de un trabajador en excedencia voluntaria: \u00bfC\u00f3mo gestionarlo desde RRHH?\",\"datePublished\":\"2025-01-30T05:30:14+00:00\",\"mainEntityOfPage\":{\"@id\":\"https:\/\/empresas.infoempleo.com\/hrtrends\/reincorporacion-de-un-trabajador-en-excedencia-voluntaria-como-gestionarlo-desde-rrhh\/\"},\"wordCount\":769,\"publisher\":{\"@id\":\"https:\/\/empresas.infoempleo.com\/hrtrends\/#organization\"},\"image\":{\"@id\":\"https:\/\/empresas.infoempleo.com\/hrtrends\/reincorporacion-de-un-trabajador-en-excedencia-voluntaria-como-gestionarlo-desde-rrhh\/#primaryimage\"},\"thumbnailUrl\":\"https:\/\/empresas.infoempleo.com\/hrtrends\/media\/2025\/01\/Reincorporacion-de-un-trabajador-en-excedencia-voluntaria.jpg\",\"keywords\":[\"excedencia voluntaria\",\"gesti\u00f3n de excedencias\",\"reincorporaci\u00f3n tras excedencia\"],\"articleSection\":[\"Consejos\"],\"inLanguage\":\"es\",\"copyrightYear\":\"2025\",\"copyrightHolder\":{\"@id\":\"https:\/\/empresas.infoempleo.com\/hrtrends\/#organization\"}},{\"@type\":\"WebPage\",\"@id\":\"https:\/\/empresas.infoempleo.com\/hrtrends\/reincorporacion-de-un-trabajador-en-excedencia-voluntaria-como-gestionarlo-desde-rrhh\/\",\"url\":\"https:\/\/empresas.infoempleo.com\/hrtrends\/reincorporacion-de-un-trabajador-en-excedencia-voluntaria-como-gestionarlo-desde-rrhh\/\",\"name\":\"Reincorporaci\u00f3n de un trabajador en excedencia voluntaria\",\"isPartOf\":{\"@id\":\"https:\/\/empresas.infoempleo.com\/hrtrends\/#website\"},\"primaryImageOfPage\":{\"@id\":\"https:\/\/empresas.infoempleo.com\/hrtrends\/reincorporacion-de-un-trabajador-en-excedencia-voluntaria-como-gestionarlo-desde-rrhh\/#primaryimage\"},\"image\":{\"@id\":\"https:\/\/empresas.infoempleo.com\/hrtrends\/reincorporacion-de-un-trabajador-en-excedencia-voluntaria-como-gestionarlo-desde-rrhh\/#primaryimage\"},\"thumbnailUrl\":\"https:\/\/empresas.infoempleo.com\/hrtrends\/media\/2025\/01\/Reincorporacion-de-un-trabajador-en-excedencia-voluntaria.jpg\",\"datePublished\":\"2025-01-30T05:30:14+00:00\",\"description\":\"La reincorporaci\u00f3n de un empleado tras una excedencia voluntaria plantea un reto que RRHH debe abordar con cuidado. \u00bfC\u00f3mo gestionarlo bien?\",\"breadcrumb\":{\"@id\":\"https:\/\/empresas.infoempleo.com\/hrtrends\/reincorporacion-de-un-trabajador-en-excedencia-voluntaria-como-gestionarlo-desde-rrhh\/#breadcrumb\"},\"inLanguage\":\"es\",\"potentialAction\":[{\"@type\":\"ReadAction\",\"target\":[\"https:\/\/empresas.infoempleo.com\/hrtrends\/reincorporacion-de-un-trabajador-en-excedencia-voluntaria-como-gestionarlo-desde-rrhh\/\"]}]},{\"@type\":\"ImageObject\",\"inLanguage\":\"es\",\"@id\":\"https:\/\/empresas.infoempleo.com\/hrtrends\/reincorporacion-de-un-trabajador-en-excedencia-voluntaria-como-gestionarlo-desde-rrhh\/#primaryimage\",\"url\":\"https:\/\/empresas.infoempleo.com\/hrtrends\/media\/2025\/01\/Reincorporacion-de-un-trabajador-en-excedencia-voluntaria-150x150.jpg\",\"contentUrl\":\"https:\/\/empresas.infoempleo.com\/hrtrends\/media\/2025\/01\/Reincorporacion-de-un-trabajador-en-excedencia-voluntaria-150x150.jpg\",\"width\":150,\"height\":150,\"caption\":\"Reincorporaci\u00f3n de un trabajador en excedencia voluntaria\"},{\"@type\":\"BreadcrumbList\",\"@id\":\"https:\/\/empresas.infoempleo.com\/hrtrends\/reincorporacion-de-un-trabajador-en-excedencia-voluntaria-como-gestionarlo-desde-rrhh\/#breadcrumb\",\"itemListElement\":[{\"@type\":\"ListItem\",\"position\":1,\"name\":\"Portada\",\"item\":\"https:\/\/empresas.infoempleo.com\/hrtrends\/\"},{\"@type\":\"ListItem\",\"position\":2,\"name\":\"Reincorporaci\u00f3n de un trabajador en excedencia voluntaria: \u00bfC\u00f3mo gestionarlo desde RRHH?\"}]},{\"@type\":\"WebSite\",\"@id\":\"https:\/\/empresas.infoempleo.com\/hrtrends\/#website\",\"url\":\"https:\/\/empresas.infoempleo.com\/hrtrends\",\"name\":\"HRTrends by Infoempleo\",\"description\":\"\",\"publisher\":{\"@id\":\"https:\/\/empresas.infoempleo.com\/hrtrends\/#organization\"},\"potentialAction\":{\"@type\":\"SearchAction\",\"target\":\"https:\/\/empresas.infoempleo.com\/hrtrends\/?s={search_term_string}\",\"query-input\":\"required name=search_term_string\"},\"inLanguage\":\"es\"},{\"@type\":\"Organization\",\"@id\":\"https:\/\/empresas.infoempleo.com\/hrtrends\/#organization\",\"name\":\"Infoempleo\",\"url\":\"https:\/\/www.infoempleo.com\/\",\"logo\":{\"@type\":\"ImageObject\",\"@id\":\"https:\/\/empresas.infoempleo.com\/hrtrends\/#logo\",\"inLanguage\":\"es\",\"url\":\"https:\/\/cdnazure.infoempleo.com\/infoempleo\/assets\/style\/gfx\/logo.svg\",\"contentUrl\":\"https:\/\/cdnazure.infoempleo.com\/infoempleo\/assets\/style\/gfx\/logo.svg\",\"width\":150,\"height\":40,\"caption\":\"Infoempleo\"},\"image\":{\"@id\":\"https:\/\/empresas.infoempleo.com\/hrtrends\/#logo\"},\"sameAs\":[\"https:\/\/www.facebook.com\/Infoempleo\",\"https:\/\/x.com\/infoempleo\",\"http:\/\/instagram.com\/infoempleo\/\",\"http:\/\/www.linkedin.com\/groups\/Empleo-Espa\u00f1a-Infoempleocom-111276\",\"http:\/\/pinterest.com\/infoempleo\/\"],\"address\":{\"@type\":\"PostalAddress\",\"addressLocality\":\"Madrid\",\"postalCode\":\"28050\",\"streetAddress\":\"Avenida de Burgos 114\"},\"brand\":[\"Infoempleo\"]},{\"@type\":\"Person\",\"@id\":\"https:\/\/empresas.infoempleo.com\/hrtrends\/#\/schema\/person\/67d3e276ffcc8b3ae0ebec816daf775a\",\"name\":\"infoempleo\",\"image\":{\"@type\":\"ImageObject\",\"inLanguage\":\"es\",\"@id\":\"https:\/\/empresas.infoempleo.com\/hrtrends\/#\/schema\/person\/image\/\",\"url\":\"https:\/\/secure.gravatar.com\/avatar\/7b437777242fe67d2473c2a818da2344692d1ee91e91080ccffbd97bcd4a0975?s=96&d=mm&r=g\",\"contentUrl\":\"https:\/\/secure.gravatar.com\/avatar\/7b437777242fe67d2473c2a818da2344692d1ee91e91080ccffbd97bcd4a0975?s=96&d=mm&r=g\",\"caption\":\"infoempleo\"},\"url\":\"https:\/\/empresas.infoempleo.com\/hrtrends\/author\/infoempleo\/\"}]}<\/script>\n<!-- \/ Yoast SEO plugin. -->","yoast_head_json":{"title":"Reincorporaci\u00f3n de un trabajador en excedencia voluntaria","description":"La reincorporaci\u00f3n de un empleado tras una excedencia voluntaria plantea un reto que RRHH debe abordar con cuidado. \u00bfC\u00f3mo gestionarlo bien?","robots":{"index":"index","follow":"follow","max-snippet":"max-snippet:-1","max-image-preview":"max-image-preview:large","max-video-preview":"max-video-preview:-1"},"canonical":"https:\/\/empresas.infoempleo.com\/hrtrends\/reincorporacion-de-un-trabajador-en-excedencia-voluntaria-como-gestionarlo-desde-rrhh\/","og_locale":"es_ES","og_type":"article","og_title":"Reincorporaci\u00f3n de un trabajador en excedencia voluntaria","og_description":"La reincorporaci\u00f3n de un empleado tras una excedencia voluntaria plantea un reto que RRHH debe abordar con cuidado. \u00bfC\u00f3mo gestionarlo bien?","og_url":"https:\/\/empresas.infoempleo.com\/hrtrends\/reincorporacion-de-un-trabajador-en-excedencia-voluntaria-como-gestionarlo-desde-rrhh\/","og_site_name":"HRTRENDS","article_publisher":"https:\/\/www.facebook.com\/Infoempleo","article_published_time":"2025-01-30T05:30:14+00:00","og_image":[{"width":1280,"height":720,"url":"https:\/\/empresas.infoempleo.com\/hrtrends\/media\/2025\/01\/Reincorporacion-de-un-trabajador-en-excedencia-voluntaria.jpg","type":"image\/jpeg"}],"author":"infoempleo","twitter_card":"summary_large_image","twitter_creator":"@infoempleo","twitter_site":"@infoempleo","twitter_misc":{"Escrito por":"infoempleo","Tiempo de lectura":"4 minutos"},"schema":{"@context":"https:\/\/schema.org","@graph":[{"@type":"NewsArticle","@id":"https:\/\/empresas.infoempleo.com\/hrtrends\/reincorporacion-de-un-trabajador-en-excedencia-voluntaria-como-gestionarlo-desde-rrhh\/#article","isPartOf":{"@id":"https:\/\/empresas.infoempleo.com\/hrtrends\/reincorporacion-de-un-trabajador-en-excedencia-voluntaria-como-gestionarlo-desde-rrhh\/"},"author":{"name":"infoempleo","@id":"https:\/\/empresas.infoempleo.com\/hrtrends\/#\/schema\/person\/67d3e276ffcc8b3ae0ebec816daf775a"},"headline":"Reincorporaci\u00f3n de un trabajador en excedencia voluntaria: \u00bfC\u00f3mo gestionarlo desde RRHH?","datePublished":"2025-01-30T05:30:14+00:00","mainEntityOfPage":{"@id":"https:\/\/empresas.infoempleo.com\/hrtrends\/reincorporacion-de-un-trabajador-en-excedencia-voluntaria-como-gestionarlo-desde-rrhh\/"},"wordCount":769,"publisher":{"@id":"https:\/\/empresas.infoempleo.com\/hrtrends\/#organization"},"image":{"@id":"https:\/\/empresas.infoempleo.com\/hrtrends\/reincorporacion-de-un-trabajador-en-excedencia-voluntaria-como-gestionarlo-desde-rrhh\/#primaryimage"},"thumbnailUrl":"https:\/\/empresas.infoempleo.com\/hrtrends\/media\/2025\/01\/Reincorporacion-de-un-trabajador-en-excedencia-voluntaria.jpg","keywords":["excedencia voluntaria","gesti\u00f3n de excedencias","reincorporaci\u00f3n tras excedencia"],"articleSection":["Consejos"],"inLanguage":"es","copyrightYear":"2025","copyrightHolder":{"@id":"https:\/\/empresas.infoempleo.com\/hrtrends\/#organization"}},{"@type":"WebPage","@id":"https:\/\/empresas.infoempleo.com\/hrtrends\/reincorporacion-de-un-trabajador-en-excedencia-voluntaria-como-gestionarlo-desde-rrhh\/","url":"https:\/\/empresas.infoempleo.com\/hrtrends\/reincorporacion-de-un-trabajador-en-excedencia-voluntaria-como-gestionarlo-desde-rrhh\/","name":"Reincorporaci\u00f3n de un trabajador en excedencia voluntaria","isPartOf":{"@id":"https:\/\/empresas.infoempleo.com\/hrtrends\/#website"},"primaryImageOfPage":{"@id":"https:\/\/empresas.infoempleo.com\/hrtrends\/reincorporacion-de-un-trabajador-en-excedencia-voluntaria-como-gestionarlo-desde-rrhh\/#primaryimage"},"image":{"@id":"https:\/\/empresas.infoempleo.com\/hrtrends\/reincorporacion-de-un-trabajador-en-excedencia-voluntaria-como-gestionarlo-desde-rrhh\/#primaryimage"},"thumbnailUrl":"https:\/\/empresas.infoempleo.com\/hrtrends\/media\/2025\/01\/Reincorporacion-de-un-trabajador-en-excedencia-voluntaria.jpg","datePublished":"2025-01-30T05:30:14+00:00","description":"La reincorporaci\u00f3n de un empleado tras una excedencia voluntaria plantea un reto que RRHH debe abordar con cuidado. \u00bfC\u00f3mo gestionarlo bien?","breadcrumb":{"@id":"https:\/\/empresas.infoempleo.com\/hrtrends\/reincorporacion-de-un-trabajador-en-excedencia-voluntaria-como-gestionarlo-desde-rrhh\/#breadcrumb"},"inLanguage":"es","potentialAction":[{"@type":"ReadAction","target":["https:\/\/empresas.infoempleo.com\/hrtrends\/reincorporacion-de-un-trabajador-en-excedencia-voluntaria-como-gestionarlo-desde-rrhh\/"]}]},{"@type":"ImageObject","inLanguage":"es","@id":"https:\/\/empresas.infoempleo.com\/hrtrends\/reincorporacion-de-un-trabajador-en-excedencia-voluntaria-como-gestionarlo-desde-rrhh\/#primaryimage","url":"https:\/\/empresas.infoempleo.com\/hrtrends\/media\/2025\/01\/Reincorporacion-de-un-trabajador-en-excedencia-voluntaria-150x150.jpg","contentUrl":"https:\/\/empresas.infoempleo.com\/hrtrends\/media\/2025\/01\/Reincorporacion-de-un-trabajador-en-excedencia-voluntaria-150x150.jpg","width":150,"height":150,"caption":"Reincorporaci\u00f3n de un trabajador en excedencia voluntaria"},{"@type":"BreadcrumbList","@id":"https:\/\/empresas.infoempleo.com\/hrtrends\/reincorporacion-de-un-trabajador-en-excedencia-voluntaria-como-gestionarlo-desde-rrhh\/#breadcrumb","itemListElement":[{"@type":"ListItem","position":1,"name":"Portada","item":"https:\/\/empresas.infoempleo.com\/hrtrends\/"},{"@type":"ListItem","position":2,"name":"Reincorporaci\u00f3n de un trabajador en excedencia voluntaria: \u00bfC\u00f3mo gestionarlo desde RRHH?"}]},{"@type":"WebSite","@id":"https:\/\/empresas.infoempleo.com\/hrtrends\/#website","url":"https:\/\/empresas.infoempleo.com\/hrtrends","name":"HRTrends by Infoempleo","description":"","publisher":{"@id":"https:\/\/empresas.infoempleo.com\/hrtrends\/#organization"},"potentialAction":{"@type":"SearchAction","target":"https:\/\/empresas.infoempleo.com\/hrtrends\/?s={search_term_string}","query-input":"required name=search_term_string"},"inLanguage":"es"},{"@type":"Organization","@id":"https:\/\/empresas.infoempleo.com\/hrtrends\/#organization","name":"Infoempleo","url":"https:\/\/www.infoempleo.com\/","logo":{"@type":"ImageObject","@id":"https:\/\/empresas.infoempleo.com\/hrtrends\/#logo","inLanguage":"es","url":"https:\/\/cdnazure.infoempleo.com\/infoempleo\/assets\/style\/gfx\/logo.svg","contentUrl":"https:\/\/cdnazure.infoempleo.com\/infoempleo\/assets\/style\/gfx\/logo.svg","width":150,"height":40,"caption":"Infoempleo"},"image":{"@id":"https:\/\/empresas.infoempleo.com\/hrtrends\/#logo"},"sameAs":["https:\/\/www.facebook.com\/Infoempleo","https:\/\/x.com\/infoempleo","http:\/\/instagram.com\/infoempleo\/","http:\/\/www.linkedin.com\/groups\/Empleo-Espa\u00f1a-Infoempleocom-111276","http:\/\/pinterest.com\/infoempleo\/"],"address":{"@type":"PostalAddress","addressLocality":"Madrid","postalCode":"28050","streetAddress":"Avenida de Burgos 114"},"brand":["Infoempleo"]},{"@type":"Person","@id":"https:\/\/empresas.infoempleo.com\/hrtrends\/#\/schema\/person\/67d3e276ffcc8b3ae0ebec816daf775a","name":"infoempleo","image":{"@type":"ImageObject","inLanguage":"es","@id":"https:\/\/empresas.infoempleo.com\/hrtrends\/#\/schema\/person\/image\/","url":"https:\/\/secure.gravatar.com\/avatar\/7b437777242fe67d2473c2a818da2344692d1ee91e91080ccffbd97bcd4a0975?s=96&d=mm&r=g","contentUrl":"https:\/\/secure.gravatar.com\/avatar\/7b437777242fe67d2473c2a818da2344692d1ee91e91080ccffbd97bcd4a0975?s=96&d=mm&r=g","caption":"infoempleo"},"url":"https:\/\/empresas.infoempleo.com\/hrtrends\/author\/infoempleo\/"}]}},"amp_enabled":true,"_links":{"self":[{"href":"https:\/\/empresas.infoempleo.com\/hrtrends\/wp-json\/wp\/v2\/posts\/46281","targetHints":{"allow":["GET"]}}],"collection":[{"href":"https:\/\/empresas.infoempleo.com\/hrtrends\/wp-json\/wp\/v2\/posts"}],"about":[{"href":"https:\/\/empresas.infoempleo.com\/hrtrends\/wp-json\/wp\/v2\/types\/post"}],"author":[{"embeddable":true,"href":"https:\/\/empresas.infoempleo.com\/hrtrends\/wp-json\/wp\/v2\/users\/72"}],"replies":[{"embeddable":true,"href":"https:\/\/empresas.infoempleo.com\/hrtrends\/wp-json\/wp\/v2\/comments?post=46281"}],"version-history":[{"count":10,"href":"https:\/\/empresas.infoempleo.com\/hrtrends\/wp-json\/wp\/v2\/posts\/46281\/revisions"}],"predecessor-version":[{"id":46292,"href":"https:\/\/empresas.infoempleo.com\/hrtrends\/wp-json\/wp\/v2\/posts\/46281\/revisions\/46292"}],"wp:featuredmedia":[{"embeddable":true,"href":"https:\/\/empresas.infoempleo.com\/hrtrends\/wp-json\/wp\/v2\/media\/46290"}],"wp:attachment":[{"href":"https:\/\/empresas.infoempleo.com\/hrtrends\/wp-json\/wp\/v2\/media?parent=46281"}],"wp:term":[{"taxonomy":"category","embeddable":true,"href":"https:\/\/empresas.infoempleo.com\/hrtrends\/wp-json\/wp\/v2\/categories?post=46281"},{"taxonomy":"post_tag","embeddable":true,"href":"https:\/\/empresas.infoempleo.com\/hrtrends\/wp-json\/wp\/v2\/tags?post=46281"}],"curies":[{"name":"wp","href":"https:\/\/api.w.org\/{rel}","templated":true}]}}