{"id":46220,"date":"2025-01-14T07:30:53","date_gmt":"2025-01-14T05:30:53","guid":{"rendered":"https:\/\/empresas.infoempleo.com\/hrtrends\/?p=46220"},"modified":"2025-01-09T20:01:17","modified_gmt":"2025-01-09T18:01:17","slug":"objetivos-como-definirlos-y-comunicarlos-para-que-tu-equipo-funcione","status":"publish","type":"post","link":"https:\/\/empresas.infoempleo.com\/hrtrends\/objetivos-como-definirlos-y-comunicarlos-para-que-tu-equipo-funcione\/","title":{"rendered":"Objetivos: c\u00f3mo definirlos y comunicarlos para que tu equipo funcione"},"content":{"rendered":"<p>Definir y comunicar objetivos claros es una pieza fundamental para el \u00e9xito de cualquier organizaci\u00f3n. Sin metas bien establecidas, los equipos tienden a perder el enfoque, lo que genera ineficiencias, desmotivaci\u00f3n y, en \u00faltima instancia, un impacto negativo en los resultados. Por eso, en este art\u00edculo exploramos <strong>c\u00f3mo las empresas pueden establecer y comunicar objetivos de manera efectiva<\/strong> para optimizar el desempe\u00f1o de sus equipos.<\/p>\n<h2>La importancia de tener unos objetivos claros<\/h2>\n<p>Los <strong>objetivos<\/strong> no son solo una declaraci\u00f3n aspiracional; son una <strong>herramienta para orientar los esfuerzos y recursos<\/strong> <strong>hacia resultados espec\u00edficos<\/strong>. Cuando los empleados entienden qu\u00e9 se espera de ellos, pueden enfocar su energ\u00eda en actividades que contribuyan directamente al \u00e9xito de la organizaci\u00f3n.<\/p>\n<p>Una de las <strong>metodolog\u00edas<\/strong> m\u00e1s efectivas para definir objetivos es el <a href=\"https:\/\/empresas.infoempleo.com\/hrtrends\/objetivos-smart-para-recursos-humanos\/\" target=\"_blank\" rel=\"noopener\"><strong>modelo SMART para Recursos Humanos<\/strong><\/a>. Este enfoque propone que las metas sean espec\u00edficas, lo que implica definir con claridad qu\u00e9 se quiere lograr, evitando generalidades.<\/p>\n<p>Seg\u00fan esta metodolog\u00eda, <strong>los objetivos tambi\u00e9n deben ser medibles.<\/strong> Lo que significa establecer indicadores claros para evaluar el progreso y determinar cu\u00e1ndo se han alcanzado. Por otro lado, las metas tambi\u00e9n deben ser <strong>alcanzables<\/strong>, asegurando que sean desafiantes pero realistas seg\u00fan los recursos disponibles.<\/p>\n<p>Asimismo, los objetivos necesitan ser relevantes, es decir, <strong>deben estar alineados con las prioridades estrat\u00e9gicas de la organizaci\u00f3n<\/strong>. Y tambi\u00e9n deben ser <strong>temporales<\/strong>, siendo necesario establecer un plazo espec\u00edfico para su consecuci\u00f3n.<\/p>\n<p>Otro aspecto fundamente es la necesidad de<strong> involucrar a los equipos<\/strong>, permiti\u00e9ndoles participar en la definici\u00f3n de los objetivos. Esto no solo asegurar\u00e1 que las metas sean realistas, sino que tambi\u00e9n fomentar\u00e1 un sentido de propiedad y compromiso por parte de los empleados.<\/p>\n<p>En un entorno laboral donde las demandas son constantes, otra clave a tener en cuenta es <strong>establecer prioridades claras<\/strong>. Porque un exceso de objetivos puede dispersar el enfoque del equipo y reducir la efectividad.<\/p>\n<p>Estos objetivos deber\u00edan estar asimismo permanentemente <strong>alineados con la misi\u00f3n, visi\u00f3n y valores de la organizaci\u00f3n<\/strong>. De esta forma, se asegura que todos los esfuerzos contribuyan al crecimiento general de la empresa.<\/p>\n<h2>Estrategias para comunicar esos objetivos<\/h2>\n<p>Definir unos objetivos claros es solo la mitad del camino; la otra mitad es comunicarlos de manera efectiva. <strong>Una comunicaci\u00f3n adecuada es esencial<\/strong> para que los equipos comprendan qu\u00e9 se espera de ellos, y c\u00f3mo su trabajo encaja en la visi\u00f3n general de la empresa.<\/p>\n<p>\u00bfDe qu\u00e9 forma deber\u00edas comunicar entonces esos objetivos? Utiliza estas claves:<\/p>\n<ul>\n<li><strong>Usa un lenguaje claro y accesible:<\/strong>\u00a0Evita el uso de t\u00e9rminos t\u00e9cnicos o jergas corporativas que puedan generar confusi\u00f3n. La comunicaci\u00f3n debe ser comprensible para todos los niveles de la organizaci\u00f3n.<\/li>\n<li><strong>Elige los canales adecuados:<\/strong> Los canales de comunicaci\u00f3n variar\u00e1n seg\u00fan el tama\u00f1o y la estructura de tu organizaci\u00f3n. Puedes optar por reuniones presenciales, plataformas digitales, boletines internos o videos corporativos. Lo importante es garantizar que el mensaje llegue a todos.<\/li>\n<li><strong>Refuerza los objetivos constantemente:<\/strong> No basta con comunicar los objetivos una vez. Es necesario reforzarlos mediante reuniones regulares, informes de avance y recordatorios peri\u00f3dicos. Esto mantiene a los equipos alineados y comprometidos.<\/li>\n<li><strong>Fomenta la retroalimentaci\u00f3n:<\/strong> Crear un espacio para que los empleados hagan preguntas o expresen preocupaciones es crucial. La retroalimentaci\u00f3n bidireccional no solo mejora la comprensi\u00f3n, sino que tambi\u00e9n fortalece la confianza y el compromiso.<\/li>\n<li><strong>Reconoce y celebra cada progreso:<\/strong> Celebrar los logros, tanto grandes como peque\u00f1os, siempre motiva a los empleados y refuerza la importancia de trabajar hacia los objetivos comunes.<\/li>\n<\/ul>\n<h2>Beneficios de comunicarlos efectivamente<\/h2>\n<p data-pm-slice=\"1 1 []\">Cuando los objetivos est\u00e1n bien definidos y comunicados, las organizaciones pueden experimentar mejoras significativas en diferentes \u00e1reas. En primer lugar, se logra una <strong>mejor colaboraci\u00f3n<\/strong>, ya que los empleados comprenden c\u00f3mo sus roles individuales contribuyen al \u00e9xito del equipo.<\/p>\n<p data-pm-slice=\"1 1 []\">Adem\u00e1s, la claridad en los objetivos fomenta tambi\u00e9n una <strong>mayor motivaci\u00f3n<\/strong>, ayudando a los empleados a mantenerse enfocados y comprometidos con su trabajo.<\/p>\n<p data-pm-slice=\"1 1 []\">Tambi\u00e9n facilita una <strong>toma de decisiones informada<\/strong>, permitiendo a los l\u00edderes alinear sus elecciones con las prioridades organizacionales. Finalmente, <strong>los recursos se asignan de manera m\u00e1s eficiente<\/strong>, optimizando el uso de tiempo y energ\u00eda para alcanzar las metas establecidas.<\/p>\n<p>Recuerda: un objetivo bien definido y comunicado no solo impulsa resultados, sino que tambi\u00e9n fortalece la cultura organizacional, fomenta la motivaci\u00f3n y construye equipos m\u00e1s cohesionados. Por eso, es importante que desde la empresa se dedique tiempo y esfuerzo a este proceso.<\/p>\n","protected":false},"excerpt":{"rendered":"<p>Definir y comunicar objetivos claros es una pieza fundamental para el \u00e9xito de cualquier organizaci\u00f3n. Sin metas bien<a class=\"moretag\" href=\"https:\/\/empresas.infoempleo.com\/hrtrends\/objetivos-como-definirlos-y-comunicarlos-para-que-tu-equipo-funcione\/\"> Leer m\u00e1s<\/a><\/p>\n","protected":false},"author":27,"featured_media":46227,"comment_status":"closed","ping_status":"closed","sticky":false,"template":"","format":"standard","meta":{"footnotes":""},"categories":[3035],"tags":[3254,3735,3734],"class_list":["post-46220","post","type-post","status-publish","format-standard","has-post-thumbnail","hentry","category-consejos","tag-gestion-de-equipos","tag-modelo-smart","tag-objetivos-de-empresa"],"yoast_head":"<!-- This site is optimized with the Yoast SEO plugin v26.1.1 - https:\/\/yoast.com\/wordpress\/plugins\/seo\/ -->\n<title>Objetivos: c\u00f3mo definirlos y comunicarlos para que tu equipo funcione<\/title>\n<meta name=\"description\" content=\"Exploramos c\u00f3mo las empresas pueden establecer y comunicar objetivos de manera efectiva para optimizar el desempe\u00f1o de sus equipos.\" \/>\n<meta name=\"robots\" content=\"index, follow, max-snippet:-1, max-image-preview:large, max-video-preview:-1\" \/>\n<link rel=\"canonical\" href=\"https:\/\/empresas.infoempleo.com\/hrtrends\/objetivos-como-definirlos-y-comunicarlos-para-que-tu-equipo-funcione\/\" \/>\n<meta property=\"og:locale\" content=\"es_ES\" \/>\n<meta property=\"og:type\" content=\"article\" \/>\n<meta property=\"og:title\" content=\"Objetivos: c\u00f3mo definirlos y comunicarlos para que tu equipo funcione\" \/>\n<meta property=\"og:description\" content=\"Exploramos c\u00f3mo las empresas pueden establecer y comunicar objetivos de manera efectiva para optimizar el desempe\u00f1o de sus equipos.\" \/>\n<meta property=\"og:url\" content=\"https:\/\/empresas.infoempleo.com\/hrtrends\/objetivos-como-definirlos-y-comunicarlos-para-que-tu-equipo-funcione\/\" \/>\n<meta property=\"og:site_name\" content=\"HRTRENDS\" \/>\n<meta property=\"article:publisher\" content=\"https:\/\/www.facebook.com\/Infoempleo\" \/>\n<meta property=\"article:published_time\" content=\"2025-01-14T05:30:53+00:00\" \/>\n<meta property=\"og:image\" content=\"https:\/\/empresas.infoempleo.com\/hrtrends\/media\/2025\/01\/Equipo-definiendo-los-objetivos-de-la-compania.jpg\" \/>\n\t<meta property=\"og:image:width\" content=\"1200\" \/>\n\t<meta property=\"og:image:height\" content=\"790\" \/>\n\t<meta property=\"og:image:type\" content=\"image\/jpeg\" \/>\n<meta name=\"author\" content=\"Mayte Guill\u00e9n\" \/>\n<meta name=\"twitter:card\" content=\"summary_large_image\" \/>\n<meta name=\"twitter:creator\" content=\"@mayteguillen\" \/>\n<meta name=\"twitter:site\" content=\"@infoempleo\" \/>\n<meta name=\"twitter:label1\" content=\"Escrito por\" \/>\n\t<meta name=\"twitter:data1\" content=\"Mayte Guill\u00e9n\" \/>\n\t<meta name=\"twitter:label2\" content=\"Tiempo de lectura\" \/>\n\t<meta name=\"twitter:data2\" content=\"4 minutos\" \/>\n<script type=\"application\/ld+json\" class=\"yoast-schema-graph\">{\"@context\":\"https:\/\/schema.org\",\"@graph\":[{\"@type\":\"NewsArticle\",\"@id\":\"https:\/\/empresas.infoempleo.com\/hrtrends\/objetivos-como-definirlos-y-comunicarlos-para-que-tu-equipo-funcione\/#article\",\"isPartOf\":{\"@id\":\"https:\/\/empresas.infoempleo.com\/hrtrends\/objetivos-como-definirlos-y-comunicarlos-para-que-tu-equipo-funcione\/\"},\"author\":{\"name\":\"Mayte Guill\u00e9n\",\"@id\":\"https:\/\/empresas.infoempleo.com\/hrtrends\/#\/schema\/person\/4e46e960319e61d74737b4371bed2d9e\"},\"headline\":\"Objetivos: c\u00f3mo definirlos y comunicarlos para que tu equipo funcione\",\"datePublished\":\"2025-01-14T05:30:53+00:00\",\"mainEntityOfPage\":{\"@id\":\"https:\/\/empresas.infoempleo.com\/hrtrends\/objetivos-como-definirlos-y-comunicarlos-para-que-tu-equipo-funcione\/\"},\"wordCount\":782,\"publisher\":{\"@id\":\"https:\/\/empresas.infoempleo.com\/hrtrends\/#organization\"},\"image\":{\"@id\":\"https:\/\/empresas.infoempleo.com\/hrtrends\/objetivos-como-definirlos-y-comunicarlos-para-que-tu-equipo-funcione\/#primaryimage\"},\"thumbnailUrl\":\"https:\/\/empresas.infoempleo.com\/hrtrends\/media\/2025\/01\/Equipo-definiendo-los-objetivos-de-la-compania.jpg\",\"keywords\":[\"gesti\u00f3n de equipos\",\"modelo SMART\",\"objetivos de empresa\"],\"articleSection\":[\"Consejos\"],\"inLanguage\":\"es\",\"copyrightYear\":\"2025\",\"copyrightHolder\":{\"@id\":\"https:\/\/empresas.infoempleo.com\/hrtrends\/#organization\"}},{\"@type\":\"WebPage\",\"@id\":\"https:\/\/empresas.infoempleo.com\/hrtrends\/objetivos-como-definirlos-y-comunicarlos-para-que-tu-equipo-funcione\/\",\"url\":\"https:\/\/empresas.infoempleo.com\/hrtrends\/objetivos-como-definirlos-y-comunicarlos-para-que-tu-equipo-funcione\/\",\"name\":\"Objetivos: c\u00f3mo definirlos y comunicarlos para que tu equipo funcione\",\"isPartOf\":{\"@id\":\"https:\/\/empresas.infoempleo.com\/hrtrends\/#website\"},\"primaryImageOfPage\":{\"@id\":\"https:\/\/empresas.infoempleo.com\/hrtrends\/objetivos-como-definirlos-y-comunicarlos-para-que-tu-equipo-funcione\/#primaryimage\"},\"image\":{\"@id\":\"https:\/\/empresas.infoempleo.com\/hrtrends\/objetivos-como-definirlos-y-comunicarlos-para-que-tu-equipo-funcione\/#primaryimage\"},\"thumbnailUrl\":\"https:\/\/empresas.infoempleo.com\/hrtrends\/media\/2025\/01\/Equipo-definiendo-los-objetivos-de-la-compania.jpg\",\"datePublished\":\"2025-01-14T05:30:53+00:00\",\"description\":\"Exploramos c\u00f3mo las empresas pueden establecer y comunicar objetivos de manera efectiva para optimizar el desempe\u00f1o de sus equipos.\",\"breadcrumb\":{\"@id\":\"https:\/\/empresas.infoempleo.com\/hrtrends\/objetivos-como-definirlos-y-comunicarlos-para-que-tu-equipo-funcione\/#breadcrumb\"},\"inLanguage\":\"es\",\"potentialAction\":[{\"@type\":\"ReadAction\",\"target\":[\"https:\/\/empresas.infoempleo.com\/hrtrends\/objetivos-como-definirlos-y-comunicarlos-para-que-tu-equipo-funcione\/\"]}]},{\"@type\":\"ImageObject\",\"inLanguage\":\"es\",\"@id\":\"https:\/\/empresas.infoempleo.com\/hrtrends\/objetivos-como-definirlos-y-comunicarlos-para-que-tu-equipo-funcione\/#primaryimage\",\"url\":\"https:\/\/empresas.infoempleo.com\/hrtrends\/media\/2025\/01\/Equipo-definiendo-los-objetivos-de-la-compania-150x150.jpg\",\"contentUrl\":\"https:\/\/empresas.infoempleo.com\/hrtrends\/media\/2025\/01\/Equipo-definiendo-los-objetivos-de-la-compania-150x150.jpg\",\"width\":150,\"height\":150,\"caption\":\"Equipo definiendo los objetivos de la compa\u00f1ia\"},{\"@type\":\"BreadcrumbList\",\"@id\":\"https:\/\/empresas.infoempleo.com\/hrtrends\/objetivos-como-definirlos-y-comunicarlos-para-que-tu-equipo-funcione\/#breadcrumb\",\"itemListElement\":[{\"@type\":\"ListItem\",\"position\":1,\"name\":\"Portada\",\"item\":\"https:\/\/empresas.infoempleo.com\/hrtrends\/\"},{\"@type\":\"ListItem\",\"position\":2,\"name\":\"Objetivos: c\u00f3mo definirlos y comunicarlos para que tu equipo funcione\"}]},{\"@type\":\"WebSite\",\"@id\":\"https:\/\/empresas.infoempleo.com\/hrtrends\/#website\",\"url\":\"https:\/\/empresas.infoempleo.com\/hrtrends\",\"name\":\"HRTrends by Infoempleo\",\"description\":\"\",\"publisher\":{\"@id\":\"https:\/\/empresas.infoempleo.com\/hrtrends\/#organization\"},\"potentialAction\":{\"@type\":\"SearchAction\",\"target\":\"https:\/\/empresas.infoempleo.com\/hrtrends\/?s={search_term_string}\",\"query-input\":\"required name=search_term_string\"},\"inLanguage\":\"es\"},{\"@type\":\"Organization\",\"@id\":\"https:\/\/empresas.infoempleo.com\/hrtrends\/#organization\",\"name\":\"Infoempleo\",\"url\":\"https:\/\/www.infoempleo.com\/\",\"logo\":{\"@type\":\"ImageObject\",\"@id\":\"https:\/\/empresas.infoempleo.com\/hrtrends\/#logo\",\"inLanguage\":\"es\",\"url\":\"https:\/\/cdnazure.infoempleo.com\/infoempleo\/assets\/style\/gfx\/logo.svg\",\"contentUrl\":\"https:\/\/cdnazure.infoempleo.com\/infoempleo\/assets\/style\/gfx\/logo.svg\",\"width\":150,\"height\":40,\"caption\":\"Infoempleo\"},\"image\":{\"@id\":\"https:\/\/empresas.infoempleo.com\/hrtrends\/#logo\"},\"sameAs\":[\"https:\/\/www.facebook.com\/Infoempleo\",\"https:\/\/x.com\/infoempleo\",\"http:\/\/instagram.com\/infoempleo\/\",\"http:\/\/www.linkedin.com\/groups\/Empleo-Espa\u00f1a-Infoempleocom-111276\",\"http:\/\/pinterest.com\/infoempleo\/\"],\"address\":{\"@type\":\"PostalAddress\",\"addressLocality\":\"Madrid\",\"postalCode\":\"28050\",\"streetAddress\":\"Avenida de Burgos 114\"},\"brand\":[\"Infoempleo\"]},{\"@type\":\"Person\",\"@id\":\"https:\/\/empresas.infoempleo.com\/hrtrends\/#\/schema\/person\/4e46e960319e61d74737b4371bed2d9e\",\"name\":\"Mayte Guill\u00e9n\",\"image\":{\"@type\":\"ImageObject\",\"inLanguage\":\"es\",\"@id\":\"https:\/\/empresas.infoempleo.com\/hrtrends\/#\/schema\/person\/image\/\",\"url\":\"https:\/\/secure.gravatar.com\/avatar\/65b5a8d69d8ba2b4ada3ebca81086320c804f708633e50c9630548bdbfb2a7c4?s=96&d=mm&r=g\",\"contentUrl\":\"https:\/\/secure.gravatar.com\/avatar\/65b5a8d69d8ba2b4ada3ebca81086320c804f708633e50c9630548bdbfb2a7c4?s=96&d=mm&r=g\",\"caption\":\"Mayte Guill\u00e9n\"},\"description\":\"Escribo sobre empleo, formaci\u00f3n y Recursos Humanos, y las sinergias que existen entre estos mundos. Me gusta pensar que con mi trabajo ayudo a las personas a mejorar su futuro laboral. Responsable de Contenidos y Estudios en Infoempleo.\",\"sameAs\":[\"https:\/\/www.linkedin.com\/in\/mayteguillen\/\",\"https:\/\/x.com\/mayteguillen\"],\"url\":\"https:\/\/empresas.infoempleo.com\/hrtrends\/author\/mayte-guillen\/\"}]}<\/script>\n<!-- \/ Yoast SEO plugin. -->","yoast_head_json":{"title":"Objetivos: c\u00f3mo definirlos y comunicarlos para que tu equipo funcione","description":"Exploramos c\u00f3mo las empresas pueden establecer y comunicar objetivos de manera efectiva para optimizar el desempe\u00f1o de sus equipos.","robots":{"index":"index","follow":"follow","max-snippet":"max-snippet:-1","max-image-preview":"max-image-preview:large","max-video-preview":"max-video-preview:-1"},"canonical":"https:\/\/empresas.infoempleo.com\/hrtrends\/objetivos-como-definirlos-y-comunicarlos-para-que-tu-equipo-funcione\/","og_locale":"es_ES","og_type":"article","og_title":"Objetivos: c\u00f3mo definirlos y comunicarlos para que tu equipo funcione","og_description":"Exploramos c\u00f3mo las empresas pueden establecer y comunicar objetivos de manera efectiva para optimizar el desempe\u00f1o de sus equipos.","og_url":"https:\/\/empresas.infoempleo.com\/hrtrends\/objetivos-como-definirlos-y-comunicarlos-para-que-tu-equipo-funcione\/","og_site_name":"HRTRENDS","article_publisher":"https:\/\/www.facebook.com\/Infoempleo","article_published_time":"2025-01-14T05:30:53+00:00","og_image":[{"width":1200,"height":790,"url":"https:\/\/empresas.infoempleo.com\/hrtrends\/media\/2025\/01\/Equipo-definiendo-los-objetivos-de-la-compania.jpg","type":"image\/jpeg"}],"author":"Mayte Guill\u00e9n","twitter_card":"summary_large_image","twitter_creator":"@mayteguillen","twitter_site":"@infoempleo","twitter_misc":{"Escrito por":"Mayte Guill\u00e9n","Tiempo de lectura":"4 minutos"},"schema":{"@context":"https:\/\/schema.org","@graph":[{"@type":"NewsArticle","@id":"https:\/\/empresas.infoempleo.com\/hrtrends\/objetivos-como-definirlos-y-comunicarlos-para-que-tu-equipo-funcione\/#article","isPartOf":{"@id":"https:\/\/empresas.infoempleo.com\/hrtrends\/objetivos-como-definirlos-y-comunicarlos-para-que-tu-equipo-funcione\/"},"author":{"name":"Mayte Guill\u00e9n","@id":"https:\/\/empresas.infoempleo.com\/hrtrends\/#\/schema\/person\/4e46e960319e61d74737b4371bed2d9e"},"headline":"Objetivos: c\u00f3mo definirlos y comunicarlos para que tu equipo funcione","datePublished":"2025-01-14T05:30:53+00:00","mainEntityOfPage":{"@id":"https:\/\/empresas.infoempleo.com\/hrtrends\/objetivos-como-definirlos-y-comunicarlos-para-que-tu-equipo-funcione\/"},"wordCount":782,"publisher":{"@id":"https:\/\/empresas.infoempleo.com\/hrtrends\/#organization"},"image":{"@id":"https:\/\/empresas.infoempleo.com\/hrtrends\/objetivos-como-definirlos-y-comunicarlos-para-que-tu-equipo-funcione\/#primaryimage"},"thumbnailUrl":"https:\/\/empresas.infoempleo.com\/hrtrends\/media\/2025\/01\/Equipo-definiendo-los-objetivos-de-la-compania.jpg","keywords":["gesti\u00f3n de equipos","modelo SMART","objetivos de empresa"],"articleSection":["Consejos"],"inLanguage":"es","copyrightYear":"2025","copyrightHolder":{"@id":"https:\/\/empresas.infoempleo.com\/hrtrends\/#organization"}},{"@type":"WebPage","@id":"https:\/\/empresas.infoempleo.com\/hrtrends\/objetivos-como-definirlos-y-comunicarlos-para-que-tu-equipo-funcione\/","url":"https:\/\/empresas.infoempleo.com\/hrtrends\/objetivos-como-definirlos-y-comunicarlos-para-que-tu-equipo-funcione\/","name":"Objetivos: c\u00f3mo definirlos y comunicarlos para que tu equipo funcione","isPartOf":{"@id":"https:\/\/empresas.infoempleo.com\/hrtrends\/#website"},"primaryImageOfPage":{"@id":"https:\/\/empresas.infoempleo.com\/hrtrends\/objetivos-como-definirlos-y-comunicarlos-para-que-tu-equipo-funcione\/#primaryimage"},"image":{"@id":"https:\/\/empresas.infoempleo.com\/hrtrends\/objetivos-como-definirlos-y-comunicarlos-para-que-tu-equipo-funcione\/#primaryimage"},"thumbnailUrl":"https:\/\/empresas.infoempleo.com\/hrtrends\/media\/2025\/01\/Equipo-definiendo-los-objetivos-de-la-compania.jpg","datePublished":"2025-01-14T05:30:53+00:00","description":"Exploramos c\u00f3mo las empresas pueden establecer y comunicar objetivos de manera efectiva para optimizar el desempe\u00f1o de sus equipos.","breadcrumb":{"@id":"https:\/\/empresas.infoempleo.com\/hrtrends\/objetivos-como-definirlos-y-comunicarlos-para-que-tu-equipo-funcione\/#breadcrumb"},"inLanguage":"es","potentialAction":[{"@type":"ReadAction","target":["https:\/\/empresas.infoempleo.com\/hrtrends\/objetivos-como-definirlos-y-comunicarlos-para-que-tu-equipo-funcione\/"]}]},{"@type":"ImageObject","inLanguage":"es","@id":"https:\/\/empresas.infoempleo.com\/hrtrends\/objetivos-como-definirlos-y-comunicarlos-para-que-tu-equipo-funcione\/#primaryimage","url":"https:\/\/empresas.infoempleo.com\/hrtrends\/media\/2025\/01\/Equipo-definiendo-los-objetivos-de-la-compania-150x150.jpg","contentUrl":"https:\/\/empresas.infoempleo.com\/hrtrends\/media\/2025\/01\/Equipo-definiendo-los-objetivos-de-la-compania-150x150.jpg","width":150,"height":150,"caption":"Equipo definiendo los objetivos de la compa\u00f1ia"},{"@type":"BreadcrumbList","@id":"https:\/\/empresas.infoempleo.com\/hrtrends\/objetivos-como-definirlos-y-comunicarlos-para-que-tu-equipo-funcione\/#breadcrumb","itemListElement":[{"@type":"ListItem","position":1,"name":"Portada","item":"https:\/\/empresas.infoempleo.com\/hrtrends\/"},{"@type":"ListItem","position":2,"name":"Objetivos: c\u00f3mo definirlos y comunicarlos para que tu equipo funcione"}]},{"@type":"WebSite","@id":"https:\/\/empresas.infoempleo.com\/hrtrends\/#website","url":"https:\/\/empresas.infoempleo.com\/hrtrends","name":"HRTrends by Infoempleo","description":"","publisher":{"@id":"https:\/\/empresas.infoempleo.com\/hrtrends\/#organization"},"potentialAction":{"@type":"SearchAction","target":"https:\/\/empresas.infoempleo.com\/hrtrends\/?s={search_term_string}","query-input":"required name=search_term_string"},"inLanguage":"es"},{"@type":"Organization","@id":"https:\/\/empresas.infoempleo.com\/hrtrends\/#organization","name":"Infoempleo","url":"https:\/\/www.infoempleo.com\/","logo":{"@type":"ImageObject","@id":"https:\/\/empresas.infoempleo.com\/hrtrends\/#logo","inLanguage":"es","url":"https:\/\/cdnazure.infoempleo.com\/infoempleo\/assets\/style\/gfx\/logo.svg","contentUrl":"https:\/\/cdnazure.infoempleo.com\/infoempleo\/assets\/style\/gfx\/logo.svg","width":150,"height":40,"caption":"Infoempleo"},"image":{"@id":"https:\/\/empresas.infoempleo.com\/hrtrends\/#logo"},"sameAs":["https:\/\/www.facebook.com\/Infoempleo","https:\/\/x.com\/infoempleo","http:\/\/instagram.com\/infoempleo\/","http:\/\/www.linkedin.com\/groups\/Empleo-Espa\u00f1a-Infoempleocom-111276","http:\/\/pinterest.com\/infoempleo\/"],"address":{"@type":"PostalAddress","addressLocality":"Madrid","postalCode":"28050","streetAddress":"Avenida de Burgos 114"},"brand":["Infoempleo"]},{"@type":"Person","@id":"https:\/\/empresas.infoempleo.com\/hrtrends\/#\/schema\/person\/4e46e960319e61d74737b4371bed2d9e","name":"Mayte Guill\u00e9n","image":{"@type":"ImageObject","inLanguage":"es","@id":"https:\/\/empresas.infoempleo.com\/hrtrends\/#\/schema\/person\/image\/","url":"https:\/\/secure.gravatar.com\/avatar\/65b5a8d69d8ba2b4ada3ebca81086320c804f708633e50c9630548bdbfb2a7c4?s=96&d=mm&r=g","contentUrl":"https:\/\/secure.gravatar.com\/avatar\/65b5a8d69d8ba2b4ada3ebca81086320c804f708633e50c9630548bdbfb2a7c4?s=96&d=mm&r=g","caption":"Mayte Guill\u00e9n"},"description":"Escribo sobre empleo, formaci\u00f3n y Recursos Humanos, y las sinergias que existen entre estos mundos. Me gusta pensar que con mi trabajo ayudo a las personas a mejorar su futuro laboral. Responsable de Contenidos y Estudios en Infoempleo.","sameAs":["https:\/\/www.linkedin.com\/in\/mayteguillen\/","https:\/\/x.com\/mayteguillen"],"url":"https:\/\/empresas.infoempleo.com\/hrtrends\/author\/mayte-guillen\/"}]}},"amp_enabled":true,"_links":{"self":[{"href":"https:\/\/empresas.infoempleo.com\/hrtrends\/wp-json\/wp\/v2\/posts\/46220","targetHints":{"allow":["GET"]}}],"collection":[{"href":"https:\/\/empresas.infoempleo.com\/hrtrends\/wp-json\/wp\/v2\/posts"}],"about":[{"href":"https:\/\/empresas.infoempleo.com\/hrtrends\/wp-json\/wp\/v2\/types\/post"}],"author":[{"embeddable":true,"href":"https:\/\/empresas.infoempleo.com\/hrtrends\/wp-json\/wp\/v2\/users\/27"}],"replies":[{"embeddable":true,"href":"https:\/\/empresas.infoempleo.com\/hrtrends\/wp-json\/wp\/v2\/comments?post=46220"}],"version-history":[{"count":6,"href":"https:\/\/empresas.infoempleo.com\/hrtrends\/wp-json\/wp\/v2\/posts\/46220\/revisions"}],"predecessor-version":[{"id":46226,"href":"https:\/\/empresas.infoempleo.com\/hrtrends\/wp-json\/wp\/v2\/posts\/46220\/revisions\/46226"}],"wp:featuredmedia":[{"embeddable":true,"href":"https:\/\/empresas.infoempleo.com\/hrtrends\/wp-json\/wp\/v2\/media\/46227"}],"wp:attachment":[{"href":"https:\/\/empresas.infoempleo.com\/hrtrends\/wp-json\/wp\/v2\/media?parent=46220"}],"wp:term":[{"taxonomy":"category","embeddable":true,"href":"https:\/\/empresas.infoempleo.com\/hrtrends\/wp-json\/wp\/v2\/categories?post=46220"},{"taxonomy":"post_tag","embeddable":true,"href":"https:\/\/empresas.infoempleo.com\/hrtrends\/wp-json\/wp\/v2\/tags?post=46220"}],"curies":[{"name":"wp","href":"https:\/\/api.w.org\/{rel}","templated":true}]}}