{"id":46163,"date":"2024-12-24T07:30:47","date_gmt":"2024-12-24T05:30:47","guid":{"rendered":"https:\/\/empresas.infoempleo.com\/hrtrends\/?p=46163"},"modified":"2024-12-10T17:39:52","modified_gmt":"2024-12-10T15:39:52","slug":"guia-completa-para-gestionar-los-gastos-deducibles-de-la-compania","status":"publish","type":"post","link":"https:\/\/empresas.infoempleo.com\/hrtrends\/guia-completa-para-gestionar-los-gastos-deducibles-de-la-compania\/","title":{"rendered":"Gu\u00eda completa para gestionar los gastos deducibles de la compa\u00f1\u00eda"},"content":{"rendered":"<p>Las <strong>sociedades mercantiles<\/strong> pueden obtener <strong>importantes deducciones fiscales<\/strong> si son rigurosas en su contabilidad de gastos, y en la aplicaci\u00f3n de la normativa tributaria existente. De hecho, podr\u00edan reducir su factura fiscal entre el 5% y el 10%. En este art\u00edculo hablaremos de cu\u00e1les son y de <strong>c\u00f3mo gestionar los gastos deducibles en las empresas<\/strong>. La optimizaci\u00f3n fiscal, por tanto, como f\u00f3rmula y estrategia esencial para mejorar la rentabilidad de cualquier empresa.<\/p>\n<h2>C\u00f3mo identificar y gestionar los gastos deducibles para la empresa<\/h2>\n<p>Como norma general, podemos incluir un <strong>gasto deducible<\/strong> con una sencilla operaci\u00f3n y restarlo de nuestro beneficio. Para ello, debemos <strong>contar con una factura<\/strong> de dicho gasto. Igualmente, debe haber sido incluido en nuestra contabilidad general.<\/p>\n<p>Y, por \u00faltimo, <strong>su imputaci\u00f3n debe estar recogida en la normativa fiscal vigente<\/strong>. El objetivo de las empresas, ya sean estas entidades jur\u00eddicas o personas f\u00edsicas, es tener la posibilidad de pagar menos en sus declaraciones de impuestos.<\/p>\n<p>Sin embargo, estos gastos empresariales deducibles implican un <strong>conocimiento riguroso de las normas fiscales<\/strong>, ya que cada uno de ellos debe imputarse de una forma diferente, si no queremos recibir una sanci\u00f3n por hacerlo de forma incorrecta.<\/p>\n<p>Estas situaciones de <strong>posible incumplimiento<\/strong> junto a la importante repercusi\u00f3n en la cuenta de resultados de una gesti\u00f3n fiscal rigurosa y coherente, hacen que cobre enorme relevancia el departamento, el equipo o la persona que se encarga de esta tarea.<\/p>\n<p>Algunos de los <strong>gastos deducibles m\u00e1s conocidos<\/strong> son los siguientes:<\/p>\n<ul>\n<li><strong>Gastos de explotaci\u00f3n<\/strong>: Son las adquisiciones de mercanc\u00edas o materias primas que hemos efectuado a trav\u00e9s de terceros, para llevar a cabo nuestra actividad. Por ejemplo: los zapatos de la nueva temporada, si nuestro negocio es una zapater\u00eda.<\/li>\n<li><strong>Gastos de personal<\/strong>: Son las <a href=\"https:\/\/empresas.infoempleo.com\/hrtrends\/7-ventajas-de-digitalizar-las-nominas-de-los-trabajadores-en-tu-empresa\/\" target=\"_blank\" rel=\"noopener\"><strong>n\u00f3minas<\/strong><\/a>, las pagas extraordinarias, las dietas o los <a href=\"https:\/\/empresas.infoempleo.com\/hrtrends\/retribucion-flexible-que-valoran-mas-los-empleados\/\" target=\"_blank\" rel=\"noopener\"><strong>pagos que se realizan en especie<\/strong>.<\/a><\/li>\n<li><strong>Gastos de alquiler y otros c\u00e1nones similares<\/strong>: Como por ejemplo el renting, que ofrece deducciones de hasta el 100% de la cuota.<\/li>\n<li><strong>Gastos de servicios<\/strong>: Aquellos que tienen que ver con las facturas que nos emiten profesionales de otros sectores con los que hemos tenido una relaci\u00f3n profesional: electricistas, abogados, notarios, etc.<\/li>\n<li><strong>Gastos financieros<\/strong>: Lo que nos suele cobrar el banco por diferentes operaciones como intereses, amortizaciones, letras, etc.<\/li>\n<li><strong>Impuestos y tributos de hacienda local<\/strong>: Como el IBI o el IAE, entre otros.<\/li>\n<\/ul>\n<h2>Claves sencillas para una correcta gesti\u00f3n contable en la empresa<\/h2>\n<p>No obstante, existe otros muchos <strong>gastos deducibles fiscalmente que la empresa debe controlar<\/strong> y saber gestionar. Gastos personales deducibles y uno de los m\u00e1s importantes, el impuesto indirecto m\u00e1s influyente en nuestro pa\u00eds: <strong>el impuesto del IVA<\/strong>. Las empresas deben presentar una liquidaci\u00f3n, como resultado de la diferencia entre el IVA soportado (compras, gastos) y el IVA repercutido (facturas emitidas).<\/p>\n<p>Pero, como se\u00f1al\u00e1bamos anteriormente, <strong>las estrategias de reducci\u00f3n de impuestos<\/strong> pasan por tener un buen registro de los gastos, as\u00ed como por una correcta planificaci\u00f3n de deducciones. Esto facilitar\u00e1 poder acceder a importantes descuentos y redundar\u00e1, sin ninguna duda, en la rentabilidad de la cuenta de resultados.<\/p>\n<p>Algunas de las <strong>claves que deben tenerse en cuenta<\/strong> para una correcta gesti\u00f3n de estos gastos deducibles, son las siguientes:<\/p>\n<ol>\n<li><strong>Tener documentaci\u00f3n f\u00edsica de dichos gastos<\/strong>: como facturas o tickets.<\/li>\n<li><strong>Conocer las restricciones y limitaciones<\/strong> existentes en la norma: ya que cada deducci\u00f3n se gestiona de forma diferente.<\/li>\n<li><strong>Cumplir con los plazos de devengo <\/strong>del impuesto correspondiente: para evitar sanciones o recargos por demora.<\/li>\n<li><strong>Llevar una contabilidad actualizada<\/strong>: ordenada, coherente y que refleje todos los gastos, sean estos deducibles o no.<\/li>\n<li><strong>Dise\u00f1ar una auditor\u00eda de gastos interna<\/strong>: que permite evitar errores y mejorar la gesti\u00f3n de estos procesos.<\/li>\n<\/ol>\n","protected":false},"excerpt":{"rendered":"<p>Las sociedades mercantiles pueden obtener importantes deducciones fiscales si son rigurosas en su contabilidad de gastos, y en<a class=\"moretag\" href=\"https:\/\/empresas.infoempleo.com\/hrtrends\/guia-completa-para-gestionar-los-gastos-deducibles-de-la-compania\/\"> Leer m\u00e1s<\/a><\/p>\n","protected":false},"author":142,"featured_media":46165,"comment_status":"closed","ping_status":"closed","sticky":false,"template":"","format":"standard","meta":{"footnotes":""},"categories":[3035],"tags":[3725,3726,3727],"class_list":["post-46163","post","type-post","status-publish","format-standard","has-post-thumbnail","hentry","category-consejos","tag-gastos-deducibles","tag-gestion-contable","tag-iva-empresas"],"yoast_head":"<!-- This site is optimized with the Yoast SEO plugin v26.1.1 - https:\/\/yoast.com\/wordpress\/plugins\/seo\/ -->\n<title>Gu\u00eda completa para gestionar los gastos deducibles de la compa\u00f1\u00eda - HRTRENDS<\/title>\n<meta name=\"description\" content=\"Te contamos c\u00f3mo identificar y gestionar los gastos deducibles fiscalmente para la empresa. Y las claves para una correcta gesti\u00f3n contable.\" \/>\n<meta name=\"robots\" content=\"index, follow, max-snippet:-1, max-image-preview:large, max-video-preview:-1\" \/>\n<link rel=\"canonical\" href=\"https:\/\/empresas.infoempleo.com\/hrtrends\/guia-completa-para-gestionar-los-gastos-deducibles-de-la-compania\/\" \/>\n<meta property=\"og:locale\" content=\"es_ES\" \/>\n<meta property=\"og:type\" content=\"article\" \/>\n<meta property=\"og:title\" content=\"Gu\u00eda completa para gestionar los gastos deducibles de la compa\u00f1\u00eda - HRTRENDS\" \/>\n<meta property=\"og:description\" content=\"Te contamos c\u00f3mo identificar y gestionar los gastos deducibles fiscalmente para la empresa. Y las claves para una correcta gesti\u00f3n contable.\" \/>\n<meta property=\"og:url\" content=\"https:\/\/empresas.infoempleo.com\/hrtrends\/guia-completa-para-gestionar-los-gastos-deducibles-de-la-compania\/\" \/>\n<meta property=\"og:site_name\" content=\"HRTRENDS\" \/>\n<meta property=\"article:publisher\" content=\"https:\/\/www.facebook.com\/Infoempleo\" \/>\n<meta property=\"article:published_time\" content=\"2024-12-24T05:30:47+00:00\" \/>\n<meta property=\"og:image\" content=\"https:\/\/empresas.infoempleo.com\/hrtrends\/media\/2024\/12\/Contable-que-se-dispone-a-gestionar-los-gastos-deducibles.jpg\" \/>\n\t<meta property=\"og:image:width\" content=\"1200\" \/>\n\t<meta property=\"og:image:height\" content=\"802\" \/>\n\t<meta property=\"og:image:type\" content=\"image\/jpeg\" \/>\n<meta name=\"author\" content=\"Javier F. Parra\" \/>\n<meta name=\"twitter:card\" content=\"summary_large_image\" \/>\n<meta name=\"twitter:creator\" content=\"@infoempleo\" \/>\n<meta name=\"twitter:site\" content=\"@infoempleo\" \/>\n<meta name=\"twitter:label1\" content=\"Escrito por\" \/>\n\t<meta name=\"twitter:data1\" content=\"Javier F. Parra\" \/>\n\t<meta name=\"twitter:label2\" content=\"Tiempo de lectura\" \/>\n\t<meta name=\"twitter:data2\" content=\"3 minutos\" \/>\n<script type=\"application\/ld+json\" class=\"yoast-schema-graph\">{\"@context\":\"https:\/\/schema.org\",\"@graph\":[{\"@type\":\"NewsArticle\",\"@id\":\"https:\/\/empresas.infoempleo.com\/hrtrends\/guia-completa-para-gestionar-los-gastos-deducibles-de-la-compania\/#article\",\"isPartOf\":{\"@id\":\"https:\/\/empresas.infoempleo.com\/hrtrends\/guia-completa-para-gestionar-los-gastos-deducibles-de-la-compania\/\"},\"author\":{\"name\":\"Javier F. Parra\",\"@id\":\"https:\/\/empresas.infoempleo.com\/hrtrends\/#\/schema\/person\/bfe2fef977b750c22ac6f7d254c75afe\"},\"headline\":\"Gu\u00eda completa para gestionar los gastos deducibles de la compa\u00f1\u00eda\",\"datePublished\":\"2024-12-24T05:30:47+00:00\",\"mainEntityOfPage\":{\"@id\":\"https:\/\/empresas.infoempleo.com\/hrtrends\/guia-completa-para-gestionar-los-gastos-deducibles-de-la-compania\/\"},\"wordCount\":646,\"publisher\":{\"@id\":\"https:\/\/empresas.infoempleo.com\/hrtrends\/#organization\"},\"image\":{\"@id\":\"https:\/\/empresas.infoempleo.com\/hrtrends\/guia-completa-para-gestionar-los-gastos-deducibles-de-la-compania\/#primaryimage\"},\"thumbnailUrl\":\"https:\/\/empresas.infoempleo.com\/hrtrends\/media\/2024\/12\/Contable-que-se-dispone-a-gestionar-los-gastos-deducibles.jpg\",\"keywords\":[\"gastos deducibles\",\"gesti\u00f3n contable\",\"IVA empresas\"],\"articleSection\":[\"Consejos\"],\"inLanguage\":\"es\",\"copyrightYear\":\"2024\",\"copyrightHolder\":{\"@id\":\"https:\/\/empresas.infoempleo.com\/hrtrends\/#organization\"}},{\"@type\":\"WebPage\",\"@id\":\"https:\/\/empresas.infoempleo.com\/hrtrends\/guia-completa-para-gestionar-los-gastos-deducibles-de-la-compania\/\",\"url\":\"https:\/\/empresas.infoempleo.com\/hrtrends\/guia-completa-para-gestionar-los-gastos-deducibles-de-la-compania\/\",\"name\":\"Gu\u00eda completa para gestionar los gastos deducibles de la compa\u00f1\u00eda - HRTRENDS\",\"isPartOf\":{\"@id\":\"https:\/\/empresas.infoempleo.com\/hrtrends\/#website\"},\"primaryImageOfPage\":{\"@id\":\"https:\/\/empresas.infoempleo.com\/hrtrends\/guia-completa-para-gestionar-los-gastos-deducibles-de-la-compania\/#primaryimage\"},\"image\":{\"@id\":\"https:\/\/empresas.infoempleo.com\/hrtrends\/guia-completa-para-gestionar-los-gastos-deducibles-de-la-compania\/#primaryimage\"},\"thumbnailUrl\":\"https:\/\/empresas.infoempleo.com\/hrtrends\/media\/2024\/12\/Contable-que-se-dispone-a-gestionar-los-gastos-deducibles.jpg\",\"datePublished\":\"2024-12-24T05:30:47+00:00\",\"description\":\"Te contamos c\u00f3mo identificar y gestionar los gastos deducibles fiscalmente para la empresa. Y las claves para una correcta gesti\u00f3n contable.\",\"breadcrumb\":{\"@id\":\"https:\/\/empresas.infoempleo.com\/hrtrends\/guia-completa-para-gestionar-los-gastos-deducibles-de-la-compania\/#breadcrumb\"},\"inLanguage\":\"es\",\"potentialAction\":[{\"@type\":\"ReadAction\",\"target\":[\"https:\/\/empresas.infoempleo.com\/hrtrends\/guia-completa-para-gestionar-los-gastos-deducibles-de-la-compania\/\"]}]},{\"@type\":\"ImageObject\",\"inLanguage\":\"es\",\"@id\":\"https:\/\/empresas.infoempleo.com\/hrtrends\/guia-completa-para-gestionar-los-gastos-deducibles-de-la-compania\/#primaryimage\",\"url\":\"https:\/\/empresas.infoempleo.com\/hrtrends\/media\/2024\/12\/Contable-que-se-dispone-a-gestionar-los-gastos-deducibles-150x150.jpg\",\"contentUrl\":\"https:\/\/empresas.infoempleo.com\/hrtrends\/media\/2024\/12\/Contable-que-se-dispone-a-gestionar-los-gastos-deducibles-150x150.jpg\",\"width\":150,\"height\":150,\"caption\":\"Contable que se dispone a gestionar los gastos deducibles de la compa\u00f1\u00eda\"},{\"@type\":\"BreadcrumbList\",\"@id\":\"https:\/\/empresas.infoempleo.com\/hrtrends\/guia-completa-para-gestionar-los-gastos-deducibles-de-la-compania\/#breadcrumb\",\"itemListElement\":[{\"@type\":\"ListItem\",\"position\":1,\"name\":\"Portada\",\"item\":\"https:\/\/empresas.infoempleo.com\/hrtrends\/\"},{\"@type\":\"ListItem\",\"position\":2,\"name\":\"Gu\u00eda completa para gestionar los gastos deducibles de la compa\u00f1\u00eda\"}]},{\"@type\":\"WebSite\",\"@id\":\"https:\/\/empresas.infoempleo.com\/hrtrends\/#website\",\"url\":\"https:\/\/empresas.infoempleo.com\/hrtrends\",\"name\":\"HRTrends by Infoempleo\",\"description\":\"\",\"publisher\":{\"@id\":\"https:\/\/empresas.infoempleo.com\/hrtrends\/#organization\"},\"potentialAction\":{\"@type\":\"SearchAction\",\"target\":\"https:\/\/empresas.infoempleo.com\/hrtrends\/?s={search_term_string}\",\"query-input\":\"required name=search_term_string\"},\"inLanguage\":\"es\"},{\"@type\":\"Organization\",\"@id\":\"https:\/\/empresas.infoempleo.com\/hrtrends\/#organization\",\"name\":\"Infoempleo\",\"url\":\"https:\/\/www.infoempleo.com\/\",\"logo\":{\"@type\":\"ImageObject\",\"@id\":\"https:\/\/empresas.infoempleo.com\/hrtrends\/#logo\",\"inLanguage\":\"es\",\"url\":\"https:\/\/cdnazure.infoempleo.com\/infoempleo\/assets\/style\/gfx\/logo.svg\",\"contentUrl\":\"https:\/\/cdnazure.infoempleo.com\/infoempleo\/assets\/style\/gfx\/logo.svg\",\"width\":150,\"height\":40,\"caption\":\"Infoempleo\"},\"image\":{\"@id\":\"https:\/\/empresas.infoempleo.com\/hrtrends\/#logo\"},\"sameAs\":[\"https:\/\/www.facebook.com\/Infoempleo\",\"https:\/\/x.com\/infoempleo\",\"http:\/\/instagram.com\/infoempleo\/\",\"http:\/\/www.linkedin.com\/groups\/Empleo-Espa\u00f1a-Infoempleocom-111276\",\"http:\/\/pinterest.com\/infoempleo\/\"],\"address\":{\"@type\":\"PostalAddress\",\"addressLocality\":\"Madrid\",\"postalCode\":\"28050\",\"streetAddress\":\"Avenida de Burgos 114\"},\"brand\":[\"Infoempleo\"]},{\"@type\":\"Person\",\"@id\":\"https:\/\/empresas.infoempleo.com\/hrtrends\/#\/schema\/person\/bfe2fef977b750c22ac6f7d254c75afe\",\"name\":\"Javier F. Parra\",\"image\":{\"@type\":\"ImageObject\",\"inLanguage\":\"es\",\"@id\":\"https:\/\/empresas.infoempleo.com\/hrtrends\/#\/schema\/person\/image\/\",\"url\":\"https:\/\/secure.gravatar.com\/avatar\/cc7a816c43a98631bfc25486db802fb539f4c937146762f45a94d9b4d1ea0721?s=96&d=mm&r=g\",\"contentUrl\":\"https:\/\/secure.gravatar.com\/avatar\/cc7a816c43a98631bfc25486db802fb539f4c937146762f45a94d9b4d1ea0721?s=96&d=mm&r=g\",\"caption\":\"Javier F. Parra\"},\"description\":\"Licenciado en Pedagog\u00eda Sociolaboral. M\u00e1ster en Direcci\u00f3n y Gesti\u00f3n de Recursos Humanos y Postgrado en Prevenci\u00f3n de Riesgos Laborales. Desde hace m\u00e1s de 15 a\u00f1os me dedico a la formaci\u00f3n, la asesor\u00eda de empresas y al apoyo directo a personas que quieren emprender un negocio. Me interesan la pol\u00edtica, la literatura, la Historia y las personas, aunque no necesariamente en ese orden.\",\"url\":\"https:\/\/empresas.infoempleo.com\/hrtrends\/author\/javieryerro80gmail-com\/\"}]}<\/script>\n<!-- \/ Yoast SEO plugin. -->","yoast_head_json":{"title":"Gu\u00eda completa para gestionar los gastos deducibles de la compa\u00f1\u00eda - HRTRENDS","description":"Te contamos c\u00f3mo identificar y gestionar los gastos deducibles fiscalmente para la empresa. Y las claves para una correcta gesti\u00f3n contable.","robots":{"index":"index","follow":"follow","max-snippet":"max-snippet:-1","max-image-preview":"max-image-preview:large","max-video-preview":"max-video-preview:-1"},"canonical":"https:\/\/empresas.infoempleo.com\/hrtrends\/guia-completa-para-gestionar-los-gastos-deducibles-de-la-compania\/","og_locale":"es_ES","og_type":"article","og_title":"Gu\u00eda completa para gestionar los gastos deducibles de la compa\u00f1\u00eda - HRTRENDS","og_description":"Te contamos c\u00f3mo identificar y gestionar los gastos deducibles fiscalmente para la empresa. Y las claves para una correcta gesti\u00f3n contable.","og_url":"https:\/\/empresas.infoempleo.com\/hrtrends\/guia-completa-para-gestionar-los-gastos-deducibles-de-la-compania\/","og_site_name":"HRTRENDS","article_publisher":"https:\/\/www.facebook.com\/Infoempleo","article_published_time":"2024-12-24T05:30:47+00:00","og_image":[{"width":1200,"height":802,"url":"https:\/\/empresas.infoempleo.com\/hrtrends\/media\/2024\/12\/Contable-que-se-dispone-a-gestionar-los-gastos-deducibles.jpg","type":"image\/jpeg"}],"author":"Javier F. Parra","twitter_card":"summary_large_image","twitter_creator":"@infoempleo","twitter_site":"@infoempleo","twitter_misc":{"Escrito por":"Javier F. Parra","Tiempo de lectura":"3 minutos"},"schema":{"@context":"https:\/\/schema.org","@graph":[{"@type":"NewsArticle","@id":"https:\/\/empresas.infoempleo.com\/hrtrends\/guia-completa-para-gestionar-los-gastos-deducibles-de-la-compania\/#article","isPartOf":{"@id":"https:\/\/empresas.infoempleo.com\/hrtrends\/guia-completa-para-gestionar-los-gastos-deducibles-de-la-compania\/"},"author":{"name":"Javier F. Parra","@id":"https:\/\/empresas.infoempleo.com\/hrtrends\/#\/schema\/person\/bfe2fef977b750c22ac6f7d254c75afe"},"headline":"Gu\u00eda completa para gestionar los gastos deducibles de la compa\u00f1\u00eda","datePublished":"2024-12-24T05:30:47+00:00","mainEntityOfPage":{"@id":"https:\/\/empresas.infoempleo.com\/hrtrends\/guia-completa-para-gestionar-los-gastos-deducibles-de-la-compania\/"},"wordCount":646,"publisher":{"@id":"https:\/\/empresas.infoempleo.com\/hrtrends\/#organization"},"image":{"@id":"https:\/\/empresas.infoempleo.com\/hrtrends\/guia-completa-para-gestionar-los-gastos-deducibles-de-la-compania\/#primaryimage"},"thumbnailUrl":"https:\/\/empresas.infoempleo.com\/hrtrends\/media\/2024\/12\/Contable-que-se-dispone-a-gestionar-los-gastos-deducibles.jpg","keywords":["gastos deducibles","gesti\u00f3n contable","IVA empresas"],"articleSection":["Consejos"],"inLanguage":"es","copyrightYear":"2024","copyrightHolder":{"@id":"https:\/\/empresas.infoempleo.com\/hrtrends\/#organization"}},{"@type":"WebPage","@id":"https:\/\/empresas.infoempleo.com\/hrtrends\/guia-completa-para-gestionar-los-gastos-deducibles-de-la-compania\/","url":"https:\/\/empresas.infoempleo.com\/hrtrends\/guia-completa-para-gestionar-los-gastos-deducibles-de-la-compania\/","name":"Gu\u00eda completa para gestionar los gastos deducibles de la compa\u00f1\u00eda - HRTRENDS","isPartOf":{"@id":"https:\/\/empresas.infoempleo.com\/hrtrends\/#website"},"primaryImageOfPage":{"@id":"https:\/\/empresas.infoempleo.com\/hrtrends\/guia-completa-para-gestionar-los-gastos-deducibles-de-la-compania\/#primaryimage"},"image":{"@id":"https:\/\/empresas.infoempleo.com\/hrtrends\/guia-completa-para-gestionar-los-gastos-deducibles-de-la-compania\/#primaryimage"},"thumbnailUrl":"https:\/\/empresas.infoempleo.com\/hrtrends\/media\/2024\/12\/Contable-que-se-dispone-a-gestionar-los-gastos-deducibles.jpg","datePublished":"2024-12-24T05:30:47+00:00","description":"Te contamos c\u00f3mo identificar y gestionar los gastos deducibles fiscalmente para la empresa. Y las claves para una correcta gesti\u00f3n contable.","breadcrumb":{"@id":"https:\/\/empresas.infoempleo.com\/hrtrends\/guia-completa-para-gestionar-los-gastos-deducibles-de-la-compania\/#breadcrumb"},"inLanguage":"es","potentialAction":[{"@type":"ReadAction","target":["https:\/\/empresas.infoempleo.com\/hrtrends\/guia-completa-para-gestionar-los-gastos-deducibles-de-la-compania\/"]}]},{"@type":"ImageObject","inLanguage":"es","@id":"https:\/\/empresas.infoempleo.com\/hrtrends\/guia-completa-para-gestionar-los-gastos-deducibles-de-la-compania\/#primaryimage","url":"https:\/\/empresas.infoempleo.com\/hrtrends\/media\/2024\/12\/Contable-que-se-dispone-a-gestionar-los-gastos-deducibles-150x150.jpg","contentUrl":"https:\/\/empresas.infoempleo.com\/hrtrends\/media\/2024\/12\/Contable-que-se-dispone-a-gestionar-los-gastos-deducibles-150x150.jpg","width":150,"height":150,"caption":"Contable que se dispone a gestionar los gastos deducibles de la compa\u00f1\u00eda"},{"@type":"BreadcrumbList","@id":"https:\/\/empresas.infoempleo.com\/hrtrends\/guia-completa-para-gestionar-los-gastos-deducibles-de-la-compania\/#breadcrumb","itemListElement":[{"@type":"ListItem","position":1,"name":"Portada","item":"https:\/\/empresas.infoempleo.com\/hrtrends\/"},{"@type":"ListItem","position":2,"name":"Gu\u00eda completa para gestionar los gastos deducibles de la compa\u00f1\u00eda"}]},{"@type":"WebSite","@id":"https:\/\/empresas.infoempleo.com\/hrtrends\/#website","url":"https:\/\/empresas.infoempleo.com\/hrtrends","name":"HRTrends by Infoempleo","description":"","publisher":{"@id":"https:\/\/empresas.infoempleo.com\/hrtrends\/#organization"},"potentialAction":{"@type":"SearchAction","target":"https:\/\/empresas.infoempleo.com\/hrtrends\/?s={search_term_string}","query-input":"required name=search_term_string"},"inLanguage":"es"},{"@type":"Organization","@id":"https:\/\/empresas.infoempleo.com\/hrtrends\/#organization","name":"Infoempleo","url":"https:\/\/www.infoempleo.com\/","logo":{"@type":"ImageObject","@id":"https:\/\/empresas.infoempleo.com\/hrtrends\/#logo","inLanguage":"es","url":"https:\/\/cdnazure.infoempleo.com\/infoempleo\/assets\/style\/gfx\/logo.svg","contentUrl":"https:\/\/cdnazure.infoempleo.com\/infoempleo\/assets\/style\/gfx\/logo.svg","width":150,"height":40,"caption":"Infoempleo"},"image":{"@id":"https:\/\/empresas.infoempleo.com\/hrtrends\/#logo"},"sameAs":["https:\/\/www.facebook.com\/Infoempleo","https:\/\/x.com\/infoempleo","http:\/\/instagram.com\/infoempleo\/","http:\/\/www.linkedin.com\/groups\/Empleo-Espa\u00f1a-Infoempleocom-111276","http:\/\/pinterest.com\/infoempleo\/"],"address":{"@type":"PostalAddress","addressLocality":"Madrid","postalCode":"28050","streetAddress":"Avenida de Burgos 114"},"brand":["Infoempleo"]},{"@type":"Person","@id":"https:\/\/empresas.infoempleo.com\/hrtrends\/#\/schema\/person\/bfe2fef977b750c22ac6f7d254c75afe","name":"Javier F. Parra","image":{"@type":"ImageObject","inLanguage":"es","@id":"https:\/\/empresas.infoempleo.com\/hrtrends\/#\/schema\/person\/image\/","url":"https:\/\/secure.gravatar.com\/avatar\/cc7a816c43a98631bfc25486db802fb539f4c937146762f45a94d9b4d1ea0721?s=96&d=mm&r=g","contentUrl":"https:\/\/secure.gravatar.com\/avatar\/cc7a816c43a98631bfc25486db802fb539f4c937146762f45a94d9b4d1ea0721?s=96&d=mm&r=g","caption":"Javier F. Parra"},"description":"Licenciado en Pedagog\u00eda Sociolaboral. M\u00e1ster en Direcci\u00f3n y Gesti\u00f3n de Recursos Humanos y Postgrado en Prevenci\u00f3n de Riesgos Laborales. Desde hace m\u00e1s de 15 a\u00f1os me dedico a la formaci\u00f3n, la asesor\u00eda de empresas y al apoyo directo a personas que quieren emprender un negocio. Me interesan la pol\u00edtica, la literatura, la Historia y las personas, aunque no necesariamente en ese orden.","url":"https:\/\/empresas.infoempleo.com\/hrtrends\/author\/javieryerro80gmail-com\/"}]}},"amp_enabled":true,"_links":{"self":[{"href":"https:\/\/empresas.infoempleo.com\/hrtrends\/wp-json\/wp\/v2\/posts\/46163","targetHints":{"allow":["GET"]}}],"collection":[{"href":"https:\/\/empresas.infoempleo.com\/hrtrends\/wp-json\/wp\/v2\/posts"}],"about":[{"href":"https:\/\/empresas.infoempleo.com\/hrtrends\/wp-json\/wp\/v2\/types\/post"}],"author":[{"embeddable":true,"href":"https:\/\/empresas.infoempleo.com\/hrtrends\/wp-json\/wp\/v2\/users\/142"}],"replies":[{"embeddable":true,"href":"https:\/\/empresas.infoempleo.com\/hrtrends\/wp-json\/wp\/v2\/comments?post=46163"}],"version-history":[{"count":3,"href":"https:\/\/empresas.infoempleo.com\/hrtrends\/wp-json\/wp\/v2\/posts\/46163\/revisions"}],"predecessor-version":[{"id":46167,"href":"https:\/\/empresas.infoempleo.com\/hrtrends\/wp-json\/wp\/v2\/posts\/46163\/revisions\/46167"}],"wp:featuredmedia":[{"embeddable":true,"href":"https:\/\/empresas.infoempleo.com\/hrtrends\/wp-json\/wp\/v2\/media\/46165"}],"wp:attachment":[{"href":"https:\/\/empresas.infoempleo.com\/hrtrends\/wp-json\/wp\/v2\/media?parent=46163"}],"wp:term":[{"taxonomy":"category","embeddable":true,"href":"https:\/\/empresas.infoempleo.com\/hrtrends\/wp-json\/wp\/v2\/categories?post=46163"},{"taxonomy":"post_tag","embeddable":true,"href":"https:\/\/empresas.infoempleo.com\/hrtrends\/wp-json\/wp\/v2\/tags?post=46163"}],"curies":[{"name":"wp","href":"https:\/\/api.w.org\/{rel}","templated":true}]}}