{"id":46072,"date":"2024-12-19T07:30:09","date_gmt":"2024-12-19T05:30:09","guid":{"rendered":"https:\/\/empresas.infoempleo.com\/hrtrends\/?p=46072"},"modified":"2025-01-07T15:00:23","modified_gmt":"2025-01-07T13:00:23","slug":"navidad-en-la-oficina-estrategias-para-una-celebracion-inclusiva","status":"publish","type":"post","link":"https:\/\/empresas.infoempleo.com\/hrtrends\/navidad-en-la-oficina-estrategias-para-una-celebracion-inclusiva\/","title":{"rendered":"Navidad en la oficina: estrategias para una celebraci\u00f3n inclusiva"},"content":{"rendered":"<p>La llegada de la Navidad a la oficina conlleva tambi\u00e9n el reto de <b>conseguir organizar una celebraci\u00f3n inclusiva. <\/b>Es uno de esos momentos en los que una organizaci\u00f3n tiene la oportunidad de poner a prueba la solidez de su cultura organizacional. En realidad, no es una tarea tan complicada. Teniendo en cuenta estos consejos, ser\u00e1 una ocasi\u00f3n perfecta para que todas las personas que integran la organizaci\u00f3n se sientan parte del equipo.<\/p>\n<h2 class=\"western\">La necesidad de una celebraci\u00f3n inclusiva desde la cultura organizacional<\/h2>\n<p><span style=\"color: #0563c1;\"><b><a class=\"western\" href=\"https:\/\/empresas.infoempleo.com\/hrtrends\/fomentar-el-crecimiento-inclusivo-en-la-empresa\/\" target=\"_blank\" rel=\"noopener\">Inclusi\u00f3n<\/a><\/b><\/span> es una palabra que habr\u00e1s escuchado mucho \u00faltimamente. Y seguramente todo el mundo cree que sabe qu\u00e9 significa en realidad. Hasta el momento en que <b>deja de ser una palabra y se nos pone a prueba<\/b>.<\/p>\n<p>La inclusi\u00f3n es una <b>necesidad nacida de la diversidad<\/b>, no un valor en s\u00ed mismo. Porque una organizaci\u00f3n que desea tener el m\u00e1ximo de oportunidades de contar con los mejores talentos para sus necesidades no se deja frenar por los <b>sesgos en el reclutamiento<\/b>.<\/p>\n<p>De ello se derivar\u00e1, necesariamente, una <b>plantilla que ser\u00e1 diversa<\/b>. Porque el talento y la experiencia habr\u00e1n sido los \u00fanicos criterios para ocupar un puesto ofertado.<\/p>\n<p>La <b>planificaci\u00f3n de eventos inclusivos<\/b> como la fiesta de navidad en la empresa es, por lo tanto, algo que surgir\u00e1 como consecuencia de la cultura organizacional. Y qu\u00e9 mejor ocasi\u00f3n que la navidad para ahondar en eso que ahora llamamos <b>team building<\/b>.<\/p>\n<h2 class=\"western\">La inclusi\u00f3n como compromiso<\/h2>\n<p>Crear una <b>cultura inclusiva en el trabajo<\/b> es, como se ha visto, una consecuencia l\u00f3gica de una pol\u00edtica de reclutamiento enfocada a la captaci\u00f3n del talento. Eso significa, entre otras muchas cosas, que las experiencias que deber\u00e1 compartir la organizaci\u00f3n deber\u00e1n estar basadas en el <b>respeto a la diversidad cultural<\/b>.<\/p>\n<p>La Navidad es una festividad de origen cristiano y el nuestro es un pa\u00eds de cultura mayoritariamente cristiana. Por lo tanto, es importante crear un entorno en el que las personas que pertenecen a nuestra organizaci\u00f3n y proceden de otras culturas y sensibilidades no se sientan ajenas.<\/p>\n<p>Llegados a este momento, es importante<strong> conocer a las<\/strong> <b>personas que componen la plantilla<\/b>, lo que incluye su nacionalidad de origen, su religi\u00f3n, su cultura y sus costumbres. Y el prop\u00f3sito de esta fiesta es que todas las personas se sientan incluidas y disfruten.<\/p>\n<p>Recuerda que el bienestar de las personas influye de forma directa y determinante en su <b>compromiso con la labor que realizan<\/b>. Una persona que se siente excluida o ignorada nunca se sentir\u00e1 del todo parte de un equipo.<\/p>\n<h2 class=\"western\">Algunas ideas para tener en cuenta en una celebraci\u00f3n inclusiva<\/h2>\n<p>Como orientaci\u00f3n, aqu\u00ed tienes algunos <strong>puntos que debes tener en cuenta a la hora de planificar una celebraci\u00f3n <\/strong>inclusiva en Navidad.<\/p>\n<p>\u2022 Hablando en plata: esto es Espa\u00f1a, es una fiesta y la mayor parte de la gente se va a apuntar. Por lo tanto, procura que sea la fiesta de todos, no \u201cla fiesta a la que los otros est\u00e1n invitados\u201d.<\/p>\n<p>\u2022 Si pretendes que tu fiesta de Navidad sea respetuosa con la diversidad de tu empresa debes tener en cuenta un hecho muy sencillo: <b>hay personas que no celebran la Navidad<\/b>, incluso aunque sean de religi\u00f3n cristiana. Por lo tanto, debe ser un evento voluntario. Para muchas personas, se trata de un momento familiar y privado y debes respetarlo.<\/p>\n<p>En relaci\u00f3n con lo anterior, piensa que la Navidad <strong>puede solaparse con otras festividades religiosas<\/strong>, como la Hanukkah jud\u00eda.<\/p>\n<p>\u2022 Ten en cuenta que algunos empleados pueden proceder de otras culturas, independientemente de su religi\u00f3n, y pueden tener <b>restricciones alimentarias<\/b>. No lo tomes como un fastidio: vivimos en una cultura mediterr\u00e1nea que presume \u00a1con raz\u00f3n! de su dieta diversa, y con seguridad puedes sustituir al maestro jamonero y la pata de Jabugo por otras opciones. No es una fiesta si no es para todos. Inf\u00f3rmate y descubre.<\/p>\n<p>\u2022 No pienses en la <strong>fiesta de Navidad de la empresa<\/strong> como las fiestas patronales de tu localidad, donde hay un programa inamovible. Plant\u00e9ate organizarla desde abajo a arriba, no como un plan cerrado, sino como una <b>oportunidad real de integraci\u00f3n<\/b>.<\/p>\n<p>En definitiva, escucha a las personas que trabajan contigo, y fomenta una <b>cultura integradora<\/b> entre las personas de diferentes sensibilidades que forman parte de tu organizaci\u00f3n. Saldr\u00e1 ganando el equipo.<\/p>\n","protected":false},"excerpt":{"rendered":"<p>La llegada de la Navidad a la oficina conlleva tambi\u00e9n el reto de conseguir organizar una celebraci\u00f3n inclusiva.<a class=\"moretag\" href=\"https:\/\/empresas.infoempleo.com\/hrtrends\/navidad-en-la-oficina-estrategias-para-una-celebracion-inclusiva\/\"> Leer m\u00e1s<\/a><\/p>\n","protected":false},"author":140,"featured_media":46080,"comment_status":"closed","ping_status":"closed","sticky":false,"template":"","format":"standard","meta":{"footnotes":""},"categories":[3],"tags":[3719,3720,3721],"class_list":["post-46072","post","type-post","status-publish","format-standard","has-post-thumbnail","hentry","category-actualidad","tag-celebraciones-inclusivas","tag-cultura-inclusiva","tag-fiestas-navidad"],"yoast_head":"<!-- This site is optimized with the Yoast SEO plugin v26.1.1 - https:\/\/yoast.com\/wordpress\/plugins\/seo\/ -->\n<title>Navidad en la oficina: estrategias para una celebraci\u00f3n inclusiva<\/title>\n<meta name=\"description\" content=\"La llegada de la Navidad a la oficina trae tambi\u00e9n el reto de conseguir una celebraci\u00f3n inclusiva, en la que todos se sientan parte del equipo\" \/>\n<meta name=\"robots\" content=\"index, follow, max-snippet:-1, max-image-preview:large, max-video-preview:-1\" \/>\n<link rel=\"canonical\" href=\"https:\/\/empresas.infoempleo.com\/hrtrends\/navidad-en-la-oficina-estrategias-para-una-celebracion-inclusiva\/\" \/>\n<meta property=\"og:locale\" content=\"es_ES\" \/>\n<meta property=\"og:type\" content=\"article\" \/>\n<meta property=\"og:title\" content=\"Navidad en la oficina: estrategias para una celebraci\u00f3n inclusiva\" \/>\n<meta property=\"og:description\" content=\"La llegada de la Navidad a la oficina trae tambi\u00e9n el reto de conseguir una celebraci\u00f3n inclusiva, en la que todos se sientan parte del equipo\" \/>\n<meta property=\"og:url\" content=\"https:\/\/empresas.infoempleo.com\/hrtrends\/navidad-en-la-oficina-estrategias-para-una-celebracion-inclusiva\/\" \/>\n<meta property=\"og:site_name\" content=\"HRTRENDS\" \/>\n<meta property=\"article:publisher\" content=\"https:\/\/www.facebook.com\/Infoempleo\" \/>\n<meta property=\"article:published_time\" content=\"2024-12-19T05:30:09+00:00\" \/>\n<meta property=\"article:modified_time\" content=\"2025-01-07T13:00:23+00:00\" \/>\n<meta property=\"og:image\" content=\"https:\/\/empresas.infoempleo.com\/hrtrends\/media\/2024\/12\/Celebracion-inclusiva-de-la-Navidad-en-la-oficina.jpg\" \/>\n\t<meta property=\"og:image:width\" content=\"1200\" \/>\n\t<meta property=\"og:image:height\" content=\"800\" \/>\n\t<meta property=\"og:image:type\" content=\"image\/jpeg\" \/>\n<meta name=\"author\" content=\"Mario Moreno\" \/>\n<meta name=\"twitter:card\" content=\"summary_large_image\" \/>\n<meta name=\"twitter:creator\" content=\"@infoempleo\" \/>\n<meta name=\"twitter:site\" content=\"@infoempleo\" \/>\n<meta name=\"twitter:label1\" content=\"Escrito por\" \/>\n\t<meta name=\"twitter:data1\" content=\"Mario Moreno\" \/>\n\t<meta name=\"twitter:label2\" content=\"Tiempo de lectura\" \/>\n\t<meta name=\"twitter:data2\" content=\"4 minutos\" \/>\n<script type=\"application\/ld+json\" class=\"yoast-schema-graph\">{\"@context\":\"https:\/\/schema.org\",\"@graph\":[{\"@type\":\"NewsArticle\",\"@id\":\"https:\/\/empresas.infoempleo.com\/hrtrends\/navidad-en-la-oficina-estrategias-para-una-celebracion-inclusiva\/#article\",\"isPartOf\":{\"@id\":\"https:\/\/empresas.infoempleo.com\/hrtrends\/navidad-en-la-oficina-estrategias-para-una-celebracion-inclusiva\/\"},\"author\":{\"name\":\"Mario Moreno\",\"@id\":\"https:\/\/empresas.infoempleo.com\/hrtrends\/#\/schema\/person\/88b42392bdc432205cbf92369d8a60cd\"},\"headline\":\"Navidad en la oficina: estrategias para una celebraci\u00f3n inclusiva\",\"datePublished\":\"2024-12-19T05:30:09+00:00\",\"dateModified\":\"2025-01-07T13:00:23+00:00\",\"mainEntityOfPage\":{\"@id\":\"https:\/\/empresas.infoempleo.com\/hrtrends\/navidad-en-la-oficina-estrategias-para-una-celebracion-inclusiva\/\"},\"wordCount\":748,\"publisher\":{\"@id\":\"https:\/\/empresas.infoempleo.com\/hrtrends\/#organization\"},\"image\":{\"@id\":\"https:\/\/empresas.infoempleo.com\/hrtrends\/navidad-en-la-oficina-estrategias-para-una-celebracion-inclusiva\/#primaryimage\"},\"thumbnailUrl\":\"https:\/\/empresas.infoempleo.com\/hrtrends\/media\/2024\/12\/Celebracion-inclusiva-de-la-Navidad-en-la-oficina.jpg\",\"keywords\":[\"celebraciones inclusivas\",\"cultura inclusiva\",\"fiestas Navidad\"],\"articleSection\":[\"Actualidad\"],\"inLanguage\":\"es\",\"copyrightYear\":\"2024\",\"copyrightHolder\":{\"@id\":\"https:\/\/empresas.infoempleo.com\/hrtrends\/#organization\"}},{\"@type\":\"WebPage\",\"@id\":\"https:\/\/empresas.infoempleo.com\/hrtrends\/navidad-en-la-oficina-estrategias-para-una-celebracion-inclusiva\/\",\"url\":\"https:\/\/empresas.infoempleo.com\/hrtrends\/navidad-en-la-oficina-estrategias-para-una-celebracion-inclusiva\/\",\"name\":\"Navidad en la oficina: estrategias para una celebraci\u00f3n inclusiva\",\"isPartOf\":{\"@id\":\"https:\/\/empresas.infoempleo.com\/hrtrends\/#website\"},\"primaryImageOfPage\":{\"@id\":\"https:\/\/empresas.infoempleo.com\/hrtrends\/navidad-en-la-oficina-estrategias-para-una-celebracion-inclusiva\/#primaryimage\"},\"image\":{\"@id\":\"https:\/\/empresas.infoempleo.com\/hrtrends\/navidad-en-la-oficina-estrategias-para-una-celebracion-inclusiva\/#primaryimage\"},\"thumbnailUrl\":\"https:\/\/empresas.infoempleo.com\/hrtrends\/media\/2024\/12\/Celebracion-inclusiva-de-la-Navidad-en-la-oficina.jpg\",\"datePublished\":\"2024-12-19T05:30:09+00:00\",\"dateModified\":\"2025-01-07T13:00:23+00:00\",\"description\":\"La llegada de la Navidad a la oficina trae tambi\u00e9n el reto de conseguir una celebraci\u00f3n inclusiva, en la que todos se sientan parte del equipo\",\"breadcrumb\":{\"@id\":\"https:\/\/empresas.infoempleo.com\/hrtrends\/navidad-en-la-oficina-estrategias-para-una-celebracion-inclusiva\/#breadcrumb\"},\"inLanguage\":\"es\",\"potentialAction\":[{\"@type\":\"ReadAction\",\"target\":[\"https:\/\/empresas.infoempleo.com\/hrtrends\/navidad-en-la-oficina-estrategias-para-una-celebracion-inclusiva\/\"]}]},{\"@type\":\"ImageObject\",\"inLanguage\":\"es\",\"@id\":\"https:\/\/empresas.infoempleo.com\/hrtrends\/navidad-en-la-oficina-estrategias-para-una-celebracion-inclusiva\/#primaryimage\",\"url\":\"https:\/\/empresas.infoempleo.com\/hrtrends\/media\/2024\/12\/Celebracion-inclusiva-de-la-Navidad-en-la-oficina-150x150.jpg\",\"contentUrl\":\"https:\/\/empresas.infoempleo.com\/hrtrends\/media\/2024\/12\/Celebracion-inclusiva-de-la-Navidad-en-la-oficina-150x150.jpg\",\"width\":150,\"height\":150,\"caption\":\"Celebraci\u00f3n inclusiva de la Navidad en la oficina\"},{\"@type\":\"BreadcrumbList\",\"@id\":\"https:\/\/empresas.infoempleo.com\/hrtrends\/navidad-en-la-oficina-estrategias-para-una-celebracion-inclusiva\/#breadcrumb\",\"itemListElement\":[{\"@type\":\"ListItem\",\"position\":1,\"name\":\"Portada\",\"item\":\"https:\/\/empresas.infoempleo.com\/hrtrends\/\"},{\"@type\":\"ListItem\",\"position\":2,\"name\":\"Navidad en la oficina: estrategias para una celebraci\u00f3n inclusiva\"}]},{\"@type\":\"WebSite\",\"@id\":\"https:\/\/empresas.infoempleo.com\/hrtrends\/#website\",\"url\":\"https:\/\/empresas.infoempleo.com\/hrtrends\",\"name\":\"HRTrends by Infoempleo\",\"description\":\"\",\"publisher\":{\"@id\":\"https:\/\/empresas.infoempleo.com\/hrtrends\/#organization\"},\"potentialAction\":{\"@type\":\"SearchAction\",\"target\":\"https:\/\/empresas.infoempleo.com\/hrtrends\/?s={search_term_string}\",\"query-input\":\"required name=search_term_string\"},\"inLanguage\":\"es\"},{\"@type\":\"Organization\",\"@id\":\"https:\/\/empresas.infoempleo.com\/hrtrends\/#organization\",\"name\":\"Infoempleo\",\"url\":\"https:\/\/www.infoempleo.com\/\",\"logo\":{\"@type\":\"ImageObject\",\"@id\":\"https:\/\/empresas.infoempleo.com\/hrtrends\/#logo\",\"inLanguage\":\"es\",\"url\":\"https:\/\/cdnazure.infoempleo.com\/infoempleo\/assets\/style\/gfx\/logo.svg\",\"contentUrl\":\"https:\/\/cdnazure.infoempleo.com\/infoempleo\/assets\/style\/gfx\/logo.svg\",\"width\":150,\"height\":40,\"caption\":\"Infoempleo\"},\"image\":{\"@id\":\"https:\/\/empresas.infoempleo.com\/hrtrends\/#logo\"},\"sameAs\":[\"https:\/\/www.facebook.com\/Infoempleo\",\"https:\/\/x.com\/infoempleo\",\"http:\/\/instagram.com\/infoempleo\/\",\"http:\/\/www.linkedin.com\/groups\/Empleo-Espa\u00f1a-Infoempleocom-111276\",\"http:\/\/pinterest.com\/infoempleo\/\"],\"address\":{\"@type\":\"PostalAddress\",\"addressLocality\":\"Madrid\",\"postalCode\":\"28050\",\"streetAddress\":\"Avenida de Burgos 114\"},\"brand\":[\"Infoempleo\"]},{\"@type\":\"Person\",\"@id\":\"https:\/\/empresas.infoempleo.com\/hrtrends\/#\/schema\/person\/88b42392bdc432205cbf92369d8a60cd\",\"name\":\"Mario Moreno\",\"image\":{\"@type\":\"ImageObject\",\"inLanguage\":\"es\",\"@id\":\"https:\/\/empresas.infoempleo.com\/hrtrends\/#\/schema\/person\/image\/\",\"url\":\"https:\/\/secure.gravatar.com\/avatar\/8dae6578727951cbcab39cfbe7a83beef8ade9481dd83b8d55406be02b0ec42a?s=96&d=mm&r=g\",\"contentUrl\":\"https:\/\/secure.gravatar.com\/avatar\/8dae6578727951cbcab39cfbe7a83beef8ade9481dd83b8d55406be02b0ec42a?s=96&d=mm&r=g\",\"caption\":\"Mario Moreno\"},\"url\":\"https:\/\/empresas.infoempleo.com\/hrtrends\/author\/mariomoreno\/\"}]}<\/script>\n<!-- \/ Yoast SEO plugin. -->","yoast_head_json":{"title":"Navidad en la oficina: estrategias para una celebraci\u00f3n inclusiva","description":"La llegada de la Navidad a la oficina trae tambi\u00e9n el reto de conseguir una celebraci\u00f3n inclusiva, en la que todos se sientan parte del equipo","robots":{"index":"index","follow":"follow","max-snippet":"max-snippet:-1","max-image-preview":"max-image-preview:large","max-video-preview":"max-video-preview:-1"},"canonical":"https:\/\/empresas.infoempleo.com\/hrtrends\/navidad-en-la-oficina-estrategias-para-una-celebracion-inclusiva\/","og_locale":"es_ES","og_type":"article","og_title":"Navidad en la oficina: estrategias para una celebraci\u00f3n inclusiva","og_description":"La llegada de la Navidad a la oficina trae tambi\u00e9n el reto de conseguir una celebraci\u00f3n inclusiva, en la que todos se sientan parte del equipo","og_url":"https:\/\/empresas.infoempleo.com\/hrtrends\/navidad-en-la-oficina-estrategias-para-una-celebracion-inclusiva\/","og_site_name":"HRTRENDS","article_publisher":"https:\/\/www.facebook.com\/Infoempleo","article_published_time":"2024-12-19T05:30:09+00:00","article_modified_time":"2025-01-07T13:00:23+00:00","og_image":[{"width":1200,"height":800,"url":"https:\/\/empresas.infoempleo.com\/hrtrends\/media\/2024\/12\/Celebracion-inclusiva-de-la-Navidad-en-la-oficina.jpg","type":"image\/jpeg"}],"author":"Mario Moreno","twitter_card":"summary_large_image","twitter_creator":"@infoempleo","twitter_site":"@infoempleo","twitter_misc":{"Escrito por":"Mario Moreno","Tiempo de lectura":"4 minutos"},"schema":{"@context":"https:\/\/schema.org","@graph":[{"@type":"NewsArticle","@id":"https:\/\/empresas.infoempleo.com\/hrtrends\/navidad-en-la-oficina-estrategias-para-una-celebracion-inclusiva\/#article","isPartOf":{"@id":"https:\/\/empresas.infoempleo.com\/hrtrends\/navidad-en-la-oficina-estrategias-para-una-celebracion-inclusiva\/"},"author":{"name":"Mario Moreno","@id":"https:\/\/empresas.infoempleo.com\/hrtrends\/#\/schema\/person\/88b42392bdc432205cbf92369d8a60cd"},"headline":"Navidad en la oficina: estrategias para una celebraci\u00f3n inclusiva","datePublished":"2024-12-19T05:30:09+00:00","dateModified":"2025-01-07T13:00:23+00:00","mainEntityOfPage":{"@id":"https:\/\/empresas.infoempleo.com\/hrtrends\/navidad-en-la-oficina-estrategias-para-una-celebracion-inclusiva\/"},"wordCount":748,"publisher":{"@id":"https:\/\/empresas.infoempleo.com\/hrtrends\/#organization"},"image":{"@id":"https:\/\/empresas.infoempleo.com\/hrtrends\/navidad-en-la-oficina-estrategias-para-una-celebracion-inclusiva\/#primaryimage"},"thumbnailUrl":"https:\/\/empresas.infoempleo.com\/hrtrends\/media\/2024\/12\/Celebracion-inclusiva-de-la-Navidad-en-la-oficina.jpg","keywords":["celebraciones inclusivas","cultura inclusiva","fiestas Navidad"],"articleSection":["Actualidad"],"inLanguage":"es","copyrightYear":"2024","copyrightHolder":{"@id":"https:\/\/empresas.infoempleo.com\/hrtrends\/#organization"}},{"@type":"WebPage","@id":"https:\/\/empresas.infoempleo.com\/hrtrends\/navidad-en-la-oficina-estrategias-para-una-celebracion-inclusiva\/","url":"https:\/\/empresas.infoempleo.com\/hrtrends\/navidad-en-la-oficina-estrategias-para-una-celebracion-inclusiva\/","name":"Navidad en la oficina: estrategias para una celebraci\u00f3n inclusiva","isPartOf":{"@id":"https:\/\/empresas.infoempleo.com\/hrtrends\/#website"},"primaryImageOfPage":{"@id":"https:\/\/empresas.infoempleo.com\/hrtrends\/navidad-en-la-oficina-estrategias-para-una-celebracion-inclusiva\/#primaryimage"},"image":{"@id":"https:\/\/empresas.infoempleo.com\/hrtrends\/navidad-en-la-oficina-estrategias-para-una-celebracion-inclusiva\/#primaryimage"},"thumbnailUrl":"https:\/\/empresas.infoempleo.com\/hrtrends\/media\/2024\/12\/Celebracion-inclusiva-de-la-Navidad-en-la-oficina.jpg","datePublished":"2024-12-19T05:30:09+00:00","dateModified":"2025-01-07T13:00:23+00:00","description":"La llegada de la Navidad a la oficina trae tambi\u00e9n el reto de conseguir una celebraci\u00f3n inclusiva, en la que todos se sientan parte del equipo","breadcrumb":{"@id":"https:\/\/empresas.infoempleo.com\/hrtrends\/navidad-en-la-oficina-estrategias-para-una-celebracion-inclusiva\/#breadcrumb"},"inLanguage":"es","potentialAction":[{"@type":"ReadAction","target":["https:\/\/empresas.infoempleo.com\/hrtrends\/navidad-en-la-oficina-estrategias-para-una-celebracion-inclusiva\/"]}]},{"@type":"ImageObject","inLanguage":"es","@id":"https:\/\/empresas.infoempleo.com\/hrtrends\/navidad-en-la-oficina-estrategias-para-una-celebracion-inclusiva\/#primaryimage","url":"https:\/\/empresas.infoempleo.com\/hrtrends\/media\/2024\/12\/Celebracion-inclusiva-de-la-Navidad-en-la-oficina-150x150.jpg","contentUrl":"https:\/\/empresas.infoempleo.com\/hrtrends\/media\/2024\/12\/Celebracion-inclusiva-de-la-Navidad-en-la-oficina-150x150.jpg","width":150,"height":150,"caption":"Celebraci\u00f3n inclusiva de la Navidad en la oficina"},{"@type":"BreadcrumbList","@id":"https:\/\/empresas.infoempleo.com\/hrtrends\/navidad-en-la-oficina-estrategias-para-una-celebracion-inclusiva\/#breadcrumb","itemListElement":[{"@type":"ListItem","position":1,"name":"Portada","item":"https:\/\/empresas.infoempleo.com\/hrtrends\/"},{"@type":"ListItem","position":2,"name":"Navidad en la oficina: estrategias para una celebraci\u00f3n inclusiva"}]},{"@type":"WebSite","@id":"https:\/\/empresas.infoempleo.com\/hrtrends\/#website","url":"https:\/\/empresas.infoempleo.com\/hrtrends","name":"HRTrends by Infoempleo","description":"","publisher":{"@id":"https:\/\/empresas.infoempleo.com\/hrtrends\/#organization"},"potentialAction":{"@type":"SearchAction","target":"https:\/\/empresas.infoempleo.com\/hrtrends\/?s={search_term_string}","query-input":"required name=search_term_string"},"inLanguage":"es"},{"@type":"Organization","@id":"https:\/\/empresas.infoempleo.com\/hrtrends\/#organization","name":"Infoempleo","url":"https:\/\/www.infoempleo.com\/","logo":{"@type":"ImageObject","@id":"https:\/\/empresas.infoempleo.com\/hrtrends\/#logo","inLanguage":"es","url":"https:\/\/cdnazure.infoempleo.com\/infoempleo\/assets\/style\/gfx\/logo.svg","contentUrl":"https:\/\/cdnazure.infoempleo.com\/infoempleo\/assets\/style\/gfx\/logo.svg","width":150,"height":40,"caption":"Infoempleo"},"image":{"@id":"https:\/\/empresas.infoempleo.com\/hrtrends\/#logo"},"sameAs":["https:\/\/www.facebook.com\/Infoempleo","https:\/\/x.com\/infoempleo","http:\/\/instagram.com\/infoempleo\/","http:\/\/www.linkedin.com\/groups\/Empleo-Espa\u00f1a-Infoempleocom-111276","http:\/\/pinterest.com\/infoempleo\/"],"address":{"@type":"PostalAddress","addressLocality":"Madrid","postalCode":"28050","streetAddress":"Avenida de Burgos 114"},"brand":["Infoempleo"]},{"@type":"Person","@id":"https:\/\/empresas.infoempleo.com\/hrtrends\/#\/schema\/person\/88b42392bdc432205cbf92369d8a60cd","name":"Mario Moreno","image":{"@type":"ImageObject","inLanguage":"es","@id":"https:\/\/empresas.infoempleo.com\/hrtrends\/#\/schema\/person\/image\/","url":"https:\/\/secure.gravatar.com\/avatar\/8dae6578727951cbcab39cfbe7a83beef8ade9481dd83b8d55406be02b0ec42a?s=96&d=mm&r=g","contentUrl":"https:\/\/secure.gravatar.com\/avatar\/8dae6578727951cbcab39cfbe7a83beef8ade9481dd83b8d55406be02b0ec42a?s=96&d=mm&r=g","caption":"Mario Moreno"},"url":"https:\/\/empresas.infoempleo.com\/hrtrends\/author\/mariomoreno\/"}]}},"amp_enabled":true,"_links":{"self":[{"href":"https:\/\/empresas.infoempleo.com\/hrtrends\/wp-json\/wp\/v2\/posts\/46072","targetHints":{"allow":["GET"]}}],"collection":[{"href":"https:\/\/empresas.infoempleo.com\/hrtrends\/wp-json\/wp\/v2\/posts"}],"about":[{"href":"https:\/\/empresas.infoempleo.com\/hrtrends\/wp-json\/wp\/v2\/types\/post"}],"author":[{"embeddable":true,"href":"https:\/\/empresas.infoempleo.com\/hrtrends\/wp-json\/wp\/v2\/users\/140"}],"replies":[{"embeddable":true,"href":"https:\/\/empresas.infoempleo.com\/hrtrends\/wp-json\/wp\/v2\/comments?post=46072"}],"version-history":[{"count":6,"href":"https:\/\/empresas.infoempleo.com\/hrtrends\/wp-json\/wp\/v2\/posts\/46072\/revisions"}],"predecessor-version":[{"id":46076,"href":"https:\/\/empresas.infoempleo.com\/hrtrends\/wp-json\/wp\/v2\/posts\/46072\/revisions\/46076"}],"wp:featuredmedia":[{"embeddable":true,"href":"https:\/\/empresas.infoempleo.com\/hrtrends\/wp-json\/wp\/v2\/media\/46080"}],"wp:attachment":[{"href":"https:\/\/empresas.infoempleo.com\/hrtrends\/wp-json\/wp\/v2\/media?parent=46072"}],"wp:term":[{"taxonomy":"category","embeddable":true,"href":"https:\/\/empresas.infoempleo.com\/hrtrends\/wp-json\/wp\/v2\/categories?post=46072"},{"taxonomy":"post_tag","embeddable":true,"href":"https:\/\/empresas.infoempleo.com\/hrtrends\/wp-json\/wp\/v2\/tags?post=46072"}],"curies":[{"name":"wp","href":"https:\/\/api.w.org\/{rel}","templated":true}]}}