{"id":45922,"date":"2024-11-14T07:30:37","date_gmt":"2024-11-14T05:30:37","guid":{"rendered":"https:\/\/empresas.infoempleo.com\/hrtrends\/?p=45922"},"modified":"2024-10-25T14:29:26","modified_gmt":"2024-10-25T12:29:26","slug":"como-evitar-el-sindrome-de-procusto-en-las-organizaciones","status":"publish","type":"post","link":"https:\/\/empresas.infoempleo.com\/hrtrends\/como-evitar-el-sindrome-de-procusto-en-las-organizaciones\/","title":{"rendered":"\u00bfC\u00f3mo evitar el S\u00edndrome de Procusto en las organizaciones?"},"content":{"rendered":"<p align=\"left\">La rigidez excesiva, la falta de autoestima y la toxicidad son conceptos limitantes y muy perjudiciales, tanto en contextos sociales como laborales. Quiz\u00e1 alguna vez hayas o\u00eddo hablar de ciertas tendencias psicol\u00f3gicas que se asocian con un <strong>estilo de liderazgo t\u00f3xico<\/strong> y se ajustan milim\u00e9tricamente a estos conceptos. Un ejemplo de esta realidad lo encontramos en el llamado <strong>S\u00edndrome de Procusto<\/strong>, y hace referencia a la tendencia de aquellos <strong>l\u00edderes que buscan que su equipo no sobresalga bajo ninguna circunstancia<\/strong>. \u00bfQuieres saber m\u00e1s acerca de este s\u00edndrome? Sigue leyendo.<\/p>\n<h2 align=\"left\">\u00bfEn qu\u00e9 consiste el s\u00edndrome de Procusto?<\/h2>\n<p align=\"left\">Esta tendencia psicol\u00f3gica encuentra su origen en un personaje de la mitolog\u00eda griega. Seg\u00fan dice la historia, <strong>Procusto \u201cel estirador\u201d<\/strong> era un posadero que acog\u00eda a viajeros en su camino por las colinas de \u00c1tica.<\/p>\n<p align=\"left\">Por la noche, Procusto iba a las habitaciones de sus hu\u00e9spedes y los ataba a la cama. Si el viajero era m\u00e1s grande que la cama en la que dorm\u00eda, <strong>Procusto le cortaba las extremidades a sus invitados para que se ajustase al espacio que deb\u00edan ocupar<\/strong>. Si, por el contrario, el hu\u00e9sped ten\u00eda la mala suerte de ser m\u00e1s peque\u00f1o, estiraba de sus articulaciones hasta que ocupaba la extensi\u00f3n completa del lecho.<\/p>\n<p align=\"left\">Esta historia, aunque algo truculenta, se convierte en una realidad (figurada) en <strong><a href=\"https:\/\/empresas.infoempleo.com\/hrtrends\/5-consejos-para-transformar-un-ambiente-de-trabajo-toxico-en-la-empresa-en-uno-colaborativo-y-productivo\/\" target=\"_blank\" rel=\"noopener\">contextos laborales t\u00f3xicos<\/a><\/strong>. Y es que se usa para describir a aquellas <strong>personas que, temiendo verse sobrepasadas en alg\u00fan aspecto, obligan a que los dem\u00e1s se ajusten a unos patrones <\/strong>preestablecidos y medidos con precisi\u00f3n. Lo que da a\u00fan m\u00e1s peso a la concepci\u00f3n ya conocida de que el clavo que sobresale es el que se lleva un martillazo.<\/p>\n<h2 align=\"left\">La figura del l\u00edder en este contexto<\/h2>\n<p align=\"left\">Aunque es necesario atajar este s\u00edndrome en cualquier nivel jer\u00e1rquico, resulta de especial urgencia poder tratarlo cuando est\u00e1 asociado a la figura del l\u00edder.<\/p>\n<p align=\"left\">El desarrollo profesional de los equipos se ver\u00e1 negativamente influenciado por un <strong>l\u00edder que impone patrones de conducta<\/strong> seg\u00fan sus percepciones personales. Es por eso que <strong>el rendimiento laboral y la motivaci\u00f3n de los empleados caer\u00e1 en picado<\/strong>.<\/p>\n<p align=\"left\">Adem\u00e1s, existen<strong> otros factores que tambi\u00e9n se ver\u00e1n resentidos<\/strong> a causa de este s\u00edndrome:<\/p>\n<ul>\n<li>\n<p align=\"left\">Baja innovaci\u00f3n empresarial.<\/p>\n<\/li>\n<li>\n<p align=\"left\">Fuga de talento.<\/p>\n<\/li>\n<li>\n<p align=\"left\">Alta rotaci\u00f3n de plantilla.<\/p>\n<\/li>\n<li>\n<p align=\"left\">Limitaciones en el alcance de los proyectos.<\/p>\n<\/li>\n<li>\n<p align=\"left\">Creatividad anulada.<\/p>\n<\/li>\n<\/ul>\n<h2 align=\"left\">\u00bfC\u00f3mo combatirlo en las organizaciones?<\/h2>\n<p align=\"left\">Es importante saber <strong>detectar este patr\u00f3n de conducta<\/strong> antes de que se extienda, afectando negativamente a los equipos y a la empresa.<\/p>\n<p align=\"left\">La resistencia al cambio puede ser un factor de alarma que observar de cerca en las figuras de liderazgo. Asimismo, el <strong>bajo reconocimiento de los componentes del equipo<\/strong> es un signo determinante a la hora de reconocerlo.<\/p>\n<p align=\"left\">Un <strong><a href=\"https:\/\/empresas.infoempleo.com\/hrtrends\/cualidades-lider-ideal\/\" target=\"_blank\" rel=\"noopener\">buen l\u00edder<\/a> siempre<\/strong> <strong>alabar\u00e1 las bondades de sus subordinados<\/strong> e intentar\u00e1 que su crecimiento profesional se ajuste a sus capacidades y metas.<\/p>\n<p align=\"left\">Los <strong><a href=\"https:\/\/empresas.infoempleo.com\/hrtrends\/estilos-liderazgo-buen-jefe\/\" target=\"_blank\" rel=\"noopener\">l\u00edderes resonantes, democr\u00e1ticos o visionarios<\/a> tratar\u00e1n de mantener la motivaci\u00f3n<\/strong> y tener en cuenta las opiniones de su equipo, mientras que los afectados por el <strong>s\u00edndrome de Procusto<\/strong> <strong>har\u00e1n mermar la confianza<\/strong> y productividad de sus subordinados.<\/p>\n<p align=\"left\">Con el fin de tratar esta posible patolog\u00eda, las estrategias para <strong>atajar el S\u00edndrome de Procusto<\/strong> pasan por diferentes soluciones:<\/p>\n<ul>\n<li>\n<p align=\"left\">Coaching dedicados a l\u00edderes.<\/p>\n<\/li>\n<li>\n<p align=\"left\">Incidir en la superaci\u00f3n de limitaciones de los diferentes equipos.<\/p>\n<\/li>\n<li>\n<p align=\"left\">Test de autoevaluaci\u00f3n para la plantilla.<\/p>\n<\/li>\n<li>\n<p align=\"left\">Promoci\u00f3n y fomento de la diversidad en la cultura organizacional.<\/p>\n<\/li>\n<\/ul>\n","protected":false},"excerpt":{"rendered":"<p>La rigidez excesiva, la falta de autoestima y la toxicidad son conceptos limitantes y muy perjudiciales, tanto en<a class=\"moretag\" href=\"https:\/\/empresas.infoempleo.com\/hrtrends\/como-evitar-el-sindrome-de-procusto-en-las-organizaciones\/\"> Leer m\u00e1s<\/a><\/p>\n","protected":false},"author":146,"featured_media":45923,"comment_status":"closed","ping_status":"closed","sticky":false,"template":"","format":"standard","meta":{"footnotes":""},"categories":[3035],"tags":[3254,3706,3705],"class_list":["post-45922","post","type-post","status-publish","format-standard","has-post-thumbnail","hentry","category-consejos","tag-gestion-de-equipos","tag-sindrome-de-procusto","tag-sindromes-laborales"],"yoast_head":"<!-- This site is optimized with the Yoast SEO plugin v26.1.1 - https:\/\/yoast.com\/wordpress\/plugins\/seo\/ -->\n<title>\u00bfC\u00f3mo evitar el S\u00edndrome de Procusto en las organizaciones?<\/title>\n<meta name=\"description\" content=\"El S\u00edndrome de Procusto hace referencia a l\u00edderes que no quieren que ning\u00fan empleado sobresalga bajo ninguna circunstancia. \u00bfC\u00f3mo combatirlo?\" \/>\n<meta name=\"robots\" content=\"index, follow, max-snippet:-1, max-image-preview:large, max-video-preview:-1\" \/>\n<link rel=\"canonical\" href=\"https:\/\/empresas.infoempleo.com\/hrtrends\/como-evitar-el-sindrome-de-procusto-en-las-organizaciones\/\" \/>\n<meta property=\"og:locale\" content=\"es_ES\" \/>\n<meta property=\"og:type\" content=\"article\" \/>\n<meta property=\"og:title\" content=\"\u00bfC\u00f3mo evitar el S\u00edndrome de Procusto en las organizaciones?\" \/>\n<meta property=\"og:description\" content=\"El S\u00edndrome de Procusto hace referencia a l\u00edderes que no quieren que ning\u00fan empleado sobresalga bajo ninguna circunstancia. \u00bfC\u00f3mo combatirlo?\" \/>\n<meta property=\"og:url\" content=\"https:\/\/empresas.infoempleo.com\/hrtrends\/como-evitar-el-sindrome-de-procusto-en-las-organizaciones\/\" \/>\n<meta property=\"og:site_name\" content=\"HRTRENDS\" \/>\n<meta property=\"article:publisher\" content=\"https:\/\/www.facebook.com\/Infoempleo\" \/>\n<meta property=\"article:published_time\" content=\"2024-11-14T05:30:37+00:00\" \/>\n<meta property=\"og:image\" content=\"https:\/\/empresas.infoempleo.com\/hrtrends\/media\/2024\/10\/Equipo-estableciendo-pautas-para-evitar-los-efectos-del-sindrome-de-procusto.jpg\" \/>\n\t<meta property=\"og:image:width\" content=\"1200\" \/>\n\t<meta property=\"og:image:height\" content=\"800\" \/>\n\t<meta property=\"og:image:type\" content=\"image\/jpeg\" \/>\n<meta name=\"author\" content=\"Sandra R. Martos\" \/>\n<meta name=\"twitter:card\" content=\"summary_large_image\" \/>\n<meta name=\"twitter:creator\" content=\"@infoempleo\" \/>\n<meta name=\"twitter:site\" content=\"@infoempleo\" \/>\n<meta name=\"twitter:label1\" content=\"Escrito por\" \/>\n\t<meta name=\"twitter:data1\" content=\"Sandra R. Martos\" \/>\n\t<meta name=\"twitter:label2\" content=\"Tiempo de lectura\" \/>\n\t<meta name=\"twitter:data2\" content=\"3 minutos\" \/>\n<script type=\"application\/ld+json\" class=\"yoast-schema-graph\">{\"@context\":\"https:\/\/schema.org\",\"@graph\":[{\"@type\":\"NewsArticle\",\"@id\":\"https:\/\/empresas.infoempleo.com\/hrtrends\/como-evitar-el-sindrome-de-procusto-en-las-organizaciones\/#article\",\"isPartOf\":{\"@id\":\"https:\/\/empresas.infoempleo.com\/hrtrends\/como-evitar-el-sindrome-de-procusto-en-las-organizaciones\/\"},\"author\":{\"name\":\"Sandra R. Martos\",\"@id\":\"https:\/\/empresas.infoempleo.com\/hrtrends\/#\/schema\/person\/d24c95f005bb213d5442bfb9916f0cf1\"},\"headline\":\"\u00bfC\u00f3mo evitar el S\u00edndrome de Procusto en las organizaciones?\",\"datePublished\":\"2024-11-14T05:30:37+00:00\",\"mainEntityOfPage\":{\"@id\":\"https:\/\/empresas.infoempleo.com\/hrtrends\/como-evitar-el-sindrome-de-procusto-en-las-organizaciones\/\"},\"wordCount\":620,\"publisher\":{\"@id\":\"https:\/\/empresas.infoempleo.com\/hrtrends\/#organization\"},\"image\":{\"@id\":\"https:\/\/empresas.infoempleo.com\/hrtrends\/como-evitar-el-sindrome-de-procusto-en-las-organizaciones\/#primaryimage\"},\"thumbnailUrl\":\"https:\/\/empresas.infoempleo.com\/hrtrends\/media\/2024\/10\/Equipo-estableciendo-pautas-para-evitar-los-efectos-del-sindrome-de-procusto.jpg\",\"keywords\":[\"gesti\u00f3n de equipos\",\"S\u00edndrome de Procusto\",\"s\u00edndromes laborales\"],\"articleSection\":[\"Consejos\"],\"inLanguage\":\"es\",\"copyrightYear\":\"2024\",\"copyrightHolder\":{\"@id\":\"https:\/\/empresas.infoempleo.com\/hrtrends\/#organization\"}},{\"@type\":\"WebPage\",\"@id\":\"https:\/\/empresas.infoempleo.com\/hrtrends\/como-evitar-el-sindrome-de-procusto-en-las-organizaciones\/\",\"url\":\"https:\/\/empresas.infoempleo.com\/hrtrends\/como-evitar-el-sindrome-de-procusto-en-las-organizaciones\/\",\"name\":\"\u00bfC\u00f3mo evitar el S\u00edndrome de Procusto en las organizaciones?\",\"isPartOf\":{\"@id\":\"https:\/\/empresas.infoempleo.com\/hrtrends\/#website\"},\"primaryImageOfPage\":{\"@id\":\"https:\/\/empresas.infoempleo.com\/hrtrends\/como-evitar-el-sindrome-de-procusto-en-las-organizaciones\/#primaryimage\"},\"image\":{\"@id\":\"https:\/\/empresas.infoempleo.com\/hrtrends\/como-evitar-el-sindrome-de-procusto-en-las-organizaciones\/#primaryimage\"},\"thumbnailUrl\":\"https:\/\/empresas.infoempleo.com\/hrtrends\/media\/2024\/10\/Equipo-estableciendo-pautas-para-evitar-los-efectos-del-sindrome-de-procusto.jpg\",\"datePublished\":\"2024-11-14T05:30:37+00:00\",\"description\":\"El S\u00edndrome de Procusto hace referencia a l\u00edderes que no quieren que ning\u00fan empleado sobresalga bajo ninguna circunstancia. \u00bfC\u00f3mo combatirlo?\",\"breadcrumb\":{\"@id\":\"https:\/\/empresas.infoempleo.com\/hrtrends\/como-evitar-el-sindrome-de-procusto-en-las-organizaciones\/#breadcrumb\"},\"inLanguage\":\"es\",\"potentialAction\":[{\"@type\":\"ReadAction\",\"target\":[\"https:\/\/empresas.infoempleo.com\/hrtrends\/como-evitar-el-sindrome-de-procusto-en-las-organizaciones\/\"]}]},{\"@type\":\"ImageObject\",\"inLanguage\":\"es\",\"@id\":\"https:\/\/empresas.infoempleo.com\/hrtrends\/como-evitar-el-sindrome-de-procusto-en-las-organizaciones\/#primaryimage\",\"url\":\"https:\/\/empresas.infoempleo.com\/hrtrends\/media\/2024\/10\/Equipo-estableciendo-pautas-para-evitar-los-efectos-del-sindrome-de-procusto-150x150.jpg\",\"contentUrl\":\"https:\/\/empresas.infoempleo.com\/hrtrends\/media\/2024\/10\/Equipo-estableciendo-pautas-para-evitar-los-efectos-del-sindrome-de-procusto-150x150.jpg\",\"width\":150,\"height\":150,\"caption\":\"Equipo estableciendo pautas para evitar los posibles efectos del S\u00edndrome de Procusto\"},{\"@type\":\"BreadcrumbList\",\"@id\":\"https:\/\/empresas.infoempleo.com\/hrtrends\/como-evitar-el-sindrome-de-procusto-en-las-organizaciones\/#breadcrumb\",\"itemListElement\":[{\"@type\":\"ListItem\",\"position\":1,\"name\":\"Portada\",\"item\":\"https:\/\/empresas.infoempleo.com\/hrtrends\/\"},{\"@type\":\"ListItem\",\"position\":2,\"name\":\"\u00bfC\u00f3mo evitar el S\u00edndrome de Procusto en las organizaciones?\"}]},{\"@type\":\"WebSite\",\"@id\":\"https:\/\/empresas.infoempleo.com\/hrtrends\/#website\",\"url\":\"https:\/\/empresas.infoempleo.com\/hrtrends\",\"name\":\"HRTrends by Infoempleo\",\"description\":\"\",\"publisher\":{\"@id\":\"https:\/\/empresas.infoempleo.com\/hrtrends\/#organization\"},\"potentialAction\":{\"@type\":\"SearchAction\",\"target\":\"https:\/\/empresas.infoempleo.com\/hrtrends\/?s={search_term_string}\",\"query-input\":\"required name=search_term_string\"},\"inLanguage\":\"es\"},{\"@type\":\"Organization\",\"@id\":\"https:\/\/empresas.infoempleo.com\/hrtrends\/#organization\",\"name\":\"Infoempleo\",\"url\":\"https:\/\/www.infoempleo.com\/\",\"logo\":{\"@type\":\"ImageObject\",\"@id\":\"https:\/\/empresas.infoempleo.com\/hrtrends\/#logo\",\"inLanguage\":\"es\",\"url\":\"https:\/\/cdnazure.infoempleo.com\/infoempleo\/assets\/style\/gfx\/logo.svg\",\"contentUrl\":\"https:\/\/cdnazure.infoempleo.com\/infoempleo\/assets\/style\/gfx\/logo.svg\",\"width\":150,\"height\":40,\"caption\":\"Infoempleo\"},\"image\":{\"@id\":\"https:\/\/empresas.infoempleo.com\/hrtrends\/#logo\"},\"sameAs\":[\"https:\/\/www.facebook.com\/Infoempleo\",\"https:\/\/x.com\/infoempleo\",\"http:\/\/instagram.com\/infoempleo\/\",\"http:\/\/www.linkedin.com\/groups\/Empleo-Espa\u00f1a-Infoempleocom-111276\",\"http:\/\/pinterest.com\/infoempleo\/\"],\"address\":{\"@type\":\"PostalAddress\",\"addressLocality\":\"Madrid\",\"postalCode\":\"28050\",\"streetAddress\":\"Avenida de Burgos 114\"},\"brand\":[\"Infoempleo\"]},{\"@type\":\"Person\",\"@id\":\"https:\/\/empresas.infoempleo.com\/hrtrends\/#\/schema\/person\/d24c95f005bb213d5442bfb9916f0cf1\",\"name\":\"Sandra R. Martos\",\"image\":{\"@type\":\"ImageObject\",\"inLanguage\":\"es\",\"@id\":\"https:\/\/empresas.infoempleo.com\/hrtrends\/#\/schema\/person\/image\/\",\"url\":\"https:\/\/secure.gravatar.com\/avatar\/416b738ea045864f60be6f729d868b5b8807d320c6de9f29d2506b477304ed75?s=96&d=mm&r=g\",\"contentUrl\":\"https:\/\/secure.gravatar.com\/avatar\/416b738ea045864f60be6f729d868b5b8807d320c6de9f29d2506b477304ed75?s=96&d=mm&r=g\",\"caption\":\"Sandra R. Martos\"},\"url\":\"https:\/\/empresas.infoempleo.com\/hrtrends\/author\/srmartos\/\"}]}<\/script>\n<!-- \/ Yoast SEO plugin. -->","yoast_head_json":{"title":"\u00bfC\u00f3mo evitar el S\u00edndrome de Procusto en las organizaciones?","description":"El S\u00edndrome de Procusto hace referencia a l\u00edderes que no quieren que ning\u00fan empleado sobresalga bajo ninguna circunstancia. \u00bfC\u00f3mo combatirlo?","robots":{"index":"index","follow":"follow","max-snippet":"max-snippet:-1","max-image-preview":"max-image-preview:large","max-video-preview":"max-video-preview:-1"},"canonical":"https:\/\/empresas.infoempleo.com\/hrtrends\/como-evitar-el-sindrome-de-procusto-en-las-organizaciones\/","og_locale":"es_ES","og_type":"article","og_title":"\u00bfC\u00f3mo evitar el S\u00edndrome de Procusto en las organizaciones?","og_description":"El S\u00edndrome de Procusto hace referencia a l\u00edderes que no quieren que ning\u00fan empleado sobresalga bajo ninguna circunstancia. \u00bfC\u00f3mo combatirlo?","og_url":"https:\/\/empresas.infoempleo.com\/hrtrends\/como-evitar-el-sindrome-de-procusto-en-las-organizaciones\/","og_site_name":"HRTRENDS","article_publisher":"https:\/\/www.facebook.com\/Infoempleo","article_published_time":"2024-11-14T05:30:37+00:00","og_image":[{"width":1200,"height":800,"url":"https:\/\/empresas.infoempleo.com\/hrtrends\/media\/2024\/10\/Equipo-estableciendo-pautas-para-evitar-los-efectos-del-sindrome-de-procusto.jpg","type":"image\/jpeg"}],"author":"Sandra R. Martos","twitter_card":"summary_large_image","twitter_creator":"@infoempleo","twitter_site":"@infoempleo","twitter_misc":{"Escrito por":"Sandra R. Martos","Tiempo de lectura":"3 minutos"},"schema":{"@context":"https:\/\/schema.org","@graph":[{"@type":"NewsArticle","@id":"https:\/\/empresas.infoempleo.com\/hrtrends\/como-evitar-el-sindrome-de-procusto-en-las-organizaciones\/#article","isPartOf":{"@id":"https:\/\/empresas.infoempleo.com\/hrtrends\/como-evitar-el-sindrome-de-procusto-en-las-organizaciones\/"},"author":{"name":"Sandra R. Martos","@id":"https:\/\/empresas.infoempleo.com\/hrtrends\/#\/schema\/person\/d24c95f005bb213d5442bfb9916f0cf1"},"headline":"\u00bfC\u00f3mo evitar el S\u00edndrome de Procusto en las organizaciones?","datePublished":"2024-11-14T05:30:37+00:00","mainEntityOfPage":{"@id":"https:\/\/empresas.infoempleo.com\/hrtrends\/como-evitar-el-sindrome-de-procusto-en-las-organizaciones\/"},"wordCount":620,"publisher":{"@id":"https:\/\/empresas.infoempleo.com\/hrtrends\/#organization"},"image":{"@id":"https:\/\/empresas.infoempleo.com\/hrtrends\/como-evitar-el-sindrome-de-procusto-en-las-organizaciones\/#primaryimage"},"thumbnailUrl":"https:\/\/empresas.infoempleo.com\/hrtrends\/media\/2024\/10\/Equipo-estableciendo-pautas-para-evitar-los-efectos-del-sindrome-de-procusto.jpg","keywords":["gesti\u00f3n de equipos","S\u00edndrome de Procusto","s\u00edndromes laborales"],"articleSection":["Consejos"],"inLanguage":"es","copyrightYear":"2024","copyrightHolder":{"@id":"https:\/\/empresas.infoempleo.com\/hrtrends\/#organization"}},{"@type":"WebPage","@id":"https:\/\/empresas.infoempleo.com\/hrtrends\/como-evitar-el-sindrome-de-procusto-en-las-organizaciones\/","url":"https:\/\/empresas.infoempleo.com\/hrtrends\/como-evitar-el-sindrome-de-procusto-en-las-organizaciones\/","name":"\u00bfC\u00f3mo evitar el S\u00edndrome de Procusto en las organizaciones?","isPartOf":{"@id":"https:\/\/empresas.infoempleo.com\/hrtrends\/#website"},"primaryImageOfPage":{"@id":"https:\/\/empresas.infoempleo.com\/hrtrends\/como-evitar-el-sindrome-de-procusto-en-las-organizaciones\/#primaryimage"},"image":{"@id":"https:\/\/empresas.infoempleo.com\/hrtrends\/como-evitar-el-sindrome-de-procusto-en-las-organizaciones\/#primaryimage"},"thumbnailUrl":"https:\/\/empresas.infoempleo.com\/hrtrends\/media\/2024\/10\/Equipo-estableciendo-pautas-para-evitar-los-efectos-del-sindrome-de-procusto.jpg","datePublished":"2024-11-14T05:30:37+00:00","description":"El S\u00edndrome de Procusto hace referencia a l\u00edderes que no quieren que ning\u00fan empleado sobresalga bajo ninguna circunstancia. \u00bfC\u00f3mo combatirlo?","breadcrumb":{"@id":"https:\/\/empresas.infoempleo.com\/hrtrends\/como-evitar-el-sindrome-de-procusto-en-las-organizaciones\/#breadcrumb"},"inLanguage":"es","potentialAction":[{"@type":"ReadAction","target":["https:\/\/empresas.infoempleo.com\/hrtrends\/como-evitar-el-sindrome-de-procusto-en-las-organizaciones\/"]}]},{"@type":"ImageObject","inLanguage":"es","@id":"https:\/\/empresas.infoempleo.com\/hrtrends\/como-evitar-el-sindrome-de-procusto-en-las-organizaciones\/#primaryimage","url":"https:\/\/empresas.infoempleo.com\/hrtrends\/media\/2024\/10\/Equipo-estableciendo-pautas-para-evitar-los-efectos-del-sindrome-de-procusto-150x150.jpg","contentUrl":"https:\/\/empresas.infoempleo.com\/hrtrends\/media\/2024\/10\/Equipo-estableciendo-pautas-para-evitar-los-efectos-del-sindrome-de-procusto-150x150.jpg","width":150,"height":150,"caption":"Equipo estableciendo pautas para evitar los posibles efectos del S\u00edndrome de Procusto"},{"@type":"BreadcrumbList","@id":"https:\/\/empresas.infoempleo.com\/hrtrends\/como-evitar-el-sindrome-de-procusto-en-las-organizaciones\/#breadcrumb","itemListElement":[{"@type":"ListItem","position":1,"name":"Portada","item":"https:\/\/empresas.infoempleo.com\/hrtrends\/"},{"@type":"ListItem","position":2,"name":"\u00bfC\u00f3mo evitar el S\u00edndrome de Procusto en las organizaciones?"}]},{"@type":"WebSite","@id":"https:\/\/empresas.infoempleo.com\/hrtrends\/#website","url":"https:\/\/empresas.infoempleo.com\/hrtrends","name":"HRTrends by Infoempleo","description":"","publisher":{"@id":"https:\/\/empresas.infoempleo.com\/hrtrends\/#organization"},"potentialAction":{"@type":"SearchAction","target":"https:\/\/empresas.infoempleo.com\/hrtrends\/?s={search_term_string}","query-input":"required name=search_term_string"},"inLanguage":"es"},{"@type":"Organization","@id":"https:\/\/empresas.infoempleo.com\/hrtrends\/#organization","name":"Infoempleo","url":"https:\/\/www.infoempleo.com\/","logo":{"@type":"ImageObject","@id":"https:\/\/empresas.infoempleo.com\/hrtrends\/#logo","inLanguage":"es","url":"https:\/\/cdnazure.infoempleo.com\/infoempleo\/assets\/style\/gfx\/logo.svg","contentUrl":"https:\/\/cdnazure.infoempleo.com\/infoempleo\/assets\/style\/gfx\/logo.svg","width":150,"height":40,"caption":"Infoempleo"},"image":{"@id":"https:\/\/empresas.infoempleo.com\/hrtrends\/#logo"},"sameAs":["https:\/\/www.facebook.com\/Infoempleo","https:\/\/x.com\/infoempleo","http:\/\/instagram.com\/infoempleo\/","http:\/\/www.linkedin.com\/groups\/Empleo-Espa\u00f1a-Infoempleocom-111276","http:\/\/pinterest.com\/infoempleo\/"],"address":{"@type":"PostalAddress","addressLocality":"Madrid","postalCode":"28050","streetAddress":"Avenida de Burgos 114"},"brand":["Infoempleo"]},{"@type":"Person","@id":"https:\/\/empresas.infoempleo.com\/hrtrends\/#\/schema\/person\/d24c95f005bb213d5442bfb9916f0cf1","name":"Sandra R. Martos","image":{"@type":"ImageObject","inLanguage":"es","@id":"https:\/\/empresas.infoempleo.com\/hrtrends\/#\/schema\/person\/image\/","url":"https:\/\/secure.gravatar.com\/avatar\/416b738ea045864f60be6f729d868b5b8807d320c6de9f29d2506b477304ed75?s=96&d=mm&r=g","contentUrl":"https:\/\/secure.gravatar.com\/avatar\/416b738ea045864f60be6f729d868b5b8807d320c6de9f29d2506b477304ed75?s=96&d=mm&r=g","caption":"Sandra R. Martos"},"url":"https:\/\/empresas.infoempleo.com\/hrtrends\/author\/srmartos\/"}]}},"amp_enabled":true,"_links":{"self":[{"href":"https:\/\/empresas.infoempleo.com\/hrtrends\/wp-json\/wp\/v2\/posts\/45922","targetHints":{"allow":["GET"]}}],"collection":[{"href":"https:\/\/empresas.infoempleo.com\/hrtrends\/wp-json\/wp\/v2\/posts"}],"about":[{"href":"https:\/\/empresas.infoempleo.com\/hrtrends\/wp-json\/wp\/v2\/types\/post"}],"author":[{"embeddable":true,"href":"https:\/\/empresas.infoempleo.com\/hrtrends\/wp-json\/wp\/v2\/users\/146"}],"replies":[{"embeddable":true,"href":"https:\/\/empresas.infoempleo.com\/hrtrends\/wp-json\/wp\/v2\/comments?post=45922"}],"version-history":[{"count":5,"href":"https:\/\/empresas.infoempleo.com\/hrtrends\/wp-json\/wp\/v2\/posts\/45922\/revisions"}],"predecessor-version":[{"id":45928,"href":"https:\/\/empresas.infoempleo.com\/hrtrends\/wp-json\/wp\/v2\/posts\/45922\/revisions\/45928"}],"wp:featuredmedia":[{"embeddable":true,"href":"https:\/\/empresas.infoempleo.com\/hrtrends\/wp-json\/wp\/v2\/media\/45923"}],"wp:attachment":[{"href":"https:\/\/empresas.infoempleo.com\/hrtrends\/wp-json\/wp\/v2\/media?parent=45922"}],"wp:term":[{"taxonomy":"category","embeddable":true,"href":"https:\/\/empresas.infoempleo.com\/hrtrends\/wp-json\/wp\/v2\/categories?post=45922"},{"taxonomy":"post_tag","embeddable":true,"href":"https:\/\/empresas.infoempleo.com\/hrtrends\/wp-json\/wp\/v2\/tags?post=45922"}],"curies":[{"name":"wp","href":"https:\/\/api.w.org\/{rel}","templated":true}]}}