{"id":45850,"date":"2024-10-22T07:30:35","date_gmt":"2024-10-22T05:30:35","guid":{"rendered":"https:\/\/empresas.infoempleo.com\/hrtrends\/?p=45850"},"modified":"2024-12-03T18:24:28","modified_gmt":"2024-12-03T16:24:28","slug":"estrategias-para-vencer-el-miedo-al-fracaso-en-el-liderazgo","status":"publish","type":"post","link":"https:\/\/empresas.infoempleo.com\/hrtrends\/estrategias-para-vencer-el-miedo-al-fracaso-en-el-liderazgo\/","title":{"rendered":"Estrategias efectivas para directivos que enfrentan el miedo al fracaso"},"content":{"rendered":"<p align=\"left\">Albergar <strong>desconfianza acerca de las capacidades propias<\/strong> es m\u00e1s com\u00fan de lo que pueda parecer. En el contexto laboral, los profesionales se enfrentan a grandes cargas de estr\u00e9s, derivadas de la competitividad y la obtenci\u00f3n de cada vez m\u00e1s competencias. Es por ello que, en ocasiones, las dudas pueden convertirse en inquietud, y la inquietud, en <strong>miedo al fracaso<\/strong>. Este escenario se repite en un patr\u00f3n com\u00fan para <strong>l\u00edderes y personas con gran responsabilidad<\/strong>. Sin embargo, se debe contar con <strong>mecanismos adecuados para combatirlo<\/strong>, de manera que no se convierta en un h\u00e1ndicap en tu carrera profesional.<\/p>\n<h2 align=\"left\">C\u00f3mo detectar el miedo al fracaso en contextos laborales<\/h2>\n<p>La mera posibilidad de cometer errores puede llegar a condicionar a los profesionales hasta extremos insostenibles. En entornos empresariales caracterizados por la b\u00fasqueda de la mejora continua, fallar en un momento determinado puede hacer que la confianza en uno mismo se vea afectada de forma negativa. <strong>Si el sentimiento de verg\u00fcenza o fracaso no se gestiona<\/strong> adecuadamente, puede derivar en afecciones psicol\u00f3gicas m\u00e1s graves, como el <a href=\"https:\/\/empresas.infoempleo.com\/hrtrends\/sindrome-del-quemado\/\" target=\"_blank\" rel=\"noopener\">s\u00edndrome de burnout<\/a>, <a href=\"https:\/\/empresas.infoempleo.com\/hrtrends\/sindrome-del-impostor\/\" target=\"_blank\" rel=\"noopener\">el s\u00edndrome del impostor<\/a> o incluso a experimentar <strong>atiquifobia<\/strong> (un miedo anormal e injustificado a fracasar, a equivocarse o a cometer errores, que condiciona de forma determinante la calidad de vida de quienes lo sufren).<\/p>\n<p>Bien sea por las caracter\u00edsticas propias de la persona o por una mala experiencia, el trastorno que tipifica un miedo irracional al fracaso, conocido como atiquifobia, puede desarrollarse sin control. Las personas afectadas por la atiquifobia presentan unos s\u00edntomas comunes que son f\u00e1cilmente detectables.<\/p>\n<p>A nivel mental, <strong>es com\u00fan que la persona tenga una baja autoestima y cuente con altos niveles de autoexigencia.<\/strong> Esta combinaci\u00f3n da como resultado una <a href=\"https:\/\/empresas.infoempleo.com\/hrtrends\/cuando-el-exceso-de-perfeccion-es-un-problema\/\" target=\"_blank\" rel=\"noopener\">b\u00fasqueda de la perfecci\u00f3n<\/a>\u00a0continua que, a causa de su propia percepci\u00f3n, no llega jam\u00e1s, dado que a su parecer, su trabajo nunca es lo suficientemente bueno. Este pensamiento nocivo, a su vez, <strong>influye en gran medida en c\u00f3mo se comporta en el trabajo y c\u00f3mo se relaciona con sus compa\u00f1eros o superiores.<\/strong><\/p>\n<p>Las personas acusadas de este miedo, pueden presentar poca motivaci\u00f3n y compromiso, adem\u00e1s de evitar situaciones en las que se vean susceptibles a ser el blanco de opiniones ajenas.<\/p>\n<h2 align=\"left\">Estrategias para l\u00edderes<\/h2>\n<p align=\"left\">Si el miedo llega a un extremo condicionante, lo ideal es buscar la <strong>ayuda de un experto que pueda trabajar la fobia<\/strong> en base al caso \u00fanico tratado. Sin embargo, si has detectado patrones que pueden ser comunes a este miedo, existen<strong> estrategias que pueden ayudarte a trabajarlo<\/strong>:<\/p>\n<p align=\"left\"><strong>Identifica cu\u00e1l es la creencia que tienes frente al fracaso<\/strong><\/p>\n<p align=\"left\">En muchas ocasiones, la creencia que albergamos en lo referente a un tema no se ajusta a la realidad. Que puedas cometer un error no significa que lo vayas a hacer siempre. Las experiencias positivas sirven para celebrar, mientras que las negativas sirven para aprender. Ten en cuenta que la experiencia que recibas de tus vivencias depende en gran medida del prisma desde el que quieras visualizarla.<\/p>\n<p align=\"left\"><strong>Traspasa tu zona de confort<\/strong><\/p>\n<p align=\"left\">Evitar hacer ciertas cosas por temor a fallar inhabilita tu capacidad para triunfar. No te cierres a nuevos retos o experiencias y trata, poco a poco, de superar tus propias barreras. Dejar atr\u00e1s las costumbres no siempre es f\u00e1cil, por lo que puedes ir expandiendo tus objetivos a una marcha que te genere seguridad.<\/p>\n<p align=\"left\"><strong>Evita compararte<\/strong><\/p>\n<p align=\"left\">Cada experiencia vital es \u00fanica. Muchas veces existe la creencia arraigada de que el \u00e9xito depende de ciertos est\u00e1ndares. Desecha esa idea. T\u00fa eres quien establece su propia manera de medir el \u00e9xito y sus propios objetivos.<\/p>\n<p align=\"left\"><strong>No temas pedir ayuda<\/strong><\/p>\n<p align=\"left\">Ya sea en el trabajo, con los familiares y amigos o en terapia, pedir ayuda no hace m\u00e1s que sumar. Si sientes que has cometido un error, puedes comentarlo con otros profesionales de tu empresa en busca de consejo. Muchas veces te sorprender\u00e1 saber lo com\u00fan que es errar en ciertas situaciones.<\/p>\n<p align=\"left\">Tambi\u00e9n puedes comentar tus temores con tu entorno m\u00e1s cercano. Ponerle nombre a tus miedos har\u00e1 que pesen un poco menos. Y, por supuesto, en el caso de necesitarlo, no dudes en pedir ayuda psicol\u00f3gica.<\/p>\n<p align=\"left\">Recuerda que el miedo no es sin\u00f3nimo de debilidad y que puedes trabajar para vencerlo.<\/p>\n","protected":false},"excerpt":{"rendered":"<p>Albergar desconfianza acerca de las capacidades propias es m\u00e1s com\u00fan de lo que pueda parecer. En el contexto<a class=\"moretag\" href=\"https:\/\/empresas.infoempleo.com\/hrtrends\/estrategias-para-vencer-el-miedo-al-fracaso-en-el-liderazgo\/\"> Leer m\u00e1s<\/a><\/p>\n","protected":false},"author":146,"featured_media":45855,"comment_status":"closed","ping_status":"closed","sticky":false,"template":"","format":"standard","meta":{"footnotes":""},"categories":[3035],"tags":[59,3697],"class_list":["post-45850","post","type-post","status-publish","format-standard","has-post-thumbnail","hentry","category-consejos","tag-directivos","tag-miedo-al-fracaso"],"yoast_head":"<!-- This site is optimized with the Yoast SEO plugin v26.1.1 - https:\/\/yoast.com\/wordpress\/plugins\/seo\/ -->\n<title>Estrategias efectivas para directivos que enfrentan el miedo al fracaso<\/title>\n<meta name=\"description\" content=\"El miedo al fracaso es com\u00fan en l\u00edderes y personas con gran responsabilidad. Te contamos algunos mecanismos adecuados para combatirlo\" \/>\n<meta name=\"robots\" content=\"index, follow, max-snippet:-1, max-image-preview:large, max-video-preview:-1\" \/>\n<link rel=\"canonical\" href=\"https:\/\/empresas.infoempleo.com\/hrtrends\/estrategias-para-vencer-el-miedo-al-fracaso-en-el-liderazgo\/\" \/>\n<meta property=\"og:locale\" content=\"es_ES\" \/>\n<meta property=\"og:type\" content=\"article\" \/>\n<meta property=\"og:title\" content=\"Estrategias efectivas para directivos que enfrentan el miedo al fracaso\" \/>\n<meta property=\"og:description\" content=\"El miedo al fracaso es com\u00fan en l\u00edderes y personas con gran responsabilidad. Te contamos algunos mecanismos adecuados para combatirlo\" \/>\n<meta property=\"og:url\" content=\"https:\/\/empresas.infoempleo.com\/hrtrends\/estrategias-para-vencer-el-miedo-al-fracaso-en-el-liderazgo\/\" \/>\n<meta property=\"og:site_name\" content=\"HRTRENDS\" \/>\n<meta property=\"article:publisher\" content=\"https:\/\/www.facebook.com\/Infoempleo\" \/>\n<meta property=\"article:published_time\" content=\"2024-10-22T05:30:35+00:00\" \/>\n<meta property=\"article:modified_time\" content=\"2024-12-03T16:24:28+00:00\" \/>\n<meta property=\"og:image\" content=\"https:\/\/empresas.infoempleo.com\/hrtrends\/media\/2024\/10\/Lider-experimentando-miedo-al-fracaso.jpg\" \/>\n\t<meta property=\"og:image:width\" content=\"1200\" \/>\n\t<meta property=\"og:image:height\" content=\"800\" \/>\n\t<meta property=\"og:image:type\" content=\"image\/jpeg\" \/>\n<meta name=\"author\" content=\"Sandra R. Martos\" \/>\n<meta name=\"twitter:card\" content=\"summary_large_image\" \/>\n<meta name=\"twitter:creator\" content=\"@infoempleo\" \/>\n<meta name=\"twitter:site\" content=\"@infoempleo\" \/>\n<meta name=\"twitter:label1\" content=\"Escrito por\" \/>\n\t<meta name=\"twitter:data1\" content=\"Sandra R. Martos\" \/>\n\t<meta name=\"twitter:label2\" content=\"Tiempo de lectura\" \/>\n\t<meta name=\"twitter:data2\" content=\"4 minutos\" \/>\n<script type=\"application\/ld+json\" class=\"yoast-schema-graph\">{\"@context\":\"https:\/\/schema.org\",\"@graph\":[{\"@type\":\"NewsArticle\",\"@id\":\"https:\/\/empresas.infoempleo.com\/hrtrends\/estrategias-para-vencer-el-miedo-al-fracaso-en-el-liderazgo\/#article\",\"isPartOf\":{\"@id\":\"https:\/\/empresas.infoempleo.com\/hrtrends\/estrategias-para-vencer-el-miedo-al-fracaso-en-el-liderazgo\/\"},\"author\":{\"name\":\"Sandra R. Martos\",\"@id\":\"https:\/\/empresas.infoempleo.com\/hrtrends\/#\/schema\/person\/d24c95f005bb213d5442bfb9916f0cf1\"},\"headline\":\"Estrategias efectivas para directivos que enfrentan el miedo al fracaso\",\"datePublished\":\"2024-10-22T05:30:35+00:00\",\"dateModified\":\"2024-12-03T16:24:28+00:00\",\"mainEntityOfPage\":{\"@id\":\"https:\/\/empresas.infoempleo.com\/hrtrends\/estrategias-para-vencer-el-miedo-al-fracaso-en-el-liderazgo\/\"},\"wordCount\":744,\"publisher\":{\"@id\":\"https:\/\/empresas.infoempleo.com\/hrtrends\/#organization\"},\"image\":{\"@id\":\"https:\/\/empresas.infoempleo.com\/hrtrends\/estrategias-para-vencer-el-miedo-al-fracaso-en-el-liderazgo\/#primaryimage\"},\"thumbnailUrl\":\"https:\/\/empresas.infoempleo.com\/hrtrends\/media\/2024\/10\/Lider-experimentando-miedo-al-fracaso.jpg\",\"keywords\":[\"directivos\",\"miedo al fracaso\"],\"articleSection\":[\"Consejos\"],\"inLanguage\":\"es\",\"copyrightYear\":\"2024\",\"copyrightHolder\":{\"@id\":\"https:\/\/empresas.infoempleo.com\/hrtrends\/#organization\"}},{\"@type\":\"WebPage\",\"@id\":\"https:\/\/empresas.infoempleo.com\/hrtrends\/estrategias-para-vencer-el-miedo-al-fracaso-en-el-liderazgo\/\",\"url\":\"https:\/\/empresas.infoempleo.com\/hrtrends\/estrategias-para-vencer-el-miedo-al-fracaso-en-el-liderazgo\/\",\"name\":\"Estrategias efectivas para directivos que enfrentan el miedo al fracaso\",\"isPartOf\":{\"@id\":\"https:\/\/empresas.infoempleo.com\/hrtrends\/#website\"},\"primaryImageOfPage\":{\"@id\":\"https:\/\/empresas.infoempleo.com\/hrtrends\/estrategias-para-vencer-el-miedo-al-fracaso-en-el-liderazgo\/#primaryimage\"},\"image\":{\"@id\":\"https:\/\/empresas.infoempleo.com\/hrtrends\/estrategias-para-vencer-el-miedo-al-fracaso-en-el-liderazgo\/#primaryimage\"},\"thumbnailUrl\":\"https:\/\/empresas.infoempleo.com\/hrtrends\/media\/2024\/10\/Lider-experimentando-miedo-al-fracaso.jpg\",\"datePublished\":\"2024-10-22T05:30:35+00:00\",\"dateModified\":\"2024-12-03T16:24:28+00:00\",\"description\":\"El miedo al fracaso es com\u00fan en l\u00edderes y personas con gran responsabilidad. Te contamos algunos mecanismos adecuados para combatirlo\",\"breadcrumb\":{\"@id\":\"https:\/\/empresas.infoempleo.com\/hrtrends\/estrategias-para-vencer-el-miedo-al-fracaso-en-el-liderazgo\/#breadcrumb\"},\"inLanguage\":\"es\",\"potentialAction\":[{\"@type\":\"ReadAction\",\"target\":[\"https:\/\/empresas.infoempleo.com\/hrtrends\/estrategias-para-vencer-el-miedo-al-fracaso-en-el-liderazgo\/\"]}]},{\"@type\":\"ImageObject\",\"inLanguage\":\"es\",\"@id\":\"https:\/\/empresas.infoempleo.com\/hrtrends\/estrategias-para-vencer-el-miedo-al-fracaso-en-el-liderazgo\/#primaryimage\",\"url\":\"https:\/\/empresas.infoempleo.com\/hrtrends\/media\/2024\/10\/Lider-experimentando-miedo-al-fracaso-150x150.jpg\",\"contentUrl\":\"https:\/\/empresas.infoempleo.com\/hrtrends\/media\/2024\/10\/Lider-experimentando-miedo-al-fracaso-150x150.jpg\",\"width\":150,\"height\":150,\"caption\":\"L\u00edder experimentando miedo al fracaso\"},{\"@type\":\"BreadcrumbList\",\"@id\":\"https:\/\/empresas.infoempleo.com\/hrtrends\/estrategias-para-vencer-el-miedo-al-fracaso-en-el-liderazgo\/#breadcrumb\",\"itemListElement\":[{\"@type\":\"ListItem\",\"position\":1,\"name\":\"Portada\",\"item\":\"https:\/\/empresas.infoempleo.com\/hrtrends\/\"},{\"@type\":\"ListItem\",\"position\":2,\"name\":\"Estrategias efectivas para directivos que enfrentan el miedo al fracaso\"}]},{\"@type\":\"WebSite\",\"@id\":\"https:\/\/empresas.infoempleo.com\/hrtrends\/#website\",\"url\":\"https:\/\/empresas.infoempleo.com\/hrtrends\",\"name\":\"HRTrends by Infoempleo\",\"description\":\"\",\"publisher\":{\"@id\":\"https:\/\/empresas.infoempleo.com\/hrtrends\/#organization\"},\"potentialAction\":{\"@type\":\"SearchAction\",\"target\":\"https:\/\/empresas.infoempleo.com\/hrtrends\/?s={search_term_string}\",\"query-input\":\"required name=search_term_string\"},\"inLanguage\":\"es\"},{\"@type\":\"Organization\",\"@id\":\"https:\/\/empresas.infoempleo.com\/hrtrends\/#organization\",\"name\":\"Infoempleo\",\"url\":\"https:\/\/www.infoempleo.com\/\",\"logo\":{\"@type\":\"ImageObject\",\"@id\":\"https:\/\/empresas.infoempleo.com\/hrtrends\/#logo\",\"inLanguage\":\"es\",\"url\":\"https:\/\/cdnazure.infoempleo.com\/infoempleo\/assets\/style\/gfx\/logo.svg\",\"contentUrl\":\"https:\/\/cdnazure.infoempleo.com\/infoempleo\/assets\/style\/gfx\/logo.svg\",\"width\":150,\"height\":40,\"caption\":\"Infoempleo\"},\"image\":{\"@id\":\"https:\/\/empresas.infoempleo.com\/hrtrends\/#logo\"},\"sameAs\":[\"https:\/\/www.facebook.com\/Infoempleo\",\"https:\/\/x.com\/infoempleo\",\"http:\/\/instagram.com\/infoempleo\/\",\"http:\/\/www.linkedin.com\/groups\/Empleo-Espa\u00f1a-Infoempleocom-111276\",\"http:\/\/pinterest.com\/infoempleo\/\"],\"address\":{\"@type\":\"PostalAddress\",\"addressLocality\":\"Madrid\",\"postalCode\":\"28050\",\"streetAddress\":\"Avenida de Burgos 114\"},\"brand\":[\"Infoempleo\"]},{\"@type\":\"Person\",\"@id\":\"https:\/\/empresas.infoempleo.com\/hrtrends\/#\/schema\/person\/d24c95f005bb213d5442bfb9916f0cf1\",\"name\":\"Sandra R. Martos\",\"image\":{\"@type\":\"ImageObject\",\"inLanguage\":\"es\",\"@id\":\"https:\/\/empresas.infoempleo.com\/hrtrends\/#\/schema\/person\/image\/\",\"url\":\"https:\/\/secure.gravatar.com\/avatar\/416b738ea045864f60be6f729d868b5b8807d320c6de9f29d2506b477304ed75?s=96&d=mm&r=g\",\"contentUrl\":\"https:\/\/secure.gravatar.com\/avatar\/416b738ea045864f60be6f729d868b5b8807d320c6de9f29d2506b477304ed75?s=96&d=mm&r=g\",\"caption\":\"Sandra R. Martos\"},\"url\":\"https:\/\/empresas.infoempleo.com\/hrtrends\/author\/srmartos\/\"}]}<\/script>\n<!-- \/ Yoast SEO plugin. -->","yoast_head_json":{"title":"Estrategias efectivas para directivos que enfrentan el miedo al fracaso","description":"El miedo al fracaso es com\u00fan en l\u00edderes y personas con gran responsabilidad. Te contamos algunos mecanismos adecuados para combatirlo","robots":{"index":"index","follow":"follow","max-snippet":"max-snippet:-1","max-image-preview":"max-image-preview:large","max-video-preview":"max-video-preview:-1"},"canonical":"https:\/\/empresas.infoempleo.com\/hrtrends\/estrategias-para-vencer-el-miedo-al-fracaso-en-el-liderazgo\/","og_locale":"es_ES","og_type":"article","og_title":"Estrategias efectivas para directivos que enfrentan el miedo al fracaso","og_description":"El miedo al fracaso es com\u00fan en l\u00edderes y personas con gran responsabilidad. Te contamos algunos mecanismos adecuados para combatirlo","og_url":"https:\/\/empresas.infoempleo.com\/hrtrends\/estrategias-para-vencer-el-miedo-al-fracaso-en-el-liderazgo\/","og_site_name":"HRTRENDS","article_publisher":"https:\/\/www.facebook.com\/Infoempleo","article_published_time":"2024-10-22T05:30:35+00:00","article_modified_time":"2024-12-03T16:24:28+00:00","og_image":[{"width":1200,"height":800,"url":"https:\/\/empresas.infoempleo.com\/hrtrends\/media\/2024\/10\/Lider-experimentando-miedo-al-fracaso.jpg","type":"image\/jpeg"}],"author":"Sandra R. Martos","twitter_card":"summary_large_image","twitter_creator":"@infoempleo","twitter_site":"@infoempleo","twitter_misc":{"Escrito por":"Sandra R. Martos","Tiempo de lectura":"4 minutos"},"schema":{"@context":"https:\/\/schema.org","@graph":[{"@type":"NewsArticle","@id":"https:\/\/empresas.infoempleo.com\/hrtrends\/estrategias-para-vencer-el-miedo-al-fracaso-en-el-liderazgo\/#article","isPartOf":{"@id":"https:\/\/empresas.infoempleo.com\/hrtrends\/estrategias-para-vencer-el-miedo-al-fracaso-en-el-liderazgo\/"},"author":{"name":"Sandra R. Martos","@id":"https:\/\/empresas.infoempleo.com\/hrtrends\/#\/schema\/person\/d24c95f005bb213d5442bfb9916f0cf1"},"headline":"Estrategias efectivas para directivos que enfrentan el miedo al fracaso","datePublished":"2024-10-22T05:30:35+00:00","dateModified":"2024-12-03T16:24:28+00:00","mainEntityOfPage":{"@id":"https:\/\/empresas.infoempleo.com\/hrtrends\/estrategias-para-vencer-el-miedo-al-fracaso-en-el-liderazgo\/"},"wordCount":744,"publisher":{"@id":"https:\/\/empresas.infoempleo.com\/hrtrends\/#organization"},"image":{"@id":"https:\/\/empresas.infoempleo.com\/hrtrends\/estrategias-para-vencer-el-miedo-al-fracaso-en-el-liderazgo\/#primaryimage"},"thumbnailUrl":"https:\/\/empresas.infoempleo.com\/hrtrends\/media\/2024\/10\/Lider-experimentando-miedo-al-fracaso.jpg","keywords":["directivos","miedo al fracaso"],"articleSection":["Consejos"],"inLanguage":"es","copyrightYear":"2024","copyrightHolder":{"@id":"https:\/\/empresas.infoempleo.com\/hrtrends\/#organization"}},{"@type":"WebPage","@id":"https:\/\/empresas.infoempleo.com\/hrtrends\/estrategias-para-vencer-el-miedo-al-fracaso-en-el-liderazgo\/","url":"https:\/\/empresas.infoempleo.com\/hrtrends\/estrategias-para-vencer-el-miedo-al-fracaso-en-el-liderazgo\/","name":"Estrategias efectivas para directivos que enfrentan el miedo al fracaso","isPartOf":{"@id":"https:\/\/empresas.infoempleo.com\/hrtrends\/#website"},"primaryImageOfPage":{"@id":"https:\/\/empresas.infoempleo.com\/hrtrends\/estrategias-para-vencer-el-miedo-al-fracaso-en-el-liderazgo\/#primaryimage"},"image":{"@id":"https:\/\/empresas.infoempleo.com\/hrtrends\/estrategias-para-vencer-el-miedo-al-fracaso-en-el-liderazgo\/#primaryimage"},"thumbnailUrl":"https:\/\/empresas.infoempleo.com\/hrtrends\/media\/2024\/10\/Lider-experimentando-miedo-al-fracaso.jpg","datePublished":"2024-10-22T05:30:35+00:00","dateModified":"2024-12-03T16:24:28+00:00","description":"El miedo al fracaso es com\u00fan en l\u00edderes y personas con gran responsabilidad. Te contamos algunos mecanismos adecuados para combatirlo","breadcrumb":{"@id":"https:\/\/empresas.infoempleo.com\/hrtrends\/estrategias-para-vencer-el-miedo-al-fracaso-en-el-liderazgo\/#breadcrumb"},"inLanguage":"es","potentialAction":[{"@type":"ReadAction","target":["https:\/\/empresas.infoempleo.com\/hrtrends\/estrategias-para-vencer-el-miedo-al-fracaso-en-el-liderazgo\/"]}]},{"@type":"ImageObject","inLanguage":"es","@id":"https:\/\/empresas.infoempleo.com\/hrtrends\/estrategias-para-vencer-el-miedo-al-fracaso-en-el-liderazgo\/#primaryimage","url":"https:\/\/empresas.infoempleo.com\/hrtrends\/media\/2024\/10\/Lider-experimentando-miedo-al-fracaso-150x150.jpg","contentUrl":"https:\/\/empresas.infoempleo.com\/hrtrends\/media\/2024\/10\/Lider-experimentando-miedo-al-fracaso-150x150.jpg","width":150,"height":150,"caption":"L\u00edder experimentando miedo al fracaso"},{"@type":"BreadcrumbList","@id":"https:\/\/empresas.infoempleo.com\/hrtrends\/estrategias-para-vencer-el-miedo-al-fracaso-en-el-liderazgo\/#breadcrumb","itemListElement":[{"@type":"ListItem","position":1,"name":"Portada","item":"https:\/\/empresas.infoempleo.com\/hrtrends\/"},{"@type":"ListItem","position":2,"name":"Estrategias efectivas para directivos que enfrentan el miedo al fracaso"}]},{"@type":"WebSite","@id":"https:\/\/empresas.infoempleo.com\/hrtrends\/#website","url":"https:\/\/empresas.infoempleo.com\/hrtrends","name":"HRTrends by Infoempleo","description":"","publisher":{"@id":"https:\/\/empresas.infoempleo.com\/hrtrends\/#organization"},"potentialAction":{"@type":"SearchAction","target":"https:\/\/empresas.infoempleo.com\/hrtrends\/?s={search_term_string}","query-input":"required name=search_term_string"},"inLanguage":"es"},{"@type":"Organization","@id":"https:\/\/empresas.infoempleo.com\/hrtrends\/#organization","name":"Infoempleo","url":"https:\/\/www.infoempleo.com\/","logo":{"@type":"ImageObject","@id":"https:\/\/empresas.infoempleo.com\/hrtrends\/#logo","inLanguage":"es","url":"https:\/\/cdnazure.infoempleo.com\/infoempleo\/assets\/style\/gfx\/logo.svg","contentUrl":"https:\/\/cdnazure.infoempleo.com\/infoempleo\/assets\/style\/gfx\/logo.svg","width":150,"height":40,"caption":"Infoempleo"},"image":{"@id":"https:\/\/empresas.infoempleo.com\/hrtrends\/#logo"},"sameAs":["https:\/\/www.facebook.com\/Infoempleo","https:\/\/x.com\/infoempleo","http:\/\/instagram.com\/infoempleo\/","http:\/\/www.linkedin.com\/groups\/Empleo-Espa\u00f1a-Infoempleocom-111276","http:\/\/pinterest.com\/infoempleo\/"],"address":{"@type":"PostalAddress","addressLocality":"Madrid","postalCode":"28050","streetAddress":"Avenida de Burgos 114"},"brand":["Infoempleo"]},{"@type":"Person","@id":"https:\/\/empresas.infoempleo.com\/hrtrends\/#\/schema\/person\/d24c95f005bb213d5442bfb9916f0cf1","name":"Sandra R. Martos","image":{"@type":"ImageObject","inLanguage":"es","@id":"https:\/\/empresas.infoempleo.com\/hrtrends\/#\/schema\/person\/image\/","url":"https:\/\/secure.gravatar.com\/avatar\/416b738ea045864f60be6f729d868b5b8807d320c6de9f29d2506b477304ed75?s=96&d=mm&r=g","contentUrl":"https:\/\/secure.gravatar.com\/avatar\/416b738ea045864f60be6f729d868b5b8807d320c6de9f29d2506b477304ed75?s=96&d=mm&r=g","caption":"Sandra R. Martos"},"url":"https:\/\/empresas.infoempleo.com\/hrtrends\/author\/srmartos\/"}]}},"amp_enabled":true,"_links":{"self":[{"href":"https:\/\/empresas.infoempleo.com\/hrtrends\/wp-json\/wp\/v2\/posts\/45850","targetHints":{"allow":["GET"]}}],"collection":[{"href":"https:\/\/empresas.infoempleo.com\/hrtrends\/wp-json\/wp\/v2\/posts"}],"about":[{"href":"https:\/\/empresas.infoempleo.com\/hrtrends\/wp-json\/wp\/v2\/types\/post"}],"author":[{"embeddable":true,"href":"https:\/\/empresas.infoempleo.com\/hrtrends\/wp-json\/wp\/v2\/users\/146"}],"replies":[{"embeddable":true,"href":"https:\/\/empresas.infoempleo.com\/hrtrends\/wp-json\/wp\/v2\/comments?post=45850"}],"version-history":[{"count":8,"href":"https:\/\/empresas.infoempleo.com\/hrtrends\/wp-json\/wp\/v2\/posts\/45850\/revisions"}],"predecessor-version":[{"id":45880,"href":"https:\/\/empresas.infoempleo.com\/hrtrends\/wp-json\/wp\/v2\/posts\/45850\/revisions\/45880"}],"wp:featuredmedia":[{"embeddable":true,"href":"https:\/\/empresas.infoempleo.com\/hrtrends\/wp-json\/wp\/v2\/media\/45855"}],"wp:attachment":[{"href":"https:\/\/empresas.infoempleo.com\/hrtrends\/wp-json\/wp\/v2\/media?parent=45850"}],"wp:term":[{"taxonomy":"category","embeddable":true,"href":"https:\/\/empresas.infoempleo.com\/hrtrends\/wp-json\/wp\/v2\/categories?post=45850"},{"taxonomy":"post_tag","embeddable":true,"href":"https:\/\/empresas.infoempleo.com\/hrtrends\/wp-json\/wp\/v2\/tags?post=45850"}],"curies":[{"name":"wp","href":"https:\/\/api.w.org\/{rel}","templated":true}]}}