{"id":45617,"date":"2024-09-11T07:00:56","date_gmt":"2024-09-11T05:00:56","guid":{"rendered":"https:\/\/empresas.infoempleo.com\/hrtrends\/?p=45617"},"modified":"2024-09-09T17:30:36","modified_gmt":"2024-09-09T15:30:36","slug":"ley-crea-y-crece-en-que-consiste-y-que-claves-de-facturacion-electronica-establece","status":"publish","type":"post","link":"https:\/\/empresas.infoempleo.com\/hrtrends\/ley-crea-y-crece-en-que-consiste-y-que-claves-de-facturacion-electronica-establece\/","title":{"rendered":"Ley Crea y Crece: \u00bfEn qu\u00e9 consiste y qu\u00e9 claves de facturaci\u00f3n electr\u00f3nica establece?"},"content":{"rendered":"<p>Una de las principales caracter\u00edsticas de los avances tecnol\u00f3gicos en las empresas es la <strong>digitalizaci\u00f3n<\/strong>. El trabajo en la nube, la importancia del <em>Big Data<\/em> o la b\u00fasqueda de la simplificaci\u00f3n burocr\u00e1tica, empujan a los nuevos negocios de emprendimiento y a las pymes tradicionales a una constante inversi\u00f3n en tecnolog\u00eda. En este art\u00edculo, hablaremos de la <strong>Ley Crea y Crece<\/strong> y de las obligaciones que plantea respecto a la llamada<strong> factura electr\u00f3nica<\/strong>.<\/p>\n<h2>Ley Crea y Crece y facturas electr\u00f3nicas: un marco de impulso al emprendimiento<\/h2>\n<p>La Ley 18\/2022 de creaci\u00f3n y crecimiento de empresas, m\u00e1s conocida como<strong> la Ley Crea y Crece, tiene como objetivo principal impulsar el crecimiento empresarial<\/strong> en nuestro pa\u00eds, desde diferentes \u00e1mbitos y puntos de apoyo.<\/p>\n<p>Uno de los principales fines de la Ley es favorecer la agilidad administrativa respecto a la puesta en funcionamiento de cualquier negocio en Espa\u00f1a, buscando tambi\u00e9n la reducci\u00f3n del capital m\u00ednimo necesario. Igualmente <strong>busca impulsar la <a href=\"https:\/\/empresas.infoempleo.com\/hrtrends\/7-ventajas-de-digitalizar-las-nominas-de-los-trabajadores-en-tu-empresa\/\" target=\"_blank\" rel=\"noopener\">digitalizaci\u00f3n en el seno de las empresas<\/a><\/strong>, promoviendo diferentes medidas de calado en este sentido.<\/p>\n<p>Uno de los aspectos m\u00e1s importantes de la ley es la<strong> introducci\u00f3n de la obligatoriedad de la utilizaci\u00f3n de la factura electr\u00f3nica<\/strong> para las empresas en todas sus transacciones comerciales, ya sea entre empresas privadas o con la propia administraci\u00f3n. De hecho, las administraciones ya han implantado desde hace algunos a\u00f1os un sistema de facturaci\u00f3n electr\u00f3nica como, por ejemplo, FACE u otros similares.<\/p>\n<p>Con esta medida tan importante y que se aplicar\u00e1 a nivel nacional sin distinci\u00f3n alguna, <strong>el regulador quiere conseguir alguno de estos objetivos<\/strong>:<\/p>\n<ol>\n<li><strong>Aumentar la transparencia<\/strong>: ya que con este sistema, se reducir\u00e1n a su m\u00ednima expresi\u00f3n aquellas actividades de econom\u00eda sumergida que tanto da\u00f1o hacen a la regulaci\u00f3n del mercado y al negocio de las empresas.<\/li>\n<li><strong>Reducir la morosidad<\/strong>: gracias a la factura electr\u00f3nica, se podr\u00e1 llevar a cabo mucho mejor el control de los pagos y las deudas entre empresas, reduciendo los plazos de los mismos.<\/li>\n<li><strong>Reducir costes<\/strong>: principalmente en relaci\u00f3n a costes indirectos relacionados con el proceso de facturaci\u00f3n y cobro de las empresas.<\/li>\n<\/ol>\n<p><img loading=\"lazy\" decoding=\"async\" class=\"aligncenter size-full wp-image-45595\" src=\"https:\/\/empresas.infoempleo.com\/hrtrends\/media\/2024\/09\/Trabajadoras-averiguando-en-que-consiste-la-Ley-Crea-y-Crece.jpg\" alt=\"Trabajadoras averiguando en qu\u00e9 consiste la Ley Crea y Crece\" width=\"800\" height=\"529\" srcset=\"https:\/\/empresas.infoempleo.com\/hrtrends\/media\/2024\/09\/Trabajadoras-averiguando-en-que-consiste-la-Ley-Crea-y-Crece.jpg 800w, https:\/\/empresas.infoempleo.com\/hrtrends\/media\/2024\/09\/Trabajadoras-averiguando-en-que-consiste-la-Ley-Crea-y-Crece-300x198.jpg 300w, https:\/\/empresas.infoempleo.com\/hrtrends\/media\/2024\/09\/Trabajadoras-averiguando-en-que-consiste-la-Ley-Crea-y-Crece-768x508.jpg 768w\" sizes=\"auto, (max-width: 800px) 100vw, 800px\" \/><\/p>\n<h2>Otros aspectos a tener en cuenta sobre la Ley<\/h2>\n<p>Como dec\u00edamos, y aunque para realizar cualquier trabajo comercial con las administraciones p\u00fablicas ya es obligatorio el uso de la factura electr\u00f3nica, <strong>la entrada en vigor de la factura electr\u00f3nica tendr\u00e1 lugar, presumiblemente, en el mes de enero de 2025<\/strong>. Actualmente, y aunque la ley se aprob\u00f3 hace dos a\u00f1os, estamos a la espera de la publicaci\u00f3n del reglamento que definir\u00e1 la forma de presentaci\u00f3n de estas facturas.<\/p>\n<p>No obstante, este mecanismo<strong> se introducir\u00e1 de forma escalonada.<\/strong> En un primer momento, se estima que deban acceder a la misma las empresas con una facturaci\u00f3n superior a los 8 millones de euros para, posteriormente, hacerlo extensible al resto de empresas y aut\u00f3nomos.<\/p>\n<p>Una vez que est\u00e9 implantado de forma definitiva, <strong>los sistemas de facturaci\u00f3n de las empresas deber\u00e1n cumplir con los siguientes requisitos<\/strong>:<\/p>\n<ul>\n<li><strong>Integridad, trazabilidad<\/strong>: las facturas, al emitirse, deben cumplir con unos niveles m\u00ednimos de seguridad, que faciliten su control y su gesti\u00f3n por parte de la empresa y su cliente.<\/li>\n<li><strong>Interoperabilidad de <em>softwares<\/em><\/strong>: ser\u00e1 obligatorio que el software de gesti\u00f3n de facturas que tengamos implantado, sea compatible con el resto de sistemas de las empresas y la administraci\u00f3n.<\/li>\n<\/ul>\n<p>Dada la importancia de esta gesti\u00f3n, las<em> <a href=\"https:\/\/empresas.infoempleo.com\/hrtrends\/nueva-ley-de-startups-principales-claves\/\" target=\"_blank\" rel=\"noopener\">startups<\/a><\/em> y el resto de empresas, deber\u00e1n acometer ciertas inversiones para adaptar sus procesos de cobro a esta nueva obligatoriedad. En ese sentido, <strong>se pondr\u00e1n en marcha ayudas y subvenciones de apoyo financiero a las empresas<\/strong> para sufragar dichos gastos.<\/p>\n","protected":false},"excerpt":{"rendered":"<p>Una de las principales caracter\u00edsticas de los avances tecnol\u00f3gicos en las empresas es la digitalizaci\u00f3n. El trabajo en<a class=\"moretag\" href=\"https:\/\/empresas.infoempleo.com\/hrtrends\/ley-crea-y-crece-en-que-consiste-y-que-claves-de-facturacion-electronica-establece\/\"> Leer m\u00e1s<\/a><\/p>\n","protected":false},"author":142,"featured_media":45594,"comment_status":"closed","ping_status":"closed","sticky":false,"template":"","format":"standard","meta":{"footnotes":""},"categories":[3],"tags":[3678,3677,510],"class_list":["post-45617","post","type-post","status-publish","format-standard","has-post-thumbnail","hentry","category-actualidad","tag-facturacion-electronica","tag-ley-crea-y-crece","tag-nuevas-tecnologias"],"yoast_head":"<!-- This site is optimized with the Yoast SEO plugin v26.1.1 - https:\/\/yoast.com\/wordpress\/plugins\/seo\/ -->\n<title>Ley Crea y Crece: Claves sobre la facturaci\u00f3n electr\u00f3nica<\/title>\n<meta name=\"description\" content=\"Hablamos de la Ley Crea y Crece y de la repercusi\u00f3n que tendr\u00e1 la obligatoriedad de la factura electr\u00f3nica en las pymes espa\u00f1olas\" \/>\n<meta name=\"robots\" content=\"index, follow, max-snippet:-1, max-image-preview:large, max-video-preview:-1\" \/>\n<link rel=\"canonical\" href=\"https:\/\/empresas.infoempleo.com\/hrtrends\/ley-crea-y-crece-en-que-consiste-y-que-claves-de-facturacion-electronica-establece\/\" \/>\n<meta property=\"og:locale\" content=\"es_ES\" \/>\n<meta property=\"og:type\" content=\"article\" \/>\n<meta property=\"og:title\" content=\"Ley Crea y Crece: Claves sobre la facturaci\u00f3n electr\u00f3nica\" \/>\n<meta property=\"og:description\" content=\"Hablamos de la Ley Crea y Crece y de la repercusi\u00f3n que tendr\u00e1 la obligatoriedad de la factura electr\u00f3nica en las pymes espa\u00f1olas\" \/>\n<meta property=\"og:url\" content=\"https:\/\/empresas.infoempleo.com\/hrtrends\/ley-crea-y-crece-en-que-consiste-y-que-claves-de-facturacion-electronica-establece\/\" \/>\n<meta property=\"og:site_name\" content=\"HRTRENDS\" \/>\n<meta property=\"article:publisher\" content=\"https:\/\/www.facebook.com\/Infoempleo\" \/>\n<meta property=\"article:published_time\" content=\"2024-09-11T05:00:56+00:00\" \/>\n<meta property=\"og:image\" content=\"https:\/\/empresas.infoempleo.com\/hrtrends\/media\/2024\/09\/Profesional-recabando-las-claves-de-la-Ley-Crea-y-Crece.jpg\" \/>\n\t<meta property=\"og:image:width\" content=\"1200\" \/>\n\t<meta property=\"og:image:height\" content=\"800\" \/>\n\t<meta property=\"og:image:type\" content=\"image\/jpeg\" \/>\n<meta name=\"author\" content=\"Javier F. Parra\" \/>\n<meta name=\"twitter:card\" content=\"summary_large_image\" \/>\n<meta name=\"twitter:creator\" content=\"@infoempleo\" \/>\n<meta name=\"twitter:site\" content=\"@infoempleo\" \/>\n<meta name=\"twitter:label1\" content=\"Escrito por\" \/>\n\t<meta name=\"twitter:data1\" content=\"Javier F. Parra\" \/>\n\t<meta name=\"twitter:label2\" content=\"Tiempo de lectura\" \/>\n\t<meta name=\"twitter:data2\" content=\"3 minutos\" \/>\n<script type=\"application\/ld+json\" class=\"yoast-schema-graph\">{\"@context\":\"https:\/\/schema.org\",\"@graph\":[{\"@type\":\"NewsArticle\",\"@id\":\"https:\/\/empresas.infoempleo.com\/hrtrends\/ley-crea-y-crece-en-que-consiste-y-que-claves-de-facturacion-electronica-establece\/#article\",\"isPartOf\":{\"@id\":\"https:\/\/empresas.infoempleo.com\/hrtrends\/ley-crea-y-crece-en-que-consiste-y-que-claves-de-facturacion-electronica-establece\/\"},\"author\":{\"name\":\"Javier F. Parra\",\"@id\":\"https:\/\/empresas.infoempleo.com\/hrtrends\/#\/schema\/person\/bfe2fef977b750c22ac6f7d254c75afe\"},\"headline\":\"Ley Crea y Crece: \u00bfEn qu\u00e9 consiste y qu\u00e9 claves de facturaci\u00f3n electr\u00f3nica establece?\",\"datePublished\":\"2024-09-11T05:00:56+00:00\",\"mainEntityOfPage\":{\"@id\":\"https:\/\/empresas.infoempleo.com\/hrtrends\/ley-crea-y-crece-en-que-consiste-y-que-claves-de-facturacion-electronica-establece\/\"},\"wordCount\":654,\"publisher\":{\"@id\":\"https:\/\/empresas.infoempleo.com\/hrtrends\/#organization\"},\"image\":{\"@id\":\"https:\/\/empresas.infoempleo.com\/hrtrends\/ley-crea-y-crece-en-que-consiste-y-que-claves-de-facturacion-electronica-establece\/#primaryimage\"},\"thumbnailUrl\":\"https:\/\/empresas.infoempleo.com\/hrtrends\/media\/2024\/09\/Profesional-recabando-las-claves-de-la-Ley-Crea-y-Crece.jpg\",\"keywords\":[\"facturaci\u00f3n electr\u00f3nica\",\"Ley Crea y Crece\",\"nuevas tecnolog\u00edas\"],\"articleSection\":[\"Actualidad\"],\"inLanguage\":\"es\",\"copyrightYear\":\"2024\",\"copyrightHolder\":{\"@id\":\"https:\/\/empresas.infoempleo.com\/hrtrends\/#organization\"}},{\"@type\":\"WebPage\",\"@id\":\"https:\/\/empresas.infoempleo.com\/hrtrends\/ley-crea-y-crece-en-que-consiste-y-que-claves-de-facturacion-electronica-establece\/\",\"url\":\"https:\/\/empresas.infoempleo.com\/hrtrends\/ley-crea-y-crece-en-que-consiste-y-que-claves-de-facturacion-electronica-establece\/\",\"name\":\"Ley Crea y Crece: Claves sobre la facturaci\u00f3n electr\u00f3nica\",\"isPartOf\":{\"@id\":\"https:\/\/empresas.infoempleo.com\/hrtrends\/#website\"},\"primaryImageOfPage\":{\"@id\":\"https:\/\/empresas.infoempleo.com\/hrtrends\/ley-crea-y-crece-en-que-consiste-y-que-claves-de-facturacion-electronica-establece\/#primaryimage\"},\"image\":{\"@id\":\"https:\/\/empresas.infoempleo.com\/hrtrends\/ley-crea-y-crece-en-que-consiste-y-que-claves-de-facturacion-electronica-establece\/#primaryimage\"},\"thumbnailUrl\":\"https:\/\/empresas.infoempleo.com\/hrtrends\/media\/2024\/09\/Profesional-recabando-las-claves-de-la-Ley-Crea-y-Crece.jpg\",\"datePublished\":\"2024-09-11T05:00:56+00:00\",\"description\":\"Hablamos de la Ley Crea y Crece y de la repercusi\u00f3n que tendr\u00e1 la obligatoriedad de la factura electr\u00f3nica en las pymes espa\u00f1olas\",\"breadcrumb\":{\"@id\":\"https:\/\/empresas.infoempleo.com\/hrtrends\/ley-crea-y-crece-en-que-consiste-y-que-claves-de-facturacion-electronica-establece\/#breadcrumb\"},\"inLanguage\":\"es\",\"potentialAction\":[{\"@type\":\"ReadAction\",\"target\":[\"https:\/\/empresas.infoempleo.com\/hrtrends\/ley-crea-y-crece-en-que-consiste-y-que-claves-de-facturacion-electronica-establece\/\"]}]},{\"@type\":\"ImageObject\",\"inLanguage\":\"es\",\"@id\":\"https:\/\/empresas.infoempleo.com\/hrtrends\/ley-crea-y-crece-en-que-consiste-y-que-claves-de-facturacion-electronica-establece\/#primaryimage\",\"url\":\"https:\/\/empresas.infoempleo.com\/hrtrends\/media\/2024\/09\/Profesional-recabando-las-claves-de-la-Ley-Crea-y-Crece-150x150.jpg\",\"contentUrl\":\"https:\/\/empresas.infoempleo.com\/hrtrends\/media\/2024\/09\/Profesional-recabando-las-claves-de-la-Ley-Crea-y-Crece-150x150.jpg\",\"width\":150,\"height\":150,\"caption\":\"Profesional recabando las claves de la Ley Crea y Crece\"},{\"@type\":\"BreadcrumbList\",\"@id\":\"https:\/\/empresas.infoempleo.com\/hrtrends\/ley-crea-y-crece-en-que-consiste-y-que-claves-de-facturacion-electronica-establece\/#breadcrumb\",\"itemListElement\":[{\"@type\":\"ListItem\",\"position\":1,\"name\":\"Portada\",\"item\":\"https:\/\/empresas.infoempleo.com\/hrtrends\/\"},{\"@type\":\"ListItem\",\"position\":2,\"name\":\"Ley Crea y Crece: \u00bfEn qu\u00e9 consiste y qu\u00e9 claves de facturaci\u00f3n electr\u00f3nica establece?\"}]},{\"@type\":\"WebSite\",\"@id\":\"https:\/\/empresas.infoempleo.com\/hrtrends\/#website\",\"url\":\"https:\/\/empresas.infoempleo.com\/hrtrends\",\"name\":\"HRTrends by Infoempleo\",\"description\":\"\",\"publisher\":{\"@id\":\"https:\/\/empresas.infoempleo.com\/hrtrends\/#organization\"},\"potentialAction\":{\"@type\":\"SearchAction\",\"target\":\"https:\/\/empresas.infoempleo.com\/hrtrends\/?s={search_term_string}\",\"query-input\":\"required name=search_term_string\"},\"inLanguage\":\"es\"},{\"@type\":\"Organization\",\"@id\":\"https:\/\/empresas.infoempleo.com\/hrtrends\/#organization\",\"name\":\"Infoempleo\",\"url\":\"https:\/\/www.infoempleo.com\/\",\"logo\":{\"@type\":\"ImageObject\",\"@id\":\"https:\/\/empresas.infoempleo.com\/hrtrends\/#logo\",\"inLanguage\":\"es\",\"url\":\"https:\/\/cdnazure.infoempleo.com\/infoempleo\/assets\/style\/gfx\/logo.svg\",\"contentUrl\":\"https:\/\/cdnazure.infoempleo.com\/infoempleo\/assets\/style\/gfx\/logo.svg\",\"width\":150,\"height\":40,\"caption\":\"Infoempleo\"},\"image\":{\"@id\":\"https:\/\/empresas.infoempleo.com\/hrtrends\/#logo\"},\"sameAs\":[\"https:\/\/www.facebook.com\/Infoempleo\",\"https:\/\/x.com\/infoempleo\",\"http:\/\/instagram.com\/infoempleo\/\",\"http:\/\/www.linkedin.com\/groups\/Empleo-Espa\u00f1a-Infoempleocom-111276\",\"http:\/\/pinterest.com\/infoempleo\/\"],\"address\":{\"@type\":\"PostalAddress\",\"addressLocality\":\"Madrid\",\"postalCode\":\"28050\",\"streetAddress\":\"Avenida de Burgos 114\"},\"brand\":[\"Infoempleo\"]},{\"@type\":\"Person\",\"@id\":\"https:\/\/empresas.infoempleo.com\/hrtrends\/#\/schema\/person\/bfe2fef977b750c22ac6f7d254c75afe\",\"name\":\"Javier F. Parra\",\"image\":{\"@type\":\"ImageObject\",\"inLanguage\":\"es\",\"@id\":\"https:\/\/empresas.infoempleo.com\/hrtrends\/#\/schema\/person\/image\/\",\"url\":\"https:\/\/secure.gravatar.com\/avatar\/cc7a816c43a98631bfc25486db802fb539f4c937146762f45a94d9b4d1ea0721?s=96&d=mm&r=g\",\"contentUrl\":\"https:\/\/secure.gravatar.com\/avatar\/cc7a816c43a98631bfc25486db802fb539f4c937146762f45a94d9b4d1ea0721?s=96&d=mm&r=g\",\"caption\":\"Javier F. Parra\"},\"description\":\"Licenciado en Pedagog\u00eda Sociolaboral. M\u00e1ster en Direcci\u00f3n y Gesti\u00f3n de Recursos Humanos y Postgrado en Prevenci\u00f3n de Riesgos Laborales. Desde hace m\u00e1s de 15 a\u00f1os me dedico a la formaci\u00f3n, la asesor\u00eda de empresas y al apoyo directo a personas que quieren emprender un negocio. Me interesan la pol\u00edtica, la literatura, la Historia y las personas, aunque no necesariamente en ese orden.\",\"url\":\"https:\/\/empresas.infoempleo.com\/hrtrends\/author\/javieryerro80gmail-com\/\"}]}<\/script>\n<!-- \/ Yoast SEO plugin. -->","yoast_head_json":{"title":"Ley Crea y Crece: Claves sobre la facturaci\u00f3n electr\u00f3nica","description":"Hablamos de la Ley Crea y Crece y de la repercusi\u00f3n que tendr\u00e1 la obligatoriedad de la factura electr\u00f3nica en las pymes espa\u00f1olas","robots":{"index":"index","follow":"follow","max-snippet":"max-snippet:-1","max-image-preview":"max-image-preview:large","max-video-preview":"max-video-preview:-1"},"canonical":"https:\/\/empresas.infoempleo.com\/hrtrends\/ley-crea-y-crece-en-que-consiste-y-que-claves-de-facturacion-electronica-establece\/","og_locale":"es_ES","og_type":"article","og_title":"Ley Crea y Crece: Claves sobre la facturaci\u00f3n electr\u00f3nica","og_description":"Hablamos de la Ley Crea y Crece y de la repercusi\u00f3n que tendr\u00e1 la obligatoriedad de la factura electr\u00f3nica en las pymes espa\u00f1olas","og_url":"https:\/\/empresas.infoempleo.com\/hrtrends\/ley-crea-y-crece-en-que-consiste-y-que-claves-de-facturacion-electronica-establece\/","og_site_name":"HRTRENDS","article_publisher":"https:\/\/www.facebook.com\/Infoempleo","article_published_time":"2024-09-11T05:00:56+00:00","og_image":[{"width":1200,"height":800,"url":"https:\/\/empresas.infoempleo.com\/hrtrends\/media\/2024\/09\/Profesional-recabando-las-claves-de-la-Ley-Crea-y-Crece.jpg","type":"image\/jpeg"}],"author":"Javier F. Parra","twitter_card":"summary_large_image","twitter_creator":"@infoempleo","twitter_site":"@infoempleo","twitter_misc":{"Escrito por":"Javier F. Parra","Tiempo de lectura":"3 minutos"},"schema":{"@context":"https:\/\/schema.org","@graph":[{"@type":"NewsArticle","@id":"https:\/\/empresas.infoempleo.com\/hrtrends\/ley-crea-y-crece-en-que-consiste-y-que-claves-de-facturacion-electronica-establece\/#article","isPartOf":{"@id":"https:\/\/empresas.infoempleo.com\/hrtrends\/ley-crea-y-crece-en-que-consiste-y-que-claves-de-facturacion-electronica-establece\/"},"author":{"name":"Javier F. Parra","@id":"https:\/\/empresas.infoempleo.com\/hrtrends\/#\/schema\/person\/bfe2fef977b750c22ac6f7d254c75afe"},"headline":"Ley Crea y Crece: \u00bfEn qu\u00e9 consiste y qu\u00e9 claves de facturaci\u00f3n electr\u00f3nica establece?","datePublished":"2024-09-11T05:00:56+00:00","mainEntityOfPage":{"@id":"https:\/\/empresas.infoempleo.com\/hrtrends\/ley-crea-y-crece-en-que-consiste-y-que-claves-de-facturacion-electronica-establece\/"},"wordCount":654,"publisher":{"@id":"https:\/\/empresas.infoempleo.com\/hrtrends\/#organization"},"image":{"@id":"https:\/\/empresas.infoempleo.com\/hrtrends\/ley-crea-y-crece-en-que-consiste-y-que-claves-de-facturacion-electronica-establece\/#primaryimage"},"thumbnailUrl":"https:\/\/empresas.infoempleo.com\/hrtrends\/media\/2024\/09\/Profesional-recabando-las-claves-de-la-Ley-Crea-y-Crece.jpg","keywords":["facturaci\u00f3n electr\u00f3nica","Ley Crea y Crece","nuevas tecnolog\u00edas"],"articleSection":["Actualidad"],"inLanguage":"es","copyrightYear":"2024","copyrightHolder":{"@id":"https:\/\/empresas.infoempleo.com\/hrtrends\/#organization"}},{"@type":"WebPage","@id":"https:\/\/empresas.infoempleo.com\/hrtrends\/ley-crea-y-crece-en-que-consiste-y-que-claves-de-facturacion-electronica-establece\/","url":"https:\/\/empresas.infoempleo.com\/hrtrends\/ley-crea-y-crece-en-que-consiste-y-que-claves-de-facturacion-electronica-establece\/","name":"Ley Crea y Crece: Claves sobre la facturaci\u00f3n electr\u00f3nica","isPartOf":{"@id":"https:\/\/empresas.infoempleo.com\/hrtrends\/#website"},"primaryImageOfPage":{"@id":"https:\/\/empresas.infoempleo.com\/hrtrends\/ley-crea-y-crece-en-que-consiste-y-que-claves-de-facturacion-electronica-establece\/#primaryimage"},"image":{"@id":"https:\/\/empresas.infoempleo.com\/hrtrends\/ley-crea-y-crece-en-que-consiste-y-que-claves-de-facturacion-electronica-establece\/#primaryimage"},"thumbnailUrl":"https:\/\/empresas.infoempleo.com\/hrtrends\/media\/2024\/09\/Profesional-recabando-las-claves-de-la-Ley-Crea-y-Crece.jpg","datePublished":"2024-09-11T05:00:56+00:00","description":"Hablamos de la Ley Crea y Crece y de la repercusi\u00f3n que tendr\u00e1 la obligatoriedad de la factura electr\u00f3nica en las pymes espa\u00f1olas","breadcrumb":{"@id":"https:\/\/empresas.infoempleo.com\/hrtrends\/ley-crea-y-crece-en-que-consiste-y-que-claves-de-facturacion-electronica-establece\/#breadcrumb"},"inLanguage":"es","potentialAction":[{"@type":"ReadAction","target":["https:\/\/empresas.infoempleo.com\/hrtrends\/ley-crea-y-crece-en-que-consiste-y-que-claves-de-facturacion-electronica-establece\/"]}]},{"@type":"ImageObject","inLanguage":"es","@id":"https:\/\/empresas.infoempleo.com\/hrtrends\/ley-crea-y-crece-en-que-consiste-y-que-claves-de-facturacion-electronica-establece\/#primaryimage","url":"https:\/\/empresas.infoempleo.com\/hrtrends\/media\/2024\/09\/Profesional-recabando-las-claves-de-la-Ley-Crea-y-Crece-150x150.jpg","contentUrl":"https:\/\/empresas.infoempleo.com\/hrtrends\/media\/2024\/09\/Profesional-recabando-las-claves-de-la-Ley-Crea-y-Crece-150x150.jpg","width":150,"height":150,"caption":"Profesional recabando las claves de la Ley Crea y Crece"},{"@type":"BreadcrumbList","@id":"https:\/\/empresas.infoempleo.com\/hrtrends\/ley-crea-y-crece-en-que-consiste-y-que-claves-de-facturacion-electronica-establece\/#breadcrumb","itemListElement":[{"@type":"ListItem","position":1,"name":"Portada","item":"https:\/\/empresas.infoempleo.com\/hrtrends\/"},{"@type":"ListItem","position":2,"name":"Ley Crea y Crece: \u00bfEn qu\u00e9 consiste y qu\u00e9 claves de facturaci\u00f3n electr\u00f3nica establece?"}]},{"@type":"WebSite","@id":"https:\/\/empresas.infoempleo.com\/hrtrends\/#website","url":"https:\/\/empresas.infoempleo.com\/hrtrends","name":"HRTrends by Infoempleo","description":"","publisher":{"@id":"https:\/\/empresas.infoempleo.com\/hrtrends\/#organization"},"potentialAction":{"@type":"SearchAction","target":"https:\/\/empresas.infoempleo.com\/hrtrends\/?s={search_term_string}","query-input":"required name=search_term_string"},"inLanguage":"es"},{"@type":"Organization","@id":"https:\/\/empresas.infoempleo.com\/hrtrends\/#organization","name":"Infoempleo","url":"https:\/\/www.infoempleo.com\/","logo":{"@type":"ImageObject","@id":"https:\/\/empresas.infoempleo.com\/hrtrends\/#logo","inLanguage":"es","url":"https:\/\/cdnazure.infoempleo.com\/infoempleo\/assets\/style\/gfx\/logo.svg","contentUrl":"https:\/\/cdnazure.infoempleo.com\/infoempleo\/assets\/style\/gfx\/logo.svg","width":150,"height":40,"caption":"Infoempleo"},"image":{"@id":"https:\/\/empresas.infoempleo.com\/hrtrends\/#logo"},"sameAs":["https:\/\/www.facebook.com\/Infoempleo","https:\/\/x.com\/infoempleo","http:\/\/instagram.com\/infoempleo\/","http:\/\/www.linkedin.com\/groups\/Empleo-Espa\u00f1a-Infoempleocom-111276","http:\/\/pinterest.com\/infoempleo\/"],"address":{"@type":"PostalAddress","addressLocality":"Madrid","postalCode":"28050","streetAddress":"Avenida de Burgos 114"},"brand":["Infoempleo"]},{"@type":"Person","@id":"https:\/\/empresas.infoempleo.com\/hrtrends\/#\/schema\/person\/bfe2fef977b750c22ac6f7d254c75afe","name":"Javier F. Parra","image":{"@type":"ImageObject","inLanguage":"es","@id":"https:\/\/empresas.infoempleo.com\/hrtrends\/#\/schema\/person\/image\/","url":"https:\/\/secure.gravatar.com\/avatar\/cc7a816c43a98631bfc25486db802fb539f4c937146762f45a94d9b4d1ea0721?s=96&d=mm&r=g","contentUrl":"https:\/\/secure.gravatar.com\/avatar\/cc7a816c43a98631bfc25486db802fb539f4c937146762f45a94d9b4d1ea0721?s=96&d=mm&r=g","caption":"Javier F. Parra"},"description":"Licenciado en Pedagog\u00eda Sociolaboral. M\u00e1ster en Direcci\u00f3n y Gesti\u00f3n de Recursos Humanos y Postgrado en Prevenci\u00f3n de Riesgos Laborales. Desde hace m\u00e1s de 15 a\u00f1os me dedico a la formaci\u00f3n, la asesor\u00eda de empresas y al apoyo directo a personas que quieren emprender un negocio. Me interesan la pol\u00edtica, la literatura, la Historia y las personas, aunque no necesariamente en ese orden.","url":"https:\/\/empresas.infoempleo.com\/hrtrends\/author\/javieryerro80gmail-com\/"}]}},"amp_enabled":true,"_links":{"self":[{"href":"https:\/\/empresas.infoempleo.com\/hrtrends\/wp-json\/wp\/v2\/posts\/45617","targetHints":{"allow":["GET"]}}],"collection":[{"href":"https:\/\/empresas.infoempleo.com\/hrtrends\/wp-json\/wp\/v2\/posts"}],"about":[{"href":"https:\/\/empresas.infoempleo.com\/hrtrends\/wp-json\/wp\/v2\/types\/post"}],"author":[{"embeddable":true,"href":"https:\/\/empresas.infoempleo.com\/hrtrends\/wp-json\/wp\/v2\/users\/142"}],"replies":[{"embeddable":true,"href":"https:\/\/empresas.infoempleo.com\/hrtrends\/wp-json\/wp\/v2\/comments?post=45617"}],"version-history":[{"count":4,"href":"https:\/\/empresas.infoempleo.com\/hrtrends\/wp-json\/wp\/v2\/posts\/45617\/revisions"}],"predecessor-version":[{"id":45631,"href":"https:\/\/empresas.infoempleo.com\/hrtrends\/wp-json\/wp\/v2\/posts\/45617\/revisions\/45631"}],"wp:featuredmedia":[{"embeddable":true,"href":"https:\/\/empresas.infoempleo.com\/hrtrends\/wp-json\/wp\/v2\/media\/45594"}],"wp:attachment":[{"href":"https:\/\/empresas.infoempleo.com\/hrtrends\/wp-json\/wp\/v2\/media?parent=45617"}],"wp:term":[{"taxonomy":"category","embeddable":true,"href":"https:\/\/empresas.infoempleo.com\/hrtrends\/wp-json\/wp\/v2\/categories?post=45617"},{"taxonomy":"post_tag","embeddable":true,"href":"https:\/\/empresas.infoempleo.com\/hrtrends\/wp-json\/wp\/v2\/tags?post=45617"}],"curies":[{"name":"wp","href":"https:\/\/api.w.org\/{rel}","templated":true}]}}