{"id":45567,"date":"2024-09-04T07:00:58","date_gmt":"2024-09-04T05:00:58","guid":{"rendered":"https:\/\/empresas.infoempleo.com\/hrtrends\/?p=45567"},"modified":"2024-09-02T16:41:32","modified_gmt":"2024-09-02T14:41:32","slug":"calcular-el-roi-de-la-formacion-para-empleados-que-aspectos-debes-tener-en-cuenta","status":"publish","type":"post","link":"https:\/\/empresas.infoempleo.com\/hrtrends\/calcular-el-roi-de-la-formacion-para-empleados-que-aspectos-debes-tener-en-cuenta\/","title":{"rendered":"Calcular el ROI de la formaci\u00f3n para empleados: \u00bfQu\u00e9 aspectos debes tener en cuenta?"},"content":{"rendered":"<p>Es evidente que <strong>la formaci\u00f3n interna es inversi\u00f3n, y nunca un gasto.<\/strong> Sin embargo, muchas empresas no saben calcular el ROI de la formaci\u00f3n, o retorno de la inversi\u00f3n. En este art\u00edculo, analizaremos <strong>qu\u00e9 elementos debemos analizar una vez realizada una acci\u00f3n formativa para conocer su retorno<\/strong>. Un an\u00e1lisis de costos, del nivel de productividad antes y despu\u00e9s de la formaci\u00f3n o una mejora de habilidades, ser\u00e1n aspectos a tener en cuenta.<\/p>\n<h2>Aspectos medibles para conocer el ROI de la formaci\u00f3n<\/h2>\n<p><strong>La formaci\u00f3n es una de las piedras angulares del crecimiento de las empresas<\/strong>, ya que con ella se resuelven los d\u00e9ficits ligados al desempe\u00f1o de los empleados y a los procesos de trabajo. Adem\u00e1s, contribuye a la retenci\u00f3n de talento y a la mejora de la identidad corporativa y de la <em>employer branding<\/em> de la compa\u00f1\u00eda.<\/p>\n<p>Los departamentos de <strong>Recursos Humanos deben encargarse de planificar y poner en marcha un Plan de Formaci\u00f3n adaptado<\/strong> a las necesidades de la empresa y de sus trabajadores. Pero tambi\u00e9n deben ser capaces de conocer el impacto en el desempe\u00f1o y la rentabilidad que estas acciones proporcionan a la compa\u00f1\u00eda. De esta labor y de la posterior mejora continua de los procesos de formaci\u00f3n, depender\u00e1 que esta \u00e1rea siga entendi\u00e9ndose como una inversi\u00f3n en desarrollo y no como un gasto ineficaz.<\/p>\n<p><strong>Para conocer el ROI de la formaci\u00f3n<\/strong>, deben tenerse en cuenta aspectos como los siguientes:<\/p>\n<ul>\n<li><strong>Eficiencia operativa<\/strong>: que tiene que ver con la mejora de los procesos de trabajo tras la realizaci\u00f3n de una formaci\u00f3n relacionada o que afecta indirectamente a los mismos.<\/li>\n<li><strong>Relaci\u00f3n inversi\u00f3n realizada vs beneficio obtenido<\/strong>: o lo que llamamos BCR, que se diferencia del ROI sustancialmente, pero que puede servir para medir el \u00e9xito de los programas de formaci\u00f3n a medio y largo plazo.<\/li>\n<li><strong>Evaluaci\u00f3n de resultados<\/strong>: que tambi\u00e9n conocemos como <a href=\"https:\/\/empresas.infoempleo.com\/hrtrends\/evaluacion-por-competencias-clave-para-medir-la-productividad-de-un-puesto\/\" target=\"_blank\" rel=\"noopener\">evaluaci\u00f3n de competencias<\/a> o del desempe\u00f1o. Este es uno de los aspectos m\u00e1s importantes dentro de las m\u00e9tricas de formaci\u00f3n. Conocer si los empleados cumplen sus objetivos y mejoran su capacidad tras la formaci\u00f3n realizada.<\/li>\n<li><strong>Clima laboral<\/strong>: por supuesto, obtener informaci\u00f3n sobre el impacto de la formaci\u00f3n en el ambiente de la organizaci\u00f3n tambi\u00e9n nos arrojar\u00e1 informaci\u00f3n convincente.<\/li>\n<\/ul>\n<p><img loading=\"lazy\" decoding=\"async\" class=\"aligncenter wp-image-44663 size-full\" title=\"Empleados estableciendo factores para calcular el ROI de la formaci\u00f3n\" src=\"https:\/\/empresas.infoempleo.com\/hrtrends\/media\/2024\/08\/Empleados-estableciendo-factores-para-calcular-el-ROI-de-la-formacion.jpg\" alt=\"Empleados estableciendo factores para calcular el ROI de la formaci\u00f3n\" width=\"800\" height=\"533\" srcset=\"https:\/\/empresas.infoempleo.com\/hrtrends\/media\/2024\/08\/Empleados-estableciendo-factores-para-calcular-el-ROI-de-la-formacion.jpg 800w, https:\/\/empresas.infoempleo.com\/hrtrends\/media\/2024\/08\/Empleados-estableciendo-factores-para-calcular-el-ROI-de-la-formacion-300x200.jpg 300w, https:\/\/empresas.infoempleo.com\/hrtrends\/media\/2024\/08\/Empleados-estableciendo-factores-para-calcular-el-ROI-de-la-formacion-768x512.jpg 768w\" sizes=\"auto, (max-width: 800px) 100vw, 800px\" \/><\/p>\n<h2>La detecci\u00f3n de necesidades, clave en los procesos de formaci\u00f3n<\/h2>\n<p>Si queremos <strong>obtener unos beneficios medibles<\/strong> <strong>al realizar formaci\u00f3n<\/strong>, desde RRHH debemos ser muy concienzudos y rigurosos. En muchas ocasiones, se ofertan cursos desde el departamento que pertenecen a entidades y organizaciones externas, que nada tienen que ver con nuestro modelo de negocio. En otras ocasiones, se gasta una cantidad de dinero innecesario en cursos de formaci\u00f3n con poco valor y dudosa calidad, o en acciones que tienen un impacto muy peque\u00f1o o muy diferido en el tiempo.<\/p>\n<p>El objetivo del t\u00e9cnico de formaci\u00f3n debe ser siempre acertar con una formaci\u00f3n que modifique conductas y desempe\u00f1os, que mejore procesos de trabajo o que impulse proyectos nuevos y retadores, entre otros objetivos. Para ello, <strong>es imprescindible realizar una correcta <a href=\"https:\/\/empresas.infoempleo.com\/hrtrends\/claves-para-crear-un-itinerario-formativo-en-la-empresa\/\" target=\"_blank\" rel=\"noopener\">detecci\u00f3n de necesidades<\/a>. <\/strong><\/p>\n<p><strong>Existen muchas herramientas en el mercado para llevar a cabo una eficaz recogida de informaci\u00f3n<\/strong> en este sentido. Sin embargo, las encuestas o cuestionarios individuales y grupales, las entrevistas, el an\u00e1lisis de procesos y resultados o la propia observaci\u00f3n del d\u00eda a d\u00eda, puede ofrecernos una enorme cantidad de datos, con lo que podremos tomar decisiones concretas.<\/p>\n","protected":false},"excerpt":{"rendered":"<p>Es evidente que la formaci\u00f3n interna es inversi\u00f3n, y nunca un gasto. Sin embargo, muchas empresas no saben<a class=\"moretag\" href=\"https:\/\/empresas.infoempleo.com\/hrtrends\/calcular-el-roi-de-la-formacion-para-empleados-que-aspectos-debes-tener-en-cuenta\/\"> Leer m\u00e1s<\/a><\/p>\n","protected":false},"author":142,"featured_media":44662,"comment_status":"closed","ping_status":"closed","sticky":false,"template":"","format":"standard","meta":{"footnotes":""},"categories":[3032],"tags":[3338,3254,282],"class_list":["post-45567","post","type-post","status-publish","format-standard","has-post-thumbnail","hentry","category-formacion","tag-formacion-equipos","tag-gestion-de-equipos","tag-productividad"],"yoast_head":"<!-- This site is optimized with the Yoast SEO plugin v26.1.1 - https:\/\/yoast.com\/wordpress\/plugins\/seo\/ -->\n<title>Calcular el ROI de la formaci\u00f3n: Aspectos debes tener en cuenta<\/title>\n<meta name=\"description\" content=\"Hablamos de c\u00f3mo se puede calcular el ROI de la formaci\u00f3n desde el departamento de Recursos Humanos de las empresas\" \/>\n<meta name=\"robots\" content=\"index, follow, max-snippet:-1, max-image-preview:large, max-video-preview:-1\" \/>\n<link rel=\"canonical\" href=\"https:\/\/empresas.infoempleo.com\/hrtrends\/calcular-el-roi-de-la-formacion-para-empleados-que-aspectos-debes-tener-en-cuenta\/\" \/>\n<meta property=\"og:locale\" content=\"es_ES\" \/>\n<meta property=\"og:type\" content=\"article\" \/>\n<meta property=\"og:title\" content=\"Calcular el ROI de la formaci\u00f3n: Aspectos debes tener en cuenta\" \/>\n<meta property=\"og:description\" content=\"Hablamos de c\u00f3mo se puede calcular el ROI de la formaci\u00f3n desde el departamento de Recursos Humanos de las empresas\" \/>\n<meta property=\"og:url\" content=\"https:\/\/empresas.infoempleo.com\/hrtrends\/calcular-el-roi-de-la-formacion-para-empleados-que-aspectos-debes-tener-en-cuenta\/\" \/>\n<meta property=\"og:site_name\" content=\"HRTRENDS\" \/>\n<meta property=\"article:publisher\" content=\"https:\/\/www.facebook.com\/Infoempleo\" \/>\n<meta property=\"article:published_time\" content=\"2024-09-04T05:00:58+00:00\" \/>\n<meta property=\"og:image\" content=\"https:\/\/empresas.infoempleo.com\/hrtrends\/media\/2024\/08\/Equipo-revisando-como-calcular-el-ROI-de-la-formacion.jpg\" \/>\n\t<meta property=\"og:image:width\" content=\"1200\" \/>\n\t<meta property=\"og:image:height\" content=\"801\" \/>\n\t<meta property=\"og:image:type\" content=\"image\/jpeg\" \/>\n<meta name=\"author\" content=\"Javier F. Parra\" \/>\n<meta name=\"twitter:card\" content=\"summary_large_image\" \/>\n<meta name=\"twitter:creator\" content=\"@infoempleo\" \/>\n<meta name=\"twitter:site\" content=\"@infoempleo\" \/>\n<meta name=\"twitter:label1\" content=\"Escrito por\" \/>\n\t<meta name=\"twitter:data1\" content=\"Javier F. Parra\" \/>\n\t<meta name=\"twitter:label2\" content=\"Tiempo de lectura\" \/>\n\t<meta name=\"twitter:data2\" content=\"3 minutos\" \/>\n<script type=\"application\/ld+json\" class=\"yoast-schema-graph\">{\"@context\":\"https:\/\/schema.org\",\"@graph\":[{\"@type\":\"NewsArticle\",\"@id\":\"https:\/\/empresas.infoempleo.com\/hrtrends\/calcular-el-roi-de-la-formacion-para-empleados-que-aspectos-debes-tener-en-cuenta\/#article\",\"isPartOf\":{\"@id\":\"https:\/\/empresas.infoempleo.com\/hrtrends\/calcular-el-roi-de-la-formacion-para-empleados-que-aspectos-debes-tener-en-cuenta\/\"},\"author\":{\"name\":\"Javier F. Parra\",\"@id\":\"https:\/\/empresas.infoempleo.com\/hrtrends\/#\/schema\/person\/bfe2fef977b750c22ac6f7d254c75afe\"},\"headline\":\"Calcular el ROI de la formaci\u00f3n para empleados: \u00bfQu\u00e9 aspectos debes tener en cuenta?\",\"datePublished\":\"2024-09-04T05:00:58+00:00\",\"mainEntityOfPage\":{\"@id\":\"https:\/\/empresas.infoempleo.com\/hrtrends\/calcular-el-roi-de-la-formacion-para-empleados-que-aspectos-debes-tener-en-cuenta\/\"},\"wordCount\":622,\"publisher\":{\"@id\":\"https:\/\/empresas.infoempleo.com\/hrtrends\/#organization\"},\"image\":{\"@id\":\"https:\/\/empresas.infoempleo.com\/hrtrends\/calcular-el-roi-de-la-formacion-para-empleados-que-aspectos-debes-tener-en-cuenta\/#primaryimage\"},\"thumbnailUrl\":\"https:\/\/empresas.infoempleo.com\/hrtrends\/media\/2024\/08\/Equipo-revisando-como-calcular-el-ROI-de-la-formacion.jpg\",\"keywords\":[\"formaci\u00f3n equipos\",\"gesti\u00f3n de equipos\",\"productividad\"],\"articleSection\":[\"Formaci\u00f3n\"],\"inLanguage\":\"es\",\"copyrightYear\":\"2024\",\"copyrightHolder\":{\"@id\":\"https:\/\/empresas.infoempleo.com\/hrtrends\/#organization\"}},{\"@type\":\"WebPage\",\"@id\":\"https:\/\/empresas.infoempleo.com\/hrtrends\/calcular-el-roi-de-la-formacion-para-empleados-que-aspectos-debes-tener-en-cuenta\/\",\"url\":\"https:\/\/empresas.infoempleo.com\/hrtrends\/calcular-el-roi-de-la-formacion-para-empleados-que-aspectos-debes-tener-en-cuenta\/\",\"name\":\"Calcular el ROI de la formaci\u00f3n: Aspectos debes tener en cuenta\",\"isPartOf\":{\"@id\":\"https:\/\/empresas.infoempleo.com\/hrtrends\/#website\"},\"primaryImageOfPage\":{\"@id\":\"https:\/\/empresas.infoempleo.com\/hrtrends\/calcular-el-roi-de-la-formacion-para-empleados-que-aspectos-debes-tener-en-cuenta\/#primaryimage\"},\"image\":{\"@id\":\"https:\/\/empresas.infoempleo.com\/hrtrends\/calcular-el-roi-de-la-formacion-para-empleados-que-aspectos-debes-tener-en-cuenta\/#primaryimage\"},\"thumbnailUrl\":\"https:\/\/empresas.infoempleo.com\/hrtrends\/media\/2024\/08\/Equipo-revisando-como-calcular-el-ROI-de-la-formacion.jpg\",\"datePublished\":\"2024-09-04T05:00:58+00:00\",\"description\":\"Hablamos de c\u00f3mo se puede calcular el ROI de la formaci\u00f3n desde el departamento de Recursos Humanos de las empresas\",\"breadcrumb\":{\"@id\":\"https:\/\/empresas.infoempleo.com\/hrtrends\/calcular-el-roi-de-la-formacion-para-empleados-que-aspectos-debes-tener-en-cuenta\/#breadcrumb\"},\"inLanguage\":\"es\",\"potentialAction\":[{\"@type\":\"ReadAction\",\"target\":[\"https:\/\/empresas.infoempleo.com\/hrtrends\/calcular-el-roi-de-la-formacion-para-empleados-que-aspectos-debes-tener-en-cuenta\/\"]}]},{\"@type\":\"ImageObject\",\"inLanguage\":\"es\",\"@id\":\"https:\/\/empresas.infoempleo.com\/hrtrends\/calcular-el-roi-de-la-formacion-para-empleados-que-aspectos-debes-tener-en-cuenta\/#primaryimage\",\"url\":\"https:\/\/empresas.infoempleo.com\/hrtrends\/media\/2024\/08\/Equipo-revisando-como-calcular-el-ROI-de-la-formacion-150x150.jpg\",\"contentUrl\":\"https:\/\/empresas.infoempleo.com\/hrtrends\/media\/2024\/08\/Equipo-revisando-como-calcular-el-ROI-de-la-formacion-150x150.jpg\",\"width\":150,\"height\":150,\"caption\":\"Equipo revisando c\u00f3mo calcular el ROI de la formaci\u00f3n\"},{\"@type\":\"BreadcrumbList\",\"@id\":\"https:\/\/empresas.infoempleo.com\/hrtrends\/calcular-el-roi-de-la-formacion-para-empleados-que-aspectos-debes-tener-en-cuenta\/#breadcrumb\",\"itemListElement\":[{\"@type\":\"ListItem\",\"position\":1,\"name\":\"Portada\",\"item\":\"https:\/\/empresas.infoempleo.com\/hrtrends\/\"},{\"@type\":\"ListItem\",\"position\":2,\"name\":\"Calcular el ROI de la formaci\u00f3n para empleados: \u00bfQu\u00e9 aspectos debes tener en cuenta?\"}]},{\"@type\":\"WebSite\",\"@id\":\"https:\/\/empresas.infoempleo.com\/hrtrends\/#website\",\"url\":\"https:\/\/empresas.infoempleo.com\/hrtrends\",\"name\":\"HRTrends by Infoempleo\",\"description\":\"\",\"publisher\":{\"@id\":\"https:\/\/empresas.infoempleo.com\/hrtrends\/#organization\"},\"potentialAction\":{\"@type\":\"SearchAction\",\"target\":\"https:\/\/empresas.infoempleo.com\/hrtrends\/?s={search_term_string}\",\"query-input\":\"required name=search_term_string\"},\"inLanguage\":\"es\"},{\"@type\":\"Organization\",\"@id\":\"https:\/\/empresas.infoempleo.com\/hrtrends\/#organization\",\"name\":\"Infoempleo\",\"url\":\"https:\/\/www.infoempleo.com\/\",\"logo\":{\"@type\":\"ImageObject\",\"@id\":\"https:\/\/empresas.infoempleo.com\/hrtrends\/#logo\",\"inLanguage\":\"es\",\"url\":\"https:\/\/cdnazure.infoempleo.com\/infoempleo\/assets\/style\/gfx\/logo.svg\",\"contentUrl\":\"https:\/\/cdnazure.infoempleo.com\/infoempleo\/assets\/style\/gfx\/logo.svg\",\"width\":150,\"height\":40,\"caption\":\"Infoempleo\"},\"image\":{\"@id\":\"https:\/\/empresas.infoempleo.com\/hrtrends\/#logo\"},\"sameAs\":[\"https:\/\/www.facebook.com\/Infoempleo\",\"https:\/\/x.com\/infoempleo\",\"http:\/\/instagram.com\/infoempleo\/\",\"http:\/\/www.linkedin.com\/groups\/Empleo-Espa\u00f1a-Infoempleocom-111276\",\"http:\/\/pinterest.com\/infoempleo\/\"],\"address\":{\"@type\":\"PostalAddress\",\"addressLocality\":\"Madrid\",\"postalCode\":\"28050\",\"streetAddress\":\"Avenida de Burgos 114\"},\"brand\":[\"Infoempleo\"]},{\"@type\":\"Person\",\"@id\":\"https:\/\/empresas.infoempleo.com\/hrtrends\/#\/schema\/person\/bfe2fef977b750c22ac6f7d254c75afe\",\"name\":\"Javier F. Parra\",\"image\":{\"@type\":\"ImageObject\",\"inLanguage\":\"es\",\"@id\":\"https:\/\/empresas.infoempleo.com\/hrtrends\/#\/schema\/person\/image\/\",\"url\":\"https:\/\/secure.gravatar.com\/avatar\/cc7a816c43a98631bfc25486db802fb539f4c937146762f45a94d9b4d1ea0721?s=96&d=mm&r=g\",\"contentUrl\":\"https:\/\/secure.gravatar.com\/avatar\/cc7a816c43a98631bfc25486db802fb539f4c937146762f45a94d9b4d1ea0721?s=96&d=mm&r=g\",\"caption\":\"Javier F. Parra\"},\"description\":\"Licenciado en Pedagog\u00eda Sociolaboral. M\u00e1ster en Direcci\u00f3n y Gesti\u00f3n de Recursos Humanos y Postgrado en Prevenci\u00f3n de Riesgos Laborales. Desde hace m\u00e1s de 15 a\u00f1os me dedico a la formaci\u00f3n, la asesor\u00eda de empresas y al apoyo directo a personas que quieren emprender un negocio. Me interesan la pol\u00edtica, la literatura, la Historia y las personas, aunque no necesariamente en ese orden.\",\"url\":\"https:\/\/empresas.infoempleo.com\/hrtrends\/author\/javieryerro80gmail-com\/\"}]}<\/script>\n<!-- \/ Yoast SEO plugin. -->","yoast_head_json":{"title":"Calcular el ROI de la formaci\u00f3n: Aspectos debes tener en cuenta","description":"Hablamos de c\u00f3mo se puede calcular el ROI de la formaci\u00f3n desde el departamento de Recursos Humanos de las empresas","robots":{"index":"index","follow":"follow","max-snippet":"max-snippet:-1","max-image-preview":"max-image-preview:large","max-video-preview":"max-video-preview:-1"},"canonical":"https:\/\/empresas.infoempleo.com\/hrtrends\/calcular-el-roi-de-la-formacion-para-empleados-que-aspectos-debes-tener-en-cuenta\/","og_locale":"es_ES","og_type":"article","og_title":"Calcular el ROI de la formaci\u00f3n: Aspectos debes tener en cuenta","og_description":"Hablamos de c\u00f3mo se puede calcular el ROI de la formaci\u00f3n desde el departamento de Recursos Humanos de las empresas","og_url":"https:\/\/empresas.infoempleo.com\/hrtrends\/calcular-el-roi-de-la-formacion-para-empleados-que-aspectos-debes-tener-en-cuenta\/","og_site_name":"HRTRENDS","article_publisher":"https:\/\/www.facebook.com\/Infoempleo","article_published_time":"2024-09-04T05:00:58+00:00","og_image":[{"width":1200,"height":801,"url":"https:\/\/empresas.infoempleo.com\/hrtrends\/media\/2024\/08\/Equipo-revisando-como-calcular-el-ROI-de-la-formacion.jpg","type":"image\/jpeg"}],"author":"Javier F. Parra","twitter_card":"summary_large_image","twitter_creator":"@infoempleo","twitter_site":"@infoempleo","twitter_misc":{"Escrito por":"Javier F. Parra","Tiempo de lectura":"3 minutos"},"schema":{"@context":"https:\/\/schema.org","@graph":[{"@type":"NewsArticle","@id":"https:\/\/empresas.infoempleo.com\/hrtrends\/calcular-el-roi-de-la-formacion-para-empleados-que-aspectos-debes-tener-en-cuenta\/#article","isPartOf":{"@id":"https:\/\/empresas.infoempleo.com\/hrtrends\/calcular-el-roi-de-la-formacion-para-empleados-que-aspectos-debes-tener-en-cuenta\/"},"author":{"name":"Javier F. Parra","@id":"https:\/\/empresas.infoempleo.com\/hrtrends\/#\/schema\/person\/bfe2fef977b750c22ac6f7d254c75afe"},"headline":"Calcular el ROI de la formaci\u00f3n para empleados: \u00bfQu\u00e9 aspectos debes tener en cuenta?","datePublished":"2024-09-04T05:00:58+00:00","mainEntityOfPage":{"@id":"https:\/\/empresas.infoempleo.com\/hrtrends\/calcular-el-roi-de-la-formacion-para-empleados-que-aspectos-debes-tener-en-cuenta\/"},"wordCount":622,"publisher":{"@id":"https:\/\/empresas.infoempleo.com\/hrtrends\/#organization"},"image":{"@id":"https:\/\/empresas.infoempleo.com\/hrtrends\/calcular-el-roi-de-la-formacion-para-empleados-que-aspectos-debes-tener-en-cuenta\/#primaryimage"},"thumbnailUrl":"https:\/\/empresas.infoempleo.com\/hrtrends\/media\/2024\/08\/Equipo-revisando-como-calcular-el-ROI-de-la-formacion.jpg","keywords":["formaci\u00f3n equipos","gesti\u00f3n de equipos","productividad"],"articleSection":["Formaci\u00f3n"],"inLanguage":"es","copyrightYear":"2024","copyrightHolder":{"@id":"https:\/\/empresas.infoempleo.com\/hrtrends\/#organization"}},{"@type":"WebPage","@id":"https:\/\/empresas.infoempleo.com\/hrtrends\/calcular-el-roi-de-la-formacion-para-empleados-que-aspectos-debes-tener-en-cuenta\/","url":"https:\/\/empresas.infoempleo.com\/hrtrends\/calcular-el-roi-de-la-formacion-para-empleados-que-aspectos-debes-tener-en-cuenta\/","name":"Calcular el ROI de la formaci\u00f3n: Aspectos debes tener en cuenta","isPartOf":{"@id":"https:\/\/empresas.infoempleo.com\/hrtrends\/#website"},"primaryImageOfPage":{"@id":"https:\/\/empresas.infoempleo.com\/hrtrends\/calcular-el-roi-de-la-formacion-para-empleados-que-aspectos-debes-tener-en-cuenta\/#primaryimage"},"image":{"@id":"https:\/\/empresas.infoempleo.com\/hrtrends\/calcular-el-roi-de-la-formacion-para-empleados-que-aspectos-debes-tener-en-cuenta\/#primaryimage"},"thumbnailUrl":"https:\/\/empresas.infoempleo.com\/hrtrends\/media\/2024\/08\/Equipo-revisando-como-calcular-el-ROI-de-la-formacion.jpg","datePublished":"2024-09-04T05:00:58+00:00","description":"Hablamos de c\u00f3mo se puede calcular el ROI de la formaci\u00f3n desde el departamento de Recursos Humanos de las empresas","breadcrumb":{"@id":"https:\/\/empresas.infoempleo.com\/hrtrends\/calcular-el-roi-de-la-formacion-para-empleados-que-aspectos-debes-tener-en-cuenta\/#breadcrumb"},"inLanguage":"es","potentialAction":[{"@type":"ReadAction","target":["https:\/\/empresas.infoempleo.com\/hrtrends\/calcular-el-roi-de-la-formacion-para-empleados-que-aspectos-debes-tener-en-cuenta\/"]}]},{"@type":"ImageObject","inLanguage":"es","@id":"https:\/\/empresas.infoempleo.com\/hrtrends\/calcular-el-roi-de-la-formacion-para-empleados-que-aspectos-debes-tener-en-cuenta\/#primaryimage","url":"https:\/\/empresas.infoempleo.com\/hrtrends\/media\/2024\/08\/Equipo-revisando-como-calcular-el-ROI-de-la-formacion-150x150.jpg","contentUrl":"https:\/\/empresas.infoempleo.com\/hrtrends\/media\/2024\/08\/Equipo-revisando-como-calcular-el-ROI-de-la-formacion-150x150.jpg","width":150,"height":150,"caption":"Equipo revisando c\u00f3mo calcular el ROI de la formaci\u00f3n"},{"@type":"BreadcrumbList","@id":"https:\/\/empresas.infoempleo.com\/hrtrends\/calcular-el-roi-de-la-formacion-para-empleados-que-aspectos-debes-tener-en-cuenta\/#breadcrumb","itemListElement":[{"@type":"ListItem","position":1,"name":"Portada","item":"https:\/\/empresas.infoempleo.com\/hrtrends\/"},{"@type":"ListItem","position":2,"name":"Calcular el ROI de la formaci\u00f3n para empleados: \u00bfQu\u00e9 aspectos debes tener en cuenta?"}]},{"@type":"WebSite","@id":"https:\/\/empresas.infoempleo.com\/hrtrends\/#website","url":"https:\/\/empresas.infoempleo.com\/hrtrends","name":"HRTrends by Infoempleo","description":"","publisher":{"@id":"https:\/\/empresas.infoempleo.com\/hrtrends\/#organization"},"potentialAction":{"@type":"SearchAction","target":"https:\/\/empresas.infoempleo.com\/hrtrends\/?s={search_term_string}","query-input":"required name=search_term_string"},"inLanguage":"es"},{"@type":"Organization","@id":"https:\/\/empresas.infoempleo.com\/hrtrends\/#organization","name":"Infoempleo","url":"https:\/\/www.infoempleo.com\/","logo":{"@type":"ImageObject","@id":"https:\/\/empresas.infoempleo.com\/hrtrends\/#logo","inLanguage":"es","url":"https:\/\/cdnazure.infoempleo.com\/infoempleo\/assets\/style\/gfx\/logo.svg","contentUrl":"https:\/\/cdnazure.infoempleo.com\/infoempleo\/assets\/style\/gfx\/logo.svg","width":150,"height":40,"caption":"Infoempleo"},"image":{"@id":"https:\/\/empresas.infoempleo.com\/hrtrends\/#logo"},"sameAs":["https:\/\/www.facebook.com\/Infoempleo","https:\/\/x.com\/infoempleo","http:\/\/instagram.com\/infoempleo\/","http:\/\/www.linkedin.com\/groups\/Empleo-Espa\u00f1a-Infoempleocom-111276","http:\/\/pinterest.com\/infoempleo\/"],"address":{"@type":"PostalAddress","addressLocality":"Madrid","postalCode":"28050","streetAddress":"Avenida de Burgos 114"},"brand":["Infoempleo"]},{"@type":"Person","@id":"https:\/\/empresas.infoempleo.com\/hrtrends\/#\/schema\/person\/bfe2fef977b750c22ac6f7d254c75afe","name":"Javier F. Parra","image":{"@type":"ImageObject","inLanguage":"es","@id":"https:\/\/empresas.infoempleo.com\/hrtrends\/#\/schema\/person\/image\/","url":"https:\/\/secure.gravatar.com\/avatar\/cc7a816c43a98631bfc25486db802fb539f4c937146762f45a94d9b4d1ea0721?s=96&d=mm&r=g","contentUrl":"https:\/\/secure.gravatar.com\/avatar\/cc7a816c43a98631bfc25486db802fb539f4c937146762f45a94d9b4d1ea0721?s=96&d=mm&r=g","caption":"Javier F. Parra"},"description":"Licenciado en Pedagog\u00eda Sociolaboral. M\u00e1ster en Direcci\u00f3n y Gesti\u00f3n de Recursos Humanos y Postgrado en Prevenci\u00f3n de Riesgos Laborales. Desde hace m\u00e1s de 15 a\u00f1os me dedico a la formaci\u00f3n, la asesor\u00eda de empresas y al apoyo directo a personas que quieren emprender un negocio. Me interesan la pol\u00edtica, la literatura, la Historia y las personas, aunque no necesariamente en ese orden.","url":"https:\/\/empresas.infoempleo.com\/hrtrends\/author\/javieryerro80gmail-com\/"}]}},"amp_enabled":true,"_links":{"self":[{"href":"https:\/\/empresas.infoempleo.com\/hrtrends\/wp-json\/wp\/v2\/posts\/45567","targetHints":{"allow":["GET"]}}],"collection":[{"href":"https:\/\/empresas.infoempleo.com\/hrtrends\/wp-json\/wp\/v2\/posts"}],"about":[{"href":"https:\/\/empresas.infoempleo.com\/hrtrends\/wp-json\/wp\/v2\/types\/post"}],"author":[{"embeddable":true,"href":"https:\/\/empresas.infoempleo.com\/hrtrends\/wp-json\/wp\/v2\/users\/142"}],"replies":[{"embeddable":true,"href":"https:\/\/empresas.infoempleo.com\/hrtrends\/wp-json\/wp\/v2\/comments?post=45567"}],"version-history":[{"count":4,"href":"https:\/\/empresas.infoempleo.com\/hrtrends\/wp-json\/wp\/v2\/posts\/45567\/revisions"}],"predecessor-version":[{"id":45587,"href":"https:\/\/empresas.infoempleo.com\/hrtrends\/wp-json\/wp\/v2\/posts\/45567\/revisions\/45587"}],"wp:featuredmedia":[{"embeddable":true,"href":"https:\/\/empresas.infoempleo.com\/hrtrends\/wp-json\/wp\/v2\/media\/44662"}],"wp:attachment":[{"href":"https:\/\/empresas.infoempleo.com\/hrtrends\/wp-json\/wp\/v2\/media?parent=45567"}],"wp:term":[{"taxonomy":"category","embeddable":true,"href":"https:\/\/empresas.infoempleo.com\/hrtrends\/wp-json\/wp\/v2\/categories?post=45567"},{"taxonomy":"post_tag","embeddable":true,"href":"https:\/\/empresas.infoempleo.com\/hrtrends\/wp-json\/wp\/v2\/tags?post=45567"}],"curies":[{"name":"wp","href":"https:\/\/api.w.org\/{rel}","templated":true}]}}